{"id":16969,"date":"2025-01-08T19:25:18","date_gmt":"2025-01-08T17:25:18","guid":{"rendered":"https:\/\/kuzeyinsesi.org\/index.php\/2025\/01\/08\/turk-edebiyatinin-usta-isimlerinden-selim-ileri-hayatini-kaybetti\/"},"modified":"2025-01-08T19:25:18","modified_gmt":"2025-01-08T17:25:18","slug":"turk-edebiyatinin-usta-isimlerinden-selim-ileri-hayatini-kaybetti","status":"publish","type":"post","link":"https:\/\/kuzeyinsesi.org\/index.php\/2025\/01\/08\/turk-edebiyatinin-usta-isimlerinden-selim-ileri-hayatini-kaybetti\/","title":{"rendered":"T\u00fcrk edebiyat\u0131n\u0131n usta isimlerinden Selim \u0130leri hayat\u0131n\u0131 kaybetti"},"content":{"rendered":"<div>\n<div class=\"mariselle-image-container center\">\n                                            <\/div>\n<p>T\u00fcrk edebiyat\u0131n\u0131n usta isimlerinden yazar, senarist ve ele\u015ftirmen Selim \u0130leri, \u0130stanbul\u2019da hayat\u0131n\u0131 kaybetti.<\/p>\n<p>Bir s\u00fcredir rahats\u0131z olan \u0130leri, 75 ya\u015f\u0131ndayd\u0131.<\/p>\n<p>Babas\u0131 K\u0131br\u0131sl\u0131 Hasan Hilmi \u0130leri olan Selim \u0130leri, 1949 y\u0131l\u0131nda \u0130stanbul\u2019un Kad\u0131k\u00f6y il\u00e7esinde d\u00fcnyaya geldi. Selim \u0130leri, 1968\u2019de Atat\u00fcrk Lisesi\u2019ni bitirdi. \u0130leri, bir s\u00fcre \u0130stanbul \u00dcniversitesi Hukuk Fak\u00fcltesi\u2019ne devam etti. \u00d6\u011frenimini yar\u0131da b\u0131rakarak kendini t\u00fcm\u00fcyle yazmaya verdi.<\/p>\n<p>Selim \u0130leri, aralar\u0131nda \u201cDostluklar\u0131n Son G\u00fcn\u00fc\u201d, \u201cUzak Hep Uzak\u201d ve \u201cYa\u015farken ve \u00d6l\u00fcrken\u201din de aralar\u0131nda oldu\u011fu bir\u00e7ok roman, deneme, an\u0131 ve senaryosuyla T\u00fcrk edebiyat\u0131n\u0131n \u00f6nemli yazarlar\u0131 aras\u0131nda yer al\u0131yor.<\/p>\n<p>Selim \u0130leri, 1970\u2019lerden itibaren roman, \u00f6yk\u00fc, \u015fiir, deneme, tiyatro, an\u0131, inceleme gibi edebiyat\u0131n farkl\u0131 t\u00fcrlerinde nitelikli eserler ortaya koyan \u00e7a\u011fda\u015f T\u00fcrk edebiyat\u0131n\u0131n \u00fcretken kalemlerinden biri oldu.<\/p>\n<p>Edebiyat d\u00fcnyas\u0131na kazand\u0131rd\u0131\u011f\u0131 eserler d\u0131\u015f\u0131nda 20\u2019nin \u00fczerinde senaryo yazan \u0130leri, Yeni Ufuklar, Yeni Dergi, Papir\u00fcs, Varl\u0131k, T\u00fcrk Dili, Politika, D\u00fcnya, Milliyet, Milliyet Sanat, G\u00f6steri ve Cumhuriyet\u2019in aras\u0131nda oldu\u011fu bir\u00e7ok gazete ve dergide inceleme, ele\u015ftiri yaz\u0131lar\u0131yla yer ald\u0131.<\/p>\n<p>K\u00f6\u015fe yazarl\u0131\u011f\u0131 da yapan \u0130leri, yaz\u0131 dizileri haz\u0131rlad\u0131. Radyo ve televizyonlarda k\u00fclt\u00fcr sanat programlar\u0131 sundu.<\/p>\n<p>\u0130leri, 1998 y\u0131l\u0131nda \u201cDevlet Sanat\u00e7\u0131s\u0131\u201d unvan\u0131na, 2012\u2019de de Cumhurba\u015fkanl\u0131\u011f\u0131 K\u00fclt\u00fcr ve Sanat B\u00fcy\u00fck \u00d6d\u00fcl\u00fc\u2019ne de\u011fer g\u00f6r\u00fcld\u00fc.<\/p>\n<\/p><\/div>\n<p><script async\n                    defer\n                    crossorigin=\"anonymous\"\n                    src=\"https:\/\/connect.facebook.net\/tr_TR\/sdk.js#xfbml=1&#038;version=v3.3\"\n            ><\/script><\/p>\n","protected":false},"excerpt":{"rendered":"<p>T\u00fcrk edebiyat\u0131n\u0131n usta isimlerinden yazar, senarist ve ele\u015ftirmen Selim \u0130leri, \u0130stanbul\u2019da hayat\u0131n\u0131 kaybetti. Bir s\u00fcredir rahats\u0131z olan \u0130leri, 75 ya\u015f\u0131ndayd\u0131. Babas\u0131 K\u0131br\u0131sl\u0131 Hasan Hilmi \u0130leri olan Selim \u0130leri, 1949 y\u0131l\u0131nda \u0130stanbul\u2019un Kad\u0131k\u00f6y il\u00e7esinde d\u00fcnyaya geldi. Selim \u0130leri, 1968\u2019de Atat\u00fcrk Lisesi\u2019ni bitirdi. \u0130leri, bir s\u00fcre \u0130stanbul \u00dcniversitesi Hukuk Fak\u00fcltesi\u2019ne devam etti. \u00d6\u011frenimini yar\u0131da b\u0131rakarak kendini t\u00fcm\u00fcyle [&hellip;]<\/p>\n","protected":false},"author":1,"featured_media":16970,"comment_status":"open","ping_status":"open","sticky":false,"template":"","format":"standard","meta":{"jnews-multi-image_gallery":[],"jnews_single_post":[],"jnews_primary_category":[],"jnews_social_meta":[],"jnews_override_counter":[],"footnotes":""},"categories":[5],"tags":[],"class_list":["post-16969","post","type-post","status-publish","format-standard","has-post-thumbnail","hentry","category-turkiye"],"yoast_head":"<!-- This site is optimized with the Yoast SEO plugin v27.4 - https:\/\/yoast.com\/product\/yoast-seo-wordpress\/ -->\n<title>T\u00fcrk edebiyat\u0131n\u0131n usta isimlerinden Selim \u0130leri hayat\u0131n\u0131 kaybetti - Kuzeyin Sesi<\/title>\n<meta name=\"robots\" content=\"index, follow, max-snippet:-1, max-image-preview:large, max-video-preview:-1\" \/>\n<link rel=\"canonical\" href=\"https:\/\/kuzeyinsesi.org\/index.php\/2025\/01\/08\/turk-edebiyatinin-usta-isimlerinden-selim-ileri-hayatini-kaybetti\/\" \/>\n<meta property=\"og:locale\" content=\"tr_TR\" \/>\n<meta property=\"og:type\" content=\"article\" \/>\n<meta property=\"og:title\" content=\"T\u00fcrk edebiyat\u0131n\u0131n usta isimlerinden Selim \u0130leri hayat\u0131n\u0131 kaybetti - Kuzeyin Sesi\" \/>\n<meta property=\"og:description\" content=\"T\u00fcrk edebiyat\u0131n\u0131n usta isimlerinden yazar, senarist ve ele\u015ftirmen Selim \u0130leri, \u0130stanbul\u2019da hayat\u0131n\u0131 kaybetti. Bir s\u00fcredir rahats\u0131z olan \u0130leri, 75 ya\u015f\u0131ndayd\u0131. Babas\u0131 K\u0131br\u0131sl\u0131 Hasan Hilmi \u0130leri olan Selim \u0130leri, 1949 y\u0131l\u0131nda \u0130stanbul\u2019un Kad\u0131k\u00f6y il\u00e7esinde d\u00fcnyaya geldi. Selim \u0130leri, 1968\u2019de Atat\u00fcrk Lisesi\u2019ni bitirdi. \u0130leri, bir s\u00fcre \u0130stanbul \u00dcniversitesi Hukuk Fak\u00fcltesi\u2019ne devam etti. \u00d6\u011frenimini yar\u0131da b\u0131rakarak kendini t\u00fcm\u00fcyle [&hellip;]\" \/>\n<meta property=\"og:url\" content=\"https:\/\/kuzeyinsesi.org\/index.php\/2025\/01\/08\/turk-edebiyatinin-usta-isimlerinden-selim-ileri-hayatini-kaybetti\/\" \/>\n<meta property=\"og:site_name\" content=\"Kuzeyin Sesi\" \/>\n<meta property=\"article:publisher\" content=\"https:\/\/www.facebook.com\/kuzeyinsesii\" \/>\n<meta property=\"article:published_time\" content=\"2025-01-08T17:25:18+00:00\" \/>\n<meta property=\"og:image\" content=\"https:\/\/brtk.net\/wp-content\/uploads\/2025\/01\/08\/selim-ileri.webp?ver=70144047624e0d0761e49ba2a778455e\" \/>\n<meta name=\"author\" content=\"Kuzeyin Sesi\" \/>\n<meta name=\"twitter:card\" content=\"summary_large_image\" \/>\n<meta name=\"twitter:creator\" content=\"@kuzeyinsesii\" \/>\n<meta name=\"twitter:site\" content=\"@kuzeyinsesii\" \/>\n<meta name=\"twitter:label1\" content=\"Yazan:\" \/>\n\t<meta name=\"twitter:data1\" content=\"Kuzeyin Sesi\" \/>\n\t<meta name=\"twitter:label2\" content=\"Tahmini okuma s\u00fcresi\" \/>\n\t<meta name=\"twitter:data2\" content=\"1 dakika\" \/>\n<script type=\"application\/ld+json\" class=\"yoast-schema-graph\">{\"@context\":\"https:\\\/\\\/schema.org\",\"@graph\":[{\"@type\":\"Article\",\"@id\":\"https:\\\/\\\/kuzeyinsesi.org\\\/index.php\\\/2025\\\/01\\\/08\\\/turk-edebiyatinin-usta-isimlerinden-selim-ileri-hayatini-kaybetti\\\/#article\",\"isPartOf\":{\"@id\":\"https:\\\/\\\/kuzeyinsesi.org\\\/index.php\\\/2025\\\/01\\\/08\\\/turk-edebiyatinin-usta-isimlerinden-selim-ileri-hayatini-kaybetti\\\/\"},\"author\":{\"name\":\"Kuzeyin Sesi\",\"@id\":\"https:\\\/\\\/kuzeyinsesi.org\\\/#\\\/schema\\\/person\\\/9f859689cdf01485597712386e37f5aa\"},\"headline\":\"T\u00fcrk edebiyat\u0131n\u0131n usta isimlerinden Selim \u0130leri hayat\u0131n\u0131 kaybetti\",\"datePublished\":\"2025-01-08T17:25:18+00:00\",\"mainEntityOfPage\":{\"@id\":\"https:\\\/\\\/kuzeyinsesi.org\\\/index.php\\\/2025\\\/01\\\/08\\\/turk-edebiyatinin-usta-isimlerinden-selim-ileri-hayatini-kaybetti\\\/\"},\"wordCount\":270,\"commentCount\":0,\"image\":{\"@id\":\"https:\\\/\\\/kuzeyinsesi.org\\\/index.php\\\/2025\\\/01\\\/08\\\/turk-edebiyatinin-usta-isimlerinden-selim-ileri-hayatini-kaybetti\\\/#primaryimage\"},\"thumbnailUrl\":\"https:\\\/\\\/kuzeyinsesi.org\\\/wp-content\\\/uploads\\\/2025\\\/01\\\/selim-ileri.webp.webp\",\"articleSection\":[\"T\u00fcrkiye\"],\"inLanguage\":\"tr\",\"potentialAction\":[{\"@type\":\"CommentAction\",\"name\":\"Comment\",\"target\":[\"https:\\\/\\\/kuzeyinsesi.org\\\/index.php\\\/2025\\\/01\\\/08\\\/turk-edebiyatinin-usta-isimlerinden-selim-ileri-hayatini-kaybetti\\\/#respond\"]}]},{\"@type\":\"WebPage\",\"@id\":\"https:\\\/\\\/kuzeyinsesi.org\\\/index.php\\\/2025\\\/01\\\/08\\\/turk-edebiyatinin-usta-isimlerinden-selim-ileri-hayatini-kaybetti\\\/\",\"url\":\"https:\\\/\\\/kuzeyinsesi.org\\\/index.php\\\/2025\\\/01\\\/08\\\/turk-edebiyatinin-usta-isimlerinden-selim-ileri-hayatini-kaybetti\\\/\",\"name\":\"T\u00fcrk edebiyat\u0131n\u0131n usta isimlerinden Selim \u0130leri hayat\u0131n\u0131 kaybetti - Kuzeyin Sesi\",\"isPartOf\":{\"@id\":\"https:\\\/\\\/kuzeyinsesi.org\\\/#website\"},\"primaryImageOfPage\":{\"@id\":\"https:\\\/\\\/kuzeyinsesi.org\\\/index.php\\\/2025\\\/01\\\/08\\\/turk-edebiyatinin-usta-isimlerinden-selim-ileri-hayatini-kaybetti\\\/#primaryimage\"},\"image\":{\"@id\":\"https:\\\/\\\/kuzeyinsesi.org\\\/index.php\\\/2025\\\/01\\\/08\\\/turk-edebiyatinin-usta-isimlerinden-selim-ileri-hayatini-kaybetti\\\/#primaryimage\"},\"thumbnailUrl\":\"https:\\\/\\\/kuzeyinsesi.org\\\/wp-content\\\/uploads\\\/2025\\\/01\\\/selim-ileri.webp.webp\",\"datePublished\":\"2025-01-08T17:25:18+00:00\",\"author\":{\"@id\":\"https:\\\/\\\/kuzeyinsesi.org\\\/#\\\/schema\\\/person\\\/9f859689cdf01485597712386e37f5aa\"},\"breadcrumb\":{\"@id\":\"https:\\\/\\\/kuzeyinsesi.org\\\/index.php\\\/2025\\\/01\\\/08\\\/turk-edebiyatinin-usta-isimlerinden-selim-ileri-hayatini-kaybetti\\\/#breadcrumb\"},\"inLanguage\":\"tr\",\"potentialAction\":[{\"@type\":\"ReadAction\",\"target\":[\"https:\\\/\\\/kuzeyinsesi.org\\\/index.php\\\/2025\\\/01\\\/08\\\/turk-edebiyatinin-usta-isimlerinden-selim-ileri-hayatini-kaybetti\\\/\"]}]},{\"@type\":\"ImageObject\",\"inLanguage\":\"tr\",\"@id\":\"https:\\\/\\\/kuzeyinsesi.org\\\/index.php\\\/2025\\\/01\\\/08\\\/turk-edebiyatinin-usta-isimlerinden-selim-ileri-hayatini-kaybetti\\\/#primaryimage\",\"url\":\"https:\\\/\\\/kuzeyinsesi.org\\\/wp-content\\\/uploads\\\/2025\\\/01\\\/selim-ileri.webp.webp\",\"contentUrl\":\"https:\\\/\\\/kuzeyinsesi.org\\\/wp-content\\\/uploads\\\/2025\\\/01\\\/selim-ileri.webp.webp\",\"width\":777,\"height\":441},{\"@type\":\"BreadcrumbList\",\"@id\":\"https:\\\/\\\/kuzeyinsesi.org\\\/index.php\\\/2025\\\/01\\\/08\\\/turk-edebiyatinin-usta-isimlerinden-selim-ileri-hayatini-kaybetti\\\/#breadcrumb\",\"itemListElement\":[{\"@type\":\"ListItem\",\"position\":1,\"name\":\"Anasayfa\",\"item\":\"https:\\\/\\\/kuzeyinsesi.org\\\/\"},{\"@type\":\"ListItem\",\"position\":2,\"name\":\"T\u00fcrk edebiyat\u0131n\u0131n usta isimlerinden Selim \u0130leri hayat\u0131n\u0131 kaybetti\"}]},{\"@type\":\"WebSite\",\"@id\":\"https:\\\/\\\/kuzeyinsesi.org\\\/#website\",\"url\":\"https:\\\/\\\/kuzeyinsesi.org\\\/\",\"name\":\"Kuzeyin Sesi\",\"description\":\"Do\u011fru Haberin Adresi\",\"potentialAction\":[{\"@type\":\"SearchAction\",\"target\":{\"@type\":\"EntryPoint\",\"urlTemplate\":\"https:\\\/\\\/kuzeyinsesi.org\\\/?s={search_term_string}\"},\"query-input\":{\"@type\":\"PropertyValueSpecification\",\"valueRequired\":true,\"valueName\":\"search_term_string\"}}],\"inLanguage\":\"tr\"},{\"@type\":\"Person\",\"@id\":\"https:\\\/\\\/kuzeyinsesi.org\\\/#\\\/schema\\\/person\\\/9f859689cdf01485597712386e37f5aa\",\"name\":\"Kuzeyin Sesi\",\"image\":{\"@type\":\"ImageObject\",\"inLanguage\":\"tr\",\"@id\":\"https:\\\/\\\/secure.gravatar.com\\\/avatar\\\/bab33852abfd8b282518d6ed81826833d77c3c882d9ab608add591ccace47a44?s=96&d=mm&r=g\",\"url\":\"https:\\\/\\\/secure.gravatar.com\\\/avatar\\\/bab33852abfd8b282518d6ed81826833d77c3c882d9ab608add591ccace47a44?s=96&d=mm&r=g\",\"contentUrl\":\"https:\\\/\\\/secure.gravatar.com\\\/avatar\\\/bab33852abfd8b282518d6ed81826833d77c3c882d9ab608add591ccace47a44?s=96&d=mm&r=g\",\"caption\":\"Kuzeyin Sesi\"},\"sameAs\":[\"https:\\\/\\\/kuzeyinsesi.org\"],\"url\":\"https:\\\/\\\/kuzeyinsesi.org\\\/index.php\\\/author\\\/guven\\\/\"}]}<\/script>\n<!-- \/ Yoast SEO plugin. -->","yoast_head_json":{"title":"T\u00fcrk edebiyat\u0131n\u0131n usta isimlerinden Selim \u0130leri hayat\u0131n\u0131 kaybetti - Kuzeyin Sesi","robots":{"index":"index","follow":"follow","max-snippet":"max-snippet:-1","max-image-preview":"max-image-preview:large","max-video-preview":"max-video-preview:-1"},"canonical":"https:\/\/kuzeyinsesi.org\/index.php\/2025\/01\/08\/turk-edebiyatinin-usta-isimlerinden-selim-ileri-hayatini-kaybetti\/","og_locale":"tr_TR","og_type":"article","og_title":"T\u00fcrk edebiyat\u0131n\u0131n usta isimlerinden Selim \u0130leri hayat\u0131n\u0131 kaybetti - Kuzeyin Sesi","og_description":"T\u00fcrk edebiyat\u0131n\u0131n usta isimlerinden yazar, senarist ve ele\u015ftirmen Selim \u0130leri, \u0130stanbul\u2019da hayat\u0131n\u0131 kaybetti. Bir s\u00fcredir rahats\u0131z olan \u0130leri, 75 ya\u015f\u0131ndayd\u0131. Babas\u0131 K\u0131br\u0131sl\u0131 Hasan Hilmi \u0130leri olan Selim \u0130leri, 1949 y\u0131l\u0131nda \u0130stanbul\u2019un Kad\u0131k\u00f6y il\u00e7esinde d\u00fcnyaya geldi. Selim \u0130leri, 1968\u2019de Atat\u00fcrk Lisesi\u2019ni bitirdi. \u0130leri, bir s\u00fcre \u0130stanbul \u00dcniversitesi Hukuk Fak\u00fcltesi\u2019ne devam etti. \u00d6\u011frenimini yar\u0131da b\u0131rakarak kendini t\u00fcm\u00fcyle [&hellip;]","og_url":"https:\/\/kuzeyinsesi.org\/index.php\/2025\/01\/08\/turk-edebiyatinin-usta-isimlerinden-selim-ileri-hayatini-kaybetti\/","og_site_name":"Kuzeyin Sesi","article_publisher":"https:\/\/www.facebook.com\/kuzeyinsesii","article_published_time":"2025-01-08T17:25:18+00:00","og_image":[{"url":"https:\/\/brtk.net\/wp-content\/uploads\/2025\/01\/08\/selim-ileri.webp?ver=70144047624e0d0761e49ba2a778455e","type":"","width":"","height":""}],"author":"Kuzeyin Sesi","twitter_card":"summary_large_image","twitter_creator":"@kuzeyinsesii","twitter_site":"@kuzeyinsesii","twitter_misc":{"Yazan:":"Kuzeyin Sesi","Tahmini okuma s\u00fcresi":"1 dakika"},"schema":{"@context":"https:\/\/schema.org","@graph":[{"@type":"Article","@id":"https:\/\/kuzeyinsesi.org\/index.php\/2025\/01\/08\/turk-edebiyatinin-usta-isimlerinden-selim-ileri-hayatini-kaybetti\/#article","isPartOf":{"@id":"https:\/\/kuzeyinsesi.org\/index.php\/2025\/01\/08\/turk-edebiyatinin-usta-isimlerinden-selim-ileri-hayatini-kaybetti\/"},"author":{"name":"Kuzeyin Sesi","@id":"https:\/\/kuzeyinsesi.org\/#\/schema\/person\/9f859689cdf01485597712386e37f5aa"},"headline":"T\u00fcrk edebiyat\u0131n\u0131n usta isimlerinden Selim \u0130leri hayat\u0131n\u0131 kaybetti","datePublished":"2025-01-08T17:25:18+00:00","mainEntityOfPage":{"@id":"https:\/\/kuzeyinsesi.org\/index.php\/2025\/01\/08\/turk-edebiyatinin-usta-isimlerinden-selim-ileri-hayatini-kaybetti\/"},"wordCount":270,"commentCount":0,"image":{"@id":"https:\/\/kuzeyinsesi.org\/index.php\/2025\/01\/08\/turk-edebiyatinin-usta-isimlerinden-selim-ileri-hayatini-kaybetti\/#primaryimage"},"thumbnailUrl":"https:\/\/kuzeyinsesi.org\/wp-content\/uploads\/2025\/01\/selim-ileri.webp.webp","articleSection":["T\u00fcrkiye"],"inLanguage":"tr","potentialAction":[{"@type":"CommentAction","name":"Comment","target":["https:\/\/kuzeyinsesi.org\/index.php\/2025\/01\/08\/turk-edebiyatinin-usta-isimlerinden-selim-ileri-hayatini-kaybetti\/#respond"]}]},{"@type":"WebPage","@id":"https:\/\/kuzeyinsesi.org\/index.php\/2025\/01\/08\/turk-edebiyatinin-usta-isimlerinden-selim-ileri-hayatini-kaybetti\/","url":"https:\/\/kuzeyinsesi.org\/index.php\/2025\/01\/08\/turk-edebiyatinin-usta-isimlerinden-selim-ileri-hayatini-kaybetti\/","name":"T\u00fcrk edebiyat\u0131n\u0131n usta isimlerinden Selim \u0130leri hayat\u0131n\u0131 kaybetti - Kuzeyin Sesi","isPartOf":{"@id":"https:\/\/kuzeyinsesi.org\/#website"},"primaryImageOfPage":{"@id":"https:\/\/kuzeyinsesi.org\/index.php\/2025\/01\/08\/turk-edebiyatinin-usta-isimlerinden-selim-ileri-hayatini-kaybetti\/#primaryimage"},"image":{"@id":"https:\/\/kuzeyinsesi.org\/index.php\/2025\/01\/08\/turk-edebiyatinin-usta-isimlerinden-selim-ileri-hayatini-kaybetti\/#primaryimage"},"thumbnailUrl":"https:\/\/kuzeyinsesi.org\/wp-content\/uploads\/2025\/01\/selim-ileri.webp.webp","datePublished":"2025-01-08T17:25:18+00:00","author":{"@id":"https:\/\/kuzeyinsesi.org\/#\/schema\/person\/9f859689cdf01485597712386e37f5aa"},"breadcrumb":{"@id":"https:\/\/kuzeyinsesi.org\/index.php\/2025\/01\/08\/turk-edebiyatinin-usta-isimlerinden-selim-ileri-hayatini-kaybetti\/#breadcrumb"},"inLanguage":"tr","potentialAction":[{"@type":"ReadAction","target":["https:\/\/kuzeyinsesi.org\/index.php\/2025\/01\/08\/turk-edebiyatinin-usta-isimlerinden-selim-ileri-hayatini-kaybetti\/"]}]},{"@type":"ImageObject","inLanguage":"tr","@id":"https:\/\/kuzeyinsesi.org\/index.php\/2025\/01\/08\/turk-edebiyatinin-usta-isimlerinden-selim-ileri-hayatini-kaybetti\/#primaryimage","url":"https:\/\/kuzeyinsesi.org\/wp-content\/uploads\/2025\/01\/selim-ileri.webp.webp","contentUrl":"https:\/\/kuzeyinsesi.org\/wp-content\/uploads\/2025\/01\/selim-ileri.webp.webp","width":777,"height":441},{"@type":"BreadcrumbList","@id":"https:\/\/kuzeyinsesi.org\/index.php\/2025\/01\/08\/turk-edebiyatinin-usta-isimlerinden-selim-ileri-hayatini-kaybetti\/#breadcrumb","itemListElement":[{"@type":"ListItem","position":1,"name":"Anasayfa","item":"https:\/\/kuzeyinsesi.org\/"},{"@type":"ListItem","position":2,"name":"T\u00fcrk edebiyat\u0131n\u0131n usta isimlerinden Selim \u0130leri hayat\u0131n\u0131 kaybetti"}]},{"@type":"WebSite","@id":"https:\/\/kuzeyinsesi.org\/#website","url":"https:\/\/kuzeyinsesi.org\/","name":"Kuzeyin Sesi","description":"Do\u011fru Haberin Adresi","potentialAction":[{"@type":"SearchAction","target":{"@type":"EntryPoint","urlTemplate":"https:\/\/kuzeyinsesi.org\/?s={search_term_string}"},"query-input":{"@type":"PropertyValueSpecification","valueRequired":true,"valueName":"search_term_string"}}],"inLanguage":"tr"},{"@type":"Person","@id":"https:\/\/kuzeyinsesi.org\/#\/schema\/person\/9f859689cdf01485597712386e37f5aa","name":"Kuzeyin Sesi","image":{"@type":"ImageObject","inLanguage":"tr","@id":"https:\/\/secure.gravatar.com\/avatar\/bab33852abfd8b282518d6ed81826833d77c3c882d9ab608add591ccace47a44?s=96&d=mm&r=g","url":"https:\/\/secure.gravatar.com\/avatar\/bab33852abfd8b282518d6ed81826833d77c3c882d9ab608add591ccace47a44?s=96&d=mm&r=g","contentUrl":"https:\/\/secure.gravatar.com\/avatar\/bab33852abfd8b282518d6ed81826833d77c3c882d9ab608add591ccace47a44?s=96&d=mm&r=g","caption":"Kuzeyin Sesi"},"sameAs":["https:\/\/kuzeyinsesi.org"],"url":"https:\/\/kuzeyinsesi.org\/index.php\/author\/guven\/"}]}},"_links":{"self":[{"href":"https:\/\/kuzeyinsesi.org\/index.php\/wp-json\/wp\/v2\/posts\/16969","targetHints":{"allow":["GET"]}}],"collection":[{"href":"https:\/\/kuzeyinsesi.org\/index.php\/wp-json\/wp\/v2\/posts"}],"about":[{"href":"https:\/\/kuzeyinsesi.org\/index.php\/wp-json\/wp\/v2\/types\/post"}],"author":[{"embeddable":true,"href":"https:\/\/kuzeyinsesi.org\/index.php\/wp-json\/wp\/v2\/users\/1"}],"replies":[{"embeddable":true,"href":"https:\/\/kuzeyinsesi.org\/index.php\/wp-json\/wp\/v2\/comments?post=16969"}],"version-history":[{"count":0,"href":"https:\/\/kuzeyinsesi.org\/index.php\/wp-json\/wp\/v2\/posts\/16969\/revisions"}],"wp:featuredmedia":[{"embeddable":true,"href":"https:\/\/kuzeyinsesi.org\/index.php\/wp-json\/wp\/v2\/media\/16970"}],"wp:attachment":[{"href":"https:\/\/kuzeyinsesi.org\/index.php\/wp-json\/wp\/v2\/media?parent=16969"}],"wp:term":[{"taxonomy":"category","embeddable":true,"href":"https:\/\/kuzeyinsesi.org\/index.php\/wp-json\/wp\/v2\/categories?post=16969"},{"taxonomy":"post_tag","embeddable":true,"href":"https:\/\/kuzeyinsesi.org\/index.php\/wp-json\/wp\/v2\/tags?post=16969"}],"curies":[{"name":"wp","href":"https:\/\/api.w.org\/{rel}","templated":true}]}}