{"id":16927,"date":"2025-01-08T09:09:40","date_gmt":"2025-01-08T07:09:40","guid":{"rendered":"https:\/\/kuzeyinsesi.org\/index.php\/2025\/01\/08\/lubnanda-durzi-lider-canbolat-turkiye-suriye-halkini-kucaklamistir\/"},"modified":"2025-01-08T09:09:40","modified_gmt":"2025-01-08T07:09:40","slug":"lubnanda-durzi-lider-canbolat-turkiye-suriye-halkini-kucaklamistir","status":"publish","type":"post","link":"https:\/\/kuzeyinsesi.org\/index.php\/2025\/01\/08\/lubnanda-durzi-lider-canbolat-turkiye-suriye-halkini-kucaklamistir\/","title":{"rendered":"L\u00fcbnan\u2019da D\u00fcrzi lider Canbolat: T\u00fcrkiye, Suriye halk\u0131n\u0131 kucaklam\u0131\u015ft\u0131r"},"content":{"rendered":"<div>\n<div class=\"mariselle-image-container center\">\n                                            <\/div>\n<p>L\u00fcbnan\u2019da D\u00fcrzi lider Velid Canbolat, T\u00fcrkiye\u2019nin Suriye halk\u0131n\u0131 kucaklad\u0131\u011f\u0131n\u0131 belirterek, kendisinin son Ankara ziyaretinin amac\u0131n\u0131n Suriye\u2019yi kucaklamak ve yeni rejime yard\u0131m etmek oldu\u011funu s\u00f6yledi.<\/p>\n<p>Eski \u0130lerlemeci Sosyalist Partisi Ba\u015fkan\u0131 Canbolat, L\u00fcbnan\u2019\u0131n \u00f6zel televizyon kanal\u0131 LBC\u2019ye verdi\u011fi r\u00f6portajda, konuya ili\u015fkin a\u00e7\u0131klamada bulundu.<\/p>\n<p>T\u00fcrkiye ziyaretinin amac\u0131n\u0131n Suriye\u2019yi ve yeni rejimi kucaklamak oldu\u011funu dile getiren Canbolat, \u201cSuriye ve (Suriye\u2019deki yeni y\u00f6netimin lideri) Ahmed \u015eara ile ileti\u015fim kurmak i\u00e7in mekanizma geli\u015ftiriyoruz ve T\u00fcrkiye\u2019nin bug\u00fcnk\u00fc rol\u00fcnden korkmuyorum. Bug\u00fcn T\u00fcrkiye, (TC Cumhurba\u015fkan\u0131 Recep Tayyip) Erdo\u011fan\u2019\u0131n T\u00fcrkiye\u2019sidir ve T\u00fcrkiye\u2019yi farkl\u0131 k\u0131lan \u015fey b\u00fcy\u00fck \u00e7e\u015fitlili\u011fidir. T\u00fcrkiye, Suriye halk\u0131n\u0131 kucaklam\u0131\u015ft\u0131r\u201d diye konu\u015ftu.<\/p>\n<p>D\u00fcrzi lider Canbolat, \u201cEn \u00f6nemlisi \u0130srail\u2019in b\u00f6lgedeki etkisini ve yay\u0131lmas\u0131n\u0131 s\u0131n\u0131rlayabilecek \u00fclkelerle i\u015f birli\u011fi yapmam\u0131zd\u0131r ve T\u00fcrkiye de bu \u00fclkelerden biri.\u201d ifadesini kulland\u0131.<\/p>\n<p>\u015eara\u2019y\u0131 15 Aral\u0131k 2024\u2019teki telefon g\u00f6r\u00fc\u015fmesinde, Esed rejiminin devrilmesi dolay\u0131s\u0131yla tebrik eden Canbolat, 22 Aral\u0131k\u2019ta ba\u015fkent \u015eam\u2019da \u015eara ile bir araya gelmi\u015fti.<\/p>\n<p>D\u00fcrzi lider Canbolat, 24 Aral\u0131k 2024\u2019te de Cumhurba\u015fkan\u0131 Recep Tayyip Erdo\u011fan taraf\u0131ndan Cumhurba\u015fkanl\u0131\u011f\u0131 K\u00fclliyesi\u2019nde kabul edilmi\u015fti.<\/p>\n<p><strong>L\u00fcbnan\u2019daki D\u00fcrzi toplumunun \u00f6nde gelen lideri<\/strong><br \/>Velid Canbolat\u2019\u0131n babas\u0131, \u0130lerlemeci Sosyalist Partisinin kurucusu Kemal Canbolat, L\u00fcbnan\u2019da i\u00e7 sava\u015f\u0131n patlak vermesinden 2 y\u0131l sonra 1977\u2019de suikast sonucu \u00f6ld\u00fcr\u00fcld\u00fc.<\/p>\n<p>Babas\u0131n\u0131n \u00f6ld\u00fcr\u00fclmesinin ard\u0131ndan partinin ba\u015f\u0131na ge\u00e7en Velid Canbolat, bu g\u00f6revi 46 y\u0131l s\u00fcrd\u00fcrd\u00fc.<\/p>\n<p>Velid Canbolat\u2019\u0131n Haziran 2023\u2019te istifa etmesinin ard\u0131ndan o\u011flu Teymur Canbolat partinin yeni ba\u015fkan\u0131 oldu.<\/p>\n<p>Canbolat, L\u00fcbnan\u2019daki D\u00fcrzi toplumunun da en \u00f6nemli lideri konumunda bulunuyor.<\/p>\n<p>Velid Canbolat, 2015\u2019te Birle\u015fmi\u015f Milletler Uluslararas\u0131 L\u00fcbnan \u00d6zel Mahkemesi\u2019nde verdi\u011fi ifadede, babas\u0131n\u0131n suikast\u0131n\u0131n arkas\u0131nda Suriye rejiminin oldu\u011funu s\u00f6ylemi\u015fti.<\/p>\n<\/p><\/div>\n<p><script async\n                    defer\n                    crossorigin=\"anonymous\"\n                    src=\"https:\/\/connect.facebook.net\/tr_TR\/sdk.js#xfbml=1&#038;version=v3.3\"\n            ><\/script><\/p>\n","protected":false},"excerpt":{"rendered":"<p>L\u00fcbnan\u2019da D\u00fcrzi lider Velid Canbolat, T\u00fcrkiye\u2019nin Suriye halk\u0131n\u0131 kucaklad\u0131\u011f\u0131n\u0131 belirterek, kendisinin son Ankara ziyaretinin amac\u0131n\u0131n Suriye\u2019yi kucaklamak ve yeni rejime yard\u0131m etmek oldu\u011funu s\u00f6yledi. Eski \u0130lerlemeci Sosyalist Partisi Ba\u015fkan\u0131 Canbolat, L\u00fcbnan\u2019\u0131n \u00f6zel televizyon kanal\u0131 LBC\u2019ye verdi\u011fi r\u00f6portajda, konuya ili\u015fkin a\u00e7\u0131klamada bulundu. T\u00fcrkiye ziyaretinin amac\u0131n\u0131n Suriye\u2019yi ve yeni rejimi kucaklamak oldu\u011funu dile getiren Canbolat, \u201cSuriye ve [&hellip;]<\/p>\n","protected":false},"author":1,"featured_media":16928,"comment_status":"open","ping_status":"open","sticky":false,"template":"","format":"standard","meta":{"jnews-multi-image_gallery":[],"jnews_single_post":[],"jnews_primary_category":[],"jnews_social_meta":[],"jnews_override_counter":[],"footnotes":""},"categories":[5],"tags":[],"class_list":["post-16927","post","type-post","status-publish","format-standard","has-post-thumbnail","hentry","category-turkiye"],"yoast_head":"<!-- This site is optimized with the Yoast SEO plugin v27.4 - https:\/\/yoast.com\/product\/yoast-seo-wordpress\/ -->\n<title>L\u00fcbnan\u2019da D\u00fcrzi lider Canbolat: T\u00fcrkiye, Suriye halk\u0131n\u0131 kucaklam\u0131\u015ft\u0131r - Kuzeyin Sesi<\/title>\n<meta name=\"robots\" content=\"index, follow, max-snippet:-1, max-image-preview:large, max-video-preview:-1\" \/>\n<link rel=\"canonical\" href=\"https:\/\/kuzeyinsesi.org\/index.php\/2025\/01\/08\/lubnanda-durzi-lider-canbolat-turkiye-suriye-halkini-kucaklamistir\/\" \/>\n<meta property=\"og:locale\" content=\"tr_TR\" \/>\n<meta property=\"og:type\" content=\"article\" \/>\n<meta property=\"og:title\" content=\"L\u00fcbnan\u2019da D\u00fcrzi lider Canbolat: T\u00fcrkiye, Suriye halk\u0131n\u0131 kucaklam\u0131\u015ft\u0131r - Kuzeyin Sesi\" \/>\n<meta property=\"og:description\" content=\"L\u00fcbnan\u2019da D\u00fcrzi lider Velid Canbolat, T\u00fcrkiye\u2019nin Suriye halk\u0131n\u0131 kucaklad\u0131\u011f\u0131n\u0131 belirterek, kendisinin son Ankara ziyaretinin amac\u0131n\u0131n Suriye\u2019yi kucaklamak ve yeni rejime yard\u0131m etmek oldu\u011funu s\u00f6yledi. Eski \u0130lerlemeci Sosyalist Partisi Ba\u015fkan\u0131 Canbolat, L\u00fcbnan\u2019\u0131n \u00f6zel televizyon kanal\u0131 LBC\u2019ye verdi\u011fi r\u00f6portajda, konuya ili\u015fkin a\u00e7\u0131klamada bulundu. T\u00fcrkiye ziyaretinin amac\u0131n\u0131n Suriye\u2019yi ve yeni rejimi kucaklamak oldu\u011funu dile getiren Canbolat, \u201cSuriye ve [&hellip;]\" \/>\n<meta property=\"og:url\" content=\"https:\/\/kuzeyinsesi.org\/index.php\/2025\/01\/08\/lubnanda-durzi-lider-canbolat-turkiye-suriye-halkini-kucaklamistir\/\" \/>\n<meta property=\"og:site_name\" content=\"Kuzeyin Sesi\" \/>\n<meta property=\"article:publisher\" content=\"https:\/\/www.facebook.com\/kuzeyinsesii\" \/>\n<meta property=\"article:published_time\" content=\"2025-01-08T07:09:40+00:00\" \/>\n<meta property=\"og:image\" content=\"https:\/\/brtk.net\/wp-content\/uploads\/2025\/01\/08\/velid-canbolat-erdogan-aa-2319958.jpg?ver=c3fd94b7ef48da07aa432b222af2c27e\" \/>\n<meta name=\"author\" content=\"Kuzeyin Sesi\" \/>\n<meta name=\"twitter:card\" content=\"summary_large_image\" \/>\n<meta name=\"twitter:creator\" content=\"@kuzeyinsesii\" \/>\n<meta name=\"twitter:site\" content=\"@kuzeyinsesii\" \/>\n<meta name=\"twitter:label1\" content=\"Yazan:\" \/>\n\t<meta name=\"twitter:data1\" content=\"Kuzeyin Sesi\" \/>\n\t<meta name=\"twitter:label2\" content=\"Tahmini okuma s\u00fcresi\" \/>\n\t<meta name=\"twitter:data2\" content=\"2 dakika\" \/>\n<script type=\"application\/ld+json\" class=\"yoast-schema-graph\">{\"@context\":\"https:\\\/\\\/schema.org\",\"@graph\":[{\"@type\":\"Article\",\"@id\":\"https:\\\/\\\/kuzeyinsesi.org\\\/index.php\\\/2025\\\/01\\\/08\\\/lubnanda-durzi-lider-canbolat-turkiye-suriye-halkini-kucaklamistir\\\/#article\",\"isPartOf\":{\"@id\":\"https:\\\/\\\/kuzeyinsesi.org\\\/index.php\\\/2025\\\/01\\\/08\\\/lubnanda-durzi-lider-canbolat-turkiye-suriye-halkini-kucaklamistir\\\/\"},\"author\":{\"name\":\"Kuzeyin Sesi\",\"@id\":\"https:\\\/\\\/kuzeyinsesi.org\\\/#\\\/schema\\\/person\\\/9f859689cdf01485597712386e37f5aa\"},\"headline\":\"L\u00fcbnan\u2019da D\u00fcrzi lider Canbolat: T\u00fcrkiye, Suriye halk\u0131n\u0131 kucaklam\u0131\u015ft\u0131r\",\"datePublished\":\"2025-01-08T07:09:40+00:00\",\"mainEntityOfPage\":{\"@id\":\"https:\\\/\\\/kuzeyinsesi.org\\\/index.php\\\/2025\\\/01\\\/08\\\/lubnanda-durzi-lider-canbolat-turkiye-suriye-halkini-kucaklamistir\\\/\"},\"wordCount\":371,\"commentCount\":0,\"image\":{\"@id\":\"https:\\\/\\\/kuzeyinsesi.org\\\/index.php\\\/2025\\\/01\\\/08\\\/lubnanda-durzi-lider-canbolat-turkiye-suriye-halkini-kucaklamistir\\\/#primaryimage\"},\"thumbnailUrl\":\"https:\\\/\\\/kuzeyinsesi.org\\\/wp-content\\\/uploads\\\/2025\\\/01\\\/velid-canbolat-erdogan-aa-2319958.jpg\",\"articleSection\":[\"T\u00fcrkiye\"],\"inLanguage\":\"tr\",\"potentialAction\":[{\"@type\":\"CommentAction\",\"name\":\"Comment\",\"target\":[\"https:\\\/\\\/kuzeyinsesi.org\\\/index.php\\\/2025\\\/01\\\/08\\\/lubnanda-durzi-lider-canbolat-turkiye-suriye-halkini-kucaklamistir\\\/#respond\"]}]},{\"@type\":\"WebPage\",\"@id\":\"https:\\\/\\\/kuzeyinsesi.org\\\/index.php\\\/2025\\\/01\\\/08\\\/lubnanda-durzi-lider-canbolat-turkiye-suriye-halkini-kucaklamistir\\\/\",\"url\":\"https:\\\/\\\/kuzeyinsesi.org\\\/index.php\\\/2025\\\/01\\\/08\\\/lubnanda-durzi-lider-canbolat-turkiye-suriye-halkini-kucaklamistir\\\/\",\"name\":\"L\u00fcbnan\u2019da D\u00fcrzi lider Canbolat: T\u00fcrkiye, Suriye halk\u0131n\u0131 kucaklam\u0131\u015ft\u0131r - Kuzeyin Sesi\",\"isPartOf\":{\"@id\":\"https:\\\/\\\/kuzeyinsesi.org\\\/#website\"},\"primaryImageOfPage\":{\"@id\":\"https:\\\/\\\/kuzeyinsesi.org\\\/index.php\\\/2025\\\/01\\\/08\\\/lubnanda-durzi-lider-canbolat-turkiye-suriye-halkini-kucaklamistir\\\/#primaryimage\"},\"image\":{\"@id\":\"https:\\\/\\\/kuzeyinsesi.org\\\/index.php\\\/2025\\\/01\\\/08\\\/lubnanda-durzi-lider-canbolat-turkiye-suriye-halkini-kucaklamistir\\\/#primaryimage\"},\"thumbnailUrl\":\"https:\\\/\\\/kuzeyinsesi.org\\\/wp-content\\\/uploads\\\/2025\\\/01\\\/velid-canbolat-erdogan-aa-2319958.jpg\",\"datePublished\":\"2025-01-08T07:09:40+00:00\",\"author\":{\"@id\":\"https:\\\/\\\/kuzeyinsesi.org\\\/#\\\/schema\\\/person\\\/9f859689cdf01485597712386e37f5aa\"},\"breadcrumb\":{\"@id\":\"https:\\\/\\\/kuzeyinsesi.org\\\/index.php\\\/2025\\\/01\\\/08\\\/lubnanda-durzi-lider-canbolat-turkiye-suriye-halkini-kucaklamistir\\\/#breadcrumb\"},\"inLanguage\":\"tr\",\"potentialAction\":[{\"@type\":\"ReadAction\",\"target\":[\"https:\\\/\\\/kuzeyinsesi.org\\\/index.php\\\/2025\\\/01\\\/08\\\/lubnanda-durzi-lider-canbolat-turkiye-suriye-halkini-kucaklamistir\\\/\"]}]},{\"@type\":\"ImageObject\",\"inLanguage\":\"tr\",\"@id\":\"https:\\\/\\\/kuzeyinsesi.org\\\/index.php\\\/2025\\\/01\\\/08\\\/lubnanda-durzi-lider-canbolat-turkiye-suriye-halkini-kucaklamistir\\\/#primaryimage\",\"url\":\"https:\\\/\\\/kuzeyinsesi.org\\\/wp-content\\\/uploads\\\/2025\\\/01\\\/velid-canbolat-erdogan-aa-2319958.jpg\",\"contentUrl\":\"https:\\\/\\\/kuzeyinsesi.org\\\/wp-content\\\/uploads\\\/2025\\\/01\\\/velid-canbolat-erdogan-aa-2319958.jpg\",\"width\":1280,\"height\":720},{\"@type\":\"BreadcrumbList\",\"@id\":\"https:\\\/\\\/kuzeyinsesi.org\\\/index.php\\\/2025\\\/01\\\/08\\\/lubnanda-durzi-lider-canbolat-turkiye-suriye-halkini-kucaklamistir\\\/#breadcrumb\",\"itemListElement\":[{\"@type\":\"ListItem\",\"position\":1,\"name\":\"Anasayfa\",\"item\":\"https:\\\/\\\/kuzeyinsesi.org\\\/\"},{\"@type\":\"ListItem\",\"position\":2,\"name\":\"L\u00fcbnan\u2019da D\u00fcrzi lider Canbolat: T\u00fcrkiye, Suriye halk\u0131n\u0131 kucaklam\u0131\u015ft\u0131r\"}]},{\"@type\":\"WebSite\",\"@id\":\"https:\\\/\\\/kuzeyinsesi.org\\\/#website\",\"url\":\"https:\\\/\\\/kuzeyinsesi.org\\\/\",\"name\":\"Kuzeyin Sesi\",\"description\":\"Do\u011fru Haberin Adresi\",\"potentialAction\":[{\"@type\":\"SearchAction\",\"target\":{\"@type\":\"EntryPoint\",\"urlTemplate\":\"https:\\\/\\\/kuzeyinsesi.org\\\/?s={search_term_string}\"},\"query-input\":{\"@type\":\"PropertyValueSpecification\",\"valueRequired\":true,\"valueName\":\"search_term_string\"}}],\"inLanguage\":\"tr\"},{\"@type\":\"Person\",\"@id\":\"https:\\\/\\\/kuzeyinsesi.org\\\/#\\\/schema\\\/person\\\/9f859689cdf01485597712386e37f5aa\",\"name\":\"Kuzeyin Sesi\",\"image\":{\"@type\":\"ImageObject\",\"inLanguage\":\"tr\",\"@id\":\"https:\\\/\\\/secure.gravatar.com\\\/avatar\\\/bab33852abfd8b282518d6ed81826833d77c3c882d9ab608add591ccace47a44?s=96&d=mm&r=g\",\"url\":\"https:\\\/\\\/secure.gravatar.com\\\/avatar\\\/bab33852abfd8b282518d6ed81826833d77c3c882d9ab608add591ccace47a44?s=96&d=mm&r=g\",\"contentUrl\":\"https:\\\/\\\/secure.gravatar.com\\\/avatar\\\/bab33852abfd8b282518d6ed81826833d77c3c882d9ab608add591ccace47a44?s=96&d=mm&r=g\",\"caption\":\"Kuzeyin Sesi\"},\"sameAs\":[\"https:\\\/\\\/kuzeyinsesi.org\"],\"url\":\"https:\\\/\\\/kuzeyinsesi.org\\\/index.php\\\/author\\\/guven\\\/\"}]}<\/script>\n<!-- \/ Yoast SEO plugin. -->","yoast_head_json":{"title":"L\u00fcbnan\u2019da D\u00fcrzi lider Canbolat: T\u00fcrkiye, Suriye halk\u0131n\u0131 kucaklam\u0131\u015ft\u0131r - Kuzeyin Sesi","robots":{"index":"index","follow":"follow","max-snippet":"max-snippet:-1","max-image-preview":"max-image-preview:large","max-video-preview":"max-video-preview:-1"},"canonical":"https:\/\/kuzeyinsesi.org\/index.php\/2025\/01\/08\/lubnanda-durzi-lider-canbolat-turkiye-suriye-halkini-kucaklamistir\/","og_locale":"tr_TR","og_type":"article","og_title":"L\u00fcbnan\u2019da D\u00fcrzi lider Canbolat: T\u00fcrkiye, Suriye halk\u0131n\u0131 kucaklam\u0131\u015ft\u0131r - Kuzeyin Sesi","og_description":"L\u00fcbnan\u2019da D\u00fcrzi lider Velid Canbolat, T\u00fcrkiye\u2019nin Suriye halk\u0131n\u0131 kucaklad\u0131\u011f\u0131n\u0131 belirterek, kendisinin son Ankara ziyaretinin amac\u0131n\u0131n Suriye\u2019yi kucaklamak ve yeni rejime yard\u0131m etmek oldu\u011funu s\u00f6yledi. Eski \u0130lerlemeci Sosyalist Partisi Ba\u015fkan\u0131 Canbolat, L\u00fcbnan\u2019\u0131n \u00f6zel televizyon kanal\u0131 LBC\u2019ye verdi\u011fi r\u00f6portajda, konuya ili\u015fkin a\u00e7\u0131klamada bulundu. T\u00fcrkiye ziyaretinin amac\u0131n\u0131n Suriye\u2019yi ve yeni rejimi kucaklamak oldu\u011funu dile getiren Canbolat, \u201cSuriye ve [&hellip;]","og_url":"https:\/\/kuzeyinsesi.org\/index.php\/2025\/01\/08\/lubnanda-durzi-lider-canbolat-turkiye-suriye-halkini-kucaklamistir\/","og_site_name":"Kuzeyin Sesi","article_publisher":"https:\/\/www.facebook.com\/kuzeyinsesii","article_published_time":"2025-01-08T07:09:40+00:00","og_image":[{"url":"https:\/\/brtk.net\/wp-content\/uploads\/2025\/01\/08\/velid-canbolat-erdogan-aa-2319958.jpg?ver=c3fd94b7ef48da07aa432b222af2c27e","type":"","width":"","height":""}],"author":"Kuzeyin Sesi","twitter_card":"summary_large_image","twitter_creator":"@kuzeyinsesii","twitter_site":"@kuzeyinsesii","twitter_misc":{"Yazan:":"Kuzeyin Sesi","Tahmini okuma s\u00fcresi":"2 dakika"},"schema":{"@context":"https:\/\/schema.org","@graph":[{"@type":"Article","@id":"https:\/\/kuzeyinsesi.org\/index.php\/2025\/01\/08\/lubnanda-durzi-lider-canbolat-turkiye-suriye-halkini-kucaklamistir\/#article","isPartOf":{"@id":"https:\/\/kuzeyinsesi.org\/index.php\/2025\/01\/08\/lubnanda-durzi-lider-canbolat-turkiye-suriye-halkini-kucaklamistir\/"},"author":{"name":"Kuzeyin Sesi","@id":"https:\/\/kuzeyinsesi.org\/#\/schema\/person\/9f859689cdf01485597712386e37f5aa"},"headline":"L\u00fcbnan\u2019da D\u00fcrzi lider Canbolat: T\u00fcrkiye, Suriye halk\u0131n\u0131 kucaklam\u0131\u015ft\u0131r","datePublished":"2025-01-08T07:09:40+00:00","mainEntityOfPage":{"@id":"https:\/\/kuzeyinsesi.org\/index.php\/2025\/01\/08\/lubnanda-durzi-lider-canbolat-turkiye-suriye-halkini-kucaklamistir\/"},"wordCount":371,"commentCount":0,"image":{"@id":"https:\/\/kuzeyinsesi.org\/index.php\/2025\/01\/08\/lubnanda-durzi-lider-canbolat-turkiye-suriye-halkini-kucaklamistir\/#primaryimage"},"thumbnailUrl":"https:\/\/kuzeyinsesi.org\/wp-content\/uploads\/2025\/01\/velid-canbolat-erdogan-aa-2319958.jpg","articleSection":["T\u00fcrkiye"],"inLanguage":"tr","potentialAction":[{"@type":"CommentAction","name":"Comment","target":["https:\/\/kuzeyinsesi.org\/index.php\/2025\/01\/08\/lubnanda-durzi-lider-canbolat-turkiye-suriye-halkini-kucaklamistir\/#respond"]}]},{"@type":"WebPage","@id":"https:\/\/kuzeyinsesi.org\/index.php\/2025\/01\/08\/lubnanda-durzi-lider-canbolat-turkiye-suriye-halkini-kucaklamistir\/","url":"https:\/\/kuzeyinsesi.org\/index.php\/2025\/01\/08\/lubnanda-durzi-lider-canbolat-turkiye-suriye-halkini-kucaklamistir\/","name":"L\u00fcbnan\u2019da D\u00fcrzi lider Canbolat: T\u00fcrkiye, Suriye halk\u0131n\u0131 kucaklam\u0131\u015ft\u0131r - Kuzeyin Sesi","isPartOf":{"@id":"https:\/\/kuzeyinsesi.org\/#website"},"primaryImageOfPage":{"@id":"https:\/\/kuzeyinsesi.org\/index.php\/2025\/01\/08\/lubnanda-durzi-lider-canbolat-turkiye-suriye-halkini-kucaklamistir\/#primaryimage"},"image":{"@id":"https:\/\/kuzeyinsesi.org\/index.php\/2025\/01\/08\/lubnanda-durzi-lider-canbolat-turkiye-suriye-halkini-kucaklamistir\/#primaryimage"},"thumbnailUrl":"https:\/\/kuzeyinsesi.org\/wp-content\/uploads\/2025\/01\/velid-canbolat-erdogan-aa-2319958.jpg","datePublished":"2025-01-08T07:09:40+00:00","author":{"@id":"https:\/\/kuzeyinsesi.org\/#\/schema\/person\/9f859689cdf01485597712386e37f5aa"},"breadcrumb":{"@id":"https:\/\/kuzeyinsesi.org\/index.php\/2025\/01\/08\/lubnanda-durzi-lider-canbolat-turkiye-suriye-halkini-kucaklamistir\/#breadcrumb"},"inLanguage":"tr","potentialAction":[{"@type":"ReadAction","target":["https:\/\/kuzeyinsesi.org\/index.php\/2025\/01\/08\/lubnanda-durzi-lider-canbolat-turkiye-suriye-halkini-kucaklamistir\/"]}]},{"@type":"ImageObject","inLanguage":"tr","@id":"https:\/\/kuzeyinsesi.org\/index.php\/2025\/01\/08\/lubnanda-durzi-lider-canbolat-turkiye-suriye-halkini-kucaklamistir\/#primaryimage","url":"https:\/\/kuzeyinsesi.org\/wp-content\/uploads\/2025\/01\/velid-canbolat-erdogan-aa-2319958.jpg","contentUrl":"https:\/\/kuzeyinsesi.org\/wp-content\/uploads\/2025\/01\/velid-canbolat-erdogan-aa-2319958.jpg","width":1280,"height":720},{"@type":"BreadcrumbList","@id":"https:\/\/kuzeyinsesi.org\/index.php\/2025\/01\/08\/lubnanda-durzi-lider-canbolat-turkiye-suriye-halkini-kucaklamistir\/#breadcrumb","itemListElement":[{"@type":"ListItem","position":1,"name":"Anasayfa","item":"https:\/\/kuzeyinsesi.org\/"},{"@type":"ListItem","position":2,"name":"L\u00fcbnan\u2019da D\u00fcrzi lider Canbolat: T\u00fcrkiye, Suriye halk\u0131n\u0131 kucaklam\u0131\u015ft\u0131r"}]},{"@type":"WebSite","@id":"https:\/\/kuzeyinsesi.org\/#website","url":"https:\/\/kuzeyinsesi.org\/","name":"Kuzeyin Sesi","description":"Do\u011fru Haberin Adresi","potentialAction":[{"@type":"SearchAction","target":{"@type":"EntryPoint","urlTemplate":"https:\/\/kuzeyinsesi.org\/?s={search_term_string}"},"query-input":{"@type":"PropertyValueSpecification","valueRequired":true,"valueName":"search_term_string"}}],"inLanguage":"tr"},{"@type":"Person","@id":"https:\/\/kuzeyinsesi.org\/#\/schema\/person\/9f859689cdf01485597712386e37f5aa","name":"Kuzeyin Sesi","image":{"@type":"ImageObject","inLanguage":"tr","@id":"https:\/\/secure.gravatar.com\/avatar\/bab33852abfd8b282518d6ed81826833d77c3c882d9ab608add591ccace47a44?s=96&d=mm&r=g","url":"https:\/\/secure.gravatar.com\/avatar\/bab33852abfd8b282518d6ed81826833d77c3c882d9ab608add591ccace47a44?s=96&d=mm&r=g","contentUrl":"https:\/\/secure.gravatar.com\/avatar\/bab33852abfd8b282518d6ed81826833d77c3c882d9ab608add591ccace47a44?s=96&d=mm&r=g","caption":"Kuzeyin Sesi"},"sameAs":["https:\/\/kuzeyinsesi.org"],"url":"https:\/\/kuzeyinsesi.org\/index.php\/author\/guven\/"}]}},"_links":{"self":[{"href":"https:\/\/kuzeyinsesi.org\/index.php\/wp-json\/wp\/v2\/posts\/16927","targetHints":{"allow":["GET"]}}],"collection":[{"href":"https:\/\/kuzeyinsesi.org\/index.php\/wp-json\/wp\/v2\/posts"}],"about":[{"href":"https:\/\/kuzeyinsesi.org\/index.php\/wp-json\/wp\/v2\/types\/post"}],"author":[{"embeddable":true,"href":"https:\/\/kuzeyinsesi.org\/index.php\/wp-json\/wp\/v2\/users\/1"}],"replies":[{"embeddable":true,"href":"https:\/\/kuzeyinsesi.org\/index.php\/wp-json\/wp\/v2\/comments?post=16927"}],"version-history":[{"count":0,"href":"https:\/\/kuzeyinsesi.org\/index.php\/wp-json\/wp\/v2\/posts\/16927\/revisions"}],"wp:featuredmedia":[{"embeddable":true,"href":"https:\/\/kuzeyinsesi.org\/index.php\/wp-json\/wp\/v2\/media\/16928"}],"wp:attachment":[{"href":"https:\/\/kuzeyinsesi.org\/index.php\/wp-json\/wp\/v2\/media?parent=16927"}],"wp:term":[{"taxonomy":"category","embeddable":true,"href":"https:\/\/kuzeyinsesi.org\/index.php\/wp-json\/wp\/v2\/categories?post=16927"},{"taxonomy":"post_tag","embeddable":true,"href":"https:\/\/kuzeyinsesi.org\/index.php\/wp-json\/wp\/v2\/tags?post=16927"}],"curies":[{"name":"wp","href":"https:\/\/api.w.org\/{rel}","templated":true}]}}