{"id":16925,"date":"2025-01-08T08:22:53","date_gmt":"2025-01-08T06:22:53","guid":{"rendered":"https:\/\/kuzeyinsesi.org\/index.php\/2025\/01\/08\/turk-deniz-kuvvetlerinin-gucunu-sergileyecegi-mavi-vatan-2025-tatbikati-basladi\/"},"modified":"2025-01-08T08:22:53","modified_gmt":"2025-01-08T06:22:53","slug":"turk-deniz-kuvvetlerinin-gucunu-sergileyecegi-mavi-vatan-2025-tatbikati-basladi","status":"publish","type":"post","link":"https:\/\/kuzeyinsesi.org\/index.php\/2025\/01\/08\/turk-deniz-kuvvetlerinin-gucunu-sergileyecegi-mavi-vatan-2025-tatbikati-basladi\/","title":{"rendered":"T\u00fcrk Deniz Kuvvetlerinin g\u00fcc\u00fcn\u00fc sergileyece\u011fi Mavi Vatan 2025 tatbikat\u0131 ba\u015flad\u0131"},"content":{"rendered":"<div>\n<div class=\"mariselle-image-container center\">\n                                            <\/div>\n<p>T\u00fcrk Deniz Kuvvetlerinin g\u00fcc\u00fcn\u00fc sergileyece\u011fi Karadeniz, Ege ve Do\u011fu Akdeniz\u2019i kapsayan Mavi Vatan 2025 tatbikat\u0131 ba\u015flad\u0131.<\/p>\n<p>Tatbikat, T\u00fcrk Deniz Kuvvetleri\u2019nin g\u00fcc\u00fcn\u00fc sergileyecek ve toplamda 90 gemi, 50 hava arac\u0131 ve 20 bin personel g\u00f6rev alacak.<\/p>\n<p>T\u00fcrkiye Donanma Kurmay Ba\u015fkan\u0131 Tu\u011famiral Kenan Kaan T\u00fcrkkan , d\u00fczenledi\u011fi bas\u0131n bilgilendirme toplant\u0131s\u0131nda, tatbikat\u0131n amac\u0131n\u0131n, Deniz Kuvvetleri ba\u011fl\u0131s\u0131 komutanl\u0131klar\u0131n harekat\u0131 sevk ve idare etkinli\u011finin de\u011ferlendirilmesi, tatbikata kat\u0131lacak unsurlar\u0131n harekata haz\u0131rl\u0131k seviyelerinin y\u00fckseltilmesi, karargah personeli ve tatbikata kat\u0131lan unsurlar\u0131n \u00e7ok tehditli ortamda muhakeme, \u00f6ng\u00f6r\u00fc ve karar verme yeteneklerinin geli\u015ftirilmesi, di\u011fer kuvvet komutanl\u0131klar\u0131yla tatbikata kat\u0131lan unsurlar aras\u0131nda m\u00fc\u015fterek \u00e7al\u0131\u015fabilirlik usullerinin denenmesi oldu\u011funu kaydetti. <\/p>\n<p>Tatbikatta, 10-11 Ocak tarihlerinde Karadeniz, Ege Denizi, Do\u011fu Akdeniz ve Kuzey K\u0131br\u0131s T\u00fcrk Cumhuriyeti\u2019ndeki 22 liman da ziyaret edilecek.<\/p>\n<\/p><\/div>\n<p><script async\n                    defer\n                    crossorigin=\"anonymous\"\n                    src=\"https:\/\/connect.facebook.net\/tr_TR\/sdk.js#xfbml=1&#038;version=v3.3\"\n            ><\/script><\/p>\n","protected":false},"excerpt":{"rendered":"<p>T\u00fcrk Deniz Kuvvetlerinin g\u00fcc\u00fcn\u00fc sergileyece\u011fi Karadeniz, Ege ve Do\u011fu Akdeniz\u2019i kapsayan Mavi Vatan 2025 tatbikat\u0131 ba\u015flad\u0131. Tatbikat, T\u00fcrk Deniz Kuvvetleri\u2019nin g\u00fcc\u00fcn\u00fc sergileyecek ve toplamda 90 gemi, 50 hava arac\u0131 ve 20 bin personel g\u00f6rev alacak. T\u00fcrkiye Donanma Kurmay Ba\u015fkan\u0131 Tu\u011famiral Kenan Kaan T\u00fcrkkan , d\u00fczenledi\u011fi bas\u0131n bilgilendirme toplant\u0131s\u0131nda, tatbikat\u0131n amac\u0131n\u0131n, Deniz Kuvvetleri ba\u011fl\u0131s\u0131 komutanl\u0131klar\u0131n harekat\u0131 [&hellip;]<\/p>\n","protected":false},"author":1,"featured_media":16926,"comment_status":"open","ping_status":"open","sticky":false,"template":"","format":"standard","meta":{"jnews-multi-image_gallery":[],"jnews_single_post":[],"jnews_primary_category":[],"jnews_social_meta":[],"jnews_override_counter":[],"footnotes":""},"categories":[5],"tags":[],"class_list":["post-16925","post","type-post","status-publish","format-standard","has-post-thumbnail","hentry","category-turkiye"],"yoast_head":"<!-- This site is optimized with the Yoast SEO plugin v27.4 - https:\/\/yoast.com\/product\/yoast-seo-wordpress\/ -->\n<title>T\u00fcrk Deniz Kuvvetlerinin g\u00fcc\u00fcn\u00fc sergileyece\u011fi Mavi Vatan 2025 tatbikat\u0131 ba\u015flad\u0131 - Kuzeyin Sesi<\/title>\n<meta name=\"robots\" content=\"index, follow, max-snippet:-1, max-image-preview:large, max-video-preview:-1\" \/>\n<link rel=\"canonical\" href=\"https:\/\/kuzeyinsesi.org\/index.php\/2025\/01\/08\/turk-deniz-kuvvetlerinin-gucunu-sergileyecegi-mavi-vatan-2025-tatbikati-basladi\/\" \/>\n<meta property=\"og:locale\" content=\"tr_TR\" \/>\n<meta property=\"og:type\" content=\"article\" \/>\n<meta property=\"og:title\" content=\"T\u00fcrk Deniz Kuvvetlerinin g\u00fcc\u00fcn\u00fc sergileyece\u011fi Mavi Vatan 2025 tatbikat\u0131 ba\u015flad\u0131 - Kuzeyin Sesi\" \/>\n<meta property=\"og:description\" content=\"T\u00fcrk Deniz Kuvvetlerinin g\u00fcc\u00fcn\u00fc sergileyece\u011fi Karadeniz, Ege ve Do\u011fu Akdeniz\u2019i kapsayan Mavi Vatan 2025 tatbikat\u0131 ba\u015flad\u0131. Tatbikat, T\u00fcrk Deniz Kuvvetleri\u2019nin g\u00fcc\u00fcn\u00fc sergileyecek ve toplamda 90 gemi, 50 hava arac\u0131 ve 20 bin personel g\u00f6rev alacak. T\u00fcrkiye Donanma Kurmay Ba\u015fkan\u0131 Tu\u011famiral Kenan Kaan T\u00fcrkkan , d\u00fczenledi\u011fi bas\u0131n bilgilendirme toplant\u0131s\u0131nda, tatbikat\u0131n amac\u0131n\u0131n, Deniz Kuvvetleri ba\u011fl\u0131s\u0131 komutanl\u0131klar\u0131n harekat\u0131 [&hellip;]\" \/>\n<meta property=\"og:url\" content=\"https:\/\/kuzeyinsesi.org\/index.php\/2025\/01\/08\/turk-deniz-kuvvetlerinin-gucunu-sergileyecegi-mavi-vatan-2025-tatbikati-basladi\/\" \/>\n<meta property=\"og:site_name\" content=\"Kuzeyin Sesi\" \/>\n<meta property=\"article:publisher\" content=\"https:\/\/www.facebook.com\/kuzeyinsesii\" \/>\n<meta property=\"article:published_time\" content=\"2025-01-08T06:22:53+00:00\" \/>\n<meta property=\"og:image\" content=\"https:\/\/brtk.net\/wp-content\/uploads\/2025\/01\/08\/1736164225409thumbs_b_c_23604b3bd10ae25d76d1cf1ecf0356af.jpg?ver=5e3d95b02e67274d08fd26ebb40d3458\" \/>\n<meta name=\"author\" content=\"Kuzeyin Sesi\" \/>\n<meta name=\"twitter:card\" content=\"summary_large_image\" \/>\n<meta name=\"twitter:creator\" content=\"@kuzeyinsesii\" \/>\n<meta name=\"twitter:site\" content=\"@kuzeyinsesii\" \/>\n<meta name=\"twitter:label1\" content=\"Yazan:\" \/>\n\t<meta name=\"twitter:data1\" content=\"Kuzeyin Sesi\" \/>\n\t<meta name=\"twitter:label2\" content=\"Tahmini okuma s\u00fcresi\" \/>\n\t<meta name=\"twitter:data2\" content=\"1 dakika\" \/>\n<script type=\"application\/ld+json\" class=\"yoast-schema-graph\">{\"@context\":\"https:\\\/\\\/schema.org\",\"@graph\":[{\"@type\":\"Article\",\"@id\":\"https:\\\/\\\/kuzeyinsesi.org\\\/index.php\\\/2025\\\/01\\\/08\\\/turk-deniz-kuvvetlerinin-gucunu-sergileyecegi-mavi-vatan-2025-tatbikati-basladi\\\/#article\",\"isPartOf\":{\"@id\":\"https:\\\/\\\/kuzeyinsesi.org\\\/index.php\\\/2025\\\/01\\\/08\\\/turk-deniz-kuvvetlerinin-gucunu-sergileyecegi-mavi-vatan-2025-tatbikati-basladi\\\/\"},\"author\":{\"name\":\"Kuzeyin Sesi\",\"@id\":\"https:\\\/\\\/kuzeyinsesi.org\\\/#\\\/schema\\\/person\\\/9f859689cdf01485597712386e37f5aa\"},\"headline\":\"T\u00fcrk Deniz Kuvvetlerinin g\u00fcc\u00fcn\u00fc sergileyece\u011fi Mavi Vatan 2025 tatbikat\u0131 ba\u015flad\u0131\",\"datePublished\":\"2025-01-08T06:22:53+00:00\",\"mainEntityOfPage\":{\"@id\":\"https:\\\/\\\/kuzeyinsesi.org\\\/index.php\\\/2025\\\/01\\\/08\\\/turk-deniz-kuvvetlerinin-gucunu-sergileyecegi-mavi-vatan-2025-tatbikati-basladi\\\/\"},\"wordCount\":175,\"commentCount\":0,\"image\":{\"@id\":\"https:\\\/\\\/kuzeyinsesi.org\\\/index.php\\\/2025\\\/01\\\/08\\\/turk-deniz-kuvvetlerinin-gucunu-sergileyecegi-mavi-vatan-2025-tatbikati-basladi\\\/#primaryimage\"},\"thumbnailUrl\":\"https:\\\/\\\/kuzeyinsesi.org\\\/wp-content\\\/uploads\\\/2025\\\/01\\\/1736317379_1736164225409thumbs_b_c_23604b3bd10ae25d76d1cf1ecf0356af.jpg\",\"articleSection\":[\"T\u00fcrkiye\"],\"inLanguage\":\"tr\",\"potentialAction\":[{\"@type\":\"CommentAction\",\"name\":\"Comment\",\"target\":[\"https:\\\/\\\/kuzeyinsesi.org\\\/index.php\\\/2025\\\/01\\\/08\\\/turk-deniz-kuvvetlerinin-gucunu-sergileyecegi-mavi-vatan-2025-tatbikati-basladi\\\/#respond\"]}]},{\"@type\":\"WebPage\",\"@id\":\"https:\\\/\\\/kuzeyinsesi.org\\\/index.php\\\/2025\\\/01\\\/08\\\/turk-deniz-kuvvetlerinin-gucunu-sergileyecegi-mavi-vatan-2025-tatbikati-basladi\\\/\",\"url\":\"https:\\\/\\\/kuzeyinsesi.org\\\/index.php\\\/2025\\\/01\\\/08\\\/turk-deniz-kuvvetlerinin-gucunu-sergileyecegi-mavi-vatan-2025-tatbikati-basladi\\\/\",\"name\":\"T\u00fcrk Deniz Kuvvetlerinin g\u00fcc\u00fcn\u00fc sergileyece\u011fi Mavi Vatan 2025 tatbikat\u0131 ba\u015flad\u0131 - Kuzeyin Sesi\",\"isPartOf\":{\"@id\":\"https:\\\/\\\/kuzeyinsesi.org\\\/#website\"},\"primaryImageOfPage\":{\"@id\":\"https:\\\/\\\/kuzeyinsesi.org\\\/index.php\\\/2025\\\/01\\\/08\\\/turk-deniz-kuvvetlerinin-gucunu-sergileyecegi-mavi-vatan-2025-tatbikati-basladi\\\/#primaryimage\"},\"image\":{\"@id\":\"https:\\\/\\\/kuzeyinsesi.org\\\/index.php\\\/2025\\\/01\\\/08\\\/turk-deniz-kuvvetlerinin-gucunu-sergileyecegi-mavi-vatan-2025-tatbikati-basladi\\\/#primaryimage\"},\"thumbnailUrl\":\"https:\\\/\\\/kuzeyinsesi.org\\\/wp-content\\\/uploads\\\/2025\\\/01\\\/1736317379_1736164225409thumbs_b_c_23604b3bd10ae25d76d1cf1ecf0356af.jpg\",\"datePublished\":\"2025-01-08T06:22:53+00:00\",\"author\":{\"@id\":\"https:\\\/\\\/kuzeyinsesi.org\\\/#\\\/schema\\\/person\\\/9f859689cdf01485597712386e37f5aa\"},\"breadcrumb\":{\"@id\":\"https:\\\/\\\/kuzeyinsesi.org\\\/index.php\\\/2025\\\/01\\\/08\\\/turk-deniz-kuvvetlerinin-gucunu-sergileyecegi-mavi-vatan-2025-tatbikati-basladi\\\/#breadcrumb\"},\"inLanguage\":\"tr\",\"potentialAction\":[{\"@type\":\"ReadAction\",\"target\":[\"https:\\\/\\\/kuzeyinsesi.org\\\/index.php\\\/2025\\\/01\\\/08\\\/turk-deniz-kuvvetlerinin-gucunu-sergileyecegi-mavi-vatan-2025-tatbikati-basladi\\\/\"]}]},{\"@type\":\"ImageObject\",\"inLanguage\":\"tr\",\"@id\":\"https:\\\/\\\/kuzeyinsesi.org\\\/index.php\\\/2025\\\/01\\\/08\\\/turk-deniz-kuvvetlerinin-gucunu-sergileyecegi-mavi-vatan-2025-tatbikati-basladi\\\/#primaryimage\",\"url\":\"https:\\\/\\\/kuzeyinsesi.org\\\/wp-content\\\/uploads\\\/2025\\\/01\\\/1736317379_1736164225409thumbs_b_c_23604b3bd10ae25d76d1cf1ecf0356af.jpg\",\"contentUrl\":\"https:\\\/\\\/kuzeyinsesi.org\\\/wp-content\\\/uploads\\\/2025\\\/01\\\/1736317379_1736164225409thumbs_b_c_23604b3bd10ae25d76d1cf1ecf0356af.jpg\",\"width\":864,\"height\":486},{\"@type\":\"BreadcrumbList\",\"@id\":\"https:\\\/\\\/kuzeyinsesi.org\\\/index.php\\\/2025\\\/01\\\/08\\\/turk-deniz-kuvvetlerinin-gucunu-sergileyecegi-mavi-vatan-2025-tatbikati-basladi\\\/#breadcrumb\",\"itemListElement\":[{\"@type\":\"ListItem\",\"position\":1,\"name\":\"Anasayfa\",\"item\":\"https:\\\/\\\/kuzeyinsesi.org\\\/\"},{\"@type\":\"ListItem\",\"position\":2,\"name\":\"T\u00fcrk Deniz Kuvvetlerinin g\u00fcc\u00fcn\u00fc sergileyece\u011fi Mavi Vatan 2025 tatbikat\u0131 ba\u015flad\u0131\"}]},{\"@type\":\"WebSite\",\"@id\":\"https:\\\/\\\/kuzeyinsesi.org\\\/#website\",\"url\":\"https:\\\/\\\/kuzeyinsesi.org\\\/\",\"name\":\"Kuzeyin Sesi\",\"description\":\"Do\u011fru Haberin Adresi\",\"potentialAction\":[{\"@type\":\"SearchAction\",\"target\":{\"@type\":\"EntryPoint\",\"urlTemplate\":\"https:\\\/\\\/kuzeyinsesi.org\\\/?s={search_term_string}\"},\"query-input\":{\"@type\":\"PropertyValueSpecification\",\"valueRequired\":true,\"valueName\":\"search_term_string\"}}],\"inLanguage\":\"tr\"},{\"@type\":\"Person\",\"@id\":\"https:\\\/\\\/kuzeyinsesi.org\\\/#\\\/schema\\\/person\\\/9f859689cdf01485597712386e37f5aa\",\"name\":\"Kuzeyin Sesi\",\"image\":{\"@type\":\"ImageObject\",\"inLanguage\":\"tr\",\"@id\":\"https:\\\/\\\/secure.gravatar.com\\\/avatar\\\/bab33852abfd8b282518d6ed81826833d77c3c882d9ab608add591ccace47a44?s=96&d=mm&r=g\",\"url\":\"https:\\\/\\\/secure.gravatar.com\\\/avatar\\\/bab33852abfd8b282518d6ed81826833d77c3c882d9ab608add591ccace47a44?s=96&d=mm&r=g\",\"contentUrl\":\"https:\\\/\\\/secure.gravatar.com\\\/avatar\\\/bab33852abfd8b282518d6ed81826833d77c3c882d9ab608add591ccace47a44?s=96&d=mm&r=g\",\"caption\":\"Kuzeyin Sesi\"},\"sameAs\":[\"https:\\\/\\\/kuzeyinsesi.org\"],\"url\":\"https:\\\/\\\/kuzeyinsesi.org\\\/index.php\\\/author\\\/guven\\\/\"}]}<\/script>\n<!-- \/ Yoast SEO plugin. -->","yoast_head_json":{"title":"T\u00fcrk Deniz Kuvvetlerinin g\u00fcc\u00fcn\u00fc sergileyece\u011fi Mavi Vatan 2025 tatbikat\u0131 ba\u015flad\u0131 - Kuzeyin Sesi","robots":{"index":"index","follow":"follow","max-snippet":"max-snippet:-1","max-image-preview":"max-image-preview:large","max-video-preview":"max-video-preview:-1"},"canonical":"https:\/\/kuzeyinsesi.org\/index.php\/2025\/01\/08\/turk-deniz-kuvvetlerinin-gucunu-sergileyecegi-mavi-vatan-2025-tatbikati-basladi\/","og_locale":"tr_TR","og_type":"article","og_title":"T\u00fcrk Deniz Kuvvetlerinin g\u00fcc\u00fcn\u00fc sergileyece\u011fi Mavi Vatan 2025 tatbikat\u0131 ba\u015flad\u0131 - Kuzeyin Sesi","og_description":"T\u00fcrk Deniz Kuvvetlerinin g\u00fcc\u00fcn\u00fc sergileyece\u011fi Karadeniz, Ege ve Do\u011fu Akdeniz\u2019i kapsayan Mavi Vatan 2025 tatbikat\u0131 ba\u015flad\u0131. Tatbikat, T\u00fcrk Deniz Kuvvetleri\u2019nin g\u00fcc\u00fcn\u00fc sergileyecek ve toplamda 90 gemi, 50 hava arac\u0131 ve 20 bin personel g\u00f6rev alacak. T\u00fcrkiye Donanma Kurmay Ba\u015fkan\u0131 Tu\u011famiral Kenan Kaan T\u00fcrkkan , d\u00fczenledi\u011fi bas\u0131n bilgilendirme toplant\u0131s\u0131nda, tatbikat\u0131n amac\u0131n\u0131n, Deniz Kuvvetleri ba\u011fl\u0131s\u0131 komutanl\u0131klar\u0131n harekat\u0131 [&hellip;]","og_url":"https:\/\/kuzeyinsesi.org\/index.php\/2025\/01\/08\/turk-deniz-kuvvetlerinin-gucunu-sergileyecegi-mavi-vatan-2025-tatbikati-basladi\/","og_site_name":"Kuzeyin Sesi","article_publisher":"https:\/\/www.facebook.com\/kuzeyinsesii","article_published_time":"2025-01-08T06:22:53+00:00","og_image":[{"url":"https:\/\/brtk.net\/wp-content\/uploads\/2025\/01\/08\/1736164225409thumbs_b_c_23604b3bd10ae25d76d1cf1ecf0356af.jpg?ver=5e3d95b02e67274d08fd26ebb40d3458","type":"","width":"","height":""}],"author":"Kuzeyin Sesi","twitter_card":"summary_large_image","twitter_creator":"@kuzeyinsesii","twitter_site":"@kuzeyinsesii","twitter_misc":{"Yazan:":"Kuzeyin Sesi","Tahmini okuma s\u00fcresi":"1 dakika"},"schema":{"@context":"https:\/\/schema.org","@graph":[{"@type":"Article","@id":"https:\/\/kuzeyinsesi.org\/index.php\/2025\/01\/08\/turk-deniz-kuvvetlerinin-gucunu-sergileyecegi-mavi-vatan-2025-tatbikati-basladi\/#article","isPartOf":{"@id":"https:\/\/kuzeyinsesi.org\/index.php\/2025\/01\/08\/turk-deniz-kuvvetlerinin-gucunu-sergileyecegi-mavi-vatan-2025-tatbikati-basladi\/"},"author":{"name":"Kuzeyin Sesi","@id":"https:\/\/kuzeyinsesi.org\/#\/schema\/person\/9f859689cdf01485597712386e37f5aa"},"headline":"T\u00fcrk Deniz Kuvvetlerinin g\u00fcc\u00fcn\u00fc sergileyece\u011fi Mavi Vatan 2025 tatbikat\u0131 ba\u015flad\u0131","datePublished":"2025-01-08T06:22:53+00:00","mainEntityOfPage":{"@id":"https:\/\/kuzeyinsesi.org\/index.php\/2025\/01\/08\/turk-deniz-kuvvetlerinin-gucunu-sergileyecegi-mavi-vatan-2025-tatbikati-basladi\/"},"wordCount":175,"commentCount":0,"image":{"@id":"https:\/\/kuzeyinsesi.org\/index.php\/2025\/01\/08\/turk-deniz-kuvvetlerinin-gucunu-sergileyecegi-mavi-vatan-2025-tatbikati-basladi\/#primaryimage"},"thumbnailUrl":"https:\/\/kuzeyinsesi.org\/wp-content\/uploads\/2025\/01\/1736317379_1736164225409thumbs_b_c_23604b3bd10ae25d76d1cf1ecf0356af.jpg","articleSection":["T\u00fcrkiye"],"inLanguage":"tr","potentialAction":[{"@type":"CommentAction","name":"Comment","target":["https:\/\/kuzeyinsesi.org\/index.php\/2025\/01\/08\/turk-deniz-kuvvetlerinin-gucunu-sergileyecegi-mavi-vatan-2025-tatbikati-basladi\/#respond"]}]},{"@type":"WebPage","@id":"https:\/\/kuzeyinsesi.org\/index.php\/2025\/01\/08\/turk-deniz-kuvvetlerinin-gucunu-sergileyecegi-mavi-vatan-2025-tatbikati-basladi\/","url":"https:\/\/kuzeyinsesi.org\/index.php\/2025\/01\/08\/turk-deniz-kuvvetlerinin-gucunu-sergileyecegi-mavi-vatan-2025-tatbikati-basladi\/","name":"T\u00fcrk Deniz Kuvvetlerinin g\u00fcc\u00fcn\u00fc sergileyece\u011fi Mavi Vatan 2025 tatbikat\u0131 ba\u015flad\u0131 - Kuzeyin Sesi","isPartOf":{"@id":"https:\/\/kuzeyinsesi.org\/#website"},"primaryImageOfPage":{"@id":"https:\/\/kuzeyinsesi.org\/index.php\/2025\/01\/08\/turk-deniz-kuvvetlerinin-gucunu-sergileyecegi-mavi-vatan-2025-tatbikati-basladi\/#primaryimage"},"image":{"@id":"https:\/\/kuzeyinsesi.org\/index.php\/2025\/01\/08\/turk-deniz-kuvvetlerinin-gucunu-sergileyecegi-mavi-vatan-2025-tatbikati-basladi\/#primaryimage"},"thumbnailUrl":"https:\/\/kuzeyinsesi.org\/wp-content\/uploads\/2025\/01\/1736317379_1736164225409thumbs_b_c_23604b3bd10ae25d76d1cf1ecf0356af.jpg","datePublished":"2025-01-08T06:22:53+00:00","author":{"@id":"https:\/\/kuzeyinsesi.org\/#\/schema\/person\/9f859689cdf01485597712386e37f5aa"},"breadcrumb":{"@id":"https:\/\/kuzeyinsesi.org\/index.php\/2025\/01\/08\/turk-deniz-kuvvetlerinin-gucunu-sergileyecegi-mavi-vatan-2025-tatbikati-basladi\/#breadcrumb"},"inLanguage":"tr","potentialAction":[{"@type":"ReadAction","target":["https:\/\/kuzeyinsesi.org\/index.php\/2025\/01\/08\/turk-deniz-kuvvetlerinin-gucunu-sergileyecegi-mavi-vatan-2025-tatbikati-basladi\/"]}]},{"@type":"ImageObject","inLanguage":"tr","@id":"https:\/\/kuzeyinsesi.org\/index.php\/2025\/01\/08\/turk-deniz-kuvvetlerinin-gucunu-sergileyecegi-mavi-vatan-2025-tatbikati-basladi\/#primaryimage","url":"https:\/\/kuzeyinsesi.org\/wp-content\/uploads\/2025\/01\/1736317379_1736164225409thumbs_b_c_23604b3bd10ae25d76d1cf1ecf0356af.jpg","contentUrl":"https:\/\/kuzeyinsesi.org\/wp-content\/uploads\/2025\/01\/1736317379_1736164225409thumbs_b_c_23604b3bd10ae25d76d1cf1ecf0356af.jpg","width":864,"height":486},{"@type":"BreadcrumbList","@id":"https:\/\/kuzeyinsesi.org\/index.php\/2025\/01\/08\/turk-deniz-kuvvetlerinin-gucunu-sergileyecegi-mavi-vatan-2025-tatbikati-basladi\/#breadcrumb","itemListElement":[{"@type":"ListItem","position":1,"name":"Anasayfa","item":"https:\/\/kuzeyinsesi.org\/"},{"@type":"ListItem","position":2,"name":"T\u00fcrk Deniz Kuvvetlerinin g\u00fcc\u00fcn\u00fc sergileyece\u011fi Mavi Vatan 2025 tatbikat\u0131 ba\u015flad\u0131"}]},{"@type":"WebSite","@id":"https:\/\/kuzeyinsesi.org\/#website","url":"https:\/\/kuzeyinsesi.org\/","name":"Kuzeyin Sesi","description":"Do\u011fru Haberin Adresi","potentialAction":[{"@type":"SearchAction","target":{"@type":"EntryPoint","urlTemplate":"https:\/\/kuzeyinsesi.org\/?s={search_term_string}"},"query-input":{"@type":"PropertyValueSpecification","valueRequired":true,"valueName":"search_term_string"}}],"inLanguage":"tr"},{"@type":"Person","@id":"https:\/\/kuzeyinsesi.org\/#\/schema\/person\/9f859689cdf01485597712386e37f5aa","name":"Kuzeyin Sesi","image":{"@type":"ImageObject","inLanguage":"tr","@id":"https:\/\/secure.gravatar.com\/avatar\/bab33852abfd8b282518d6ed81826833d77c3c882d9ab608add591ccace47a44?s=96&d=mm&r=g","url":"https:\/\/secure.gravatar.com\/avatar\/bab33852abfd8b282518d6ed81826833d77c3c882d9ab608add591ccace47a44?s=96&d=mm&r=g","contentUrl":"https:\/\/secure.gravatar.com\/avatar\/bab33852abfd8b282518d6ed81826833d77c3c882d9ab608add591ccace47a44?s=96&d=mm&r=g","caption":"Kuzeyin Sesi"},"sameAs":["https:\/\/kuzeyinsesi.org"],"url":"https:\/\/kuzeyinsesi.org\/index.php\/author\/guven\/"}]}},"_links":{"self":[{"href":"https:\/\/kuzeyinsesi.org\/index.php\/wp-json\/wp\/v2\/posts\/16925","targetHints":{"allow":["GET"]}}],"collection":[{"href":"https:\/\/kuzeyinsesi.org\/index.php\/wp-json\/wp\/v2\/posts"}],"about":[{"href":"https:\/\/kuzeyinsesi.org\/index.php\/wp-json\/wp\/v2\/types\/post"}],"author":[{"embeddable":true,"href":"https:\/\/kuzeyinsesi.org\/index.php\/wp-json\/wp\/v2\/users\/1"}],"replies":[{"embeddable":true,"href":"https:\/\/kuzeyinsesi.org\/index.php\/wp-json\/wp\/v2\/comments?post=16925"}],"version-history":[{"count":0,"href":"https:\/\/kuzeyinsesi.org\/index.php\/wp-json\/wp\/v2\/posts\/16925\/revisions"}],"wp:featuredmedia":[{"embeddable":true,"href":"https:\/\/kuzeyinsesi.org\/index.php\/wp-json\/wp\/v2\/media\/16926"}],"wp:attachment":[{"href":"https:\/\/kuzeyinsesi.org\/index.php\/wp-json\/wp\/v2\/media?parent=16925"}],"wp:term":[{"taxonomy":"category","embeddable":true,"href":"https:\/\/kuzeyinsesi.org\/index.php\/wp-json\/wp\/v2\/categories?post=16925"},{"taxonomy":"post_tag","embeddable":true,"href":"https:\/\/kuzeyinsesi.org\/index.php\/wp-json\/wp\/v2\/tags?post=16925"}],"curies":[{"name":"wp","href":"https:\/\/api.w.org\/{rel}","templated":true}]}}