{"id":16907,"date":"2025-01-07T15:32:33","date_gmt":"2025-01-07T13:32:33","guid":{"rendered":"https:\/\/kuzeyinsesi.org\/index.php\/2025\/01\/07\/bahar-esintileri-sanat-dernegi-korosu-dubai-emirliginde-kktcyi-temsil-edecek\/"},"modified":"2025-01-07T15:32:33","modified_gmt":"2025-01-07T13:32:33","slug":"bahar-esintileri-sanat-dernegi-korosu-dubai-emirliginde-kktcyi-temsil-edecek","status":"publish","type":"post","link":"https:\/\/kuzeyinsesi.org\/index.php\/2025\/01\/07\/bahar-esintileri-sanat-dernegi-korosu-dubai-emirliginde-kktcyi-temsil-edecek\/","title":{"rendered":"Bahar Esintileri Sanat Derne\u011fi Korosu, Dubai Emirli\u011fi\u2019nde KKTC\u2019yi temsil edecek"},"content":{"rendered":"<div>\n<div class=\"mariselle-image-container center\">\n                                            <\/div>\n<p> \u015eef Sanat\u00e7\u0131 Bahar G\u00f6khan y\u00f6netimindeki Bahar Esintileri Sanat Derne\u011fi Korosu, ilk kez Birle\u015fik Arap Emirlikleri\u2019nin Dubai Emirli\u011fi\u2019nde KKTC\u2019yi temsil edecek.<\/p>\n<p>Verilen bilgiye g\u00f6re, D\u0131\u015fi\u015fleri Bakanl\u0131\u011f\u0131 Abu Dhabi temsilcili\u011fi ve GEMTUR katk\u0131lar\u0131yla 4 \u015eubat\u2019ta Dubai Holiday Inn Science Park Hotel\u2019de \u0130bn-i Hayn Salonu\u2019nda yap\u0131lacak konserde, orkestran\u0131n \u015fefli\u011fini Azerbaycan\u2019\u0131n \u00fcnl\u00fc Orkestra \u015eefi Nargiz Aliyeva yapacak. Koro, etkinlikte T\u00fcrk\u00e7e ve Arap\u00e7a \u015fark\u0131lar seslendirecek.<\/p>\n<p>Bu arada, Bahar Esintileri Sanat Derne\u011fi Korosu, nisan ay\u0131nda Cumhurba\u015fkanl\u0131\u011f\u0131 himayelerinde \u201c\u00dc\u00e7 Devlet Bir Millet\u201d ruhunu ya\u015fatacak ve T\u00fcrkiye\u2019den \u00c7orlu M\u00fczik Derne\u011fi ve Asel Sanat Merkezi Korolar\u0131, Azerbaycan Qarabag Ansambl Orkestras\u0131 ve solistlerinin yer alaca\u011f\u0131 \u201cT\u00fcrk D\u00fcnyas\u0131 KKTC\u2019de Bulu\u015fuyor\u201d konserine ev sahipli\u011fi yapacak.<\/p>\n<\/p><\/div>\n<p><script async\n                    defer\n                    crossorigin=\"anonymous\"\n                    src=\"https:\/\/connect.facebook.net\/tr_TR\/sdk.js#xfbml=1&#038;version=v3.3\"\n            ><\/script><\/p>\n","protected":false},"excerpt":{"rendered":"<p>\u015eef Sanat\u00e7\u0131 Bahar G\u00f6khan y\u00f6netimindeki Bahar Esintileri Sanat Derne\u011fi Korosu, ilk kez Birle\u015fik Arap Emirlikleri\u2019nin Dubai Emirli\u011fi\u2019nde KKTC\u2019yi temsil edecek. Verilen bilgiye g\u00f6re, D\u0131\u015fi\u015fleri Bakanl\u0131\u011f\u0131 Abu Dhabi temsilcili\u011fi ve GEMTUR katk\u0131lar\u0131yla 4 \u015eubat\u2019ta Dubai Holiday Inn Science Park Hotel\u2019de \u0130bn-i Hayn Salonu\u2019nda yap\u0131lacak konserde, orkestran\u0131n \u015fefli\u011fini Azerbaycan\u2019\u0131n \u00fcnl\u00fc Orkestra \u015eefi Nargiz Aliyeva yapacak. Koro, etkinlikte [&hellip;]<\/p>\n","protected":false},"author":1,"featured_media":16908,"comment_status":"open","ping_status":"open","sticky":false,"template":"","format":"standard","meta":{"jnews-multi-image_gallery":[],"jnews_single_post":[],"jnews_primary_category":[],"jnews_social_meta":[],"jnews_override_counter":[],"footnotes":""},"categories":[6],"tags":[],"class_list":["post-16907","post","type-post","status-publish","format-standard","has-post-thumbnail","hentry","category-yasam"],"yoast_head":"<!-- This site is optimized with the Yoast SEO plugin v27.4 - https:\/\/yoast.com\/product\/yoast-seo-wordpress\/ -->\n<title>Bahar Esintileri Sanat Derne\u011fi Korosu, Dubai Emirli\u011fi\u2019nde KKTC\u2019yi temsil edecek - Kuzeyin Sesi<\/title>\n<meta name=\"robots\" content=\"index, follow, max-snippet:-1, max-image-preview:large, max-video-preview:-1\" \/>\n<link rel=\"canonical\" href=\"https:\/\/kuzeyinsesi.org\/index.php\/2025\/01\/07\/bahar-esintileri-sanat-dernegi-korosu-dubai-emirliginde-kktcyi-temsil-edecek\/\" \/>\n<meta property=\"og:locale\" content=\"tr_TR\" \/>\n<meta property=\"og:type\" content=\"article\" \/>\n<meta property=\"og:title\" content=\"Bahar Esintileri Sanat Derne\u011fi Korosu, Dubai Emirli\u011fi\u2019nde KKTC\u2019yi temsil edecek - Kuzeyin Sesi\" \/>\n<meta property=\"og:description\" content=\"\u015eef Sanat\u00e7\u0131 Bahar G\u00f6khan y\u00f6netimindeki Bahar Esintileri Sanat Derne\u011fi Korosu, ilk kez Birle\u015fik Arap Emirlikleri\u2019nin Dubai Emirli\u011fi\u2019nde KKTC\u2019yi temsil edecek. Verilen bilgiye g\u00f6re, D\u0131\u015fi\u015fleri Bakanl\u0131\u011f\u0131 Abu Dhabi temsilcili\u011fi ve GEMTUR katk\u0131lar\u0131yla 4 \u015eubat\u2019ta Dubai Holiday Inn Science Park Hotel\u2019de \u0130bn-i Hayn Salonu\u2019nda yap\u0131lacak konserde, orkestran\u0131n \u015fefli\u011fini Azerbaycan\u2019\u0131n \u00fcnl\u00fc Orkestra \u015eefi Nargiz Aliyeva yapacak. Koro, etkinlikte [&hellip;]\" \/>\n<meta property=\"og:url\" content=\"https:\/\/kuzeyinsesi.org\/index.php\/2025\/01\/07\/bahar-esintileri-sanat-dernegi-korosu-dubai-emirliginde-kktcyi-temsil-edecek\/\" \/>\n<meta property=\"og:site_name\" content=\"Kuzeyin Sesi\" \/>\n<meta property=\"article:publisher\" content=\"https:\/\/www.facebook.com\/kuzeyinsesii\" \/>\n<meta property=\"article:published_time\" content=\"2025-01-07T13:32:33+00:00\" \/>\n<meta property=\"og:image\" content=\"https:\/\/brtk.net\/wp-content\/uploads\/2025\/01\/07\/oooooooooooooooooooooooooooo.jpg?ver=ec4f9af4c79001535ae5fdbc36609c37\" \/>\n<meta name=\"author\" content=\"Kuzeyin Sesi\" \/>\n<meta name=\"twitter:card\" content=\"summary_large_image\" \/>\n<meta name=\"twitter:creator\" content=\"@kuzeyinsesii\" \/>\n<meta name=\"twitter:site\" content=\"@kuzeyinsesii\" \/>\n<meta name=\"twitter:label1\" content=\"Yazan:\" \/>\n\t<meta name=\"twitter:data1\" content=\"Kuzeyin Sesi\" \/>\n\t<meta name=\"twitter:label2\" content=\"Tahmini okuma s\u00fcresi\" \/>\n\t<meta name=\"twitter:data2\" content=\"1 dakika\" \/>\n<script type=\"application\/ld+json\" class=\"yoast-schema-graph\">{\"@context\":\"https:\\\/\\\/schema.org\",\"@graph\":[{\"@type\":\"Article\",\"@id\":\"https:\\\/\\\/kuzeyinsesi.org\\\/index.php\\\/2025\\\/01\\\/07\\\/bahar-esintileri-sanat-dernegi-korosu-dubai-emirliginde-kktcyi-temsil-edecek\\\/#article\",\"isPartOf\":{\"@id\":\"https:\\\/\\\/kuzeyinsesi.org\\\/index.php\\\/2025\\\/01\\\/07\\\/bahar-esintileri-sanat-dernegi-korosu-dubai-emirliginde-kktcyi-temsil-edecek\\\/\"},\"author\":{\"name\":\"Kuzeyin Sesi\",\"@id\":\"https:\\\/\\\/kuzeyinsesi.org\\\/#\\\/schema\\\/person\\\/9f859689cdf01485597712386e37f5aa\"},\"headline\":\"Bahar Esintileri Sanat Derne\u011fi Korosu, Dubai Emirli\u011fi\u2019nde KKTC\u2019yi temsil edecek\",\"datePublished\":\"2025-01-07T13:32:33+00:00\",\"mainEntityOfPage\":{\"@id\":\"https:\\\/\\\/kuzeyinsesi.org\\\/index.php\\\/2025\\\/01\\\/07\\\/bahar-esintileri-sanat-dernegi-korosu-dubai-emirliginde-kktcyi-temsil-edecek\\\/\"},\"wordCount\":153,\"commentCount\":0,\"image\":{\"@id\":\"https:\\\/\\\/kuzeyinsesi.org\\\/index.php\\\/2025\\\/01\\\/07\\\/bahar-esintileri-sanat-dernegi-korosu-dubai-emirliginde-kktcyi-temsil-edecek\\\/#primaryimage\"},\"thumbnailUrl\":\"https:\\\/\\\/kuzeyinsesi.org\\\/wp-content\\\/uploads\\\/2025\\\/01\\\/oooooooooooooooooooooooooooo.jpg\",\"articleSection\":[\"Ya\u015fam\"],\"inLanguage\":\"tr\",\"potentialAction\":[{\"@type\":\"CommentAction\",\"name\":\"Comment\",\"target\":[\"https:\\\/\\\/kuzeyinsesi.org\\\/index.php\\\/2025\\\/01\\\/07\\\/bahar-esintileri-sanat-dernegi-korosu-dubai-emirliginde-kktcyi-temsil-edecek\\\/#respond\"]}]},{\"@type\":\"WebPage\",\"@id\":\"https:\\\/\\\/kuzeyinsesi.org\\\/index.php\\\/2025\\\/01\\\/07\\\/bahar-esintileri-sanat-dernegi-korosu-dubai-emirliginde-kktcyi-temsil-edecek\\\/\",\"url\":\"https:\\\/\\\/kuzeyinsesi.org\\\/index.php\\\/2025\\\/01\\\/07\\\/bahar-esintileri-sanat-dernegi-korosu-dubai-emirliginde-kktcyi-temsil-edecek\\\/\",\"name\":\"Bahar Esintileri Sanat Derne\u011fi Korosu, Dubai Emirli\u011fi\u2019nde KKTC\u2019yi temsil edecek - Kuzeyin Sesi\",\"isPartOf\":{\"@id\":\"https:\\\/\\\/kuzeyinsesi.org\\\/#website\"},\"primaryImageOfPage\":{\"@id\":\"https:\\\/\\\/kuzeyinsesi.org\\\/index.php\\\/2025\\\/01\\\/07\\\/bahar-esintileri-sanat-dernegi-korosu-dubai-emirliginde-kktcyi-temsil-edecek\\\/#primaryimage\"},\"image\":{\"@id\":\"https:\\\/\\\/kuzeyinsesi.org\\\/index.php\\\/2025\\\/01\\\/07\\\/bahar-esintileri-sanat-dernegi-korosu-dubai-emirliginde-kktcyi-temsil-edecek\\\/#primaryimage\"},\"thumbnailUrl\":\"https:\\\/\\\/kuzeyinsesi.org\\\/wp-content\\\/uploads\\\/2025\\\/01\\\/oooooooooooooooooooooooooooo.jpg\",\"datePublished\":\"2025-01-07T13:32:33+00:00\",\"author\":{\"@id\":\"https:\\\/\\\/kuzeyinsesi.org\\\/#\\\/schema\\\/person\\\/9f859689cdf01485597712386e37f5aa\"},\"breadcrumb\":{\"@id\":\"https:\\\/\\\/kuzeyinsesi.org\\\/index.php\\\/2025\\\/01\\\/07\\\/bahar-esintileri-sanat-dernegi-korosu-dubai-emirliginde-kktcyi-temsil-edecek\\\/#breadcrumb\"},\"inLanguage\":\"tr\",\"potentialAction\":[{\"@type\":\"ReadAction\",\"target\":[\"https:\\\/\\\/kuzeyinsesi.org\\\/index.php\\\/2025\\\/01\\\/07\\\/bahar-esintileri-sanat-dernegi-korosu-dubai-emirliginde-kktcyi-temsil-edecek\\\/\"]}]},{\"@type\":\"ImageObject\",\"inLanguage\":\"tr\",\"@id\":\"https:\\\/\\\/kuzeyinsesi.org\\\/index.php\\\/2025\\\/01\\\/07\\\/bahar-esintileri-sanat-dernegi-korosu-dubai-emirliginde-kktcyi-temsil-edecek\\\/#primaryimage\",\"url\":\"https:\\\/\\\/kuzeyinsesi.org\\\/wp-content\\\/uploads\\\/2025\\\/01\\\/oooooooooooooooooooooooooooo.jpg\",\"contentUrl\":\"https:\\\/\\\/kuzeyinsesi.org\\\/wp-content\\\/uploads\\\/2025\\\/01\\\/oooooooooooooooooooooooooooo.jpg\",\"width\":1106,\"height\":829},{\"@type\":\"BreadcrumbList\",\"@id\":\"https:\\\/\\\/kuzeyinsesi.org\\\/index.php\\\/2025\\\/01\\\/07\\\/bahar-esintileri-sanat-dernegi-korosu-dubai-emirliginde-kktcyi-temsil-edecek\\\/#breadcrumb\",\"itemListElement\":[{\"@type\":\"ListItem\",\"position\":1,\"name\":\"Anasayfa\",\"item\":\"https:\\\/\\\/kuzeyinsesi.org\\\/\"},{\"@type\":\"ListItem\",\"position\":2,\"name\":\"Bahar Esintileri Sanat Derne\u011fi Korosu, Dubai Emirli\u011fi\u2019nde KKTC\u2019yi temsil edecek\"}]},{\"@type\":\"WebSite\",\"@id\":\"https:\\\/\\\/kuzeyinsesi.org\\\/#website\",\"url\":\"https:\\\/\\\/kuzeyinsesi.org\\\/\",\"name\":\"Kuzeyin Sesi\",\"description\":\"Do\u011fru Haberin Adresi\",\"potentialAction\":[{\"@type\":\"SearchAction\",\"target\":{\"@type\":\"EntryPoint\",\"urlTemplate\":\"https:\\\/\\\/kuzeyinsesi.org\\\/?s={search_term_string}\"},\"query-input\":{\"@type\":\"PropertyValueSpecification\",\"valueRequired\":true,\"valueName\":\"search_term_string\"}}],\"inLanguage\":\"tr\"},{\"@type\":\"Person\",\"@id\":\"https:\\\/\\\/kuzeyinsesi.org\\\/#\\\/schema\\\/person\\\/9f859689cdf01485597712386e37f5aa\",\"name\":\"Kuzeyin Sesi\",\"image\":{\"@type\":\"ImageObject\",\"inLanguage\":\"tr\",\"@id\":\"https:\\\/\\\/secure.gravatar.com\\\/avatar\\\/bab33852abfd8b282518d6ed81826833d77c3c882d9ab608add591ccace47a44?s=96&d=mm&r=g\",\"url\":\"https:\\\/\\\/secure.gravatar.com\\\/avatar\\\/bab33852abfd8b282518d6ed81826833d77c3c882d9ab608add591ccace47a44?s=96&d=mm&r=g\",\"contentUrl\":\"https:\\\/\\\/secure.gravatar.com\\\/avatar\\\/bab33852abfd8b282518d6ed81826833d77c3c882d9ab608add591ccace47a44?s=96&d=mm&r=g\",\"caption\":\"Kuzeyin Sesi\"},\"sameAs\":[\"https:\\\/\\\/kuzeyinsesi.org\"],\"url\":\"https:\\\/\\\/kuzeyinsesi.org\\\/index.php\\\/author\\\/guven\\\/\"}]}<\/script>\n<!-- \/ Yoast SEO plugin. -->","yoast_head_json":{"title":"Bahar Esintileri Sanat Derne\u011fi Korosu, Dubai Emirli\u011fi\u2019nde KKTC\u2019yi temsil edecek - Kuzeyin Sesi","robots":{"index":"index","follow":"follow","max-snippet":"max-snippet:-1","max-image-preview":"max-image-preview:large","max-video-preview":"max-video-preview:-1"},"canonical":"https:\/\/kuzeyinsesi.org\/index.php\/2025\/01\/07\/bahar-esintileri-sanat-dernegi-korosu-dubai-emirliginde-kktcyi-temsil-edecek\/","og_locale":"tr_TR","og_type":"article","og_title":"Bahar Esintileri Sanat Derne\u011fi Korosu, Dubai Emirli\u011fi\u2019nde KKTC\u2019yi temsil edecek - Kuzeyin Sesi","og_description":"\u015eef Sanat\u00e7\u0131 Bahar G\u00f6khan y\u00f6netimindeki Bahar Esintileri Sanat Derne\u011fi Korosu, ilk kez Birle\u015fik Arap Emirlikleri\u2019nin Dubai Emirli\u011fi\u2019nde KKTC\u2019yi temsil edecek. Verilen bilgiye g\u00f6re, D\u0131\u015fi\u015fleri Bakanl\u0131\u011f\u0131 Abu Dhabi temsilcili\u011fi ve GEMTUR katk\u0131lar\u0131yla 4 \u015eubat\u2019ta Dubai Holiday Inn Science Park Hotel\u2019de \u0130bn-i Hayn Salonu\u2019nda yap\u0131lacak konserde, orkestran\u0131n \u015fefli\u011fini Azerbaycan\u2019\u0131n \u00fcnl\u00fc Orkestra \u015eefi Nargiz Aliyeva yapacak. Koro, etkinlikte [&hellip;]","og_url":"https:\/\/kuzeyinsesi.org\/index.php\/2025\/01\/07\/bahar-esintileri-sanat-dernegi-korosu-dubai-emirliginde-kktcyi-temsil-edecek\/","og_site_name":"Kuzeyin Sesi","article_publisher":"https:\/\/www.facebook.com\/kuzeyinsesii","article_published_time":"2025-01-07T13:32:33+00:00","og_image":[{"url":"https:\/\/brtk.net\/wp-content\/uploads\/2025\/01\/07\/oooooooooooooooooooooooooooo.jpg?ver=ec4f9af4c79001535ae5fdbc36609c37","type":"","width":"","height":""}],"author":"Kuzeyin Sesi","twitter_card":"summary_large_image","twitter_creator":"@kuzeyinsesii","twitter_site":"@kuzeyinsesii","twitter_misc":{"Yazan:":"Kuzeyin Sesi","Tahmini okuma s\u00fcresi":"1 dakika"},"schema":{"@context":"https:\/\/schema.org","@graph":[{"@type":"Article","@id":"https:\/\/kuzeyinsesi.org\/index.php\/2025\/01\/07\/bahar-esintileri-sanat-dernegi-korosu-dubai-emirliginde-kktcyi-temsil-edecek\/#article","isPartOf":{"@id":"https:\/\/kuzeyinsesi.org\/index.php\/2025\/01\/07\/bahar-esintileri-sanat-dernegi-korosu-dubai-emirliginde-kktcyi-temsil-edecek\/"},"author":{"name":"Kuzeyin Sesi","@id":"https:\/\/kuzeyinsesi.org\/#\/schema\/person\/9f859689cdf01485597712386e37f5aa"},"headline":"Bahar Esintileri Sanat Derne\u011fi Korosu, Dubai Emirli\u011fi\u2019nde KKTC\u2019yi temsil edecek","datePublished":"2025-01-07T13:32:33+00:00","mainEntityOfPage":{"@id":"https:\/\/kuzeyinsesi.org\/index.php\/2025\/01\/07\/bahar-esintileri-sanat-dernegi-korosu-dubai-emirliginde-kktcyi-temsil-edecek\/"},"wordCount":153,"commentCount":0,"image":{"@id":"https:\/\/kuzeyinsesi.org\/index.php\/2025\/01\/07\/bahar-esintileri-sanat-dernegi-korosu-dubai-emirliginde-kktcyi-temsil-edecek\/#primaryimage"},"thumbnailUrl":"https:\/\/kuzeyinsesi.org\/wp-content\/uploads\/2025\/01\/oooooooooooooooooooooooooooo.jpg","articleSection":["Ya\u015fam"],"inLanguage":"tr","potentialAction":[{"@type":"CommentAction","name":"Comment","target":["https:\/\/kuzeyinsesi.org\/index.php\/2025\/01\/07\/bahar-esintileri-sanat-dernegi-korosu-dubai-emirliginde-kktcyi-temsil-edecek\/#respond"]}]},{"@type":"WebPage","@id":"https:\/\/kuzeyinsesi.org\/index.php\/2025\/01\/07\/bahar-esintileri-sanat-dernegi-korosu-dubai-emirliginde-kktcyi-temsil-edecek\/","url":"https:\/\/kuzeyinsesi.org\/index.php\/2025\/01\/07\/bahar-esintileri-sanat-dernegi-korosu-dubai-emirliginde-kktcyi-temsil-edecek\/","name":"Bahar Esintileri Sanat Derne\u011fi Korosu, Dubai Emirli\u011fi\u2019nde KKTC\u2019yi temsil edecek - Kuzeyin Sesi","isPartOf":{"@id":"https:\/\/kuzeyinsesi.org\/#website"},"primaryImageOfPage":{"@id":"https:\/\/kuzeyinsesi.org\/index.php\/2025\/01\/07\/bahar-esintileri-sanat-dernegi-korosu-dubai-emirliginde-kktcyi-temsil-edecek\/#primaryimage"},"image":{"@id":"https:\/\/kuzeyinsesi.org\/index.php\/2025\/01\/07\/bahar-esintileri-sanat-dernegi-korosu-dubai-emirliginde-kktcyi-temsil-edecek\/#primaryimage"},"thumbnailUrl":"https:\/\/kuzeyinsesi.org\/wp-content\/uploads\/2025\/01\/oooooooooooooooooooooooooooo.jpg","datePublished":"2025-01-07T13:32:33+00:00","author":{"@id":"https:\/\/kuzeyinsesi.org\/#\/schema\/person\/9f859689cdf01485597712386e37f5aa"},"breadcrumb":{"@id":"https:\/\/kuzeyinsesi.org\/index.php\/2025\/01\/07\/bahar-esintileri-sanat-dernegi-korosu-dubai-emirliginde-kktcyi-temsil-edecek\/#breadcrumb"},"inLanguage":"tr","potentialAction":[{"@type":"ReadAction","target":["https:\/\/kuzeyinsesi.org\/index.php\/2025\/01\/07\/bahar-esintileri-sanat-dernegi-korosu-dubai-emirliginde-kktcyi-temsil-edecek\/"]}]},{"@type":"ImageObject","inLanguage":"tr","@id":"https:\/\/kuzeyinsesi.org\/index.php\/2025\/01\/07\/bahar-esintileri-sanat-dernegi-korosu-dubai-emirliginde-kktcyi-temsil-edecek\/#primaryimage","url":"https:\/\/kuzeyinsesi.org\/wp-content\/uploads\/2025\/01\/oooooooooooooooooooooooooooo.jpg","contentUrl":"https:\/\/kuzeyinsesi.org\/wp-content\/uploads\/2025\/01\/oooooooooooooooooooooooooooo.jpg","width":1106,"height":829},{"@type":"BreadcrumbList","@id":"https:\/\/kuzeyinsesi.org\/index.php\/2025\/01\/07\/bahar-esintileri-sanat-dernegi-korosu-dubai-emirliginde-kktcyi-temsil-edecek\/#breadcrumb","itemListElement":[{"@type":"ListItem","position":1,"name":"Anasayfa","item":"https:\/\/kuzeyinsesi.org\/"},{"@type":"ListItem","position":2,"name":"Bahar Esintileri Sanat Derne\u011fi Korosu, Dubai Emirli\u011fi\u2019nde KKTC\u2019yi temsil edecek"}]},{"@type":"WebSite","@id":"https:\/\/kuzeyinsesi.org\/#website","url":"https:\/\/kuzeyinsesi.org\/","name":"Kuzeyin Sesi","description":"Do\u011fru Haberin Adresi","potentialAction":[{"@type":"SearchAction","target":{"@type":"EntryPoint","urlTemplate":"https:\/\/kuzeyinsesi.org\/?s={search_term_string}"},"query-input":{"@type":"PropertyValueSpecification","valueRequired":true,"valueName":"search_term_string"}}],"inLanguage":"tr"},{"@type":"Person","@id":"https:\/\/kuzeyinsesi.org\/#\/schema\/person\/9f859689cdf01485597712386e37f5aa","name":"Kuzeyin Sesi","image":{"@type":"ImageObject","inLanguage":"tr","@id":"https:\/\/secure.gravatar.com\/avatar\/bab33852abfd8b282518d6ed81826833d77c3c882d9ab608add591ccace47a44?s=96&d=mm&r=g","url":"https:\/\/secure.gravatar.com\/avatar\/bab33852abfd8b282518d6ed81826833d77c3c882d9ab608add591ccace47a44?s=96&d=mm&r=g","contentUrl":"https:\/\/secure.gravatar.com\/avatar\/bab33852abfd8b282518d6ed81826833d77c3c882d9ab608add591ccace47a44?s=96&d=mm&r=g","caption":"Kuzeyin Sesi"},"sameAs":["https:\/\/kuzeyinsesi.org"],"url":"https:\/\/kuzeyinsesi.org\/index.php\/author\/guven\/"}]}},"_links":{"self":[{"href":"https:\/\/kuzeyinsesi.org\/index.php\/wp-json\/wp\/v2\/posts\/16907","targetHints":{"allow":["GET"]}}],"collection":[{"href":"https:\/\/kuzeyinsesi.org\/index.php\/wp-json\/wp\/v2\/posts"}],"about":[{"href":"https:\/\/kuzeyinsesi.org\/index.php\/wp-json\/wp\/v2\/types\/post"}],"author":[{"embeddable":true,"href":"https:\/\/kuzeyinsesi.org\/index.php\/wp-json\/wp\/v2\/users\/1"}],"replies":[{"embeddable":true,"href":"https:\/\/kuzeyinsesi.org\/index.php\/wp-json\/wp\/v2\/comments?post=16907"}],"version-history":[{"count":0,"href":"https:\/\/kuzeyinsesi.org\/index.php\/wp-json\/wp\/v2\/posts\/16907\/revisions"}],"wp:featuredmedia":[{"embeddable":true,"href":"https:\/\/kuzeyinsesi.org\/index.php\/wp-json\/wp\/v2\/media\/16908"}],"wp:attachment":[{"href":"https:\/\/kuzeyinsesi.org\/index.php\/wp-json\/wp\/v2\/media?parent=16907"}],"wp:term":[{"taxonomy":"category","embeddable":true,"href":"https:\/\/kuzeyinsesi.org\/index.php\/wp-json\/wp\/v2\/categories?post=16907"},{"taxonomy":"post_tag","embeddable":true,"href":"https:\/\/kuzeyinsesi.org\/index.php\/wp-json\/wp\/v2\/tags?post=16907"}],"curies":[{"name":"wp","href":"https:\/\/api.w.org\/{rel}","templated":true}]}}