{"id":16878,"date":"2025-01-07T10:37:31","date_gmt":"2025-01-07T08:37:31","guid":{"rendered":"https:\/\/kuzeyinsesi.org\/index.php\/2025\/01\/07\/erdogansuriyenin-parcalanmasina-riza-gostermeyiz-risk-gorursek-gerekli-adimlari-atariz\/"},"modified":"2025-01-07T10:37:31","modified_gmt":"2025-01-07T08:37:31","slug":"erdogansuriyenin-parcalanmasina-riza-gostermeyiz-risk-gorursek-gerekli-adimlari-atariz","status":"publish","type":"post","link":"https:\/\/kuzeyinsesi.org\/index.php\/2025\/01\/07\/erdogansuriyenin-parcalanmasina-riza-gostermeyiz-risk-gorursek-gerekli-adimlari-atariz\/","title":{"rendered":"Erdo\u011fan:Suriye\u2019nin par\u00e7alanmas\u0131na r\u0131za g\u00f6stermeyiz, risk g\u00f6r\u00fcrsek gerekli ad\u0131mlar\u0131 atar\u0131z"},"content":{"rendered":"<div>\n<div class=\"mariselle-image-container center\">\n                                            <\/div>\n<p>T\u00fcrkiye Cumhurba\u015fkan\u0131 Recep Tayyip Erdo\u011fan, \u201cTer\u00f6r\u00fcn karanl\u0131k g\u00f6lgesi \u00fclkemiz siyasetinin \u00fczerinden \u00e7ekildik\u00e7e in\u015fallah T\u00fcrkiye daha sa\u011fl\u0131kl\u0131, olgun ve \u00f6zg\u00fcrl\u00fck\u00e7\u00fc bir zemine kavu\u015facakt\u0131r.\u201d dedi.<\/p>\n<p>Erdo\u011fan, d\u00fcnk\u00fc TC Cumhurba\u015fkanl\u0131\u011f\u0131 K\u00fclliyesi\u2019ndeki Kabine Toplant\u0131s\u0131\u2019n\u0131n ard\u0131ndan millete seslendi.<\/p>\n<p>\u201cTer\u00f6rs\u00fcz T\u00fcrkiye\u201d hedeflerine ula\u015fman\u0131n, yak\u0131n gelecekteki en \u00f6nemli \u00f6nceliklerinden biri oldu\u011funu dile getiren Erdo\u011fan, ter\u00f6r\u00fcn ve \u015fiddetin h\u00fck\u00fcm s\u00fcrd\u00fc\u011f\u00fc bir iklimde demokrasinin ne\u015fv\u00fcnema bulmas\u0131n\u0131n, geli\u015fmesinin, serpilmesinin, kendi ayaklar\u0131 \u00fczerinde durmas\u0131n\u0131n m\u00fcmk\u00fcn olmayaca\u011f\u0131n\u0131 s\u00f6yledi.<\/p>\n<p>Erdo\u011fan, \u201cArkas\u0131na ter\u00f6r\u00fc ve ter\u00f6risti alarak siyaset olmaz, olamaz. D\u00fcnyan\u0131n hi\u00e7bir medeni \u00fclkesi, buna izin vermez. Ter\u00f6r\u00fcn karanl\u0131k g\u00f6lgesi \u00fclkemiz siyasetinin \u00fczerinden \u00e7ekildik\u00e7e in\u015fallah T\u00fcrkiye daha sa\u011fl\u0131kl\u0131, olgun ve \u00f6zg\u00fcrl\u00fck\u00e7\u00fc bir zemine kavu\u015facakt\u0131r.\u201d diye konu\u015ftu.<\/p>\n<p>\u2013 \u201cGerekli ad\u0131mlar\u0131 s\u00fcratle atar\u0131z\u201d<\/p>\n<p>Suriye\u2019de ger\u00e7ekle\u015fen epik devrimle hem bu \u00fclkede hem de b\u00f6lgede art\u0131k yeni bir d\u00f6nemin ba\u015flad\u0131\u011f\u0131n\u0131 s\u00f6yleyen Erdo\u011fan, s\u00f6zlerini \u015f\u00f6yle s\u00fcrd\u00fcrd\u00fc:<\/p>\n<p>\u201cYeni Suriye y\u00f6netiminin \u00fclkenin toprak b\u00fct\u00fcnl\u00fc\u011f\u00fc ve birli\u011fi temelinde bir Suriye in\u015fa etmeye \u00e7al\u0131\u015ft\u0131\u011f\u0131n\u0131, bunda da kararl\u0131 oldu\u011funu g\u00f6r\u00fcyoruz. Bizim de samimi arzumuz, beklentimiz, politikam\u0131z bu y\u00f6ndedir. Suriye\u2019nin par\u00e7alanmas\u0131na, hangi kisveyle olursa olsun \u00fcniter yap\u0131s\u0131n\u0131n bozulmas\u0131na r\u0131za g\u00f6stermeyiz. Bu konuda bir risk g\u00f6r\u00fcrsek, gerekli ad\u0131mlar\u0131 s\u00fcratle atar\u0131z. Suriye\u2019deki ihtilaf\u0131 ve DEA\u015e tehdidini f\u0131rsata \u00e7evirip farkl\u0131 h\u00fclyalar g\u00f6renler, son geli\u015fmeler sonras\u0131nda b\u00f6lgemizin kadim ger\u00e7ekleriyle y\u00fczle\u015fmi\u015flerdir. Bu ger\u00e7ek, b\u00f6lgenin gelece\u011finde ter\u00f6re yer olmad\u0131\u011f\u0131d\u0131r.<\/p>\n<p>Tercihini ter\u00f6rden ve \u015fiddetten yana kullananlar\u0131 bekleyen tek ak\u0131bet, silahlar\u0131yla birlikte topra\u011fa g\u00f6m\u00fclmektir. A\u00e7\u0131k s\u00f6yl\u00fcyorum, bunun \u00f6n\u00fcne hi\u00e7bir g\u00fc\u00e7 ge\u00e7emez. T\u00fcrkiye, bekas\u0131n\u0131 ve g\u00fcvenli\u011fini koruma noktas\u0131nda nas\u0131l tavizsiz bir iradeye sahip oldu\u011funu pek \u00e7ok kez g\u00f6stermi\u015ftir. \u0130\u015f o raddeye var\u0131rsa yine bir gece ans\u0131z\u0131n gelebiliriz. Allah\u2019\u0131n izniyle bunu yapabilecek g\u00fcc\u00fcm\u00fcz, kapasitemiz ve kabiliyetimiz ziyadesiyle mevcuttur. Herkes hesab\u0131n\u0131 buna g\u00f6re yapmal\u0131d\u0131r.\u201d<\/p>\n<p>Cumhurba\u015fkan\u0131 Erdo\u011fan, \u201cBilhassa sorumluluk mevkiinde olanlar, ne provokasyonlara gelmeli ne de milleti provoke edecek c\u00fcmleler kurmal\u0131d\u0131r. Ter\u00f6r baronlar\u0131 ad\u0131na milleti tehdit edenlere pabu\u00e7 b\u0131rakmayaca\u011f\u0131m\u0131z\u0131 burada \u00f6zellikle ifade etmek istiyorum. Kimi il ve il\u00e7elerimizde a\u00e7t\u0131klar\u0131 hendeklerle kantonculuk pe\u015finde ko\u015fanlar\u0131 nas\u0131l o \u00e7ukurlara g\u00f6md\u00fcysek, bug\u00fcn de ayn\u0131 niyeti ta\u015f\u0131yanlar \u00e7\u0131karsa bunun bedelini onlara misliyle \u00f6detiriz.\u201d diye konu\u015ftu.<\/p>\n<p>\u2013 \u201cDevletimizin demir yumru\u011funu kullanmaktan \u00e7ekinmeyiz\u201d<\/p>\n<p>B\u00f6l\u00fcc\u00fc \u00f6rg\u00fct ve Suriye\u2019deki uzant\u0131lar\u0131 i\u00e7in \u00e7emberin darald\u0131\u011f\u0131na dikkati \u00e7eken Erdo\u011fan, \u201cD\u00fcn ve \u00f6nceki g\u00fcn de s\u00f6yledim, biz, iktidar ve ittifak olarak \u2018ter\u00f6rs\u00fcz T\u00fcrkiye\u2019 hedefimizi \u00f6yle veya b\u00f6yle ama mutlaka ger\u00e7ekle\u015ftirece\u011fiz. Bu konudaki h\u00fcsn\u00fcniyetimizi ve g\u00fc\u00e7l\u00fc irademizi kamuoyumuzla payla\u015ft\u0131k. Elbette biz bunun suhulet ve s\u00fckunetle olmas\u0131n\u0131 temenni ederiz. Ama bu yol t\u0131kan\u0131r veya dinamitlenirse, i\u015fte o zaman devletimizin kadife eldivene sar\u0131l\u0131 demir yumru\u011funu kullanmaktan da \u00e7ekinmeyiz. Sonu\u00e7ta karde\u015fli\u011fin kazanaca\u011f\u0131na, birli\u011fin, beraberli\u011fin ve huzurun kazanaca\u011f\u0131na y\u00fcrekten inan\u0131yoruz.\u201d ifadelerini kulland\u0131.<\/p>\n<p>Erdo\u011fan, bug\u00fcnk\u00fc kabine toplant\u0131s\u0131nda, Aile ve Sosyal Hizmetler, Ticaret ve Ula\u015ft\u0131rma ve Altyap\u0131 bakanlar\u0131n\u0131n sunumlar\u0131n\u0131 dinlediklerini s\u00f6yledi.<\/p>\n<p>\u201cG\u00fc\u00e7l\u00fc toplum, ancak g\u00fc\u00e7l\u00fc ailelerle m\u00fcmk\u00fcnd\u00fcr.\u201d ifadesini kullanan Erdo\u011fan, bu konuda ciddi meydan okumalarla kar\u015f\u0131 kar\u015f\u0131ya olduklar\u0131na dikkati \u00e7ekti.<\/p>\n<p>\u2013 \u201c2025 senesini Aile Y\u0131l\u0131 ilan etmeyi kararla\u015ft\u0131rd\u0131k\u201d<\/p>\n<p>Erdo\u011fan, k\u00fcresel \u015fer odaklar\u0131n\u0131n te\u015fvik etti\u011fi cinsiyetsizle\u015ftirme politikalar\u0131n\u0131n herkesin malumu oldu\u011funu belirterek, \u015funlar\u0131 kaydetti:<\/p>\n<p>\u201cLGBT meselesi, bug\u00fcn ailenin varl\u0131\u011f\u0131na y\u00f6nelik en ciddi tehditlerin ba\u015f\u0131nda gelmektedir. 2023 y\u0131l\u0131nda \u00fclkemizdeki do\u011furganl\u0131k h\u0131z\u0131 1,51 seviyesine gerilemi\u015ftir. A\u00e7\u0131k\u00e7a ifade etmek gerekirse bu durum, alarm vericidir, T\u00fcrkiye a\u00e7\u0131s\u0131ndan varolu\u015fsal bir tehdittir. Her f\u0131rsatta yapt\u0131\u011f\u0131m\u0131z \u2018en az 3 \u00e7ocuk\u2019 \u00e7a\u011fr\u0131s\u0131n\u0131n ne kadar \u00f6nemli oldu\u011funu b\u00f6ylece tekrar g\u00f6rm\u00fc\u015f oluyoruz. Toplumun t\u00fcm kesimlerinde bir fark\u0131ndal\u0131k olu\u015fturmak amac\u0131yla 2025 senesini Aile Y\u0131l\u0131 ilan etmeyi kararla\u015ft\u0131rd\u0131k. Y\u0131l boyunca Aile ve Sosyal Hizmetler Bakanl\u0131\u011f\u0131m\u0131z koordinasyonunda aile yap\u0131m\u0131z\u0131n korunmas\u0131, g\u00fc\u00e7lendirilmesi ve gelecek nesillere sa\u011flam bir miras olarak aktar\u0131lmas\u0131 i\u00e7in kapsaml\u0131 \u00e7al\u0131\u015fmalar y\u00fcr\u00fctece\u011fiz.\u201d<\/p>\n<\/p><\/div>\n<p><script async\n                    defer\n                    crossorigin=\"anonymous\"\n                    src=\"https:\/\/connect.facebook.net\/tr_TR\/sdk.js#xfbml=1&#038;version=v3.3\"\n            ><\/script><\/p>\n","protected":false},"excerpt":{"rendered":"<p>T\u00fcrkiye Cumhurba\u015fkan\u0131 Recep Tayyip Erdo\u011fan, \u201cTer\u00f6r\u00fcn karanl\u0131k g\u00f6lgesi \u00fclkemiz siyasetinin \u00fczerinden \u00e7ekildik\u00e7e in\u015fallah T\u00fcrkiye daha sa\u011fl\u0131kl\u0131, olgun ve \u00f6zg\u00fcrl\u00fck\u00e7\u00fc bir zemine kavu\u015facakt\u0131r.\u201d dedi. Erdo\u011fan, d\u00fcnk\u00fc TC Cumhurba\u015fkanl\u0131\u011f\u0131 K\u00fclliyesi\u2019ndeki Kabine Toplant\u0131s\u0131\u2019n\u0131n ard\u0131ndan millete seslendi. \u201cTer\u00f6rs\u00fcz T\u00fcrkiye\u201d hedeflerine ula\u015fman\u0131n, yak\u0131n gelecekteki en \u00f6nemli \u00f6nceliklerinden biri oldu\u011funu dile getiren Erdo\u011fan, ter\u00f6r\u00fcn ve \u015fiddetin h\u00fck\u00fcm s\u00fcrd\u00fc\u011f\u00fc bir iklimde demokrasinin [&hellip;]<\/p>\n","protected":false},"author":1,"featured_media":16879,"comment_status":"open","ping_status":"open","sticky":false,"template":"","format":"standard","meta":{"jnews-multi-image_gallery":[],"jnews_single_post":[],"jnews_primary_category":[],"jnews_social_meta":[],"jnews_override_counter":[],"footnotes":""},"categories":[5],"tags":[],"class_list":["post-16878","post","type-post","status-publish","format-standard","has-post-thumbnail","hentry","category-turkiye"],"yoast_head":"<!-- This site is optimized with the Yoast SEO plugin v27.4 - https:\/\/yoast.com\/product\/yoast-seo-wordpress\/ -->\n<title>Erdo\u011fan:Suriye\u2019nin par\u00e7alanmas\u0131na r\u0131za g\u00f6stermeyiz, risk g\u00f6r\u00fcrsek gerekli ad\u0131mlar\u0131 atar\u0131z - Kuzeyin Sesi<\/title>\n<meta name=\"robots\" content=\"index, follow, max-snippet:-1, max-image-preview:large, max-video-preview:-1\" \/>\n<link rel=\"canonical\" href=\"https:\/\/kuzeyinsesi.org\/index.php\/2025\/01\/07\/erdogansuriyenin-parcalanmasina-riza-gostermeyiz-risk-gorursek-gerekli-adimlari-atariz\/\" \/>\n<meta property=\"og:locale\" content=\"tr_TR\" \/>\n<meta property=\"og:type\" content=\"article\" \/>\n<meta property=\"og:title\" content=\"Erdo\u011fan:Suriye\u2019nin par\u00e7alanmas\u0131na r\u0131za g\u00f6stermeyiz, risk g\u00f6r\u00fcrsek gerekli ad\u0131mlar\u0131 atar\u0131z - Kuzeyin Sesi\" \/>\n<meta property=\"og:description\" content=\"T\u00fcrkiye Cumhurba\u015fkan\u0131 Recep Tayyip Erdo\u011fan, \u201cTer\u00f6r\u00fcn karanl\u0131k g\u00f6lgesi \u00fclkemiz siyasetinin \u00fczerinden \u00e7ekildik\u00e7e in\u015fallah T\u00fcrkiye daha sa\u011fl\u0131kl\u0131, olgun ve \u00f6zg\u00fcrl\u00fck\u00e7\u00fc bir zemine kavu\u015facakt\u0131r.\u201d dedi. Erdo\u011fan, d\u00fcnk\u00fc TC Cumhurba\u015fkanl\u0131\u011f\u0131 K\u00fclliyesi\u2019ndeki Kabine Toplant\u0131s\u0131\u2019n\u0131n ard\u0131ndan millete seslendi. \u201cTer\u00f6rs\u00fcz T\u00fcrkiye\u201d hedeflerine ula\u015fman\u0131n, yak\u0131n gelecekteki en \u00f6nemli \u00f6nceliklerinden biri oldu\u011funu dile getiren Erdo\u011fan, ter\u00f6r\u00fcn ve \u015fiddetin h\u00fck\u00fcm s\u00fcrd\u00fc\u011f\u00fc bir iklimde demokrasinin [&hellip;]\" \/>\n<meta property=\"og:url\" content=\"https:\/\/kuzeyinsesi.org\/index.php\/2025\/01\/07\/erdogansuriyenin-parcalanmasina-riza-gostermeyiz-risk-gorursek-gerekli-adimlari-atariz\/\" \/>\n<meta property=\"og:site_name\" content=\"Kuzeyin Sesi\" \/>\n<meta property=\"article:publisher\" content=\"https:\/\/www.facebook.com\/kuzeyinsesii\" \/>\n<meta property=\"article:published_time\" content=\"2025-01-07T08:37:31+00:00\" \/>\n<meta property=\"og:image\" content=\"https:\/\/brtk.net\/wp-content\/uploads\/2024\/11\/06\/Erdogan-1.jpg?ver=23d91d0df77b09570b3bf5ebb917be3d\" \/>\n<meta name=\"author\" content=\"Kuzeyin Sesi\" \/>\n<meta name=\"twitter:card\" content=\"summary_large_image\" \/>\n<meta name=\"twitter:creator\" content=\"@kuzeyinsesii\" \/>\n<meta name=\"twitter:site\" content=\"@kuzeyinsesii\" \/>\n<meta name=\"twitter:label1\" content=\"Yazan:\" \/>\n\t<meta name=\"twitter:data1\" content=\"Kuzeyin Sesi\" \/>\n\t<meta name=\"twitter:label2\" content=\"Tahmini okuma s\u00fcresi\" \/>\n\t<meta name=\"twitter:data2\" content=\"4 dakika\" \/>\n<script type=\"application\/ld+json\" class=\"yoast-schema-graph\">{\"@context\":\"https:\\\/\\\/schema.org\",\"@graph\":[{\"@type\":\"Article\",\"@id\":\"https:\\\/\\\/kuzeyinsesi.org\\\/index.php\\\/2025\\\/01\\\/07\\\/erdogansuriyenin-parcalanmasina-riza-gostermeyiz-risk-gorursek-gerekli-adimlari-atariz\\\/#article\",\"isPartOf\":{\"@id\":\"https:\\\/\\\/kuzeyinsesi.org\\\/index.php\\\/2025\\\/01\\\/07\\\/erdogansuriyenin-parcalanmasina-riza-gostermeyiz-risk-gorursek-gerekli-adimlari-atariz\\\/\"},\"author\":{\"name\":\"Kuzeyin Sesi\",\"@id\":\"https:\\\/\\\/kuzeyinsesi.org\\\/#\\\/schema\\\/person\\\/9f859689cdf01485597712386e37f5aa\"},\"headline\":\"Erdo\u011fan:Suriye\u2019nin par\u00e7alanmas\u0131na r\u0131za g\u00f6stermeyiz, risk g\u00f6r\u00fcrsek gerekli ad\u0131mlar\u0131 atar\u0131z\",\"datePublished\":\"2025-01-07T08:37:31+00:00\",\"mainEntityOfPage\":{\"@id\":\"https:\\\/\\\/kuzeyinsesi.org\\\/index.php\\\/2025\\\/01\\\/07\\\/erdogansuriyenin-parcalanmasina-riza-gostermeyiz-risk-gorursek-gerekli-adimlari-atariz\\\/\"},\"wordCount\":854,\"commentCount\":0,\"image\":{\"@id\":\"https:\\\/\\\/kuzeyinsesi.org\\\/index.php\\\/2025\\\/01\\\/07\\\/erdogansuriyenin-parcalanmasina-riza-gostermeyiz-risk-gorursek-gerekli-adimlari-atariz\\\/#primaryimage\"},\"thumbnailUrl\":\"https:\\\/\\\/kuzeyinsesi.org\\\/wp-content\\\/uploads\\\/2025\\\/01\\\/Erdogan-1.jpg\",\"articleSection\":[\"T\u00fcrkiye\"],\"inLanguage\":\"tr\",\"potentialAction\":[{\"@type\":\"CommentAction\",\"name\":\"Comment\",\"target\":[\"https:\\\/\\\/kuzeyinsesi.org\\\/index.php\\\/2025\\\/01\\\/07\\\/erdogansuriyenin-parcalanmasina-riza-gostermeyiz-risk-gorursek-gerekli-adimlari-atariz\\\/#respond\"]}]},{\"@type\":\"WebPage\",\"@id\":\"https:\\\/\\\/kuzeyinsesi.org\\\/index.php\\\/2025\\\/01\\\/07\\\/erdogansuriyenin-parcalanmasina-riza-gostermeyiz-risk-gorursek-gerekli-adimlari-atariz\\\/\",\"url\":\"https:\\\/\\\/kuzeyinsesi.org\\\/index.php\\\/2025\\\/01\\\/07\\\/erdogansuriyenin-parcalanmasina-riza-gostermeyiz-risk-gorursek-gerekli-adimlari-atariz\\\/\",\"name\":\"Erdo\u011fan:Suriye\u2019nin par\u00e7alanmas\u0131na r\u0131za g\u00f6stermeyiz, risk g\u00f6r\u00fcrsek gerekli ad\u0131mlar\u0131 atar\u0131z - Kuzeyin Sesi\",\"isPartOf\":{\"@id\":\"https:\\\/\\\/kuzeyinsesi.org\\\/#website\"},\"primaryImageOfPage\":{\"@id\":\"https:\\\/\\\/kuzeyinsesi.org\\\/index.php\\\/2025\\\/01\\\/07\\\/erdogansuriyenin-parcalanmasina-riza-gostermeyiz-risk-gorursek-gerekli-adimlari-atariz\\\/#primaryimage\"},\"image\":{\"@id\":\"https:\\\/\\\/kuzeyinsesi.org\\\/index.php\\\/2025\\\/01\\\/07\\\/erdogansuriyenin-parcalanmasina-riza-gostermeyiz-risk-gorursek-gerekli-adimlari-atariz\\\/#primaryimage\"},\"thumbnailUrl\":\"https:\\\/\\\/kuzeyinsesi.org\\\/wp-content\\\/uploads\\\/2025\\\/01\\\/Erdogan-1.jpg\",\"datePublished\":\"2025-01-07T08:37:31+00:00\",\"author\":{\"@id\":\"https:\\\/\\\/kuzeyinsesi.org\\\/#\\\/schema\\\/person\\\/9f859689cdf01485597712386e37f5aa\"},\"breadcrumb\":{\"@id\":\"https:\\\/\\\/kuzeyinsesi.org\\\/index.php\\\/2025\\\/01\\\/07\\\/erdogansuriyenin-parcalanmasina-riza-gostermeyiz-risk-gorursek-gerekli-adimlari-atariz\\\/#breadcrumb\"},\"inLanguage\":\"tr\",\"potentialAction\":[{\"@type\":\"ReadAction\",\"target\":[\"https:\\\/\\\/kuzeyinsesi.org\\\/index.php\\\/2025\\\/01\\\/07\\\/erdogansuriyenin-parcalanmasina-riza-gostermeyiz-risk-gorursek-gerekli-adimlari-atariz\\\/\"]}]},{\"@type\":\"ImageObject\",\"inLanguage\":\"tr\",\"@id\":\"https:\\\/\\\/kuzeyinsesi.org\\\/index.php\\\/2025\\\/01\\\/07\\\/erdogansuriyenin-parcalanmasina-riza-gostermeyiz-risk-gorursek-gerekli-adimlari-atariz\\\/#primaryimage\",\"url\":\"https:\\\/\\\/kuzeyinsesi.org\\\/wp-content\\\/uploads\\\/2025\\\/01\\\/Erdogan-1.jpg\",\"contentUrl\":\"https:\\\/\\\/kuzeyinsesi.org\\\/wp-content\\\/uploads\\\/2025\\\/01\\\/Erdogan-1.jpg\",\"width\":1600,\"height\":1061},{\"@type\":\"BreadcrumbList\",\"@id\":\"https:\\\/\\\/kuzeyinsesi.org\\\/index.php\\\/2025\\\/01\\\/07\\\/erdogansuriyenin-parcalanmasina-riza-gostermeyiz-risk-gorursek-gerekli-adimlari-atariz\\\/#breadcrumb\",\"itemListElement\":[{\"@type\":\"ListItem\",\"position\":1,\"name\":\"Anasayfa\",\"item\":\"https:\\\/\\\/kuzeyinsesi.org\\\/\"},{\"@type\":\"ListItem\",\"position\":2,\"name\":\"Erdo\u011fan:Suriye\u2019nin par\u00e7alanmas\u0131na r\u0131za g\u00f6stermeyiz, risk g\u00f6r\u00fcrsek gerekli ad\u0131mlar\u0131 atar\u0131z\"}]},{\"@type\":\"WebSite\",\"@id\":\"https:\\\/\\\/kuzeyinsesi.org\\\/#website\",\"url\":\"https:\\\/\\\/kuzeyinsesi.org\\\/\",\"name\":\"Kuzeyin Sesi\",\"description\":\"Do\u011fru Haberin Adresi\",\"potentialAction\":[{\"@type\":\"SearchAction\",\"target\":{\"@type\":\"EntryPoint\",\"urlTemplate\":\"https:\\\/\\\/kuzeyinsesi.org\\\/?s={search_term_string}\"},\"query-input\":{\"@type\":\"PropertyValueSpecification\",\"valueRequired\":true,\"valueName\":\"search_term_string\"}}],\"inLanguage\":\"tr\"},{\"@type\":\"Person\",\"@id\":\"https:\\\/\\\/kuzeyinsesi.org\\\/#\\\/schema\\\/person\\\/9f859689cdf01485597712386e37f5aa\",\"name\":\"Kuzeyin Sesi\",\"image\":{\"@type\":\"ImageObject\",\"inLanguage\":\"tr\",\"@id\":\"https:\\\/\\\/secure.gravatar.com\\\/avatar\\\/bab33852abfd8b282518d6ed81826833d77c3c882d9ab608add591ccace47a44?s=96&d=mm&r=g\",\"url\":\"https:\\\/\\\/secure.gravatar.com\\\/avatar\\\/bab33852abfd8b282518d6ed81826833d77c3c882d9ab608add591ccace47a44?s=96&d=mm&r=g\",\"contentUrl\":\"https:\\\/\\\/secure.gravatar.com\\\/avatar\\\/bab33852abfd8b282518d6ed81826833d77c3c882d9ab608add591ccace47a44?s=96&d=mm&r=g\",\"caption\":\"Kuzeyin Sesi\"},\"sameAs\":[\"https:\\\/\\\/kuzeyinsesi.org\"],\"url\":\"https:\\\/\\\/kuzeyinsesi.org\\\/index.php\\\/author\\\/guven\\\/\"}]}<\/script>\n<!-- \/ Yoast SEO plugin. -->","yoast_head_json":{"title":"Erdo\u011fan:Suriye\u2019nin par\u00e7alanmas\u0131na r\u0131za g\u00f6stermeyiz, risk g\u00f6r\u00fcrsek gerekli ad\u0131mlar\u0131 atar\u0131z - Kuzeyin Sesi","robots":{"index":"index","follow":"follow","max-snippet":"max-snippet:-1","max-image-preview":"max-image-preview:large","max-video-preview":"max-video-preview:-1"},"canonical":"https:\/\/kuzeyinsesi.org\/index.php\/2025\/01\/07\/erdogansuriyenin-parcalanmasina-riza-gostermeyiz-risk-gorursek-gerekli-adimlari-atariz\/","og_locale":"tr_TR","og_type":"article","og_title":"Erdo\u011fan:Suriye\u2019nin par\u00e7alanmas\u0131na r\u0131za g\u00f6stermeyiz, risk g\u00f6r\u00fcrsek gerekli ad\u0131mlar\u0131 atar\u0131z - Kuzeyin Sesi","og_description":"T\u00fcrkiye Cumhurba\u015fkan\u0131 Recep Tayyip Erdo\u011fan, \u201cTer\u00f6r\u00fcn karanl\u0131k g\u00f6lgesi \u00fclkemiz siyasetinin \u00fczerinden \u00e7ekildik\u00e7e in\u015fallah T\u00fcrkiye daha sa\u011fl\u0131kl\u0131, olgun ve \u00f6zg\u00fcrl\u00fck\u00e7\u00fc bir zemine kavu\u015facakt\u0131r.\u201d dedi. Erdo\u011fan, d\u00fcnk\u00fc TC Cumhurba\u015fkanl\u0131\u011f\u0131 K\u00fclliyesi\u2019ndeki Kabine Toplant\u0131s\u0131\u2019n\u0131n ard\u0131ndan millete seslendi. \u201cTer\u00f6rs\u00fcz T\u00fcrkiye\u201d hedeflerine ula\u015fman\u0131n, yak\u0131n gelecekteki en \u00f6nemli \u00f6nceliklerinden biri oldu\u011funu dile getiren Erdo\u011fan, ter\u00f6r\u00fcn ve \u015fiddetin h\u00fck\u00fcm s\u00fcrd\u00fc\u011f\u00fc bir iklimde demokrasinin [&hellip;]","og_url":"https:\/\/kuzeyinsesi.org\/index.php\/2025\/01\/07\/erdogansuriyenin-parcalanmasina-riza-gostermeyiz-risk-gorursek-gerekli-adimlari-atariz\/","og_site_name":"Kuzeyin Sesi","article_publisher":"https:\/\/www.facebook.com\/kuzeyinsesii","article_published_time":"2025-01-07T08:37:31+00:00","og_image":[{"url":"https:\/\/brtk.net\/wp-content\/uploads\/2024\/11\/06\/Erdogan-1.jpg?ver=23d91d0df77b09570b3bf5ebb917be3d","type":"","width":"","height":""}],"author":"Kuzeyin Sesi","twitter_card":"summary_large_image","twitter_creator":"@kuzeyinsesii","twitter_site":"@kuzeyinsesii","twitter_misc":{"Yazan:":"Kuzeyin Sesi","Tahmini okuma s\u00fcresi":"4 dakika"},"schema":{"@context":"https:\/\/schema.org","@graph":[{"@type":"Article","@id":"https:\/\/kuzeyinsesi.org\/index.php\/2025\/01\/07\/erdogansuriyenin-parcalanmasina-riza-gostermeyiz-risk-gorursek-gerekli-adimlari-atariz\/#article","isPartOf":{"@id":"https:\/\/kuzeyinsesi.org\/index.php\/2025\/01\/07\/erdogansuriyenin-parcalanmasina-riza-gostermeyiz-risk-gorursek-gerekli-adimlari-atariz\/"},"author":{"name":"Kuzeyin Sesi","@id":"https:\/\/kuzeyinsesi.org\/#\/schema\/person\/9f859689cdf01485597712386e37f5aa"},"headline":"Erdo\u011fan:Suriye\u2019nin par\u00e7alanmas\u0131na r\u0131za g\u00f6stermeyiz, risk g\u00f6r\u00fcrsek gerekli ad\u0131mlar\u0131 atar\u0131z","datePublished":"2025-01-07T08:37:31+00:00","mainEntityOfPage":{"@id":"https:\/\/kuzeyinsesi.org\/index.php\/2025\/01\/07\/erdogansuriyenin-parcalanmasina-riza-gostermeyiz-risk-gorursek-gerekli-adimlari-atariz\/"},"wordCount":854,"commentCount":0,"image":{"@id":"https:\/\/kuzeyinsesi.org\/index.php\/2025\/01\/07\/erdogansuriyenin-parcalanmasina-riza-gostermeyiz-risk-gorursek-gerekli-adimlari-atariz\/#primaryimage"},"thumbnailUrl":"https:\/\/kuzeyinsesi.org\/wp-content\/uploads\/2025\/01\/Erdogan-1.jpg","articleSection":["T\u00fcrkiye"],"inLanguage":"tr","potentialAction":[{"@type":"CommentAction","name":"Comment","target":["https:\/\/kuzeyinsesi.org\/index.php\/2025\/01\/07\/erdogansuriyenin-parcalanmasina-riza-gostermeyiz-risk-gorursek-gerekli-adimlari-atariz\/#respond"]}]},{"@type":"WebPage","@id":"https:\/\/kuzeyinsesi.org\/index.php\/2025\/01\/07\/erdogansuriyenin-parcalanmasina-riza-gostermeyiz-risk-gorursek-gerekli-adimlari-atariz\/","url":"https:\/\/kuzeyinsesi.org\/index.php\/2025\/01\/07\/erdogansuriyenin-parcalanmasina-riza-gostermeyiz-risk-gorursek-gerekli-adimlari-atariz\/","name":"Erdo\u011fan:Suriye\u2019nin par\u00e7alanmas\u0131na r\u0131za g\u00f6stermeyiz, risk g\u00f6r\u00fcrsek gerekli ad\u0131mlar\u0131 atar\u0131z - Kuzeyin Sesi","isPartOf":{"@id":"https:\/\/kuzeyinsesi.org\/#website"},"primaryImageOfPage":{"@id":"https:\/\/kuzeyinsesi.org\/index.php\/2025\/01\/07\/erdogansuriyenin-parcalanmasina-riza-gostermeyiz-risk-gorursek-gerekli-adimlari-atariz\/#primaryimage"},"image":{"@id":"https:\/\/kuzeyinsesi.org\/index.php\/2025\/01\/07\/erdogansuriyenin-parcalanmasina-riza-gostermeyiz-risk-gorursek-gerekli-adimlari-atariz\/#primaryimage"},"thumbnailUrl":"https:\/\/kuzeyinsesi.org\/wp-content\/uploads\/2025\/01\/Erdogan-1.jpg","datePublished":"2025-01-07T08:37:31+00:00","author":{"@id":"https:\/\/kuzeyinsesi.org\/#\/schema\/person\/9f859689cdf01485597712386e37f5aa"},"breadcrumb":{"@id":"https:\/\/kuzeyinsesi.org\/index.php\/2025\/01\/07\/erdogansuriyenin-parcalanmasina-riza-gostermeyiz-risk-gorursek-gerekli-adimlari-atariz\/#breadcrumb"},"inLanguage":"tr","potentialAction":[{"@type":"ReadAction","target":["https:\/\/kuzeyinsesi.org\/index.php\/2025\/01\/07\/erdogansuriyenin-parcalanmasina-riza-gostermeyiz-risk-gorursek-gerekli-adimlari-atariz\/"]}]},{"@type":"ImageObject","inLanguage":"tr","@id":"https:\/\/kuzeyinsesi.org\/index.php\/2025\/01\/07\/erdogansuriyenin-parcalanmasina-riza-gostermeyiz-risk-gorursek-gerekli-adimlari-atariz\/#primaryimage","url":"https:\/\/kuzeyinsesi.org\/wp-content\/uploads\/2025\/01\/Erdogan-1.jpg","contentUrl":"https:\/\/kuzeyinsesi.org\/wp-content\/uploads\/2025\/01\/Erdogan-1.jpg","width":1600,"height":1061},{"@type":"BreadcrumbList","@id":"https:\/\/kuzeyinsesi.org\/index.php\/2025\/01\/07\/erdogansuriyenin-parcalanmasina-riza-gostermeyiz-risk-gorursek-gerekli-adimlari-atariz\/#breadcrumb","itemListElement":[{"@type":"ListItem","position":1,"name":"Anasayfa","item":"https:\/\/kuzeyinsesi.org\/"},{"@type":"ListItem","position":2,"name":"Erdo\u011fan:Suriye\u2019nin par\u00e7alanmas\u0131na r\u0131za g\u00f6stermeyiz, risk g\u00f6r\u00fcrsek gerekli ad\u0131mlar\u0131 atar\u0131z"}]},{"@type":"WebSite","@id":"https:\/\/kuzeyinsesi.org\/#website","url":"https:\/\/kuzeyinsesi.org\/","name":"Kuzeyin Sesi","description":"Do\u011fru Haberin Adresi","potentialAction":[{"@type":"SearchAction","target":{"@type":"EntryPoint","urlTemplate":"https:\/\/kuzeyinsesi.org\/?s={search_term_string}"},"query-input":{"@type":"PropertyValueSpecification","valueRequired":true,"valueName":"search_term_string"}}],"inLanguage":"tr"},{"@type":"Person","@id":"https:\/\/kuzeyinsesi.org\/#\/schema\/person\/9f859689cdf01485597712386e37f5aa","name":"Kuzeyin Sesi","image":{"@type":"ImageObject","inLanguage":"tr","@id":"https:\/\/secure.gravatar.com\/avatar\/bab33852abfd8b282518d6ed81826833d77c3c882d9ab608add591ccace47a44?s=96&d=mm&r=g","url":"https:\/\/secure.gravatar.com\/avatar\/bab33852abfd8b282518d6ed81826833d77c3c882d9ab608add591ccace47a44?s=96&d=mm&r=g","contentUrl":"https:\/\/secure.gravatar.com\/avatar\/bab33852abfd8b282518d6ed81826833d77c3c882d9ab608add591ccace47a44?s=96&d=mm&r=g","caption":"Kuzeyin Sesi"},"sameAs":["https:\/\/kuzeyinsesi.org"],"url":"https:\/\/kuzeyinsesi.org\/index.php\/author\/guven\/"}]}},"_links":{"self":[{"href":"https:\/\/kuzeyinsesi.org\/index.php\/wp-json\/wp\/v2\/posts\/16878","targetHints":{"allow":["GET"]}}],"collection":[{"href":"https:\/\/kuzeyinsesi.org\/index.php\/wp-json\/wp\/v2\/posts"}],"about":[{"href":"https:\/\/kuzeyinsesi.org\/index.php\/wp-json\/wp\/v2\/types\/post"}],"author":[{"embeddable":true,"href":"https:\/\/kuzeyinsesi.org\/index.php\/wp-json\/wp\/v2\/users\/1"}],"replies":[{"embeddable":true,"href":"https:\/\/kuzeyinsesi.org\/index.php\/wp-json\/wp\/v2\/comments?post=16878"}],"version-history":[{"count":0,"href":"https:\/\/kuzeyinsesi.org\/index.php\/wp-json\/wp\/v2\/posts\/16878\/revisions"}],"wp:featuredmedia":[{"embeddable":true,"href":"https:\/\/kuzeyinsesi.org\/index.php\/wp-json\/wp\/v2\/media\/16879"}],"wp:attachment":[{"href":"https:\/\/kuzeyinsesi.org\/index.php\/wp-json\/wp\/v2\/media?parent=16878"}],"wp:term":[{"taxonomy":"category","embeddable":true,"href":"https:\/\/kuzeyinsesi.org\/index.php\/wp-json\/wp\/v2\/categories?post=16878"},{"taxonomy":"post_tag","embeddable":true,"href":"https:\/\/kuzeyinsesi.org\/index.php\/wp-json\/wp\/v2\/tags?post=16878"}],"curies":[{"name":"wp","href":"https:\/\/api.w.org\/{rel}","templated":true}]}}