{"id":16872,"date":"2025-01-06T21:53:10","date_gmt":"2025-01-06T19:53:10","guid":{"rendered":"https:\/\/kuzeyinsesi.org\/index.php\/2025\/01\/06\/ab-turkiye-delegasyonu-etias-uygulamasindan-turkiyenin-etkilenmeyecegini-bildirdi\/"},"modified":"2025-01-06T21:53:10","modified_gmt":"2025-01-06T19:53:10","slug":"ab-turkiye-delegasyonu-etias-uygulamasindan-turkiyenin-etkilenmeyecegini-bildirdi","status":"publish","type":"post","link":"https:\/\/kuzeyinsesi.org\/index.php\/2025\/01\/06\/ab-turkiye-delegasyonu-etias-uygulamasindan-turkiyenin-etkilenmeyecegini-bildirdi\/","title":{"rendered":"AB T\u00fcrkiye Delegasyonu, ETIAS uygulamas\u0131ndan T\u00fcrkiye\u2019nin etkilenmeyece\u011fini bildirdi"},"content":{"rendered":"<div>\n<div class=\"mariselle-image-container center\">\n                                            <\/div>\n<p>Avrupa Birli\u011fi (AB) T\u00fcrkiye Delegasyonu, T\u00fcrkiye\u2019nin, Avrupa Seyahat Bilgi ve Yetkilendirme Sistemi (ETIAS) uygulamas\u0131ndan etkilenmeyece\u011fi ve vizesiz giri\u015f hakk\u0131na sahip T\u00fcrk vatanda\u015flar\u0131n\u0131n ETIAS\u2019a ba\u015fvurmalar\u0131n\u0131n gerekmeyece\u011fini bildirdi.<\/p>\n<p>AB T\u00fcrkiye Delegasyonu, ETIAS\u2019a ili\u015fkin yaz\u0131l\u0131 a\u00e7\u0131klama yapt\u0131.<\/p>\n<p>A\u00e7\u0131klamada, ETIAS\u2019\u0131n vizeden muaf \u00fclkelerin vatanda\u015flar\u0131n\u0131n \u015eengen B\u00f6lgesi\u2019ne veya G\u00fcney K\u0131br\u0131s Rum Y\u00f6netimi\u2019ne k\u0131sa s\u00fcreli (180 g\u00fcnl\u00fck s\u00fcre i\u00e7inde 90 g\u00fcn) giri\u015flerinde uygulanacak yeni bir seyahat \u015fart\u0131 oldu\u011fu belirtildi.<\/p>\n<p>Yolcular\u0131n seyahatlerinden \u00f6nce ETIAS seyahat izni almalar\u0131 gerekece\u011fi kaydedilen a\u00e7\u0131klamada, sistem hayata ge\u00e7ti\u011finde yolcular\u0131n ETIAS\u2019\u0131n resmi web sitesinden ba\u015fvuru yapabilecekleri ifade edildi.<\/p>\n<p>A\u00e7\u0131klamada, ETIAS\u2019\u0131n bir vize olmad\u0131\u011f\u0131, elektronik bir seyahat izni oldu\u011fu vurgulanarak, \u015fu bilgiler verildi:<\/p>\n<p>\u201cT\u00fcrkiye vizeden muaf bir \u00fclke olmad\u0131\u011f\u0131 i\u00e7in T\u00fcrk vatanda\u015flar\u0131 ETIAS kapsam\u0131na girmemektedir. T\u00fcrk vatanda\u015flar\u0131n\u0131n AB\u2019nin d\u0131\u015f s\u0131n\u0131rlar\u0131ndan ge\u00e7mek i\u00e7in ETIAS seyahat iznine de\u011fil, vizeye ihtiya\u00e7lar\u0131 olacakt\u0131r. ETIAS onlar i\u00e7in ge\u00e7erli olmad\u0131\u011f\u0131ndan, vizesiz seyahat edebilen T\u00fcrk vatanda\u015flar\u0131n\u0131n (\u00f6rne\u011fin diplomatik pasaport veya \u2018ye\u015fil pasaport\u2019 sahipleri) ETIAS seyahat iznine ba\u015fvurmalar\u0131 gerekmeyecektir. Bu ki\u015filer vizesiz ve ETIAS seyahat izni olmadan seyahat edebileceklerdir.\u201d<\/p>\n<p>ETIAS\u2019\u0131n hayata ge\u00e7mesinin, bir ba\u015fka b\u00fcy\u00fck \u00f6l\u00e7ekli AB bilgi teknolojisi sistemi olan Giri\u015f\/\u00c7\u0131k\u0131\u015f Sistemi\u2019nin (EES) faaliyete ge\u00e7mesiyle ba\u011flant\u0131l\u0131 oldu\u011fu aktar\u0131lan a\u00e7\u0131klamada, EES ile \u015eengen B\u00f6lgesi\u2019ne k\u0131sa s\u00fcreli kal\u0131\u015f i\u00e7in seyahat eden AB vatanda\u015f\u0131 olmayan ki\u015filerin giri\u015f, \u00e7\u0131k\u0131\u015f ve giri\u015f reddi i\u015flemlerinin elektronik kay\u0131tlar\u0131n\u0131n tutulmas\u0131n\u0131n ve bu sistemin pasaport damgalaman\u0131n yerine ge\u00e7mesinin ama\u00e7land\u0131\u011f\u0131 kaydedildi.<\/p>\n<p>4 Aral\u0131k 2024\u2019te komisyonun EES\u2019in a\u015famal\u0131 olarak faaliyete ge\u00e7mesini sa\u011flayacak bir t\u00fcz\u00fck teklifi sundu\u011fu ve bu teklifin \u015fu anda AB\u2019nin ortak yasa koyucular\u0131n\u0131n \u00f6n\u00fcnde oldu\u011fu belirtilen a\u00e7\u0131klamada, ortak yasa koyucular teklif \u00fczerinde bir anla\u015fmaya vard\u0131klar\u0131nda, EES\u2019in a\u015famal\u0131 olarak devreye sokulaca\u011f\u0131 aktar\u0131ld\u0131.<\/p>\n<p>A\u00e7\u0131klamada, komisyonun EES\u2019in m\u00fcmk\u00fcn olan en k\u0131sa s\u00fcrede faaliyete ge\u00e7mesine imkan vermek i\u00e7in m\u00fczakerelerin h\u0131zl\u0131 bir \u015fekilde ilerleyece\u011fine inand\u0131\u011f\u0131, ETIAS\u2019\u0131n EES\u2019in a\u015famal\u0131 olarak devreye al\u0131nmas\u0131n\u0131n ard\u0131ndan m\u00fcmk\u00fcn olan en k\u0131sa s\u00fcrede faaliyete ge\u00e7ece\u011fi bildirildi.<\/p>\n<\/p><\/div>\n<p><script async\n                    defer\n                    crossorigin=\"anonymous\"\n                    src=\"https:\/\/connect.facebook.net\/tr_TR\/sdk.js#xfbml=1&#038;version=v3.3\"\n            ><\/script><\/p>\n","protected":false},"excerpt":{"rendered":"<p>Avrupa Birli\u011fi (AB) T\u00fcrkiye Delegasyonu, T\u00fcrkiye\u2019nin, Avrupa Seyahat Bilgi ve Yetkilendirme Sistemi (ETIAS) uygulamas\u0131ndan etkilenmeyece\u011fi ve vizesiz giri\u015f hakk\u0131na sahip T\u00fcrk vatanda\u015flar\u0131n\u0131n ETIAS\u2019a ba\u015fvurmalar\u0131n\u0131n gerekmeyece\u011fini bildirdi. AB T\u00fcrkiye Delegasyonu, ETIAS\u2019a ili\u015fkin yaz\u0131l\u0131 a\u00e7\u0131klama yapt\u0131. A\u00e7\u0131klamada, ETIAS\u2019\u0131n vizeden muaf \u00fclkelerin vatanda\u015flar\u0131n\u0131n \u015eengen B\u00f6lgesi\u2019ne veya G\u00fcney K\u0131br\u0131s Rum Y\u00f6netimi\u2019ne k\u0131sa s\u00fcreli (180 g\u00fcnl\u00fck s\u00fcre i\u00e7inde 90 g\u00fcn) [&hellip;]<\/p>\n","protected":false},"author":1,"featured_media":16873,"comment_status":"open","ping_status":"open","sticky":false,"template":"","format":"standard","meta":{"jnews-multi-image_gallery":[],"jnews_single_post":[],"jnews_primary_category":[],"jnews_social_meta":[],"jnews_override_counter":[],"footnotes":""},"categories":[5],"tags":[],"class_list":["post-16872","post","type-post","status-publish","format-standard","has-post-thumbnail","hentry","category-turkiye"],"yoast_head":"<!-- This site is optimized with the Yoast SEO plugin v27.4 - https:\/\/yoast.com\/product\/yoast-seo-wordpress\/ -->\n<title>AB T\u00fcrkiye Delegasyonu, ETIAS uygulamas\u0131ndan T\u00fcrkiye\u2019nin etkilenmeyece\u011fini bildirdi - Kuzeyin Sesi<\/title>\n<meta name=\"robots\" content=\"index, follow, max-snippet:-1, max-image-preview:large, max-video-preview:-1\" \/>\n<link rel=\"canonical\" href=\"https:\/\/kuzeyinsesi.org\/index.php\/2025\/01\/06\/ab-turkiye-delegasyonu-etias-uygulamasindan-turkiyenin-etkilenmeyecegini-bildirdi\/\" \/>\n<meta property=\"og:locale\" content=\"tr_TR\" \/>\n<meta property=\"og:type\" content=\"article\" \/>\n<meta property=\"og:title\" content=\"AB T\u00fcrkiye Delegasyonu, ETIAS uygulamas\u0131ndan T\u00fcrkiye\u2019nin etkilenmeyece\u011fini bildirdi - Kuzeyin Sesi\" \/>\n<meta property=\"og:description\" content=\"Avrupa Birli\u011fi (AB) T\u00fcrkiye Delegasyonu, T\u00fcrkiye\u2019nin, Avrupa Seyahat Bilgi ve Yetkilendirme Sistemi (ETIAS) uygulamas\u0131ndan etkilenmeyece\u011fi ve vizesiz giri\u015f hakk\u0131na sahip T\u00fcrk vatanda\u015flar\u0131n\u0131n ETIAS\u2019a ba\u015fvurmalar\u0131n\u0131n gerekmeyece\u011fini bildirdi. AB T\u00fcrkiye Delegasyonu, ETIAS\u2019a ili\u015fkin yaz\u0131l\u0131 a\u00e7\u0131klama yapt\u0131. A\u00e7\u0131klamada, ETIAS\u2019\u0131n vizeden muaf \u00fclkelerin vatanda\u015flar\u0131n\u0131n \u015eengen B\u00f6lgesi\u2019ne veya G\u00fcney K\u0131br\u0131s Rum Y\u00f6netimi\u2019ne k\u0131sa s\u00fcreli (180 g\u00fcnl\u00fck s\u00fcre i\u00e7inde 90 g\u00fcn) [&hellip;]\" \/>\n<meta property=\"og:url\" content=\"https:\/\/kuzeyinsesi.org\/index.php\/2025\/01\/06\/ab-turkiye-delegasyonu-etias-uygulamasindan-turkiyenin-etkilenmeyecegini-bildirdi\/\" \/>\n<meta property=\"og:site_name\" content=\"Kuzeyin Sesi\" \/>\n<meta property=\"article:publisher\" content=\"https:\/\/www.facebook.com\/kuzeyinsesii\" \/>\n<meta property=\"article:published_time\" content=\"2025-01-06T19:53:10+00:00\" \/>\n<meta property=\"og:image\" content=\"https:\/\/brtk.net\/wp-content\/uploads\/2025\/01\/06\/1736184989856ab-turkiye.jpg?ver=3429e0127912e7cac81aa7817870b500\" \/>\n<meta name=\"author\" content=\"Kuzeyin Sesi\" \/>\n<meta name=\"twitter:card\" content=\"summary_large_image\" \/>\n<meta name=\"twitter:creator\" content=\"@kuzeyinsesii\" \/>\n<meta name=\"twitter:site\" content=\"@kuzeyinsesii\" \/>\n<meta name=\"twitter:label1\" content=\"Yazan:\" \/>\n\t<meta name=\"twitter:data1\" content=\"Kuzeyin Sesi\" \/>\n\t<meta name=\"twitter:label2\" content=\"Tahmini okuma s\u00fcresi\" \/>\n\t<meta name=\"twitter:data2\" content=\"2 dakika\" \/>\n<script type=\"application\/ld+json\" class=\"yoast-schema-graph\">{\"@context\":\"https:\\\/\\\/schema.org\",\"@graph\":[{\"@type\":\"Article\",\"@id\":\"https:\\\/\\\/kuzeyinsesi.org\\\/index.php\\\/2025\\\/01\\\/06\\\/ab-turkiye-delegasyonu-etias-uygulamasindan-turkiyenin-etkilenmeyecegini-bildirdi\\\/#article\",\"isPartOf\":{\"@id\":\"https:\\\/\\\/kuzeyinsesi.org\\\/index.php\\\/2025\\\/01\\\/06\\\/ab-turkiye-delegasyonu-etias-uygulamasindan-turkiyenin-etkilenmeyecegini-bildirdi\\\/\"},\"author\":{\"name\":\"Kuzeyin Sesi\",\"@id\":\"https:\\\/\\\/kuzeyinsesi.org\\\/#\\\/schema\\\/person\\\/9f859689cdf01485597712386e37f5aa\"},\"headline\":\"AB T\u00fcrkiye Delegasyonu, ETIAS uygulamas\u0131ndan T\u00fcrkiye\u2019nin etkilenmeyece\u011fini bildirdi\",\"datePublished\":\"2025-01-06T19:53:10+00:00\",\"mainEntityOfPage\":{\"@id\":\"https:\\\/\\\/kuzeyinsesi.org\\\/index.php\\\/2025\\\/01\\\/06\\\/ab-turkiye-delegasyonu-etias-uygulamasindan-turkiyenin-etkilenmeyecegini-bildirdi\\\/\"},\"wordCount\":450,\"commentCount\":0,\"image\":{\"@id\":\"https:\\\/\\\/kuzeyinsesi.org\\\/index.php\\\/2025\\\/01\\\/06\\\/ab-turkiye-delegasyonu-etias-uygulamasindan-turkiyenin-etkilenmeyecegini-bildirdi\\\/#primaryimage\"},\"thumbnailUrl\":\"https:\\\/\\\/kuzeyinsesi.org\\\/wp-content\\\/uploads\\\/2025\\\/01\\\/1736184989856ab-turkiye.jpg\",\"articleSection\":[\"T\u00fcrkiye\"],\"inLanguage\":\"tr\",\"potentialAction\":[{\"@type\":\"CommentAction\",\"name\":\"Comment\",\"target\":[\"https:\\\/\\\/kuzeyinsesi.org\\\/index.php\\\/2025\\\/01\\\/06\\\/ab-turkiye-delegasyonu-etias-uygulamasindan-turkiyenin-etkilenmeyecegini-bildirdi\\\/#respond\"]}]},{\"@type\":\"WebPage\",\"@id\":\"https:\\\/\\\/kuzeyinsesi.org\\\/index.php\\\/2025\\\/01\\\/06\\\/ab-turkiye-delegasyonu-etias-uygulamasindan-turkiyenin-etkilenmeyecegini-bildirdi\\\/\",\"url\":\"https:\\\/\\\/kuzeyinsesi.org\\\/index.php\\\/2025\\\/01\\\/06\\\/ab-turkiye-delegasyonu-etias-uygulamasindan-turkiyenin-etkilenmeyecegini-bildirdi\\\/\",\"name\":\"AB T\u00fcrkiye Delegasyonu, ETIAS uygulamas\u0131ndan T\u00fcrkiye\u2019nin etkilenmeyece\u011fini bildirdi - Kuzeyin Sesi\",\"isPartOf\":{\"@id\":\"https:\\\/\\\/kuzeyinsesi.org\\\/#website\"},\"primaryImageOfPage\":{\"@id\":\"https:\\\/\\\/kuzeyinsesi.org\\\/index.php\\\/2025\\\/01\\\/06\\\/ab-turkiye-delegasyonu-etias-uygulamasindan-turkiyenin-etkilenmeyecegini-bildirdi\\\/#primaryimage\"},\"image\":{\"@id\":\"https:\\\/\\\/kuzeyinsesi.org\\\/index.php\\\/2025\\\/01\\\/06\\\/ab-turkiye-delegasyonu-etias-uygulamasindan-turkiyenin-etkilenmeyecegini-bildirdi\\\/#primaryimage\"},\"thumbnailUrl\":\"https:\\\/\\\/kuzeyinsesi.org\\\/wp-content\\\/uploads\\\/2025\\\/01\\\/1736184989856ab-turkiye.jpg\",\"datePublished\":\"2025-01-06T19:53:10+00:00\",\"author\":{\"@id\":\"https:\\\/\\\/kuzeyinsesi.org\\\/#\\\/schema\\\/person\\\/9f859689cdf01485597712386e37f5aa\"},\"breadcrumb\":{\"@id\":\"https:\\\/\\\/kuzeyinsesi.org\\\/index.php\\\/2025\\\/01\\\/06\\\/ab-turkiye-delegasyonu-etias-uygulamasindan-turkiyenin-etkilenmeyecegini-bildirdi\\\/#breadcrumb\"},\"inLanguage\":\"tr\",\"potentialAction\":[{\"@type\":\"ReadAction\",\"target\":[\"https:\\\/\\\/kuzeyinsesi.org\\\/index.php\\\/2025\\\/01\\\/06\\\/ab-turkiye-delegasyonu-etias-uygulamasindan-turkiyenin-etkilenmeyecegini-bildirdi\\\/\"]}]},{\"@type\":\"ImageObject\",\"inLanguage\":\"tr\",\"@id\":\"https:\\\/\\\/kuzeyinsesi.org\\\/index.php\\\/2025\\\/01\\\/06\\\/ab-turkiye-delegasyonu-etias-uygulamasindan-turkiyenin-etkilenmeyecegini-bildirdi\\\/#primaryimage\",\"url\":\"https:\\\/\\\/kuzeyinsesi.org\\\/wp-content\\\/uploads\\\/2025\\\/01\\\/1736184989856ab-turkiye.jpg\",\"contentUrl\":\"https:\\\/\\\/kuzeyinsesi.org\\\/wp-content\\\/uploads\\\/2025\\\/01\\\/1736184989856ab-turkiye.jpg\",\"width\":864,\"height\":486},{\"@type\":\"BreadcrumbList\",\"@id\":\"https:\\\/\\\/kuzeyinsesi.org\\\/index.php\\\/2025\\\/01\\\/06\\\/ab-turkiye-delegasyonu-etias-uygulamasindan-turkiyenin-etkilenmeyecegini-bildirdi\\\/#breadcrumb\",\"itemListElement\":[{\"@type\":\"ListItem\",\"position\":1,\"name\":\"Anasayfa\",\"item\":\"https:\\\/\\\/kuzeyinsesi.org\\\/\"},{\"@type\":\"ListItem\",\"position\":2,\"name\":\"AB T\u00fcrkiye Delegasyonu, ETIAS uygulamas\u0131ndan T\u00fcrkiye\u2019nin etkilenmeyece\u011fini bildirdi\"}]},{\"@type\":\"WebSite\",\"@id\":\"https:\\\/\\\/kuzeyinsesi.org\\\/#website\",\"url\":\"https:\\\/\\\/kuzeyinsesi.org\\\/\",\"name\":\"Kuzeyin Sesi\",\"description\":\"Do\u011fru Haberin Adresi\",\"potentialAction\":[{\"@type\":\"SearchAction\",\"target\":{\"@type\":\"EntryPoint\",\"urlTemplate\":\"https:\\\/\\\/kuzeyinsesi.org\\\/?s={search_term_string}\"},\"query-input\":{\"@type\":\"PropertyValueSpecification\",\"valueRequired\":true,\"valueName\":\"search_term_string\"}}],\"inLanguage\":\"tr\"},{\"@type\":\"Person\",\"@id\":\"https:\\\/\\\/kuzeyinsesi.org\\\/#\\\/schema\\\/person\\\/9f859689cdf01485597712386e37f5aa\",\"name\":\"Kuzeyin Sesi\",\"image\":{\"@type\":\"ImageObject\",\"inLanguage\":\"tr\",\"@id\":\"https:\\\/\\\/secure.gravatar.com\\\/avatar\\\/bab33852abfd8b282518d6ed81826833d77c3c882d9ab608add591ccace47a44?s=96&d=mm&r=g\",\"url\":\"https:\\\/\\\/secure.gravatar.com\\\/avatar\\\/bab33852abfd8b282518d6ed81826833d77c3c882d9ab608add591ccace47a44?s=96&d=mm&r=g\",\"contentUrl\":\"https:\\\/\\\/secure.gravatar.com\\\/avatar\\\/bab33852abfd8b282518d6ed81826833d77c3c882d9ab608add591ccace47a44?s=96&d=mm&r=g\",\"caption\":\"Kuzeyin Sesi\"},\"sameAs\":[\"https:\\\/\\\/kuzeyinsesi.org\"],\"url\":\"https:\\\/\\\/kuzeyinsesi.org\\\/index.php\\\/author\\\/guven\\\/\"}]}<\/script>\n<!-- \/ Yoast SEO plugin. -->","yoast_head_json":{"title":"AB T\u00fcrkiye Delegasyonu, ETIAS uygulamas\u0131ndan T\u00fcrkiye\u2019nin etkilenmeyece\u011fini bildirdi - Kuzeyin Sesi","robots":{"index":"index","follow":"follow","max-snippet":"max-snippet:-1","max-image-preview":"max-image-preview:large","max-video-preview":"max-video-preview:-1"},"canonical":"https:\/\/kuzeyinsesi.org\/index.php\/2025\/01\/06\/ab-turkiye-delegasyonu-etias-uygulamasindan-turkiyenin-etkilenmeyecegini-bildirdi\/","og_locale":"tr_TR","og_type":"article","og_title":"AB T\u00fcrkiye Delegasyonu, ETIAS uygulamas\u0131ndan T\u00fcrkiye\u2019nin etkilenmeyece\u011fini bildirdi - Kuzeyin Sesi","og_description":"Avrupa Birli\u011fi (AB) T\u00fcrkiye Delegasyonu, T\u00fcrkiye\u2019nin, Avrupa Seyahat Bilgi ve Yetkilendirme Sistemi (ETIAS) uygulamas\u0131ndan etkilenmeyece\u011fi ve vizesiz giri\u015f hakk\u0131na sahip T\u00fcrk vatanda\u015flar\u0131n\u0131n ETIAS\u2019a ba\u015fvurmalar\u0131n\u0131n gerekmeyece\u011fini bildirdi. AB T\u00fcrkiye Delegasyonu, ETIAS\u2019a ili\u015fkin yaz\u0131l\u0131 a\u00e7\u0131klama yapt\u0131. A\u00e7\u0131klamada, ETIAS\u2019\u0131n vizeden muaf \u00fclkelerin vatanda\u015flar\u0131n\u0131n \u015eengen B\u00f6lgesi\u2019ne veya G\u00fcney K\u0131br\u0131s Rum Y\u00f6netimi\u2019ne k\u0131sa s\u00fcreli (180 g\u00fcnl\u00fck s\u00fcre i\u00e7inde 90 g\u00fcn) [&hellip;]","og_url":"https:\/\/kuzeyinsesi.org\/index.php\/2025\/01\/06\/ab-turkiye-delegasyonu-etias-uygulamasindan-turkiyenin-etkilenmeyecegini-bildirdi\/","og_site_name":"Kuzeyin Sesi","article_publisher":"https:\/\/www.facebook.com\/kuzeyinsesii","article_published_time":"2025-01-06T19:53:10+00:00","og_image":[{"url":"https:\/\/brtk.net\/wp-content\/uploads\/2025\/01\/06\/1736184989856ab-turkiye.jpg?ver=3429e0127912e7cac81aa7817870b500","type":"","width":"","height":""}],"author":"Kuzeyin Sesi","twitter_card":"summary_large_image","twitter_creator":"@kuzeyinsesii","twitter_site":"@kuzeyinsesii","twitter_misc":{"Yazan:":"Kuzeyin Sesi","Tahmini okuma s\u00fcresi":"2 dakika"},"schema":{"@context":"https:\/\/schema.org","@graph":[{"@type":"Article","@id":"https:\/\/kuzeyinsesi.org\/index.php\/2025\/01\/06\/ab-turkiye-delegasyonu-etias-uygulamasindan-turkiyenin-etkilenmeyecegini-bildirdi\/#article","isPartOf":{"@id":"https:\/\/kuzeyinsesi.org\/index.php\/2025\/01\/06\/ab-turkiye-delegasyonu-etias-uygulamasindan-turkiyenin-etkilenmeyecegini-bildirdi\/"},"author":{"name":"Kuzeyin Sesi","@id":"https:\/\/kuzeyinsesi.org\/#\/schema\/person\/9f859689cdf01485597712386e37f5aa"},"headline":"AB T\u00fcrkiye Delegasyonu, ETIAS uygulamas\u0131ndan T\u00fcrkiye\u2019nin etkilenmeyece\u011fini bildirdi","datePublished":"2025-01-06T19:53:10+00:00","mainEntityOfPage":{"@id":"https:\/\/kuzeyinsesi.org\/index.php\/2025\/01\/06\/ab-turkiye-delegasyonu-etias-uygulamasindan-turkiyenin-etkilenmeyecegini-bildirdi\/"},"wordCount":450,"commentCount":0,"image":{"@id":"https:\/\/kuzeyinsesi.org\/index.php\/2025\/01\/06\/ab-turkiye-delegasyonu-etias-uygulamasindan-turkiyenin-etkilenmeyecegini-bildirdi\/#primaryimage"},"thumbnailUrl":"https:\/\/kuzeyinsesi.org\/wp-content\/uploads\/2025\/01\/1736184989856ab-turkiye.jpg","articleSection":["T\u00fcrkiye"],"inLanguage":"tr","potentialAction":[{"@type":"CommentAction","name":"Comment","target":["https:\/\/kuzeyinsesi.org\/index.php\/2025\/01\/06\/ab-turkiye-delegasyonu-etias-uygulamasindan-turkiyenin-etkilenmeyecegini-bildirdi\/#respond"]}]},{"@type":"WebPage","@id":"https:\/\/kuzeyinsesi.org\/index.php\/2025\/01\/06\/ab-turkiye-delegasyonu-etias-uygulamasindan-turkiyenin-etkilenmeyecegini-bildirdi\/","url":"https:\/\/kuzeyinsesi.org\/index.php\/2025\/01\/06\/ab-turkiye-delegasyonu-etias-uygulamasindan-turkiyenin-etkilenmeyecegini-bildirdi\/","name":"AB T\u00fcrkiye Delegasyonu, ETIAS uygulamas\u0131ndan T\u00fcrkiye\u2019nin etkilenmeyece\u011fini bildirdi - Kuzeyin Sesi","isPartOf":{"@id":"https:\/\/kuzeyinsesi.org\/#website"},"primaryImageOfPage":{"@id":"https:\/\/kuzeyinsesi.org\/index.php\/2025\/01\/06\/ab-turkiye-delegasyonu-etias-uygulamasindan-turkiyenin-etkilenmeyecegini-bildirdi\/#primaryimage"},"image":{"@id":"https:\/\/kuzeyinsesi.org\/index.php\/2025\/01\/06\/ab-turkiye-delegasyonu-etias-uygulamasindan-turkiyenin-etkilenmeyecegini-bildirdi\/#primaryimage"},"thumbnailUrl":"https:\/\/kuzeyinsesi.org\/wp-content\/uploads\/2025\/01\/1736184989856ab-turkiye.jpg","datePublished":"2025-01-06T19:53:10+00:00","author":{"@id":"https:\/\/kuzeyinsesi.org\/#\/schema\/person\/9f859689cdf01485597712386e37f5aa"},"breadcrumb":{"@id":"https:\/\/kuzeyinsesi.org\/index.php\/2025\/01\/06\/ab-turkiye-delegasyonu-etias-uygulamasindan-turkiyenin-etkilenmeyecegini-bildirdi\/#breadcrumb"},"inLanguage":"tr","potentialAction":[{"@type":"ReadAction","target":["https:\/\/kuzeyinsesi.org\/index.php\/2025\/01\/06\/ab-turkiye-delegasyonu-etias-uygulamasindan-turkiyenin-etkilenmeyecegini-bildirdi\/"]}]},{"@type":"ImageObject","inLanguage":"tr","@id":"https:\/\/kuzeyinsesi.org\/index.php\/2025\/01\/06\/ab-turkiye-delegasyonu-etias-uygulamasindan-turkiyenin-etkilenmeyecegini-bildirdi\/#primaryimage","url":"https:\/\/kuzeyinsesi.org\/wp-content\/uploads\/2025\/01\/1736184989856ab-turkiye.jpg","contentUrl":"https:\/\/kuzeyinsesi.org\/wp-content\/uploads\/2025\/01\/1736184989856ab-turkiye.jpg","width":864,"height":486},{"@type":"BreadcrumbList","@id":"https:\/\/kuzeyinsesi.org\/index.php\/2025\/01\/06\/ab-turkiye-delegasyonu-etias-uygulamasindan-turkiyenin-etkilenmeyecegini-bildirdi\/#breadcrumb","itemListElement":[{"@type":"ListItem","position":1,"name":"Anasayfa","item":"https:\/\/kuzeyinsesi.org\/"},{"@type":"ListItem","position":2,"name":"AB T\u00fcrkiye Delegasyonu, ETIAS uygulamas\u0131ndan T\u00fcrkiye\u2019nin etkilenmeyece\u011fini bildirdi"}]},{"@type":"WebSite","@id":"https:\/\/kuzeyinsesi.org\/#website","url":"https:\/\/kuzeyinsesi.org\/","name":"Kuzeyin Sesi","description":"Do\u011fru Haberin Adresi","potentialAction":[{"@type":"SearchAction","target":{"@type":"EntryPoint","urlTemplate":"https:\/\/kuzeyinsesi.org\/?s={search_term_string}"},"query-input":{"@type":"PropertyValueSpecification","valueRequired":true,"valueName":"search_term_string"}}],"inLanguage":"tr"},{"@type":"Person","@id":"https:\/\/kuzeyinsesi.org\/#\/schema\/person\/9f859689cdf01485597712386e37f5aa","name":"Kuzeyin Sesi","image":{"@type":"ImageObject","inLanguage":"tr","@id":"https:\/\/secure.gravatar.com\/avatar\/bab33852abfd8b282518d6ed81826833d77c3c882d9ab608add591ccace47a44?s=96&d=mm&r=g","url":"https:\/\/secure.gravatar.com\/avatar\/bab33852abfd8b282518d6ed81826833d77c3c882d9ab608add591ccace47a44?s=96&d=mm&r=g","contentUrl":"https:\/\/secure.gravatar.com\/avatar\/bab33852abfd8b282518d6ed81826833d77c3c882d9ab608add591ccace47a44?s=96&d=mm&r=g","caption":"Kuzeyin Sesi"},"sameAs":["https:\/\/kuzeyinsesi.org"],"url":"https:\/\/kuzeyinsesi.org\/index.php\/author\/guven\/"}]}},"_links":{"self":[{"href":"https:\/\/kuzeyinsesi.org\/index.php\/wp-json\/wp\/v2\/posts\/16872","targetHints":{"allow":["GET"]}}],"collection":[{"href":"https:\/\/kuzeyinsesi.org\/index.php\/wp-json\/wp\/v2\/posts"}],"about":[{"href":"https:\/\/kuzeyinsesi.org\/index.php\/wp-json\/wp\/v2\/types\/post"}],"author":[{"embeddable":true,"href":"https:\/\/kuzeyinsesi.org\/index.php\/wp-json\/wp\/v2\/users\/1"}],"replies":[{"embeddable":true,"href":"https:\/\/kuzeyinsesi.org\/index.php\/wp-json\/wp\/v2\/comments?post=16872"}],"version-history":[{"count":0,"href":"https:\/\/kuzeyinsesi.org\/index.php\/wp-json\/wp\/v2\/posts\/16872\/revisions"}],"wp:featuredmedia":[{"embeddable":true,"href":"https:\/\/kuzeyinsesi.org\/index.php\/wp-json\/wp\/v2\/media\/16873"}],"wp:attachment":[{"href":"https:\/\/kuzeyinsesi.org\/index.php\/wp-json\/wp\/v2\/media?parent=16872"}],"wp:term":[{"taxonomy":"category","embeddable":true,"href":"https:\/\/kuzeyinsesi.org\/index.php\/wp-json\/wp\/v2\/categories?post=16872"},{"taxonomy":"post_tag","embeddable":true,"href":"https:\/\/kuzeyinsesi.org\/index.php\/wp-json\/wp\/v2\/tags?post=16872"}],"curies":[{"name":"wp","href":"https:\/\/api.w.org\/{rel}","templated":true}]}}