{"id":16858,"date":"2025-01-06T17:54:49","date_gmt":"2025-01-06T15:54:49","guid":{"rendered":"https:\/\/kuzeyinsesi.org\/index.php\/2025\/01\/06\/burcin-ozkus-fotograf-yarismasinin-kazananlari-aciklandi\/"},"modified":"2025-01-06T17:54:49","modified_gmt":"2025-01-06T15:54:49","slug":"burcin-ozkus-fotograf-yarismasinin-kazananlari-aciklandi","status":"publish","type":"post","link":"https:\/\/kuzeyinsesi.org\/index.php\/2025\/01\/06\/burcin-ozkus-fotograf-yarismasinin-kazananlari-aciklandi\/","title":{"rendered":"Bur\u00e7in \u00d6zku\u015f Foto\u011fraf Yar\u0131\u015fmas\u0131\u2019n\u0131n kazananlar\u0131 a\u00e7\u0131kland\u0131"},"content":{"rendered":"<div>\n<div class=\"mariselle-image-container center\">\n                                            <\/div>\n<p>Lefko\u015fa T\u00fcrk Belediyesi (LTB) ve K\u0131br\u0131s T\u00fcrk Foto\u011fraf Derne\u011fi (FODER) i\u015f birli\u011fiyle d\u00fczenlenen Bur\u00e7in \u00d6zku\u015f Foto\u011fraf Yar\u0131\u015fmas\u0131\u2019n\u0131 kazananlar ve sergilenmeye de\u011fer bulunan eserler a\u00e7\u0131kland\u0131. <\/p>\n<p>LTB\u2019den yap\u0131lan a\u00e7\u0131klamaya g\u00f6re, 3 Ocak tarihinde online olarak yap\u0131lan j\u00fcri toplant\u0131s\u0131nda Kuzey K\u0131br\u0131s, G\u00fcney K\u0131br\u0131s, \u0130talya, M\u0131s\u0131r ve T\u00fcrkiye\u2019den yar\u0131\u015fmaya kat\u0131lan 90 foto\u011fraf\u00e7\u0131n\u0131n g\u00f6nderdi\u011fi toplam 387 foto\u011fraf de\u011ferlendirildi. J\u00fcri \u00fcyeleri Alexis Saveriades, Burak \u015eenbak, \u0130brahim Y\u0131lmaz, Kadir Kaba ve \u0130smail G\u00f6k\u00e7e\u2019nin titiz al\u0131\u015fmas\u0131yla \u00f6d\u00fcller sahiplerini buldu.<\/p>\n<p>-27 foto\u011fraf\u00e7\u0131n\u0131n 32 foto\u011fraf\u0131 sergilenmeye de\u011fer bulundu<\/p>\n<p>Yap\u0131lan de\u011ferlendirme sonucunda 27 foto\u011fraf\u00e7\u0131n\u0131n 32 foto\u011fraf\u0131 sergilenmeye de\u011fer bulunurken, 4 foto\u011fraf da \u00f6d\u00fcl almaya hak kazand\u0131.<\/p>\n<p>Kenan Talas\u2019\u0131n Pencere, \u015eaziye Kofal\u0131 Kurt\u2019un Mahsun Bak\u0131\u015f ve Hasan U\u00e7ar\u2019\u0131n Tand\u0131r Evi isimli eserleri dereceye girerken Ufuk Turpcan\u2019\u0131n Esla isimli eseri Bur\u00e7in \u00d6zku\u015f \u00d6zel \u00d6d\u00fcl\u00fc\u2019ne lay\u0131k g\u00f6r\u00fcld\u00fc.<\/p>\n<p>\u00d6d\u00fcl kazanan ve sergileme alan foto\u011fraflar, 28 Ocak\u2019ta Merkez Lefko\u015fa\u2019da sergilenecek. Sergi 2 hafta boyunca a\u00e7\u0131k kalacak.<\/p>\n<\/p><\/div>\n<p><script async\n                    defer\n                    crossorigin=\"anonymous\"\n                    src=\"https:\/\/connect.facebook.net\/tr_TR\/sdk.js#xfbml=1&#038;version=v3.3\"\n            ><\/script><\/p>\n","protected":false},"excerpt":{"rendered":"<p>Lefko\u015fa T\u00fcrk Belediyesi (LTB) ve K\u0131br\u0131s T\u00fcrk Foto\u011fraf Derne\u011fi (FODER) i\u015f birli\u011fiyle d\u00fczenlenen Bur\u00e7in \u00d6zku\u015f Foto\u011fraf Yar\u0131\u015fmas\u0131\u2019n\u0131 kazananlar ve sergilenmeye de\u011fer bulunan eserler a\u00e7\u0131kland\u0131. LTB\u2019den yap\u0131lan a\u00e7\u0131klamaya g\u00f6re, 3 Ocak tarihinde online olarak yap\u0131lan j\u00fcri toplant\u0131s\u0131nda Kuzey K\u0131br\u0131s, G\u00fcney K\u0131br\u0131s, \u0130talya, M\u0131s\u0131r ve T\u00fcrkiye\u2019den yar\u0131\u015fmaya kat\u0131lan 90 foto\u011fraf\u00e7\u0131n\u0131n g\u00f6nderdi\u011fi toplam 387 foto\u011fraf de\u011ferlendirildi. J\u00fcri \u00fcyeleri [&hellip;]<\/p>\n","protected":false},"author":1,"featured_media":16859,"comment_status":"open","ping_status":"open","sticky":false,"template":"","format":"standard","meta":{"jnews-multi-image_gallery":[],"jnews_single_post":[],"jnews_primary_category":[],"jnews_social_meta":[],"jnews_override_counter":[],"footnotes":""},"categories":[6],"tags":[],"class_list":["post-16858","post","type-post","status-publish","format-standard","has-post-thumbnail","hentry","category-yasam"],"yoast_head":"<!-- This site is optimized with the Yoast SEO plugin v27.4 - https:\/\/yoast.com\/product\/yoast-seo-wordpress\/ -->\n<title>Bur\u00e7in \u00d6zku\u015f Foto\u011fraf Yar\u0131\u015fmas\u0131\u2019n\u0131n kazananlar\u0131 a\u00e7\u0131kland\u0131 - Kuzeyin Sesi<\/title>\n<meta name=\"robots\" content=\"index, follow, max-snippet:-1, max-image-preview:large, max-video-preview:-1\" \/>\n<link rel=\"canonical\" href=\"https:\/\/kuzeyinsesi.org\/index.php\/2025\/01\/06\/burcin-ozkus-fotograf-yarismasinin-kazananlari-aciklandi\/\" \/>\n<meta property=\"og:locale\" content=\"tr_TR\" \/>\n<meta property=\"og:type\" content=\"article\" \/>\n<meta property=\"og:title\" content=\"Bur\u00e7in \u00d6zku\u015f Foto\u011fraf Yar\u0131\u015fmas\u0131\u2019n\u0131n kazananlar\u0131 a\u00e7\u0131kland\u0131 - Kuzeyin Sesi\" \/>\n<meta property=\"og:description\" content=\"Lefko\u015fa T\u00fcrk Belediyesi (LTB) ve K\u0131br\u0131s T\u00fcrk Foto\u011fraf Derne\u011fi (FODER) i\u015f birli\u011fiyle d\u00fczenlenen Bur\u00e7in \u00d6zku\u015f Foto\u011fraf Yar\u0131\u015fmas\u0131\u2019n\u0131 kazananlar ve sergilenmeye de\u011fer bulunan eserler a\u00e7\u0131kland\u0131. LTB\u2019den yap\u0131lan a\u00e7\u0131klamaya g\u00f6re, 3 Ocak tarihinde online olarak yap\u0131lan j\u00fcri toplant\u0131s\u0131nda Kuzey K\u0131br\u0131s, G\u00fcney K\u0131br\u0131s, \u0130talya, M\u0131s\u0131r ve T\u00fcrkiye\u2019den yar\u0131\u015fmaya kat\u0131lan 90 foto\u011fraf\u00e7\u0131n\u0131n g\u00f6nderdi\u011fi toplam 387 foto\u011fraf de\u011ferlendirildi. J\u00fcri \u00fcyeleri [&hellip;]\" \/>\n<meta property=\"og:url\" content=\"https:\/\/kuzeyinsesi.org\/index.php\/2025\/01\/06\/burcin-ozkus-fotograf-yarismasinin-kazananlari-aciklandi\/\" \/>\n<meta property=\"og:site_name\" content=\"Kuzeyin Sesi\" \/>\n<meta property=\"article:publisher\" content=\"https:\/\/www.facebook.com\/kuzeyinsesii\" \/>\n<meta property=\"article:published_time\" content=\"2025-01-06T15:54:49+00:00\" \/>\n<meta property=\"og:image\" content=\"https:\/\/brtk.net\/wp-content\/uploads\/2025\/01\/06\/1736171495325ltb-burcin-ozkus-online-juri-toplantisi.jpeg?ver=e96d2eb9a7752d64ef026d97efbe070f\" \/>\n<meta name=\"author\" content=\"Kuzeyin Sesi\" \/>\n<meta name=\"twitter:card\" content=\"summary_large_image\" \/>\n<meta name=\"twitter:creator\" content=\"@kuzeyinsesii\" \/>\n<meta name=\"twitter:site\" content=\"@kuzeyinsesii\" \/>\n<meta name=\"twitter:label1\" content=\"Yazan:\" \/>\n\t<meta name=\"twitter:data1\" content=\"Kuzeyin Sesi\" \/>\n\t<meta name=\"twitter:label2\" content=\"Tahmini okuma s\u00fcresi\" \/>\n\t<meta name=\"twitter:data2\" content=\"1 dakika\" \/>\n<script type=\"application\/ld+json\" class=\"yoast-schema-graph\">{\"@context\":\"https:\\\/\\\/schema.org\",\"@graph\":[{\"@type\":\"Article\",\"@id\":\"https:\\\/\\\/kuzeyinsesi.org\\\/index.php\\\/2025\\\/01\\\/06\\\/burcin-ozkus-fotograf-yarismasinin-kazananlari-aciklandi\\\/#article\",\"isPartOf\":{\"@id\":\"https:\\\/\\\/kuzeyinsesi.org\\\/index.php\\\/2025\\\/01\\\/06\\\/burcin-ozkus-fotograf-yarismasinin-kazananlari-aciklandi\\\/\"},\"author\":{\"name\":\"Kuzeyin Sesi\",\"@id\":\"https:\\\/\\\/kuzeyinsesi.org\\\/#\\\/schema\\\/person\\\/9f859689cdf01485597712386e37f5aa\"},\"headline\":\"Bur\u00e7in \u00d6zku\u015f Foto\u011fraf Yar\u0131\u015fmas\u0131\u2019n\u0131n kazananlar\u0131 a\u00e7\u0131kland\u0131\",\"datePublished\":\"2025-01-06T15:54:49+00:00\",\"mainEntityOfPage\":{\"@id\":\"https:\\\/\\\/kuzeyinsesi.org\\\/index.php\\\/2025\\\/01\\\/06\\\/burcin-ozkus-fotograf-yarismasinin-kazananlari-aciklandi\\\/\"},\"wordCount\":224,\"commentCount\":0,\"image\":{\"@id\":\"https:\\\/\\\/kuzeyinsesi.org\\\/index.php\\\/2025\\\/01\\\/06\\\/burcin-ozkus-fotograf-yarismasinin-kazananlari-aciklandi\\\/#primaryimage\"},\"thumbnailUrl\":\"https:\\\/\\\/kuzeyinsesi.org\\\/wp-content\\\/uploads\\\/2025\\\/01\\\/1736171495325ltb-burcin-ozkus-online-juri-toplantisi.jpeg\",\"articleSection\":[\"Ya\u015fam\"],\"inLanguage\":\"tr\",\"potentialAction\":[{\"@type\":\"CommentAction\",\"name\":\"Comment\",\"target\":[\"https:\\\/\\\/kuzeyinsesi.org\\\/index.php\\\/2025\\\/01\\\/06\\\/burcin-ozkus-fotograf-yarismasinin-kazananlari-aciklandi\\\/#respond\"]}]},{\"@type\":\"WebPage\",\"@id\":\"https:\\\/\\\/kuzeyinsesi.org\\\/index.php\\\/2025\\\/01\\\/06\\\/burcin-ozkus-fotograf-yarismasinin-kazananlari-aciklandi\\\/\",\"url\":\"https:\\\/\\\/kuzeyinsesi.org\\\/index.php\\\/2025\\\/01\\\/06\\\/burcin-ozkus-fotograf-yarismasinin-kazananlari-aciklandi\\\/\",\"name\":\"Bur\u00e7in \u00d6zku\u015f Foto\u011fraf Yar\u0131\u015fmas\u0131\u2019n\u0131n kazananlar\u0131 a\u00e7\u0131kland\u0131 - Kuzeyin Sesi\",\"isPartOf\":{\"@id\":\"https:\\\/\\\/kuzeyinsesi.org\\\/#website\"},\"primaryImageOfPage\":{\"@id\":\"https:\\\/\\\/kuzeyinsesi.org\\\/index.php\\\/2025\\\/01\\\/06\\\/burcin-ozkus-fotograf-yarismasinin-kazananlari-aciklandi\\\/#primaryimage\"},\"image\":{\"@id\":\"https:\\\/\\\/kuzeyinsesi.org\\\/index.php\\\/2025\\\/01\\\/06\\\/burcin-ozkus-fotograf-yarismasinin-kazananlari-aciklandi\\\/#primaryimage\"},\"thumbnailUrl\":\"https:\\\/\\\/kuzeyinsesi.org\\\/wp-content\\\/uploads\\\/2025\\\/01\\\/1736171495325ltb-burcin-ozkus-online-juri-toplantisi.jpeg\",\"datePublished\":\"2025-01-06T15:54:49+00:00\",\"author\":{\"@id\":\"https:\\\/\\\/kuzeyinsesi.org\\\/#\\\/schema\\\/person\\\/9f859689cdf01485597712386e37f5aa\"},\"breadcrumb\":{\"@id\":\"https:\\\/\\\/kuzeyinsesi.org\\\/index.php\\\/2025\\\/01\\\/06\\\/burcin-ozkus-fotograf-yarismasinin-kazananlari-aciklandi\\\/#breadcrumb\"},\"inLanguage\":\"tr\",\"potentialAction\":[{\"@type\":\"ReadAction\",\"target\":[\"https:\\\/\\\/kuzeyinsesi.org\\\/index.php\\\/2025\\\/01\\\/06\\\/burcin-ozkus-fotograf-yarismasinin-kazananlari-aciklandi\\\/\"]}]},{\"@type\":\"ImageObject\",\"inLanguage\":\"tr\",\"@id\":\"https:\\\/\\\/kuzeyinsesi.org\\\/index.php\\\/2025\\\/01\\\/06\\\/burcin-ozkus-fotograf-yarismasinin-kazananlari-aciklandi\\\/#primaryimage\",\"url\":\"https:\\\/\\\/kuzeyinsesi.org\\\/wp-content\\\/uploads\\\/2025\\\/01\\\/1736171495325ltb-burcin-ozkus-online-juri-toplantisi.jpeg\",\"contentUrl\":\"https:\\\/\\\/kuzeyinsesi.org\\\/wp-content\\\/uploads\\\/2025\\\/01\\\/1736171495325ltb-burcin-ozkus-online-juri-toplantisi.jpeg\",\"width\":1518,\"height\":726},{\"@type\":\"BreadcrumbList\",\"@id\":\"https:\\\/\\\/kuzeyinsesi.org\\\/index.php\\\/2025\\\/01\\\/06\\\/burcin-ozkus-fotograf-yarismasinin-kazananlari-aciklandi\\\/#breadcrumb\",\"itemListElement\":[{\"@type\":\"ListItem\",\"position\":1,\"name\":\"Anasayfa\",\"item\":\"https:\\\/\\\/kuzeyinsesi.org\\\/\"},{\"@type\":\"ListItem\",\"position\":2,\"name\":\"Bur\u00e7in \u00d6zku\u015f Foto\u011fraf Yar\u0131\u015fmas\u0131\u2019n\u0131n kazananlar\u0131 a\u00e7\u0131kland\u0131\"}]},{\"@type\":\"WebSite\",\"@id\":\"https:\\\/\\\/kuzeyinsesi.org\\\/#website\",\"url\":\"https:\\\/\\\/kuzeyinsesi.org\\\/\",\"name\":\"Kuzeyin Sesi\",\"description\":\"Do\u011fru Haberin Adresi\",\"potentialAction\":[{\"@type\":\"SearchAction\",\"target\":{\"@type\":\"EntryPoint\",\"urlTemplate\":\"https:\\\/\\\/kuzeyinsesi.org\\\/?s={search_term_string}\"},\"query-input\":{\"@type\":\"PropertyValueSpecification\",\"valueRequired\":true,\"valueName\":\"search_term_string\"}}],\"inLanguage\":\"tr\"},{\"@type\":\"Person\",\"@id\":\"https:\\\/\\\/kuzeyinsesi.org\\\/#\\\/schema\\\/person\\\/9f859689cdf01485597712386e37f5aa\",\"name\":\"Kuzeyin Sesi\",\"image\":{\"@type\":\"ImageObject\",\"inLanguage\":\"tr\",\"@id\":\"https:\\\/\\\/secure.gravatar.com\\\/avatar\\\/bab33852abfd8b282518d6ed81826833d77c3c882d9ab608add591ccace47a44?s=96&d=mm&r=g\",\"url\":\"https:\\\/\\\/secure.gravatar.com\\\/avatar\\\/bab33852abfd8b282518d6ed81826833d77c3c882d9ab608add591ccace47a44?s=96&d=mm&r=g\",\"contentUrl\":\"https:\\\/\\\/secure.gravatar.com\\\/avatar\\\/bab33852abfd8b282518d6ed81826833d77c3c882d9ab608add591ccace47a44?s=96&d=mm&r=g\",\"caption\":\"Kuzeyin Sesi\"},\"sameAs\":[\"https:\\\/\\\/kuzeyinsesi.org\"],\"url\":\"https:\\\/\\\/kuzeyinsesi.org\\\/index.php\\\/author\\\/guven\\\/\"}]}<\/script>\n<!-- \/ Yoast SEO plugin. -->","yoast_head_json":{"title":"Bur\u00e7in \u00d6zku\u015f Foto\u011fraf Yar\u0131\u015fmas\u0131\u2019n\u0131n kazananlar\u0131 a\u00e7\u0131kland\u0131 - Kuzeyin Sesi","robots":{"index":"index","follow":"follow","max-snippet":"max-snippet:-1","max-image-preview":"max-image-preview:large","max-video-preview":"max-video-preview:-1"},"canonical":"https:\/\/kuzeyinsesi.org\/index.php\/2025\/01\/06\/burcin-ozkus-fotograf-yarismasinin-kazananlari-aciklandi\/","og_locale":"tr_TR","og_type":"article","og_title":"Bur\u00e7in \u00d6zku\u015f Foto\u011fraf Yar\u0131\u015fmas\u0131\u2019n\u0131n kazananlar\u0131 a\u00e7\u0131kland\u0131 - Kuzeyin Sesi","og_description":"Lefko\u015fa T\u00fcrk Belediyesi (LTB) ve K\u0131br\u0131s T\u00fcrk Foto\u011fraf Derne\u011fi (FODER) i\u015f birli\u011fiyle d\u00fczenlenen Bur\u00e7in \u00d6zku\u015f Foto\u011fraf Yar\u0131\u015fmas\u0131\u2019n\u0131 kazananlar ve sergilenmeye de\u011fer bulunan eserler a\u00e7\u0131kland\u0131. LTB\u2019den yap\u0131lan a\u00e7\u0131klamaya g\u00f6re, 3 Ocak tarihinde online olarak yap\u0131lan j\u00fcri toplant\u0131s\u0131nda Kuzey K\u0131br\u0131s, G\u00fcney K\u0131br\u0131s, \u0130talya, M\u0131s\u0131r ve T\u00fcrkiye\u2019den yar\u0131\u015fmaya kat\u0131lan 90 foto\u011fraf\u00e7\u0131n\u0131n g\u00f6nderdi\u011fi toplam 387 foto\u011fraf de\u011ferlendirildi. J\u00fcri \u00fcyeleri [&hellip;]","og_url":"https:\/\/kuzeyinsesi.org\/index.php\/2025\/01\/06\/burcin-ozkus-fotograf-yarismasinin-kazananlari-aciklandi\/","og_site_name":"Kuzeyin Sesi","article_publisher":"https:\/\/www.facebook.com\/kuzeyinsesii","article_published_time":"2025-01-06T15:54:49+00:00","og_image":[{"url":"https:\/\/brtk.net\/wp-content\/uploads\/2025\/01\/06\/1736171495325ltb-burcin-ozkus-online-juri-toplantisi.jpeg?ver=e96d2eb9a7752d64ef026d97efbe070f","type":"","width":"","height":""}],"author":"Kuzeyin Sesi","twitter_card":"summary_large_image","twitter_creator":"@kuzeyinsesii","twitter_site":"@kuzeyinsesii","twitter_misc":{"Yazan:":"Kuzeyin Sesi","Tahmini okuma s\u00fcresi":"1 dakika"},"schema":{"@context":"https:\/\/schema.org","@graph":[{"@type":"Article","@id":"https:\/\/kuzeyinsesi.org\/index.php\/2025\/01\/06\/burcin-ozkus-fotograf-yarismasinin-kazananlari-aciklandi\/#article","isPartOf":{"@id":"https:\/\/kuzeyinsesi.org\/index.php\/2025\/01\/06\/burcin-ozkus-fotograf-yarismasinin-kazananlari-aciklandi\/"},"author":{"name":"Kuzeyin Sesi","@id":"https:\/\/kuzeyinsesi.org\/#\/schema\/person\/9f859689cdf01485597712386e37f5aa"},"headline":"Bur\u00e7in \u00d6zku\u015f Foto\u011fraf Yar\u0131\u015fmas\u0131\u2019n\u0131n kazananlar\u0131 a\u00e7\u0131kland\u0131","datePublished":"2025-01-06T15:54:49+00:00","mainEntityOfPage":{"@id":"https:\/\/kuzeyinsesi.org\/index.php\/2025\/01\/06\/burcin-ozkus-fotograf-yarismasinin-kazananlari-aciklandi\/"},"wordCount":224,"commentCount":0,"image":{"@id":"https:\/\/kuzeyinsesi.org\/index.php\/2025\/01\/06\/burcin-ozkus-fotograf-yarismasinin-kazananlari-aciklandi\/#primaryimage"},"thumbnailUrl":"https:\/\/kuzeyinsesi.org\/wp-content\/uploads\/2025\/01\/1736171495325ltb-burcin-ozkus-online-juri-toplantisi.jpeg","articleSection":["Ya\u015fam"],"inLanguage":"tr","potentialAction":[{"@type":"CommentAction","name":"Comment","target":["https:\/\/kuzeyinsesi.org\/index.php\/2025\/01\/06\/burcin-ozkus-fotograf-yarismasinin-kazananlari-aciklandi\/#respond"]}]},{"@type":"WebPage","@id":"https:\/\/kuzeyinsesi.org\/index.php\/2025\/01\/06\/burcin-ozkus-fotograf-yarismasinin-kazananlari-aciklandi\/","url":"https:\/\/kuzeyinsesi.org\/index.php\/2025\/01\/06\/burcin-ozkus-fotograf-yarismasinin-kazananlari-aciklandi\/","name":"Bur\u00e7in \u00d6zku\u015f Foto\u011fraf Yar\u0131\u015fmas\u0131\u2019n\u0131n kazananlar\u0131 a\u00e7\u0131kland\u0131 - Kuzeyin Sesi","isPartOf":{"@id":"https:\/\/kuzeyinsesi.org\/#website"},"primaryImageOfPage":{"@id":"https:\/\/kuzeyinsesi.org\/index.php\/2025\/01\/06\/burcin-ozkus-fotograf-yarismasinin-kazananlari-aciklandi\/#primaryimage"},"image":{"@id":"https:\/\/kuzeyinsesi.org\/index.php\/2025\/01\/06\/burcin-ozkus-fotograf-yarismasinin-kazananlari-aciklandi\/#primaryimage"},"thumbnailUrl":"https:\/\/kuzeyinsesi.org\/wp-content\/uploads\/2025\/01\/1736171495325ltb-burcin-ozkus-online-juri-toplantisi.jpeg","datePublished":"2025-01-06T15:54:49+00:00","author":{"@id":"https:\/\/kuzeyinsesi.org\/#\/schema\/person\/9f859689cdf01485597712386e37f5aa"},"breadcrumb":{"@id":"https:\/\/kuzeyinsesi.org\/index.php\/2025\/01\/06\/burcin-ozkus-fotograf-yarismasinin-kazananlari-aciklandi\/#breadcrumb"},"inLanguage":"tr","potentialAction":[{"@type":"ReadAction","target":["https:\/\/kuzeyinsesi.org\/index.php\/2025\/01\/06\/burcin-ozkus-fotograf-yarismasinin-kazananlari-aciklandi\/"]}]},{"@type":"ImageObject","inLanguage":"tr","@id":"https:\/\/kuzeyinsesi.org\/index.php\/2025\/01\/06\/burcin-ozkus-fotograf-yarismasinin-kazananlari-aciklandi\/#primaryimage","url":"https:\/\/kuzeyinsesi.org\/wp-content\/uploads\/2025\/01\/1736171495325ltb-burcin-ozkus-online-juri-toplantisi.jpeg","contentUrl":"https:\/\/kuzeyinsesi.org\/wp-content\/uploads\/2025\/01\/1736171495325ltb-burcin-ozkus-online-juri-toplantisi.jpeg","width":1518,"height":726},{"@type":"BreadcrumbList","@id":"https:\/\/kuzeyinsesi.org\/index.php\/2025\/01\/06\/burcin-ozkus-fotograf-yarismasinin-kazananlari-aciklandi\/#breadcrumb","itemListElement":[{"@type":"ListItem","position":1,"name":"Anasayfa","item":"https:\/\/kuzeyinsesi.org\/"},{"@type":"ListItem","position":2,"name":"Bur\u00e7in \u00d6zku\u015f Foto\u011fraf Yar\u0131\u015fmas\u0131\u2019n\u0131n kazananlar\u0131 a\u00e7\u0131kland\u0131"}]},{"@type":"WebSite","@id":"https:\/\/kuzeyinsesi.org\/#website","url":"https:\/\/kuzeyinsesi.org\/","name":"Kuzeyin Sesi","description":"Do\u011fru Haberin Adresi","potentialAction":[{"@type":"SearchAction","target":{"@type":"EntryPoint","urlTemplate":"https:\/\/kuzeyinsesi.org\/?s={search_term_string}"},"query-input":{"@type":"PropertyValueSpecification","valueRequired":true,"valueName":"search_term_string"}}],"inLanguage":"tr"},{"@type":"Person","@id":"https:\/\/kuzeyinsesi.org\/#\/schema\/person\/9f859689cdf01485597712386e37f5aa","name":"Kuzeyin Sesi","image":{"@type":"ImageObject","inLanguage":"tr","@id":"https:\/\/secure.gravatar.com\/avatar\/bab33852abfd8b282518d6ed81826833d77c3c882d9ab608add591ccace47a44?s=96&d=mm&r=g","url":"https:\/\/secure.gravatar.com\/avatar\/bab33852abfd8b282518d6ed81826833d77c3c882d9ab608add591ccace47a44?s=96&d=mm&r=g","contentUrl":"https:\/\/secure.gravatar.com\/avatar\/bab33852abfd8b282518d6ed81826833d77c3c882d9ab608add591ccace47a44?s=96&d=mm&r=g","caption":"Kuzeyin Sesi"},"sameAs":["https:\/\/kuzeyinsesi.org"],"url":"https:\/\/kuzeyinsesi.org\/index.php\/author\/guven\/"}]}},"_links":{"self":[{"href":"https:\/\/kuzeyinsesi.org\/index.php\/wp-json\/wp\/v2\/posts\/16858","targetHints":{"allow":["GET"]}}],"collection":[{"href":"https:\/\/kuzeyinsesi.org\/index.php\/wp-json\/wp\/v2\/posts"}],"about":[{"href":"https:\/\/kuzeyinsesi.org\/index.php\/wp-json\/wp\/v2\/types\/post"}],"author":[{"embeddable":true,"href":"https:\/\/kuzeyinsesi.org\/index.php\/wp-json\/wp\/v2\/users\/1"}],"replies":[{"embeddable":true,"href":"https:\/\/kuzeyinsesi.org\/index.php\/wp-json\/wp\/v2\/comments?post=16858"}],"version-history":[{"count":0,"href":"https:\/\/kuzeyinsesi.org\/index.php\/wp-json\/wp\/v2\/posts\/16858\/revisions"}],"wp:featuredmedia":[{"embeddable":true,"href":"https:\/\/kuzeyinsesi.org\/index.php\/wp-json\/wp\/v2\/media\/16859"}],"wp:attachment":[{"href":"https:\/\/kuzeyinsesi.org\/index.php\/wp-json\/wp\/v2\/media?parent=16858"}],"wp:term":[{"taxonomy":"category","embeddable":true,"href":"https:\/\/kuzeyinsesi.org\/index.php\/wp-json\/wp\/v2\/categories?post=16858"},{"taxonomy":"post_tag","embeddable":true,"href":"https:\/\/kuzeyinsesi.org\/index.php\/wp-json\/wp\/v2\/tags?post=16858"}],"curies":[{"name":"wp","href":"https:\/\/api.w.org\/{rel}","templated":true}]}}