{"id":16852,"date":"2025-01-06T17:16:13","date_gmt":"2025-01-06T15:16:13","guid":{"rendered":"https:\/\/kuzeyinsesi.org\/index.php\/2025\/01\/06\/hasankeyfdeki-kazida-anadolu-parsina-ait-olabilecek-figur-bulundu\/"},"modified":"2025-01-06T17:16:13","modified_gmt":"2025-01-06T15:16:13","slug":"hasankeyfdeki-kazida-anadolu-parsina-ait-olabilecek-figur-bulundu","status":"publish","type":"post","link":"https:\/\/kuzeyinsesi.org\/index.php\/2025\/01\/06\/hasankeyfdeki-kazida-anadolu-parsina-ait-olabilecek-figur-bulundu\/","title":{"rendered":"Hasankeyf\u2019deki kaz\u0131da Anadolu pars\u0131na ait olabilecek fig\u00fcr bulundu"},"content":{"rendered":"<div>\n<div class=\"mariselle-image-container center\">\n                                            <\/div>\n<p>D\u00fcnyan\u0131n en eski yerle\u015fim yerlerinden biri olan Batman\u2019\u0131n tarihi Hasankeyf il\u00e7esindeki kaz\u0131 \u00e7al\u0131\u015fmalar\u0131nda ortaya \u00e7\u0131kar\u0131lan 800 y\u0131ll\u0131k kap par\u00e7as\u0131n\u0131n \u00fczerindeki fig\u00fcr\u00fcn Anadolu pars\u0131na ait oldu\u011fu tahmin ediliyor.<\/p>\n<p>D\u00fcnyan\u0131n en eski yerle\u015fim yerlerinden biri olan Batman\u2019\u0131n tarihi Hasankeyf il\u00e7esinde 2024 y\u0131l\u0131 kaz\u0131 \u00e7al\u0131\u015fmalar\u0131 sona erdi.<\/p>\n<p>Mardin Artuklu \u00dcniversitesi Edebiyat Fak\u00fcltesi Sanat Tarihi B\u00f6l\u00fcm\u00fc \u00d6\u011fretim \u00dcyesi Do\u00e7. Dr. Zekai Erdal\u2019\u0131n ba\u015fkanl\u0131\u011f\u0131nda uzman ekip taraf\u0131ndan y\u00fcr\u00fct\u00fclen kaz\u0131da, \u00e7ok say\u0131da eser ortaya \u00e7\u0131kar\u0131ld\u0131.<\/p>\n<p>Kaz\u0131rlar s\u0131ras\u0131nda bulunan eserler aras\u0131nda Artuklular d\u00f6nemine ait, \u00fczerinde Anadolu pars\u0131n\u0131n fig\u00fcr\u00fcn\u00fcn oldu\u011fu tahmin edilen kap par\u00e7as\u0131 ile Ge\u00e7 Roma d\u00f6nemine ait g\u00f6zya\u015f\u0131 \u015fi\u015feleri dikkati \u00e7ekti.<\/p>\n<p>Erdal, TC K\u00fclt\u00fcr ve Turizm Bakanl\u0131\u011f\u0131 K\u00fclt\u00fcr Varl\u0131klar\u0131 ve M\u00fczeler Genel M\u00fcd\u00fcrl\u00fc\u011f\u00fcn\u00fcn izni ve deste\u011fiyle 2024 y\u0131l\u0131 kaz\u0131 sezonunun ge\u00e7en y\u0131l temmuz ay\u0131nda ba\u015flad\u0131\u011f\u0131n\u0131, 31 Aral\u0131k\u2019ta \u00e7al\u0131\u015fmalar\u0131n tamamland\u0131\u011f\u0131n\u0131 s\u00f6yledi.<\/p>\n<p>Kaz\u0131larda bulunan eserler aras\u0131nda en dikkati \u00e7eken par\u00e7an\u0131n Artuklular d\u00f6neminde l\u00fcster tekni\u011finde yap\u0131lm\u0131\u015f \u00fczerinde hayvan m\u00fccadelesini anlatan bir kap par\u00e7as\u0131 oldu\u011funu anlatan Erdal, \u015f\u00f6yle konu\u015ftu:<\/p>\n<p>\u201cK\u0131r\u0131k olan par\u00e7a \u00fczerinde \u00f6nde vah\u015fi bir hayvan g\u00f6vdesi var ama ba\u015f k\u0131sm\u0131 yok. Arkas\u0131nda ise bir yaban ke\u00e7isinin ba\u015f k\u0131sm\u0131 tespit edildi. Kab\u0131n kenar\u0131nda hayvan m\u00fccadelesi sahnesi tespit ettik. Bu fig\u00fcr\u00fcn Anadolu pars\u0131 olabilece\u011fi y\u00f6n\u00fcnde d\u00fc\u015f\u00fcncemiz dolay\u0131s\u0131yla Do\u011fa Koruma ve Milli Parklar Genel M\u00fcd\u00fcrl\u00fc\u011f\u00fc Yaban Hayat\u0131 Daire Ba\u015fkanl\u0131\u011f\u0131 ile irtibata ge\u00e7ildi, foto\u011fraflar g\u00f6nderildi. Yap\u0131lan g\u00f6r\u00fc\u015fmeler sonras\u0131nda Yaban Hayat\u0131 Daire Ba\u015fkanl\u0131\u011f\u0131ndaki ilgili arkada\u015flar kaptaki hayvan fig\u00fcr\u00fcn\u00fcn b\u00fcy\u00fck olas\u0131l\u0131kla Anadolu pars\u0131na ait olabilece\u011fini belirtti.\u201d<\/p>\n<\/p><\/div>\n<p><script async\n                    defer\n                    crossorigin=\"anonymous\"\n                    src=\"https:\/\/connect.facebook.net\/tr_TR\/sdk.js#xfbml=1&#038;version=v3.3\"\n            ><\/script><\/p>\n","protected":false},"excerpt":{"rendered":"<p>D\u00fcnyan\u0131n en eski yerle\u015fim yerlerinden biri olan Batman\u2019\u0131n tarihi Hasankeyf il\u00e7esindeki kaz\u0131 \u00e7al\u0131\u015fmalar\u0131nda ortaya \u00e7\u0131kar\u0131lan 800 y\u0131ll\u0131k kap par\u00e7as\u0131n\u0131n \u00fczerindeki fig\u00fcr\u00fcn Anadolu pars\u0131na ait oldu\u011fu tahmin ediliyor. D\u00fcnyan\u0131n en eski yerle\u015fim yerlerinden biri olan Batman\u2019\u0131n tarihi Hasankeyf il\u00e7esinde 2024 y\u0131l\u0131 kaz\u0131 \u00e7al\u0131\u015fmalar\u0131 sona erdi. Mardin Artuklu \u00dcniversitesi Edebiyat Fak\u00fcltesi Sanat Tarihi B\u00f6l\u00fcm\u00fc \u00d6\u011fretim \u00dcyesi Do\u00e7. [&hellip;]<\/p>\n","protected":false},"author":1,"featured_media":16853,"comment_status":"open","ping_status":"open","sticky":false,"template":"","format":"standard","meta":{"jnews-multi-image_gallery":[],"jnews_single_post":[],"jnews_primary_category":[],"jnews_social_meta":[],"jnews_override_counter":[],"footnotes":""},"categories":[5],"tags":[],"class_list":["post-16852","post","type-post","status-publish","format-standard","has-post-thumbnail","hentry","category-turkiye"],"yoast_head":"<!-- This site is optimized with the Yoast SEO plugin v27.4 - https:\/\/yoast.com\/product\/yoast-seo-wordpress\/ -->\n<title>Hasankeyf\u2019deki kaz\u0131da Anadolu pars\u0131na ait olabilecek fig\u00fcr bulundu - Kuzeyin Sesi<\/title>\n<meta name=\"robots\" content=\"index, follow, max-snippet:-1, max-image-preview:large, max-video-preview:-1\" \/>\n<link rel=\"canonical\" href=\"https:\/\/kuzeyinsesi.org\/index.php\/2025\/01\/06\/hasankeyfdeki-kazida-anadolu-parsina-ait-olabilecek-figur-bulundu\/\" \/>\n<meta property=\"og:locale\" content=\"tr_TR\" \/>\n<meta property=\"og:type\" content=\"article\" \/>\n<meta property=\"og:title\" content=\"Hasankeyf\u2019deki kaz\u0131da Anadolu pars\u0131na ait olabilecek fig\u00fcr bulundu - Kuzeyin Sesi\" \/>\n<meta property=\"og:description\" content=\"D\u00fcnyan\u0131n en eski yerle\u015fim yerlerinden biri olan Batman\u2019\u0131n tarihi Hasankeyf il\u00e7esindeki kaz\u0131 \u00e7al\u0131\u015fmalar\u0131nda ortaya \u00e7\u0131kar\u0131lan 800 y\u0131ll\u0131k kap par\u00e7as\u0131n\u0131n \u00fczerindeki fig\u00fcr\u00fcn Anadolu pars\u0131na ait oldu\u011fu tahmin ediliyor. D\u00fcnyan\u0131n en eski yerle\u015fim yerlerinden biri olan Batman\u2019\u0131n tarihi Hasankeyf il\u00e7esinde 2024 y\u0131l\u0131 kaz\u0131 \u00e7al\u0131\u015fmalar\u0131 sona erdi. Mardin Artuklu \u00dcniversitesi Edebiyat Fak\u00fcltesi Sanat Tarihi B\u00f6l\u00fcm\u00fc \u00d6\u011fretim \u00dcyesi Do\u00e7. [&hellip;]\" \/>\n<meta property=\"og:url\" content=\"https:\/\/kuzeyinsesi.org\/index.php\/2025\/01\/06\/hasankeyfdeki-kazida-anadolu-parsina-ait-olabilecek-figur-bulundu\/\" \/>\n<meta property=\"og:site_name\" content=\"Kuzeyin Sesi\" \/>\n<meta property=\"article:publisher\" content=\"https:\/\/www.facebook.com\/kuzeyinsesii\" \/>\n<meta property=\"article:published_time\" content=\"2025-01-06T15:16:13+00:00\" \/>\n<meta property=\"og:image\" content=\"https:\/\/brtk.net\/wp-content\/uploads\/2025\/01\/06\/1736165442508AA-20250106-36671864-36671852-HASANKEYFTEKI_KAZIDA_BULUNAN_800_YILLIK_SERAMIK_KAPTA_ANADOLU_PARSI_IZI-scaled.jpg?ver=532087930c65d0937fca66b823fc69c2\" \/>\n<meta name=\"author\" content=\"Kuzeyin Sesi\" \/>\n<meta name=\"twitter:card\" content=\"summary_large_image\" \/>\n<meta name=\"twitter:creator\" content=\"@kuzeyinsesii\" \/>\n<meta name=\"twitter:site\" content=\"@kuzeyinsesii\" \/>\n<meta name=\"twitter:label1\" content=\"Yazan:\" \/>\n\t<meta name=\"twitter:data1\" content=\"Kuzeyin Sesi\" \/>\n\t<meta name=\"twitter:label2\" content=\"Tahmini okuma s\u00fcresi\" \/>\n\t<meta name=\"twitter:data2\" content=\"2 dakika\" \/>\n<script type=\"application\/ld+json\" class=\"yoast-schema-graph\">{\"@context\":\"https:\\\/\\\/schema.org\",\"@graph\":[{\"@type\":\"Article\",\"@id\":\"https:\\\/\\\/kuzeyinsesi.org\\\/index.php\\\/2025\\\/01\\\/06\\\/hasankeyfdeki-kazida-anadolu-parsina-ait-olabilecek-figur-bulundu\\\/#article\",\"isPartOf\":{\"@id\":\"https:\\\/\\\/kuzeyinsesi.org\\\/index.php\\\/2025\\\/01\\\/06\\\/hasankeyfdeki-kazida-anadolu-parsina-ait-olabilecek-figur-bulundu\\\/\"},\"author\":{\"name\":\"Kuzeyin Sesi\",\"@id\":\"https:\\\/\\\/kuzeyinsesi.org\\\/#\\\/schema\\\/person\\\/9f859689cdf01485597712386e37f5aa\"},\"headline\":\"Hasankeyf\u2019deki kaz\u0131da Anadolu pars\u0131na ait olabilecek fig\u00fcr bulundu\",\"datePublished\":\"2025-01-06T15:16:13+00:00\",\"mainEntityOfPage\":{\"@id\":\"https:\\\/\\\/kuzeyinsesi.org\\\/index.php\\\/2025\\\/01\\\/06\\\/hasankeyfdeki-kazida-anadolu-parsina-ait-olabilecek-figur-bulundu\\\/\"},\"wordCount\":360,\"commentCount\":0,\"image\":{\"@id\":\"https:\\\/\\\/kuzeyinsesi.org\\\/index.php\\\/2025\\\/01\\\/06\\\/hasankeyfdeki-kazida-anadolu-parsina-ait-olabilecek-figur-bulundu\\\/#primaryimage\"},\"thumbnailUrl\":\"https:\\\/\\\/kuzeyinsesi.org\\\/wp-content\\\/uploads\\\/2025\\\/01\\\/1736165442508AA-20250106-36671864-36671852-HASANKEYFTEKI_KAZIDA_BULUNAN_800_YILLIK_SERAMIK_KAPTA_ANA.jpeg\",\"articleSection\":[\"T\u00fcrkiye\"],\"inLanguage\":\"tr\",\"potentialAction\":[{\"@type\":\"CommentAction\",\"name\":\"Comment\",\"target\":[\"https:\\\/\\\/kuzeyinsesi.org\\\/index.php\\\/2025\\\/01\\\/06\\\/hasankeyfdeki-kazida-anadolu-parsina-ait-olabilecek-figur-bulundu\\\/#respond\"]}]},{\"@type\":\"WebPage\",\"@id\":\"https:\\\/\\\/kuzeyinsesi.org\\\/index.php\\\/2025\\\/01\\\/06\\\/hasankeyfdeki-kazida-anadolu-parsina-ait-olabilecek-figur-bulundu\\\/\",\"url\":\"https:\\\/\\\/kuzeyinsesi.org\\\/index.php\\\/2025\\\/01\\\/06\\\/hasankeyfdeki-kazida-anadolu-parsina-ait-olabilecek-figur-bulundu\\\/\",\"name\":\"Hasankeyf\u2019deki kaz\u0131da Anadolu pars\u0131na ait olabilecek fig\u00fcr bulundu - Kuzeyin Sesi\",\"isPartOf\":{\"@id\":\"https:\\\/\\\/kuzeyinsesi.org\\\/#website\"},\"primaryImageOfPage\":{\"@id\":\"https:\\\/\\\/kuzeyinsesi.org\\\/index.php\\\/2025\\\/01\\\/06\\\/hasankeyfdeki-kazida-anadolu-parsina-ait-olabilecek-figur-bulundu\\\/#primaryimage\"},\"image\":{\"@id\":\"https:\\\/\\\/kuzeyinsesi.org\\\/index.php\\\/2025\\\/01\\\/06\\\/hasankeyfdeki-kazida-anadolu-parsina-ait-olabilecek-figur-bulundu\\\/#primaryimage\"},\"thumbnailUrl\":\"https:\\\/\\\/kuzeyinsesi.org\\\/wp-content\\\/uploads\\\/2025\\\/01\\\/1736165442508AA-20250106-36671864-36671852-HASANKEYFTEKI_KAZIDA_BULUNAN_800_YILLIK_SERAMIK_KAPTA_ANA.jpeg\",\"datePublished\":\"2025-01-06T15:16:13+00:00\",\"author\":{\"@id\":\"https:\\\/\\\/kuzeyinsesi.org\\\/#\\\/schema\\\/person\\\/9f859689cdf01485597712386e37f5aa\"},\"breadcrumb\":{\"@id\":\"https:\\\/\\\/kuzeyinsesi.org\\\/index.php\\\/2025\\\/01\\\/06\\\/hasankeyfdeki-kazida-anadolu-parsina-ait-olabilecek-figur-bulundu\\\/#breadcrumb\"},\"inLanguage\":\"tr\",\"potentialAction\":[{\"@type\":\"ReadAction\",\"target\":[\"https:\\\/\\\/kuzeyinsesi.org\\\/index.php\\\/2025\\\/01\\\/06\\\/hasankeyfdeki-kazida-anadolu-parsina-ait-olabilecek-figur-bulundu\\\/\"]}]},{\"@type\":\"ImageObject\",\"inLanguage\":\"tr\",\"@id\":\"https:\\\/\\\/kuzeyinsesi.org\\\/index.php\\\/2025\\\/01\\\/06\\\/hasankeyfdeki-kazida-anadolu-parsina-ait-olabilecek-figur-bulundu\\\/#primaryimage\",\"url\":\"https:\\\/\\\/kuzeyinsesi.org\\\/wp-content\\\/uploads\\\/2025\\\/01\\\/1736165442508AA-20250106-36671864-36671852-HASANKEYFTEKI_KAZIDA_BULUNAN_800_YILLIK_SERAMIK_KAPTA_ANA.jpeg\",\"contentUrl\":\"https:\\\/\\\/kuzeyinsesi.org\\\/wp-content\\\/uploads\\\/2025\\\/01\\\/1736165442508AA-20250106-36671864-36671852-HASANKEYFTEKI_KAZIDA_BULUNAN_800_YILLIK_SERAMIK_KAPTA_ANA.jpeg\",\"width\":2560,\"height\":1707},{\"@type\":\"BreadcrumbList\",\"@id\":\"https:\\\/\\\/kuzeyinsesi.org\\\/index.php\\\/2025\\\/01\\\/06\\\/hasankeyfdeki-kazida-anadolu-parsina-ait-olabilecek-figur-bulundu\\\/#breadcrumb\",\"itemListElement\":[{\"@type\":\"ListItem\",\"position\":1,\"name\":\"Anasayfa\",\"item\":\"https:\\\/\\\/kuzeyinsesi.org\\\/\"},{\"@type\":\"ListItem\",\"position\":2,\"name\":\"Hasankeyf\u2019deki kaz\u0131da Anadolu pars\u0131na ait olabilecek fig\u00fcr bulundu\"}]},{\"@type\":\"WebSite\",\"@id\":\"https:\\\/\\\/kuzeyinsesi.org\\\/#website\",\"url\":\"https:\\\/\\\/kuzeyinsesi.org\\\/\",\"name\":\"Kuzeyin Sesi\",\"description\":\"Do\u011fru Haberin Adresi\",\"potentialAction\":[{\"@type\":\"SearchAction\",\"target\":{\"@type\":\"EntryPoint\",\"urlTemplate\":\"https:\\\/\\\/kuzeyinsesi.org\\\/?s={search_term_string}\"},\"query-input\":{\"@type\":\"PropertyValueSpecification\",\"valueRequired\":true,\"valueName\":\"search_term_string\"}}],\"inLanguage\":\"tr\"},{\"@type\":\"Person\",\"@id\":\"https:\\\/\\\/kuzeyinsesi.org\\\/#\\\/schema\\\/person\\\/9f859689cdf01485597712386e37f5aa\",\"name\":\"Kuzeyin Sesi\",\"image\":{\"@type\":\"ImageObject\",\"inLanguage\":\"tr\",\"@id\":\"https:\\\/\\\/secure.gravatar.com\\\/avatar\\\/bab33852abfd8b282518d6ed81826833d77c3c882d9ab608add591ccace47a44?s=96&d=mm&r=g\",\"url\":\"https:\\\/\\\/secure.gravatar.com\\\/avatar\\\/bab33852abfd8b282518d6ed81826833d77c3c882d9ab608add591ccace47a44?s=96&d=mm&r=g\",\"contentUrl\":\"https:\\\/\\\/secure.gravatar.com\\\/avatar\\\/bab33852abfd8b282518d6ed81826833d77c3c882d9ab608add591ccace47a44?s=96&d=mm&r=g\",\"caption\":\"Kuzeyin Sesi\"},\"sameAs\":[\"https:\\\/\\\/kuzeyinsesi.org\"],\"url\":\"https:\\\/\\\/kuzeyinsesi.org\\\/index.php\\\/author\\\/guven\\\/\"}]}<\/script>\n<!-- \/ Yoast SEO plugin. -->","yoast_head_json":{"title":"Hasankeyf\u2019deki kaz\u0131da Anadolu pars\u0131na ait olabilecek fig\u00fcr bulundu - Kuzeyin Sesi","robots":{"index":"index","follow":"follow","max-snippet":"max-snippet:-1","max-image-preview":"max-image-preview:large","max-video-preview":"max-video-preview:-1"},"canonical":"https:\/\/kuzeyinsesi.org\/index.php\/2025\/01\/06\/hasankeyfdeki-kazida-anadolu-parsina-ait-olabilecek-figur-bulundu\/","og_locale":"tr_TR","og_type":"article","og_title":"Hasankeyf\u2019deki kaz\u0131da Anadolu pars\u0131na ait olabilecek fig\u00fcr bulundu - Kuzeyin Sesi","og_description":"D\u00fcnyan\u0131n en eski yerle\u015fim yerlerinden biri olan Batman\u2019\u0131n tarihi Hasankeyf il\u00e7esindeki kaz\u0131 \u00e7al\u0131\u015fmalar\u0131nda ortaya \u00e7\u0131kar\u0131lan 800 y\u0131ll\u0131k kap par\u00e7as\u0131n\u0131n \u00fczerindeki fig\u00fcr\u00fcn Anadolu pars\u0131na ait oldu\u011fu tahmin ediliyor. D\u00fcnyan\u0131n en eski yerle\u015fim yerlerinden biri olan Batman\u2019\u0131n tarihi Hasankeyf il\u00e7esinde 2024 y\u0131l\u0131 kaz\u0131 \u00e7al\u0131\u015fmalar\u0131 sona erdi. Mardin Artuklu \u00dcniversitesi Edebiyat Fak\u00fcltesi Sanat Tarihi B\u00f6l\u00fcm\u00fc \u00d6\u011fretim \u00dcyesi Do\u00e7. [&hellip;]","og_url":"https:\/\/kuzeyinsesi.org\/index.php\/2025\/01\/06\/hasankeyfdeki-kazida-anadolu-parsina-ait-olabilecek-figur-bulundu\/","og_site_name":"Kuzeyin Sesi","article_publisher":"https:\/\/www.facebook.com\/kuzeyinsesii","article_published_time":"2025-01-06T15:16:13+00:00","og_image":[{"url":"https:\/\/brtk.net\/wp-content\/uploads\/2025\/01\/06\/1736165442508AA-20250106-36671864-36671852-HASANKEYFTEKI_KAZIDA_BULUNAN_800_YILLIK_SERAMIK_KAPTA_ANADOLU_PARSI_IZI-scaled.jpg?ver=532087930c65d0937fca66b823fc69c2","type":"","width":"","height":""}],"author":"Kuzeyin Sesi","twitter_card":"summary_large_image","twitter_creator":"@kuzeyinsesii","twitter_site":"@kuzeyinsesii","twitter_misc":{"Yazan:":"Kuzeyin Sesi","Tahmini okuma s\u00fcresi":"2 dakika"},"schema":{"@context":"https:\/\/schema.org","@graph":[{"@type":"Article","@id":"https:\/\/kuzeyinsesi.org\/index.php\/2025\/01\/06\/hasankeyfdeki-kazida-anadolu-parsina-ait-olabilecek-figur-bulundu\/#article","isPartOf":{"@id":"https:\/\/kuzeyinsesi.org\/index.php\/2025\/01\/06\/hasankeyfdeki-kazida-anadolu-parsina-ait-olabilecek-figur-bulundu\/"},"author":{"name":"Kuzeyin Sesi","@id":"https:\/\/kuzeyinsesi.org\/#\/schema\/person\/9f859689cdf01485597712386e37f5aa"},"headline":"Hasankeyf\u2019deki kaz\u0131da Anadolu pars\u0131na ait olabilecek fig\u00fcr bulundu","datePublished":"2025-01-06T15:16:13+00:00","mainEntityOfPage":{"@id":"https:\/\/kuzeyinsesi.org\/index.php\/2025\/01\/06\/hasankeyfdeki-kazida-anadolu-parsina-ait-olabilecek-figur-bulundu\/"},"wordCount":360,"commentCount":0,"image":{"@id":"https:\/\/kuzeyinsesi.org\/index.php\/2025\/01\/06\/hasankeyfdeki-kazida-anadolu-parsina-ait-olabilecek-figur-bulundu\/#primaryimage"},"thumbnailUrl":"https:\/\/kuzeyinsesi.org\/wp-content\/uploads\/2025\/01\/1736165442508AA-20250106-36671864-36671852-HASANKEYFTEKI_KAZIDA_BULUNAN_800_YILLIK_SERAMIK_KAPTA_ANA.jpeg","articleSection":["T\u00fcrkiye"],"inLanguage":"tr","potentialAction":[{"@type":"CommentAction","name":"Comment","target":["https:\/\/kuzeyinsesi.org\/index.php\/2025\/01\/06\/hasankeyfdeki-kazida-anadolu-parsina-ait-olabilecek-figur-bulundu\/#respond"]}]},{"@type":"WebPage","@id":"https:\/\/kuzeyinsesi.org\/index.php\/2025\/01\/06\/hasankeyfdeki-kazida-anadolu-parsina-ait-olabilecek-figur-bulundu\/","url":"https:\/\/kuzeyinsesi.org\/index.php\/2025\/01\/06\/hasankeyfdeki-kazida-anadolu-parsina-ait-olabilecek-figur-bulundu\/","name":"Hasankeyf\u2019deki kaz\u0131da Anadolu pars\u0131na ait olabilecek fig\u00fcr bulundu - Kuzeyin Sesi","isPartOf":{"@id":"https:\/\/kuzeyinsesi.org\/#website"},"primaryImageOfPage":{"@id":"https:\/\/kuzeyinsesi.org\/index.php\/2025\/01\/06\/hasankeyfdeki-kazida-anadolu-parsina-ait-olabilecek-figur-bulundu\/#primaryimage"},"image":{"@id":"https:\/\/kuzeyinsesi.org\/index.php\/2025\/01\/06\/hasankeyfdeki-kazida-anadolu-parsina-ait-olabilecek-figur-bulundu\/#primaryimage"},"thumbnailUrl":"https:\/\/kuzeyinsesi.org\/wp-content\/uploads\/2025\/01\/1736165442508AA-20250106-36671864-36671852-HASANKEYFTEKI_KAZIDA_BULUNAN_800_YILLIK_SERAMIK_KAPTA_ANA.jpeg","datePublished":"2025-01-06T15:16:13+00:00","author":{"@id":"https:\/\/kuzeyinsesi.org\/#\/schema\/person\/9f859689cdf01485597712386e37f5aa"},"breadcrumb":{"@id":"https:\/\/kuzeyinsesi.org\/index.php\/2025\/01\/06\/hasankeyfdeki-kazida-anadolu-parsina-ait-olabilecek-figur-bulundu\/#breadcrumb"},"inLanguage":"tr","potentialAction":[{"@type":"ReadAction","target":["https:\/\/kuzeyinsesi.org\/index.php\/2025\/01\/06\/hasankeyfdeki-kazida-anadolu-parsina-ait-olabilecek-figur-bulundu\/"]}]},{"@type":"ImageObject","inLanguage":"tr","@id":"https:\/\/kuzeyinsesi.org\/index.php\/2025\/01\/06\/hasankeyfdeki-kazida-anadolu-parsina-ait-olabilecek-figur-bulundu\/#primaryimage","url":"https:\/\/kuzeyinsesi.org\/wp-content\/uploads\/2025\/01\/1736165442508AA-20250106-36671864-36671852-HASANKEYFTEKI_KAZIDA_BULUNAN_800_YILLIK_SERAMIK_KAPTA_ANA.jpeg","contentUrl":"https:\/\/kuzeyinsesi.org\/wp-content\/uploads\/2025\/01\/1736165442508AA-20250106-36671864-36671852-HASANKEYFTEKI_KAZIDA_BULUNAN_800_YILLIK_SERAMIK_KAPTA_ANA.jpeg","width":2560,"height":1707},{"@type":"BreadcrumbList","@id":"https:\/\/kuzeyinsesi.org\/index.php\/2025\/01\/06\/hasankeyfdeki-kazida-anadolu-parsina-ait-olabilecek-figur-bulundu\/#breadcrumb","itemListElement":[{"@type":"ListItem","position":1,"name":"Anasayfa","item":"https:\/\/kuzeyinsesi.org\/"},{"@type":"ListItem","position":2,"name":"Hasankeyf\u2019deki kaz\u0131da Anadolu pars\u0131na ait olabilecek fig\u00fcr bulundu"}]},{"@type":"WebSite","@id":"https:\/\/kuzeyinsesi.org\/#website","url":"https:\/\/kuzeyinsesi.org\/","name":"Kuzeyin Sesi","description":"Do\u011fru Haberin Adresi","potentialAction":[{"@type":"SearchAction","target":{"@type":"EntryPoint","urlTemplate":"https:\/\/kuzeyinsesi.org\/?s={search_term_string}"},"query-input":{"@type":"PropertyValueSpecification","valueRequired":true,"valueName":"search_term_string"}}],"inLanguage":"tr"},{"@type":"Person","@id":"https:\/\/kuzeyinsesi.org\/#\/schema\/person\/9f859689cdf01485597712386e37f5aa","name":"Kuzeyin Sesi","image":{"@type":"ImageObject","inLanguage":"tr","@id":"https:\/\/secure.gravatar.com\/avatar\/bab33852abfd8b282518d6ed81826833d77c3c882d9ab608add591ccace47a44?s=96&d=mm&r=g","url":"https:\/\/secure.gravatar.com\/avatar\/bab33852abfd8b282518d6ed81826833d77c3c882d9ab608add591ccace47a44?s=96&d=mm&r=g","contentUrl":"https:\/\/secure.gravatar.com\/avatar\/bab33852abfd8b282518d6ed81826833d77c3c882d9ab608add591ccace47a44?s=96&d=mm&r=g","caption":"Kuzeyin Sesi"},"sameAs":["https:\/\/kuzeyinsesi.org"],"url":"https:\/\/kuzeyinsesi.org\/index.php\/author\/guven\/"}]}},"_links":{"self":[{"href":"https:\/\/kuzeyinsesi.org\/index.php\/wp-json\/wp\/v2\/posts\/16852","targetHints":{"allow":["GET"]}}],"collection":[{"href":"https:\/\/kuzeyinsesi.org\/index.php\/wp-json\/wp\/v2\/posts"}],"about":[{"href":"https:\/\/kuzeyinsesi.org\/index.php\/wp-json\/wp\/v2\/types\/post"}],"author":[{"embeddable":true,"href":"https:\/\/kuzeyinsesi.org\/index.php\/wp-json\/wp\/v2\/users\/1"}],"replies":[{"embeddable":true,"href":"https:\/\/kuzeyinsesi.org\/index.php\/wp-json\/wp\/v2\/comments?post=16852"}],"version-history":[{"count":0,"href":"https:\/\/kuzeyinsesi.org\/index.php\/wp-json\/wp\/v2\/posts\/16852\/revisions"}],"wp:featuredmedia":[{"embeddable":true,"href":"https:\/\/kuzeyinsesi.org\/index.php\/wp-json\/wp\/v2\/media\/16853"}],"wp:attachment":[{"href":"https:\/\/kuzeyinsesi.org\/index.php\/wp-json\/wp\/v2\/media?parent=16852"}],"wp:term":[{"taxonomy":"category","embeddable":true,"href":"https:\/\/kuzeyinsesi.org\/index.php\/wp-json\/wp\/v2\/categories?post=16852"},{"taxonomy":"post_tag","embeddable":true,"href":"https:\/\/kuzeyinsesi.org\/index.php\/wp-json\/wp\/v2\/tags?post=16852"}],"curies":[{"name":"wp","href":"https:\/\/api.w.org\/{rel}","templated":true}]}}