{"id":16848,"date":"2025-01-06T16:53:16","date_gmt":"2025-01-06T14:53:16","guid":{"rendered":"https:\/\/kuzeyinsesi.org\/index.php\/2025\/01\/06\/polifonik-korolar-dernegi-resital-gelirini-12-ilkokula-bagisladi\/"},"modified":"2025-01-06T16:53:16","modified_gmt":"2025-01-06T14:53:16","slug":"polifonik-korolar-dernegi-resital-gelirini-12-ilkokula-bagisladi","status":"publish","type":"post","link":"https:\/\/kuzeyinsesi.org\/index.php\/2025\/01\/06\/polifonik-korolar-dernegi-resital-gelirini-12-ilkokula-bagisladi\/","title":{"rendered":"Polifonik Korolar Derne\u011fi resital gelirini 12 ilkokula ba\u011f\u0131\u015flad\u0131"},"content":{"rendered":"<div>\n<div class=\"mariselle-image-container center\">\n                                            <\/div>\n<p>K\u0131br\u0131s Polifonik Korolar Derne\u011fi, kas\u0131m ay\u0131nda d\u00fczenledi\u011fi resitalden elde etti\u011fi geliri, 12 ilkokula ba\u011f\u0131\u015flad\u0131.<\/p>\n<p>Dernek, Gazima\u011fusa Belediyesi ve Do\u011fu Akdeniz \u00dcniversitesi ortakl\u0131\u011f\u0131nda d\u00fczenledi\u011fi \u201cMa\u011fusa\u2019ya Bir Nefes\u201d adl\u0131 piyano resitalinden elde edilen gelirin t\u00fcm\u00fcn\u00fc, Gazima\u011fusa\u2019daki ilkokullar\u0131n ihtiya\u00e7lar\u0131n\u0131n kar\u015f\u0131lanmas\u0131 i\u00e7in okul idarelerine teslim etti.<\/p>\n<p>Dernek a\u00e7\u0131klamas\u0131nda konseri veren piyanistler Fikri Toros, Demet Alkan ve Eser \u00d6ktem ba\u015fta olmak \u00fczere, emek ve katk\u0131 koyan herkese te\u015fekk\u00fcr edildi.<\/p>\n<\/p><\/div>\n<p><script async\n                    defer\n                    crossorigin=\"anonymous\"\n                    src=\"https:\/\/connect.facebook.net\/tr_TR\/sdk.js#xfbml=1&#038;version=v3.3\"\n            ><\/script><\/p>\n","protected":false},"excerpt":{"rendered":"<p>K\u0131br\u0131s Polifonik Korolar Derne\u011fi, kas\u0131m ay\u0131nda d\u00fczenledi\u011fi resitalden elde etti\u011fi geliri, 12 ilkokula ba\u011f\u0131\u015flad\u0131. Dernek, Gazima\u011fusa Belediyesi ve Do\u011fu Akdeniz \u00dcniversitesi ortakl\u0131\u011f\u0131nda d\u00fczenledi\u011fi \u201cMa\u011fusa\u2019ya Bir Nefes\u201d adl\u0131 piyano resitalinden elde edilen gelirin t\u00fcm\u00fcn\u00fc, Gazima\u011fusa\u2019daki ilkokullar\u0131n ihtiya\u00e7lar\u0131n\u0131n kar\u015f\u0131lanmas\u0131 i\u00e7in okul idarelerine teslim etti. Dernek a\u00e7\u0131klamas\u0131nda konseri veren piyanistler Fikri Toros, Demet Alkan ve Eser \u00d6ktem ba\u015fta [&hellip;]<\/p>\n","protected":false},"author":1,"featured_media":16849,"comment_status":"open","ping_status":"open","sticky":false,"template":"","format":"standard","meta":{"jnews-multi-image_gallery":[],"jnews_single_post":[],"jnews_primary_category":[],"jnews_social_meta":[],"jnews_override_counter":[],"footnotes":""},"categories":[6],"tags":[],"class_list":["post-16848","post","type-post","status-publish","format-standard","has-post-thumbnail","hentry","category-yasam"],"yoast_head":"<!-- This site is optimized with the Yoast SEO plugin v27.4 - https:\/\/yoast.com\/product\/yoast-seo-wordpress\/ -->\n<title>Polifonik Korolar Derne\u011fi resital gelirini 12 ilkokula ba\u011f\u0131\u015flad\u0131 - Kuzeyin Sesi<\/title>\n<meta name=\"robots\" content=\"index, follow, max-snippet:-1, max-image-preview:large, max-video-preview:-1\" \/>\n<link rel=\"canonical\" href=\"https:\/\/kuzeyinsesi.org\/index.php\/2025\/01\/06\/polifonik-korolar-dernegi-resital-gelirini-12-ilkokula-bagisladi\/\" \/>\n<meta property=\"og:locale\" content=\"tr_TR\" \/>\n<meta property=\"og:type\" content=\"article\" \/>\n<meta property=\"og:title\" content=\"Polifonik Korolar Derne\u011fi resital gelirini 12 ilkokula ba\u011f\u0131\u015flad\u0131 - Kuzeyin Sesi\" \/>\n<meta property=\"og:description\" content=\"K\u0131br\u0131s Polifonik Korolar Derne\u011fi, kas\u0131m ay\u0131nda d\u00fczenledi\u011fi resitalden elde etti\u011fi geliri, 12 ilkokula ba\u011f\u0131\u015flad\u0131. Dernek, Gazima\u011fusa Belediyesi ve Do\u011fu Akdeniz \u00dcniversitesi ortakl\u0131\u011f\u0131nda d\u00fczenledi\u011fi \u201cMa\u011fusa\u2019ya Bir Nefes\u201d adl\u0131 piyano resitalinden elde edilen gelirin t\u00fcm\u00fcn\u00fc, Gazima\u011fusa\u2019daki ilkokullar\u0131n ihtiya\u00e7lar\u0131n\u0131n kar\u015f\u0131lanmas\u0131 i\u00e7in okul idarelerine teslim etti. Dernek a\u00e7\u0131klamas\u0131nda konseri veren piyanistler Fikri Toros, Demet Alkan ve Eser \u00d6ktem ba\u015fta [&hellip;]\" \/>\n<meta property=\"og:url\" content=\"https:\/\/kuzeyinsesi.org\/index.php\/2025\/01\/06\/polifonik-korolar-dernegi-resital-gelirini-12-ilkokula-bagisladi\/\" \/>\n<meta property=\"og:site_name\" content=\"Kuzeyin Sesi\" \/>\n<meta property=\"article:publisher\" content=\"https:\/\/www.facebook.com\/kuzeyinsesii\" \/>\n<meta property=\"article:published_time\" content=\"2025-01-06T14:53:16+00:00\" \/>\n<meta property=\"og:image\" content=\"https:\/\/brtk.net\/wp-content\/uploads\/2025\/01\/06\/1736169778472POLIFONIK-KOROLAR-OKULLARA-BAGIS-4.jpeg?ver=b1e70517a6888697143cb99a24aed350\" \/>\n<meta name=\"author\" content=\"Kuzeyin Sesi\" \/>\n<meta name=\"twitter:card\" content=\"summary_large_image\" \/>\n<meta name=\"twitter:creator\" content=\"@kuzeyinsesii\" \/>\n<meta name=\"twitter:site\" content=\"@kuzeyinsesii\" \/>\n<meta name=\"twitter:label1\" content=\"Yazan:\" \/>\n\t<meta name=\"twitter:data1\" content=\"Kuzeyin Sesi\" \/>\n<script type=\"application\/ld+json\" class=\"yoast-schema-graph\">{\"@context\":\"https:\\\/\\\/schema.org\",\"@graph\":[{\"@type\":\"Article\",\"@id\":\"https:\\\/\\\/kuzeyinsesi.org\\\/index.php\\\/2025\\\/01\\\/06\\\/polifonik-korolar-dernegi-resital-gelirini-12-ilkokula-bagisladi\\\/#article\",\"isPartOf\":{\"@id\":\"https:\\\/\\\/kuzeyinsesi.org\\\/index.php\\\/2025\\\/01\\\/06\\\/polifonik-korolar-dernegi-resital-gelirini-12-ilkokula-bagisladi\\\/\"},\"author\":{\"name\":\"Kuzeyin Sesi\",\"@id\":\"https:\\\/\\\/kuzeyinsesi.org\\\/#\\\/schema\\\/person\\\/9f859689cdf01485597712386e37f5aa\"},\"headline\":\"Polifonik Korolar Derne\u011fi resital gelirini 12 ilkokula ba\u011f\u0131\u015flad\u0131\",\"datePublished\":\"2025-01-06T14:53:16+00:00\",\"mainEntityOfPage\":{\"@id\":\"https:\\\/\\\/kuzeyinsesi.org\\\/index.php\\\/2025\\\/01\\\/06\\\/polifonik-korolar-dernegi-resital-gelirini-12-ilkokula-bagisladi\\\/\"},\"wordCount\":103,\"commentCount\":0,\"image\":{\"@id\":\"https:\\\/\\\/kuzeyinsesi.org\\\/index.php\\\/2025\\\/01\\\/06\\\/polifonik-korolar-dernegi-resital-gelirini-12-ilkokula-bagisladi\\\/#primaryimage\"},\"thumbnailUrl\":\"https:\\\/\\\/kuzeyinsesi.org\\\/wp-content\\\/uploads\\\/2025\\\/01\\\/1736169778472POLIFONIK-KOROLAR-OKULLARA-BAGIS-4.jpeg\",\"articleSection\":[\"Ya\u015fam\"],\"inLanguage\":\"tr\",\"potentialAction\":[{\"@type\":\"CommentAction\",\"name\":\"Comment\",\"target\":[\"https:\\\/\\\/kuzeyinsesi.org\\\/index.php\\\/2025\\\/01\\\/06\\\/polifonik-korolar-dernegi-resital-gelirini-12-ilkokula-bagisladi\\\/#respond\"]}]},{\"@type\":\"WebPage\",\"@id\":\"https:\\\/\\\/kuzeyinsesi.org\\\/index.php\\\/2025\\\/01\\\/06\\\/polifonik-korolar-dernegi-resital-gelirini-12-ilkokula-bagisladi\\\/\",\"url\":\"https:\\\/\\\/kuzeyinsesi.org\\\/index.php\\\/2025\\\/01\\\/06\\\/polifonik-korolar-dernegi-resital-gelirini-12-ilkokula-bagisladi\\\/\",\"name\":\"Polifonik Korolar Derne\u011fi resital gelirini 12 ilkokula ba\u011f\u0131\u015flad\u0131 - Kuzeyin Sesi\",\"isPartOf\":{\"@id\":\"https:\\\/\\\/kuzeyinsesi.org\\\/#website\"},\"primaryImageOfPage\":{\"@id\":\"https:\\\/\\\/kuzeyinsesi.org\\\/index.php\\\/2025\\\/01\\\/06\\\/polifonik-korolar-dernegi-resital-gelirini-12-ilkokula-bagisladi\\\/#primaryimage\"},\"image\":{\"@id\":\"https:\\\/\\\/kuzeyinsesi.org\\\/index.php\\\/2025\\\/01\\\/06\\\/polifonik-korolar-dernegi-resital-gelirini-12-ilkokula-bagisladi\\\/#primaryimage\"},\"thumbnailUrl\":\"https:\\\/\\\/kuzeyinsesi.org\\\/wp-content\\\/uploads\\\/2025\\\/01\\\/1736169778472POLIFONIK-KOROLAR-OKULLARA-BAGIS-4.jpeg\",\"datePublished\":\"2025-01-06T14:53:16+00:00\",\"author\":{\"@id\":\"https:\\\/\\\/kuzeyinsesi.org\\\/#\\\/schema\\\/person\\\/9f859689cdf01485597712386e37f5aa\"},\"breadcrumb\":{\"@id\":\"https:\\\/\\\/kuzeyinsesi.org\\\/index.php\\\/2025\\\/01\\\/06\\\/polifonik-korolar-dernegi-resital-gelirini-12-ilkokula-bagisladi\\\/#breadcrumb\"},\"inLanguage\":\"tr\",\"potentialAction\":[{\"@type\":\"ReadAction\",\"target\":[\"https:\\\/\\\/kuzeyinsesi.org\\\/index.php\\\/2025\\\/01\\\/06\\\/polifonik-korolar-dernegi-resital-gelirini-12-ilkokula-bagisladi\\\/\"]}]},{\"@type\":\"ImageObject\",\"inLanguage\":\"tr\",\"@id\":\"https:\\\/\\\/kuzeyinsesi.org\\\/index.php\\\/2025\\\/01\\\/06\\\/polifonik-korolar-dernegi-resital-gelirini-12-ilkokula-bagisladi\\\/#primaryimage\",\"url\":\"https:\\\/\\\/kuzeyinsesi.org\\\/wp-content\\\/uploads\\\/2025\\\/01\\\/1736169778472POLIFONIK-KOROLAR-OKULLARA-BAGIS-4.jpeg\",\"contentUrl\":\"https:\\\/\\\/kuzeyinsesi.org\\\/wp-content\\\/uploads\\\/2025\\\/01\\\/1736169778472POLIFONIK-KOROLAR-OKULLARA-BAGIS-4.jpeg\",\"width\":1536,\"height\":2048},{\"@type\":\"BreadcrumbList\",\"@id\":\"https:\\\/\\\/kuzeyinsesi.org\\\/index.php\\\/2025\\\/01\\\/06\\\/polifonik-korolar-dernegi-resital-gelirini-12-ilkokula-bagisladi\\\/#breadcrumb\",\"itemListElement\":[{\"@type\":\"ListItem\",\"position\":1,\"name\":\"Anasayfa\",\"item\":\"https:\\\/\\\/kuzeyinsesi.org\\\/\"},{\"@type\":\"ListItem\",\"position\":2,\"name\":\"Polifonik Korolar Derne\u011fi resital gelirini 12 ilkokula ba\u011f\u0131\u015flad\u0131\"}]},{\"@type\":\"WebSite\",\"@id\":\"https:\\\/\\\/kuzeyinsesi.org\\\/#website\",\"url\":\"https:\\\/\\\/kuzeyinsesi.org\\\/\",\"name\":\"Kuzeyin Sesi\",\"description\":\"Do\u011fru Haberin Adresi\",\"potentialAction\":[{\"@type\":\"SearchAction\",\"target\":{\"@type\":\"EntryPoint\",\"urlTemplate\":\"https:\\\/\\\/kuzeyinsesi.org\\\/?s={search_term_string}\"},\"query-input\":{\"@type\":\"PropertyValueSpecification\",\"valueRequired\":true,\"valueName\":\"search_term_string\"}}],\"inLanguage\":\"tr\"},{\"@type\":\"Person\",\"@id\":\"https:\\\/\\\/kuzeyinsesi.org\\\/#\\\/schema\\\/person\\\/9f859689cdf01485597712386e37f5aa\",\"name\":\"Kuzeyin Sesi\",\"image\":{\"@type\":\"ImageObject\",\"inLanguage\":\"tr\",\"@id\":\"https:\\\/\\\/secure.gravatar.com\\\/avatar\\\/bab33852abfd8b282518d6ed81826833d77c3c882d9ab608add591ccace47a44?s=96&d=mm&r=g\",\"url\":\"https:\\\/\\\/secure.gravatar.com\\\/avatar\\\/bab33852abfd8b282518d6ed81826833d77c3c882d9ab608add591ccace47a44?s=96&d=mm&r=g\",\"contentUrl\":\"https:\\\/\\\/secure.gravatar.com\\\/avatar\\\/bab33852abfd8b282518d6ed81826833d77c3c882d9ab608add591ccace47a44?s=96&d=mm&r=g\",\"caption\":\"Kuzeyin Sesi\"},\"sameAs\":[\"https:\\\/\\\/kuzeyinsesi.org\"],\"url\":\"https:\\\/\\\/kuzeyinsesi.org\\\/index.php\\\/author\\\/guven\\\/\"}]}<\/script>\n<!-- \/ Yoast SEO plugin. -->","yoast_head_json":{"title":"Polifonik Korolar Derne\u011fi resital gelirini 12 ilkokula ba\u011f\u0131\u015flad\u0131 - Kuzeyin Sesi","robots":{"index":"index","follow":"follow","max-snippet":"max-snippet:-1","max-image-preview":"max-image-preview:large","max-video-preview":"max-video-preview:-1"},"canonical":"https:\/\/kuzeyinsesi.org\/index.php\/2025\/01\/06\/polifonik-korolar-dernegi-resital-gelirini-12-ilkokula-bagisladi\/","og_locale":"tr_TR","og_type":"article","og_title":"Polifonik Korolar Derne\u011fi resital gelirini 12 ilkokula ba\u011f\u0131\u015flad\u0131 - Kuzeyin Sesi","og_description":"K\u0131br\u0131s Polifonik Korolar Derne\u011fi, kas\u0131m ay\u0131nda d\u00fczenledi\u011fi resitalden elde etti\u011fi geliri, 12 ilkokula ba\u011f\u0131\u015flad\u0131. Dernek, Gazima\u011fusa Belediyesi ve Do\u011fu Akdeniz \u00dcniversitesi ortakl\u0131\u011f\u0131nda d\u00fczenledi\u011fi \u201cMa\u011fusa\u2019ya Bir Nefes\u201d adl\u0131 piyano resitalinden elde edilen gelirin t\u00fcm\u00fcn\u00fc, Gazima\u011fusa\u2019daki ilkokullar\u0131n ihtiya\u00e7lar\u0131n\u0131n kar\u015f\u0131lanmas\u0131 i\u00e7in okul idarelerine teslim etti. Dernek a\u00e7\u0131klamas\u0131nda konseri veren piyanistler Fikri Toros, Demet Alkan ve Eser \u00d6ktem ba\u015fta [&hellip;]","og_url":"https:\/\/kuzeyinsesi.org\/index.php\/2025\/01\/06\/polifonik-korolar-dernegi-resital-gelirini-12-ilkokula-bagisladi\/","og_site_name":"Kuzeyin Sesi","article_publisher":"https:\/\/www.facebook.com\/kuzeyinsesii","article_published_time":"2025-01-06T14:53:16+00:00","og_image":[{"url":"https:\/\/brtk.net\/wp-content\/uploads\/2025\/01\/06\/1736169778472POLIFONIK-KOROLAR-OKULLARA-BAGIS-4.jpeg?ver=b1e70517a6888697143cb99a24aed350","type":"","width":"","height":""}],"author":"Kuzeyin Sesi","twitter_card":"summary_large_image","twitter_creator":"@kuzeyinsesii","twitter_site":"@kuzeyinsesii","twitter_misc":{"Yazan:":"Kuzeyin Sesi"},"schema":{"@context":"https:\/\/schema.org","@graph":[{"@type":"Article","@id":"https:\/\/kuzeyinsesi.org\/index.php\/2025\/01\/06\/polifonik-korolar-dernegi-resital-gelirini-12-ilkokula-bagisladi\/#article","isPartOf":{"@id":"https:\/\/kuzeyinsesi.org\/index.php\/2025\/01\/06\/polifonik-korolar-dernegi-resital-gelirini-12-ilkokula-bagisladi\/"},"author":{"name":"Kuzeyin Sesi","@id":"https:\/\/kuzeyinsesi.org\/#\/schema\/person\/9f859689cdf01485597712386e37f5aa"},"headline":"Polifonik Korolar Derne\u011fi resital gelirini 12 ilkokula ba\u011f\u0131\u015flad\u0131","datePublished":"2025-01-06T14:53:16+00:00","mainEntityOfPage":{"@id":"https:\/\/kuzeyinsesi.org\/index.php\/2025\/01\/06\/polifonik-korolar-dernegi-resital-gelirini-12-ilkokula-bagisladi\/"},"wordCount":103,"commentCount":0,"image":{"@id":"https:\/\/kuzeyinsesi.org\/index.php\/2025\/01\/06\/polifonik-korolar-dernegi-resital-gelirini-12-ilkokula-bagisladi\/#primaryimage"},"thumbnailUrl":"https:\/\/kuzeyinsesi.org\/wp-content\/uploads\/2025\/01\/1736169778472POLIFONIK-KOROLAR-OKULLARA-BAGIS-4.jpeg","articleSection":["Ya\u015fam"],"inLanguage":"tr","potentialAction":[{"@type":"CommentAction","name":"Comment","target":["https:\/\/kuzeyinsesi.org\/index.php\/2025\/01\/06\/polifonik-korolar-dernegi-resital-gelirini-12-ilkokula-bagisladi\/#respond"]}]},{"@type":"WebPage","@id":"https:\/\/kuzeyinsesi.org\/index.php\/2025\/01\/06\/polifonik-korolar-dernegi-resital-gelirini-12-ilkokula-bagisladi\/","url":"https:\/\/kuzeyinsesi.org\/index.php\/2025\/01\/06\/polifonik-korolar-dernegi-resital-gelirini-12-ilkokula-bagisladi\/","name":"Polifonik Korolar Derne\u011fi resital gelirini 12 ilkokula ba\u011f\u0131\u015flad\u0131 - Kuzeyin Sesi","isPartOf":{"@id":"https:\/\/kuzeyinsesi.org\/#website"},"primaryImageOfPage":{"@id":"https:\/\/kuzeyinsesi.org\/index.php\/2025\/01\/06\/polifonik-korolar-dernegi-resital-gelirini-12-ilkokula-bagisladi\/#primaryimage"},"image":{"@id":"https:\/\/kuzeyinsesi.org\/index.php\/2025\/01\/06\/polifonik-korolar-dernegi-resital-gelirini-12-ilkokula-bagisladi\/#primaryimage"},"thumbnailUrl":"https:\/\/kuzeyinsesi.org\/wp-content\/uploads\/2025\/01\/1736169778472POLIFONIK-KOROLAR-OKULLARA-BAGIS-4.jpeg","datePublished":"2025-01-06T14:53:16+00:00","author":{"@id":"https:\/\/kuzeyinsesi.org\/#\/schema\/person\/9f859689cdf01485597712386e37f5aa"},"breadcrumb":{"@id":"https:\/\/kuzeyinsesi.org\/index.php\/2025\/01\/06\/polifonik-korolar-dernegi-resital-gelirini-12-ilkokula-bagisladi\/#breadcrumb"},"inLanguage":"tr","potentialAction":[{"@type":"ReadAction","target":["https:\/\/kuzeyinsesi.org\/index.php\/2025\/01\/06\/polifonik-korolar-dernegi-resital-gelirini-12-ilkokula-bagisladi\/"]}]},{"@type":"ImageObject","inLanguage":"tr","@id":"https:\/\/kuzeyinsesi.org\/index.php\/2025\/01\/06\/polifonik-korolar-dernegi-resital-gelirini-12-ilkokula-bagisladi\/#primaryimage","url":"https:\/\/kuzeyinsesi.org\/wp-content\/uploads\/2025\/01\/1736169778472POLIFONIK-KOROLAR-OKULLARA-BAGIS-4.jpeg","contentUrl":"https:\/\/kuzeyinsesi.org\/wp-content\/uploads\/2025\/01\/1736169778472POLIFONIK-KOROLAR-OKULLARA-BAGIS-4.jpeg","width":1536,"height":2048},{"@type":"BreadcrumbList","@id":"https:\/\/kuzeyinsesi.org\/index.php\/2025\/01\/06\/polifonik-korolar-dernegi-resital-gelirini-12-ilkokula-bagisladi\/#breadcrumb","itemListElement":[{"@type":"ListItem","position":1,"name":"Anasayfa","item":"https:\/\/kuzeyinsesi.org\/"},{"@type":"ListItem","position":2,"name":"Polifonik Korolar Derne\u011fi resital gelirini 12 ilkokula ba\u011f\u0131\u015flad\u0131"}]},{"@type":"WebSite","@id":"https:\/\/kuzeyinsesi.org\/#website","url":"https:\/\/kuzeyinsesi.org\/","name":"Kuzeyin Sesi","description":"Do\u011fru Haberin Adresi","potentialAction":[{"@type":"SearchAction","target":{"@type":"EntryPoint","urlTemplate":"https:\/\/kuzeyinsesi.org\/?s={search_term_string}"},"query-input":{"@type":"PropertyValueSpecification","valueRequired":true,"valueName":"search_term_string"}}],"inLanguage":"tr"},{"@type":"Person","@id":"https:\/\/kuzeyinsesi.org\/#\/schema\/person\/9f859689cdf01485597712386e37f5aa","name":"Kuzeyin Sesi","image":{"@type":"ImageObject","inLanguage":"tr","@id":"https:\/\/secure.gravatar.com\/avatar\/bab33852abfd8b282518d6ed81826833d77c3c882d9ab608add591ccace47a44?s=96&d=mm&r=g","url":"https:\/\/secure.gravatar.com\/avatar\/bab33852abfd8b282518d6ed81826833d77c3c882d9ab608add591ccace47a44?s=96&d=mm&r=g","contentUrl":"https:\/\/secure.gravatar.com\/avatar\/bab33852abfd8b282518d6ed81826833d77c3c882d9ab608add591ccace47a44?s=96&d=mm&r=g","caption":"Kuzeyin Sesi"},"sameAs":["https:\/\/kuzeyinsesi.org"],"url":"https:\/\/kuzeyinsesi.org\/index.php\/author\/guven\/"}]}},"_links":{"self":[{"href":"https:\/\/kuzeyinsesi.org\/index.php\/wp-json\/wp\/v2\/posts\/16848","targetHints":{"allow":["GET"]}}],"collection":[{"href":"https:\/\/kuzeyinsesi.org\/index.php\/wp-json\/wp\/v2\/posts"}],"about":[{"href":"https:\/\/kuzeyinsesi.org\/index.php\/wp-json\/wp\/v2\/types\/post"}],"author":[{"embeddable":true,"href":"https:\/\/kuzeyinsesi.org\/index.php\/wp-json\/wp\/v2\/users\/1"}],"replies":[{"embeddable":true,"href":"https:\/\/kuzeyinsesi.org\/index.php\/wp-json\/wp\/v2\/comments?post=16848"}],"version-history":[{"count":0,"href":"https:\/\/kuzeyinsesi.org\/index.php\/wp-json\/wp\/v2\/posts\/16848\/revisions"}],"wp:featuredmedia":[{"embeddable":true,"href":"https:\/\/kuzeyinsesi.org\/index.php\/wp-json\/wp\/v2\/media\/16849"}],"wp:attachment":[{"href":"https:\/\/kuzeyinsesi.org\/index.php\/wp-json\/wp\/v2\/media?parent=16848"}],"wp:term":[{"taxonomy":"category","embeddable":true,"href":"https:\/\/kuzeyinsesi.org\/index.php\/wp-json\/wp\/v2\/categories?post=16848"},{"taxonomy":"post_tag","embeddable":true,"href":"https:\/\/kuzeyinsesi.org\/index.php\/wp-json\/wp\/v2\/tags?post=16848"}],"curies":[{"name":"wp","href":"https:\/\/api.w.org\/{rel}","templated":true}]}}