{"id":16829,"date":"2025-01-06T15:10:26","date_gmt":"2025-01-06T13:10:26","guid":{"rendered":"https:\/\/kuzeyinsesi.org\/index.php\/2025\/01\/06\/mavi-vatan-2025-tatbikati-yarin-baslayacak-tatbikat-dogu-akdenizde-de-icra-edilecek\/"},"modified":"2025-01-06T15:10:26","modified_gmt":"2025-01-06T13:10:26","slug":"mavi-vatan-2025-tatbikati-yarin-baslayacak-tatbikat-dogu-akdenizde-de-icra-edilecek","status":"publish","type":"post","link":"https:\/\/kuzeyinsesi.org\/index.php\/2025\/01\/06\/mavi-vatan-2025-tatbikati-yarin-baslayacak-tatbikat-dogu-akdenizde-de-icra-edilecek\/","title":{"rendered":"Mavi Vatan-2025 Tatbikat\u0131 yar\u0131n ba\u015flayacak\u2026 Tatbikat, Do\u011fu Akdeniz\u2019de de icra edilecek"},"content":{"rendered":"<div>\n<div class=\"mariselle-image-container center\">\n                                            <\/div>\n<p>T\u00fcrkiye Cumhuriyeti Deniz Kuvvetleri Komutanl\u0131\u011f\u0131 taraf\u0131ndan Karadeniz, Ege Denizi ve Do\u011fu Akdeniz\u2019de icra edilecek Mavi Vatan-2025 Tatbikat\u0131, yar\u0131n ba\u015flayacak.<\/p>\n<p>Kocaeli\u2019nin G\u00f6lc\u00fck il\u00e7esindeki Deniz Harp Merkezi Komutanl\u0131\u011f\u0131\u2019nda d\u00fczenlenen bas\u0131n bilgilendirme toplant\u0131s\u0131na Deniz E\u011fitim ve \u00d6\u011fretim Komutan\u0131 T\u00fcmamiral H\u00fcseyin T\u0131\u011fl\u0131, Deniz Hava Komutan\u0131 Tu\u011famiral Mehmet Sava\u015f Eser, Denizalt\u0131 Filosu Komutan\u0131 Tu\u011famiral Timur Y\u0131lmaz, Donanma Kurmay Ba\u015fkan\u0131 Tu\u011famiral Kenan Kaan T\u00fcrkkan, Kuzey G\u00f6rev Grup Komutan\u0131 Tu\u011famiral Halil \u0130lker Avc\u0131, G\u00f6lc\u00fck Tersanesi Komutan\u0131 Tu\u011famiral Ahmet \u00d6ztur\u015fucu ile G\u00f6lc\u00fck Deniz Ana \u00dcs Komutan\u0131 Tu\u011famiral Y\u00fccel Korkut kat\u0131ld\u0131.<\/p>\n<p>T\u00fcrkkan, yapt\u0131\u011f\u0131 konu\u015fmada, Mavi Vatan-2025 Tatbikat\u0131\u2019n\u0131n, T\u00fcrk Silahl\u0131 Kuvvetlerinin (TSK) tatbikatlar program\u0131na istinaden Deniz Kuvvetleri Komutanl\u0131\u011f\u0131nca icra edilen fiili bir tatbikat oldu\u011funu s\u00f6yledi.<\/p>\n<p>Tatbikat\u0131n amac\u0131n\u0131n, Deniz Kuvvetleri ba\u011fl\u0131s\u0131 komutanl\u0131klar\u0131n harekat\u0131 sevk ve idare etkinli\u011finin de\u011ferlendirilmesi, tatbikata kat\u0131lacak unsurlar\u0131n harekata haz\u0131rl\u0131k seviyelerinin y\u00fckseltilmesi, karargah personeli ve tatbikata kat\u0131lan unsurlar\u0131n \u00e7ok tehditli ortamda muhakeme, \u00f6ng\u00f6r\u00fc ve karar verme yeteneklerinin geli\u015ftirilmesi, di\u011fer kuvvet komutanl\u0131klar\u0131yla tatbikata kat\u0131lan unsurlar aras\u0131nda m\u00fc\u015fterek \u00e7al\u0131\u015fabilirlik usullerinin denenmesi oldu\u011funu anlatan T\u00fcrkkan, \u201cTatbikata 90 gemi ile 50 hava vas\u0131tas\u0131 i\u015ftirak edecek, toplam 20 bin personel g\u00f6rev alacakt\u0131r. Tatbikata Kara Kuvvetleri Komutanl\u0131\u011f\u0131ndan genel maksat ve CH-47 helikopterleri, Hava Kuvvetleri Komutanl\u0131\u011f\u0131ndan \u2060taarruz u\u00e7aklar\u0131,\u2060 \u2060havadan ihbar ve kontrol u\u00e7a\u011f\u0131,\u2060 \u2060hedef \u00e7ekme u\u00e7a\u011f\u0131 ile Sahil G\u00fcvenlik Komutanl\u0131\u011f\u0131ndan \u20606 sahil g\u00fcvenlik botu i\u015ftirak edecektir.\u201d diye konu\u015ftu.<\/p>\n<p>T\u00fcrkkan, tatbikat\u0131n genel faaliyet plan\u0131na ili\u015fkin bilgi vererek, \u015f\u00f6yle devam etti:<\/p>\n<p>\u201cFiili safha, gemilerin 6 Ocak\u2019tan itibaren \u00fcs limanlar\u0131ndan intikalleriyle ba\u015flayacak, 7-8 Ocak tarihlerinde harekata haz\u0131rl\u0131k faaliyetleri, 9 Ocak\u2019ta Aksaz Marmaris\u2019e istinaden se\u00e7kin g\u00f6zlemci g\u00fcn\u00fc icra edilecektir. 10-11 Ocak tarihlerinde liman ziyaretleri ve lojistik b\u00fct\u00fcnleme faaliyetlerine, 12-13 Ocak tarihlerinde harekata haz\u0131rl\u0131k ve fiili silah e\u011fitimlerine devam edilecek. Son safhada 14-16 Ocak tarihlerinde \u00e7ok tehditli ortamda harekat faaliyetleri icra edilecektir. Mavi Vatan-2025 Tatbikat\u0131 kapsam\u0131nda 115 personelden olu\u015fan tatbikat kontrol merkezi \u015fu an i\u00e7inde bulundu\u011fumuz Deniz Harp Merkezi Komutanl\u0131\u011f\u0131\u2019nda te\u015fkil edilmi\u015ftir. Tatbikat kontrol merkezinin g\u00f6revi, tatbikat\u0131n hedeflerine ula\u015fmas\u0131 maksad\u0131yla olu\u015fturulan jenerik senaryoya istinaden mavi ve kahverengi unsurlara harekat esnas\u0131nda verilecek ara durumlar ile tatbikat\u0131 y\u00f6nlendirmek, kontrol etmek ve de\u011ferlendirmek, tatbikat plan\u0131n\u0131n e\u011fitim hedeflerini ger\u00e7ekle\u015ftirecek \u015fekilde senaryo ve ara durumlara g\u00f6re icra edilmesini sa\u011flamakt\u0131r.\u201d<\/p>\n<p>\u2013 \u201cTCG Oru\u00e7reis, Mavi Vatan-25 Tatbikat\u0131\u2019na i\u015ftirak edecektir\u201d<\/p>\n<p>Tatbikat s\u00fcresince aktif bas\u0131n politikas\u0131n\u0131n uygulanaca\u011f\u0131n\u0131 dile getiren T\u00fcrkkan, bas\u0131n faaliyetlerinin \u201cger\u00e7ek bas\u0131n faaliyetleri\u201d ve \u201ctatbikat medya benzetimi\u201d faaliyetleri olarak iki farkl\u0131 \u015fekilde icra edilece\u011fini bildirdi.<\/p>\n<p>T\u00fcrkkan, ger\u00e7ek bas\u0131n faaliyetlerinin, Deniz Kuvvetleri Genel Sekreterli\u011fince, tatbikat medya benzetimi faaliyetlerinin de Tatbikat Kontrol Merkezince televizyon, dijital bas\u0131n ve sosyal medyan\u0131n sim\u00fcle edilmesi \u015feklinde TSK yerel a\u011f\u0131 \u00fczerinden yap\u0131laca\u011f\u0131n\u0131 belirterek, \u201cTatbikat s\u00fcresince deniz harekat nevilerine y\u00f6nelik harekata haz\u0131rl\u0131k e\u011fitimleri, k\u0131y\u0131 birlik e\u011fitimleri ile \u00e7ok tehditli ortamda harekat e\u011fitimleri icra edilecektir. Ayr\u0131ca Barbaros S\u0131n\u0131f\u0131 F\u0131rkateyn Yar\u0131 \u00d6m\u00fcr Modernizasyon Projesi kapsam\u0131nda modernizasyon faaliyetleri tamamlanan ilk gemimiz TCG Oru\u00e7reis, Mavi Vatan-25 Tatbikat\u0131\u2019na i\u015ftirak edecektir. Mavi Vatan Tatbikat\u0131\u2019n\u0131n 10-11 Ocak tarihlerinde planl\u0131 liman ziyaretlerinde 59 gemimiz ile Karadeniz, Ege Denizi, Do\u011fu Akdeniz ve Kuzey K\u0131br\u0131s T\u00fcrk Cumhuriyeti\u2019nde 22 liman ziyareti icra edilecektir.\u201d ifadelerini kulland\u0131.<\/p>\n<p>Tatbikat kapsam\u0131nda su \u00fcst\u00fc unsurlar\u0131n\u0131n, kara bombard\u0131man at\u0131\u015flar\u0131 ile radar akiseli su \u00fcst\u00fc hedefine su \u00fcst\u00fc at\u0131\u015flar\u0131 ve man\u015f u\u00e7a\u011f\u0131n\u0131n \u00e7ekti\u011fi hedefe hava savunma at\u0131\u015flar\u0131, denizalt\u0131lar talim torpidosu at\u0131\u015flar\u0131, deniz hava unsurlar\u0131n\u0131n MAM-C, MAM-L ve top roket at\u0131\u015flar\u0131, Tuzla s\u0131n\u0131f\u0131 karakol gemilerinin su bombas\u0131 ve DHS roketi at\u0131\u015flar\u0131 ger\u00e7ekle\u015ftirece\u011fini kaydeden T\u00fcrkkan, \u201cAyr\u0131ca Finike b\u00f6lgesinde konu\u015fland\u0131r\u0131lacak Pelikan Elektronik Harp Sim\u00fclat\u00f6r\u00fc ile elektronik harp e\u011fitimleri ve \u00e7af at\u0131\u015flar\u0131 icra edilecektir.\u201d dedi.<\/p>\n<p>T\u00fcrkkan, konu\u015fmas\u0131n\u0131 \u015f\u00f6yle tamamlad\u0131:<\/p>\n<p>\u201cG\u00fcc\u00fcn\u00fc ve kararl\u0131l\u0131\u011f\u0131n\u0131 b\u00fcy\u00fck T\u00fcrk milletinden ve ay y\u0131ld\u0131zl\u0131 bayra\u011f\u0131ndan alan T\u00fcrk Deniz Kuvvetleri, t\u00fcm y\u00fczer, dalar ve u\u00e7ar unsurlar\u0131yla ba\u015fta Mavi Vatan\u0131m\u0131z olmak \u00fczere memleketimizin her k\u00f6\u015fesinde, s\u0131n\u0131rlar\u0131n\u0131n \u00f6tesinde ve d\u00fcnya denizlerinde sars\u0131lmaz bir azim, irade ve heyecanla, gerekti\u011finde vatan savunmas\u0131 i\u00e7in can\u0131n\u0131 vermeye haz\u0131r, milletinin emrinde ve g\u00f6revinin ba\u015f\u0131ndad\u0131r. Bu vesileyle, bizlere cumhuriyeti arma\u011fan eden ba\u015fta Ba\u015fkomutan\u0131m\u0131z Gazi Mustafa Kemal Atat\u00fcrk ve Milli M\u00fccadele kahramanlar\u0131m\u0131z olmak \u00fczere t\u00fcm \u015fehitlerimizi, ebediyete intikal eden gazilerimizi bir kez daha rahmet, minnet ve \u015f\u00fckranla yad ediyor, hayatta olan gazilerimize ve \u015fehitlerimizin de\u011ferli ailelerine sa\u011fl\u0131k ve esenlikler diliyoruz.\u201d<\/p>\n<\/p><\/div>\n<p><script async\n                    defer\n                    crossorigin=\"anonymous\"\n                    src=\"https:\/\/connect.facebook.net\/tr_TR\/sdk.js#xfbml=1&#038;version=v3.3\"\n            ><\/script><\/p>\n","protected":false},"excerpt":{"rendered":"<p>T\u00fcrkiye Cumhuriyeti Deniz Kuvvetleri Komutanl\u0131\u011f\u0131 taraf\u0131ndan Karadeniz, Ege Denizi ve Do\u011fu Akdeniz\u2019de icra edilecek Mavi Vatan-2025 Tatbikat\u0131, yar\u0131n ba\u015flayacak. Kocaeli\u2019nin G\u00f6lc\u00fck il\u00e7esindeki Deniz Harp Merkezi Komutanl\u0131\u011f\u0131\u2019nda d\u00fczenlenen bas\u0131n bilgilendirme toplant\u0131s\u0131na Deniz E\u011fitim ve \u00d6\u011fretim Komutan\u0131 T\u00fcmamiral H\u00fcseyin T\u0131\u011fl\u0131, Deniz Hava Komutan\u0131 Tu\u011famiral Mehmet Sava\u015f Eser, Denizalt\u0131 Filosu Komutan\u0131 Tu\u011famiral Timur Y\u0131lmaz, Donanma Kurmay Ba\u015fkan\u0131 Tu\u011famiral [&hellip;]<\/p>\n","protected":false},"author":1,"featured_media":16830,"comment_status":"open","ping_status":"open","sticky":false,"template":"","format":"standard","meta":{"jnews-multi-image_gallery":[],"jnews_single_post":[],"jnews_primary_category":[],"jnews_social_meta":[],"jnews_override_counter":[],"footnotes":""},"categories":[5],"tags":[],"class_list":["post-16829","post","type-post","status-publish","format-standard","has-post-thumbnail","hentry","category-turkiye"],"yoast_head":"<!-- This site is optimized with the Yoast SEO plugin v27.4 - https:\/\/yoast.com\/product\/yoast-seo-wordpress\/ -->\n<title>Mavi Vatan-2025 Tatbikat\u0131 yar\u0131n ba\u015flayacak\u2026 Tatbikat, Do\u011fu Akdeniz\u2019de de icra edilecek - Kuzeyin Sesi<\/title>\n<meta name=\"robots\" content=\"index, follow, max-snippet:-1, max-image-preview:large, max-video-preview:-1\" \/>\n<link rel=\"canonical\" href=\"https:\/\/kuzeyinsesi.org\/index.php\/2025\/01\/06\/mavi-vatan-2025-tatbikati-yarin-baslayacak-tatbikat-dogu-akdenizde-de-icra-edilecek\/\" \/>\n<meta property=\"og:locale\" content=\"tr_TR\" \/>\n<meta property=\"og:type\" content=\"article\" \/>\n<meta property=\"og:title\" content=\"Mavi Vatan-2025 Tatbikat\u0131 yar\u0131n ba\u015flayacak\u2026 Tatbikat, Do\u011fu Akdeniz\u2019de de icra edilecek - Kuzeyin Sesi\" \/>\n<meta property=\"og:description\" content=\"T\u00fcrkiye Cumhuriyeti Deniz Kuvvetleri Komutanl\u0131\u011f\u0131 taraf\u0131ndan Karadeniz, Ege Denizi ve Do\u011fu Akdeniz\u2019de icra edilecek Mavi Vatan-2025 Tatbikat\u0131, yar\u0131n ba\u015flayacak. Kocaeli\u2019nin G\u00f6lc\u00fck il\u00e7esindeki Deniz Harp Merkezi Komutanl\u0131\u011f\u0131\u2019nda d\u00fczenlenen bas\u0131n bilgilendirme toplant\u0131s\u0131na Deniz E\u011fitim ve \u00d6\u011fretim Komutan\u0131 T\u00fcmamiral H\u00fcseyin T\u0131\u011fl\u0131, Deniz Hava Komutan\u0131 Tu\u011famiral Mehmet Sava\u015f Eser, Denizalt\u0131 Filosu Komutan\u0131 Tu\u011famiral Timur Y\u0131lmaz, Donanma Kurmay Ba\u015fkan\u0131 Tu\u011famiral [&hellip;]\" \/>\n<meta property=\"og:url\" content=\"https:\/\/kuzeyinsesi.org\/index.php\/2025\/01\/06\/mavi-vatan-2025-tatbikati-yarin-baslayacak-tatbikat-dogu-akdenizde-de-icra-edilecek\/\" \/>\n<meta property=\"og:site_name\" content=\"Kuzeyin Sesi\" \/>\n<meta property=\"article:publisher\" content=\"https:\/\/www.facebook.com\/kuzeyinsesii\" \/>\n<meta property=\"article:published_time\" content=\"2025-01-06T13:10:26+00:00\" \/>\n<meta property=\"og:image\" content=\"https:\/\/brtk.net\/wp-content\/uploads\/2025\/01\/06\/1736164225409thumbs_b_c_23604b3bd10ae25d76d1cf1ecf0356af.jpg?ver=91dff8b300e0bd86ee1dabfddee2f047\" \/>\n<meta name=\"author\" content=\"Kuzeyin Sesi\" \/>\n<meta name=\"twitter:card\" content=\"summary_large_image\" \/>\n<meta name=\"twitter:creator\" content=\"@kuzeyinsesii\" \/>\n<meta name=\"twitter:site\" content=\"@kuzeyinsesii\" \/>\n<meta name=\"twitter:label1\" content=\"Yazan:\" \/>\n\t<meta name=\"twitter:data1\" content=\"Kuzeyin Sesi\" \/>\n\t<meta name=\"twitter:label2\" content=\"Tahmini okuma s\u00fcresi\" \/>\n\t<meta name=\"twitter:data2\" content=\"4 dakika\" \/>\n<script type=\"application\/ld+json\" class=\"yoast-schema-graph\">{\"@context\":\"https:\\\/\\\/schema.org\",\"@graph\":[{\"@type\":\"Article\",\"@id\":\"https:\\\/\\\/kuzeyinsesi.org\\\/index.php\\\/2025\\\/01\\\/06\\\/mavi-vatan-2025-tatbikati-yarin-baslayacak-tatbikat-dogu-akdenizde-de-icra-edilecek\\\/#article\",\"isPartOf\":{\"@id\":\"https:\\\/\\\/kuzeyinsesi.org\\\/index.php\\\/2025\\\/01\\\/06\\\/mavi-vatan-2025-tatbikati-yarin-baslayacak-tatbikat-dogu-akdenizde-de-icra-edilecek\\\/\"},\"author\":{\"name\":\"Kuzeyin Sesi\",\"@id\":\"https:\\\/\\\/kuzeyinsesi.org\\\/#\\\/schema\\\/person\\\/9f859689cdf01485597712386e37f5aa\"},\"headline\":\"Mavi Vatan-2025 Tatbikat\u0131 yar\u0131n ba\u015flayacak\u2026 Tatbikat, Do\u011fu Akdeniz\u2019de de icra edilecek\",\"datePublished\":\"2025-01-06T13:10:26+00:00\",\"mainEntityOfPage\":{\"@id\":\"https:\\\/\\\/kuzeyinsesi.org\\\/index.php\\\/2025\\\/01\\\/06\\\/mavi-vatan-2025-tatbikati-yarin-baslayacak-tatbikat-dogu-akdenizde-de-icra-edilecek\\\/\"},\"wordCount\":896,\"commentCount\":0,\"image\":{\"@id\":\"https:\\\/\\\/kuzeyinsesi.org\\\/index.php\\\/2025\\\/01\\\/06\\\/mavi-vatan-2025-tatbikati-yarin-baslayacak-tatbikat-dogu-akdenizde-de-icra-edilecek\\\/#primaryimage\"},\"thumbnailUrl\":\"https:\\\/\\\/kuzeyinsesi.org\\\/wp-content\\\/uploads\\\/2025\\\/01\\\/1736164225409thumbs_b_c_23604b3bd10ae25d76d1cf1ecf0356af.jpg\",\"articleSection\":[\"T\u00fcrkiye\"],\"inLanguage\":\"tr\",\"potentialAction\":[{\"@type\":\"CommentAction\",\"name\":\"Comment\",\"target\":[\"https:\\\/\\\/kuzeyinsesi.org\\\/index.php\\\/2025\\\/01\\\/06\\\/mavi-vatan-2025-tatbikati-yarin-baslayacak-tatbikat-dogu-akdenizde-de-icra-edilecek\\\/#respond\"]}]},{\"@type\":\"WebPage\",\"@id\":\"https:\\\/\\\/kuzeyinsesi.org\\\/index.php\\\/2025\\\/01\\\/06\\\/mavi-vatan-2025-tatbikati-yarin-baslayacak-tatbikat-dogu-akdenizde-de-icra-edilecek\\\/\",\"url\":\"https:\\\/\\\/kuzeyinsesi.org\\\/index.php\\\/2025\\\/01\\\/06\\\/mavi-vatan-2025-tatbikati-yarin-baslayacak-tatbikat-dogu-akdenizde-de-icra-edilecek\\\/\",\"name\":\"Mavi Vatan-2025 Tatbikat\u0131 yar\u0131n ba\u015flayacak\u2026 Tatbikat, Do\u011fu Akdeniz\u2019de de icra edilecek - Kuzeyin Sesi\",\"isPartOf\":{\"@id\":\"https:\\\/\\\/kuzeyinsesi.org\\\/#website\"},\"primaryImageOfPage\":{\"@id\":\"https:\\\/\\\/kuzeyinsesi.org\\\/index.php\\\/2025\\\/01\\\/06\\\/mavi-vatan-2025-tatbikati-yarin-baslayacak-tatbikat-dogu-akdenizde-de-icra-edilecek\\\/#primaryimage\"},\"image\":{\"@id\":\"https:\\\/\\\/kuzeyinsesi.org\\\/index.php\\\/2025\\\/01\\\/06\\\/mavi-vatan-2025-tatbikati-yarin-baslayacak-tatbikat-dogu-akdenizde-de-icra-edilecek\\\/#primaryimage\"},\"thumbnailUrl\":\"https:\\\/\\\/kuzeyinsesi.org\\\/wp-content\\\/uploads\\\/2025\\\/01\\\/1736164225409thumbs_b_c_23604b3bd10ae25d76d1cf1ecf0356af.jpg\",\"datePublished\":\"2025-01-06T13:10:26+00:00\",\"author\":{\"@id\":\"https:\\\/\\\/kuzeyinsesi.org\\\/#\\\/schema\\\/person\\\/9f859689cdf01485597712386e37f5aa\"},\"breadcrumb\":{\"@id\":\"https:\\\/\\\/kuzeyinsesi.org\\\/index.php\\\/2025\\\/01\\\/06\\\/mavi-vatan-2025-tatbikati-yarin-baslayacak-tatbikat-dogu-akdenizde-de-icra-edilecek\\\/#breadcrumb\"},\"inLanguage\":\"tr\",\"potentialAction\":[{\"@type\":\"ReadAction\",\"target\":[\"https:\\\/\\\/kuzeyinsesi.org\\\/index.php\\\/2025\\\/01\\\/06\\\/mavi-vatan-2025-tatbikati-yarin-baslayacak-tatbikat-dogu-akdenizde-de-icra-edilecek\\\/\"]}]},{\"@type\":\"ImageObject\",\"inLanguage\":\"tr\",\"@id\":\"https:\\\/\\\/kuzeyinsesi.org\\\/index.php\\\/2025\\\/01\\\/06\\\/mavi-vatan-2025-tatbikati-yarin-baslayacak-tatbikat-dogu-akdenizde-de-icra-edilecek\\\/#primaryimage\",\"url\":\"https:\\\/\\\/kuzeyinsesi.org\\\/wp-content\\\/uploads\\\/2025\\\/01\\\/1736164225409thumbs_b_c_23604b3bd10ae25d76d1cf1ecf0356af.jpg\",\"contentUrl\":\"https:\\\/\\\/kuzeyinsesi.org\\\/wp-content\\\/uploads\\\/2025\\\/01\\\/1736164225409thumbs_b_c_23604b3bd10ae25d76d1cf1ecf0356af.jpg\",\"width\":864,\"height\":486},{\"@type\":\"BreadcrumbList\",\"@id\":\"https:\\\/\\\/kuzeyinsesi.org\\\/index.php\\\/2025\\\/01\\\/06\\\/mavi-vatan-2025-tatbikati-yarin-baslayacak-tatbikat-dogu-akdenizde-de-icra-edilecek\\\/#breadcrumb\",\"itemListElement\":[{\"@type\":\"ListItem\",\"position\":1,\"name\":\"Anasayfa\",\"item\":\"https:\\\/\\\/kuzeyinsesi.org\\\/\"},{\"@type\":\"ListItem\",\"position\":2,\"name\":\"Mavi Vatan-2025 Tatbikat\u0131 yar\u0131n ba\u015flayacak\u2026 Tatbikat, Do\u011fu Akdeniz\u2019de de icra edilecek\"}]},{\"@type\":\"WebSite\",\"@id\":\"https:\\\/\\\/kuzeyinsesi.org\\\/#website\",\"url\":\"https:\\\/\\\/kuzeyinsesi.org\\\/\",\"name\":\"Kuzeyin Sesi\",\"description\":\"Do\u011fru Haberin Adresi\",\"potentialAction\":[{\"@type\":\"SearchAction\",\"target\":{\"@type\":\"EntryPoint\",\"urlTemplate\":\"https:\\\/\\\/kuzeyinsesi.org\\\/?s={search_term_string}\"},\"query-input\":{\"@type\":\"PropertyValueSpecification\",\"valueRequired\":true,\"valueName\":\"search_term_string\"}}],\"inLanguage\":\"tr\"},{\"@type\":\"Person\",\"@id\":\"https:\\\/\\\/kuzeyinsesi.org\\\/#\\\/schema\\\/person\\\/9f859689cdf01485597712386e37f5aa\",\"name\":\"Kuzeyin Sesi\",\"image\":{\"@type\":\"ImageObject\",\"inLanguage\":\"tr\",\"@id\":\"https:\\\/\\\/secure.gravatar.com\\\/avatar\\\/bab33852abfd8b282518d6ed81826833d77c3c882d9ab608add591ccace47a44?s=96&d=mm&r=g\",\"url\":\"https:\\\/\\\/secure.gravatar.com\\\/avatar\\\/bab33852abfd8b282518d6ed81826833d77c3c882d9ab608add591ccace47a44?s=96&d=mm&r=g\",\"contentUrl\":\"https:\\\/\\\/secure.gravatar.com\\\/avatar\\\/bab33852abfd8b282518d6ed81826833d77c3c882d9ab608add591ccace47a44?s=96&d=mm&r=g\",\"caption\":\"Kuzeyin Sesi\"},\"sameAs\":[\"https:\\\/\\\/kuzeyinsesi.org\"],\"url\":\"https:\\\/\\\/kuzeyinsesi.org\\\/index.php\\\/author\\\/guven\\\/\"}]}<\/script>\n<!-- \/ Yoast SEO plugin. -->","yoast_head_json":{"title":"Mavi Vatan-2025 Tatbikat\u0131 yar\u0131n ba\u015flayacak\u2026 Tatbikat, Do\u011fu Akdeniz\u2019de de icra edilecek - Kuzeyin Sesi","robots":{"index":"index","follow":"follow","max-snippet":"max-snippet:-1","max-image-preview":"max-image-preview:large","max-video-preview":"max-video-preview:-1"},"canonical":"https:\/\/kuzeyinsesi.org\/index.php\/2025\/01\/06\/mavi-vatan-2025-tatbikati-yarin-baslayacak-tatbikat-dogu-akdenizde-de-icra-edilecek\/","og_locale":"tr_TR","og_type":"article","og_title":"Mavi Vatan-2025 Tatbikat\u0131 yar\u0131n ba\u015flayacak\u2026 Tatbikat, Do\u011fu Akdeniz\u2019de de icra edilecek - Kuzeyin Sesi","og_description":"T\u00fcrkiye Cumhuriyeti Deniz Kuvvetleri Komutanl\u0131\u011f\u0131 taraf\u0131ndan Karadeniz, Ege Denizi ve Do\u011fu Akdeniz\u2019de icra edilecek Mavi Vatan-2025 Tatbikat\u0131, yar\u0131n ba\u015flayacak. Kocaeli\u2019nin G\u00f6lc\u00fck il\u00e7esindeki Deniz Harp Merkezi Komutanl\u0131\u011f\u0131\u2019nda d\u00fczenlenen bas\u0131n bilgilendirme toplant\u0131s\u0131na Deniz E\u011fitim ve \u00d6\u011fretim Komutan\u0131 T\u00fcmamiral H\u00fcseyin T\u0131\u011fl\u0131, Deniz Hava Komutan\u0131 Tu\u011famiral Mehmet Sava\u015f Eser, Denizalt\u0131 Filosu Komutan\u0131 Tu\u011famiral Timur Y\u0131lmaz, Donanma Kurmay Ba\u015fkan\u0131 Tu\u011famiral [&hellip;]","og_url":"https:\/\/kuzeyinsesi.org\/index.php\/2025\/01\/06\/mavi-vatan-2025-tatbikati-yarin-baslayacak-tatbikat-dogu-akdenizde-de-icra-edilecek\/","og_site_name":"Kuzeyin Sesi","article_publisher":"https:\/\/www.facebook.com\/kuzeyinsesii","article_published_time":"2025-01-06T13:10:26+00:00","og_image":[{"url":"https:\/\/brtk.net\/wp-content\/uploads\/2025\/01\/06\/1736164225409thumbs_b_c_23604b3bd10ae25d76d1cf1ecf0356af.jpg?ver=91dff8b300e0bd86ee1dabfddee2f047","type":"","width":"","height":""}],"author":"Kuzeyin Sesi","twitter_card":"summary_large_image","twitter_creator":"@kuzeyinsesii","twitter_site":"@kuzeyinsesii","twitter_misc":{"Yazan:":"Kuzeyin Sesi","Tahmini okuma s\u00fcresi":"4 dakika"},"schema":{"@context":"https:\/\/schema.org","@graph":[{"@type":"Article","@id":"https:\/\/kuzeyinsesi.org\/index.php\/2025\/01\/06\/mavi-vatan-2025-tatbikati-yarin-baslayacak-tatbikat-dogu-akdenizde-de-icra-edilecek\/#article","isPartOf":{"@id":"https:\/\/kuzeyinsesi.org\/index.php\/2025\/01\/06\/mavi-vatan-2025-tatbikati-yarin-baslayacak-tatbikat-dogu-akdenizde-de-icra-edilecek\/"},"author":{"name":"Kuzeyin Sesi","@id":"https:\/\/kuzeyinsesi.org\/#\/schema\/person\/9f859689cdf01485597712386e37f5aa"},"headline":"Mavi Vatan-2025 Tatbikat\u0131 yar\u0131n ba\u015flayacak\u2026 Tatbikat, Do\u011fu Akdeniz\u2019de de icra edilecek","datePublished":"2025-01-06T13:10:26+00:00","mainEntityOfPage":{"@id":"https:\/\/kuzeyinsesi.org\/index.php\/2025\/01\/06\/mavi-vatan-2025-tatbikati-yarin-baslayacak-tatbikat-dogu-akdenizde-de-icra-edilecek\/"},"wordCount":896,"commentCount":0,"image":{"@id":"https:\/\/kuzeyinsesi.org\/index.php\/2025\/01\/06\/mavi-vatan-2025-tatbikati-yarin-baslayacak-tatbikat-dogu-akdenizde-de-icra-edilecek\/#primaryimage"},"thumbnailUrl":"https:\/\/kuzeyinsesi.org\/wp-content\/uploads\/2025\/01\/1736164225409thumbs_b_c_23604b3bd10ae25d76d1cf1ecf0356af.jpg","articleSection":["T\u00fcrkiye"],"inLanguage":"tr","potentialAction":[{"@type":"CommentAction","name":"Comment","target":["https:\/\/kuzeyinsesi.org\/index.php\/2025\/01\/06\/mavi-vatan-2025-tatbikati-yarin-baslayacak-tatbikat-dogu-akdenizde-de-icra-edilecek\/#respond"]}]},{"@type":"WebPage","@id":"https:\/\/kuzeyinsesi.org\/index.php\/2025\/01\/06\/mavi-vatan-2025-tatbikati-yarin-baslayacak-tatbikat-dogu-akdenizde-de-icra-edilecek\/","url":"https:\/\/kuzeyinsesi.org\/index.php\/2025\/01\/06\/mavi-vatan-2025-tatbikati-yarin-baslayacak-tatbikat-dogu-akdenizde-de-icra-edilecek\/","name":"Mavi Vatan-2025 Tatbikat\u0131 yar\u0131n ba\u015flayacak\u2026 Tatbikat, Do\u011fu Akdeniz\u2019de de icra edilecek - Kuzeyin Sesi","isPartOf":{"@id":"https:\/\/kuzeyinsesi.org\/#website"},"primaryImageOfPage":{"@id":"https:\/\/kuzeyinsesi.org\/index.php\/2025\/01\/06\/mavi-vatan-2025-tatbikati-yarin-baslayacak-tatbikat-dogu-akdenizde-de-icra-edilecek\/#primaryimage"},"image":{"@id":"https:\/\/kuzeyinsesi.org\/index.php\/2025\/01\/06\/mavi-vatan-2025-tatbikati-yarin-baslayacak-tatbikat-dogu-akdenizde-de-icra-edilecek\/#primaryimage"},"thumbnailUrl":"https:\/\/kuzeyinsesi.org\/wp-content\/uploads\/2025\/01\/1736164225409thumbs_b_c_23604b3bd10ae25d76d1cf1ecf0356af.jpg","datePublished":"2025-01-06T13:10:26+00:00","author":{"@id":"https:\/\/kuzeyinsesi.org\/#\/schema\/person\/9f859689cdf01485597712386e37f5aa"},"breadcrumb":{"@id":"https:\/\/kuzeyinsesi.org\/index.php\/2025\/01\/06\/mavi-vatan-2025-tatbikati-yarin-baslayacak-tatbikat-dogu-akdenizde-de-icra-edilecek\/#breadcrumb"},"inLanguage":"tr","potentialAction":[{"@type":"ReadAction","target":["https:\/\/kuzeyinsesi.org\/index.php\/2025\/01\/06\/mavi-vatan-2025-tatbikati-yarin-baslayacak-tatbikat-dogu-akdenizde-de-icra-edilecek\/"]}]},{"@type":"ImageObject","inLanguage":"tr","@id":"https:\/\/kuzeyinsesi.org\/index.php\/2025\/01\/06\/mavi-vatan-2025-tatbikati-yarin-baslayacak-tatbikat-dogu-akdenizde-de-icra-edilecek\/#primaryimage","url":"https:\/\/kuzeyinsesi.org\/wp-content\/uploads\/2025\/01\/1736164225409thumbs_b_c_23604b3bd10ae25d76d1cf1ecf0356af.jpg","contentUrl":"https:\/\/kuzeyinsesi.org\/wp-content\/uploads\/2025\/01\/1736164225409thumbs_b_c_23604b3bd10ae25d76d1cf1ecf0356af.jpg","width":864,"height":486},{"@type":"BreadcrumbList","@id":"https:\/\/kuzeyinsesi.org\/index.php\/2025\/01\/06\/mavi-vatan-2025-tatbikati-yarin-baslayacak-tatbikat-dogu-akdenizde-de-icra-edilecek\/#breadcrumb","itemListElement":[{"@type":"ListItem","position":1,"name":"Anasayfa","item":"https:\/\/kuzeyinsesi.org\/"},{"@type":"ListItem","position":2,"name":"Mavi Vatan-2025 Tatbikat\u0131 yar\u0131n ba\u015flayacak\u2026 Tatbikat, Do\u011fu Akdeniz\u2019de de icra edilecek"}]},{"@type":"WebSite","@id":"https:\/\/kuzeyinsesi.org\/#website","url":"https:\/\/kuzeyinsesi.org\/","name":"Kuzeyin Sesi","description":"Do\u011fru Haberin Adresi","potentialAction":[{"@type":"SearchAction","target":{"@type":"EntryPoint","urlTemplate":"https:\/\/kuzeyinsesi.org\/?s={search_term_string}"},"query-input":{"@type":"PropertyValueSpecification","valueRequired":true,"valueName":"search_term_string"}}],"inLanguage":"tr"},{"@type":"Person","@id":"https:\/\/kuzeyinsesi.org\/#\/schema\/person\/9f859689cdf01485597712386e37f5aa","name":"Kuzeyin Sesi","image":{"@type":"ImageObject","inLanguage":"tr","@id":"https:\/\/secure.gravatar.com\/avatar\/bab33852abfd8b282518d6ed81826833d77c3c882d9ab608add591ccace47a44?s=96&d=mm&r=g","url":"https:\/\/secure.gravatar.com\/avatar\/bab33852abfd8b282518d6ed81826833d77c3c882d9ab608add591ccace47a44?s=96&d=mm&r=g","contentUrl":"https:\/\/secure.gravatar.com\/avatar\/bab33852abfd8b282518d6ed81826833d77c3c882d9ab608add591ccace47a44?s=96&d=mm&r=g","caption":"Kuzeyin Sesi"},"sameAs":["https:\/\/kuzeyinsesi.org"],"url":"https:\/\/kuzeyinsesi.org\/index.php\/author\/guven\/"}]}},"_links":{"self":[{"href":"https:\/\/kuzeyinsesi.org\/index.php\/wp-json\/wp\/v2\/posts\/16829","targetHints":{"allow":["GET"]}}],"collection":[{"href":"https:\/\/kuzeyinsesi.org\/index.php\/wp-json\/wp\/v2\/posts"}],"about":[{"href":"https:\/\/kuzeyinsesi.org\/index.php\/wp-json\/wp\/v2\/types\/post"}],"author":[{"embeddable":true,"href":"https:\/\/kuzeyinsesi.org\/index.php\/wp-json\/wp\/v2\/users\/1"}],"replies":[{"embeddable":true,"href":"https:\/\/kuzeyinsesi.org\/index.php\/wp-json\/wp\/v2\/comments?post=16829"}],"version-history":[{"count":0,"href":"https:\/\/kuzeyinsesi.org\/index.php\/wp-json\/wp\/v2\/posts\/16829\/revisions"}],"wp:featuredmedia":[{"embeddable":true,"href":"https:\/\/kuzeyinsesi.org\/index.php\/wp-json\/wp\/v2\/media\/16830"}],"wp:attachment":[{"href":"https:\/\/kuzeyinsesi.org\/index.php\/wp-json\/wp\/v2\/media?parent=16829"}],"wp:term":[{"taxonomy":"category","embeddable":true,"href":"https:\/\/kuzeyinsesi.org\/index.php\/wp-json\/wp\/v2\/categories?post=16829"},{"taxonomy":"post_tag","embeddable":true,"href":"https:\/\/kuzeyinsesi.org\/index.php\/wp-json\/wp\/v2\/tags?post=16829"}],"curies":[{"name":"wp","href":"https:\/\/api.w.org\/{rel}","templated":true}]}}