{"id":16819,"date":"2025-01-06T12:46:22","date_gmt":"2025-01-06T10:46:22","guid":{"rendered":"https:\/\/kuzeyinsesi.org\/index.php\/2025\/01\/06\/mucadeleye-liderlik-edenler-belgeseli-gaude-gosterilecek\/"},"modified":"2025-01-06T12:46:22","modified_gmt":"2025-01-06T10:46:22","slug":"mucadeleye-liderlik-edenler-belgeseli-gaude-gosterilecek","status":"publish","type":"post","link":"https:\/\/kuzeyinsesi.org\/index.php\/2025\/01\/06\/mucadeleye-liderlik-edenler-belgeseli-gaude-gosterilecek\/","title":{"rendered":"M\u00fccadeleye Liderlik Edenler belgeseli, GA\u00dc\u2019de g\u00f6sterilecek"},"content":{"rendered":"<div>\n<div class=\"mariselle-image-container center\">\n                                            <\/div>\n<p>Girne Amerikan \u00dcniversitesi (GA\u00dc) \u0130leti\u015fim, E\u011fitim ve Siyasal Bilimler Fak\u00fclteleri ile Bayrak Radyo ve Televizyon Kurumu (BRT) i\u015f birli\u011finde, \u201cLiderlere Vefa\u201d ba\u015fl\u0131\u011f\u0131yla bir etkinlik d\u00fczenlenecek.<\/p>\n<p>GA\u00dc\u2019den yap\u0131lan a\u00e7\u0131klamaya g\u00f6re, etkinlik GA\u00dc Uluslararas\u0131 Spectrum Kongre Merkezi\u2019nde 8 Ocak \u00c7ar\u015famba g\u00fcn\u00fc saat 11.00\u2019de ger\u00e7ekle\u015ftirilecek.<\/p>\n<p>Etkinlikte, GA\u00dc \u0130leti\u015fim Fak\u00fcltesi \u00d6\u011fretim \u00dcyesi Yrd. Do\u00e7. Dr. Muharrem \u00d6zdemir\u2019in y\u00f6netmenli\u011fini \u00fcstlendi\u011fi \u201cM\u00fccadeleye Liderlik Edenler\u201d ad\u0131n\u0131 ta\u015f\u0131yan belgeselin g\u00f6sterimi de yap\u0131lacak.<\/p>\n<p>\u00d6zdemir,  ilk kez g\u00f6sterimi yap\u0131lacak belgesel ile ilgili, \u201c27 dakikal\u0131k belgeselimizin ad\u0131; \u2018M\u00fccadeleye Liderlik Edenler\u2019. Belgesel; Cumhuriyet Meclisi Milletvekili Ali\u015fan \u015ean\u2019\u0131n katk\u0131lar\u0131yla da haz\u0131rland\u0131. Girne Amerikan \u00dcniversitesi\u2019nde, ilk g\u00f6steriminin yap\u0131laca\u011f\u0131 anlarda,  BRT TV\u2019de e\u015f zamanda yay\u0131nlanacak. Milli m\u00fccadele y\u0131llar\u0131nda; Liderimiz Dr. Faz\u0131l K\u00fc\u00e7\u00fck ve Kurucu Cumhurba\u015fkan\u0131m\u0131z Rauf Raif Denkta\u015f\u2019\u0131n evlatlar\u0131 ve yak\u0131n \u00e7al\u0131\u015fma arkada\u015flar\u0131n\u0131n \u00e7ok \u00f6zel an\u0131lar\u0131n\u0131n aktar\u0131ld\u0131\u011f\u0131 \u00f6zel bir belgeseli sunmaktan dolay\u0131 mutluluk ve huzur duyuyorum.\u201d dedi.<\/p>\n<p>A\u00e7\u0131klamada, K\u0131br\u0131s T\u00fcrk toplumunun merhum liderlerleri, Dr. Faz\u0131l K\u00fc\u00e7\u00fck ve Kurucu Cumhurba\u015fkan\u0131 Rauf Raif Denkta\u015f\u2019\u0131n ebediyete intikallerinin y\u0131l d\u00f6n\u00fcmlerinde aziz hat\u0131ralar\u0131n\u0131n an\u0131lmas\u0131 \u00f6ncesinde d\u00fczenlenen etkinli\u011fin, halka a\u00e7\u0131k oldu\u011fu belirtildi.<\/p>\n<\/p><\/div>\n<p><script async\n                    defer\n                    crossorigin=\"anonymous\"\n                    src=\"https:\/\/connect.facebook.net\/tr_TR\/sdk.js#xfbml=1&#038;version=v3.3\"\n            ><\/script><\/p>\n","protected":false},"excerpt":{"rendered":"<p>Girne Amerikan \u00dcniversitesi (GA\u00dc) \u0130leti\u015fim, E\u011fitim ve Siyasal Bilimler Fak\u00fclteleri ile Bayrak Radyo ve Televizyon Kurumu (BRT) i\u015f birli\u011finde, \u201cLiderlere Vefa\u201d ba\u015fl\u0131\u011f\u0131yla bir etkinlik d\u00fczenlenecek. GA\u00dc\u2019den yap\u0131lan a\u00e7\u0131klamaya g\u00f6re, etkinlik GA\u00dc Uluslararas\u0131 Spectrum Kongre Merkezi\u2019nde 8 Ocak \u00c7ar\u015famba g\u00fcn\u00fc saat 11.00\u2019de ger\u00e7ekle\u015ftirilecek. Etkinlikte, GA\u00dc \u0130leti\u015fim Fak\u00fcltesi \u00d6\u011fretim \u00dcyesi Yrd. Do\u00e7. Dr. Muharrem \u00d6zdemir\u2019in y\u00f6netmenli\u011fini \u00fcstlendi\u011fi [&hellip;]<\/p>\n","protected":false},"author":1,"featured_media":16820,"comment_status":"open","ping_status":"open","sticky":false,"template":"","format":"standard","meta":{"jnews-multi-image_gallery":[],"jnews_single_post":[],"jnews_primary_category":[],"jnews_social_meta":[],"jnews_override_counter":[],"footnotes":""},"categories":[6],"tags":[],"class_list":["post-16819","post","type-post","status-publish","format-standard","has-post-thumbnail","hentry","category-yasam"],"yoast_head":"<!-- This site is optimized with the Yoast SEO plugin v27.4 - https:\/\/yoast.com\/product\/yoast-seo-wordpress\/ -->\n<title>M\u00fccadeleye Liderlik Edenler belgeseli, GA\u00dc\u2019de g\u00f6sterilecek - Kuzeyin Sesi<\/title>\n<meta name=\"robots\" content=\"index, follow, max-snippet:-1, max-image-preview:large, max-video-preview:-1\" \/>\n<link rel=\"canonical\" href=\"https:\/\/kuzeyinsesi.org\/index.php\/2025\/01\/06\/mucadeleye-liderlik-edenler-belgeseli-gaude-gosterilecek\/\" \/>\n<meta property=\"og:locale\" content=\"tr_TR\" \/>\n<meta property=\"og:type\" content=\"article\" \/>\n<meta property=\"og:title\" content=\"M\u00fccadeleye Liderlik Edenler belgeseli, GA\u00dc\u2019de g\u00f6sterilecek - Kuzeyin Sesi\" \/>\n<meta property=\"og:description\" content=\"Girne Amerikan \u00dcniversitesi (GA\u00dc) \u0130leti\u015fim, E\u011fitim ve Siyasal Bilimler Fak\u00fclteleri ile Bayrak Radyo ve Televizyon Kurumu (BRT) i\u015f birli\u011finde, \u201cLiderlere Vefa\u201d ba\u015fl\u0131\u011f\u0131yla bir etkinlik d\u00fczenlenecek. GA\u00dc\u2019den yap\u0131lan a\u00e7\u0131klamaya g\u00f6re, etkinlik GA\u00dc Uluslararas\u0131 Spectrum Kongre Merkezi\u2019nde 8 Ocak \u00c7ar\u015famba g\u00fcn\u00fc saat 11.00\u2019de ger\u00e7ekle\u015ftirilecek. Etkinlikte, GA\u00dc \u0130leti\u015fim Fak\u00fcltesi \u00d6\u011fretim \u00dcyesi Yrd. Do\u00e7. Dr. Muharrem \u00d6zdemir\u2019in y\u00f6netmenli\u011fini \u00fcstlendi\u011fi [&hellip;]\" \/>\n<meta property=\"og:url\" content=\"https:\/\/kuzeyinsesi.org\/index.php\/2025\/01\/06\/mucadeleye-liderlik-edenler-belgeseli-gaude-gosterilecek\/\" \/>\n<meta property=\"og:site_name\" content=\"Kuzeyin Sesi\" \/>\n<meta property=\"article:publisher\" content=\"https:\/\/www.facebook.com\/kuzeyinsesii\" \/>\n<meta property=\"article:published_time\" content=\"2025-01-06T10:46:22+00:00\" \/>\n<meta property=\"og:image\" content=\"https:\/\/brtk.net\/wp-content\/uploads\/2025\/01\/06\/1736154780160mudurun-mesajidirectors-message-1679900396.jpg?ver=daf6d57710d1042cc3e5f0268a008896\" \/>\n<meta name=\"author\" content=\"Kuzeyin Sesi\" \/>\n<meta name=\"twitter:card\" content=\"summary_large_image\" \/>\n<meta name=\"twitter:creator\" content=\"@kuzeyinsesii\" \/>\n<meta name=\"twitter:site\" content=\"@kuzeyinsesii\" \/>\n<meta name=\"twitter:label1\" content=\"Yazan:\" \/>\n\t<meta name=\"twitter:data1\" content=\"Kuzeyin Sesi\" \/>\n\t<meta name=\"twitter:label2\" content=\"Tahmini okuma s\u00fcresi\" \/>\n\t<meta name=\"twitter:data2\" content=\"1 dakika\" \/>\n<script type=\"application\/ld+json\" class=\"yoast-schema-graph\">{\"@context\":\"https:\\\/\\\/schema.org\",\"@graph\":[{\"@type\":\"Article\",\"@id\":\"https:\\\/\\\/kuzeyinsesi.org\\\/index.php\\\/2025\\\/01\\\/06\\\/mucadeleye-liderlik-edenler-belgeseli-gaude-gosterilecek\\\/#article\",\"isPartOf\":{\"@id\":\"https:\\\/\\\/kuzeyinsesi.org\\\/index.php\\\/2025\\\/01\\\/06\\\/mucadeleye-liderlik-edenler-belgeseli-gaude-gosterilecek\\\/\"},\"author\":{\"name\":\"Kuzeyin Sesi\",\"@id\":\"https:\\\/\\\/kuzeyinsesi.org\\\/#\\\/schema\\\/person\\\/9f859689cdf01485597712386e37f5aa\"},\"headline\":\"M\u00fccadeleye Liderlik Edenler belgeseli, GA\u00dc\u2019de g\u00f6sterilecek\",\"datePublished\":\"2025-01-06T10:46:22+00:00\",\"mainEntityOfPage\":{\"@id\":\"https:\\\/\\\/kuzeyinsesi.org\\\/index.php\\\/2025\\\/01\\\/06\\\/mucadeleye-liderlik-edenler-belgeseli-gaude-gosterilecek\\\/\"},\"wordCount\":246,\"commentCount\":0,\"image\":{\"@id\":\"https:\\\/\\\/kuzeyinsesi.org\\\/index.php\\\/2025\\\/01\\\/06\\\/mucadeleye-liderlik-edenler-belgeseli-gaude-gosterilecek\\\/#primaryimage\"},\"thumbnailUrl\":\"https:\\\/\\\/kuzeyinsesi.org\\\/wp-content\\\/uploads\\\/2025\\\/01\\\/1736154780160mudurun-mesajidirectors-message-1679900396.jpg\",\"articleSection\":[\"Ya\u015fam\"],\"inLanguage\":\"tr\",\"potentialAction\":[{\"@type\":\"CommentAction\",\"name\":\"Comment\",\"target\":[\"https:\\\/\\\/kuzeyinsesi.org\\\/index.php\\\/2025\\\/01\\\/06\\\/mucadeleye-liderlik-edenler-belgeseli-gaude-gosterilecek\\\/#respond\"]}]},{\"@type\":\"WebPage\",\"@id\":\"https:\\\/\\\/kuzeyinsesi.org\\\/index.php\\\/2025\\\/01\\\/06\\\/mucadeleye-liderlik-edenler-belgeseli-gaude-gosterilecek\\\/\",\"url\":\"https:\\\/\\\/kuzeyinsesi.org\\\/index.php\\\/2025\\\/01\\\/06\\\/mucadeleye-liderlik-edenler-belgeseli-gaude-gosterilecek\\\/\",\"name\":\"M\u00fccadeleye Liderlik Edenler belgeseli, GA\u00dc\u2019de g\u00f6sterilecek - Kuzeyin Sesi\",\"isPartOf\":{\"@id\":\"https:\\\/\\\/kuzeyinsesi.org\\\/#website\"},\"primaryImageOfPage\":{\"@id\":\"https:\\\/\\\/kuzeyinsesi.org\\\/index.php\\\/2025\\\/01\\\/06\\\/mucadeleye-liderlik-edenler-belgeseli-gaude-gosterilecek\\\/#primaryimage\"},\"image\":{\"@id\":\"https:\\\/\\\/kuzeyinsesi.org\\\/index.php\\\/2025\\\/01\\\/06\\\/mucadeleye-liderlik-edenler-belgeseli-gaude-gosterilecek\\\/#primaryimage\"},\"thumbnailUrl\":\"https:\\\/\\\/kuzeyinsesi.org\\\/wp-content\\\/uploads\\\/2025\\\/01\\\/1736154780160mudurun-mesajidirectors-message-1679900396.jpg\",\"datePublished\":\"2025-01-06T10:46:22+00:00\",\"author\":{\"@id\":\"https:\\\/\\\/kuzeyinsesi.org\\\/#\\\/schema\\\/person\\\/9f859689cdf01485597712386e37f5aa\"},\"breadcrumb\":{\"@id\":\"https:\\\/\\\/kuzeyinsesi.org\\\/index.php\\\/2025\\\/01\\\/06\\\/mucadeleye-liderlik-edenler-belgeseli-gaude-gosterilecek\\\/#breadcrumb\"},\"inLanguage\":\"tr\",\"potentialAction\":[{\"@type\":\"ReadAction\",\"target\":[\"https:\\\/\\\/kuzeyinsesi.org\\\/index.php\\\/2025\\\/01\\\/06\\\/mucadeleye-liderlik-edenler-belgeseli-gaude-gosterilecek\\\/\"]}]},{\"@type\":\"ImageObject\",\"inLanguage\":\"tr\",\"@id\":\"https:\\\/\\\/kuzeyinsesi.org\\\/index.php\\\/2025\\\/01\\\/06\\\/mucadeleye-liderlik-edenler-belgeseli-gaude-gosterilecek\\\/#primaryimage\",\"url\":\"https:\\\/\\\/kuzeyinsesi.org\\\/wp-content\\\/uploads\\\/2025\\\/01\\\/1736154780160mudurun-mesajidirectors-message-1679900396.jpg\",\"contentUrl\":\"https:\\\/\\\/kuzeyinsesi.org\\\/wp-content\\\/uploads\\\/2025\\\/01\\\/1736154780160mudurun-mesajidirectors-message-1679900396.jpg\",\"width\":332,\"height\":285},{\"@type\":\"BreadcrumbList\",\"@id\":\"https:\\\/\\\/kuzeyinsesi.org\\\/index.php\\\/2025\\\/01\\\/06\\\/mucadeleye-liderlik-edenler-belgeseli-gaude-gosterilecek\\\/#breadcrumb\",\"itemListElement\":[{\"@type\":\"ListItem\",\"position\":1,\"name\":\"Anasayfa\",\"item\":\"https:\\\/\\\/kuzeyinsesi.org\\\/\"},{\"@type\":\"ListItem\",\"position\":2,\"name\":\"M\u00fccadeleye Liderlik Edenler belgeseli, GA\u00dc\u2019de g\u00f6sterilecek\"}]},{\"@type\":\"WebSite\",\"@id\":\"https:\\\/\\\/kuzeyinsesi.org\\\/#website\",\"url\":\"https:\\\/\\\/kuzeyinsesi.org\\\/\",\"name\":\"Kuzeyin Sesi\",\"description\":\"Do\u011fru Haberin Adresi\",\"potentialAction\":[{\"@type\":\"SearchAction\",\"target\":{\"@type\":\"EntryPoint\",\"urlTemplate\":\"https:\\\/\\\/kuzeyinsesi.org\\\/?s={search_term_string}\"},\"query-input\":{\"@type\":\"PropertyValueSpecification\",\"valueRequired\":true,\"valueName\":\"search_term_string\"}}],\"inLanguage\":\"tr\"},{\"@type\":\"Person\",\"@id\":\"https:\\\/\\\/kuzeyinsesi.org\\\/#\\\/schema\\\/person\\\/9f859689cdf01485597712386e37f5aa\",\"name\":\"Kuzeyin Sesi\",\"image\":{\"@type\":\"ImageObject\",\"inLanguage\":\"tr\",\"@id\":\"https:\\\/\\\/secure.gravatar.com\\\/avatar\\\/bab33852abfd8b282518d6ed81826833d77c3c882d9ab608add591ccace47a44?s=96&d=mm&r=g\",\"url\":\"https:\\\/\\\/secure.gravatar.com\\\/avatar\\\/bab33852abfd8b282518d6ed81826833d77c3c882d9ab608add591ccace47a44?s=96&d=mm&r=g\",\"contentUrl\":\"https:\\\/\\\/secure.gravatar.com\\\/avatar\\\/bab33852abfd8b282518d6ed81826833d77c3c882d9ab608add591ccace47a44?s=96&d=mm&r=g\",\"caption\":\"Kuzeyin Sesi\"},\"sameAs\":[\"https:\\\/\\\/kuzeyinsesi.org\"],\"url\":\"https:\\\/\\\/kuzeyinsesi.org\\\/index.php\\\/author\\\/guven\\\/\"}]}<\/script>\n<!-- \/ Yoast SEO plugin. -->","yoast_head_json":{"title":"M\u00fccadeleye Liderlik Edenler belgeseli, GA\u00dc\u2019de g\u00f6sterilecek - Kuzeyin Sesi","robots":{"index":"index","follow":"follow","max-snippet":"max-snippet:-1","max-image-preview":"max-image-preview:large","max-video-preview":"max-video-preview:-1"},"canonical":"https:\/\/kuzeyinsesi.org\/index.php\/2025\/01\/06\/mucadeleye-liderlik-edenler-belgeseli-gaude-gosterilecek\/","og_locale":"tr_TR","og_type":"article","og_title":"M\u00fccadeleye Liderlik Edenler belgeseli, GA\u00dc\u2019de g\u00f6sterilecek - Kuzeyin Sesi","og_description":"Girne Amerikan \u00dcniversitesi (GA\u00dc) \u0130leti\u015fim, E\u011fitim ve Siyasal Bilimler Fak\u00fclteleri ile Bayrak Radyo ve Televizyon Kurumu (BRT) i\u015f birli\u011finde, \u201cLiderlere Vefa\u201d ba\u015fl\u0131\u011f\u0131yla bir etkinlik d\u00fczenlenecek. GA\u00dc\u2019den yap\u0131lan a\u00e7\u0131klamaya g\u00f6re, etkinlik GA\u00dc Uluslararas\u0131 Spectrum Kongre Merkezi\u2019nde 8 Ocak \u00c7ar\u015famba g\u00fcn\u00fc saat 11.00\u2019de ger\u00e7ekle\u015ftirilecek. Etkinlikte, GA\u00dc \u0130leti\u015fim Fak\u00fcltesi \u00d6\u011fretim \u00dcyesi Yrd. Do\u00e7. Dr. Muharrem \u00d6zdemir\u2019in y\u00f6netmenli\u011fini \u00fcstlendi\u011fi [&hellip;]","og_url":"https:\/\/kuzeyinsesi.org\/index.php\/2025\/01\/06\/mucadeleye-liderlik-edenler-belgeseli-gaude-gosterilecek\/","og_site_name":"Kuzeyin Sesi","article_publisher":"https:\/\/www.facebook.com\/kuzeyinsesii","article_published_time":"2025-01-06T10:46:22+00:00","og_image":[{"url":"https:\/\/brtk.net\/wp-content\/uploads\/2025\/01\/06\/1736154780160mudurun-mesajidirectors-message-1679900396.jpg?ver=daf6d57710d1042cc3e5f0268a008896","type":"","width":"","height":""}],"author":"Kuzeyin Sesi","twitter_card":"summary_large_image","twitter_creator":"@kuzeyinsesii","twitter_site":"@kuzeyinsesii","twitter_misc":{"Yazan:":"Kuzeyin Sesi","Tahmini okuma s\u00fcresi":"1 dakika"},"schema":{"@context":"https:\/\/schema.org","@graph":[{"@type":"Article","@id":"https:\/\/kuzeyinsesi.org\/index.php\/2025\/01\/06\/mucadeleye-liderlik-edenler-belgeseli-gaude-gosterilecek\/#article","isPartOf":{"@id":"https:\/\/kuzeyinsesi.org\/index.php\/2025\/01\/06\/mucadeleye-liderlik-edenler-belgeseli-gaude-gosterilecek\/"},"author":{"name":"Kuzeyin Sesi","@id":"https:\/\/kuzeyinsesi.org\/#\/schema\/person\/9f859689cdf01485597712386e37f5aa"},"headline":"M\u00fccadeleye Liderlik Edenler belgeseli, GA\u00dc\u2019de g\u00f6sterilecek","datePublished":"2025-01-06T10:46:22+00:00","mainEntityOfPage":{"@id":"https:\/\/kuzeyinsesi.org\/index.php\/2025\/01\/06\/mucadeleye-liderlik-edenler-belgeseli-gaude-gosterilecek\/"},"wordCount":246,"commentCount":0,"image":{"@id":"https:\/\/kuzeyinsesi.org\/index.php\/2025\/01\/06\/mucadeleye-liderlik-edenler-belgeseli-gaude-gosterilecek\/#primaryimage"},"thumbnailUrl":"https:\/\/kuzeyinsesi.org\/wp-content\/uploads\/2025\/01\/1736154780160mudurun-mesajidirectors-message-1679900396.jpg","articleSection":["Ya\u015fam"],"inLanguage":"tr","potentialAction":[{"@type":"CommentAction","name":"Comment","target":["https:\/\/kuzeyinsesi.org\/index.php\/2025\/01\/06\/mucadeleye-liderlik-edenler-belgeseli-gaude-gosterilecek\/#respond"]}]},{"@type":"WebPage","@id":"https:\/\/kuzeyinsesi.org\/index.php\/2025\/01\/06\/mucadeleye-liderlik-edenler-belgeseli-gaude-gosterilecek\/","url":"https:\/\/kuzeyinsesi.org\/index.php\/2025\/01\/06\/mucadeleye-liderlik-edenler-belgeseli-gaude-gosterilecek\/","name":"M\u00fccadeleye Liderlik Edenler belgeseli, GA\u00dc\u2019de g\u00f6sterilecek - Kuzeyin Sesi","isPartOf":{"@id":"https:\/\/kuzeyinsesi.org\/#website"},"primaryImageOfPage":{"@id":"https:\/\/kuzeyinsesi.org\/index.php\/2025\/01\/06\/mucadeleye-liderlik-edenler-belgeseli-gaude-gosterilecek\/#primaryimage"},"image":{"@id":"https:\/\/kuzeyinsesi.org\/index.php\/2025\/01\/06\/mucadeleye-liderlik-edenler-belgeseli-gaude-gosterilecek\/#primaryimage"},"thumbnailUrl":"https:\/\/kuzeyinsesi.org\/wp-content\/uploads\/2025\/01\/1736154780160mudurun-mesajidirectors-message-1679900396.jpg","datePublished":"2025-01-06T10:46:22+00:00","author":{"@id":"https:\/\/kuzeyinsesi.org\/#\/schema\/person\/9f859689cdf01485597712386e37f5aa"},"breadcrumb":{"@id":"https:\/\/kuzeyinsesi.org\/index.php\/2025\/01\/06\/mucadeleye-liderlik-edenler-belgeseli-gaude-gosterilecek\/#breadcrumb"},"inLanguage":"tr","potentialAction":[{"@type":"ReadAction","target":["https:\/\/kuzeyinsesi.org\/index.php\/2025\/01\/06\/mucadeleye-liderlik-edenler-belgeseli-gaude-gosterilecek\/"]}]},{"@type":"ImageObject","inLanguage":"tr","@id":"https:\/\/kuzeyinsesi.org\/index.php\/2025\/01\/06\/mucadeleye-liderlik-edenler-belgeseli-gaude-gosterilecek\/#primaryimage","url":"https:\/\/kuzeyinsesi.org\/wp-content\/uploads\/2025\/01\/1736154780160mudurun-mesajidirectors-message-1679900396.jpg","contentUrl":"https:\/\/kuzeyinsesi.org\/wp-content\/uploads\/2025\/01\/1736154780160mudurun-mesajidirectors-message-1679900396.jpg","width":332,"height":285},{"@type":"BreadcrumbList","@id":"https:\/\/kuzeyinsesi.org\/index.php\/2025\/01\/06\/mucadeleye-liderlik-edenler-belgeseli-gaude-gosterilecek\/#breadcrumb","itemListElement":[{"@type":"ListItem","position":1,"name":"Anasayfa","item":"https:\/\/kuzeyinsesi.org\/"},{"@type":"ListItem","position":2,"name":"M\u00fccadeleye Liderlik Edenler belgeseli, GA\u00dc\u2019de g\u00f6sterilecek"}]},{"@type":"WebSite","@id":"https:\/\/kuzeyinsesi.org\/#website","url":"https:\/\/kuzeyinsesi.org\/","name":"Kuzeyin Sesi","description":"Do\u011fru Haberin Adresi","potentialAction":[{"@type":"SearchAction","target":{"@type":"EntryPoint","urlTemplate":"https:\/\/kuzeyinsesi.org\/?s={search_term_string}"},"query-input":{"@type":"PropertyValueSpecification","valueRequired":true,"valueName":"search_term_string"}}],"inLanguage":"tr"},{"@type":"Person","@id":"https:\/\/kuzeyinsesi.org\/#\/schema\/person\/9f859689cdf01485597712386e37f5aa","name":"Kuzeyin Sesi","image":{"@type":"ImageObject","inLanguage":"tr","@id":"https:\/\/secure.gravatar.com\/avatar\/bab33852abfd8b282518d6ed81826833d77c3c882d9ab608add591ccace47a44?s=96&d=mm&r=g","url":"https:\/\/secure.gravatar.com\/avatar\/bab33852abfd8b282518d6ed81826833d77c3c882d9ab608add591ccace47a44?s=96&d=mm&r=g","contentUrl":"https:\/\/secure.gravatar.com\/avatar\/bab33852abfd8b282518d6ed81826833d77c3c882d9ab608add591ccace47a44?s=96&d=mm&r=g","caption":"Kuzeyin Sesi"},"sameAs":["https:\/\/kuzeyinsesi.org"],"url":"https:\/\/kuzeyinsesi.org\/index.php\/author\/guven\/"}]}},"_links":{"self":[{"href":"https:\/\/kuzeyinsesi.org\/index.php\/wp-json\/wp\/v2\/posts\/16819","targetHints":{"allow":["GET"]}}],"collection":[{"href":"https:\/\/kuzeyinsesi.org\/index.php\/wp-json\/wp\/v2\/posts"}],"about":[{"href":"https:\/\/kuzeyinsesi.org\/index.php\/wp-json\/wp\/v2\/types\/post"}],"author":[{"embeddable":true,"href":"https:\/\/kuzeyinsesi.org\/index.php\/wp-json\/wp\/v2\/users\/1"}],"replies":[{"embeddable":true,"href":"https:\/\/kuzeyinsesi.org\/index.php\/wp-json\/wp\/v2\/comments?post=16819"}],"version-history":[{"count":0,"href":"https:\/\/kuzeyinsesi.org\/index.php\/wp-json\/wp\/v2\/posts\/16819\/revisions"}],"wp:featuredmedia":[{"embeddable":true,"href":"https:\/\/kuzeyinsesi.org\/index.php\/wp-json\/wp\/v2\/media\/16820"}],"wp:attachment":[{"href":"https:\/\/kuzeyinsesi.org\/index.php\/wp-json\/wp\/v2\/media?parent=16819"}],"wp:term":[{"taxonomy":"category","embeddable":true,"href":"https:\/\/kuzeyinsesi.org\/index.php\/wp-json\/wp\/v2\/categories?post=16819"},{"taxonomy":"post_tag","embeddable":true,"href":"https:\/\/kuzeyinsesi.org\/index.php\/wp-json\/wp\/v2\/tags?post=16819"}],"curies":[{"name":"wp","href":"https:\/\/api.w.org\/{rel}","templated":true}]}}