{"id":16810,"date":"2025-01-06T11:42:43","date_gmt":"2025-01-06T09:42:43","guid":{"rendered":"https:\/\/kuzeyinsesi.org\/index.php\/2025\/01\/06\/altin-kure-odulleri-sahiplerini-buldu\/"},"modified":"2025-01-06T11:42:43","modified_gmt":"2025-01-06T09:42:43","slug":"altin-kure-odulleri-sahiplerini-buldu","status":"publish","type":"post","link":"https:\/\/kuzeyinsesi.org\/index.php\/2025\/01\/06\/altin-kure-odulleri-sahiplerini-buldu\/","title":{"rendered":"Alt\u0131n K\u00fcre \u00d6d\u00fclleri sahiplerini buldu"},"content":{"rendered":"<div>\n<div class=\"mariselle-image-container center\">\n                                            <\/div>\n<p>ABD\u2019de Hollywood Yabanc\u0131 Bas\u0131n Birli\u011fi taraf\u0131ndan bu y\u0131l 82\u2019ncisi d\u00fczenlenen Alt\u0131n K\u00fcre \u00d6d\u00fclleri\u2019ni kazananlar a\u00e7\u0131kland\u0131.<\/p>\n<p>Komedyen Nikki Glaser\u2019in sunuculu\u011funu \u00fcstlendi\u011fi t\u00f6rene, Drama Dal\u0131nda En \u0130yi Film aday\u0131 \u201cThe Brutalist\u201d damgas\u0131n\u0131 vurdu.<\/p>\n<p>Bu y\u0131l\u0131n dikkati \u00e7eken yap\u0131mlar\u0131ndan biri olan Emilia Perez filmi de 10 adayl\u0131kla geceye en \u00e7ok adayl\u0131kla kat\u0131lan film olarak \u00f6ne \u00e7\u0131kt\u0131 ve d\u00f6rt \u00f6d\u00fcl kazanarak b\u00fcy\u00fck bir ba\u015far\u0131ya imza att\u0131.<\/p>\n<p>M\u00fczikal\/Komedi Dal\u0131nda En \u0130yi Kad\u0131n Oyuncu \u00f6d\u00fcl\u00fcn\u00fc ise 2024\u2019\u00fcn \u00e7ok konu\u015fulan filmlerinden biri The Substance ile Demi Moore kazand\u0131.<\/p>\n<p>Drama Dal\u0131nda En \u0130yi Erkek Oyuncu \u00f6d\u00fcl\u00fcne The Brutalist filmindeki performans\u0131yla ba\u015frol oyuncusu Adrien Brody lay\u0131k g\u00f6r\u00fcld\u00fc.<\/p>\n<p>Televizyon kategorisinde ise \u201cDrama\u201d dal\u0131nda \u201cShogun\u201d, \u201cKomedi\u201dde ise \u201cHacks\u201d \u00f6d\u00fcl kazananlardan oldu.<\/p>\n<p>Televizyon ve sinema olmak \u00fczere iki kategoride verilen \u00f6d\u00fcllerin sahipleri \u015f\u00f6yle listelendi:<\/p>\n<p>\u2013 Sinema<\/p>\n<p>Drama Dal\u0131nda En \u0130yi Film: The Brutalist<\/p>\n<p>En \u0130yi Y\u00f6netmen: Brady Corbet (The Brutalist)<\/p>\n<p>M\u00fczikal\/Komedi Dal\u0131nda En \u0130yi Film: Emilia Perez<\/p>\n<p>En \u0130yi Yabanc\u0131 Film: Emilia Perez<\/p>\n<p>En \u0130yi Animasyon: Flow<\/p>\n<p>En \u0130yi Senaryo: Peter Straughan (Conclave)<\/p>\n<p>En \u0130yi Orijinal \u015eark\u0131: El Mal (Emilia Perez)<\/p>\n<p>En \u0130yi Orijinal Film M\u00fczi\u011fi: Challengers<\/p>\n<p>M\u00fczikal\/Komedi Dal\u0131nda En \u0130yi Kad\u0131n Oyuncu: Demi Moore (The Substance)<\/p>\n<p>M\u00fczikal\/Komedi Dal\u0131nda En \u0130yi Erkek Oyuncu: Sebastian Stan (A Different Man)<\/p>\n<p>Drama Dal\u0131nda En \u0130yi Kad\u0131n Oyuncu: Fernanda Torres (I\u2019m Still Here)<\/p>\n<p>Drama Dal\u0131nda En \u0130yi Erkek Oyuncu: Adrien Brody (The Brutalist)<\/p>\n<p>En \u0130yi Yard\u0131mc\u0131 Kad\u0131n Oyuncu: Zoe Saldana (Emilia Perez)<\/p>\n<p>En \u0130yi Yard\u0131mc\u0131 Erkek Oyuncu: Kieran Culkin (A Real Pain)<\/p>\n<p>\u2013 Televizyon<\/p>\n<p>En \u0130yi Televizyon Dramas\u0131: Sh\u014dgun<\/p>\n<p>En \u0130yi Mini Dizi\/Televizyon Filmi: Baby Reindeer<\/p>\n<p>M\u00fczikal\/Komedi Dal\u0131nda En \u0130yi Televizyon Dizisi: Hacks<\/p>\n<p>Drama Dal\u0131nda En \u0130yi Kad\u0131n Oyuncu: Anna Sawai (Shogun)<\/p>\n<p>Drama Dal\u0131nda En \u0130yi Erkek Oyuncu: Hiroyuki Sanada (Shogun)<\/p>\n<p>M\u00fczikal\/Komedi Dal\u0131nda En \u0130yi Kad\u0131n Oyuncu: Jean Smart (Hacks)<\/p>\n<p>M\u00fczikal\/Komedi Dal\u0131nda En \u0130yi Erkek Oyuncu: Jeremy Allen White (The Bear)<\/p>\n<\/p><\/div>\n<p><script async\n                    defer\n                    crossorigin=\"anonymous\"\n                    src=\"https:\/\/connect.facebook.net\/tr_TR\/sdk.js#xfbml=1&#038;version=v3.3\"\n            ><\/script><\/p>\n","protected":false},"excerpt":{"rendered":"<p>ABD\u2019de Hollywood Yabanc\u0131 Bas\u0131n Birli\u011fi taraf\u0131ndan bu y\u0131l 82\u2019ncisi d\u00fczenlenen Alt\u0131n K\u00fcre \u00d6d\u00fclleri\u2019ni kazananlar a\u00e7\u0131kland\u0131. Komedyen Nikki Glaser\u2019in sunuculu\u011funu \u00fcstlendi\u011fi t\u00f6rene, Drama Dal\u0131nda En \u0130yi Film aday\u0131 \u201cThe Brutalist\u201d damgas\u0131n\u0131 vurdu. Bu y\u0131l\u0131n dikkati \u00e7eken yap\u0131mlar\u0131ndan biri olan Emilia Perez filmi de 10 adayl\u0131kla geceye en \u00e7ok adayl\u0131kla kat\u0131lan film olarak \u00f6ne \u00e7\u0131kt\u0131 ve d\u00f6rt [&hellip;]<\/p>\n","protected":false},"author":1,"featured_media":16811,"comment_status":"open","ping_status":"open","sticky":false,"template":"","format":"standard","meta":{"jnews-multi-image_gallery":[],"jnews_single_post":[],"jnews_primary_category":[],"jnews_social_meta":[],"jnews_override_counter":[],"footnotes":""},"categories":[6],"tags":[],"class_list":["post-16810","post","type-post","status-publish","format-standard","has-post-thumbnail","hentry","category-yasam"],"yoast_head":"<!-- This site is optimized with the Yoast SEO plugin v27.4 - https:\/\/yoast.com\/product\/yoast-seo-wordpress\/ -->\n<title>Alt\u0131n K\u00fcre \u00d6d\u00fclleri sahiplerini buldu - Kuzeyin Sesi<\/title>\n<meta name=\"robots\" content=\"index, follow, max-snippet:-1, max-image-preview:large, max-video-preview:-1\" \/>\n<link rel=\"canonical\" href=\"https:\/\/kuzeyinsesi.org\/index.php\/2025\/01\/06\/altin-kure-odulleri-sahiplerini-buldu\/\" \/>\n<meta property=\"og:locale\" content=\"tr_TR\" \/>\n<meta property=\"og:type\" content=\"article\" \/>\n<meta property=\"og:title\" content=\"Alt\u0131n K\u00fcre \u00d6d\u00fclleri sahiplerini buldu - Kuzeyin Sesi\" \/>\n<meta property=\"og:description\" content=\"ABD\u2019de Hollywood Yabanc\u0131 Bas\u0131n Birli\u011fi taraf\u0131ndan bu y\u0131l 82\u2019ncisi d\u00fczenlenen Alt\u0131n K\u00fcre \u00d6d\u00fclleri\u2019ni kazananlar a\u00e7\u0131kland\u0131. Komedyen Nikki Glaser\u2019in sunuculu\u011funu \u00fcstlendi\u011fi t\u00f6rene, Drama Dal\u0131nda En \u0130yi Film aday\u0131 \u201cThe Brutalist\u201d damgas\u0131n\u0131 vurdu. Bu y\u0131l\u0131n dikkati \u00e7eken yap\u0131mlar\u0131ndan biri olan Emilia Perez filmi de 10 adayl\u0131kla geceye en \u00e7ok adayl\u0131kla kat\u0131lan film olarak \u00f6ne \u00e7\u0131kt\u0131 ve d\u00f6rt [&hellip;]\" \/>\n<meta property=\"og:url\" content=\"https:\/\/kuzeyinsesi.org\/index.php\/2025\/01\/06\/altin-kure-odulleri-sahiplerini-buldu\/\" \/>\n<meta property=\"og:site_name\" content=\"Kuzeyin Sesi\" \/>\n<meta property=\"article:publisher\" content=\"https:\/\/www.facebook.com\/kuzeyinsesii\" \/>\n<meta property=\"article:published_time\" content=\"2025-01-06T09:42:43+00:00\" \/>\n<meta property=\"og:image\" content=\"https:\/\/brtk.net\/wp-content\/uploads\/2025\/01\/06\/altin-kure.webp?ver=0ec8ce6abf7e2c1f9072ca0c8e30e670\" \/>\n<meta name=\"author\" content=\"Kuzeyin Sesi\" \/>\n<meta name=\"twitter:card\" content=\"summary_large_image\" \/>\n<meta name=\"twitter:creator\" content=\"@kuzeyinsesii\" \/>\n<meta name=\"twitter:site\" content=\"@kuzeyinsesii\" \/>\n<meta name=\"twitter:label1\" content=\"Yazan:\" \/>\n\t<meta name=\"twitter:data1\" content=\"Kuzeyin Sesi\" \/>\n\t<meta name=\"twitter:label2\" content=\"Tahmini okuma s\u00fcresi\" \/>\n\t<meta name=\"twitter:data2\" content=\"2 dakika\" \/>\n<script type=\"application\/ld+json\" class=\"yoast-schema-graph\">{\"@context\":\"https:\\\/\\\/schema.org\",\"@graph\":[{\"@type\":\"Article\",\"@id\":\"https:\\\/\\\/kuzeyinsesi.org\\\/index.php\\\/2025\\\/01\\\/06\\\/altin-kure-odulleri-sahiplerini-buldu\\\/#article\",\"isPartOf\":{\"@id\":\"https:\\\/\\\/kuzeyinsesi.org\\\/index.php\\\/2025\\\/01\\\/06\\\/altin-kure-odulleri-sahiplerini-buldu\\\/\"},\"author\":{\"name\":\"Kuzeyin Sesi\",\"@id\":\"https:\\\/\\\/kuzeyinsesi.org\\\/#\\\/schema\\\/person\\\/9f859689cdf01485597712386e37f5aa\"},\"headline\":\"Alt\u0131n K\u00fcre \u00d6d\u00fclleri sahiplerini buldu\",\"datePublished\":\"2025-01-06T09:42:43+00:00\",\"mainEntityOfPage\":{\"@id\":\"https:\\\/\\\/kuzeyinsesi.org\\\/index.php\\\/2025\\\/01\\\/06\\\/altin-kure-odulleri-sahiplerini-buldu\\\/\"},\"wordCount\":385,\"commentCount\":0,\"image\":{\"@id\":\"https:\\\/\\\/kuzeyinsesi.org\\\/index.php\\\/2025\\\/01\\\/06\\\/altin-kure-odulleri-sahiplerini-buldu\\\/#primaryimage\"},\"thumbnailUrl\":\"https:\\\/\\\/kuzeyinsesi.org\\\/wp-content\\\/uploads\\\/2025\\\/01\\\/altin-kure.webp.webp\",\"articleSection\":[\"Ya\u015fam\"],\"inLanguage\":\"tr\",\"potentialAction\":[{\"@type\":\"CommentAction\",\"name\":\"Comment\",\"target\":[\"https:\\\/\\\/kuzeyinsesi.org\\\/index.php\\\/2025\\\/01\\\/06\\\/altin-kure-odulleri-sahiplerini-buldu\\\/#respond\"]}]},{\"@type\":\"WebPage\",\"@id\":\"https:\\\/\\\/kuzeyinsesi.org\\\/index.php\\\/2025\\\/01\\\/06\\\/altin-kure-odulleri-sahiplerini-buldu\\\/\",\"url\":\"https:\\\/\\\/kuzeyinsesi.org\\\/index.php\\\/2025\\\/01\\\/06\\\/altin-kure-odulleri-sahiplerini-buldu\\\/\",\"name\":\"Alt\u0131n K\u00fcre \u00d6d\u00fclleri sahiplerini buldu - Kuzeyin Sesi\",\"isPartOf\":{\"@id\":\"https:\\\/\\\/kuzeyinsesi.org\\\/#website\"},\"primaryImageOfPage\":{\"@id\":\"https:\\\/\\\/kuzeyinsesi.org\\\/index.php\\\/2025\\\/01\\\/06\\\/altin-kure-odulleri-sahiplerini-buldu\\\/#primaryimage\"},\"image\":{\"@id\":\"https:\\\/\\\/kuzeyinsesi.org\\\/index.php\\\/2025\\\/01\\\/06\\\/altin-kure-odulleri-sahiplerini-buldu\\\/#primaryimage\"},\"thumbnailUrl\":\"https:\\\/\\\/kuzeyinsesi.org\\\/wp-content\\\/uploads\\\/2025\\\/01\\\/altin-kure.webp.webp\",\"datePublished\":\"2025-01-06T09:42:43+00:00\",\"author\":{\"@id\":\"https:\\\/\\\/kuzeyinsesi.org\\\/#\\\/schema\\\/person\\\/9f859689cdf01485597712386e37f5aa\"},\"breadcrumb\":{\"@id\":\"https:\\\/\\\/kuzeyinsesi.org\\\/index.php\\\/2025\\\/01\\\/06\\\/altin-kure-odulleri-sahiplerini-buldu\\\/#breadcrumb\"},\"inLanguage\":\"tr\",\"potentialAction\":[{\"@type\":\"ReadAction\",\"target\":[\"https:\\\/\\\/kuzeyinsesi.org\\\/index.php\\\/2025\\\/01\\\/06\\\/altin-kure-odulleri-sahiplerini-buldu\\\/\"]}]},{\"@type\":\"ImageObject\",\"inLanguage\":\"tr\",\"@id\":\"https:\\\/\\\/kuzeyinsesi.org\\\/index.php\\\/2025\\\/01\\\/06\\\/altin-kure-odulleri-sahiplerini-buldu\\\/#primaryimage\",\"url\":\"https:\\\/\\\/kuzeyinsesi.org\\\/wp-content\\\/uploads\\\/2025\\\/01\\\/altin-kure.webp.webp\",\"contentUrl\":\"https:\\\/\\\/kuzeyinsesi.org\\\/wp-content\\\/uploads\\\/2025\\\/01\\\/altin-kure.webp.webp\",\"width\":971,\"height\":551},{\"@type\":\"BreadcrumbList\",\"@id\":\"https:\\\/\\\/kuzeyinsesi.org\\\/index.php\\\/2025\\\/01\\\/06\\\/altin-kure-odulleri-sahiplerini-buldu\\\/#breadcrumb\",\"itemListElement\":[{\"@type\":\"ListItem\",\"position\":1,\"name\":\"Anasayfa\",\"item\":\"https:\\\/\\\/kuzeyinsesi.org\\\/\"},{\"@type\":\"ListItem\",\"position\":2,\"name\":\"Alt\u0131n K\u00fcre \u00d6d\u00fclleri sahiplerini buldu\"}]},{\"@type\":\"WebSite\",\"@id\":\"https:\\\/\\\/kuzeyinsesi.org\\\/#website\",\"url\":\"https:\\\/\\\/kuzeyinsesi.org\\\/\",\"name\":\"Kuzeyin Sesi\",\"description\":\"Do\u011fru Haberin Adresi\",\"potentialAction\":[{\"@type\":\"SearchAction\",\"target\":{\"@type\":\"EntryPoint\",\"urlTemplate\":\"https:\\\/\\\/kuzeyinsesi.org\\\/?s={search_term_string}\"},\"query-input\":{\"@type\":\"PropertyValueSpecification\",\"valueRequired\":true,\"valueName\":\"search_term_string\"}}],\"inLanguage\":\"tr\"},{\"@type\":\"Person\",\"@id\":\"https:\\\/\\\/kuzeyinsesi.org\\\/#\\\/schema\\\/person\\\/9f859689cdf01485597712386e37f5aa\",\"name\":\"Kuzeyin Sesi\",\"image\":{\"@type\":\"ImageObject\",\"inLanguage\":\"tr\",\"@id\":\"https:\\\/\\\/secure.gravatar.com\\\/avatar\\\/bab33852abfd8b282518d6ed81826833d77c3c882d9ab608add591ccace47a44?s=96&d=mm&r=g\",\"url\":\"https:\\\/\\\/secure.gravatar.com\\\/avatar\\\/bab33852abfd8b282518d6ed81826833d77c3c882d9ab608add591ccace47a44?s=96&d=mm&r=g\",\"contentUrl\":\"https:\\\/\\\/secure.gravatar.com\\\/avatar\\\/bab33852abfd8b282518d6ed81826833d77c3c882d9ab608add591ccace47a44?s=96&d=mm&r=g\",\"caption\":\"Kuzeyin Sesi\"},\"sameAs\":[\"https:\\\/\\\/kuzeyinsesi.org\"],\"url\":\"https:\\\/\\\/kuzeyinsesi.org\\\/index.php\\\/author\\\/guven\\\/\"}]}<\/script>\n<!-- \/ Yoast SEO plugin. -->","yoast_head_json":{"title":"Alt\u0131n K\u00fcre \u00d6d\u00fclleri sahiplerini buldu - Kuzeyin Sesi","robots":{"index":"index","follow":"follow","max-snippet":"max-snippet:-1","max-image-preview":"max-image-preview:large","max-video-preview":"max-video-preview:-1"},"canonical":"https:\/\/kuzeyinsesi.org\/index.php\/2025\/01\/06\/altin-kure-odulleri-sahiplerini-buldu\/","og_locale":"tr_TR","og_type":"article","og_title":"Alt\u0131n K\u00fcre \u00d6d\u00fclleri sahiplerini buldu - Kuzeyin Sesi","og_description":"ABD\u2019de Hollywood Yabanc\u0131 Bas\u0131n Birli\u011fi taraf\u0131ndan bu y\u0131l 82\u2019ncisi d\u00fczenlenen Alt\u0131n K\u00fcre \u00d6d\u00fclleri\u2019ni kazananlar a\u00e7\u0131kland\u0131. Komedyen Nikki Glaser\u2019in sunuculu\u011funu \u00fcstlendi\u011fi t\u00f6rene, Drama Dal\u0131nda En \u0130yi Film aday\u0131 \u201cThe Brutalist\u201d damgas\u0131n\u0131 vurdu. Bu y\u0131l\u0131n dikkati \u00e7eken yap\u0131mlar\u0131ndan biri olan Emilia Perez filmi de 10 adayl\u0131kla geceye en \u00e7ok adayl\u0131kla kat\u0131lan film olarak \u00f6ne \u00e7\u0131kt\u0131 ve d\u00f6rt [&hellip;]","og_url":"https:\/\/kuzeyinsesi.org\/index.php\/2025\/01\/06\/altin-kure-odulleri-sahiplerini-buldu\/","og_site_name":"Kuzeyin Sesi","article_publisher":"https:\/\/www.facebook.com\/kuzeyinsesii","article_published_time":"2025-01-06T09:42:43+00:00","og_image":[{"url":"https:\/\/brtk.net\/wp-content\/uploads\/2025\/01\/06\/altin-kure.webp?ver=0ec8ce6abf7e2c1f9072ca0c8e30e670","type":"","width":"","height":""}],"author":"Kuzeyin Sesi","twitter_card":"summary_large_image","twitter_creator":"@kuzeyinsesii","twitter_site":"@kuzeyinsesii","twitter_misc":{"Yazan:":"Kuzeyin Sesi","Tahmini okuma s\u00fcresi":"2 dakika"},"schema":{"@context":"https:\/\/schema.org","@graph":[{"@type":"Article","@id":"https:\/\/kuzeyinsesi.org\/index.php\/2025\/01\/06\/altin-kure-odulleri-sahiplerini-buldu\/#article","isPartOf":{"@id":"https:\/\/kuzeyinsesi.org\/index.php\/2025\/01\/06\/altin-kure-odulleri-sahiplerini-buldu\/"},"author":{"name":"Kuzeyin Sesi","@id":"https:\/\/kuzeyinsesi.org\/#\/schema\/person\/9f859689cdf01485597712386e37f5aa"},"headline":"Alt\u0131n K\u00fcre \u00d6d\u00fclleri sahiplerini buldu","datePublished":"2025-01-06T09:42:43+00:00","mainEntityOfPage":{"@id":"https:\/\/kuzeyinsesi.org\/index.php\/2025\/01\/06\/altin-kure-odulleri-sahiplerini-buldu\/"},"wordCount":385,"commentCount":0,"image":{"@id":"https:\/\/kuzeyinsesi.org\/index.php\/2025\/01\/06\/altin-kure-odulleri-sahiplerini-buldu\/#primaryimage"},"thumbnailUrl":"https:\/\/kuzeyinsesi.org\/wp-content\/uploads\/2025\/01\/altin-kure.webp.webp","articleSection":["Ya\u015fam"],"inLanguage":"tr","potentialAction":[{"@type":"CommentAction","name":"Comment","target":["https:\/\/kuzeyinsesi.org\/index.php\/2025\/01\/06\/altin-kure-odulleri-sahiplerini-buldu\/#respond"]}]},{"@type":"WebPage","@id":"https:\/\/kuzeyinsesi.org\/index.php\/2025\/01\/06\/altin-kure-odulleri-sahiplerini-buldu\/","url":"https:\/\/kuzeyinsesi.org\/index.php\/2025\/01\/06\/altin-kure-odulleri-sahiplerini-buldu\/","name":"Alt\u0131n K\u00fcre \u00d6d\u00fclleri sahiplerini buldu - Kuzeyin Sesi","isPartOf":{"@id":"https:\/\/kuzeyinsesi.org\/#website"},"primaryImageOfPage":{"@id":"https:\/\/kuzeyinsesi.org\/index.php\/2025\/01\/06\/altin-kure-odulleri-sahiplerini-buldu\/#primaryimage"},"image":{"@id":"https:\/\/kuzeyinsesi.org\/index.php\/2025\/01\/06\/altin-kure-odulleri-sahiplerini-buldu\/#primaryimage"},"thumbnailUrl":"https:\/\/kuzeyinsesi.org\/wp-content\/uploads\/2025\/01\/altin-kure.webp.webp","datePublished":"2025-01-06T09:42:43+00:00","author":{"@id":"https:\/\/kuzeyinsesi.org\/#\/schema\/person\/9f859689cdf01485597712386e37f5aa"},"breadcrumb":{"@id":"https:\/\/kuzeyinsesi.org\/index.php\/2025\/01\/06\/altin-kure-odulleri-sahiplerini-buldu\/#breadcrumb"},"inLanguage":"tr","potentialAction":[{"@type":"ReadAction","target":["https:\/\/kuzeyinsesi.org\/index.php\/2025\/01\/06\/altin-kure-odulleri-sahiplerini-buldu\/"]}]},{"@type":"ImageObject","inLanguage":"tr","@id":"https:\/\/kuzeyinsesi.org\/index.php\/2025\/01\/06\/altin-kure-odulleri-sahiplerini-buldu\/#primaryimage","url":"https:\/\/kuzeyinsesi.org\/wp-content\/uploads\/2025\/01\/altin-kure.webp.webp","contentUrl":"https:\/\/kuzeyinsesi.org\/wp-content\/uploads\/2025\/01\/altin-kure.webp.webp","width":971,"height":551},{"@type":"BreadcrumbList","@id":"https:\/\/kuzeyinsesi.org\/index.php\/2025\/01\/06\/altin-kure-odulleri-sahiplerini-buldu\/#breadcrumb","itemListElement":[{"@type":"ListItem","position":1,"name":"Anasayfa","item":"https:\/\/kuzeyinsesi.org\/"},{"@type":"ListItem","position":2,"name":"Alt\u0131n K\u00fcre \u00d6d\u00fclleri sahiplerini buldu"}]},{"@type":"WebSite","@id":"https:\/\/kuzeyinsesi.org\/#website","url":"https:\/\/kuzeyinsesi.org\/","name":"Kuzeyin Sesi","description":"Do\u011fru Haberin Adresi","potentialAction":[{"@type":"SearchAction","target":{"@type":"EntryPoint","urlTemplate":"https:\/\/kuzeyinsesi.org\/?s={search_term_string}"},"query-input":{"@type":"PropertyValueSpecification","valueRequired":true,"valueName":"search_term_string"}}],"inLanguage":"tr"},{"@type":"Person","@id":"https:\/\/kuzeyinsesi.org\/#\/schema\/person\/9f859689cdf01485597712386e37f5aa","name":"Kuzeyin Sesi","image":{"@type":"ImageObject","inLanguage":"tr","@id":"https:\/\/secure.gravatar.com\/avatar\/bab33852abfd8b282518d6ed81826833d77c3c882d9ab608add591ccace47a44?s=96&d=mm&r=g","url":"https:\/\/secure.gravatar.com\/avatar\/bab33852abfd8b282518d6ed81826833d77c3c882d9ab608add591ccace47a44?s=96&d=mm&r=g","contentUrl":"https:\/\/secure.gravatar.com\/avatar\/bab33852abfd8b282518d6ed81826833d77c3c882d9ab608add591ccace47a44?s=96&d=mm&r=g","caption":"Kuzeyin Sesi"},"sameAs":["https:\/\/kuzeyinsesi.org"],"url":"https:\/\/kuzeyinsesi.org\/index.php\/author\/guven\/"}]}},"_links":{"self":[{"href":"https:\/\/kuzeyinsesi.org\/index.php\/wp-json\/wp\/v2\/posts\/16810","targetHints":{"allow":["GET"]}}],"collection":[{"href":"https:\/\/kuzeyinsesi.org\/index.php\/wp-json\/wp\/v2\/posts"}],"about":[{"href":"https:\/\/kuzeyinsesi.org\/index.php\/wp-json\/wp\/v2\/types\/post"}],"author":[{"embeddable":true,"href":"https:\/\/kuzeyinsesi.org\/index.php\/wp-json\/wp\/v2\/users\/1"}],"replies":[{"embeddable":true,"href":"https:\/\/kuzeyinsesi.org\/index.php\/wp-json\/wp\/v2\/comments?post=16810"}],"version-history":[{"count":0,"href":"https:\/\/kuzeyinsesi.org\/index.php\/wp-json\/wp\/v2\/posts\/16810\/revisions"}],"wp:featuredmedia":[{"embeddable":true,"href":"https:\/\/kuzeyinsesi.org\/index.php\/wp-json\/wp\/v2\/media\/16811"}],"wp:attachment":[{"href":"https:\/\/kuzeyinsesi.org\/index.php\/wp-json\/wp\/v2\/media?parent=16810"}],"wp:term":[{"taxonomy":"category","embeddable":true,"href":"https:\/\/kuzeyinsesi.org\/index.php\/wp-json\/wp\/v2\/categories?post=16810"},{"taxonomy":"post_tag","embeddable":true,"href":"https:\/\/kuzeyinsesi.org\/index.php\/wp-json\/wp\/v2\/tags?post=16810"}],"curies":[{"name":"wp","href":"https:\/\/api.w.org\/{rel}","templated":true}]}}