{"id":1681,"date":"2024-05-08T12:43:31","date_gmt":"2024-05-08T09:43:31","guid":{"rendered":"https:\/\/kuzeyinsesi.com\/index.php\/2024\/05\/08\/1-ureten-kadinlar-sergisi-cuma-gunu-sanatseverlerle-bulusuyor\/"},"modified":"2024-05-08T12:43:31","modified_gmt":"2024-05-08T09:43:31","slug":"1-ureten-kadinlar-sergisi-cuma-gunu-sanatseverlerle-bulusuyor","status":"publish","type":"post","link":"https:\/\/kuzeyinsesi.org\/index.php\/2024\/05\/08\/1-ureten-kadinlar-sergisi-cuma-gunu-sanatseverlerle-bulusuyor\/","title":{"rendered":"\u201c 1. \u00dcreten Kad\u0131nlar Sergisi\u201d cuma g\u00fcn\u00fc sanatseverlerle bulu\u015fuyor"},"content":{"rendered":"<div>\n<div class=\"mariselle-image-container none\">\n                                            <\/div>\n<p>\u00a0\u201c1. \u00dcreten Kad\u0131nlar Sergisi\u201d cuma g\u00fcn\u00fc sanatseverlerle bulu\u015fuyor. \u00a0\u00a0<\/p>\n<p>Girne Belediyesi\u2019nden yap\u0131lan yaz\u0131l\u0131 a\u00e7\u0131klamaya g\u00f6re, 8 Mart D\u00fcnya Kad\u0131nlar G\u00fcn\u00fc\u2019nde Girne Belediyesi Sosyal \u0130\u015fler \u015eubesi \u00f6nc\u00fcl\u00fc\u011f\u00fcnde Nevin Halis koordinat\u00f6rl\u00fc\u011f\u00fcnde ilki d\u00fczenlenen \u201c1. \u00dcreten Kad\u0131n Sanat\u00e7\u0131lar Bulu\u015fmas\u0131\u201d kapsam\u0131nda haz\u0131rlanan eserler, cuma g\u00fcn\u00fc sergileniyor.<\/p>\n<p>Anneler G\u00fcn\u00fc\u2019ne \u00f6zel d\u00fczenlenen ve Girne Belediyesi Yeni Hizmet Binas\u0131\u2019nda saat 18.00\u2019de a\u00e7\u0131l\u0131\u015f kokteyliyle ba\u015flayacak sergi, 13-14-15-16 ve 17 May\u0131s tarihleri aras\u0131nda mesai saatlerinde ziyaret edilebilecek.<\/p>\n<p>Sergi, K\u0131br\u0131sl\u0131 kad\u0131n sanat\u00e7\u0131lar\u0131n \u00f6zg\u00fcn eserlerine ev sahipli\u011fi yapacak.<\/p>\n<p>Eserleri sergilenecek sanat\u00e7\u0131 isimleri \u015f\u00f6yle:<\/p>\n<p>\u201c\u0130nci Kansu, \u0130smet Tatar, Semral \u00d6ztan, Ay\u00e7a \u00c7a\u011flar, Bedia Kale, Birg\u00fcl Beyazy\u00fcz Gedik, Fatma \u00d6zok, Fatma \u00d6ztabay, Feza San\u0131var, I\u015f\u0131n Asvaro\u011flu, Mine Koruda\u011f, Nedime Yanaro\u011flu Beysoydan, Nilg\u00fcn G\u00fcney, Osmane Galal, \u00d6zge Y\u00fccesoy, \u00d6zlem Davulcu, \u00d6zlem Kuyucuo\u011fullar\u0131, Pervin \u00d6zge\u00e7en, Sinem Saydam, T\u00fclay Pirgal\u0131o\u011flu,\u00a0Ya\u011fmur Beste Kumlu, Z\u00fclal Karl\u0131ova.\u201d<\/p>\n<\/p><\/div>\n<p><script async\n                    defer\n                    crossorigin=\"anonymous\"\n                    src=\"https:\/\/connect.facebook.net\/tr_TR\/sdk.js#xfbml=1&#038;version=v3.3\"\n            ><\/script><\/p>\n","protected":false},"excerpt":{"rendered":"<p>\u00a0\u201c1. \u00dcreten Kad\u0131nlar Sergisi\u201d cuma g\u00fcn\u00fc sanatseverlerle bulu\u015fuyor. \u00a0\u00a0 Girne Belediyesi\u2019nden yap\u0131lan yaz\u0131l\u0131 a\u00e7\u0131klamaya g\u00f6re, 8 Mart D\u00fcnya Kad\u0131nlar G\u00fcn\u00fc\u2019nde Girne Belediyesi Sosyal \u0130\u015fler \u015eubesi \u00f6nc\u00fcl\u00fc\u011f\u00fcnde Nevin Halis koordinat\u00f6rl\u00fc\u011f\u00fcnde ilki d\u00fczenlenen \u201c1. \u00dcreten Kad\u0131n Sanat\u00e7\u0131lar Bulu\u015fmas\u0131\u201d kapsam\u0131nda haz\u0131rlanan eserler, cuma g\u00fcn\u00fc sergileniyor. Anneler G\u00fcn\u00fc\u2019ne \u00f6zel d\u00fczenlenen ve Girne Belediyesi Yeni Hizmet Binas\u0131\u2019nda saat 18.00\u2019de a\u00e7\u0131l\u0131\u015f [&hellip;]<\/p>\n","protected":false},"author":1,"featured_media":1682,"comment_status":"open","ping_status":"open","sticky":false,"template":"","format":"standard","meta":{"jnews-multi-image_gallery":[],"jnews_single_post":[],"jnews_primary_category":[],"jnews_social_meta":[],"jnews_override_counter":[],"footnotes":""},"categories":[6],"tags":[],"class_list":["post-1681","post","type-post","status-publish","format-standard","has-post-thumbnail","hentry","category-yasam"],"yoast_head":"<!-- This site is optimized with the Yoast SEO plugin v27.5 - https:\/\/yoast.com\/product\/yoast-seo-wordpress\/ -->\n<title>\u201c 1. \u00dcreten Kad\u0131nlar Sergisi\u201d cuma g\u00fcn\u00fc sanatseverlerle bulu\u015fuyor - Kuzeyin Sesi<\/title>\n<meta name=\"robots\" content=\"index, follow, max-snippet:-1, max-image-preview:large, max-video-preview:-1\" \/>\n<link rel=\"canonical\" href=\"https:\/\/kuzeyinsesi.org\/index.php\/2024\/05\/08\/1-ureten-kadinlar-sergisi-cuma-gunu-sanatseverlerle-bulusuyor\/\" \/>\n<meta property=\"og:locale\" content=\"tr_TR\" \/>\n<meta property=\"og:type\" content=\"article\" \/>\n<meta property=\"og:title\" content=\"\u201c 1. \u00dcreten Kad\u0131nlar Sergisi\u201d cuma g\u00fcn\u00fc sanatseverlerle bulu\u015fuyor - Kuzeyin Sesi\" \/>\n<meta property=\"og:description\" content=\"\u00a0\u201c1. \u00dcreten Kad\u0131nlar Sergisi\u201d cuma g\u00fcn\u00fc sanatseverlerle bulu\u015fuyor. \u00a0\u00a0 Girne Belediyesi\u2019nden yap\u0131lan yaz\u0131l\u0131 a\u00e7\u0131klamaya g\u00f6re, 8 Mart D\u00fcnya Kad\u0131nlar G\u00fcn\u00fc\u2019nde Girne Belediyesi Sosyal \u0130\u015fler \u015eubesi \u00f6nc\u00fcl\u00fc\u011f\u00fcnde Nevin Halis koordinat\u00f6rl\u00fc\u011f\u00fcnde ilki d\u00fczenlenen \u201c1. \u00dcreten Kad\u0131n Sanat\u00e7\u0131lar Bulu\u015fmas\u0131\u201d kapsam\u0131nda haz\u0131rlanan eserler, cuma g\u00fcn\u00fc sergileniyor. Anneler G\u00fcn\u00fc\u2019ne \u00f6zel d\u00fczenlenen ve Girne Belediyesi Yeni Hizmet Binas\u0131\u2019nda saat 18.00\u2019de a\u00e7\u0131l\u0131\u015f [&hellip;]\" \/>\n<meta property=\"og:url\" content=\"https:\/\/kuzeyinsesi.org\/index.php\/2024\/05\/08\/1-ureten-kadinlar-sergisi-cuma-gunu-sanatseverlerle-bulusuyor\/\" \/>\n<meta property=\"og:site_name\" content=\"Kuzeyin Sesi\" \/>\n<meta property=\"article:publisher\" content=\"https:\/\/www.facebook.com\/kuzeyinsesii\" \/>\n<meta property=\"article:published_time\" content=\"2024-05-08T09:43:31+00:00\" \/>\n<meta property=\"og:image\" content=\"https:\/\/kuzeyinsesi.org\/wp-content\/uploads\/2024\/05\/girne-belediyesi-sergi-1-.jpeg\" \/>\n\t<meta property=\"og:image:width\" content=\"1600\" \/>\n\t<meta property=\"og:image:height\" content=\"1600\" \/>\n\t<meta property=\"og:image:type\" content=\"image\/jpeg\" \/>\n<meta name=\"author\" content=\"Kuzeyin Sesi\" \/>\n<meta name=\"twitter:card\" content=\"summary_large_image\" \/>\n<meta name=\"twitter:creator\" content=\"@kuzeyinsesii\" \/>\n<meta name=\"twitter:site\" content=\"@kuzeyinsesii\" \/>\n<meta name=\"twitter:label1\" content=\"Yazan:\" \/>\n\t<meta name=\"twitter:data1\" content=\"Kuzeyin Sesi\" \/>\n\t<meta name=\"twitter:label2\" content=\"Tahmini okuma s\u00fcresi\" \/>\n\t<meta name=\"twitter:data2\" content=\"1 dakika\" \/>\n<script type=\"application\/ld+json\" class=\"yoast-schema-graph\">{\"@context\":\"https:\\\/\\\/schema.org\",\"@graph\":[{\"@type\":\"Article\",\"@id\":\"https:\\\/\\\/kuzeyinsesi.org\\\/index.php\\\/2024\\\/05\\\/08\\\/1-ureten-kadinlar-sergisi-cuma-gunu-sanatseverlerle-bulusuyor\\\/#article\",\"isPartOf\":{\"@id\":\"https:\\\/\\\/kuzeyinsesi.org\\\/index.php\\\/2024\\\/05\\\/08\\\/1-ureten-kadinlar-sergisi-cuma-gunu-sanatseverlerle-bulusuyor\\\/\"},\"author\":{\"name\":\"Kuzeyin Sesi\",\"@id\":\"https:\\\/\\\/kuzeyinsesi.org\\\/#\\\/schema\\\/person\\\/9f859689cdf01485597712386e37f5aa\"},\"headline\":\"\u201c 1. \u00dcreten Kad\u0131nlar Sergisi\u201d cuma g\u00fcn\u00fc sanatseverlerle bulu\u015fuyor\",\"datePublished\":\"2024-05-08T09:43:31+00:00\",\"mainEntityOfPage\":{\"@id\":\"https:\\\/\\\/kuzeyinsesi.org\\\/index.php\\\/2024\\\/05\\\/08\\\/1-ureten-kadinlar-sergisi-cuma-gunu-sanatseverlerle-bulusuyor\\\/\"},\"wordCount\":193,\"commentCount\":0,\"image\":{\"@id\":\"https:\\\/\\\/kuzeyinsesi.org\\\/index.php\\\/2024\\\/05\\\/08\\\/1-ureten-kadinlar-sergisi-cuma-gunu-sanatseverlerle-bulusuyor\\\/#primaryimage\"},\"thumbnailUrl\":\"https:\\\/\\\/kuzeyinsesi.org\\\/wp-content\\\/uploads\\\/2024\\\/05\\\/girne-belediyesi-sergi-1-.jpeg\",\"articleSection\":[\"Ya\u015fam\"],\"inLanguage\":\"tr\",\"potentialAction\":[{\"@type\":\"CommentAction\",\"name\":\"Comment\",\"target\":[\"https:\\\/\\\/kuzeyinsesi.org\\\/index.php\\\/2024\\\/05\\\/08\\\/1-ureten-kadinlar-sergisi-cuma-gunu-sanatseverlerle-bulusuyor\\\/#respond\"]}]},{\"@type\":\"WebPage\",\"@id\":\"https:\\\/\\\/kuzeyinsesi.org\\\/index.php\\\/2024\\\/05\\\/08\\\/1-ureten-kadinlar-sergisi-cuma-gunu-sanatseverlerle-bulusuyor\\\/\",\"url\":\"https:\\\/\\\/kuzeyinsesi.org\\\/index.php\\\/2024\\\/05\\\/08\\\/1-ureten-kadinlar-sergisi-cuma-gunu-sanatseverlerle-bulusuyor\\\/\",\"name\":\"\u201c 1. \u00dcreten Kad\u0131nlar Sergisi\u201d cuma g\u00fcn\u00fc sanatseverlerle bulu\u015fuyor - Kuzeyin Sesi\",\"isPartOf\":{\"@id\":\"https:\\\/\\\/kuzeyinsesi.org\\\/#website\"},\"primaryImageOfPage\":{\"@id\":\"https:\\\/\\\/kuzeyinsesi.org\\\/index.php\\\/2024\\\/05\\\/08\\\/1-ureten-kadinlar-sergisi-cuma-gunu-sanatseverlerle-bulusuyor\\\/#primaryimage\"},\"image\":{\"@id\":\"https:\\\/\\\/kuzeyinsesi.org\\\/index.php\\\/2024\\\/05\\\/08\\\/1-ureten-kadinlar-sergisi-cuma-gunu-sanatseverlerle-bulusuyor\\\/#primaryimage\"},\"thumbnailUrl\":\"https:\\\/\\\/kuzeyinsesi.org\\\/wp-content\\\/uploads\\\/2024\\\/05\\\/girne-belediyesi-sergi-1-.jpeg\",\"datePublished\":\"2024-05-08T09:43:31+00:00\",\"author\":{\"@id\":\"https:\\\/\\\/kuzeyinsesi.org\\\/#\\\/schema\\\/person\\\/9f859689cdf01485597712386e37f5aa\"},\"breadcrumb\":{\"@id\":\"https:\\\/\\\/kuzeyinsesi.org\\\/index.php\\\/2024\\\/05\\\/08\\\/1-ureten-kadinlar-sergisi-cuma-gunu-sanatseverlerle-bulusuyor\\\/#breadcrumb\"},\"inLanguage\":\"tr\",\"potentialAction\":[{\"@type\":\"ReadAction\",\"target\":[\"https:\\\/\\\/kuzeyinsesi.org\\\/index.php\\\/2024\\\/05\\\/08\\\/1-ureten-kadinlar-sergisi-cuma-gunu-sanatseverlerle-bulusuyor\\\/\"]}]},{\"@type\":\"ImageObject\",\"inLanguage\":\"tr\",\"@id\":\"https:\\\/\\\/kuzeyinsesi.org\\\/index.php\\\/2024\\\/05\\\/08\\\/1-ureten-kadinlar-sergisi-cuma-gunu-sanatseverlerle-bulusuyor\\\/#primaryimage\",\"url\":\"https:\\\/\\\/kuzeyinsesi.org\\\/wp-content\\\/uploads\\\/2024\\\/05\\\/girne-belediyesi-sergi-1-.jpeg\",\"contentUrl\":\"https:\\\/\\\/kuzeyinsesi.org\\\/wp-content\\\/uploads\\\/2024\\\/05\\\/girne-belediyesi-sergi-1-.jpeg\",\"width\":1600,\"height\":1600},{\"@type\":\"BreadcrumbList\",\"@id\":\"https:\\\/\\\/kuzeyinsesi.org\\\/index.php\\\/2024\\\/05\\\/08\\\/1-ureten-kadinlar-sergisi-cuma-gunu-sanatseverlerle-bulusuyor\\\/#breadcrumb\",\"itemListElement\":[{\"@type\":\"ListItem\",\"position\":1,\"name\":\"Anasayfa\",\"item\":\"https:\\\/\\\/kuzeyinsesi.org\\\/\"},{\"@type\":\"ListItem\",\"position\":2,\"name\":\"\u201c 1. \u00dcreten Kad\u0131nlar Sergisi\u201d cuma g\u00fcn\u00fc sanatseverlerle bulu\u015fuyor\"}]},{\"@type\":\"WebSite\",\"@id\":\"https:\\\/\\\/kuzeyinsesi.org\\\/#website\",\"url\":\"https:\\\/\\\/kuzeyinsesi.org\\\/\",\"name\":\"Kuzeyin Sesi\",\"description\":\"Do\u011fru Haberin Adresi\",\"potentialAction\":[{\"@type\":\"SearchAction\",\"target\":{\"@type\":\"EntryPoint\",\"urlTemplate\":\"https:\\\/\\\/kuzeyinsesi.org\\\/?s={search_term_string}\"},\"query-input\":{\"@type\":\"PropertyValueSpecification\",\"valueRequired\":true,\"valueName\":\"search_term_string\"}}],\"inLanguage\":\"tr\"},{\"@type\":\"Person\",\"@id\":\"https:\\\/\\\/kuzeyinsesi.org\\\/#\\\/schema\\\/person\\\/9f859689cdf01485597712386e37f5aa\",\"name\":\"Kuzeyin Sesi\",\"image\":{\"@type\":\"ImageObject\",\"inLanguage\":\"tr\",\"@id\":\"https:\\\/\\\/secure.gravatar.com\\\/avatar\\\/bab33852abfd8b282518d6ed81826833d77c3c882d9ab608add591ccace47a44?s=96&d=mm&r=g\",\"url\":\"https:\\\/\\\/secure.gravatar.com\\\/avatar\\\/bab33852abfd8b282518d6ed81826833d77c3c882d9ab608add591ccace47a44?s=96&d=mm&r=g\",\"contentUrl\":\"https:\\\/\\\/secure.gravatar.com\\\/avatar\\\/bab33852abfd8b282518d6ed81826833d77c3c882d9ab608add591ccace47a44?s=96&d=mm&r=g\",\"caption\":\"Kuzeyin Sesi\"},\"sameAs\":[\"https:\\\/\\\/kuzeyinsesi.org\"],\"url\":\"https:\\\/\\\/kuzeyinsesi.org\\\/index.php\\\/author\\\/guven\\\/\"}]}<\/script>\n<!-- \/ Yoast SEO plugin. -->","yoast_head_json":{"title":"\u201c 1. \u00dcreten Kad\u0131nlar Sergisi\u201d cuma g\u00fcn\u00fc sanatseverlerle bulu\u015fuyor - Kuzeyin Sesi","robots":{"index":"index","follow":"follow","max-snippet":"max-snippet:-1","max-image-preview":"max-image-preview:large","max-video-preview":"max-video-preview:-1"},"canonical":"https:\/\/kuzeyinsesi.org\/index.php\/2024\/05\/08\/1-ureten-kadinlar-sergisi-cuma-gunu-sanatseverlerle-bulusuyor\/","og_locale":"tr_TR","og_type":"article","og_title":"\u201c 1. \u00dcreten Kad\u0131nlar Sergisi\u201d cuma g\u00fcn\u00fc sanatseverlerle bulu\u015fuyor - Kuzeyin Sesi","og_description":"\u00a0\u201c1. \u00dcreten Kad\u0131nlar Sergisi\u201d cuma g\u00fcn\u00fc sanatseverlerle bulu\u015fuyor. \u00a0\u00a0 Girne Belediyesi\u2019nden yap\u0131lan yaz\u0131l\u0131 a\u00e7\u0131klamaya g\u00f6re, 8 Mart D\u00fcnya Kad\u0131nlar G\u00fcn\u00fc\u2019nde Girne Belediyesi Sosyal \u0130\u015fler \u015eubesi \u00f6nc\u00fcl\u00fc\u011f\u00fcnde Nevin Halis koordinat\u00f6rl\u00fc\u011f\u00fcnde ilki d\u00fczenlenen \u201c1. \u00dcreten Kad\u0131n Sanat\u00e7\u0131lar Bulu\u015fmas\u0131\u201d kapsam\u0131nda haz\u0131rlanan eserler, cuma g\u00fcn\u00fc sergileniyor. Anneler G\u00fcn\u00fc\u2019ne \u00f6zel d\u00fczenlenen ve Girne Belediyesi Yeni Hizmet Binas\u0131\u2019nda saat 18.00\u2019de a\u00e7\u0131l\u0131\u015f [&hellip;]","og_url":"https:\/\/kuzeyinsesi.org\/index.php\/2024\/05\/08\/1-ureten-kadinlar-sergisi-cuma-gunu-sanatseverlerle-bulusuyor\/","og_site_name":"Kuzeyin Sesi","article_publisher":"https:\/\/www.facebook.com\/kuzeyinsesii","article_published_time":"2024-05-08T09:43:31+00:00","og_image":[{"width":1600,"height":1600,"url":"https:\/\/kuzeyinsesi.org\/wp-content\/uploads\/2024\/05\/girne-belediyesi-sergi-1-.jpeg","type":"image\/jpeg"}],"author":"Kuzeyin Sesi","twitter_card":"summary_large_image","twitter_creator":"@kuzeyinsesii","twitter_site":"@kuzeyinsesii","twitter_misc":{"Yazan:":"Kuzeyin Sesi","Tahmini okuma s\u00fcresi":"1 dakika"},"schema":{"@context":"https:\/\/schema.org","@graph":[{"@type":"Article","@id":"https:\/\/kuzeyinsesi.org\/index.php\/2024\/05\/08\/1-ureten-kadinlar-sergisi-cuma-gunu-sanatseverlerle-bulusuyor\/#article","isPartOf":{"@id":"https:\/\/kuzeyinsesi.org\/index.php\/2024\/05\/08\/1-ureten-kadinlar-sergisi-cuma-gunu-sanatseverlerle-bulusuyor\/"},"author":{"name":"Kuzeyin Sesi","@id":"https:\/\/kuzeyinsesi.org\/#\/schema\/person\/9f859689cdf01485597712386e37f5aa"},"headline":"\u201c 1. \u00dcreten Kad\u0131nlar Sergisi\u201d cuma g\u00fcn\u00fc sanatseverlerle bulu\u015fuyor","datePublished":"2024-05-08T09:43:31+00:00","mainEntityOfPage":{"@id":"https:\/\/kuzeyinsesi.org\/index.php\/2024\/05\/08\/1-ureten-kadinlar-sergisi-cuma-gunu-sanatseverlerle-bulusuyor\/"},"wordCount":193,"commentCount":0,"image":{"@id":"https:\/\/kuzeyinsesi.org\/index.php\/2024\/05\/08\/1-ureten-kadinlar-sergisi-cuma-gunu-sanatseverlerle-bulusuyor\/#primaryimage"},"thumbnailUrl":"https:\/\/kuzeyinsesi.org\/wp-content\/uploads\/2024\/05\/girne-belediyesi-sergi-1-.jpeg","articleSection":["Ya\u015fam"],"inLanguage":"tr","potentialAction":[{"@type":"CommentAction","name":"Comment","target":["https:\/\/kuzeyinsesi.org\/index.php\/2024\/05\/08\/1-ureten-kadinlar-sergisi-cuma-gunu-sanatseverlerle-bulusuyor\/#respond"]}]},{"@type":"WebPage","@id":"https:\/\/kuzeyinsesi.org\/index.php\/2024\/05\/08\/1-ureten-kadinlar-sergisi-cuma-gunu-sanatseverlerle-bulusuyor\/","url":"https:\/\/kuzeyinsesi.org\/index.php\/2024\/05\/08\/1-ureten-kadinlar-sergisi-cuma-gunu-sanatseverlerle-bulusuyor\/","name":"\u201c 1. \u00dcreten Kad\u0131nlar Sergisi\u201d cuma g\u00fcn\u00fc sanatseverlerle bulu\u015fuyor - Kuzeyin Sesi","isPartOf":{"@id":"https:\/\/kuzeyinsesi.org\/#website"},"primaryImageOfPage":{"@id":"https:\/\/kuzeyinsesi.org\/index.php\/2024\/05\/08\/1-ureten-kadinlar-sergisi-cuma-gunu-sanatseverlerle-bulusuyor\/#primaryimage"},"image":{"@id":"https:\/\/kuzeyinsesi.org\/index.php\/2024\/05\/08\/1-ureten-kadinlar-sergisi-cuma-gunu-sanatseverlerle-bulusuyor\/#primaryimage"},"thumbnailUrl":"https:\/\/kuzeyinsesi.org\/wp-content\/uploads\/2024\/05\/girne-belediyesi-sergi-1-.jpeg","datePublished":"2024-05-08T09:43:31+00:00","author":{"@id":"https:\/\/kuzeyinsesi.org\/#\/schema\/person\/9f859689cdf01485597712386e37f5aa"},"breadcrumb":{"@id":"https:\/\/kuzeyinsesi.org\/index.php\/2024\/05\/08\/1-ureten-kadinlar-sergisi-cuma-gunu-sanatseverlerle-bulusuyor\/#breadcrumb"},"inLanguage":"tr","potentialAction":[{"@type":"ReadAction","target":["https:\/\/kuzeyinsesi.org\/index.php\/2024\/05\/08\/1-ureten-kadinlar-sergisi-cuma-gunu-sanatseverlerle-bulusuyor\/"]}]},{"@type":"ImageObject","inLanguage":"tr","@id":"https:\/\/kuzeyinsesi.org\/index.php\/2024\/05\/08\/1-ureten-kadinlar-sergisi-cuma-gunu-sanatseverlerle-bulusuyor\/#primaryimage","url":"https:\/\/kuzeyinsesi.org\/wp-content\/uploads\/2024\/05\/girne-belediyesi-sergi-1-.jpeg","contentUrl":"https:\/\/kuzeyinsesi.org\/wp-content\/uploads\/2024\/05\/girne-belediyesi-sergi-1-.jpeg","width":1600,"height":1600},{"@type":"BreadcrumbList","@id":"https:\/\/kuzeyinsesi.org\/index.php\/2024\/05\/08\/1-ureten-kadinlar-sergisi-cuma-gunu-sanatseverlerle-bulusuyor\/#breadcrumb","itemListElement":[{"@type":"ListItem","position":1,"name":"Anasayfa","item":"https:\/\/kuzeyinsesi.org\/"},{"@type":"ListItem","position":2,"name":"\u201c 1. \u00dcreten Kad\u0131nlar Sergisi\u201d cuma g\u00fcn\u00fc sanatseverlerle bulu\u015fuyor"}]},{"@type":"WebSite","@id":"https:\/\/kuzeyinsesi.org\/#website","url":"https:\/\/kuzeyinsesi.org\/","name":"Kuzeyin Sesi","description":"Do\u011fru Haberin Adresi","potentialAction":[{"@type":"SearchAction","target":{"@type":"EntryPoint","urlTemplate":"https:\/\/kuzeyinsesi.org\/?s={search_term_string}"},"query-input":{"@type":"PropertyValueSpecification","valueRequired":true,"valueName":"search_term_string"}}],"inLanguage":"tr"},{"@type":"Person","@id":"https:\/\/kuzeyinsesi.org\/#\/schema\/person\/9f859689cdf01485597712386e37f5aa","name":"Kuzeyin Sesi","image":{"@type":"ImageObject","inLanguage":"tr","@id":"https:\/\/secure.gravatar.com\/avatar\/bab33852abfd8b282518d6ed81826833d77c3c882d9ab608add591ccace47a44?s=96&d=mm&r=g","url":"https:\/\/secure.gravatar.com\/avatar\/bab33852abfd8b282518d6ed81826833d77c3c882d9ab608add591ccace47a44?s=96&d=mm&r=g","contentUrl":"https:\/\/secure.gravatar.com\/avatar\/bab33852abfd8b282518d6ed81826833d77c3c882d9ab608add591ccace47a44?s=96&d=mm&r=g","caption":"Kuzeyin Sesi"},"sameAs":["https:\/\/kuzeyinsesi.org"],"url":"https:\/\/kuzeyinsesi.org\/index.php\/author\/guven\/"}]}},"_links":{"self":[{"href":"https:\/\/kuzeyinsesi.org\/index.php\/wp-json\/wp\/v2\/posts\/1681","targetHints":{"allow":["GET"]}}],"collection":[{"href":"https:\/\/kuzeyinsesi.org\/index.php\/wp-json\/wp\/v2\/posts"}],"about":[{"href":"https:\/\/kuzeyinsesi.org\/index.php\/wp-json\/wp\/v2\/types\/post"}],"author":[{"embeddable":true,"href":"https:\/\/kuzeyinsesi.org\/index.php\/wp-json\/wp\/v2\/users\/1"}],"replies":[{"embeddable":true,"href":"https:\/\/kuzeyinsesi.org\/index.php\/wp-json\/wp\/v2\/comments?post=1681"}],"version-history":[{"count":0,"href":"https:\/\/kuzeyinsesi.org\/index.php\/wp-json\/wp\/v2\/posts\/1681\/revisions"}],"wp:featuredmedia":[{"embeddable":true,"href":"https:\/\/kuzeyinsesi.org\/index.php\/wp-json\/wp\/v2\/media\/1682"}],"wp:attachment":[{"href":"https:\/\/kuzeyinsesi.org\/index.php\/wp-json\/wp\/v2\/media?parent=1681"}],"wp:term":[{"taxonomy":"category","embeddable":true,"href":"https:\/\/kuzeyinsesi.org\/index.php\/wp-json\/wp\/v2\/categories?post=1681"},{"taxonomy":"post_tag","embeddable":true,"href":"https:\/\/kuzeyinsesi.org\/index.php\/wp-json\/wp\/v2\/tags?post=1681"}],"curies":[{"name":"wp","href":"https:\/\/api.w.org\/{rel}","templated":true}]}}