{"id":16795,"date":"2025-01-05T18:58:38","date_gmt":"2025-01-05T16:58:38","guid":{"rendered":"https:\/\/kuzeyinsesi.org\/index.php\/2025\/01\/05\/tc-cumhurbaskani-yardimcisi-yilmaz-2025te-dunya-ekonomisindeki-beklentileri-degerlendirdi\/"},"modified":"2025-01-05T18:58:38","modified_gmt":"2025-01-05T16:58:38","slug":"tc-cumhurbaskani-yardimcisi-yilmaz-2025te-dunya-ekonomisindeki-beklentileri-degerlendirdi","status":"publish","type":"post","link":"https:\/\/kuzeyinsesi.org\/index.php\/2025\/01\/05\/tc-cumhurbaskani-yardimcisi-yilmaz-2025te-dunya-ekonomisindeki-beklentileri-degerlendirdi\/","title":{"rendered":"TC Cumhurba\u015fkan\u0131 Yard\u0131mc\u0131s\u0131 Y\u0131lmaz, 2025\u2019te d\u00fcnya ekonomisindeki beklentileri de\u011ferlendirdi"},"content":{"rendered":"<div>\n<div class=\"mariselle-image-container none\">\n                                            <\/div>\n<p>T\u00fcrkiye Cumhurba\u015fkan\u0131 Yard\u0131mc\u0131s\u0131 Cevdet Y\u0131lmaz, 2025\u2019te d\u00fcnya ekonomisinde beklenen olumlu geli\u015fmelerin, T\u00fcrkiye\u2019nin ihracat potansiyelini y\u00fckseltece\u011fini, ithalat \u00fczerinde emtia kaynakl\u0131 ilave bask\u0131 olu\u015fturmayaca\u011f\u0131n\u0131, d\u0131\u015f finansman maliyetini d\u00fc\u015f\u00fcr\u00fcc\u00fc y\u00f6nde etkide bulunaca\u011f\u0131n\u0131 bildirdi.<\/p>\n<p>Y\u0131lmaz, sosyal medya hesab\u0131ndan, 2025\u2019te uluslararas\u0131 kurulu\u015flar\u0131n tahminlerinden hareketle d\u00fcnya ekonomisinde ger\u00e7ekle\u015fmesini bekledikleri olumlu geli\u015fmeler hakk\u0131nda de\u011ferlendirmelerde bulundu.<br \/>Ticaret ortaklar\u0131nda b\u00fcy\u00fcme h\u0131z\u0131n\u0131n nispi olarak artmas\u0131n\u0131n, 2024\u2019te y\u00fczde 2 olan oran\u0131n 2025\u2019te y\u00fczde 2,4\u2019e y\u00fckselmesinin, emtia fiyatlar\u0131n\u0131n \u0131l\u0131ml\u0131 seyretmesinin, ABD ve Avrupa Birli\u011fi (AB) ba\u015fta olmak \u00fczere geli\u015fmi\u015f ekonomilerde faiz indirim d\u00f6ng\u00fcs\u00fcn\u00fcn devam etmesinin beklendi\u011fini belirten Y\u0131lmaz, \u201cBu geli\u015fmeler, ihracat potansiyelimizi y\u00fckseltecek, ithalat\u0131m\u0131z \u00fczerinde emtia kaynakl\u0131 ilave bask\u0131 olu\u015fturmayacak, d\u0131\u015f finansman maliyetini d\u00fc\u015f\u00fcr\u00fcc\u00fc y\u00f6nde etkide bulunacakt\u0131r.\u201d ifadelerine yer verdi.<\/p>\n<p>Y\u0131lmaz, ABD ile \u00c7in aras\u0131nda ya\u015fanabilecek ticaret sava\u015flar\u0131 ve jeopolitik geli\u015fmelerin ise ba\u015fl\u0131ca belirsizlik unsurlar\u0131 olarak \u00f6ne \u00e7\u0131kt\u0131\u011f\u0131na i\u015faret ederek, \u015funlar\u0131 kaydetti:<\/p>\n<p>\u201cPolitikalar\u0131m\u0131z\u0131 hayata ge\u00e7irirken b\u00f6lgemizde ve d\u00fcnyada ya\u015fanacak ekonomik ve jeopolitik de\u011fi\u015fimleri yak\u0131ndan takip ederek, program\u0131m\u0131z\u0131n ana \u00e7er\u00e7evesi i\u00e7inde gerekli tedbirleri almaya devam edece\u011fiz.\u201d<\/p>\n<\/p><\/div>\n<p><script async\n                    defer\n                    crossorigin=\"anonymous\"\n                    src=\"https:\/\/connect.facebook.net\/tr_TR\/sdk.js#xfbml=1&#038;version=v3.3\"\n            ><\/script><\/p>\n","protected":false},"excerpt":{"rendered":"<p>T\u00fcrkiye Cumhurba\u015fkan\u0131 Yard\u0131mc\u0131s\u0131 Cevdet Y\u0131lmaz, 2025\u2019te d\u00fcnya ekonomisinde beklenen olumlu geli\u015fmelerin, T\u00fcrkiye\u2019nin ihracat potansiyelini y\u00fckseltece\u011fini, ithalat \u00fczerinde emtia kaynakl\u0131 ilave bask\u0131 olu\u015fturmayaca\u011f\u0131n\u0131, d\u0131\u015f finansman maliyetini d\u00fc\u015f\u00fcr\u00fcc\u00fc y\u00f6nde etkide bulunaca\u011f\u0131n\u0131 bildirdi. Y\u0131lmaz, sosyal medya hesab\u0131ndan, 2025\u2019te uluslararas\u0131 kurulu\u015flar\u0131n tahminlerinden hareketle d\u00fcnya ekonomisinde ger\u00e7ekle\u015fmesini bekledikleri olumlu geli\u015fmeler hakk\u0131nda de\u011ferlendirmelerde bulundu.Ticaret ortaklar\u0131nda b\u00fcy\u00fcme h\u0131z\u0131n\u0131n nispi olarak artmas\u0131n\u0131n, 2024\u2019te [&hellip;]<\/p>\n","protected":false},"author":1,"featured_media":16796,"comment_status":"open","ping_status":"open","sticky":false,"template":"","format":"standard","meta":{"jnews-multi-image_gallery":[],"jnews_single_post":[],"jnews_primary_category":[],"jnews_social_meta":[],"jnews_override_counter":[],"footnotes":""},"categories":[5],"tags":[],"class_list":["post-16795","post","type-post","status-publish","format-standard","has-post-thumbnail","hentry","category-turkiye"],"yoast_head":"<!-- This site is optimized with the Yoast SEO plugin v27.4 - https:\/\/yoast.com\/product\/yoast-seo-wordpress\/ -->\n<title>TC Cumhurba\u015fkan\u0131 Yard\u0131mc\u0131s\u0131 Y\u0131lmaz, 2025\u2019te d\u00fcnya ekonomisindeki beklentileri de\u011ferlendirdi - Kuzeyin Sesi<\/title>\n<meta name=\"robots\" content=\"index, follow, max-snippet:-1, max-image-preview:large, max-video-preview:-1\" \/>\n<link rel=\"canonical\" href=\"https:\/\/kuzeyinsesi.org\/index.php\/2025\/01\/05\/tc-cumhurbaskani-yardimcisi-yilmaz-2025te-dunya-ekonomisindeki-beklentileri-degerlendirdi\/\" \/>\n<meta property=\"og:locale\" content=\"tr_TR\" \/>\n<meta property=\"og:type\" content=\"article\" \/>\n<meta property=\"og:title\" content=\"TC Cumhurba\u015fkan\u0131 Yard\u0131mc\u0131s\u0131 Y\u0131lmaz, 2025\u2019te d\u00fcnya ekonomisindeki beklentileri de\u011ferlendirdi - Kuzeyin Sesi\" \/>\n<meta property=\"og:description\" content=\"T\u00fcrkiye Cumhurba\u015fkan\u0131 Yard\u0131mc\u0131s\u0131 Cevdet Y\u0131lmaz, 2025\u2019te d\u00fcnya ekonomisinde beklenen olumlu geli\u015fmelerin, T\u00fcrkiye\u2019nin ihracat potansiyelini y\u00fckseltece\u011fini, ithalat \u00fczerinde emtia kaynakl\u0131 ilave bask\u0131 olu\u015fturmayaca\u011f\u0131n\u0131, d\u0131\u015f finansman maliyetini d\u00fc\u015f\u00fcr\u00fcc\u00fc y\u00f6nde etkide bulunaca\u011f\u0131n\u0131 bildirdi. Y\u0131lmaz, sosyal medya hesab\u0131ndan, 2025\u2019te uluslararas\u0131 kurulu\u015flar\u0131n tahminlerinden hareketle d\u00fcnya ekonomisinde ger\u00e7ekle\u015fmesini bekledikleri olumlu geli\u015fmeler hakk\u0131nda de\u011ferlendirmelerde bulundu.Ticaret ortaklar\u0131nda b\u00fcy\u00fcme h\u0131z\u0131n\u0131n nispi olarak artmas\u0131n\u0131n, 2024\u2019te [&hellip;]\" \/>\n<meta property=\"og:url\" content=\"https:\/\/kuzeyinsesi.org\/index.php\/2025\/01\/05\/tc-cumhurbaskani-yardimcisi-yilmaz-2025te-dunya-ekonomisindeki-beklentileri-degerlendirdi\/\" \/>\n<meta property=\"og:site_name\" content=\"Kuzeyin Sesi\" \/>\n<meta property=\"article:publisher\" content=\"https:\/\/www.facebook.com\/kuzeyinsesii\" \/>\n<meta property=\"article:published_time\" content=\"2025-01-05T16:58:38+00:00\" \/>\n<meta property=\"og:image\" content=\"https:\/\/brtk.net\/wp-content\/uploads\/2025\/01\/05\/yilmaz.jpg?ver=6f9dd199ed8176f50e7fbf3e970a1e9f\" \/>\n<meta name=\"author\" content=\"Kuzeyin Sesi\" \/>\n<meta name=\"twitter:card\" content=\"summary_large_image\" \/>\n<meta name=\"twitter:creator\" content=\"@kuzeyinsesii\" \/>\n<meta name=\"twitter:site\" content=\"@kuzeyinsesii\" \/>\n<meta name=\"twitter:label1\" content=\"Yazan:\" \/>\n\t<meta name=\"twitter:data1\" content=\"Kuzeyin Sesi\" \/>\n\t<meta name=\"twitter:label2\" content=\"Tahmini okuma s\u00fcresi\" \/>\n\t<meta name=\"twitter:data2\" content=\"1 dakika\" \/>\n<script type=\"application\/ld+json\" class=\"yoast-schema-graph\">{\"@context\":\"https:\\\/\\\/schema.org\",\"@graph\":[{\"@type\":\"Article\",\"@id\":\"https:\\\/\\\/kuzeyinsesi.org\\\/index.php\\\/2025\\\/01\\\/05\\\/tc-cumhurbaskani-yardimcisi-yilmaz-2025te-dunya-ekonomisindeki-beklentileri-degerlendirdi\\\/#article\",\"isPartOf\":{\"@id\":\"https:\\\/\\\/kuzeyinsesi.org\\\/index.php\\\/2025\\\/01\\\/05\\\/tc-cumhurbaskani-yardimcisi-yilmaz-2025te-dunya-ekonomisindeki-beklentileri-degerlendirdi\\\/\"},\"author\":{\"name\":\"Kuzeyin Sesi\",\"@id\":\"https:\\\/\\\/kuzeyinsesi.org\\\/#\\\/schema\\\/person\\\/9f859689cdf01485597712386e37f5aa\"},\"headline\":\"TC Cumhurba\u015fkan\u0131 Yard\u0131mc\u0131s\u0131 Y\u0131lmaz, 2025\u2019te d\u00fcnya ekonomisindeki beklentileri de\u011ferlendirdi\",\"datePublished\":\"2025-01-05T16:58:38+00:00\",\"mainEntityOfPage\":{\"@id\":\"https:\\\/\\\/kuzeyinsesi.org\\\/index.php\\\/2025\\\/01\\\/05\\\/tc-cumhurbaskani-yardimcisi-yilmaz-2025te-dunya-ekonomisindeki-beklentileri-degerlendirdi\\\/\"},\"wordCount\":251,\"commentCount\":0,\"image\":{\"@id\":\"https:\\\/\\\/kuzeyinsesi.org\\\/index.php\\\/2025\\\/01\\\/05\\\/tc-cumhurbaskani-yardimcisi-yilmaz-2025te-dunya-ekonomisindeki-beklentileri-degerlendirdi\\\/#primaryimage\"},\"thumbnailUrl\":\"https:\\\/\\\/kuzeyinsesi.org\\\/wp-content\\\/uploads\\\/2025\\\/01\\\/yilmaz.jpg\",\"articleSection\":[\"T\u00fcrkiye\"],\"inLanguage\":\"tr\",\"potentialAction\":[{\"@type\":\"CommentAction\",\"name\":\"Comment\",\"target\":[\"https:\\\/\\\/kuzeyinsesi.org\\\/index.php\\\/2025\\\/01\\\/05\\\/tc-cumhurbaskani-yardimcisi-yilmaz-2025te-dunya-ekonomisindeki-beklentileri-degerlendirdi\\\/#respond\"]}]},{\"@type\":\"WebPage\",\"@id\":\"https:\\\/\\\/kuzeyinsesi.org\\\/index.php\\\/2025\\\/01\\\/05\\\/tc-cumhurbaskani-yardimcisi-yilmaz-2025te-dunya-ekonomisindeki-beklentileri-degerlendirdi\\\/\",\"url\":\"https:\\\/\\\/kuzeyinsesi.org\\\/index.php\\\/2025\\\/01\\\/05\\\/tc-cumhurbaskani-yardimcisi-yilmaz-2025te-dunya-ekonomisindeki-beklentileri-degerlendirdi\\\/\",\"name\":\"TC Cumhurba\u015fkan\u0131 Yard\u0131mc\u0131s\u0131 Y\u0131lmaz, 2025\u2019te d\u00fcnya ekonomisindeki beklentileri de\u011ferlendirdi - Kuzeyin Sesi\",\"isPartOf\":{\"@id\":\"https:\\\/\\\/kuzeyinsesi.org\\\/#website\"},\"primaryImageOfPage\":{\"@id\":\"https:\\\/\\\/kuzeyinsesi.org\\\/index.php\\\/2025\\\/01\\\/05\\\/tc-cumhurbaskani-yardimcisi-yilmaz-2025te-dunya-ekonomisindeki-beklentileri-degerlendirdi\\\/#primaryimage\"},\"image\":{\"@id\":\"https:\\\/\\\/kuzeyinsesi.org\\\/index.php\\\/2025\\\/01\\\/05\\\/tc-cumhurbaskani-yardimcisi-yilmaz-2025te-dunya-ekonomisindeki-beklentileri-degerlendirdi\\\/#primaryimage\"},\"thumbnailUrl\":\"https:\\\/\\\/kuzeyinsesi.org\\\/wp-content\\\/uploads\\\/2025\\\/01\\\/yilmaz.jpg\",\"datePublished\":\"2025-01-05T16:58:38+00:00\",\"author\":{\"@id\":\"https:\\\/\\\/kuzeyinsesi.org\\\/#\\\/schema\\\/person\\\/9f859689cdf01485597712386e37f5aa\"},\"breadcrumb\":{\"@id\":\"https:\\\/\\\/kuzeyinsesi.org\\\/index.php\\\/2025\\\/01\\\/05\\\/tc-cumhurbaskani-yardimcisi-yilmaz-2025te-dunya-ekonomisindeki-beklentileri-degerlendirdi\\\/#breadcrumb\"},\"inLanguage\":\"tr\",\"potentialAction\":[{\"@type\":\"ReadAction\",\"target\":[\"https:\\\/\\\/kuzeyinsesi.org\\\/index.php\\\/2025\\\/01\\\/05\\\/tc-cumhurbaskani-yardimcisi-yilmaz-2025te-dunya-ekonomisindeki-beklentileri-degerlendirdi\\\/\"]}]},{\"@type\":\"ImageObject\",\"inLanguage\":\"tr\",\"@id\":\"https:\\\/\\\/kuzeyinsesi.org\\\/index.php\\\/2025\\\/01\\\/05\\\/tc-cumhurbaskani-yardimcisi-yilmaz-2025te-dunya-ekonomisindeki-beklentileri-degerlendirdi\\\/#primaryimage\",\"url\":\"https:\\\/\\\/kuzeyinsesi.org\\\/wp-content\\\/uploads\\\/2025\\\/01\\\/yilmaz.jpg\",\"contentUrl\":\"https:\\\/\\\/kuzeyinsesi.org\\\/wp-content\\\/uploads\\\/2025\\\/01\\\/yilmaz.jpg\",\"width\":864,\"height\":486},{\"@type\":\"BreadcrumbList\",\"@id\":\"https:\\\/\\\/kuzeyinsesi.org\\\/index.php\\\/2025\\\/01\\\/05\\\/tc-cumhurbaskani-yardimcisi-yilmaz-2025te-dunya-ekonomisindeki-beklentileri-degerlendirdi\\\/#breadcrumb\",\"itemListElement\":[{\"@type\":\"ListItem\",\"position\":1,\"name\":\"Anasayfa\",\"item\":\"https:\\\/\\\/kuzeyinsesi.org\\\/\"},{\"@type\":\"ListItem\",\"position\":2,\"name\":\"TC Cumhurba\u015fkan\u0131 Yard\u0131mc\u0131s\u0131 Y\u0131lmaz, 2025\u2019te d\u00fcnya ekonomisindeki beklentileri de\u011ferlendirdi\"}]},{\"@type\":\"WebSite\",\"@id\":\"https:\\\/\\\/kuzeyinsesi.org\\\/#website\",\"url\":\"https:\\\/\\\/kuzeyinsesi.org\\\/\",\"name\":\"Kuzeyin Sesi\",\"description\":\"Do\u011fru Haberin Adresi\",\"potentialAction\":[{\"@type\":\"SearchAction\",\"target\":{\"@type\":\"EntryPoint\",\"urlTemplate\":\"https:\\\/\\\/kuzeyinsesi.org\\\/?s={search_term_string}\"},\"query-input\":{\"@type\":\"PropertyValueSpecification\",\"valueRequired\":true,\"valueName\":\"search_term_string\"}}],\"inLanguage\":\"tr\"},{\"@type\":\"Person\",\"@id\":\"https:\\\/\\\/kuzeyinsesi.org\\\/#\\\/schema\\\/person\\\/9f859689cdf01485597712386e37f5aa\",\"name\":\"Kuzeyin Sesi\",\"image\":{\"@type\":\"ImageObject\",\"inLanguage\":\"tr\",\"@id\":\"https:\\\/\\\/secure.gravatar.com\\\/avatar\\\/bab33852abfd8b282518d6ed81826833d77c3c882d9ab608add591ccace47a44?s=96&d=mm&r=g\",\"url\":\"https:\\\/\\\/secure.gravatar.com\\\/avatar\\\/bab33852abfd8b282518d6ed81826833d77c3c882d9ab608add591ccace47a44?s=96&d=mm&r=g\",\"contentUrl\":\"https:\\\/\\\/secure.gravatar.com\\\/avatar\\\/bab33852abfd8b282518d6ed81826833d77c3c882d9ab608add591ccace47a44?s=96&d=mm&r=g\",\"caption\":\"Kuzeyin Sesi\"},\"sameAs\":[\"https:\\\/\\\/kuzeyinsesi.org\"],\"url\":\"https:\\\/\\\/kuzeyinsesi.org\\\/index.php\\\/author\\\/guven\\\/\"}]}<\/script>\n<!-- \/ Yoast SEO plugin. -->","yoast_head_json":{"title":"TC Cumhurba\u015fkan\u0131 Yard\u0131mc\u0131s\u0131 Y\u0131lmaz, 2025\u2019te d\u00fcnya ekonomisindeki beklentileri de\u011ferlendirdi - Kuzeyin Sesi","robots":{"index":"index","follow":"follow","max-snippet":"max-snippet:-1","max-image-preview":"max-image-preview:large","max-video-preview":"max-video-preview:-1"},"canonical":"https:\/\/kuzeyinsesi.org\/index.php\/2025\/01\/05\/tc-cumhurbaskani-yardimcisi-yilmaz-2025te-dunya-ekonomisindeki-beklentileri-degerlendirdi\/","og_locale":"tr_TR","og_type":"article","og_title":"TC Cumhurba\u015fkan\u0131 Yard\u0131mc\u0131s\u0131 Y\u0131lmaz, 2025\u2019te d\u00fcnya ekonomisindeki beklentileri de\u011ferlendirdi - Kuzeyin Sesi","og_description":"T\u00fcrkiye Cumhurba\u015fkan\u0131 Yard\u0131mc\u0131s\u0131 Cevdet Y\u0131lmaz, 2025\u2019te d\u00fcnya ekonomisinde beklenen olumlu geli\u015fmelerin, T\u00fcrkiye\u2019nin ihracat potansiyelini y\u00fckseltece\u011fini, ithalat \u00fczerinde emtia kaynakl\u0131 ilave bask\u0131 olu\u015fturmayaca\u011f\u0131n\u0131, d\u0131\u015f finansman maliyetini d\u00fc\u015f\u00fcr\u00fcc\u00fc y\u00f6nde etkide bulunaca\u011f\u0131n\u0131 bildirdi. Y\u0131lmaz, sosyal medya hesab\u0131ndan, 2025\u2019te uluslararas\u0131 kurulu\u015flar\u0131n tahminlerinden hareketle d\u00fcnya ekonomisinde ger\u00e7ekle\u015fmesini bekledikleri olumlu geli\u015fmeler hakk\u0131nda de\u011ferlendirmelerde bulundu.Ticaret ortaklar\u0131nda b\u00fcy\u00fcme h\u0131z\u0131n\u0131n nispi olarak artmas\u0131n\u0131n, 2024\u2019te [&hellip;]","og_url":"https:\/\/kuzeyinsesi.org\/index.php\/2025\/01\/05\/tc-cumhurbaskani-yardimcisi-yilmaz-2025te-dunya-ekonomisindeki-beklentileri-degerlendirdi\/","og_site_name":"Kuzeyin Sesi","article_publisher":"https:\/\/www.facebook.com\/kuzeyinsesii","article_published_time":"2025-01-05T16:58:38+00:00","og_image":[{"url":"https:\/\/brtk.net\/wp-content\/uploads\/2025\/01\/05\/yilmaz.jpg?ver=6f9dd199ed8176f50e7fbf3e970a1e9f","type":"","width":"","height":""}],"author":"Kuzeyin Sesi","twitter_card":"summary_large_image","twitter_creator":"@kuzeyinsesii","twitter_site":"@kuzeyinsesii","twitter_misc":{"Yazan:":"Kuzeyin Sesi","Tahmini okuma s\u00fcresi":"1 dakika"},"schema":{"@context":"https:\/\/schema.org","@graph":[{"@type":"Article","@id":"https:\/\/kuzeyinsesi.org\/index.php\/2025\/01\/05\/tc-cumhurbaskani-yardimcisi-yilmaz-2025te-dunya-ekonomisindeki-beklentileri-degerlendirdi\/#article","isPartOf":{"@id":"https:\/\/kuzeyinsesi.org\/index.php\/2025\/01\/05\/tc-cumhurbaskani-yardimcisi-yilmaz-2025te-dunya-ekonomisindeki-beklentileri-degerlendirdi\/"},"author":{"name":"Kuzeyin Sesi","@id":"https:\/\/kuzeyinsesi.org\/#\/schema\/person\/9f859689cdf01485597712386e37f5aa"},"headline":"TC Cumhurba\u015fkan\u0131 Yard\u0131mc\u0131s\u0131 Y\u0131lmaz, 2025\u2019te d\u00fcnya ekonomisindeki beklentileri de\u011ferlendirdi","datePublished":"2025-01-05T16:58:38+00:00","mainEntityOfPage":{"@id":"https:\/\/kuzeyinsesi.org\/index.php\/2025\/01\/05\/tc-cumhurbaskani-yardimcisi-yilmaz-2025te-dunya-ekonomisindeki-beklentileri-degerlendirdi\/"},"wordCount":251,"commentCount":0,"image":{"@id":"https:\/\/kuzeyinsesi.org\/index.php\/2025\/01\/05\/tc-cumhurbaskani-yardimcisi-yilmaz-2025te-dunya-ekonomisindeki-beklentileri-degerlendirdi\/#primaryimage"},"thumbnailUrl":"https:\/\/kuzeyinsesi.org\/wp-content\/uploads\/2025\/01\/yilmaz.jpg","articleSection":["T\u00fcrkiye"],"inLanguage":"tr","potentialAction":[{"@type":"CommentAction","name":"Comment","target":["https:\/\/kuzeyinsesi.org\/index.php\/2025\/01\/05\/tc-cumhurbaskani-yardimcisi-yilmaz-2025te-dunya-ekonomisindeki-beklentileri-degerlendirdi\/#respond"]}]},{"@type":"WebPage","@id":"https:\/\/kuzeyinsesi.org\/index.php\/2025\/01\/05\/tc-cumhurbaskani-yardimcisi-yilmaz-2025te-dunya-ekonomisindeki-beklentileri-degerlendirdi\/","url":"https:\/\/kuzeyinsesi.org\/index.php\/2025\/01\/05\/tc-cumhurbaskani-yardimcisi-yilmaz-2025te-dunya-ekonomisindeki-beklentileri-degerlendirdi\/","name":"TC Cumhurba\u015fkan\u0131 Yard\u0131mc\u0131s\u0131 Y\u0131lmaz, 2025\u2019te d\u00fcnya ekonomisindeki beklentileri de\u011ferlendirdi - Kuzeyin Sesi","isPartOf":{"@id":"https:\/\/kuzeyinsesi.org\/#website"},"primaryImageOfPage":{"@id":"https:\/\/kuzeyinsesi.org\/index.php\/2025\/01\/05\/tc-cumhurbaskani-yardimcisi-yilmaz-2025te-dunya-ekonomisindeki-beklentileri-degerlendirdi\/#primaryimage"},"image":{"@id":"https:\/\/kuzeyinsesi.org\/index.php\/2025\/01\/05\/tc-cumhurbaskani-yardimcisi-yilmaz-2025te-dunya-ekonomisindeki-beklentileri-degerlendirdi\/#primaryimage"},"thumbnailUrl":"https:\/\/kuzeyinsesi.org\/wp-content\/uploads\/2025\/01\/yilmaz.jpg","datePublished":"2025-01-05T16:58:38+00:00","author":{"@id":"https:\/\/kuzeyinsesi.org\/#\/schema\/person\/9f859689cdf01485597712386e37f5aa"},"breadcrumb":{"@id":"https:\/\/kuzeyinsesi.org\/index.php\/2025\/01\/05\/tc-cumhurbaskani-yardimcisi-yilmaz-2025te-dunya-ekonomisindeki-beklentileri-degerlendirdi\/#breadcrumb"},"inLanguage":"tr","potentialAction":[{"@type":"ReadAction","target":["https:\/\/kuzeyinsesi.org\/index.php\/2025\/01\/05\/tc-cumhurbaskani-yardimcisi-yilmaz-2025te-dunya-ekonomisindeki-beklentileri-degerlendirdi\/"]}]},{"@type":"ImageObject","inLanguage":"tr","@id":"https:\/\/kuzeyinsesi.org\/index.php\/2025\/01\/05\/tc-cumhurbaskani-yardimcisi-yilmaz-2025te-dunya-ekonomisindeki-beklentileri-degerlendirdi\/#primaryimage","url":"https:\/\/kuzeyinsesi.org\/wp-content\/uploads\/2025\/01\/yilmaz.jpg","contentUrl":"https:\/\/kuzeyinsesi.org\/wp-content\/uploads\/2025\/01\/yilmaz.jpg","width":864,"height":486},{"@type":"BreadcrumbList","@id":"https:\/\/kuzeyinsesi.org\/index.php\/2025\/01\/05\/tc-cumhurbaskani-yardimcisi-yilmaz-2025te-dunya-ekonomisindeki-beklentileri-degerlendirdi\/#breadcrumb","itemListElement":[{"@type":"ListItem","position":1,"name":"Anasayfa","item":"https:\/\/kuzeyinsesi.org\/"},{"@type":"ListItem","position":2,"name":"TC Cumhurba\u015fkan\u0131 Yard\u0131mc\u0131s\u0131 Y\u0131lmaz, 2025\u2019te d\u00fcnya ekonomisindeki beklentileri de\u011ferlendirdi"}]},{"@type":"WebSite","@id":"https:\/\/kuzeyinsesi.org\/#website","url":"https:\/\/kuzeyinsesi.org\/","name":"Kuzeyin Sesi","description":"Do\u011fru Haberin Adresi","potentialAction":[{"@type":"SearchAction","target":{"@type":"EntryPoint","urlTemplate":"https:\/\/kuzeyinsesi.org\/?s={search_term_string}"},"query-input":{"@type":"PropertyValueSpecification","valueRequired":true,"valueName":"search_term_string"}}],"inLanguage":"tr"},{"@type":"Person","@id":"https:\/\/kuzeyinsesi.org\/#\/schema\/person\/9f859689cdf01485597712386e37f5aa","name":"Kuzeyin Sesi","image":{"@type":"ImageObject","inLanguage":"tr","@id":"https:\/\/secure.gravatar.com\/avatar\/bab33852abfd8b282518d6ed81826833d77c3c882d9ab608add591ccace47a44?s=96&d=mm&r=g","url":"https:\/\/secure.gravatar.com\/avatar\/bab33852abfd8b282518d6ed81826833d77c3c882d9ab608add591ccace47a44?s=96&d=mm&r=g","contentUrl":"https:\/\/secure.gravatar.com\/avatar\/bab33852abfd8b282518d6ed81826833d77c3c882d9ab608add591ccace47a44?s=96&d=mm&r=g","caption":"Kuzeyin Sesi"},"sameAs":["https:\/\/kuzeyinsesi.org"],"url":"https:\/\/kuzeyinsesi.org\/index.php\/author\/guven\/"}]}},"_links":{"self":[{"href":"https:\/\/kuzeyinsesi.org\/index.php\/wp-json\/wp\/v2\/posts\/16795","targetHints":{"allow":["GET"]}}],"collection":[{"href":"https:\/\/kuzeyinsesi.org\/index.php\/wp-json\/wp\/v2\/posts"}],"about":[{"href":"https:\/\/kuzeyinsesi.org\/index.php\/wp-json\/wp\/v2\/types\/post"}],"author":[{"embeddable":true,"href":"https:\/\/kuzeyinsesi.org\/index.php\/wp-json\/wp\/v2\/users\/1"}],"replies":[{"embeddable":true,"href":"https:\/\/kuzeyinsesi.org\/index.php\/wp-json\/wp\/v2\/comments?post=16795"}],"version-history":[{"count":0,"href":"https:\/\/kuzeyinsesi.org\/index.php\/wp-json\/wp\/v2\/posts\/16795\/revisions"}],"wp:featuredmedia":[{"embeddable":true,"href":"https:\/\/kuzeyinsesi.org\/index.php\/wp-json\/wp\/v2\/media\/16796"}],"wp:attachment":[{"href":"https:\/\/kuzeyinsesi.org\/index.php\/wp-json\/wp\/v2\/media?parent=16795"}],"wp:term":[{"taxonomy":"category","embeddable":true,"href":"https:\/\/kuzeyinsesi.org\/index.php\/wp-json\/wp\/v2\/categories?post=16795"},{"taxonomy":"post_tag","embeddable":true,"href":"https:\/\/kuzeyinsesi.org\/index.php\/wp-json\/wp\/v2\/tags?post=16795"}],"curies":[{"name":"wp","href":"https:\/\/api.w.org\/{rel}","templated":true}]}}