{"id":16771,"date":"2025-01-04T12:57:57","date_gmt":"2025-01-04T10:57:57","guid":{"rendered":"https:\/\/kuzeyinsesi.org\/index.php\/2025\/01\/04\/girne-belediyesi-oda-tiyatrosunda-taliyah-adli-oyun-sahne-alacak\/"},"modified":"2025-01-04T12:57:57","modified_gmt":"2025-01-04T10:57:57","slug":"girne-belediyesi-oda-tiyatrosunda-taliyah-adli-oyun-sahne-alacak","status":"publish","type":"post","link":"https:\/\/kuzeyinsesi.org\/index.php\/2025\/01\/04\/girne-belediyesi-oda-tiyatrosunda-taliyah-adli-oyun-sahne-alacak\/","title":{"rendered":"Girne Belediyesi Oda Tiyatrosu\u2019nda \u201cTAL\u00cdYAH\u201d adl\u0131 oyun sahne alacak"},"content":{"rendered":"<div>\n<div class=\"mariselle-image-container center\">\n                                            <\/div>\n<p>\nGirne Belediyesi, \u015fark\u0131c\u0131, besteci ve dans\u00e7\u0131 Taliya Hafiz\u2019in yeni uluslararas\u0131 projesi \u201cTAL\u00cdYAH\u201d\u0131n 11 Ocak Cumartesi gecesi Girne Belediyesi Oda Tiyatrosu\u2019nda sahne alaca\u011f\u0131n\u0131 belirtti.<\/p>\n<p>Fransa, \u0130talya, Belarus ve K\u0131br\u0131s\u2019tan dans\u00e7\u0131 ve konuk sanat\u00e7\u0131lar\u0131n yer alaca\u011f\u0131 oyun, saat 20.30\u2019da ba\u015flayacak.<\/p>\n<p>Girne Belediyesi\u2019nden yap\u0131lan a\u00e7\u0131klamada, \u201cD\u00fcnya hitleri ve klasikleri i\u00e7eren m\u00fczik performans\u0131yla \u00e7ok t\u00fcrl\u00fc bir dans g\u00f6sterisinin kombinasyonu olan \u2018TAL\u00cdYAH\u2019 Paris tarz\u0131nda bir tiyatro kafeyi seyircinin huzuruna getiriyor.\u201d denildi.<\/p>\n<p>Oyunun bilet fiyatlar\u0131, 500 TL olarak a\u00e7\u0131klan\u0131rken, www.kibrisbiletcim.com adresinden bilet temin edilebilece\u011fi kaydedildi.<\/p>\n<\/p><\/div>\n<p><script async\n                    defer\n                    crossorigin=\"anonymous\"\n                    src=\"https:\/\/connect.facebook.net\/tr_TR\/sdk.js#xfbml=1&#038;version=v3.3\"\n            ><\/script><\/p>\n","protected":false},"excerpt":{"rendered":"<p>Girne Belediyesi, \u015fark\u0131c\u0131, besteci ve dans\u00e7\u0131 Taliya Hafiz\u2019in yeni uluslararas\u0131 projesi \u201cTAL\u00cdYAH\u201d\u0131n 11 Ocak Cumartesi gecesi Girne Belediyesi Oda Tiyatrosu\u2019nda sahne alaca\u011f\u0131n\u0131 belirtti. Fransa, \u0130talya, Belarus ve K\u0131br\u0131s\u2019tan dans\u00e7\u0131 ve konuk sanat\u00e7\u0131lar\u0131n yer alaca\u011f\u0131 oyun, saat 20.30\u2019da ba\u015flayacak. Girne Belediyesi\u2019nden yap\u0131lan a\u00e7\u0131klamada, \u201cD\u00fcnya hitleri ve klasikleri i\u00e7eren m\u00fczik performans\u0131yla \u00e7ok t\u00fcrl\u00fc bir dans g\u00f6sterisinin kombinasyonu [&hellip;]<\/p>\n","protected":false},"author":1,"featured_media":16772,"comment_status":"open","ping_status":"open","sticky":false,"template":"","format":"standard","meta":{"jnews-multi-image_gallery":[],"jnews_single_post":[],"jnews_primary_category":[],"jnews_social_meta":[],"jnews_override_counter":[],"footnotes":""},"categories":[6],"tags":[],"class_list":["post-16771","post","type-post","status-publish","format-standard","has-post-thumbnail","hentry","category-yasam"],"yoast_head":"<!-- This site is optimized with the Yoast SEO plugin v27.4 - https:\/\/yoast.com\/product\/yoast-seo-wordpress\/ -->\n<title>Girne Belediyesi Oda Tiyatrosu\u2019nda \u201cTAL\u00cdYAH\u201d adl\u0131 oyun sahne alacak - Kuzeyin Sesi<\/title>\n<meta name=\"robots\" content=\"index, follow, max-snippet:-1, max-image-preview:large, max-video-preview:-1\" \/>\n<link rel=\"canonical\" href=\"https:\/\/kuzeyinsesi.org\/index.php\/2025\/01\/04\/girne-belediyesi-oda-tiyatrosunda-taliyah-adli-oyun-sahne-alacak\/\" \/>\n<meta property=\"og:locale\" content=\"tr_TR\" \/>\n<meta property=\"og:type\" content=\"article\" \/>\n<meta property=\"og:title\" content=\"Girne Belediyesi Oda Tiyatrosu\u2019nda \u201cTAL\u00cdYAH\u201d adl\u0131 oyun sahne alacak - Kuzeyin Sesi\" \/>\n<meta property=\"og:description\" content=\"Girne Belediyesi, \u015fark\u0131c\u0131, besteci ve dans\u00e7\u0131 Taliya Hafiz\u2019in yeni uluslararas\u0131 projesi \u201cTAL\u00cdYAH\u201d\u0131n 11 Ocak Cumartesi gecesi Girne Belediyesi Oda Tiyatrosu\u2019nda sahne alaca\u011f\u0131n\u0131 belirtti. Fransa, \u0130talya, Belarus ve K\u0131br\u0131s\u2019tan dans\u00e7\u0131 ve konuk sanat\u00e7\u0131lar\u0131n yer alaca\u011f\u0131 oyun, saat 20.30\u2019da ba\u015flayacak. Girne Belediyesi\u2019nden yap\u0131lan a\u00e7\u0131klamada, \u201cD\u00fcnya hitleri ve klasikleri i\u00e7eren m\u00fczik performans\u0131yla \u00e7ok t\u00fcrl\u00fc bir dans g\u00f6sterisinin kombinasyonu [&hellip;]\" \/>\n<meta property=\"og:url\" content=\"https:\/\/kuzeyinsesi.org\/index.php\/2025\/01\/04\/girne-belediyesi-oda-tiyatrosunda-taliyah-adli-oyun-sahne-alacak\/\" \/>\n<meta property=\"og:site_name\" content=\"Kuzeyin Sesi\" \/>\n<meta property=\"article:publisher\" content=\"https:\/\/www.facebook.com\/kuzeyinsesii\" \/>\n<meta property=\"article:published_time\" content=\"2025-01-04T10:57:57+00:00\" \/>\n<meta property=\"og:image\" content=\"https:\/\/brtk.net\/wp-content\/uploads\/2025\/01\/04\/1735983310512Taliyah-sahne.jpeg?ver=3d2b236cbe67185874c93c71e59be058\" \/>\n<meta name=\"author\" content=\"Kuzeyin Sesi\" \/>\n<meta name=\"twitter:card\" content=\"summary_large_image\" \/>\n<meta name=\"twitter:creator\" content=\"@kuzeyinsesii\" \/>\n<meta name=\"twitter:site\" content=\"@kuzeyinsesii\" \/>\n<meta name=\"twitter:label1\" content=\"Yazan:\" \/>\n\t<meta name=\"twitter:data1\" content=\"Kuzeyin Sesi\" \/>\n\t<meta name=\"twitter:label2\" content=\"Tahmini okuma s\u00fcresi\" \/>\n\t<meta name=\"twitter:data2\" content=\"1 dakika\" \/>\n<script type=\"application\/ld+json\" class=\"yoast-schema-graph\">{\"@context\":\"https:\\\/\\\/schema.org\",\"@graph\":[{\"@type\":\"Article\",\"@id\":\"https:\\\/\\\/kuzeyinsesi.org\\\/index.php\\\/2025\\\/01\\\/04\\\/girne-belediyesi-oda-tiyatrosunda-taliyah-adli-oyun-sahne-alacak\\\/#article\",\"isPartOf\":{\"@id\":\"https:\\\/\\\/kuzeyinsesi.org\\\/index.php\\\/2025\\\/01\\\/04\\\/girne-belediyesi-oda-tiyatrosunda-taliyah-adli-oyun-sahne-alacak\\\/\"},\"author\":{\"name\":\"Kuzeyin Sesi\",\"@id\":\"https:\\\/\\\/kuzeyinsesi.org\\\/#\\\/schema\\\/person\\\/9f859689cdf01485597712386e37f5aa\"},\"headline\":\"Girne Belediyesi Oda Tiyatrosu\u2019nda \u201cTAL\u00cdYAH\u201d adl\u0131 oyun sahne alacak\",\"datePublished\":\"2025-01-04T10:57:57+00:00\",\"mainEntityOfPage\":{\"@id\":\"https:\\\/\\\/kuzeyinsesi.org\\\/index.php\\\/2025\\\/01\\\/04\\\/girne-belediyesi-oda-tiyatrosunda-taliyah-adli-oyun-sahne-alacak\\\/\"},\"wordCount\":116,\"commentCount\":0,\"image\":{\"@id\":\"https:\\\/\\\/kuzeyinsesi.org\\\/index.php\\\/2025\\\/01\\\/04\\\/girne-belediyesi-oda-tiyatrosunda-taliyah-adli-oyun-sahne-alacak\\\/#primaryimage\"},\"thumbnailUrl\":\"https:\\\/\\\/kuzeyinsesi.org\\\/wp-content\\\/uploads\\\/2025\\\/01\\\/1735983310512Taliyah-sahne.jpeg\",\"articleSection\":[\"Ya\u015fam\"],\"inLanguage\":\"tr\",\"potentialAction\":[{\"@type\":\"CommentAction\",\"name\":\"Comment\",\"target\":[\"https:\\\/\\\/kuzeyinsesi.org\\\/index.php\\\/2025\\\/01\\\/04\\\/girne-belediyesi-oda-tiyatrosunda-taliyah-adli-oyun-sahne-alacak\\\/#respond\"]}]},{\"@type\":\"WebPage\",\"@id\":\"https:\\\/\\\/kuzeyinsesi.org\\\/index.php\\\/2025\\\/01\\\/04\\\/girne-belediyesi-oda-tiyatrosunda-taliyah-adli-oyun-sahne-alacak\\\/\",\"url\":\"https:\\\/\\\/kuzeyinsesi.org\\\/index.php\\\/2025\\\/01\\\/04\\\/girne-belediyesi-oda-tiyatrosunda-taliyah-adli-oyun-sahne-alacak\\\/\",\"name\":\"Girne Belediyesi Oda Tiyatrosu\u2019nda \u201cTAL\u00cdYAH\u201d adl\u0131 oyun sahne alacak - Kuzeyin Sesi\",\"isPartOf\":{\"@id\":\"https:\\\/\\\/kuzeyinsesi.org\\\/#website\"},\"primaryImageOfPage\":{\"@id\":\"https:\\\/\\\/kuzeyinsesi.org\\\/index.php\\\/2025\\\/01\\\/04\\\/girne-belediyesi-oda-tiyatrosunda-taliyah-adli-oyun-sahne-alacak\\\/#primaryimage\"},\"image\":{\"@id\":\"https:\\\/\\\/kuzeyinsesi.org\\\/index.php\\\/2025\\\/01\\\/04\\\/girne-belediyesi-oda-tiyatrosunda-taliyah-adli-oyun-sahne-alacak\\\/#primaryimage\"},\"thumbnailUrl\":\"https:\\\/\\\/kuzeyinsesi.org\\\/wp-content\\\/uploads\\\/2025\\\/01\\\/1735983310512Taliyah-sahne.jpeg\",\"datePublished\":\"2025-01-04T10:57:57+00:00\",\"author\":{\"@id\":\"https:\\\/\\\/kuzeyinsesi.org\\\/#\\\/schema\\\/person\\\/9f859689cdf01485597712386e37f5aa\"},\"breadcrumb\":{\"@id\":\"https:\\\/\\\/kuzeyinsesi.org\\\/index.php\\\/2025\\\/01\\\/04\\\/girne-belediyesi-oda-tiyatrosunda-taliyah-adli-oyun-sahne-alacak\\\/#breadcrumb\"},\"inLanguage\":\"tr\",\"potentialAction\":[{\"@type\":\"ReadAction\",\"target\":[\"https:\\\/\\\/kuzeyinsesi.org\\\/index.php\\\/2025\\\/01\\\/04\\\/girne-belediyesi-oda-tiyatrosunda-taliyah-adli-oyun-sahne-alacak\\\/\"]}]},{\"@type\":\"ImageObject\",\"inLanguage\":\"tr\",\"@id\":\"https:\\\/\\\/kuzeyinsesi.org\\\/index.php\\\/2025\\\/01\\\/04\\\/girne-belediyesi-oda-tiyatrosunda-taliyah-adli-oyun-sahne-alacak\\\/#primaryimage\",\"url\":\"https:\\\/\\\/kuzeyinsesi.org\\\/wp-content\\\/uploads\\\/2025\\\/01\\\/1735983310512Taliyah-sahne.jpeg\",\"contentUrl\":\"https:\\\/\\\/kuzeyinsesi.org\\\/wp-content\\\/uploads\\\/2025\\\/01\\\/1735983310512Taliyah-sahne.jpeg\",\"width\":889,\"height\":1600},{\"@type\":\"BreadcrumbList\",\"@id\":\"https:\\\/\\\/kuzeyinsesi.org\\\/index.php\\\/2025\\\/01\\\/04\\\/girne-belediyesi-oda-tiyatrosunda-taliyah-adli-oyun-sahne-alacak\\\/#breadcrumb\",\"itemListElement\":[{\"@type\":\"ListItem\",\"position\":1,\"name\":\"Anasayfa\",\"item\":\"https:\\\/\\\/kuzeyinsesi.org\\\/\"},{\"@type\":\"ListItem\",\"position\":2,\"name\":\"Girne Belediyesi Oda Tiyatrosu\u2019nda \u201cTAL\u00cdYAH\u201d adl\u0131 oyun sahne alacak\"}]},{\"@type\":\"WebSite\",\"@id\":\"https:\\\/\\\/kuzeyinsesi.org\\\/#website\",\"url\":\"https:\\\/\\\/kuzeyinsesi.org\\\/\",\"name\":\"Kuzeyin Sesi\",\"description\":\"Do\u011fru Haberin Adresi\",\"potentialAction\":[{\"@type\":\"SearchAction\",\"target\":{\"@type\":\"EntryPoint\",\"urlTemplate\":\"https:\\\/\\\/kuzeyinsesi.org\\\/?s={search_term_string}\"},\"query-input\":{\"@type\":\"PropertyValueSpecification\",\"valueRequired\":true,\"valueName\":\"search_term_string\"}}],\"inLanguage\":\"tr\"},{\"@type\":\"Person\",\"@id\":\"https:\\\/\\\/kuzeyinsesi.org\\\/#\\\/schema\\\/person\\\/9f859689cdf01485597712386e37f5aa\",\"name\":\"Kuzeyin Sesi\",\"image\":{\"@type\":\"ImageObject\",\"inLanguage\":\"tr\",\"@id\":\"https:\\\/\\\/secure.gravatar.com\\\/avatar\\\/bab33852abfd8b282518d6ed81826833d77c3c882d9ab608add591ccace47a44?s=96&d=mm&r=g\",\"url\":\"https:\\\/\\\/secure.gravatar.com\\\/avatar\\\/bab33852abfd8b282518d6ed81826833d77c3c882d9ab608add591ccace47a44?s=96&d=mm&r=g\",\"contentUrl\":\"https:\\\/\\\/secure.gravatar.com\\\/avatar\\\/bab33852abfd8b282518d6ed81826833d77c3c882d9ab608add591ccace47a44?s=96&d=mm&r=g\",\"caption\":\"Kuzeyin Sesi\"},\"sameAs\":[\"https:\\\/\\\/kuzeyinsesi.org\"],\"url\":\"https:\\\/\\\/kuzeyinsesi.org\\\/index.php\\\/author\\\/guven\\\/\"}]}<\/script>\n<!-- \/ Yoast SEO plugin. -->","yoast_head_json":{"title":"Girne Belediyesi Oda Tiyatrosu\u2019nda \u201cTAL\u00cdYAH\u201d adl\u0131 oyun sahne alacak - Kuzeyin Sesi","robots":{"index":"index","follow":"follow","max-snippet":"max-snippet:-1","max-image-preview":"max-image-preview:large","max-video-preview":"max-video-preview:-1"},"canonical":"https:\/\/kuzeyinsesi.org\/index.php\/2025\/01\/04\/girne-belediyesi-oda-tiyatrosunda-taliyah-adli-oyun-sahne-alacak\/","og_locale":"tr_TR","og_type":"article","og_title":"Girne Belediyesi Oda Tiyatrosu\u2019nda \u201cTAL\u00cdYAH\u201d adl\u0131 oyun sahne alacak - Kuzeyin Sesi","og_description":"Girne Belediyesi, \u015fark\u0131c\u0131, besteci ve dans\u00e7\u0131 Taliya Hafiz\u2019in yeni uluslararas\u0131 projesi \u201cTAL\u00cdYAH\u201d\u0131n 11 Ocak Cumartesi gecesi Girne Belediyesi Oda Tiyatrosu\u2019nda sahne alaca\u011f\u0131n\u0131 belirtti. Fransa, \u0130talya, Belarus ve K\u0131br\u0131s\u2019tan dans\u00e7\u0131 ve konuk sanat\u00e7\u0131lar\u0131n yer alaca\u011f\u0131 oyun, saat 20.30\u2019da ba\u015flayacak. Girne Belediyesi\u2019nden yap\u0131lan a\u00e7\u0131klamada, \u201cD\u00fcnya hitleri ve klasikleri i\u00e7eren m\u00fczik performans\u0131yla \u00e7ok t\u00fcrl\u00fc bir dans g\u00f6sterisinin kombinasyonu [&hellip;]","og_url":"https:\/\/kuzeyinsesi.org\/index.php\/2025\/01\/04\/girne-belediyesi-oda-tiyatrosunda-taliyah-adli-oyun-sahne-alacak\/","og_site_name":"Kuzeyin Sesi","article_publisher":"https:\/\/www.facebook.com\/kuzeyinsesii","article_published_time":"2025-01-04T10:57:57+00:00","og_image":[{"url":"https:\/\/brtk.net\/wp-content\/uploads\/2025\/01\/04\/1735983310512Taliyah-sahne.jpeg?ver=3d2b236cbe67185874c93c71e59be058","type":"","width":"","height":""}],"author":"Kuzeyin Sesi","twitter_card":"summary_large_image","twitter_creator":"@kuzeyinsesii","twitter_site":"@kuzeyinsesii","twitter_misc":{"Yazan:":"Kuzeyin Sesi","Tahmini okuma s\u00fcresi":"1 dakika"},"schema":{"@context":"https:\/\/schema.org","@graph":[{"@type":"Article","@id":"https:\/\/kuzeyinsesi.org\/index.php\/2025\/01\/04\/girne-belediyesi-oda-tiyatrosunda-taliyah-adli-oyun-sahne-alacak\/#article","isPartOf":{"@id":"https:\/\/kuzeyinsesi.org\/index.php\/2025\/01\/04\/girne-belediyesi-oda-tiyatrosunda-taliyah-adli-oyun-sahne-alacak\/"},"author":{"name":"Kuzeyin Sesi","@id":"https:\/\/kuzeyinsesi.org\/#\/schema\/person\/9f859689cdf01485597712386e37f5aa"},"headline":"Girne Belediyesi Oda Tiyatrosu\u2019nda \u201cTAL\u00cdYAH\u201d adl\u0131 oyun sahne alacak","datePublished":"2025-01-04T10:57:57+00:00","mainEntityOfPage":{"@id":"https:\/\/kuzeyinsesi.org\/index.php\/2025\/01\/04\/girne-belediyesi-oda-tiyatrosunda-taliyah-adli-oyun-sahne-alacak\/"},"wordCount":116,"commentCount":0,"image":{"@id":"https:\/\/kuzeyinsesi.org\/index.php\/2025\/01\/04\/girne-belediyesi-oda-tiyatrosunda-taliyah-adli-oyun-sahne-alacak\/#primaryimage"},"thumbnailUrl":"https:\/\/kuzeyinsesi.org\/wp-content\/uploads\/2025\/01\/1735983310512Taliyah-sahne.jpeg","articleSection":["Ya\u015fam"],"inLanguage":"tr","potentialAction":[{"@type":"CommentAction","name":"Comment","target":["https:\/\/kuzeyinsesi.org\/index.php\/2025\/01\/04\/girne-belediyesi-oda-tiyatrosunda-taliyah-adli-oyun-sahne-alacak\/#respond"]}]},{"@type":"WebPage","@id":"https:\/\/kuzeyinsesi.org\/index.php\/2025\/01\/04\/girne-belediyesi-oda-tiyatrosunda-taliyah-adli-oyun-sahne-alacak\/","url":"https:\/\/kuzeyinsesi.org\/index.php\/2025\/01\/04\/girne-belediyesi-oda-tiyatrosunda-taliyah-adli-oyun-sahne-alacak\/","name":"Girne Belediyesi Oda Tiyatrosu\u2019nda \u201cTAL\u00cdYAH\u201d adl\u0131 oyun sahne alacak - Kuzeyin Sesi","isPartOf":{"@id":"https:\/\/kuzeyinsesi.org\/#website"},"primaryImageOfPage":{"@id":"https:\/\/kuzeyinsesi.org\/index.php\/2025\/01\/04\/girne-belediyesi-oda-tiyatrosunda-taliyah-adli-oyun-sahne-alacak\/#primaryimage"},"image":{"@id":"https:\/\/kuzeyinsesi.org\/index.php\/2025\/01\/04\/girne-belediyesi-oda-tiyatrosunda-taliyah-adli-oyun-sahne-alacak\/#primaryimage"},"thumbnailUrl":"https:\/\/kuzeyinsesi.org\/wp-content\/uploads\/2025\/01\/1735983310512Taliyah-sahne.jpeg","datePublished":"2025-01-04T10:57:57+00:00","author":{"@id":"https:\/\/kuzeyinsesi.org\/#\/schema\/person\/9f859689cdf01485597712386e37f5aa"},"breadcrumb":{"@id":"https:\/\/kuzeyinsesi.org\/index.php\/2025\/01\/04\/girne-belediyesi-oda-tiyatrosunda-taliyah-adli-oyun-sahne-alacak\/#breadcrumb"},"inLanguage":"tr","potentialAction":[{"@type":"ReadAction","target":["https:\/\/kuzeyinsesi.org\/index.php\/2025\/01\/04\/girne-belediyesi-oda-tiyatrosunda-taliyah-adli-oyun-sahne-alacak\/"]}]},{"@type":"ImageObject","inLanguage":"tr","@id":"https:\/\/kuzeyinsesi.org\/index.php\/2025\/01\/04\/girne-belediyesi-oda-tiyatrosunda-taliyah-adli-oyun-sahne-alacak\/#primaryimage","url":"https:\/\/kuzeyinsesi.org\/wp-content\/uploads\/2025\/01\/1735983310512Taliyah-sahne.jpeg","contentUrl":"https:\/\/kuzeyinsesi.org\/wp-content\/uploads\/2025\/01\/1735983310512Taliyah-sahne.jpeg","width":889,"height":1600},{"@type":"BreadcrumbList","@id":"https:\/\/kuzeyinsesi.org\/index.php\/2025\/01\/04\/girne-belediyesi-oda-tiyatrosunda-taliyah-adli-oyun-sahne-alacak\/#breadcrumb","itemListElement":[{"@type":"ListItem","position":1,"name":"Anasayfa","item":"https:\/\/kuzeyinsesi.org\/"},{"@type":"ListItem","position":2,"name":"Girne Belediyesi Oda Tiyatrosu\u2019nda \u201cTAL\u00cdYAH\u201d adl\u0131 oyun sahne alacak"}]},{"@type":"WebSite","@id":"https:\/\/kuzeyinsesi.org\/#website","url":"https:\/\/kuzeyinsesi.org\/","name":"Kuzeyin Sesi","description":"Do\u011fru Haberin Adresi","potentialAction":[{"@type":"SearchAction","target":{"@type":"EntryPoint","urlTemplate":"https:\/\/kuzeyinsesi.org\/?s={search_term_string}"},"query-input":{"@type":"PropertyValueSpecification","valueRequired":true,"valueName":"search_term_string"}}],"inLanguage":"tr"},{"@type":"Person","@id":"https:\/\/kuzeyinsesi.org\/#\/schema\/person\/9f859689cdf01485597712386e37f5aa","name":"Kuzeyin Sesi","image":{"@type":"ImageObject","inLanguage":"tr","@id":"https:\/\/secure.gravatar.com\/avatar\/bab33852abfd8b282518d6ed81826833d77c3c882d9ab608add591ccace47a44?s=96&d=mm&r=g","url":"https:\/\/secure.gravatar.com\/avatar\/bab33852abfd8b282518d6ed81826833d77c3c882d9ab608add591ccace47a44?s=96&d=mm&r=g","contentUrl":"https:\/\/secure.gravatar.com\/avatar\/bab33852abfd8b282518d6ed81826833d77c3c882d9ab608add591ccace47a44?s=96&d=mm&r=g","caption":"Kuzeyin Sesi"},"sameAs":["https:\/\/kuzeyinsesi.org"],"url":"https:\/\/kuzeyinsesi.org\/index.php\/author\/guven\/"}]}},"_links":{"self":[{"href":"https:\/\/kuzeyinsesi.org\/index.php\/wp-json\/wp\/v2\/posts\/16771","targetHints":{"allow":["GET"]}}],"collection":[{"href":"https:\/\/kuzeyinsesi.org\/index.php\/wp-json\/wp\/v2\/posts"}],"about":[{"href":"https:\/\/kuzeyinsesi.org\/index.php\/wp-json\/wp\/v2\/types\/post"}],"author":[{"embeddable":true,"href":"https:\/\/kuzeyinsesi.org\/index.php\/wp-json\/wp\/v2\/users\/1"}],"replies":[{"embeddable":true,"href":"https:\/\/kuzeyinsesi.org\/index.php\/wp-json\/wp\/v2\/comments?post=16771"}],"version-history":[{"count":0,"href":"https:\/\/kuzeyinsesi.org\/index.php\/wp-json\/wp\/v2\/posts\/16771\/revisions"}],"wp:featuredmedia":[{"embeddable":true,"href":"https:\/\/kuzeyinsesi.org\/index.php\/wp-json\/wp\/v2\/media\/16772"}],"wp:attachment":[{"href":"https:\/\/kuzeyinsesi.org\/index.php\/wp-json\/wp\/v2\/media?parent=16771"}],"wp:term":[{"taxonomy":"category","embeddable":true,"href":"https:\/\/kuzeyinsesi.org\/index.php\/wp-json\/wp\/v2\/categories?post=16771"},{"taxonomy":"post_tag","embeddable":true,"href":"https:\/\/kuzeyinsesi.org\/index.php\/wp-json\/wp\/v2\/tags?post=16771"}],"curies":[{"name":"wp","href":"https:\/\/api.w.org\/{rel}","templated":true}]}}