{"id":16765,"date":"2025-01-04T12:14:45","date_gmt":"2025-01-04T10:14:45","guid":{"rendered":"https:\/\/kuzeyinsesi.org\/index.php\/2025\/01\/04\/cumhurbaskani-tatar-turkiye-kickboks-federasyonunu-kabul-etti\/"},"modified":"2025-01-04T12:14:45","modified_gmt":"2025-01-04T10:14:45","slug":"cumhurbaskani-tatar-turkiye-kickboks-federasyonunu-kabul-etti","status":"publish","type":"post","link":"https:\/\/kuzeyinsesi.org\/index.php\/2025\/01\/04\/cumhurbaskani-tatar-turkiye-kickboks-federasyonunu-kabul-etti\/","title":{"rendered":"Cumhurba\u015fkan\u0131 Tatar, T\u00fcrkiye Kickboks Federasyonu\u2019nu kabul etti"},"content":{"rendered":"<div>\n<div class=\"mariselle-image-container center\">\n                                            <\/div>\n<p>\nCumhurba\u015fkan\u0131 Ersin Tatar, T\u00fcrkiye Cumhuriyeti Kickboks Federasyonu Ba\u015fkan\u0131 Salim Kay\u0131c\u0131 ve beraberindeki heyeti kabul etti<\/p>\n<p>Cumhurba\u015fkanl\u0131\u011f\u0131ndan verilen bilgiye g\u00f6re, KKTC Kickboks Federasyonu Ba\u015fkan\u0131 \u00dcmit Nusret\u2019in de yer ald\u0131\u011f\u0131 kabulde, Cumhurba\u015fkan\u0131 Tatar, T\u00fcrkiye ile KKTC\u2019nin kickboks federasyonlar\u0131n\u0131n i\u015f birli\u011fi i\u00e7inde olmas\u0131n\u0131n \u00f6nemli oldu\u011funu belirtti.<\/p>\n<p>Uluslararas\u0131 alanda faaliyetleri bulunan T\u00fcrkiye Cumhuriyeti federasyonlar\u0131n\u0131n deneyimlerini KKTC\u2019de bulunan spor federasyonlar\u0131 ile payla\u015fmalar\u0131n\u0131n K\u0131br\u0131s T\u00fcrk gen\u00e7li\u011finin \u00f6n\u00fcn\u00fcn a\u00e7\u0131lmas\u0131 bak\u0131m\u0131ndan \u00f6nemli oldu\u011funu ifade eden Cumhurba\u015fkan\u0131 Tatar, KKTC kickboks federasyonu ve sporcular\u0131n\u0131 desteklemelerinin memnuniyet verici oldu\u011funu s\u00f6yledi.<\/p>\n<p>T\u00fcrk devletleri aras\u0131nda yap\u0131lacak m\u00fcsabakalara KKTC\u2019nin de kendi bayra\u011f\u0131 ile kat\u0131lmas\u0131n\u0131n \u00f6nemli bir s\u00fcre\u00e7 olarak nitelendiren Cumhurba\u015fkan\u0131 Tatar, 2025 y\u0131l\u0131nda bunlar\u0131n ger\u00e7ekle\u015fmesi konusunda temennisini ifade etti.<\/p>\n<p>Di\u011fer \u00fclkelerle yap\u0131lan temaslarda Rum-Yunan ikilisinin engellemeleri ile kar\u015f\u0131la\u015fmakta olduklar\u0131n\u0131 belirten Cumhurba\u015fkan\u0131 Tatar, siyaseti spora kar\u0131\u015ft\u0131rarak K\u0131br\u0131s T\u00fcrk gen\u00e7lerine b\u00fcy\u00fck haks\u0131zl\u0131klar yap\u0131lmakta oldu\u011funu kaydetti.<\/p>\n<p>Cumhurba\u015fkan\u0131 Tatar, spor ambargolar\u0131na kar\u015f\u0131 verilen m\u00fccadeleye devam ederken Anavatan T\u00fcrkiye\u2019nin kurum ve kurulu\u015flar\u0131yla K\u0131br\u0131s T\u00fcrklerine vermekte oldu\u011fu deste\u011fin \u00f6nemli oldu\u011funun alt\u0131n\u0131 \u00e7izdi.<\/p>\n<p>T\u00fcrkiye Cumhuriyeti Kickboks Federasyonu Ba\u015fkan\u0131 Salim Kay\u0131c\u0131 da, adada bulunmaktan ve KKTC Kickboks Federasyonu ve sporcular\u0131 ile ortak \u00e7al\u0131\u015fmalar yapt\u0131klar\u0131n\u0131 dile getirdi. Kay\u0131c\u0131, T\u00fcrk Devletleri Te\u015fkilat\u0131 olarak yap\u0131lmas\u0131 planlanan kickboks turnuvas\u0131na Cumhurba\u015fkan\u0131 Tatar\u2019\u0131 davet etti.<\/p>\n<\/p><\/div>\n<p><script async\n                    defer\n                    crossorigin=\"anonymous\"\n                    src=\"https:\/\/connect.facebook.net\/tr_TR\/sdk.js#xfbml=1&#038;version=v3.3\"\n            ><\/script><\/p>\n","protected":false},"excerpt":{"rendered":"<p>Cumhurba\u015fkan\u0131 Ersin Tatar, T\u00fcrkiye Cumhuriyeti Kickboks Federasyonu Ba\u015fkan\u0131 Salim Kay\u0131c\u0131 ve beraberindeki heyeti kabul etti Cumhurba\u015fkanl\u0131\u011f\u0131ndan verilen bilgiye g\u00f6re, KKTC Kickboks Federasyonu Ba\u015fkan\u0131 \u00dcmit Nusret\u2019in de yer ald\u0131\u011f\u0131 kabulde, Cumhurba\u015fkan\u0131 Tatar, T\u00fcrkiye ile KKTC\u2019nin kickboks federasyonlar\u0131n\u0131n i\u015f birli\u011fi i\u00e7inde olmas\u0131n\u0131n \u00f6nemli oldu\u011funu belirtti. Uluslararas\u0131 alanda faaliyetleri bulunan T\u00fcrkiye Cumhuriyeti federasyonlar\u0131n\u0131n deneyimlerini KKTC\u2019de bulunan spor federasyonlar\u0131 [&hellip;]<\/p>\n","protected":false},"author":1,"featured_media":16766,"comment_status":"open","ping_status":"open","sticky":false,"template":"","format":"standard","meta":{"jnews-multi-image_gallery":[],"jnews_single_post":[],"jnews_primary_category":[],"jnews_social_meta":[],"jnews_override_counter":[],"footnotes":""},"categories":[5],"tags":[],"class_list":["post-16765","post","type-post","status-publish","format-standard","has-post-thumbnail","hentry","category-turkiye"],"yoast_head":"<!-- This site is optimized with the Yoast SEO plugin v27.4 - https:\/\/yoast.com\/product\/yoast-seo-wordpress\/ -->\n<title>Cumhurba\u015fkan\u0131 Tatar, T\u00fcrkiye Kickboks Federasyonu\u2019nu kabul etti - Kuzeyin Sesi<\/title>\n<meta name=\"robots\" content=\"index, follow, max-snippet:-1, max-image-preview:large, max-video-preview:-1\" \/>\n<link rel=\"canonical\" href=\"https:\/\/kuzeyinsesi.org\/index.php\/2025\/01\/04\/cumhurbaskani-tatar-turkiye-kickboks-federasyonunu-kabul-etti\/\" \/>\n<meta property=\"og:locale\" content=\"tr_TR\" \/>\n<meta property=\"og:type\" content=\"article\" \/>\n<meta property=\"og:title\" content=\"Cumhurba\u015fkan\u0131 Tatar, T\u00fcrkiye Kickboks Federasyonu\u2019nu kabul etti - Kuzeyin Sesi\" \/>\n<meta property=\"og:description\" content=\"Cumhurba\u015fkan\u0131 Ersin Tatar, T\u00fcrkiye Cumhuriyeti Kickboks Federasyonu Ba\u015fkan\u0131 Salim Kay\u0131c\u0131 ve beraberindeki heyeti kabul etti Cumhurba\u015fkanl\u0131\u011f\u0131ndan verilen bilgiye g\u00f6re, KKTC Kickboks Federasyonu Ba\u015fkan\u0131 \u00dcmit Nusret\u2019in de yer ald\u0131\u011f\u0131 kabulde, Cumhurba\u015fkan\u0131 Tatar, T\u00fcrkiye ile KKTC\u2019nin kickboks federasyonlar\u0131n\u0131n i\u015f birli\u011fi i\u00e7inde olmas\u0131n\u0131n \u00f6nemli oldu\u011funu belirtti. Uluslararas\u0131 alanda faaliyetleri bulunan T\u00fcrkiye Cumhuriyeti federasyonlar\u0131n\u0131n deneyimlerini KKTC\u2019de bulunan spor federasyonlar\u0131 [&hellip;]\" \/>\n<meta property=\"og:url\" content=\"https:\/\/kuzeyinsesi.org\/index.php\/2025\/01\/04\/cumhurbaskani-tatar-turkiye-kickboks-federasyonunu-kabul-etti\/\" \/>\n<meta property=\"og:site_name\" content=\"Kuzeyin Sesi\" \/>\n<meta property=\"article:publisher\" content=\"https:\/\/www.facebook.com\/kuzeyinsesii\" \/>\n<meta property=\"article:published_time\" content=\"2025-01-04T10:14:45+00:00\" \/>\n<meta property=\"og:image\" content=\"https:\/\/brtk.net\/wp-content\/uploads\/2025\/01\/04\/1735981561276Tatar-kickbox-2.jpg?ver=ffbeee868f6c106efc90ffbce01c53fe\" \/>\n<meta name=\"author\" content=\"Kuzeyin Sesi\" \/>\n<meta name=\"twitter:card\" content=\"summary_large_image\" \/>\n<meta name=\"twitter:creator\" content=\"@kuzeyinsesii\" \/>\n<meta name=\"twitter:site\" content=\"@kuzeyinsesii\" \/>\n<meta name=\"twitter:label1\" content=\"Yazan:\" \/>\n\t<meta name=\"twitter:data1\" content=\"Kuzeyin Sesi\" \/>\n\t<meta name=\"twitter:label2\" content=\"Tahmini okuma s\u00fcresi\" \/>\n\t<meta name=\"twitter:data2\" content=\"1 dakika\" \/>\n<script type=\"application\/ld+json\" class=\"yoast-schema-graph\">{\"@context\":\"https:\\\/\\\/schema.org\",\"@graph\":[{\"@type\":\"Article\",\"@id\":\"https:\\\/\\\/kuzeyinsesi.org\\\/index.php\\\/2025\\\/01\\\/04\\\/cumhurbaskani-tatar-turkiye-kickboks-federasyonunu-kabul-etti\\\/#article\",\"isPartOf\":{\"@id\":\"https:\\\/\\\/kuzeyinsesi.org\\\/index.php\\\/2025\\\/01\\\/04\\\/cumhurbaskani-tatar-turkiye-kickboks-federasyonunu-kabul-etti\\\/\"},\"author\":{\"name\":\"Kuzeyin Sesi\",\"@id\":\"https:\\\/\\\/kuzeyinsesi.org\\\/#\\\/schema\\\/person\\\/9f859689cdf01485597712386e37f5aa\"},\"headline\":\"Cumhurba\u015fkan\u0131 Tatar, T\u00fcrkiye Kickboks Federasyonu\u2019nu kabul etti\",\"datePublished\":\"2025-01-04T10:14:45+00:00\",\"mainEntityOfPage\":{\"@id\":\"https:\\\/\\\/kuzeyinsesi.org\\\/index.php\\\/2025\\\/01\\\/04\\\/cumhurbaskani-tatar-turkiye-kickboks-federasyonunu-kabul-etti\\\/\"},\"wordCount\":296,\"commentCount\":0,\"image\":{\"@id\":\"https:\\\/\\\/kuzeyinsesi.org\\\/index.php\\\/2025\\\/01\\\/04\\\/cumhurbaskani-tatar-turkiye-kickboks-federasyonunu-kabul-etti\\\/#primaryimage\"},\"thumbnailUrl\":\"https:\\\/\\\/kuzeyinsesi.org\\\/wp-content\\\/uploads\\\/2025\\\/01\\\/1735981561276Tatar-kickbox-2.jpg\",\"articleSection\":[\"T\u00fcrkiye\"],\"inLanguage\":\"tr\",\"potentialAction\":[{\"@type\":\"CommentAction\",\"name\":\"Comment\",\"target\":[\"https:\\\/\\\/kuzeyinsesi.org\\\/index.php\\\/2025\\\/01\\\/04\\\/cumhurbaskani-tatar-turkiye-kickboks-federasyonunu-kabul-etti\\\/#respond\"]}]},{\"@type\":\"WebPage\",\"@id\":\"https:\\\/\\\/kuzeyinsesi.org\\\/index.php\\\/2025\\\/01\\\/04\\\/cumhurbaskani-tatar-turkiye-kickboks-federasyonunu-kabul-etti\\\/\",\"url\":\"https:\\\/\\\/kuzeyinsesi.org\\\/index.php\\\/2025\\\/01\\\/04\\\/cumhurbaskani-tatar-turkiye-kickboks-federasyonunu-kabul-etti\\\/\",\"name\":\"Cumhurba\u015fkan\u0131 Tatar, T\u00fcrkiye Kickboks Federasyonu\u2019nu kabul etti - Kuzeyin Sesi\",\"isPartOf\":{\"@id\":\"https:\\\/\\\/kuzeyinsesi.org\\\/#website\"},\"primaryImageOfPage\":{\"@id\":\"https:\\\/\\\/kuzeyinsesi.org\\\/index.php\\\/2025\\\/01\\\/04\\\/cumhurbaskani-tatar-turkiye-kickboks-federasyonunu-kabul-etti\\\/#primaryimage\"},\"image\":{\"@id\":\"https:\\\/\\\/kuzeyinsesi.org\\\/index.php\\\/2025\\\/01\\\/04\\\/cumhurbaskani-tatar-turkiye-kickboks-federasyonunu-kabul-etti\\\/#primaryimage\"},\"thumbnailUrl\":\"https:\\\/\\\/kuzeyinsesi.org\\\/wp-content\\\/uploads\\\/2025\\\/01\\\/1735981561276Tatar-kickbox-2.jpg\",\"datePublished\":\"2025-01-04T10:14:45+00:00\",\"author\":{\"@id\":\"https:\\\/\\\/kuzeyinsesi.org\\\/#\\\/schema\\\/person\\\/9f859689cdf01485597712386e37f5aa\"},\"breadcrumb\":{\"@id\":\"https:\\\/\\\/kuzeyinsesi.org\\\/index.php\\\/2025\\\/01\\\/04\\\/cumhurbaskani-tatar-turkiye-kickboks-federasyonunu-kabul-etti\\\/#breadcrumb\"},\"inLanguage\":\"tr\",\"potentialAction\":[{\"@type\":\"ReadAction\",\"target\":[\"https:\\\/\\\/kuzeyinsesi.org\\\/index.php\\\/2025\\\/01\\\/04\\\/cumhurbaskani-tatar-turkiye-kickboks-federasyonunu-kabul-etti\\\/\"]}]},{\"@type\":\"ImageObject\",\"inLanguage\":\"tr\",\"@id\":\"https:\\\/\\\/kuzeyinsesi.org\\\/index.php\\\/2025\\\/01\\\/04\\\/cumhurbaskani-tatar-turkiye-kickboks-federasyonunu-kabul-etti\\\/#primaryimage\",\"url\":\"https:\\\/\\\/kuzeyinsesi.org\\\/wp-content\\\/uploads\\\/2025\\\/01\\\/1735981561276Tatar-kickbox-2.jpg\",\"contentUrl\":\"https:\\\/\\\/kuzeyinsesi.org\\\/wp-content\\\/uploads\\\/2025\\\/01\\\/1735981561276Tatar-kickbox-2.jpg\",\"width\":2560,\"height\":1707},{\"@type\":\"BreadcrumbList\",\"@id\":\"https:\\\/\\\/kuzeyinsesi.org\\\/index.php\\\/2025\\\/01\\\/04\\\/cumhurbaskani-tatar-turkiye-kickboks-federasyonunu-kabul-etti\\\/#breadcrumb\",\"itemListElement\":[{\"@type\":\"ListItem\",\"position\":1,\"name\":\"Anasayfa\",\"item\":\"https:\\\/\\\/kuzeyinsesi.org\\\/\"},{\"@type\":\"ListItem\",\"position\":2,\"name\":\"Cumhurba\u015fkan\u0131 Tatar, T\u00fcrkiye Kickboks Federasyonu\u2019nu kabul etti\"}]},{\"@type\":\"WebSite\",\"@id\":\"https:\\\/\\\/kuzeyinsesi.org\\\/#website\",\"url\":\"https:\\\/\\\/kuzeyinsesi.org\\\/\",\"name\":\"Kuzeyin Sesi\",\"description\":\"Do\u011fru Haberin Adresi\",\"potentialAction\":[{\"@type\":\"SearchAction\",\"target\":{\"@type\":\"EntryPoint\",\"urlTemplate\":\"https:\\\/\\\/kuzeyinsesi.org\\\/?s={search_term_string}\"},\"query-input\":{\"@type\":\"PropertyValueSpecification\",\"valueRequired\":true,\"valueName\":\"search_term_string\"}}],\"inLanguage\":\"tr\"},{\"@type\":\"Person\",\"@id\":\"https:\\\/\\\/kuzeyinsesi.org\\\/#\\\/schema\\\/person\\\/9f859689cdf01485597712386e37f5aa\",\"name\":\"Kuzeyin Sesi\",\"image\":{\"@type\":\"ImageObject\",\"inLanguage\":\"tr\",\"@id\":\"https:\\\/\\\/secure.gravatar.com\\\/avatar\\\/bab33852abfd8b282518d6ed81826833d77c3c882d9ab608add591ccace47a44?s=96&d=mm&r=g\",\"url\":\"https:\\\/\\\/secure.gravatar.com\\\/avatar\\\/bab33852abfd8b282518d6ed81826833d77c3c882d9ab608add591ccace47a44?s=96&d=mm&r=g\",\"contentUrl\":\"https:\\\/\\\/secure.gravatar.com\\\/avatar\\\/bab33852abfd8b282518d6ed81826833d77c3c882d9ab608add591ccace47a44?s=96&d=mm&r=g\",\"caption\":\"Kuzeyin Sesi\"},\"sameAs\":[\"https:\\\/\\\/kuzeyinsesi.org\"],\"url\":\"https:\\\/\\\/kuzeyinsesi.org\\\/index.php\\\/author\\\/guven\\\/\"}]}<\/script>\n<!-- \/ Yoast SEO plugin. -->","yoast_head_json":{"title":"Cumhurba\u015fkan\u0131 Tatar, T\u00fcrkiye Kickboks Federasyonu\u2019nu kabul etti - Kuzeyin Sesi","robots":{"index":"index","follow":"follow","max-snippet":"max-snippet:-1","max-image-preview":"max-image-preview:large","max-video-preview":"max-video-preview:-1"},"canonical":"https:\/\/kuzeyinsesi.org\/index.php\/2025\/01\/04\/cumhurbaskani-tatar-turkiye-kickboks-federasyonunu-kabul-etti\/","og_locale":"tr_TR","og_type":"article","og_title":"Cumhurba\u015fkan\u0131 Tatar, T\u00fcrkiye Kickboks Federasyonu\u2019nu kabul etti - Kuzeyin Sesi","og_description":"Cumhurba\u015fkan\u0131 Ersin Tatar, T\u00fcrkiye Cumhuriyeti Kickboks Federasyonu Ba\u015fkan\u0131 Salim Kay\u0131c\u0131 ve beraberindeki heyeti kabul etti Cumhurba\u015fkanl\u0131\u011f\u0131ndan verilen bilgiye g\u00f6re, KKTC Kickboks Federasyonu Ba\u015fkan\u0131 \u00dcmit Nusret\u2019in de yer ald\u0131\u011f\u0131 kabulde, Cumhurba\u015fkan\u0131 Tatar, T\u00fcrkiye ile KKTC\u2019nin kickboks federasyonlar\u0131n\u0131n i\u015f birli\u011fi i\u00e7inde olmas\u0131n\u0131n \u00f6nemli oldu\u011funu belirtti. Uluslararas\u0131 alanda faaliyetleri bulunan T\u00fcrkiye Cumhuriyeti federasyonlar\u0131n\u0131n deneyimlerini KKTC\u2019de bulunan spor federasyonlar\u0131 [&hellip;]","og_url":"https:\/\/kuzeyinsesi.org\/index.php\/2025\/01\/04\/cumhurbaskani-tatar-turkiye-kickboks-federasyonunu-kabul-etti\/","og_site_name":"Kuzeyin Sesi","article_publisher":"https:\/\/www.facebook.com\/kuzeyinsesii","article_published_time":"2025-01-04T10:14:45+00:00","og_image":[{"url":"https:\/\/brtk.net\/wp-content\/uploads\/2025\/01\/04\/1735981561276Tatar-kickbox-2.jpg?ver=ffbeee868f6c106efc90ffbce01c53fe","type":"","width":"","height":""}],"author":"Kuzeyin Sesi","twitter_card":"summary_large_image","twitter_creator":"@kuzeyinsesii","twitter_site":"@kuzeyinsesii","twitter_misc":{"Yazan:":"Kuzeyin Sesi","Tahmini okuma s\u00fcresi":"1 dakika"},"schema":{"@context":"https:\/\/schema.org","@graph":[{"@type":"Article","@id":"https:\/\/kuzeyinsesi.org\/index.php\/2025\/01\/04\/cumhurbaskani-tatar-turkiye-kickboks-federasyonunu-kabul-etti\/#article","isPartOf":{"@id":"https:\/\/kuzeyinsesi.org\/index.php\/2025\/01\/04\/cumhurbaskani-tatar-turkiye-kickboks-federasyonunu-kabul-etti\/"},"author":{"name":"Kuzeyin Sesi","@id":"https:\/\/kuzeyinsesi.org\/#\/schema\/person\/9f859689cdf01485597712386e37f5aa"},"headline":"Cumhurba\u015fkan\u0131 Tatar, T\u00fcrkiye Kickboks Federasyonu\u2019nu kabul etti","datePublished":"2025-01-04T10:14:45+00:00","mainEntityOfPage":{"@id":"https:\/\/kuzeyinsesi.org\/index.php\/2025\/01\/04\/cumhurbaskani-tatar-turkiye-kickboks-federasyonunu-kabul-etti\/"},"wordCount":296,"commentCount":0,"image":{"@id":"https:\/\/kuzeyinsesi.org\/index.php\/2025\/01\/04\/cumhurbaskani-tatar-turkiye-kickboks-federasyonunu-kabul-etti\/#primaryimage"},"thumbnailUrl":"https:\/\/kuzeyinsesi.org\/wp-content\/uploads\/2025\/01\/1735981561276Tatar-kickbox-2.jpg","articleSection":["T\u00fcrkiye"],"inLanguage":"tr","potentialAction":[{"@type":"CommentAction","name":"Comment","target":["https:\/\/kuzeyinsesi.org\/index.php\/2025\/01\/04\/cumhurbaskani-tatar-turkiye-kickboks-federasyonunu-kabul-etti\/#respond"]}]},{"@type":"WebPage","@id":"https:\/\/kuzeyinsesi.org\/index.php\/2025\/01\/04\/cumhurbaskani-tatar-turkiye-kickboks-federasyonunu-kabul-etti\/","url":"https:\/\/kuzeyinsesi.org\/index.php\/2025\/01\/04\/cumhurbaskani-tatar-turkiye-kickboks-federasyonunu-kabul-etti\/","name":"Cumhurba\u015fkan\u0131 Tatar, T\u00fcrkiye Kickboks Federasyonu\u2019nu kabul etti - Kuzeyin Sesi","isPartOf":{"@id":"https:\/\/kuzeyinsesi.org\/#website"},"primaryImageOfPage":{"@id":"https:\/\/kuzeyinsesi.org\/index.php\/2025\/01\/04\/cumhurbaskani-tatar-turkiye-kickboks-federasyonunu-kabul-etti\/#primaryimage"},"image":{"@id":"https:\/\/kuzeyinsesi.org\/index.php\/2025\/01\/04\/cumhurbaskani-tatar-turkiye-kickboks-federasyonunu-kabul-etti\/#primaryimage"},"thumbnailUrl":"https:\/\/kuzeyinsesi.org\/wp-content\/uploads\/2025\/01\/1735981561276Tatar-kickbox-2.jpg","datePublished":"2025-01-04T10:14:45+00:00","author":{"@id":"https:\/\/kuzeyinsesi.org\/#\/schema\/person\/9f859689cdf01485597712386e37f5aa"},"breadcrumb":{"@id":"https:\/\/kuzeyinsesi.org\/index.php\/2025\/01\/04\/cumhurbaskani-tatar-turkiye-kickboks-federasyonunu-kabul-etti\/#breadcrumb"},"inLanguage":"tr","potentialAction":[{"@type":"ReadAction","target":["https:\/\/kuzeyinsesi.org\/index.php\/2025\/01\/04\/cumhurbaskani-tatar-turkiye-kickboks-federasyonunu-kabul-etti\/"]}]},{"@type":"ImageObject","inLanguage":"tr","@id":"https:\/\/kuzeyinsesi.org\/index.php\/2025\/01\/04\/cumhurbaskani-tatar-turkiye-kickboks-federasyonunu-kabul-etti\/#primaryimage","url":"https:\/\/kuzeyinsesi.org\/wp-content\/uploads\/2025\/01\/1735981561276Tatar-kickbox-2.jpg","contentUrl":"https:\/\/kuzeyinsesi.org\/wp-content\/uploads\/2025\/01\/1735981561276Tatar-kickbox-2.jpg","width":2560,"height":1707},{"@type":"BreadcrumbList","@id":"https:\/\/kuzeyinsesi.org\/index.php\/2025\/01\/04\/cumhurbaskani-tatar-turkiye-kickboks-federasyonunu-kabul-etti\/#breadcrumb","itemListElement":[{"@type":"ListItem","position":1,"name":"Anasayfa","item":"https:\/\/kuzeyinsesi.org\/"},{"@type":"ListItem","position":2,"name":"Cumhurba\u015fkan\u0131 Tatar, T\u00fcrkiye Kickboks Federasyonu\u2019nu kabul etti"}]},{"@type":"WebSite","@id":"https:\/\/kuzeyinsesi.org\/#website","url":"https:\/\/kuzeyinsesi.org\/","name":"Kuzeyin Sesi","description":"Do\u011fru Haberin Adresi","potentialAction":[{"@type":"SearchAction","target":{"@type":"EntryPoint","urlTemplate":"https:\/\/kuzeyinsesi.org\/?s={search_term_string}"},"query-input":{"@type":"PropertyValueSpecification","valueRequired":true,"valueName":"search_term_string"}}],"inLanguage":"tr"},{"@type":"Person","@id":"https:\/\/kuzeyinsesi.org\/#\/schema\/person\/9f859689cdf01485597712386e37f5aa","name":"Kuzeyin Sesi","image":{"@type":"ImageObject","inLanguage":"tr","@id":"https:\/\/secure.gravatar.com\/avatar\/bab33852abfd8b282518d6ed81826833d77c3c882d9ab608add591ccace47a44?s=96&d=mm&r=g","url":"https:\/\/secure.gravatar.com\/avatar\/bab33852abfd8b282518d6ed81826833d77c3c882d9ab608add591ccace47a44?s=96&d=mm&r=g","contentUrl":"https:\/\/secure.gravatar.com\/avatar\/bab33852abfd8b282518d6ed81826833d77c3c882d9ab608add591ccace47a44?s=96&d=mm&r=g","caption":"Kuzeyin Sesi"},"sameAs":["https:\/\/kuzeyinsesi.org"],"url":"https:\/\/kuzeyinsesi.org\/index.php\/author\/guven\/"}]}},"_links":{"self":[{"href":"https:\/\/kuzeyinsesi.org\/index.php\/wp-json\/wp\/v2\/posts\/16765","targetHints":{"allow":["GET"]}}],"collection":[{"href":"https:\/\/kuzeyinsesi.org\/index.php\/wp-json\/wp\/v2\/posts"}],"about":[{"href":"https:\/\/kuzeyinsesi.org\/index.php\/wp-json\/wp\/v2\/types\/post"}],"author":[{"embeddable":true,"href":"https:\/\/kuzeyinsesi.org\/index.php\/wp-json\/wp\/v2\/users\/1"}],"replies":[{"embeddable":true,"href":"https:\/\/kuzeyinsesi.org\/index.php\/wp-json\/wp\/v2\/comments?post=16765"}],"version-history":[{"count":0,"href":"https:\/\/kuzeyinsesi.org\/index.php\/wp-json\/wp\/v2\/posts\/16765\/revisions"}],"wp:featuredmedia":[{"embeddable":true,"href":"https:\/\/kuzeyinsesi.org\/index.php\/wp-json\/wp\/v2\/media\/16766"}],"wp:attachment":[{"href":"https:\/\/kuzeyinsesi.org\/index.php\/wp-json\/wp\/v2\/media?parent=16765"}],"wp:term":[{"taxonomy":"category","embeddable":true,"href":"https:\/\/kuzeyinsesi.org\/index.php\/wp-json\/wp\/v2\/categories?post=16765"},{"taxonomy":"post_tag","embeddable":true,"href":"https:\/\/kuzeyinsesi.org\/index.php\/wp-json\/wp\/v2\/tags?post=16765"}],"curies":[{"name":"wp","href":"https:\/\/api.w.org\/{rel}","templated":true}]}}