{"id":16736,"date":"2025-01-03T14:08:12","date_gmt":"2025-01-03T12:08:12","guid":{"rendered":"https:\/\/kuzeyinsesi.org\/index.php\/2025\/01\/03\/cumhurbaskani-tatardan-gazeteci-yazar-sevgul-uludaga-plaket\/"},"modified":"2025-01-03T14:08:12","modified_gmt":"2025-01-03T12:08:12","slug":"cumhurbaskani-tatardan-gazeteci-yazar-sevgul-uludaga-plaket","status":"publish","type":"post","link":"https:\/\/kuzeyinsesi.org\/index.php\/2025\/01\/03\/cumhurbaskani-tatardan-gazeteci-yazar-sevgul-uludaga-plaket\/","title":{"rendered":"Cumhurba\u015fkan\u0131 Tatar\u2019dan gazeteci-yazar Sevg\u00fcl Uluda\u011f\u2019a plaket"},"content":{"rendered":"<div>\n<div class=\"mariselle-image-container center\">\n                                            <\/div>\n<p>Cumhurba\u015fkan\u0131 Ersin Tatar, y\u0131llardan beridir Kay\u0131p \u015eah\u0131slar Komitesi\u2019nin \u00e7al\u0131\u015fmalar\u0131na yapt\u0131\u011f\u0131 katk\u0131lardan dolay\u0131 gazeteci-yazar Sevg\u00fcl Uluda\u011f\u2019a te\u015fekk\u00fcr plaketi takdim etti.<\/p>\n<p>Cumhurba\u015fkanl\u0131\u011f\u0131\u2019ndan yap\u0131lan a\u00e7\u0131klamaya g\u00f6re Tatar, gazeteci-yazar Sevg\u00fcl Uluda\u011f\u2019\u0131 kabul etti.<\/p>\n<p>Sevg\u00fcl Uluda\u011f\u2019\u0131n, K\u0131br\u0131s\u2019taki kay\u0131plar\u0131n bulunmas\u0131 i\u00e7in ortaya koydu\u011fu katk\u0131lar\u0131n \u00f6nemini vurgulayan Tatar, Uluda\u011f\u2019a, yard\u0131m ve \u00e7abalar\u0131 nedeniyle te\u015fekk\u00fcr etti.<\/p>\n<p>G\u00f6r\u00fc\u015fmede, Kay\u0131p \u015eah\u0131slar Komitesi\u2019nin K\u0131br\u0131sl\u0131 T\u00fcrk \u00dcyesi Hakk\u0131 M\u00fcft\u00fczade de yer ald\u0131.<\/p>\n<\/p><\/div>\n<p><script async\n                    defer\n                    crossorigin=\"anonymous\"\n                    src=\"https:\/\/connect.facebook.net\/tr_TR\/sdk.js#xfbml=1&#038;version=v3.3\"\n            ><\/script><\/p>\n","protected":false},"excerpt":{"rendered":"<p>Cumhurba\u015fkan\u0131 Ersin Tatar, y\u0131llardan beridir Kay\u0131p \u015eah\u0131slar Komitesi\u2019nin \u00e7al\u0131\u015fmalar\u0131na yapt\u0131\u011f\u0131 katk\u0131lardan dolay\u0131 gazeteci-yazar Sevg\u00fcl Uluda\u011f\u2019a te\u015fekk\u00fcr plaketi takdim etti. Cumhurba\u015fkanl\u0131\u011f\u0131\u2019ndan yap\u0131lan a\u00e7\u0131klamaya g\u00f6re Tatar, gazeteci-yazar Sevg\u00fcl Uluda\u011f\u2019\u0131 kabul etti. Sevg\u00fcl Uluda\u011f\u2019\u0131n, K\u0131br\u0131s\u2019taki kay\u0131plar\u0131n bulunmas\u0131 i\u00e7in ortaya koydu\u011fu katk\u0131lar\u0131n \u00f6nemini vurgulayan Tatar, Uluda\u011f\u2019a, yard\u0131m ve \u00e7abalar\u0131 nedeniyle te\u015fekk\u00fcr etti. G\u00f6r\u00fc\u015fmede, Kay\u0131p \u015eah\u0131slar Komitesi\u2019nin K\u0131br\u0131sl\u0131 T\u00fcrk \u00dcyesi [&hellip;]<\/p>\n","protected":false},"author":1,"featured_media":16737,"comment_status":"open","ping_status":"open","sticky":false,"template":"","format":"standard","meta":{"jnews-multi-image_gallery":[],"jnews_single_post":[],"jnews_primary_category":[],"jnews_social_meta":[],"jnews_override_counter":[],"footnotes":""},"categories":[6],"tags":[],"class_list":["post-16736","post","type-post","status-publish","format-standard","has-post-thumbnail","hentry","category-yasam"],"yoast_head":"<!-- This site is optimized with the Yoast SEO plugin v27.4 - https:\/\/yoast.com\/product\/yoast-seo-wordpress\/ -->\n<title>Cumhurba\u015fkan\u0131 Tatar\u2019dan gazeteci-yazar Sevg\u00fcl Uluda\u011f\u2019a plaket - Kuzeyin Sesi<\/title>\n<meta name=\"robots\" content=\"index, follow, max-snippet:-1, max-image-preview:large, max-video-preview:-1\" \/>\n<link rel=\"canonical\" href=\"https:\/\/kuzeyinsesi.org\/index.php\/2025\/01\/03\/cumhurbaskani-tatardan-gazeteci-yazar-sevgul-uludaga-plaket\/\" \/>\n<meta property=\"og:locale\" content=\"tr_TR\" \/>\n<meta property=\"og:type\" content=\"article\" \/>\n<meta property=\"og:title\" content=\"Cumhurba\u015fkan\u0131 Tatar\u2019dan gazeteci-yazar Sevg\u00fcl Uluda\u011f\u2019a plaket - Kuzeyin Sesi\" \/>\n<meta property=\"og:description\" content=\"Cumhurba\u015fkan\u0131 Ersin Tatar, y\u0131llardan beridir Kay\u0131p \u015eah\u0131slar Komitesi\u2019nin \u00e7al\u0131\u015fmalar\u0131na yapt\u0131\u011f\u0131 katk\u0131lardan dolay\u0131 gazeteci-yazar Sevg\u00fcl Uluda\u011f\u2019a te\u015fekk\u00fcr plaketi takdim etti. Cumhurba\u015fkanl\u0131\u011f\u0131\u2019ndan yap\u0131lan a\u00e7\u0131klamaya g\u00f6re Tatar, gazeteci-yazar Sevg\u00fcl Uluda\u011f\u2019\u0131 kabul etti. Sevg\u00fcl Uluda\u011f\u2019\u0131n, K\u0131br\u0131s\u2019taki kay\u0131plar\u0131n bulunmas\u0131 i\u00e7in ortaya koydu\u011fu katk\u0131lar\u0131n \u00f6nemini vurgulayan Tatar, Uluda\u011f\u2019a, yard\u0131m ve \u00e7abalar\u0131 nedeniyle te\u015fekk\u00fcr etti. G\u00f6r\u00fc\u015fmede, Kay\u0131p \u015eah\u0131slar Komitesi\u2019nin K\u0131br\u0131sl\u0131 T\u00fcrk \u00dcyesi [&hellip;]\" \/>\n<meta property=\"og:url\" content=\"https:\/\/kuzeyinsesi.org\/index.php\/2025\/01\/03\/cumhurbaskani-tatardan-gazeteci-yazar-sevgul-uludaga-plaket\/\" \/>\n<meta property=\"og:site_name\" content=\"Kuzeyin Sesi\" \/>\n<meta property=\"article:publisher\" content=\"https:\/\/www.facebook.com\/kuzeyinsesii\" \/>\n<meta property=\"article:published_time\" content=\"2025-01-03T12:08:12+00:00\" \/>\n<meta property=\"og:image\" content=\"https:\/\/brtk.net\/wp-content\/uploads\/2025\/01\/03\/1735897924623TATAR-SEVGUL-ULUDAG-2.jpg?ver=7fcc5f9a53296a5cd5fb7a70bff6ccba\" \/>\n<meta name=\"author\" content=\"Kuzeyin Sesi\" \/>\n<meta name=\"twitter:card\" content=\"summary_large_image\" \/>\n<meta name=\"twitter:creator\" content=\"@kuzeyinsesii\" \/>\n<meta name=\"twitter:site\" content=\"@kuzeyinsesii\" \/>\n<meta name=\"twitter:label1\" content=\"Yazan:\" \/>\n\t<meta name=\"twitter:data1\" content=\"Kuzeyin Sesi\" \/>\n\t<meta name=\"twitter:label2\" content=\"Tahmini okuma s\u00fcresi\" \/>\n\t<meta name=\"twitter:data2\" content=\"1 dakika\" \/>\n<script type=\"application\/ld+json\" class=\"yoast-schema-graph\">{\"@context\":\"https:\\\/\\\/schema.org\",\"@graph\":[{\"@type\":\"Article\",\"@id\":\"https:\\\/\\\/kuzeyinsesi.org\\\/index.php\\\/2025\\\/01\\\/03\\\/cumhurbaskani-tatardan-gazeteci-yazar-sevgul-uludaga-plaket\\\/#article\",\"isPartOf\":{\"@id\":\"https:\\\/\\\/kuzeyinsesi.org\\\/index.php\\\/2025\\\/01\\\/03\\\/cumhurbaskani-tatardan-gazeteci-yazar-sevgul-uludaga-plaket\\\/\"},\"author\":{\"name\":\"Kuzeyin Sesi\",\"@id\":\"https:\\\/\\\/kuzeyinsesi.org\\\/#\\\/schema\\\/person\\\/9f859689cdf01485597712386e37f5aa\"},\"headline\":\"Cumhurba\u015fkan\u0131 Tatar\u2019dan gazeteci-yazar Sevg\u00fcl Uluda\u011f\u2019a plaket\",\"datePublished\":\"2025-01-03T12:08:12+00:00\",\"mainEntityOfPage\":{\"@id\":\"https:\\\/\\\/kuzeyinsesi.org\\\/index.php\\\/2025\\\/01\\\/03\\\/cumhurbaskani-tatardan-gazeteci-yazar-sevgul-uludaga-plaket\\\/\"},\"wordCount\":113,\"commentCount\":0,\"image\":{\"@id\":\"https:\\\/\\\/kuzeyinsesi.org\\\/index.php\\\/2025\\\/01\\\/03\\\/cumhurbaskani-tatardan-gazeteci-yazar-sevgul-uludaga-plaket\\\/#primaryimage\"},\"thumbnailUrl\":\"https:\\\/\\\/kuzeyinsesi.org\\\/wp-content\\\/uploads\\\/2025\\\/01\\\/1735897924623TATAR-SEVGUL-ULUDAG-2.jpg\",\"articleSection\":[\"Ya\u015fam\"],\"inLanguage\":\"tr\",\"potentialAction\":[{\"@type\":\"CommentAction\",\"name\":\"Comment\",\"target\":[\"https:\\\/\\\/kuzeyinsesi.org\\\/index.php\\\/2025\\\/01\\\/03\\\/cumhurbaskani-tatardan-gazeteci-yazar-sevgul-uludaga-plaket\\\/#respond\"]}]},{\"@type\":\"WebPage\",\"@id\":\"https:\\\/\\\/kuzeyinsesi.org\\\/index.php\\\/2025\\\/01\\\/03\\\/cumhurbaskani-tatardan-gazeteci-yazar-sevgul-uludaga-plaket\\\/\",\"url\":\"https:\\\/\\\/kuzeyinsesi.org\\\/index.php\\\/2025\\\/01\\\/03\\\/cumhurbaskani-tatardan-gazeteci-yazar-sevgul-uludaga-plaket\\\/\",\"name\":\"Cumhurba\u015fkan\u0131 Tatar\u2019dan gazeteci-yazar Sevg\u00fcl Uluda\u011f\u2019a plaket - Kuzeyin Sesi\",\"isPartOf\":{\"@id\":\"https:\\\/\\\/kuzeyinsesi.org\\\/#website\"},\"primaryImageOfPage\":{\"@id\":\"https:\\\/\\\/kuzeyinsesi.org\\\/index.php\\\/2025\\\/01\\\/03\\\/cumhurbaskani-tatardan-gazeteci-yazar-sevgul-uludaga-plaket\\\/#primaryimage\"},\"image\":{\"@id\":\"https:\\\/\\\/kuzeyinsesi.org\\\/index.php\\\/2025\\\/01\\\/03\\\/cumhurbaskani-tatardan-gazeteci-yazar-sevgul-uludaga-plaket\\\/#primaryimage\"},\"thumbnailUrl\":\"https:\\\/\\\/kuzeyinsesi.org\\\/wp-content\\\/uploads\\\/2025\\\/01\\\/1735897924623TATAR-SEVGUL-ULUDAG-2.jpg\",\"datePublished\":\"2025-01-03T12:08:12+00:00\",\"author\":{\"@id\":\"https:\\\/\\\/kuzeyinsesi.org\\\/#\\\/schema\\\/person\\\/9f859689cdf01485597712386e37f5aa\"},\"breadcrumb\":{\"@id\":\"https:\\\/\\\/kuzeyinsesi.org\\\/index.php\\\/2025\\\/01\\\/03\\\/cumhurbaskani-tatardan-gazeteci-yazar-sevgul-uludaga-plaket\\\/#breadcrumb\"},\"inLanguage\":\"tr\",\"potentialAction\":[{\"@type\":\"ReadAction\",\"target\":[\"https:\\\/\\\/kuzeyinsesi.org\\\/index.php\\\/2025\\\/01\\\/03\\\/cumhurbaskani-tatardan-gazeteci-yazar-sevgul-uludaga-plaket\\\/\"]}]},{\"@type\":\"ImageObject\",\"inLanguage\":\"tr\",\"@id\":\"https:\\\/\\\/kuzeyinsesi.org\\\/index.php\\\/2025\\\/01\\\/03\\\/cumhurbaskani-tatardan-gazeteci-yazar-sevgul-uludaga-plaket\\\/#primaryimage\",\"url\":\"https:\\\/\\\/kuzeyinsesi.org\\\/wp-content\\\/uploads\\\/2025\\\/01\\\/1735897924623TATAR-SEVGUL-ULUDAG-2.jpg\",\"contentUrl\":\"https:\\\/\\\/kuzeyinsesi.org\\\/wp-content\\\/uploads\\\/2025\\\/01\\\/1735897924623TATAR-SEVGUL-ULUDAG-2.jpg\",\"width\":2560,\"height\":1244},{\"@type\":\"BreadcrumbList\",\"@id\":\"https:\\\/\\\/kuzeyinsesi.org\\\/index.php\\\/2025\\\/01\\\/03\\\/cumhurbaskani-tatardan-gazeteci-yazar-sevgul-uludaga-plaket\\\/#breadcrumb\",\"itemListElement\":[{\"@type\":\"ListItem\",\"position\":1,\"name\":\"Anasayfa\",\"item\":\"https:\\\/\\\/kuzeyinsesi.org\\\/\"},{\"@type\":\"ListItem\",\"position\":2,\"name\":\"Cumhurba\u015fkan\u0131 Tatar\u2019dan gazeteci-yazar Sevg\u00fcl Uluda\u011f\u2019a plaket\"}]},{\"@type\":\"WebSite\",\"@id\":\"https:\\\/\\\/kuzeyinsesi.org\\\/#website\",\"url\":\"https:\\\/\\\/kuzeyinsesi.org\\\/\",\"name\":\"Kuzeyin Sesi\",\"description\":\"Do\u011fru Haberin Adresi\",\"potentialAction\":[{\"@type\":\"SearchAction\",\"target\":{\"@type\":\"EntryPoint\",\"urlTemplate\":\"https:\\\/\\\/kuzeyinsesi.org\\\/?s={search_term_string}\"},\"query-input\":{\"@type\":\"PropertyValueSpecification\",\"valueRequired\":true,\"valueName\":\"search_term_string\"}}],\"inLanguage\":\"tr\"},{\"@type\":\"Person\",\"@id\":\"https:\\\/\\\/kuzeyinsesi.org\\\/#\\\/schema\\\/person\\\/9f859689cdf01485597712386e37f5aa\",\"name\":\"Kuzeyin Sesi\",\"image\":{\"@type\":\"ImageObject\",\"inLanguage\":\"tr\",\"@id\":\"https:\\\/\\\/secure.gravatar.com\\\/avatar\\\/bab33852abfd8b282518d6ed81826833d77c3c882d9ab608add591ccace47a44?s=96&d=mm&r=g\",\"url\":\"https:\\\/\\\/secure.gravatar.com\\\/avatar\\\/bab33852abfd8b282518d6ed81826833d77c3c882d9ab608add591ccace47a44?s=96&d=mm&r=g\",\"contentUrl\":\"https:\\\/\\\/secure.gravatar.com\\\/avatar\\\/bab33852abfd8b282518d6ed81826833d77c3c882d9ab608add591ccace47a44?s=96&d=mm&r=g\",\"caption\":\"Kuzeyin Sesi\"},\"sameAs\":[\"https:\\\/\\\/kuzeyinsesi.org\"],\"url\":\"https:\\\/\\\/kuzeyinsesi.org\\\/index.php\\\/author\\\/guven\\\/\"}]}<\/script>\n<!-- \/ Yoast SEO plugin. -->","yoast_head_json":{"title":"Cumhurba\u015fkan\u0131 Tatar\u2019dan gazeteci-yazar Sevg\u00fcl Uluda\u011f\u2019a plaket - Kuzeyin Sesi","robots":{"index":"index","follow":"follow","max-snippet":"max-snippet:-1","max-image-preview":"max-image-preview:large","max-video-preview":"max-video-preview:-1"},"canonical":"https:\/\/kuzeyinsesi.org\/index.php\/2025\/01\/03\/cumhurbaskani-tatardan-gazeteci-yazar-sevgul-uludaga-plaket\/","og_locale":"tr_TR","og_type":"article","og_title":"Cumhurba\u015fkan\u0131 Tatar\u2019dan gazeteci-yazar Sevg\u00fcl Uluda\u011f\u2019a plaket - Kuzeyin Sesi","og_description":"Cumhurba\u015fkan\u0131 Ersin Tatar, y\u0131llardan beridir Kay\u0131p \u015eah\u0131slar Komitesi\u2019nin \u00e7al\u0131\u015fmalar\u0131na yapt\u0131\u011f\u0131 katk\u0131lardan dolay\u0131 gazeteci-yazar Sevg\u00fcl Uluda\u011f\u2019a te\u015fekk\u00fcr plaketi takdim etti. Cumhurba\u015fkanl\u0131\u011f\u0131\u2019ndan yap\u0131lan a\u00e7\u0131klamaya g\u00f6re Tatar, gazeteci-yazar Sevg\u00fcl Uluda\u011f\u2019\u0131 kabul etti. Sevg\u00fcl Uluda\u011f\u2019\u0131n, K\u0131br\u0131s\u2019taki kay\u0131plar\u0131n bulunmas\u0131 i\u00e7in ortaya koydu\u011fu katk\u0131lar\u0131n \u00f6nemini vurgulayan Tatar, Uluda\u011f\u2019a, yard\u0131m ve \u00e7abalar\u0131 nedeniyle te\u015fekk\u00fcr etti. G\u00f6r\u00fc\u015fmede, Kay\u0131p \u015eah\u0131slar Komitesi\u2019nin K\u0131br\u0131sl\u0131 T\u00fcrk \u00dcyesi [&hellip;]","og_url":"https:\/\/kuzeyinsesi.org\/index.php\/2025\/01\/03\/cumhurbaskani-tatardan-gazeteci-yazar-sevgul-uludaga-plaket\/","og_site_name":"Kuzeyin Sesi","article_publisher":"https:\/\/www.facebook.com\/kuzeyinsesii","article_published_time":"2025-01-03T12:08:12+00:00","og_image":[{"url":"https:\/\/brtk.net\/wp-content\/uploads\/2025\/01\/03\/1735897924623TATAR-SEVGUL-ULUDAG-2.jpg?ver=7fcc5f9a53296a5cd5fb7a70bff6ccba","type":"","width":"","height":""}],"author":"Kuzeyin Sesi","twitter_card":"summary_large_image","twitter_creator":"@kuzeyinsesii","twitter_site":"@kuzeyinsesii","twitter_misc":{"Yazan:":"Kuzeyin Sesi","Tahmini okuma s\u00fcresi":"1 dakika"},"schema":{"@context":"https:\/\/schema.org","@graph":[{"@type":"Article","@id":"https:\/\/kuzeyinsesi.org\/index.php\/2025\/01\/03\/cumhurbaskani-tatardan-gazeteci-yazar-sevgul-uludaga-plaket\/#article","isPartOf":{"@id":"https:\/\/kuzeyinsesi.org\/index.php\/2025\/01\/03\/cumhurbaskani-tatardan-gazeteci-yazar-sevgul-uludaga-plaket\/"},"author":{"name":"Kuzeyin Sesi","@id":"https:\/\/kuzeyinsesi.org\/#\/schema\/person\/9f859689cdf01485597712386e37f5aa"},"headline":"Cumhurba\u015fkan\u0131 Tatar\u2019dan gazeteci-yazar Sevg\u00fcl Uluda\u011f\u2019a plaket","datePublished":"2025-01-03T12:08:12+00:00","mainEntityOfPage":{"@id":"https:\/\/kuzeyinsesi.org\/index.php\/2025\/01\/03\/cumhurbaskani-tatardan-gazeteci-yazar-sevgul-uludaga-plaket\/"},"wordCount":113,"commentCount":0,"image":{"@id":"https:\/\/kuzeyinsesi.org\/index.php\/2025\/01\/03\/cumhurbaskani-tatardan-gazeteci-yazar-sevgul-uludaga-plaket\/#primaryimage"},"thumbnailUrl":"https:\/\/kuzeyinsesi.org\/wp-content\/uploads\/2025\/01\/1735897924623TATAR-SEVGUL-ULUDAG-2.jpg","articleSection":["Ya\u015fam"],"inLanguage":"tr","potentialAction":[{"@type":"CommentAction","name":"Comment","target":["https:\/\/kuzeyinsesi.org\/index.php\/2025\/01\/03\/cumhurbaskani-tatardan-gazeteci-yazar-sevgul-uludaga-plaket\/#respond"]}]},{"@type":"WebPage","@id":"https:\/\/kuzeyinsesi.org\/index.php\/2025\/01\/03\/cumhurbaskani-tatardan-gazeteci-yazar-sevgul-uludaga-plaket\/","url":"https:\/\/kuzeyinsesi.org\/index.php\/2025\/01\/03\/cumhurbaskani-tatardan-gazeteci-yazar-sevgul-uludaga-plaket\/","name":"Cumhurba\u015fkan\u0131 Tatar\u2019dan gazeteci-yazar Sevg\u00fcl Uluda\u011f\u2019a plaket - Kuzeyin Sesi","isPartOf":{"@id":"https:\/\/kuzeyinsesi.org\/#website"},"primaryImageOfPage":{"@id":"https:\/\/kuzeyinsesi.org\/index.php\/2025\/01\/03\/cumhurbaskani-tatardan-gazeteci-yazar-sevgul-uludaga-plaket\/#primaryimage"},"image":{"@id":"https:\/\/kuzeyinsesi.org\/index.php\/2025\/01\/03\/cumhurbaskani-tatardan-gazeteci-yazar-sevgul-uludaga-plaket\/#primaryimage"},"thumbnailUrl":"https:\/\/kuzeyinsesi.org\/wp-content\/uploads\/2025\/01\/1735897924623TATAR-SEVGUL-ULUDAG-2.jpg","datePublished":"2025-01-03T12:08:12+00:00","author":{"@id":"https:\/\/kuzeyinsesi.org\/#\/schema\/person\/9f859689cdf01485597712386e37f5aa"},"breadcrumb":{"@id":"https:\/\/kuzeyinsesi.org\/index.php\/2025\/01\/03\/cumhurbaskani-tatardan-gazeteci-yazar-sevgul-uludaga-plaket\/#breadcrumb"},"inLanguage":"tr","potentialAction":[{"@type":"ReadAction","target":["https:\/\/kuzeyinsesi.org\/index.php\/2025\/01\/03\/cumhurbaskani-tatardan-gazeteci-yazar-sevgul-uludaga-plaket\/"]}]},{"@type":"ImageObject","inLanguage":"tr","@id":"https:\/\/kuzeyinsesi.org\/index.php\/2025\/01\/03\/cumhurbaskani-tatardan-gazeteci-yazar-sevgul-uludaga-plaket\/#primaryimage","url":"https:\/\/kuzeyinsesi.org\/wp-content\/uploads\/2025\/01\/1735897924623TATAR-SEVGUL-ULUDAG-2.jpg","contentUrl":"https:\/\/kuzeyinsesi.org\/wp-content\/uploads\/2025\/01\/1735897924623TATAR-SEVGUL-ULUDAG-2.jpg","width":2560,"height":1244},{"@type":"BreadcrumbList","@id":"https:\/\/kuzeyinsesi.org\/index.php\/2025\/01\/03\/cumhurbaskani-tatardan-gazeteci-yazar-sevgul-uludaga-plaket\/#breadcrumb","itemListElement":[{"@type":"ListItem","position":1,"name":"Anasayfa","item":"https:\/\/kuzeyinsesi.org\/"},{"@type":"ListItem","position":2,"name":"Cumhurba\u015fkan\u0131 Tatar\u2019dan gazeteci-yazar Sevg\u00fcl Uluda\u011f\u2019a plaket"}]},{"@type":"WebSite","@id":"https:\/\/kuzeyinsesi.org\/#website","url":"https:\/\/kuzeyinsesi.org\/","name":"Kuzeyin Sesi","description":"Do\u011fru Haberin Adresi","potentialAction":[{"@type":"SearchAction","target":{"@type":"EntryPoint","urlTemplate":"https:\/\/kuzeyinsesi.org\/?s={search_term_string}"},"query-input":{"@type":"PropertyValueSpecification","valueRequired":true,"valueName":"search_term_string"}}],"inLanguage":"tr"},{"@type":"Person","@id":"https:\/\/kuzeyinsesi.org\/#\/schema\/person\/9f859689cdf01485597712386e37f5aa","name":"Kuzeyin Sesi","image":{"@type":"ImageObject","inLanguage":"tr","@id":"https:\/\/secure.gravatar.com\/avatar\/bab33852abfd8b282518d6ed81826833d77c3c882d9ab608add591ccace47a44?s=96&d=mm&r=g","url":"https:\/\/secure.gravatar.com\/avatar\/bab33852abfd8b282518d6ed81826833d77c3c882d9ab608add591ccace47a44?s=96&d=mm&r=g","contentUrl":"https:\/\/secure.gravatar.com\/avatar\/bab33852abfd8b282518d6ed81826833d77c3c882d9ab608add591ccace47a44?s=96&d=mm&r=g","caption":"Kuzeyin Sesi"},"sameAs":["https:\/\/kuzeyinsesi.org"],"url":"https:\/\/kuzeyinsesi.org\/index.php\/author\/guven\/"}]}},"_links":{"self":[{"href":"https:\/\/kuzeyinsesi.org\/index.php\/wp-json\/wp\/v2\/posts\/16736","targetHints":{"allow":["GET"]}}],"collection":[{"href":"https:\/\/kuzeyinsesi.org\/index.php\/wp-json\/wp\/v2\/posts"}],"about":[{"href":"https:\/\/kuzeyinsesi.org\/index.php\/wp-json\/wp\/v2\/types\/post"}],"author":[{"embeddable":true,"href":"https:\/\/kuzeyinsesi.org\/index.php\/wp-json\/wp\/v2\/users\/1"}],"replies":[{"embeddable":true,"href":"https:\/\/kuzeyinsesi.org\/index.php\/wp-json\/wp\/v2\/comments?post=16736"}],"version-history":[{"count":0,"href":"https:\/\/kuzeyinsesi.org\/index.php\/wp-json\/wp\/v2\/posts\/16736\/revisions"}],"wp:featuredmedia":[{"embeddable":true,"href":"https:\/\/kuzeyinsesi.org\/index.php\/wp-json\/wp\/v2\/media\/16737"}],"wp:attachment":[{"href":"https:\/\/kuzeyinsesi.org\/index.php\/wp-json\/wp\/v2\/media?parent=16736"}],"wp:term":[{"taxonomy":"category","embeddable":true,"href":"https:\/\/kuzeyinsesi.org\/index.php\/wp-json\/wp\/v2\/categories?post=16736"},{"taxonomy":"post_tag","embeddable":true,"href":"https:\/\/kuzeyinsesi.org\/index.php\/wp-json\/wp\/v2\/tags?post=16736"}],"curies":[{"name":"wp","href":"https:\/\/api.w.org\/{rel}","templated":true}]}}