{"id":1673,"date":"2024-05-08T12:27:06","date_gmt":"2024-05-08T09:27:06","guid":{"rendered":"https:\/\/kuzeyinsesi.com\/index.php\/2024\/05\/08\/cumhurbaskani-tatar-bmgs-kibris-kisisel-temsilcisi-holguini-kabul-etti\/"},"modified":"2024-05-08T12:27:06","modified_gmt":"2024-05-08T09:27:06","slug":"cumhurbaskani-tatar-bmgs-kibris-kisisel-temsilcisi-holguini-kabul-etti","status":"publish","type":"post","link":"https:\/\/kuzeyinsesi.org\/index.php\/2024\/05\/08\/cumhurbaskani-tatar-bmgs-kibris-kisisel-temsilcisi-holguini-kabul-etti\/","title":{"rendered":"Cumhurba\u015fkan\u0131 Tatar, BMGS K\u0131br\u0131s Ki\u015fisel Temsilcisi Holguin\u2019i kabul etti"},"content":{"rendered":"<div>\n<div class=\"mariselle-image-container none\">\n                                            <\/div>\n<p style=\"font-weight: 300;\"><span style=\"font-weight: 300 !important;\">Cumhurba\u015fkan\u0131 Ersin Tatar, Birle\u015fmi\u015f Milletler Genel Sekreteri\u2019nin\u00a0<\/span><span style=\"font-weight: 300 !important;\">K\u0131br\u0131s Ki\u015fisel Temsilcisi Mar\u00eda \u00c1ngela Holguin Cu\u00e9llar\u2019\u0131 kabul etti.<\/span><\/p>\n<p style=\"font-weight: 300;\"><span style=\"font-weight: 300 !important;\">Tatar-Holguin g\u00f6r\u00fc\u015fmesi, saat 12.00\u2019da Cumhurba\u015fkanl\u0131\u011f\u0131nda ba\u015flad\u0131.<\/span><\/p>\n<p style=\"font-weight: 300;\"><span style=\"font-weight: 300 !important;\">Holgiun ve heyetini, Cumhurba\u015fkanl\u0131\u011f\u0131 M\u00fcste\u015far\u0131 Okan Donangil kar\u015f\u0131lad\u0131.<\/span><\/p>\n<p style=\"font-weight: 300;\"><span style=\"font-weight: 300 !important;\">Genel Sekreter taraf\u0131ndan g\u00f6reve atanmas\u0131n\u0131n ard\u0131ndan Kolombiyal\u0131 diplomat, adada iki taraf aras\u0131nda m\u00fczakerelerin yeniden ba\u015flamas\u0131na y\u00f6nelik ortak zemin aray\u0131\u015f\u0131nda bulunmak \u00fczere adaya \u00fc\u00e7\u00fcnc\u00fc ziyaretini yap\u0131yor.<\/span><\/p>\n<p style=\"font-weight: 300;\"><span style=\"font-weight: 300 !important;\">Holguin, Cumhurba\u015fkan\u0131 ile g\u00f6r\u00fc\u015fmesi \u00f6ncesinde Rum lider Nikos Hristodulidis ile g\u00f6r\u00fc\u015fm\u00fc\u015ft\u00fc.<\/span><\/p>\n<p style=\"font-weight: 300;\"><span style=\"font-weight: 300 !important;\">Daha \u00f6nce, ocak ve mart aylar\u0131nda K\u0131br\u0131s\u2019a ziyarette bulunan Holguin\u2019in, adada \u00fc\u00e7\u00fcnc\u00fc tur g\u00f6r\u00fc\u015fmeleri kapsam\u0131nda bug\u00fcn ba\u015flad\u0131\u011f\u0131 temaslar\u0131na 14 May\u0131s\u2019a devam etmesi bekleniyor.<\/span><\/p>\n<p>TAK\/BRT<\/p>\n<\/p><\/div>\n<p><script async\n                    defer\n                    crossorigin=\"anonymous\"\n                    src=\"https:\/\/connect.facebook.net\/tr_TR\/sdk.js#xfbml=1&#038;version=v3.3\"\n            ><\/script><\/p>\n","protected":false},"excerpt":{"rendered":"<p>Cumhurba\u015fkan\u0131 Ersin Tatar, Birle\u015fmi\u015f Milletler Genel Sekreteri\u2019nin\u00a0K\u0131br\u0131s Ki\u015fisel Temsilcisi Mar\u00eda \u00c1ngela Holguin Cu\u00e9llar\u2019\u0131 kabul etti. Tatar-Holguin g\u00f6r\u00fc\u015fmesi, saat 12.00\u2019da Cumhurba\u015fkanl\u0131\u011f\u0131nda ba\u015flad\u0131. Holgiun ve heyetini, Cumhurba\u015fkanl\u0131\u011f\u0131 M\u00fcste\u015far\u0131 Okan Donangil kar\u015f\u0131lad\u0131. Genel Sekreter taraf\u0131ndan g\u00f6reve atanmas\u0131n\u0131n ard\u0131ndan Kolombiyal\u0131 diplomat, adada iki taraf aras\u0131nda m\u00fczakerelerin yeniden ba\u015flamas\u0131na y\u00f6nelik ortak zemin aray\u0131\u015f\u0131nda bulunmak \u00fczere adaya \u00fc\u00e7\u00fcnc\u00fc ziyaretini yap\u0131yor. Holguin, [&hellip;]<\/p>\n","protected":false},"author":1,"featured_media":1674,"comment_status":"open","ping_status":"open","sticky":false,"template":"","format":"standard","meta":{"jnews-multi-image_gallery":[],"jnews_single_post":[],"jnews_primary_category":[],"jnews_social_meta":[],"jnews_override_counter":[],"footnotes":""},"categories":[1],"tags":[],"class_list":["post-1673","post","type-post","status-publish","format-standard","has-post-thumbnail","hentry","category-kibris"],"yoast_head":"<!-- This site is optimized with the Yoast SEO plugin v27.5 - https:\/\/yoast.com\/product\/yoast-seo-wordpress\/ -->\n<title>Cumhurba\u015fkan\u0131 Tatar, BMGS K\u0131br\u0131s Ki\u015fisel Temsilcisi Holguin\u2019i kabul etti - Kuzeyin Sesi<\/title>\n<meta name=\"robots\" content=\"index, follow, max-snippet:-1, max-image-preview:large, max-video-preview:-1\" \/>\n<link rel=\"canonical\" href=\"https:\/\/kuzeyinsesi.org\/index.php\/2024\/05\/08\/cumhurbaskani-tatar-bmgs-kibris-kisisel-temsilcisi-holguini-kabul-etti\/\" \/>\n<meta property=\"og:locale\" content=\"tr_TR\" \/>\n<meta property=\"og:type\" content=\"article\" \/>\n<meta property=\"og:title\" content=\"Cumhurba\u015fkan\u0131 Tatar, BMGS K\u0131br\u0131s Ki\u015fisel Temsilcisi Holguin\u2019i kabul etti - Kuzeyin Sesi\" \/>\n<meta property=\"og:description\" content=\"Cumhurba\u015fkan\u0131 Ersin Tatar, Birle\u015fmi\u015f Milletler Genel Sekreteri\u2019nin\u00a0K\u0131br\u0131s Ki\u015fisel Temsilcisi Mar\u00eda \u00c1ngela Holguin Cu\u00e9llar\u2019\u0131 kabul etti. Tatar-Holguin g\u00f6r\u00fc\u015fmesi, saat 12.00\u2019da Cumhurba\u015fkanl\u0131\u011f\u0131nda ba\u015flad\u0131. Holgiun ve heyetini, Cumhurba\u015fkanl\u0131\u011f\u0131 M\u00fcste\u015far\u0131 Okan Donangil kar\u015f\u0131lad\u0131. Genel Sekreter taraf\u0131ndan g\u00f6reve atanmas\u0131n\u0131n ard\u0131ndan Kolombiyal\u0131 diplomat, adada iki taraf aras\u0131nda m\u00fczakerelerin yeniden ba\u015flamas\u0131na y\u00f6nelik ortak zemin aray\u0131\u015f\u0131nda bulunmak \u00fczere adaya \u00fc\u00e7\u00fcnc\u00fc ziyaretini yap\u0131yor. Holguin, [&hellip;]\" \/>\n<meta property=\"og:url\" content=\"https:\/\/kuzeyinsesi.org\/index.php\/2024\/05\/08\/cumhurbaskani-tatar-bmgs-kibris-kisisel-temsilcisi-holguini-kabul-etti\/\" \/>\n<meta property=\"og:site_name\" content=\"Kuzeyin Sesi\" \/>\n<meta property=\"article:publisher\" content=\"https:\/\/www.facebook.com\/kuzeyinsesii\" \/>\n<meta property=\"article:published_time\" content=\"2024-05-08T09:27:06+00:00\" \/>\n<meta property=\"og:image\" content=\"https:\/\/kuzeyinsesi.org\/wp-content\/uploads\/2024\/05\/tatar-holgiun1.jpg\" \/>\n\t<meta property=\"og:image:width\" content=\"1600\" \/>\n\t<meta property=\"og:image:height\" content=\"1066\" \/>\n\t<meta property=\"og:image:type\" content=\"image\/jpeg\" \/>\n<meta name=\"author\" content=\"Kuzeyin Sesi\" \/>\n<meta name=\"twitter:card\" content=\"summary_large_image\" \/>\n<meta name=\"twitter:creator\" content=\"@kuzeyinsesii\" \/>\n<meta name=\"twitter:site\" content=\"@kuzeyinsesii\" \/>\n<meta name=\"twitter:label1\" content=\"Yazan:\" \/>\n\t<meta name=\"twitter:data1\" content=\"Kuzeyin Sesi\" \/>\n\t<meta name=\"twitter:label2\" content=\"Tahmini okuma s\u00fcresi\" \/>\n\t<meta name=\"twitter:data2\" content=\"1 dakika\" \/>\n<script type=\"application\/ld+json\" class=\"yoast-schema-graph\">{\"@context\":\"https:\\\/\\\/schema.org\",\"@graph\":[{\"@type\":\"Article\",\"@id\":\"https:\\\/\\\/kuzeyinsesi.org\\\/index.php\\\/2024\\\/05\\\/08\\\/cumhurbaskani-tatar-bmgs-kibris-kisisel-temsilcisi-holguini-kabul-etti\\\/#article\",\"isPartOf\":{\"@id\":\"https:\\\/\\\/kuzeyinsesi.org\\\/index.php\\\/2024\\\/05\\\/08\\\/cumhurbaskani-tatar-bmgs-kibris-kisisel-temsilcisi-holguini-kabul-etti\\\/\"},\"author\":{\"name\":\"Kuzeyin Sesi\",\"@id\":\"https:\\\/\\\/kuzeyinsesi.org\\\/#\\\/schema\\\/person\\\/9f859689cdf01485597712386e37f5aa\"},\"headline\":\"Cumhurba\u015fkan\u0131 Tatar, BMGS K\u0131br\u0131s Ki\u015fisel Temsilcisi Holguin\u2019i kabul etti\",\"datePublished\":\"2024-05-08T09:27:06+00:00\",\"mainEntityOfPage\":{\"@id\":\"https:\\\/\\\/kuzeyinsesi.org\\\/index.php\\\/2024\\\/05\\\/08\\\/cumhurbaskani-tatar-bmgs-kibris-kisisel-temsilcisi-holguini-kabul-etti\\\/\"},\"wordCount\":152,\"commentCount\":0,\"image\":{\"@id\":\"https:\\\/\\\/kuzeyinsesi.org\\\/index.php\\\/2024\\\/05\\\/08\\\/cumhurbaskani-tatar-bmgs-kibris-kisisel-temsilcisi-holguini-kabul-etti\\\/#primaryimage\"},\"thumbnailUrl\":\"https:\\\/\\\/kuzeyinsesi.org\\\/wp-content\\\/uploads\\\/2024\\\/05\\\/tatar-holgiun1.jpg\",\"articleSection\":[\"K\u0131br\u0131s\"],\"inLanguage\":\"tr\",\"potentialAction\":[{\"@type\":\"CommentAction\",\"name\":\"Comment\",\"target\":[\"https:\\\/\\\/kuzeyinsesi.org\\\/index.php\\\/2024\\\/05\\\/08\\\/cumhurbaskani-tatar-bmgs-kibris-kisisel-temsilcisi-holguini-kabul-etti\\\/#respond\"]}]},{\"@type\":\"WebPage\",\"@id\":\"https:\\\/\\\/kuzeyinsesi.org\\\/index.php\\\/2024\\\/05\\\/08\\\/cumhurbaskani-tatar-bmgs-kibris-kisisel-temsilcisi-holguini-kabul-etti\\\/\",\"url\":\"https:\\\/\\\/kuzeyinsesi.org\\\/index.php\\\/2024\\\/05\\\/08\\\/cumhurbaskani-tatar-bmgs-kibris-kisisel-temsilcisi-holguini-kabul-etti\\\/\",\"name\":\"Cumhurba\u015fkan\u0131 Tatar, BMGS K\u0131br\u0131s Ki\u015fisel Temsilcisi Holguin\u2019i kabul etti - Kuzeyin Sesi\",\"isPartOf\":{\"@id\":\"https:\\\/\\\/kuzeyinsesi.org\\\/#website\"},\"primaryImageOfPage\":{\"@id\":\"https:\\\/\\\/kuzeyinsesi.org\\\/index.php\\\/2024\\\/05\\\/08\\\/cumhurbaskani-tatar-bmgs-kibris-kisisel-temsilcisi-holguini-kabul-etti\\\/#primaryimage\"},\"image\":{\"@id\":\"https:\\\/\\\/kuzeyinsesi.org\\\/index.php\\\/2024\\\/05\\\/08\\\/cumhurbaskani-tatar-bmgs-kibris-kisisel-temsilcisi-holguini-kabul-etti\\\/#primaryimage\"},\"thumbnailUrl\":\"https:\\\/\\\/kuzeyinsesi.org\\\/wp-content\\\/uploads\\\/2024\\\/05\\\/tatar-holgiun1.jpg\",\"datePublished\":\"2024-05-08T09:27:06+00:00\",\"author\":{\"@id\":\"https:\\\/\\\/kuzeyinsesi.org\\\/#\\\/schema\\\/person\\\/9f859689cdf01485597712386e37f5aa\"},\"breadcrumb\":{\"@id\":\"https:\\\/\\\/kuzeyinsesi.org\\\/index.php\\\/2024\\\/05\\\/08\\\/cumhurbaskani-tatar-bmgs-kibris-kisisel-temsilcisi-holguini-kabul-etti\\\/#breadcrumb\"},\"inLanguage\":\"tr\",\"potentialAction\":[{\"@type\":\"ReadAction\",\"target\":[\"https:\\\/\\\/kuzeyinsesi.org\\\/index.php\\\/2024\\\/05\\\/08\\\/cumhurbaskani-tatar-bmgs-kibris-kisisel-temsilcisi-holguini-kabul-etti\\\/\"]}]},{\"@type\":\"ImageObject\",\"inLanguage\":\"tr\",\"@id\":\"https:\\\/\\\/kuzeyinsesi.org\\\/index.php\\\/2024\\\/05\\\/08\\\/cumhurbaskani-tatar-bmgs-kibris-kisisel-temsilcisi-holguini-kabul-etti\\\/#primaryimage\",\"url\":\"https:\\\/\\\/kuzeyinsesi.org\\\/wp-content\\\/uploads\\\/2024\\\/05\\\/tatar-holgiun1.jpg\",\"contentUrl\":\"https:\\\/\\\/kuzeyinsesi.org\\\/wp-content\\\/uploads\\\/2024\\\/05\\\/tatar-holgiun1.jpg\",\"width\":1600,\"height\":1066},{\"@type\":\"BreadcrumbList\",\"@id\":\"https:\\\/\\\/kuzeyinsesi.org\\\/index.php\\\/2024\\\/05\\\/08\\\/cumhurbaskani-tatar-bmgs-kibris-kisisel-temsilcisi-holguini-kabul-etti\\\/#breadcrumb\",\"itemListElement\":[{\"@type\":\"ListItem\",\"position\":1,\"name\":\"Anasayfa\",\"item\":\"https:\\\/\\\/kuzeyinsesi.org\\\/\"},{\"@type\":\"ListItem\",\"position\":2,\"name\":\"Cumhurba\u015fkan\u0131 Tatar, BMGS K\u0131br\u0131s Ki\u015fisel Temsilcisi Holguin\u2019i kabul etti\"}]},{\"@type\":\"WebSite\",\"@id\":\"https:\\\/\\\/kuzeyinsesi.org\\\/#website\",\"url\":\"https:\\\/\\\/kuzeyinsesi.org\\\/\",\"name\":\"Kuzeyin Sesi\",\"description\":\"Do\u011fru Haberin Adresi\",\"potentialAction\":[{\"@type\":\"SearchAction\",\"target\":{\"@type\":\"EntryPoint\",\"urlTemplate\":\"https:\\\/\\\/kuzeyinsesi.org\\\/?s={search_term_string}\"},\"query-input\":{\"@type\":\"PropertyValueSpecification\",\"valueRequired\":true,\"valueName\":\"search_term_string\"}}],\"inLanguage\":\"tr\"},{\"@type\":\"Person\",\"@id\":\"https:\\\/\\\/kuzeyinsesi.org\\\/#\\\/schema\\\/person\\\/9f859689cdf01485597712386e37f5aa\",\"name\":\"Kuzeyin Sesi\",\"image\":{\"@type\":\"ImageObject\",\"inLanguage\":\"tr\",\"@id\":\"https:\\\/\\\/secure.gravatar.com\\\/avatar\\\/bab33852abfd8b282518d6ed81826833d77c3c882d9ab608add591ccace47a44?s=96&d=mm&r=g\",\"url\":\"https:\\\/\\\/secure.gravatar.com\\\/avatar\\\/bab33852abfd8b282518d6ed81826833d77c3c882d9ab608add591ccace47a44?s=96&d=mm&r=g\",\"contentUrl\":\"https:\\\/\\\/secure.gravatar.com\\\/avatar\\\/bab33852abfd8b282518d6ed81826833d77c3c882d9ab608add591ccace47a44?s=96&d=mm&r=g\",\"caption\":\"Kuzeyin Sesi\"},\"sameAs\":[\"https:\\\/\\\/kuzeyinsesi.org\"],\"url\":\"https:\\\/\\\/kuzeyinsesi.org\\\/index.php\\\/author\\\/guven\\\/\"}]}<\/script>\n<!-- \/ Yoast SEO plugin. -->","yoast_head_json":{"title":"Cumhurba\u015fkan\u0131 Tatar, BMGS K\u0131br\u0131s Ki\u015fisel Temsilcisi Holguin\u2019i kabul etti - Kuzeyin Sesi","robots":{"index":"index","follow":"follow","max-snippet":"max-snippet:-1","max-image-preview":"max-image-preview:large","max-video-preview":"max-video-preview:-1"},"canonical":"https:\/\/kuzeyinsesi.org\/index.php\/2024\/05\/08\/cumhurbaskani-tatar-bmgs-kibris-kisisel-temsilcisi-holguini-kabul-etti\/","og_locale":"tr_TR","og_type":"article","og_title":"Cumhurba\u015fkan\u0131 Tatar, BMGS K\u0131br\u0131s Ki\u015fisel Temsilcisi Holguin\u2019i kabul etti - Kuzeyin Sesi","og_description":"Cumhurba\u015fkan\u0131 Ersin Tatar, Birle\u015fmi\u015f Milletler Genel Sekreteri\u2019nin\u00a0K\u0131br\u0131s Ki\u015fisel Temsilcisi Mar\u00eda \u00c1ngela Holguin Cu\u00e9llar\u2019\u0131 kabul etti. Tatar-Holguin g\u00f6r\u00fc\u015fmesi, saat 12.00\u2019da Cumhurba\u015fkanl\u0131\u011f\u0131nda ba\u015flad\u0131. Holgiun ve heyetini, Cumhurba\u015fkanl\u0131\u011f\u0131 M\u00fcste\u015far\u0131 Okan Donangil kar\u015f\u0131lad\u0131. Genel Sekreter taraf\u0131ndan g\u00f6reve atanmas\u0131n\u0131n ard\u0131ndan Kolombiyal\u0131 diplomat, adada iki taraf aras\u0131nda m\u00fczakerelerin yeniden ba\u015flamas\u0131na y\u00f6nelik ortak zemin aray\u0131\u015f\u0131nda bulunmak \u00fczere adaya \u00fc\u00e7\u00fcnc\u00fc ziyaretini yap\u0131yor. Holguin, [&hellip;]","og_url":"https:\/\/kuzeyinsesi.org\/index.php\/2024\/05\/08\/cumhurbaskani-tatar-bmgs-kibris-kisisel-temsilcisi-holguini-kabul-etti\/","og_site_name":"Kuzeyin Sesi","article_publisher":"https:\/\/www.facebook.com\/kuzeyinsesii","article_published_time":"2024-05-08T09:27:06+00:00","og_image":[{"width":1600,"height":1066,"url":"https:\/\/kuzeyinsesi.org\/wp-content\/uploads\/2024\/05\/tatar-holgiun1.jpg","type":"image\/jpeg"}],"author":"Kuzeyin Sesi","twitter_card":"summary_large_image","twitter_creator":"@kuzeyinsesii","twitter_site":"@kuzeyinsesii","twitter_misc":{"Yazan:":"Kuzeyin Sesi","Tahmini okuma s\u00fcresi":"1 dakika"},"schema":{"@context":"https:\/\/schema.org","@graph":[{"@type":"Article","@id":"https:\/\/kuzeyinsesi.org\/index.php\/2024\/05\/08\/cumhurbaskani-tatar-bmgs-kibris-kisisel-temsilcisi-holguini-kabul-etti\/#article","isPartOf":{"@id":"https:\/\/kuzeyinsesi.org\/index.php\/2024\/05\/08\/cumhurbaskani-tatar-bmgs-kibris-kisisel-temsilcisi-holguini-kabul-etti\/"},"author":{"name":"Kuzeyin Sesi","@id":"https:\/\/kuzeyinsesi.org\/#\/schema\/person\/9f859689cdf01485597712386e37f5aa"},"headline":"Cumhurba\u015fkan\u0131 Tatar, BMGS K\u0131br\u0131s Ki\u015fisel Temsilcisi Holguin\u2019i kabul etti","datePublished":"2024-05-08T09:27:06+00:00","mainEntityOfPage":{"@id":"https:\/\/kuzeyinsesi.org\/index.php\/2024\/05\/08\/cumhurbaskani-tatar-bmgs-kibris-kisisel-temsilcisi-holguini-kabul-etti\/"},"wordCount":152,"commentCount":0,"image":{"@id":"https:\/\/kuzeyinsesi.org\/index.php\/2024\/05\/08\/cumhurbaskani-tatar-bmgs-kibris-kisisel-temsilcisi-holguini-kabul-etti\/#primaryimage"},"thumbnailUrl":"https:\/\/kuzeyinsesi.org\/wp-content\/uploads\/2024\/05\/tatar-holgiun1.jpg","articleSection":["K\u0131br\u0131s"],"inLanguage":"tr","potentialAction":[{"@type":"CommentAction","name":"Comment","target":["https:\/\/kuzeyinsesi.org\/index.php\/2024\/05\/08\/cumhurbaskani-tatar-bmgs-kibris-kisisel-temsilcisi-holguini-kabul-etti\/#respond"]}]},{"@type":"WebPage","@id":"https:\/\/kuzeyinsesi.org\/index.php\/2024\/05\/08\/cumhurbaskani-tatar-bmgs-kibris-kisisel-temsilcisi-holguini-kabul-etti\/","url":"https:\/\/kuzeyinsesi.org\/index.php\/2024\/05\/08\/cumhurbaskani-tatar-bmgs-kibris-kisisel-temsilcisi-holguini-kabul-etti\/","name":"Cumhurba\u015fkan\u0131 Tatar, BMGS K\u0131br\u0131s Ki\u015fisel Temsilcisi Holguin\u2019i kabul etti - Kuzeyin Sesi","isPartOf":{"@id":"https:\/\/kuzeyinsesi.org\/#website"},"primaryImageOfPage":{"@id":"https:\/\/kuzeyinsesi.org\/index.php\/2024\/05\/08\/cumhurbaskani-tatar-bmgs-kibris-kisisel-temsilcisi-holguini-kabul-etti\/#primaryimage"},"image":{"@id":"https:\/\/kuzeyinsesi.org\/index.php\/2024\/05\/08\/cumhurbaskani-tatar-bmgs-kibris-kisisel-temsilcisi-holguini-kabul-etti\/#primaryimage"},"thumbnailUrl":"https:\/\/kuzeyinsesi.org\/wp-content\/uploads\/2024\/05\/tatar-holgiun1.jpg","datePublished":"2024-05-08T09:27:06+00:00","author":{"@id":"https:\/\/kuzeyinsesi.org\/#\/schema\/person\/9f859689cdf01485597712386e37f5aa"},"breadcrumb":{"@id":"https:\/\/kuzeyinsesi.org\/index.php\/2024\/05\/08\/cumhurbaskani-tatar-bmgs-kibris-kisisel-temsilcisi-holguini-kabul-etti\/#breadcrumb"},"inLanguage":"tr","potentialAction":[{"@type":"ReadAction","target":["https:\/\/kuzeyinsesi.org\/index.php\/2024\/05\/08\/cumhurbaskani-tatar-bmgs-kibris-kisisel-temsilcisi-holguini-kabul-etti\/"]}]},{"@type":"ImageObject","inLanguage":"tr","@id":"https:\/\/kuzeyinsesi.org\/index.php\/2024\/05\/08\/cumhurbaskani-tatar-bmgs-kibris-kisisel-temsilcisi-holguini-kabul-etti\/#primaryimage","url":"https:\/\/kuzeyinsesi.org\/wp-content\/uploads\/2024\/05\/tatar-holgiun1.jpg","contentUrl":"https:\/\/kuzeyinsesi.org\/wp-content\/uploads\/2024\/05\/tatar-holgiun1.jpg","width":1600,"height":1066},{"@type":"BreadcrumbList","@id":"https:\/\/kuzeyinsesi.org\/index.php\/2024\/05\/08\/cumhurbaskani-tatar-bmgs-kibris-kisisel-temsilcisi-holguini-kabul-etti\/#breadcrumb","itemListElement":[{"@type":"ListItem","position":1,"name":"Anasayfa","item":"https:\/\/kuzeyinsesi.org\/"},{"@type":"ListItem","position":2,"name":"Cumhurba\u015fkan\u0131 Tatar, BMGS K\u0131br\u0131s Ki\u015fisel Temsilcisi Holguin\u2019i kabul etti"}]},{"@type":"WebSite","@id":"https:\/\/kuzeyinsesi.org\/#website","url":"https:\/\/kuzeyinsesi.org\/","name":"Kuzeyin Sesi","description":"Do\u011fru Haberin Adresi","potentialAction":[{"@type":"SearchAction","target":{"@type":"EntryPoint","urlTemplate":"https:\/\/kuzeyinsesi.org\/?s={search_term_string}"},"query-input":{"@type":"PropertyValueSpecification","valueRequired":true,"valueName":"search_term_string"}}],"inLanguage":"tr"},{"@type":"Person","@id":"https:\/\/kuzeyinsesi.org\/#\/schema\/person\/9f859689cdf01485597712386e37f5aa","name":"Kuzeyin Sesi","image":{"@type":"ImageObject","inLanguage":"tr","@id":"https:\/\/secure.gravatar.com\/avatar\/bab33852abfd8b282518d6ed81826833d77c3c882d9ab608add591ccace47a44?s=96&d=mm&r=g","url":"https:\/\/secure.gravatar.com\/avatar\/bab33852abfd8b282518d6ed81826833d77c3c882d9ab608add591ccace47a44?s=96&d=mm&r=g","contentUrl":"https:\/\/secure.gravatar.com\/avatar\/bab33852abfd8b282518d6ed81826833d77c3c882d9ab608add591ccace47a44?s=96&d=mm&r=g","caption":"Kuzeyin Sesi"},"sameAs":["https:\/\/kuzeyinsesi.org"],"url":"https:\/\/kuzeyinsesi.org\/index.php\/author\/guven\/"}]}},"_links":{"self":[{"href":"https:\/\/kuzeyinsesi.org\/index.php\/wp-json\/wp\/v2\/posts\/1673","targetHints":{"allow":["GET"]}}],"collection":[{"href":"https:\/\/kuzeyinsesi.org\/index.php\/wp-json\/wp\/v2\/posts"}],"about":[{"href":"https:\/\/kuzeyinsesi.org\/index.php\/wp-json\/wp\/v2\/types\/post"}],"author":[{"embeddable":true,"href":"https:\/\/kuzeyinsesi.org\/index.php\/wp-json\/wp\/v2\/users\/1"}],"replies":[{"embeddable":true,"href":"https:\/\/kuzeyinsesi.org\/index.php\/wp-json\/wp\/v2\/comments?post=1673"}],"version-history":[{"count":0,"href":"https:\/\/kuzeyinsesi.org\/index.php\/wp-json\/wp\/v2\/posts\/1673\/revisions"}],"wp:featuredmedia":[{"embeddable":true,"href":"https:\/\/kuzeyinsesi.org\/index.php\/wp-json\/wp\/v2\/media\/1674"}],"wp:attachment":[{"href":"https:\/\/kuzeyinsesi.org\/index.php\/wp-json\/wp\/v2\/media?parent=1673"}],"wp:term":[{"taxonomy":"category","embeddable":true,"href":"https:\/\/kuzeyinsesi.org\/index.php\/wp-json\/wp\/v2\/categories?post=1673"},{"taxonomy":"post_tag","embeddable":true,"href":"https:\/\/kuzeyinsesi.org\/index.php\/wp-json\/wp\/v2\/tags?post=1673"}],"curies":[{"name":"wp","href":"https:\/\/api.w.org\/{rel}","templated":true}]}}