{"id":16705,"date":"2025-01-02T22:02:09","date_gmt":"2025-01-02T20:02:09","guid":{"rendered":"https:\/\/kuzeyinsesi.org\/index.php\/2025\/01\/02\/amfibi-deniz-piyade-50-yil-sonra-kktcde-egitim-ve-spor-faaliyetleri-gerceklestirdi\/"},"modified":"2025-01-02T22:02:09","modified_gmt":"2025-01-02T20:02:09","slug":"amfibi-deniz-piyade-50-yil-sonra-kktcde-egitim-ve-spor-faaliyetleri-gerceklestirdi","status":"publish","type":"post","link":"https:\/\/kuzeyinsesi.org\/index.php\/2025\/01\/02\/amfibi-deniz-piyade-50-yil-sonra-kktcde-egitim-ve-spor-faaliyetleri-gerceklestirdi\/","title":{"rendered":"Amfibi Deniz Piyade, 50 y\u0131l sonra KKTC\u2019de e\u011fitim ve spor faaliyetleri ger\u00e7ekle\u015ftirdi"},"content":{"rendered":"<div>\n<div class=\"mariselle-image-container center\">\n                                            <\/div>\n<p>T\u00fcrkiye Milli Savunma Bakanl\u0131\u011f\u0131 (MSB), Amfibi Deniz Piyade Birli\u011fi\u2019nin 50 y\u0131l sonra KKTC\u2019de e\u011fitim ve spor faaliyetleri ger\u00e7ekle\u015ftirdi\u011fini bildirdi.<\/p>\n<p>Bakanl\u0131\u011f\u0131n sosyal medya hesab\u0131ndan yap\u0131lan payla\u015f\u0131mda, \u201cAmfibi Deniz Piyade, 50 y\u0131l sonra K\u0131br\u0131s Adas\u0131\u2019nda. KKTC \u0130skele-Bo\u011faz B\u00f6lgesi\u2019nde konu\u015flanan Amfibi Deniz Piyade Birli\u011fi, 26-27 Aral\u0131k 2024 tarihlerinde \u2018E\u011fitim ve Spor\u2019 faaliyetleri ger\u00e7ekle\u015ftirdi.\u201d ifadeleri kullan\u0131ld\u0131.<\/p>\n<\/p><\/div>\n<p><script async\n                    defer\n                    crossorigin=\"anonymous\"\n                    src=\"https:\/\/connect.facebook.net\/tr_TR\/sdk.js#xfbml=1&#038;version=v3.3\"\n            ><\/script><\/p>\n","protected":false},"excerpt":{"rendered":"<p>T\u00fcrkiye Milli Savunma Bakanl\u0131\u011f\u0131 (MSB), Amfibi Deniz Piyade Birli\u011fi\u2019nin 50 y\u0131l sonra KKTC\u2019de e\u011fitim ve spor faaliyetleri ger\u00e7ekle\u015ftirdi\u011fini bildirdi. Bakanl\u0131\u011f\u0131n sosyal medya hesab\u0131ndan yap\u0131lan payla\u015f\u0131mda, \u201cAmfibi Deniz Piyade, 50 y\u0131l sonra K\u0131br\u0131s Adas\u0131\u2019nda. KKTC \u0130skele-Bo\u011faz B\u00f6lgesi\u2019nde konu\u015flanan Amfibi Deniz Piyade Birli\u011fi, 26-27 Aral\u0131k 2024 tarihlerinde \u2018E\u011fitim ve Spor\u2019 faaliyetleri ger\u00e7ekle\u015ftirdi.\u201d ifadeleri kullan\u0131ld\u0131.<\/p>\n","protected":false},"author":1,"featured_media":16706,"comment_status":"open","ping_status":"open","sticky":false,"template":"","format":"standard","meta":{"jnews-multi-image_gallery":[],"jnews_single_post":[],"jnews_primary_category":[],"jnews_social_meta":[],"jnews_override_counter":[],"footnotes":""},"categories":[5],"tags":[],"class_list":["post-16705","post","type-post","status-publish","format-standard","has-post-thumbnail","hentry","category-turkiye"],"yoast_head":"<!-- This site is optimized with the Yoast SEO plugin v27.4 - https:\/\/yoast.com\/product\/yoast-seo-wordpress\/ -->\n<title>Amfibi Deniz Piyade, 50 y\u0131l sonra KKTC\u2019de e\u011fitim ve spor faaliyetleri ger\u00e7ekle\u015ftirdi - Kuzeyin Sesi<\/title>\n<meta name=\"robots\" content=\"index, follow, max-snippet:-1, max-image-preview:large, max-video-preview:-1\" \/>\n<link rel=\"canonical\" href=\"https:\/\/kuzeyinsesi.org\/index.php\/2025\/01\/02\/amfibi-deniz-piyade-50-yil-sonra-kktcde-egitim-ve-spor-faaliyetleri-gerceklestirdi\/\" \/>\n<meta property=\"og:locale\" content=\"tr_TR\" \/>\n<meta property=\"og:type\" content=\"article\" \/>\n<meta property=\"og:title\" content=\"Amfibi Deniz Piyade, 50 y\u0131l sonra KKTC\u2019de e\u011fitim ve spor faaliyetleri ger\u00e7ekle\u015ftirdi - Kuzeyin Sesi\" \/>\n<meta property=\"og:description\" content=\"T\u00fcrkiye Milli Savunma Bakanl\u0131\u011f\u0131 (MSB), Amfibi Deniz Piyade Birli\u011fi\u2019nin 50 y\u0131l sonra KKTC\u2019de e\u011fitim ve spor faaliyetleri ger\u00e7ekle\u015ftirdi\u011fini bildirdi. Bakanl\u0131\u011f\u0131n sosyal medya hesab\u0131ndan yap\u0131lan payla\u015f\u0131mda, \u201cAmfibi Deniz Piyade, 50 y\u0131l sonra K\u0131br\u0131s Adas\u0131\u2019nda. KKTC \u0130skele-Bo\u011faz B\u00f6lgesi\u2019nde konu\u015flanan Amfibi Deniz Piyade Birli\u011fi, 26-27 Aral\u0131k 2024 tarihlerinde \u2018E\u011fitim ve Spor\u2019 faaliyetleri ger\u00e7ekle\u015ftirdi.\u201d ifadeleri kullan\u0131ld\u0131.\" \/>\n<meta property=\"og:url\" content=\"https:\/\/kuzeyinsesi.org\/index.php\/2025\/01\/02\/amfibi-deniz-piyade-50-yil-sonra-kktcde-egitim-ve-spor-faaliyetleri-gerceklestirdi\/\" \/>\n<meta property=\"og:site_name\" content=\"Kuzeyin Sesi\" \/>\n<meta property=\"article:publisher\" content=\"https:\/\/www.facebook.com\/kuzeyinsesii\" \/>\n<meta property=\"article:published_time\" content=\"2025-01-02T20:02:09+00:00\" \/>\n<meta property=\"og:image\" content=\"https:\/\/brtk.net\/wp-content\/uploads\/2024\/11\/29\/tc-milli-savunma-KIBRIS-NATO-1.jpg?ver=6b46c9205e9a52f5034da71f3377153c\" \/>\n<meta name=\"author\" content=\"Kuzeyin Sesi\" \/>\n<meta name=\"twitter:card\" content=\"summary_large_image\" \/>\n<meta name=\"twitter:creator\" content=\"@kuzeyinsesii\" \/>\n<meta name=\"twitter:site\" content=\"@kuzeyinsesii\" \/>\n<meta name=\"twitter:label1\" content=\"Yazan:\" \/>\n\t<meta name=\"twitter:data1\" content=\"Kuzeyin Sesi\" \/>\n<script type=\"application\/ld+json\" class=\"yoast-schema-graph\">{\"@context\":\"https:\\\/\\\/schema.org\",\"@graph\":[{\"@type\":\"Article\",\"@id\":\"https:\\\/\\\/kuzeyinsesi.org\\\/index.php\\\/2025\\\/01\\\/02\\\/amfibi-deniz-piyade-50-yil-sonra-kktcde-egitim-ve-spor-faaliyetleri-gerceklestirdi\\\/#article\",\"isPartOf\":{\"@id\":\"https:\\\/\\\/kuzeyinsesi.org\\\/index.php\\\/2025\\\/01\\\/02\\\/amfibi-deniz-piyade-50-yil-sonra-kktcde-egitim-ve-spor-faaliyetleri-gerceklestirdi\\\/\"},\"author\":{\"name\":\"Kuzeyin Sesi\",\"@id\":\"https:\\\/\\\/kuzeyinsesi.org\\\/#\\\/schema\\\/person\\\/9f859689cdf01485597712386e37f5aa\"},\"headline\":\"Amfibi Deniz Piyade, 50 y\u0131l sonra KKTC\u2019de e\u011fitim ve spor faaliyetleri ger\u00e7ekle\u015ftirdi\",\"datePublished\":\"2025-01-02T20:02:09+00:00\",\"mainEntityOfPage\":{\"@id\":\"https:\\\/\\\/kuzeyinsesi.org\\\/index.php\\\/2025\\\/01\\\/02\\\/amfibi-deniz-piyade-50-yil-sonra-kktcde-egitim-ve-spor-faaliyetleri-gerceklestirdi\\\/\"},\"wordCount\":92,\"commentCount\":0,\"image\":{\"@id\":\"https:\\\/\\\/kuzeyinsesi.org\\\/index.php\\\/2025\\\/01\\\/02\\\/amfibi-deniz-piyade-50-yil-sonra-kktcde-egitim-ve-spor-faaliyetleri-gerceklestirdi\\\/#primaryimage\"},\"thumbnailUrl\":\"https:\\\/\\\/kuzeyinsesi.org\\\/wp-content\\\/uploads\\\/2025\\\/01\\\/tc-milli-savunma-KIBRIS-NATO-1.jpg\",\"articleSection\":[\"T\u00fcrkiye\"],\"inLanguage\":\"tr\",\"potentialAction\":[{\"@type\":\"CommentAction\",\"name\":\"Comment\",\"target\":[\"https:\\\/\\\/kuzeyinsesi.org\\\/index.php\\\/2025\\\/01\\\/02\\\/amfibi-deniz-piyade-50-yil-sonra-kktcde-egitim-ve-spor-faaliyetleri-gerceklestirdi\\\/#respond\"]}]},{\"@type\":\"WebPage\",\"@id\":\"https:\\\/\\\/kuzeyinsesi.org\\\/index.php\\\/2025\\\/01\\\/02\\\/amfibi-deniz-piyade-50-yil-sonra-kktcde-egitim-ve-spor-faaliyetleri-gerceklestirdi\\\/\",\"url\":\"https:\\\/\\\/kuzeyinsesi.org\\\/index.php\\\/2025\\\/01\\\/02\\\/amfibi-deniz-piyade-50-yil-sonra-kktcde-egitim-ve-spor-faaliyetleri-gerceklestirdi\\\/\",\"name\":\"Amfibi Deniz Piyade, 50 y\u0131l sonra KKTC\u2019de e\u011fitim ve spor faaliyetleri ger\u00e7ekle\u015ftirdi - Kuzeyin Sesi\",\"isPartOf\":{\"@id\":\"https:\\\/\\\/kuzeyinsesi.org\\\/#website\"},\"primaryImageOfPage\":{\"@id\":\"https:\\\/\\\/kuzeyinsesi.org\\\/index.php\\\/2025\\\/01\\\/02\\\/amfibi-deniz-piyade-50-yil-sonra-kktcde-egitim-ve-spor-faaliyetleri-gerceklestirdi\\\/#primaryimage\"},\"image\":{\"@id\":\"https:\\\/\\\/kuzeyinsesi.org\\\/index.php\\\/2025\\\/01\\\/02\\\/amfibi-deniz-piyade-50-yil-sonra-kktcde-egitim-ve-spor-faaliyetleri-gerceklestirdi\\\/#primaryimage\"},\"thumbnailUrl\":\"https:\\\/\\\/kuzeyinsesi.org\\\/wp-content\\\/uploads\\\/2025\\\/01\\\/tc-milli-savunma-KIBRIS-NATO-1.jpg\",\"datePublished\":\"2025-01-02T20:02:09+00:00\",\"author\":{\"@id\":\"https:\\\/\\\/kuzeyinsesi.org\\\/#\\\/schema\\\/person\\\/9f859689cdf01485597712386e37f5aa\"},\"breadcrumb\":{\"@id\":\"https:\\\/\\\/kuzeyinsesi.org\\\/index.php\\\/2025\\\/01\\\/02\\\/amfibi-deniz-piyade-50-yil-sonra-kktcde-egitim-ve-spor-faaliyetleri-gerceklestirdi\\\/#breadcrumb\"},\"inLanguage\":\"tr\",\"potentialAction\":[{\"@type\":\"ReadAction\",\"target\":[\"https:\\\/\\\/kuzeyinsesi.org\\\/index.php\\\/2025\\\/01\\\/02\\\/amfibi-deniz-piyade-50-yil-sonra-kktcde-egitim-ve-spor-faaliyetleri-gerceklestirdi\\\/\"]}]},{\"@type\":\"ImageObject\",\"inLanguage\":\"tr\",\"@id\":\"https:\\\/\\\/kuzeyinsesi.org\\\/index.php\\\/2025\\\/01\\\/02\\\/amfibi-deniz-piyade-50-yil-sonra-kktcde-egitim-ve-spor-faaliyetleri-gerceklestirdi\\\/#primaryimage\",\"url\":\"https:\\\/\\\/kuzeyinsesi.org\\\/wp-content\\\/uploads\\\/2025\\\/01\\\/tc-milli-savunma-KIBRIS-NATO-1.jpg\",\"contentUrl\":\"https:\\\/\\\/kuzeyinsesi.org\\\/wp-content\\\/uploads\\\/2025\\\/01\\\/tc-milli-savunma-KIBRIS-NATO-1.jpg\",\"width\":1366,\"height\":773},{\"@type\":\"BreadcrumbList\",\"@id\":\"https:\\\/\\\/kuzeyinsesi.org\\\/index.php\\\/2025\\\/01\\\/02\\\/amfibi-deniz-piyade-50-yil-sonra-kktcde-egitim-ve-spor-faaliyetleri-gerceklestirdi\\\/#breadcrumb\",\"itemListElement\":[{\"@type\":\"ListItem\",\"position\":1,\"name\":\"Anasayfa\",\"item\":\"https:\\\/\\\/kuzeyinsesi.org\\\/\"},{\"@type\":\"ListItem\",\"position\":2,\"name\":\"Amfibi Deniz Piyade, 50 y\u0131l sonra KKTC\u2019de e\u011fitim ve spor faaliyetleri ger\u00e7ekle\u015ftirdi\"}]},{\"@type\":\"WebSite\",\"@id\":\"https:\\\/\\\/kuzeyinsesi.org\\\/#website\",\"url\":\"https:\\\/\\\/kuzeyinsesi.org\\\/\",\"name\":\"Kuzeyin Sesi\",\"description\":\"Do\u011fru Haberin Adresi\",\"potentialAction\":[{\"@type\":\"SearchAction\",\"target\":{\"@type\":\"EntryPoint\",\"urlTemplate\":\"https:\\\/\\\/kuzeyinsesi.org\\\/?s={search_term_string}\"},\"query-input\":{\"@type\":\"PropertyValueSpecification\",\"valueRequired\":true,\"valueName\":\"search_term_string\"}}],\"inLanguage\":\"tr\"},{\"@type\":\"Person\",\"@id\":\"https:\\\/\\\/kuzeyinsesi.org\\\/#\\\/schema\\\/person\\\/9f859689cdf01485597712386e37f5aa\",\"name\":\"Kuzeyin Sesi\",\"image\":{\"@type\":\"ImageObject\",\"inLanguage\":\"tr\",\"@id\":\"https:\\\/\\\/secure.gravatar.com\\\/avatar\\\/bab33852abfd8b282518d6ed81826833d77c3c882d9ab608add591ccace47a44?s=96&d=mm&r=g\",\"url\":\"https:\\\/\\\/secure.gravatar.com\\\/avatar\\\/bab33852abfd8b282518d6ed81826833d77c3c882d9ab608add591ccace47a44?s=96&d=mm&r=g\",\"contentUrl\":\"https:\\\/\\\/secure.gravatar.com\\\/avatar\\\/bab33852abfd8b282518d6ed81826833d77c3c882d9ab608add591ccace47a44?s=96&d=mm&r=g\",\"caption\":\"Kuzeyin Sesi\"},\"sameAs\":[\"https:\\\/\\\/kuzeyinsesi.org\"],\"url\":\"https:\\\/\\\/kuzeyinsesi.org\\\/index.php\\\/author\\\/guven\\\/\"}]}<\/script>\n<!-- \/ Yoast SEO plugin. -->","yoast_head_json":{"title":"Amfibi Deniz Piyade, 50 y\u0131l sonra KKTC\u2019de e\u011fitim ve spor faaliyetleri ger\u00e7ekle\u015ftirdi - Kuzeyin Sesi","robots":{"index":"index","follow":"follow","max-snippet":"max-snippet:-1","max-image-preview":"max-image-preview:large","max-video-preview":"max-video-preview:-1"},"canonical":"https:\/\/kuzeyinsesi.org\/index.php\/2025\/01\/02\/amfibi-deniz-piyade-50-yil-sonra-kktcde-egitim-ve-spor-faaliyetleri-gerceklestirdi\/","og_locale":"tr_TR","og_type":"article","og_title":"Amfibi Deniz Piyade, 50 y\u0131l sonra KKTC\u2019de e\u011fitim ve spor faaliyetleri ger\u00e7ekle\u015ftirdi - Kuzeyin Sesi","og_description":"T\u00fcrkiye Milli Savunma Bakanl\u0131\u011f\u0131 (MSB), Amfibi Deniz Piyade Birli\u011fi\u2019nin 50 y\u0131l sonra KKTC\u2019de e\u011fitim ve spor faaliyetleri ger\u00e7ekle\u015ftirdi\u011fini bildirdi. Bakanl\u0131\u011f\u0131n sosyal medya hesab\u0131ndan yap\u0131lan payla\u015f\u0131mda, \u201cAmfibi Deniz Piyade, 50 y\u0131l sonra K\u0131br\u0131s Adas\u0131\u2019nda. KKTC \u0130skele-Bo\u011faz B\u00f6lgesi\u2019nde konu\u015flanan Amfibi Deniz Piyade Birli\u011fi, 26-27 Aral\u0131k 2024 tarihlerinde \u2018E\u011fitim ve Spor\u2019 faaliyetleri ger\u00e7ekle\u015ftirdi.\u201d ifadeleri kullan\u0131ld\u0131.","og_url":"https:\/\/kuzeyinsesi.org\/index.php\/2025\/01\/02\/amfibi-deniz-piyade-50-yil-sonra-kktcde-egitim-ve-spor-faaliyetleri-gerceklestirdi\/","og_site_name":"Kuzeyin Sesi","article_publisher":"https:\/\/www.facebook.com\/kuzeyinsesii","article_published_time":"2025-01-02T20:02:09+00:00","og_image":[{"url":"https:\/\/brtk.net\/wp-content\/uploads\/2024\/11\/29\/tc-milli-savunma-KIBRIS-NATO-1.jpg?ver=6b46c9205e9a52f5034da71f3377153c","type":"","width":"","height":""}],"author":"Kuzeyin Sesi","twitter_card":"summary_large_image","twitter_creator":"@kuzeyinsesii","twitter_site":"@kuzeyinsesii","twitter_misc":{"Yazan:":"Kuzeyin Sesi"},"schema":{"@context":"https:\/\/schema.org","@graph":[{"@type":"Article","@id":"https:\/\/kuzeyinsesi.org\/index.php\/2025\/01\/02\/amfibi-deniz-piyade-50-yil-sonra-kktcde-egitim-ve-spor-faaliyetleri-gerceklestirdi\/#article","isPartOf":{"@id":"https:\/\/kuzeyinsesi.org\/index.php\/2025\/01\/02\/amfibi-deniz-piyade-50-yil-sonra-kktcde-egitim-ve-spor-faaliyetleri-gerceklestirdi\/"},"author":{"name":"Kuzeyin Sesi","@id":"https:\/\/kuzeyinsesi.org\/#\/schema\/person\/9f859689cdf01485597712386e37f5aa"},"headline":"Amfibi Deniz Piyade, 50 y\u0131l sonra KKTC\u2019de e\u011fitim ve spor faaliyetleri ger\u00e7ekle\u015ftirdi","datePublished":"2025-01-02T20:02:09+00:00","mainEntityOfPage":{"@id":"https:\/\/kuzeyinsesi.org\/index.php\/2025\/01\/02\/amfibi-deniz-piyade-50-yil-sonra-kktcde-egitim-ve-spor-faaliyetleri-gerceklestirdi\/"},"wordCount":92,"commentCount":0,"image":{"@id":"https:\/\/kuzeyinsesi.org\/index.php\/2025\/01\/02\/amfibi-deniz-piyade-50-yil-sonra-kktcde-egitim-ve-spor-faaliyetleri-gerceklestirdi\/#primaryimage"},"thumbnailUrl":"https:\/\/kuzeyinsesi.org\/wp-content\/uploads\/2025\/01\/tc-milli-savunma-KIBRIS-NATO-1.jpg","articleSection":["T\u00fcrkiye"],"inLanguage":"tr","potentialAction":[{"@type":"CommentAction","name":"Comment","target":["https:\/\/kuzeyinsesi.org\/index.php\/2025\/01\/02\/amfibi-deniz-piyade-50-yil-sonra-kktcde-egitim-ve-spor-faaliyetleri-gerceklestirdi\/#respond"]}]},{"@type":"WebPage","@id":"https:\/\/kuzeyinsesi.org\/index.php\/2025\/01\/02\/amfibi-deniz-piyade-50-yil-sonra-kktcde-egitim-ve-spor-faaliyetleri-gerceklestirdi\/","url":"https:\/\/kuzeyinsesi.org\/index.php\/2025\/01\/02\/amfibi-deniz-piyade-50-yil-sonra-kktcde-egitim-ve-spor-faaliyetleri-gerceklestirdi\/","name":"Amfibi Deniz Piyade, 50 y\u0131l sonra KKTC\u2019de e\u011fitim ve spor faaliyetleri ger\u00e7ekle\u015ftirdi - Kuzeyin Sesi","isPartOf":{"@id":"https:\/\/kuzeyinsesi.org\/#website"},"primaryImageOfPage":{"@id":"https:\/\/kuzeyinsesi.org\/index.php\/2025\/01\/02\/amfibi-deniz-piyade-50-yil-sonra-kktcde-egitim-ve-spor-faaliyetleri-gerceklestirdi\/#primaryimage"},"image":{"@id":"https:\/\/kuzeyinsesi.org\/index.php\/2025\/01\/02\/amfibi-deniz-piyade-50-yil-sonra-kktcde-egitim-ve-spor-faaliyetleri-gerceklestirdi\/#primaryimage"},"thumbnailUrl":"https:\/\/kuzeyinsesi.org\/wp-content\/uploads\/2025\/01\/tc-milli-savunma-KIBRIS-NATO-1.jpg","datePublished":"2025-01-02T20:02:09+00:00","author":{"@id":"https:\/\/kuzeyinsesi.org\/#\/schema\/person\/9f859689cdf01485597712386e37f5aa"},"breadcrumb":{"@id":"https:\/\/kuzeyinsesi.org\/index.php\/2025\/01\/02\/amfibi-deniz-piyade-50-yil-sonra-kktcde-egitim-ve-spor-faaliyetleri-gerceklestirdi\/#breadcrumb"},"inLanguage":"tr","potentialAction":[{"@type":"ReadAction","target":["https:\/\/kuzeyinsesi.org\/index.php\/2025\/01\/02\/amfibi-deniz-piyade-50-yil-sonra-kktcde-egitim-ve-spor-faaliyetleri-gerceklestirdi\/"]}]},{"@type":"ImageObject","inLanguage":"tr","@id":"https:\/\/kuzeyinsesi.org\/index.php\/2025\/01\/02\/amfibi-deniz-piyade-50-yil-sonra-kktcde-egitim-ve-spor-faaliyetleri-gerceklestirdi\/#primaryimage","url":"https:\/\/kuzeyinsesi.org\/wp-content\/uploads\/2025\/01\/tc-milli-savunma-KIBRIS-NATO-1.jpg","contentUrl":"https:\/\/kuzeyinsesi.org\/wp-content\/uploads\/2025\/01\/tc-milli-savunma-KIBRIS-NATO-1.jpg","width":1366,"height":773},{"@type":"BreadcrumbList","@id":"https:\/\/kuzeyinsesi.org\/index.php\/2025\/01\/02\/amfibi-deniz-piyade-50-yil-sonra-kktcde-egitim-ve-spor-faaliyetleri-gerceklestirdi\/#breadcrumb","itemListElement":[{"@type":"ListItem","position":1,"name":"Anasayfa","item":"https:\/\/kuzeyinsesi.org\/"},{"@type":"ListItem","position":2,"name":"Amfibi Deniz Piyade, 50 y\u0131l sonra KKTC\u2019de e\u011fitim ve spor faaliyetleri ger\u00e7ekle\u015ftirdi"}]},{"@type":"WebSite","@id":"https:\/\/kuzeyinsesi.org\/#website","url":"https:\/\/kuzeyinsesi.org\/","name":"Kuzeyin Sesi","description":"Do\u011fru Haberin Adresi","potentialAction":[{"@type":"SearchAction","target":{"@type":"EntryPoint","urlTemplate":"https:\/\/kuzeyinsesi.org\/?s={search_term_string}"},"query-input":{"@type":"PropertyValueSpecification","valueRequired":true,"valueName":"search_term_string"}}],"inLanguage":"tr"},{"@type":"Person","@id":"https:\/\/kuzeyinsesi.org\/#\/schema\/person\/9f859689cdf01485597712386e37f5aa","name":"Kuzeyin Sesi","image":{"@type":"ImageObject","inLanguage":"tr","@id":"https:\/\/secure.gravatar.com\/avatar\/bab33852abfd8b282518d6ed81826833d77c3c882d9ab608add591ccace47a44?s=96&d=mm&r=g","url":"https:\/\/secure.gravatar.com\/avatar\/bab33852abfd8b282518d6ed81826833d77c3c882d9ab608add591ccace47a44?s=96&d=mm&r=g","contentUrl":"https:\/\/secure.gravatar.com\/avatar\/bab33852abfd8b282518d6ed81826833d77c3c882d9ab608add591ccace47a44?s=96&d=mm&r=g","caption":"Kuzeyin Sesi"},"sameAs":["https:\/\/kuzeyinsesi.org"],"url":"https:\/\/kuzeyinsesi.org\/index.php\/author\/guven\/"}]}},"_links":{"self":[{"href":"https:\/\/kuzeyinsesi.org\/index.php\/wp-json\/wp\/v2\/posts\/16705","targetHints":{"allow":["GET"]}}],"collection":[{"href":"https:\/\/kuzeyinsesi.org\/index.php\/wp-json\/wp\/v2\/posts"}],"about":[{"href":"https:\/\/kuzeyinsesi.org\/index.php\/wp-json\/wp\/v2\/types\/post"}],"author":[{"embeddable":true,"href":"https:\/\/kuzeyinsesi.org\/index.php\/wp-json\/wp\/v2\/users\/1"}],"replies":[{"embeddable":true,"href":"https:\/\/kuzeyinsesi.org\/index.php\/wp-json\/wp\/v2\/comments?post=16705"}],"version-history":[{"count":0,"href":"https:\/\/kuzeyinsesi.org\/index.php\/wp-json\/wp\/v2\/posts\/16705\/revisions"}],"wp:featuredmedia":[{"embeddable":true,"href":"https:\/\/kuzeyinsesi.org\/index.php\/wp-json\/wp\/v2\/media\/16706"}],"wp:attachment":[{"href":"https:\/\/kuzeyinsesi.org\/index.php\/wp-json\/wp\/v2\/media?parent=16705"}],"wp:term":[{"taxonomy":"category","embeddable":true,"href":"https:\/\/kuzeyinsesi.org\/index.php\/wp-json\/wp\/v2\/categories?post=16705"},{"taxonomy":"post_tag","embeddable":true,"href":"https:\/\/kuzeyinsesi.org\/index.php\/wp-json\/wp\/v2\/tags?post=16705"}],"curies":[{"name":"wp","href":"https:\/\/api.w.org\/{rel}","templated":true}]}}