{"id":16681,"date":"2025-01-02T14:39:27","date_gmt":"2025-01-02T12:39:27","guid":{"rendered":"https:\/\/kuzeyinsesi.org\/index.php\/2025\/01\/02\/gazimagusa-belediyesi-namik-kemal-meydaninda-yeni-yil-kutlamasi-duzenledi\/"},"modified":"2025-01-02T14:39:27","modified_gmt":"2025-01-02T12:39:27","slug":"gazimagusa-belediyesi-namik-kemal-meydaninda-yeni-yil-kutlamasi-duzenledi","status":"publish","type":"post","link":"https:\/\/kuzeyinsesi.org\/index.php\/2025\/01\/02\/gazimagusa-belediyesi-namik-kemal-meydaninda-yeni-yil-kutlamasi-duzenledi\/","title":{"rendered":"Gazima\u011fusa Belediyesi Nam\u0131k Kemal Meydan\u0131\u2019nda yeni y\u0131l kutlamas\u0131 d\u00fczenledi"},"content":{"rendered":"<div>\n<div class=\"mariselle-image-container none\">\n                                            <\/div>\n<p>Gazima\u011fusa Belediyesi her y\u0131l oldu\u011fu gibi bu y\u0131lda gelenekselle\u015fen yeni y\u0131l kutlamas\u0131n\u0131 Nam\u0131k Kemal Meydan\u0131\u2019nda d\u00fczenledi.<\/p>\n<p>Belediye\u2019den yap\u0131lan yaz\u0131l\u0131 a\u00e7\u0131klamaya g\u00f6re, halk, Retro \u00c7alg\u0131c\u0131lar\u0131 ve DJ Retro Tarantino\u2019nun m\u00fczikleriyle yeni y\u0131l\u0131 kar\u015f\u0131lad\u0131.<\/p>\n<p>Gecede bir konu\u015fma yapan Gazima\u011fusa Belediye Ba\u015fkan\u0131 S\u00fcleyman Ulu\u00e7ay, Gazima\u011fusa\u2019n\u0131n KKTC\u2019nin ikinci b\u00fcy\u00fck kenti oldu\u011funu ve bu kentin \u00e7ok k\u00fclt\u00fcrl\u00fc bir yap\u0131s\u0131n\u0131n olu\u015ftu\u011funu belirtti.<\/p>\n<p>Belediye olarak bu \u00e7ok k\u00fclt\u00fcrl\u00fc ya\u015fam\u0131n bir araya gelmesi i\u00e7in \u00e7al\u0131\u015ft\u0131klar\u0131n\u0131 belirten Ulu\u00e7ay, bundan memnuniyet duyduklar\u0131n\u0131 s\u00f6yledi.<\/p>\n<p>Ulu\u00e7ay, yeni y\u0131l\u0131n herkese sa\u011fl\u0131k, mutluluk ve huzur getirmesini dileyerek konu\u015fmas\u0131na son verdi.<\/p>\n<\/p><\/div>\n<p><script async\n                    defer\n                    crossorigin=\"anonymous\"\n                    src=\"https:\/\/connect.facebook.net\/tr_TR\/sdk.js#xfbml=1&#038;version=v3.3\"\n            ><\/script><\/p>\n","protected":false},"excerpt":{"rendered":"<p>Gazima\u011fusa Belediyesi her y\u0131l oldu\u011fu gibi bu y\u0131lda gelenekselle\u015fen yeni y\u0131l kutlamas\u0131n\u0131 Nam\u0131k Kemal Meydan\u0131\u2019nda d\u00fczenledi. Belediye\u2019den yap\u0131lan yaz\u0131l\u0131 a\u00e7\u0131klamaya g\u00f6re, halk, Retro \u00c7alg\u0131c\u0131lar\u0131 ve DJ Retro Tarantino\u2019nun m\u00fczikleriyle yeni y\u0131l\u0131 kar\u015f\u0131lad\u0131. Gecede bir konu\u015fma yapan Gazima\u011fusa Belediye Ba\u015fkan\u0131 S\u00fcleyman Ulu\u00e7ay, Gazima\u011fusa\u2019n\u0131n KKTC\u2019nin ikinci b\u00fcy\u00fck kenti oldu\u011funu ve bu kentin \u00e7ok k\u00fclt\u00fcrl\u00fc bir yap\u0131s\u0131n\u0131n olu\u015ftu\u011funu [&hellip;]<\/p>\n","protected":false},"author":1,"featured_media":16682,"comment_status":"open","ping_status":"open","sticky":false,"template":"","format":"standard","meta":{"jnews-multi-image_gallery":[],"jnews_single_post":[],"jnews_primary_category":[],"jnews_social_meta":[],"jnews_override_counter":[],"footnotes":""},"categories":[6],"tags":[],"class_list":["post-16681","post","type-post","status-publish","format-standard","has-post-thumbnail","hentry","category-yasam"],"yoast_head":"<!-- This site is optimized with the Yoast SEO plugin v27.4 - https:\/\/yoast.com\/product\/yoast-seo-wordpress\/ -->\n<title>Gazima\u011fusa Belediyesi Nam\u0131k Kemal Meydan\u0131\u2019nda yeni y\u0131l kutlamas\u0131 d\u00fczenledi - Kuzeyin Sesi<\/title>\n<meta name=\"robots\" content=\"index, follow, max-snippet:-1, max-image-preview:large, max-video-preview:-1\" \/>\n<link rel=\"canonical\" href=\"https:\/\/kuzeyinsesi.org\/index.php\/2025\/01\/02\/gazimagusa-belediyesi-namik-kemal-meydaninda-yeni-yil-kutlamasi-duzenledi\/\" \/>\n<meta property=\"og:locale\" content=\"tr_TR\" \/>\n<meta property=\"og:type\" content=\"article\" \/>\n<meta property=\"og:title\" content=\"Gazima\u011fusa Belediyesi Nam\u0131k Kemal Meydan\u0131\u2019nda yeni y\u0131l kutlamas\u0131 d\u00fczenledi - Kuzeyin Sesi\" \/>\n<meta property=\"og:description\" content=\"Gazima\u011fusa Belediyesi her y\u0131l oldu\u011fu gibi bu y\u0131lda gelenekselle\u015fen yeni y\u0131l kutlamas\u0131n\u0131 Nam\u0131k Kemal Meydan\u0131\u2019nda d\u00fczenledi. Belediye\u2019den yap\u0131lan yaz\u0131l\u0131 a\u00e7\u0131klamaya g\u00f6re, halk, Retro \u00c7alg\u0131c\u0131lar\u0131 ve DJ Retro Tarantino\u2019nun m\u00fczikleriyle yeni y\u0131l\u0131 kar\u015f\u0131lad\u0131. Gecede bir konu\u015fma yapan Gazima\u011fusa Belediye Ba\u015fkan\u0131 S\u00fcleyman Ulu\u00e7ay, Gazima\u011fusa\u2019n\u0131n KKTC\u2019nin ikinci b\u00fcy\u00fck kenti oldu\u011funu ve bu kentin \u00e7ok k\u00fclt\u00fcrl\u00fc bir yap\u0131s\u0131n\u0131n olu\u015ftu\u011funu [&hellip;]\" \/>\n<meta property=\"og:url\" content=\"https:\/\/kuzeyinsesi.org\/index.php\/2025\/01\/02\/gazimagusa-belediyesi-namik-kemal-meydaninda-yeni-yil-kutlamasi-duzenledi\/\" \/>\n<meta property=\"og:site_name\" content=\"Kuzeyin Sesi\" \/>\n<meta property=\"article:publisher\" content=\"https:\/\/www.facebook.com\/kuzeyinsesii\" \/>\n<meta property=\"article:published_time\" content=\"2025-01-02T12:39:27+00:00\" \/>\n<meta property=\"og:image\" content=\"https:\/\/brtk.net\/wp-content\/uploads\/2025\/01\/02\/GMB-YENI-YIL-3.jpeg?ver=f79d441c162e3ea7fcce8d7a397ead5a\" \/>\n<meta name=\"author\" content=\"Kuzeyin Sesi\" \/>\n<meta name=\"twitter:card\" content=\"summary_large_image\" \/>\n<meta name=\"twitter:creator\" content=\"@kuzeyinsesii\" \/>\n<meta name=\"twitter:site\" content=\"@kuzeyinsesii\" \/>\n<meta name=\"twitter:label1\" content=\"Yazan:\" \/>\n\t<meta name=\"twitter:data1\" content=\"Kuzeyin Sesi\" \/>\n\t<meta name=\"twitter:label2\" content=\"Tahmini okuma s\u00fcresi\" \/>\n\t<meta name=\"twitter:data2\" content=\"1 dakika\" \/>\n<script type=\"application\/ld+json\" class=\"yoast-schema-graph\">{\"@context\":\"https:\\\/\\\/schema.org\",\"@graph\":[{\"@type\":\"Article\",\"@id\":\"https:\\\/\\\/kuzeyinsesi.org\\\/index.php\\\/2025\\\/01\\\/02\\\/gazimagusa-belediyesi-namik-kemal-meydaninda-yeni-yil-kutlamasi-duzenledi\\\/#article\",\"isPartOf\":{\"@id\":\"https:\\\/\\\/kuzeyinsesi.org\\\/index.php\\\/2025\\\/01\\\/02\\\/gazimagusa-belediyesi-namik-kemal-meydaninda-yeni-yil-kutlamasi-duzenledi\\\/\"},\"author\":{\"name\":\"Kuzeyin Sesi\",\"@id\":\"https:\\\/\\\/kuzeyinsesi.org\\\/#\\\/schema\\\/person\\\/9f859689cdf01485597712386e37f5aa\"},\"headline\":\"Gazima\u011fusa Belediyesi Nam\u0131k Kemal Meydan\u0131\u2019nda yeni y\u0131l kutlamas\u0131 d\u00fczenledi\",\"datePublished\":\"2025-01-02T12:39:27+00:00\",\"mainEntityOfPage\":{\"@id\":\"https:\\\/\\\/kuzeyinsesi.org\\\/index.php\\\/2025\\\/01\\\/02\\\/gazimagusa-belediyesi-namik-kemal-meydaninda-yeni-yil-kutlamasi-duzenledi\\\/\"},\"wordCount\":158,\"commentCount\":0,\"image\":{\"@id\":\"https:\\\/\\\/kuzeyinsesi.org\\\/index.php\\\/2025\\\/01\\\/02\\\/gazimagusa-belediyesi-namik-kemal-meydaninda-yeni-yil-kutlamasi-duzenledi\\\/#primaryimage\"},\"thumbnailUrl\":\"https:\\\/\\\/kuzeyinsesi.org\\\/wp-content\\\/uploads\\\/2025\\\/01\\\/GMB-YENI-YIL-3.jpeg\",\"articleSection\":[\"Ya\u015fam\"],\"inLanguage\":\"tr\",\"potentialAction\":[{\"@type\":\"CommentAction\",\"name\":\"Comment\",\"target\":[\"https:\\\/\\\/kuzeyinsesi.org\\\/index.php\\\/2025\\\/01\\\/02\\\/gazimagusa-belediyesi-namik-kemal-meydaninda-yeni-yil-kutlamasi-duzenledi\\\/#respond\"]}]},{\"@type\":\"WebPage\",\"@id\":\"https:\\\/\\\/kuzeyinsesi.org\\\/index.php\\\/2025\\\/01\\\/02\\\/gazimagusa-belediyesi-namik-kemal-meydaninda-yeni-yil-kutlamasi-duzenledi\\\/\",\"url\":\"https:\\\/\\\/kuzeyinsesi.org\\\/index.php\\\/2025\\\/01\\\/02\\\/gazimagusa-belediyesi-namik-kemal-meydaninda-yeni-yil-kutlamasi-duzenledi\\\/\",\"name\":\"Gazima\u011fusa Belediyesi Nam\u0131k Kemal Meydan\u0131\u2019nda yeni y\u0131l kutlamas\u0131 d\u00fczenledi - Kuzeyin Sesi\",\"isPartOf\":{\"@id\":\"https:\\\/\\\/kuzeyinsesi.org\\\/#website\"},\"primaryImageOfPage\":{\"@id\":\"https:\\\/\\\/kuzeyinsesi.org\\\/index.php\\\/2025\\\/01\\\/02\\\/gazimagusa-belediyesi-namik-kemal-meydaninda-yeni-yil-kutlamasi-duzenledi\\\/#primaryimage\"},\"image\":{\"@id\":\"https:\\\/\\\/kuzeyinsesi.org\\\/index.php\\\/2025\\\/01\\\/02\\\/gazimagusa-belediyesi-namik-kemal-meydaninda-yeni-yil-kutlamasi-duzenledi\\\/#primaryimage\"},\"thumbnailUrl\":\"https:\\\/\\\/kuzeyinsesi.org\\\/wp-content\\\/uploads\\\/2025\\\/01\\\/GMB-YENI-YIL-3.jpeg\",\"datePublished\":\"2025-01-02T12:39:27+00:00\",\"author\":{\"@id\":\"https:\\\/\\\/kuzeyinsesi.org\\\/#\\\/schema\\\/person\\\/9f859689cdf01485597712386e37f5aa\"},\"breadcrumb\":{\"@id\":\"https:\\\/\\\/kuzeyinsesi.org\\\/index.php\\\/2025\\\/01\\\/02\\\/gazimagusa-belediyesi-namik-kemal-meydaninda-yeni-yil-kutlamasi-duzenledi\\\/#breadcrumb\"},\"inLanguage\":\"tr\",\"potentialAction\":[{\"@type\":\"ReadAction\",\"target\":[\"https:\\\/\\\/kuzeyinsesi.org\\\/index.php\\\/2025\\\/01\\\/02\\\/gazimagusa-belediyesi-namik-kemal-meydaninda-yeni-yil-kutlamasi-duzenledi\\\/\"]}]},{\"@type\":\"ImageObject\",\"inLanguage\":\"tr\",\"@id\":\"https:\\\/\\\/kuzeyinsesi.org\\\/index.php\\\/2025\\\/01\\\/02\\\/gazimagusa-belediyesi-namik-kemal-meydaninda-yeni-yil-kutlamasi-duzenledi\\\/#primaryimage\",\"url\":\"https:\\\/\\\/kuzeyinsesi.org\\\/wp-content\\\/uploads\\\/2025\\\/01\\\/GMB-YENI-YIL-3.jpeg\",\"contentUrl\":\"https:\\\/\\\/kuzeyinsesi.org\\\/wp-content\\\/uploads\\\/2025\\\/01\\\/GMB-YENI-YIL-3.jpeg\",\"width\":930,\"height\":444},{\"@type\":\"BreadcrumbList\",\"@id\":\"https:\\\/\\\/kuzeyinsesi.org\\\/index.php\\\/2025\\\/01\\\/02\\\/gazimagusa-belediyesi-namik-kemal-meydaninda-yeni-yil-kutlamasi-duzenledi\\\/#breadcrumb\",\"itemListElement\":[{\"@type\":\"ListItem\",\"position\":1,\"name\":\"Anasayfa\",\"item\":\"https:\\\/\\\/kuzeyinsesi.org\\\/\"},{\"@type\":\"ListItem\",\"position\":2,\"name\":\"Gazima\u011fusa Belediyesi Nam\u0131k Kemal Meydan\u0131\u2019nda yeni y\u0131l kutlamas\u0131 d\u00fczenledi\"}]},{\"@type\":\"WebSite\",\"@id\":\"https:\\\/\\\/kuzeyinsesi.org\\\/#website\",\"url\":\"https:\\\/\\\/kuzeyinsesi.org\\\/\",\"name\":\"Kuzeyin Sesi\",\"description\":\"Do\u011fru Haberin Adresi\",\"potentialAction\":[{\"@type\":\"SearchAction\",\"target\":{\"@type\":\"EntryPoint\",\"urlTemplate\":\"https:\\\/\\\/kuzeyinsesi.org\\\/?s={search_term_string}\"},\"query-input\":{\"@type\":\"PropertyValueSpecification\",\"valueRequired\":true,\"valueName\":\"search_term_string\"}}],\"inLanguage\":\"tr\"},{\"@type\":\"Person\",\"@id\":\"https:\\\/\\\/kuzeyinsesi.org\\\/#\\\/schema\\\/person\\\/9f859689cdf01485597712386e37f5aa\",\"name\":\"Kuzeyin Sesi\",\"image\":{\"@type\":\"ImageObject\",\"inLanguage\":\"tr\",\"@id\":\"https:\\\/\\\/secure.gravatar.com\\\/avatar\\\/bab33852abfd8b282518d6ed81826833d77c3c882d9ab608add591ccace47a44?s=96&d=mm&r=g\",\"url\":\"https:\\\/\\\/secure.gravatar.com\\\/avatar\\\/bab33852abfd8b282518d6ed81826833d77c3c882d9ab608add591ccace47a44?s=96&d=mm&r=g\",\"contentUrl\":\"https:\\\/\\\/secure.gravatar.com\\\/avatar\\\/bab33852abfd8b282518d6ed81826833d77c3c882d9ab608add591ccace47a44?s=96&d=mm&r=g\",\"caption\":\"Kuzeyin Sesi\"},\"sameAs\":[\"https:\\\/\\\/kuzeyinsesi.org\"],\"url\":\"https:\\\/\\\/kuzeyinsesi.org\\\/index.php\\\/author\\\/guven\\\/\"}]}<\/script>\n<!-- \/ Yoast SEO plugin. -->","yoast_head_json":{"title":"Gazima\u011fusa Belediyesi Nam\u0131k Kemal Meydan\u0131\u2019nda yeni y\u0131l kutlamas\u0131 d\u00fczenledi - Kuzeyin Sesi","robots":{"index":"index","follow":"follow","max-snippet":"max-snippet:-1","max-image-preview":"max-image-preview:large","max-video-preview":"max-video-preview:-1"},"canonical":"https:\/\/kuzeyinsesi.org\/index.php\/2025\/01\/02\/gazimagusa-belediyesi-namik-kemal-meydaninda-yeni-yil-kutlamasi-duzenledi\/","og_locale":"tr_TR","og_type":"article","og_title":"Gazima\u011fusa Belediyesi Nam\u0131k Kemal Meydan\u0131\u2019nda yeni y\u0131l kutlamas\u0131 d\u00fczenledi - Kuzeyin Sesi","og_description":"Gazima\u011fusa Belediyesi her y\u0131l oldu\u011fu gibi bu y\u0131lda gelenekselle\u015fen yeni y\u0131l kutlamas\u0131n\u0131 Nam\u0131k Kemal Meydan\u0131\u2019nda d\u00fczenledi. Belediye\u2019den yap\u0131lan yaz\u0131l\u0131 a\u00e7\u0131klamaya g\u00f6re, halk, Retro \u00c7alg\u0131c\u0131lar\u0131 ve DJ Retro Tarantino\u2019nun m\u00fczikleriyle yeni y\u0131l\u0131 kar\u015f\u0131lad\u0131. Gecede bir konu\u015fma yapan Gazima\u011fusa Belediye Ba\u015fkan\u0131 S\u00fcleyman Ulu\u00e7ay, Gazima\u011fusa\u2019n\u0131n KKTC\u2019nin ikinci b\u00fcy\u00fck kenti oldu\u011funu ve bu kentin \u00e7ok k\u00fclt\u00fcrl\u00fc bir yap\u0131s\u0131n\u0131n olu\u015ftu\u011funu [&hellip;]","og_url":"https:\/\/kuzeyinsesi.org\/index.php\/2025\/01\/02\/gazimagusa-belediyesi-namik-kemal-meydaninda-yeni-yil-kutlamasi-duzenledi\/","og_site_name":"Kuzeyin Sesi","article_publisher":"https:\/\/www.facebook.com\/kuzeyinsesii","article_published_time":"2025-01-02T12:39:27+00:00","og_image":[{"url":"https:\/\/brtk.net\/wp-content\/uploads\/2025\/01\/02\/GMB-YENI-YIL-3.jpeg?ver=f79d441c162e3ea7fcce8d7a397ead5a","type":"","width":"","height":""}],"author":"Kuzeyin Sesi","twitter_card":"summary_large_image","twitter_creator":"@kuzeyinsesii","twitter_site":"@kuzeyinsesii","twitter_misc":{"Yazan:":"Kuzeyin Sesi","Tahmini okuma s\u00fcresi":"1 dakika"},"schema":{"@context":"https:\/\/schema.org","@graph":[{"@type":"Article","@id":"https:\/\/kuzeyinsesi.org\/index.php\/2025\/01\/02\/gazimagusa-belediyesi-namik-kemal-meydaninda-yeni-yil-kutlamasi-duzenledi\/#article","isPartOf":{"@id":"https:\/\/kuzeyinsesi.org\/index.php\/2025\/01\/02\/gazimagusa-belediyesi-namik-kemal-meydaninda-yeni-yil-kutlamasi-duzenledi\/"},"author":{"name":"Kuzeyin Sesi","@id":"https:\/\/kuzeyinsesi.org\/#\/schema\/person\/9f859689cdf01485597712386e37f5aa"},"headline":"Gazima\u011fusa Belediyesi Nam\u0131k Kemal Meydan\u0131\u2019nda yeni y\u0131l kutlamas\u0131 d\u00fczenledi","datePublished":"2025-01-02T12:39:27+00:00","mainEntityOfPage":{"@id":"https:\/\/kuzeyinsesi.org\/index.php\/2025\/01\/02\/gazimagusa-belediyesi-namik-kemal-meydaninda-yeni-yil-kutlamasi-duzenledi\/"},"wordCount":158,"commentCount":0,"image":{"@id":"https:\/\/kuzeyinsesi.org\/index.php\/2025\/01\/02\/gazimagusa-belediyesi-namik-kemal-meydaninda-yeni-yil-kutlamasi-duzenledi\/#primaryimage"},"thumbnailUrl":"https:\/\/kuzeyinsesi.org\/wp-content\/uploads\/2025\/01\/GMB-YENI-YIL-3.jpeg","articleSection":["Ya\u015fam"],"inLanguage":"tr","potentialAction":[{"@type":"CommentAction","name":"Comment","target":["https:\/\/kuzeyinsesi.org\/index.php\/2025\/01\/02\/gazimagusa-belediyesi-namik-kemal-meydaninda-yeni-yil-kutlamasi-duzenledi\/#respond"]}]},{"@type":"WebPage","@id":"https:\/\/kuzeyinsesi.org\/index.php\/2025\/01\/02\/gazimagusa-belediyesi-namik-kemal-meydaninda-yeni-yil-kutlamasi-duzenledi\/","url":"https:\/\/kuzeyinsesi.org\/index.php\/2025\/01\/02\/gazimagusa-belediyesi-namik-kemal-meydaninda-yeni-yil-kutlamasi-duzenledi\/","name":"Gazima\u011fusa Belediyesi Nam\u0131k Kemal Meydan\u0131\u2019nda yeni y\u0131l kutlamas\u0131 d\u00fczenledi - Kuzeyin Sesi","isPartOf":{"@id":"https:\/\/kuzeyinsesi.org\/#website"},"primaryImageOfPage":{"@id":"https:\/\/kuzeyinsesi.org\/index.php\/2025\/01\/02\/gazimagusa-belediyesi-namik-kemal-meydaninda-yeni-yil-kutlamasi-duzenledi\/#primaryimage"},"image":{"@id":"https:\/\/kuzeyinsesi.org\/index.php\/2025\/01\/02\/gazimagusa-belediyesi-namik-kemal-meydaninda-yeni-yil-kutlamasi-duzenledi\/#primaryimage"},"thumbnailUrl":"https:\/\/kuzeyinsesi.org\/wp-content\/uploads\/2025\/01\/GMB-YENI-YIL-3.jpeg","datePublished":"2025-01-02T12:39:27+00:00","author":{"@id":"https:\/\/kuzeyinsesi.org\/#\/schema\/person\/9f859689cdf01485597712386e37f5aa"},"breadcrumb":{"@id":"https:\/\/kuzeyinsesi.org\/index.php\/2025\/01\/02\/gazimagusa-belediyesi-namik-kemal-meydaninda-yeni-yil-kutlamasi-duzenledi\/#breadcrumb"},"inLanguage":"tr","potentialAction":[{"@type":"ReadAction","target":["https:\/\/kuzeyinsesi.org\/index.php\/2025\/01\/02\/gazimagusa-belediyesi-namik-kemal-meydaninda-yeni-yil-kutlamasi-duzenledi\/"]}]},{"@type":"ImageObject","inLanguage":"tr","@id":"https:\/\/kuzeyinsesi.org\/index.php\/2025\/01\/02\/gazimagusa-belediyesi-namik-kemal-meydaninda-yeni-yil-kutlamasi-duzenledi\/#primaryimage","url":"https:\/\/kuzeyinsesi.org\/wp-content\/uploads\/2025\/01\/GMB-YENI-YIL-3.jpeg","contentUrl":"https:\/\/kuzeyinsesi.org\/wp-content\/uploads\/2025\/01\/GMB-YENI-YIL-3.jpeg","width":930,"height":444},{"@type":"BreadcrumbList","@id":"https:\/\/kuzeyinsesi.org\/index.php\/2025\/01\/02\/gazimagusa-belediyesi-namik-kemal-meydaninda-yeni-yil-kutlamasi-duzenledi\/#breadcrumb","itemListElement":[{"@type":"ListItem","position":1,"name":"Anasayfa","item":"https:\/\/kuzeyinsesi.org\/"},{"@type":"ListItem","position":2,"name":"Gazima\u011fusa Belediyesi Nam\u0131k Kemal Meydan\u0131\u2019nda yeni y\u0131l kutlamas\u0131 d\u00fczenledi"}]},{"@type":"WebSite","@id":"https:\/\/kuzeyinsesi.org\/#website","url":"https:\/\/kuzeyinsesi.org\/","name":"Kuzeyin Sesi","description":"Do\u011fru Haberin Adresi","potentialAction":[{"@type":"SearchAction","target":{"@type":"EntryPoint","urlTemplate":"https:\/\/kuzeyinsesi.org\/?s={search_term_string}"},"query-input":{"@type":"PropertyValueSpecification","valueRequired":true,"valueName":"search_term_string"}}],"inLanguage":"tr"},{"@type":"Person","@id":"https:\/\/kuzeyinsesi.org\/#\/schema\/person\/9f859689cdf01485597712386e37f5aa","name":"Kuzeyin Sesi","image":{"@type":"ImageObject","inLanguage":"tr","@id":"https:\/\/secure.gravatar.com\/avatar\/bab33852abfd8b282518d6ed81826833d77c3c882d9ab608add591ccace47a44?s=96&d=mm&r=g","url":"https:\/\/secure.gravatar.com\/avatar\/bab33852abfd8b282518d6ed81826833d77c3c882d9ab608add591ccace47a44?s=96&d=mm&r=g","contentUrl":"https:\/\/secure.gravatar.com\/avatar\/bab33852abfd8b282518d6ed81826833d77c3c882d9ab608add591ccace47a44?s=96&d=mm&r=g","caption":"Kuzeyin Sesi"},"sameAs":["https:\/\/kuzeyinsesi.org"],"url":"https:\/\/kuzeyinsesi.org\/index.php\/author\/guven\/"}]}},"_links":{"self":[{"href":"https:\/\/kuzeyinsesi.org\/index.php\/wp-json\/wp\/v2\/posts\/16681","targetHints":{"allow":["GET"]}}],"collection":[{"href":"https:\/\/kuzeyinsesi.org\/index.php\/wp-json\/wp\/v2\/posts"}],"about":[{"href":"https:\/\/kuzeyinsesi.org\/index.php\/wp-json\/wp\/v2\/types\/post"}],"author":[{"embeddable":true,"href":"https:\/\/kuzeyinsesi.org\/index.php\/wp-json\/wp\/v2\/users\/1"}],"replies":[{"embeddable":true,"href":"https:\/\/kuzeyinsesi.org\/index.php\/wp-json\/wp\/v2\/comments?post=16681"}],"version-history":[{"count":0,"href":"https:\/\/kuzeyinsesi.org\/index.php\/wp-json\/wp\/v2\/posts\/16681\/revisions"}],"wp:featuredmedia":[{"embeddable":true,"href":"https:\/\/kuzeyinsesi.org\/index.php\/wp-json\/wp\/v2\/media\/16682"}],"wp:attachment":[{"href":"https:\/\/kuzeyinsesi.org\/index.php\/wp-json\/wp\/v2\/media?parent=16681"}],"wp:term":[{"taxonomy":"category","embeddable":true,"href":"https:\/\/kuzeyinsesi.org\/index.php\/wp-json\/wp\/v2\/categories?post=16681"},{"taxonomy":"post_tag","embeddable":true,"href":"https:\/\/kuzeyinsesi.org\/index.php\/wp-json\/wp\/v2\/tags?post=16681"}],"curies":[{"name":"wp","href":"https:\/\/api.w.org\/{rel}","templated":true}]}}