{"id":16679,"date":"2025-01-02T13:36:20","date_gmt":"2025-01-02T11:36:20","guid":{"rendered":"https:\/\/kuzeyinsesi.org\/index.php\/2025\/01\/02\/kuzey-kibris-seramikciler-derneginin-16nci-dernek-uyeleri-sergisi-6-ocakta-akmde-acilacak\/"},"modified":"2025-01-02T13:36:20","modified_gmt":"2025-01-02T11:36:20","slug":"kuzey-kibris-seramikciler-derneginin-16nci-dernek-uyeleri-sergisi-6-ocakta-akmde-acilacak","status":"publish","type":"post","link":"https:\/\/kuzeyinsesi.org\/index.php\/2025\/01\/02\/kuzey-kibris-seramikciler-derneginin-16nci-dernek-uyeleri-sergisi-6-ocakta-akmde-acilacak\/","title":{"rendered":"Kuzey K\u0131br\u0131s Seramik\u00e7iler Derne\u011fi\u2019nin 16\u2019nc\u0131 Dernek \u00dcyeleri Sergisi 6 Ocak\u2019ta AKM\u2019de a\u00e7\u0131lacak"},"content":{"rendered":"<div>\n<div class=\"mariselle-image-container center\">\n                                            <\/div>\n<p>Kuzey K\u0131br\u0131s Seramik\u00e7iler Derne\u011fi\u2019nin 16\u2019nc\u0131 Dernek \u00dcyeleri Sergisi, 6 Ocak Pazartesi g\u00fcn\u00fc saat 18.30\u2019da Atat\u00fcrk K\u00fclt\u00fcr Merkezi (AKM) B\u00fcy\u00fck Salon\u2019da a\u00e7\u0131lacak.<\/p>\n<p>Dernek Ba\u015fkan\u0131 \u00d6zge Refik Kutsay yapt\u0131\u011f\u0131 yaz\u0131l\u0131 a\u00e7\u0131klamada, 1999 y\u0131l\u0131nda kurulan derne\u011fin her y\u0131l farkl\u0131 etkinlikler yapt\u0131\u011f\u0131n\u0131 belirterek, dernek \u00fcyeleriyle birlikte sergi, workshop, sunum, tan\u0131t\u0131m ve farkl\u0131 \u00fclkelerde yurt d\u0131\u015f\u0131 ve yurt i\u00e7i ortak bir\u00e7ok \u00e7al\u0131\u015ftaya kat\u0131ld\u0131klar\u0131n\u0131 kaydetti.<\/p>\n<p>Derne\u011fin, seramik sanat\u0131n\u0131n \u00fclkede geli\u015ftirilmesini ve yayg\u0131nla\u015ft\u0131r\u0131lmas\u0131n\u0131 bir misyon bildi\u011fini ifade eden Kutsay, her y\u0131l farkl\u0131 bir konuyla sergi d\u00fczenleyen Dernek \u00fcyelerinin karma sergilerle yarat\u0131c\u0131l\u0131klar\u0131n\u0131 sergiledi\u011fini belirtti.<\/p>\n<p>Bu y\u0131l dernek \u00fcyeleri sergisinde yer alan sanat\u00e7\u0131lar\u0131n eserlerini \u201cNeden, ne zaman, nereye?\u201d sorular\u0131 ile yorumlayaca\u011f\u0131n\u0131 kaydeden Kutsay, \u201cBu \u00fc\u00e7 soru, bir olay\u0131 derinlemesine incelemek ve anlamak i\u00e7in birlikte kullan\u0131l\u0131r. Hangi ba\u011flamda kullan\u0131ld\u0131klar\u0131na ba\u011fl\u0131 olarak, hem bilgi edinmek hem de tart\u0131\u015fmay\u0131 y\u00f6nlendirmek i\u00e7in g\u00fc\u00e7l\u00fc ara\u00e7lard\u0131r\u201d dedi.<\/p>\n<p>\u00d6zge Refik Kutsay, sergiye katk\u0131lar\u0131ndan dolay\u0131 ba\u015fta K\u00fclt\u00fcr Dairesi\u2019ne ve destek veren t\u00fcm \u00fcyelere te\u015fekk\u00fcr ederek t\u00fcm sanatseverleri sergide g\u00f6rmekten b\u00fcy\u00fck onur duyacaklar\u0131n\u0131 belirtti.<\/p>\n<\/p><\/div>\n<p><script async\n                    defer\n                    crossorigin=\"anonymous\"\n                    src=\"https:\/\/connect.facebook.net\/tr_TR\/sdk.js#xfbml=1&#038;version=v3.3\"\n            ><\/script><\/p>\n","protected":false},"excerpt":{"rendered":"<p>Kuzey K\u0131br\u0131s Seramik\u00e7iler Derne\u011fi\u2019nin 16\u2019nc\u0131 Dernek \u00dcyeleri Sergisi, 6 Ocak Pazartesi g\u00fcn\u00fc saat 18.30\u2019da Atat\u00fcrk K\u00fclt\u00fcr Merkezi (AKM) B\u00fcy\u00fck Salon\u2019da a\u00e7\u0131lacak. Dernek Ba\u015fkan\u0131 \u00d6zge Refik Kutsay yapt\u0131\u011f\u0131 yaz\u0131l\u0131 a\u00e7\u0131klamada, 1999 y\u0131l\u0131nda kurulan derne\u011fin her y\u0131l farkl\u0131 etkinlikler yapt\u0131\u011f\u0131n\u0131 belirterek, dernek \u00fcyeleriyle birlikte sergi, workshop, sunum, tan\u0131t\u0131m ve farkl\u0131 \u00fclkelerde yurt d\u0131\u015f\u0131 ve yurt i\u00e7i ortak [&hellip;]<\/p>\n","protected":false},"author":1,"featured_media":16680,"comment_status":"open","ping_status":"open","sticky":false,"template":"","format":"standard","meta":{"jnews-multi-image_gallery":[],"jnews_single_post":[],"jnews_primary_category":[],"jnews_social_meta":[],"jnews_override_counter":[],"footnotes":""},"categories":[6],"tags":[],"class_list":["post-16679","post","type-post","status-publish","format-standard","has-post-thumbnail","hentry","category-yasam"],"yoast_head":"<!-- This site is optimized with the Yoast SEO plugin v27.4 - https:\/\/yoast.com\/product\/yoast-seo-wordpress\/ -->\n<title>Kuzey K\u0131br\u0131s Seramik\u00e7iler Derne\u011fi\u2019nin 16\u2019nc\u0131 Dernek \u00dcyeleri Sergisi 6 Ocak\u2019ta AKM\u2019de a\u00e7\u0131lacak - Kuzeyin Sesi<\/title>\n<meta name=\"robots\" content=\"index, follow, max-snippet:-1, max-image-preview:large, max-video-preview:-1\" \/>\n<link rel=\"canonical\" href=\"https:\/\/kuzeyinsesi.org\/index.php\/2025\/01\/02\/kuzey-kibris-seramikciler-derneginin-16nci-dernek-uyeleri-sergisi-6-ocakta-akmde-acilacak\/\" \/>\n<meta property=\"og:locale\" content=\"tr_TR\" \/>\n<meta property=\"og:type\" content=\"article\" \/>\n<meta property=\"og:title\" content=\"Kuzey K\u0131br\u0131s Seramik\u00e7iler Derne\u011fi\u2019nin 16\u2019nc\u0131 Dernek \u00dcyeleri Sergisi 6 Ocak\u2019ta AKM\u2019de a\u00e7\u0131lacak - Kuzeyin Sesi\" \/>\n<meta property=\"og:description\" content=\"Kuzey K\u0131br\u0131s Seramik\u00e7iler Derne\u011fi\u2019nin 16\u2019nc\u0131 Dernek \u00dcyeleri Sergisi, 6 Ocak Pazartesi g\u00fcn\u00fc saat 18.30\u2019da Atat\u00fcrk K\u00fclt\u00fcr Merkezi (AKM) B\u00fcy\u00fck Salon\u2019da a\u00e7\u0131lacak. Dernek Ba\u015fkan\u0131 \u00d6zge Refik Kutsay yapt\u0131\u011f\u0131 yaz\u0131l\u0131 a\u00e7\u0131klamada, 1999 y\u0131l\u0131nda kurulan derne\u011fin her y\u0131l farkl\u0131 etkinlikler yapt\u0131\u011f\u0131n\u0131 belirterek, dernek \u00fcyeleriyle birlikte sergi, workshop, sunum, tan\u0131t\u0131m ve farkl\u0131 \u00fclkelerde yurt d\u0131\u015f\u0131 ve yurt i\u00e7i ortak [&hellip;]\" \/>\n<meta property=\"og:url\" content=\"https:\/\/kuzeyinsesi.org\/index.php\/2025\/01\/02\/kuzey-kibris-seramikciler-derneginin-16nci-dernek-uyeleri-sergisi-6-ocakta-akmde-acilacak\/\" \/>\n<meta property=\"og:site_name\" content=\"Kuzeyin Sesi\" \/>\n<meta property=\"article:publisher\" content=\"https:\/\/www.facebook.com\/kuzeyinsesii\" \/>\n<meta property=\"article:published_time\" content=\"2025-01-02T11:36:20+00:00\" \/>\n<meta property=\"og:image\" content=\"https:\/\/brtk.net\/wp-content\/uploads\/2025\/01\/02\/1735814238598.jpeg?ver=856da226484915144fe47c28e9079ae1\" \/>\n<meta name=\"author\" content=\"Kuzeyin Sesi\" \/>\n<meta name=\"twitter:card\" content=\"summary_large_image\" \/>\n<meta name=\"twitter:creator\" content=\"@kuzeyinsesii\" \/>\n<meta name=\"twitter:site\" content=\"@kuzeyinsesii\" \/>\n<meta name=\"twitter:label1\" content=\"Yazan:\" \/>\n\t<meta name=\"twitter:data1\" content=\"Kuzeyin Sesi\" \/>\n\t<meta name=\"twitter:label2\" content=\"Tahmini okuma s\u00fcresi\" \/>\n\t<meta name=\"twitter:data2\" content=\"1 dakika\" \/>\n<script type=\"application\/ld+json\" class=\"yoast-schema-graph\">{\"@context\":\"https:\\\/\\\/schema.org\",\"@graph\":[{\"@type\":\"Article\",\"@id\":\"https:\\\/\\\/kuzeyinsesi.org\\\/index.php\\\/2025\\\/01\\\/02\\\/kuzey-kibris-seramikciler-derneginin-16nci-dernek-uyeleri-sergisi-6-ocakta-akmde-acilacak\\\/#article\",\"isPartOf\":{\"@id\":\"https:\\\/\\\/kuzeyinsesi.org\\\/index.php\\\/2025\\\/01\\\/02\\\/kuzey-kibris-seramikciler-derneginin-16nci-dernek-uyeleri-sergisi-6-ocakta-akmde-acilacak\\\/\"},\"author\":{\"name\":\"Kuzeyin Sesi\",\"@id\":\"https:\\\/\\\/kuzeyinsesi.org\\\/#\\\/schema\\\/person\\\/9f859689cdf01485597712386e37f5aa\"},\"headline\":\"Kuzey K\u0131br\u0131s Seramik\u00e7iler Derne\u011fi\u2019nin 16\u2019nc\u0131 Dernek \u00dcyeleri Sergisi 6 Ocak\u2019ta AKM\u2019de a\u00e7\u0131lacak\",\"datePublished\":\"2025-01-02T11:36:20+00:00\",\"mainEntityOfPage\":{\"@id\":\"https:\\\/\\\/kuzeyinsesi.org\\\/index.php\\\/2025\\\/01\\\/02\\\/kuzey-kibris-seramikciler-derneginin-16nci-dernek-uyeleri-sergisi-6-ocakta-akmde-acilacak\\\/\"},\"wordCount\":250,\"commentCount\":0,\"image\":{\"@id\":\"https:\\\/\\\/kuzeyinsesi.org\\\/index.php\\\/2025\\\/01\\\/02\\\/kuzey-kibris-seramikciler-derneginin-16nci-dernek-uyeleri-sergisi-6-ocakta-akmde-acilacak\\\/#primaryimage\"},\"thumbnailUrl\":\"https:\\\/\\\/kuzeyinsesi.org\\\/wp-content\\\/uploads\\\/2025\\\/01\\\/1735814238598.jpeg\",\"articleSection\":[\"Ya\u015fam\"],\"inLanguage\":\"tr\",\"potentialAction\":[{\"@type\":\"CommentAction\",\"name\":\"Comment\",\"target\":[\"https:\\\/\\\/kuzeyinsesi.org\\\/index.php\\\/2025\\\/01\\\/02\\\/kuzey-kibris-seramikciler-derneginin-16nci-dernek-uyeleri-sergisi-6-ocakta-akmde-acilacak\\\/#respond\"]}]},{\"@type\":\"WebPage\",\"@id\":\"https:\\\/\\\/kuzeyinsesi.org\\\/index.php\\\/2025\\\/01\\\/02\\\/kuzey-kibris-seramikciler-derneginin-16nci-dernek-uyeleri-sergisi-6-ocakta-akmde-acilacak\\\/\",\"url\":\"https:\\\/\\\/kuzeyinsesi.org\\\/index.php\\\/2025\\\/01\\\/02\\\/kuzey-kibris-seramikciler-derneginin-16nci-dernek-uyeleri-sergisi-6-ocakta-akmde-acilacak\\\/\",\"name\":\"Kuzey K\u0131br\u0131s Seramik\u00e7iler Derne\u011fi\u2019nin 16\u2019nc\u0131 Dernek \u00dcyeleri Sergisi 6 Ocak\u2019ta AKM\u2019de a\u00e7\u0131lacak - Kuzeyin Sesi\",\"isPartOf\":{\"@id\":\"https:\\\/\\\/kuzeyinsesi.org\\\/#website\"},\"primaryImageOfPage\":{\"@id\":\"https:\\\/\\\/kuzeyinsesi.org\\\/index.php\\\/2025\\\/01\\\/02\\\/kuzey-kibris-seramikciler-derneginin-16nci-dernek-uyeleri-sergisi-6-ocakta-akmde-acilacak\\\/#primaryimage\"},\"image\":{\"@id\":\"https:\\\/\\\/kuzeyinsesi.org\\\/index.php\\\/2025\\\/01\\\/02\\\/kuzey-kibris-seramikciler-derneginin-16nci-dernek-uyeleri-sergisi-6-ocakta-akmde-acilacak\\\/#primaryimage\"},\"thumbnailUrl\":\"https:\\\/\\\/kuzeyinsesi.org\\\/wp-content\\\/uploads\\\/2025\\\/01\\\/1735814238598.jpeg\",\"datePublished\":\"2025-01-02T11:36:20+00:00\",\"author\":{\"@id\":\"https:\\\/\\\/kuzeyinsesi.org\\\/#\\\/schema\\\/person\\\/9f859689cdf01485597712386e37f5aa\"},\"breadcrumb\":{\"@id\":\"https:\\\/\\\/kuzeyinsesi.org\\\/index.php\\\/2025\\\/01\\\/02\\\/kuzey-kibris-seramikciler-derneginin-16nci-dernek-uyeleri-sergisi-6-ocakta-akmde-acilacak\\\/#breadcrumb\"},\"inLanguage\":\"tr\",\"potentialAction\":[{\"@type\":\"ReadAction\",\"target\":[\"https:\\\/\\\/kuzeyinsesi.org\\\/index.php\\\/2025\\\/01\\\/02\\\/kuzey-kibris-seramikciler-derneginin-16nci-dernek-uyeleri-sergisi-6-ocakta-akmde-acilacak\\\/\"]}]},{\"@type\":\"ImageObject\",\"inLanguage\":\"tr\",\"@id\":\"https:\\\/\\\/kuzeyinsesi.org\\\/index.php\\\/2025\\\/01\\\/02\\\/kuzey-kibris-seramikciler-derneginin-16nci-dernek-uyeleri-sergisi-6-ocakta-akmde-acilacak\\\/#primaryimage\",\"url\":\"https:\\\/\\\/kuzeyinsesi.org\\\/wp-content\\\/uploads\\\/2025\\\/01\\\/1735814238598.jpeg\",\"contentUrl\":\"https:\\\/\\\/kuzeyinsesi.org\\\/wp-content\\\/uploads\\\/2025\\\/01\\\/1735814238598.jpeg\",\"width\":1600,\"height\":550},{\"@type\":\"BreadcrumbList\",\"@id\":\"https:\\\/\\\/kuzeyinsesi.org\\\/index.php\\\/2025\\\/01\\\/02\\\/kuzey-kibris-seramikciler-derneginin-16nci-dernek-uyeleri-sergisi-6-ocakta-akmde-acilacak\\\/#breadcrumb\",\"itemListElement\":[{\"@type\":\"ListItem\",\"position\":1,\"name\":\"Anasayfa\",\"item\":\"https:\\\/\\\/kuzeyinsesi.org\\\/\"},{\"@type\":\"ListItem\",\"position\":2,\"name\":\"Kuzey K\u0131br\u0131s Seramik\u00e7iler Derne\u011fi\u2019nin 16\u2019nc\u0131 Dernek \u00dcyeleri Sergisi 6 Ocak\u2019ta AKM\u2019de a\u00e7\u0131lacak\"}]},{\"@type\":\"WebSite\",\"@id\":\"https:\\\/\\\/kuzeyinsesi.org\\\/#website\",\"url\":\"https:\\\/\\\/kuzeyinsesi.org\\\/\",\"name\":\"Kuzeyin Sesi\",\"description\":\"Do\u011fru Haberin Adresi\",\"potentialAction\":[{\"@type\":\"SearchAction\",\"target\":{\"@type\":\"EntryPoint\",\"urlTemplate\":\"https:\\\/\\\/kuzeyinsesi.org\\\/?s={search_term_string}\"},\"query-input\":{\"@type\":\"PropertyValueSpecification\",\"valueRequired\":true,\"valueName\":\"search_term_string\"}}],\"inLanguage\":\"tr\"},{\"@type\":\"Person\",\"@id\":\"https:\\\/\\\/kuzeyinsesi.org\\\/#\\\/schema\\\/person\\\/9f859689cdf01485597712386e37f5aa\",\"name\":\"Kuzeyin Sesi\",\"image\":{\"@type\":\"ImageObject\",\"inLanguage\":\"tr\",\"@id\":\"https:\\\/\\\/secure.gravatar.com\\\/avatar\\\/bab33852abfd8b282518d6ed81826833d77c3c882d9ab608add591ccace47a44?s=96&d=mm&r=g\",\"url\":\"https:\\\/\\\/secure.gravatar.com\\\/avatar\\\/bab33852abfd8b282518d6ed81826833d77c3c882d9ab608add591ccace47a44?s=96&d=mm&r=g\",\"contentUrl\":\"https:\\\/\\\/secure.gravatar.com\\\/avatar\\\/bab33852abfd8b282518d6ed81826833d77c3c882d9ab608add591ccace47a44?s=96&d=mm&r=g\",\"caption\":\"Kuzeyin Sesi\"},\"sameAs\":[\"https:\\\/\\\/kuzeyinsesi.org\"],\"url\":\"https:\\\/\\\/kuzeyinsesi.org\\\/index.php\\\/author\\\/guven\\\/\"}]}<\/script>\n<!-- \/ Yoast SEO plugin. -->","yoast_head_json":{"title":"Kuzey K\u0131br\u0131s Seramik\u00e7iler Derne\u011fi\u2019nin 16\u2019nc\u0131 Dernek \u00dcyeleri Sergisi 6 Ocak\u2019ta AKM\u2019de a\u00e7\u0131lacak - Kuzeyin Sesi","robots":{"index":"index","follow":"follow","max-snippet":"max-snippet:-1","max-image-preview":"max-image-preview:large","max-video-preview":"max-video-preview:-1"},"canonical":"https:\/\/kuzeyinsesi.org\/index.php\/2025\/01\/02\/kuzey-kibris-seramikciler-derneginin-16nci-dernek-uyeleri-sergisi-6-ocakta-akmde-acilacak\/","og_locale":"tr_TR","og_type":"article","og_title":"Kuzey K\u0131br\u0131s Seramik\u00e7iler Derne\u011fi\u2019nin 16\u2019nc\u0131 Dernek \u00dcyeleri Sergisi 6 Ocak\u2019ta AKM\u2019de a\u00e7\u0131lacak - Kuzeyin Sesi","og_description":"Kuzey K\u0131br\u0131s Seramik\u00e7iler Derne\u011fi\u2019nin 16\u2019nc\u0131 Dernek \u00dcyeleri Sergisi, 6 Ocak Pazartesi g\u00fcn\u00fc saat 18.30\u2019da Atat\u00fcrk K\u00fclt\u00fcr Merkezi (AKM) B\u00fcy\u00fck Salon\u2019da a\u00e7\u0131lacak. Dernek Ba\u015fkan\u0131 \u00d6zge Refik Kutsay yapt\u0131\u011f\u0131 yaz\u0131l\u0131 a\u00e7\u0131klamada, 1999 y\u0131l\u0131nda kurulan derne\u011fin her y\u0131l farkl\u0131 etkinlikler yapt\u0131\u011f\u0131n\u0131 belirterek, dernek \u00fcyeleriyle birlikte sergi, workshop, sunum, tan\u0131t\u0131m ve farkl\u0131 \u00fclkelerde yurt d\u0131\u015f\u0131 ve yurt i\u00e7i ortak [&hellip;]","og_url":"https:\/\/kuzeyinsesi.org\/index.php\/2025\/01\/02\/kuzey-kibris-seramikciler-derneginin-16nci-dernek-uyeleri-sergisi-6-ocakta-akmde-acilacak\/","og_site_name":"Kuzeyin Sesi","article_publisher":"https:\/\/www.facebook.com\/kuzeyinsesii","article_published_time":"2025-01-02T11:36:20+00:00","og_image":[{"url":"https:\/\/brtk.net\/wp-content\/uploads\/2025\/01\/02\/1735814238598.jpeg?ver=856da226484915144fe47c28e9079ae1","type":"","width":"","height":""}],"author":"Kuzeyin Sesi","twitter_card":"summary_large_image","twitter_creator":"@kuzeyinsesii","twitter_site":"@kuzeyinsesii","twitter_misc":{"Yazan:":"Kuzeyin Sesi","Tahmini okuma s\u00fcresi":"1 dakika"},"schema":{"@context":"https:\/\/schema.org","@graph":[{"@type":"Article","@id":"https:\/\/kuzeyinsesi.org\/index.php\/2025\/01\/02\/kuzey-kibris-seramikciler-derneginin-16nci-dernek-uyeleri-sergisi-6-ocakta-akmde-acilacak\/#article","isPartOf":{"@id":"https:\/\/kuzeyinsesi.org\/index.php\/2025\/01\/02\/kuzey-kibris-seramikciler-derneginin-16nci-dernek-uyeleri-sergisi-6-ocakta-akmde-acilacak\/"},"author":{"name":"Kuzeyin Sesi","@id":"https:\/\/kuzeyinsesi.org\/#\/schema\/person\/9f859689cdf01485597712386e37f5aa"},"headline":"Kuzey K\u0131br\u0131s Seramik\u00e7iler Derne\u011fi\u2019nin 16\u2019nc\u0131 Dernek \u00dcyeleri Sergisi 6 Ocak\u2019ta AKM\u2019de a\u00e7\u0131lacak","datePublished":"2025-01-02T11:36:20+00:00","mainEntityOfPage":{"@id":"https:\/\/kuzeyinsesi.org\/index.php\/2025\/01\/02\/kuzey-kibris-seramikciler-derneginin-16nci-dernek-uyeleri-sergisi-6-ocakta-akmde-acilacak\/"},"wordCount":250,"commentCount":0,"image":{"@id":"https:\/\/kuzeyinsesi.org\/index.php\/2025\/01\/02\/kuzey-kibris-seramikciler-derneginin-16nci-dernek-uyeleri-sergisi-6-ocakta-akmde-acilacak\/#primaryimage"},"thumbnailUrl":"https:\/\/kuzeyinsesi.org\/wp-content\/uploads\/2025\/01\/1735814238598.jpeg","articleSection":["Ya\u015fam"],"inLanguage":"tr","potentialAction":[{"@type":"CommentAction","name":"Comment","target":["https:\/\/kuzeyinsesi.org\/index.php\/2025\/01\/02\/kuzey-kibris-seramikciler-derneginin-16nci-dernek-uyeleri-sergisi-6-ocakta-akmde-acilacak\/#respond"]}]},{"@type":"WebPage","@id":"https:\/\/kuzeyinsesi.org\/index.php\/2025\/01\/02\/kuzey-kibris-seramikciler-derneginin-16nci-dernek-uyeleri-sergisi-6-ocakta-akmde-acilacak\/","url":"https:\/\/kuzeyinsesi.org\/index.php\/2025\/01\/02\/kuzey-kibris-seramikciler-derneginin-16nci-dernek-uyeleri-sergisi-6-ocakta-akmde-acilacak\/","name":"Kuzey K\u0131br\u0131s Seramik\u00e7iler Derne\u011fi\u2019nin 16\u2019nc\u0131 Dernek \u00dcyeleri Sergisi 6 Ocak\u2019ta AKM\u2019de a\u00e7\u0131lacak - Kuzeyin Sesi","isPartOf":{"@id":"https:\/\/kuzeyinsesi.org\/#website"},"primaryImageOfPage":{"@id":"https:\/\/kuzeyinsesi.org\/index.php\/2025\/01\/02\/kuzey-kibris-seramikciler-derneginin-16nci-dernek-uyeleri-sergisi-6-ocakta-akmde-acilacak\/#primaryimage"},"image":{"@id":"https:\/\/kuzeyinsesi.org\/index.php\/2025\/01\/02\/kuzey-kibris-seramikciler-derneginin-16nci-dernek-uyeleri-sergisi-6-ocakta-akmde-acilacak\/#primaryimage"},"thumbnailUrl":"https:\/\/kuzeyinsesi.org\/wp-content\/uploads\/2025\/01\/1735814238598.jpeg","datePublished":"2025-01-02T11:36:20+00:00","author":{"@id":"https:\/\/kuzeyinsesi.org\/#\/schema\/person\/9f859689cdf01485597712386e37f5aa"},"breadcrumb":{"@id":"https:\/\/kuzeyinsesi.org\/index.php\/2025\/01\/02\/kuzey-kibris-seramikciler-derneginin-16nci-dernek-uyeleri-sergisi-6-ocakta-akmde-acilacak\/#breadcrumb"},"inLanguage":"tr","potentialAction":[{"@type":"ReadAction","target":["https:\/\/kuzeyinsesi.org\/index.php\/2025\/01\/02\/kuzey-kibris-seramikciler-derneginin-16nci-dernek-uyeleri-sergisi-6-ocakta-akmde-acilacak\/"]}]},{"@type":"ImageObject","inLanguage":"tr","@id":"https:\/\/kuzeyinsesi.org\/index.php\/2025\/01\/02\/kuzey-kibris-seramikciler-derneginin-16nci-dernek-uyeleri-sergisi-6-ocakta-akmde-acilacak\/#primaryimage","url":"https:\/\/kuzeyinsesi.org\/wp-content\/uploads\/2025\/01\/1735814238598.jpeg","contentUrl":"https:\/\/kuzeyinsesi.org\/wp-content\/uploads\/2025\/01\/1735814238598.jpeg","width":1600,"height":550},{"@type":"BreadcrumbList","@id":"https:\/\/kuzeyinsesi.org\/index.php\/2025\/01\/02\/kuzey-kibris-seramikciler-derneginin-16nci-dernek-uyeleri-sergisi-6-ocakta-akmde-acilacak\/#breadcrumb","itemListElement":[{"@type":"ListItem","position":1,"name":"Anasayfa","item":"https:\/\/kuzeyinsesi.org\/"},{"@type":"ListItem","position":2,"name":"Kuzey K\u0131br\u0131s Seramik\u00e7iler Derne\u011fi\u2019nin 16\u2019nc\u0131 Dernek \u00dcyeleri Sergisi 6 Ocak\u2019ta AKM\u2019de a\u00e7\u0131lacak"}]},{"@type":"WebSite","@id":"https:\/\/kuzeyinsesi.org\/#website","url":"https:\/\/kuzeyinsesi.org\/","name":"Kuzeyin Sesi","description":"Do\u011fru Haberin Adresi","potentialAction":[{"@type":"SearchAction","target":{"@type":"EntryPoint","urlTemplate":"https:\/\/kuzeyinsesi.org\/?s={search_term_string}"},"query-input":{"@type":"PropertyValueSpecification","valueRequired":true,"valueName":"search_term_string"}}],"inLanguage":"tr"},{"@type":"Person","@id":"https:\/\/kuzeyinsesi.org\/#\/schema\/person\/9f859689cdf01485597712386e37f5aa","name":"Kuzeyin Sesi","image":{"@type":"ImageObject","inLanguage":"tr","@id":"https:\/\/secure.gravatar.com\/avatar\/bab33852abfd8b282518d6ed81826833d77c3c882d9ab608add591ccace47a44?s=96&d=mm&r=g","url":"https:\/\/secure.gravatar.com\/avatar\/bab33852abfd8b282518d6ed81826833d77c3c882d9ab608add591ccace47a44?s=96&d=mm&r=g","contentUrl":"https:\/\/secure.gravatar.com\/avatar\/bab33852abfd8b282518d6ed81826833d77c3c882d9ab608add591ccace47a44?s=96&d=mm&r=g","caption":"Kuzeyin Sesi"},"sameAs":["https:\/\/kuzeyinsesi.org"],"url":"https:\/\/kuzeyinsesi.org\/index.php\/author\/guven\/"}]}},"_links":{"self":[{"href":"https:\/\/kuzeyinsesi.org\/index.php\/wp-json\/wp\/v2\/posts\/16679","targetHints":{"allow":["GET"]}}],"collection":[{"href":"https:\/\/kuzeyinsesi.org\/index.php\/wp-json\/wp\/v2\/posts"}],"about":[{"href":"https:\/\/kuzeyinsesi.org\/index.php\/wp-json\/wp\/v2\/types\/post"}],"author":[{"embeddable":true,"href":"https:\/\/kuzeyinsesi.org\/index.php\/wp-json\/wp\/v2\/users\/1"}],"replies":[{"embeddable":true,"href":"https:\/\/kuzeyinsesi.org\/index.php\/wp-json\/wp\/v2\/comments?post=16679"}],"version-history":[{"count":0,"href":"https:\/\/kuzeyinsesi.org\/index.php\/wp-json\/wp\/v2\/posts\/16679\/revisions"}],"wp:featuredmedia":[{"embeddable":true,"href":"https:\/\/kuzeyinsesi.org\/index.php\/wp-json\/wp\/v2\/media\/16680"}],"wp:attachment":[{"href":"https:\/\/kuzeyinsesi.org\/index.php\/wp-json\/wp\/v2\/media?parent=16679"}],"wp:term":[{"taxonomy":"category","embeddable":true,"href":"https:\/\/kuzeyinsesi.org\/index.php\/wp-json\/wp\/v2\/categories?post=16679"},{"taxonomy":"post_tag","embeddable":true,"href":"https:\/\/kuzeyinsesi.org\/index.php\/wp-json\/wp\/v2\/tags?post=16679"}],"curies":[{"name":"wp","href":"https:\/\/api.w.org\/{rel}","templated":true}]}}