{"id":1663,"date":"2024-05-08T10:33:52","date_gmt":"2024-05-08T07:33:52","guid":{"rendered":"https:\/\/kuzeyinsesi.com\/index.php\/2024\/05\/08\/tiktok-ve-sirketin-cinli-sahibi-bytedanceden-abdye-dava\/"},"modified":"2024-05-08T10:33:52","modified_gmt":"2024-05-08T07:33:52","slug":"tiktok-ve-sirketin-cinli-sahibi-bytedanceden-abdye-dava","status":"publish","type":"post","link":"https:\/\/kuzeyinsesi.org\/index.php\/2024\/05\/08\/tiktok-ve-sirketin-cinli-sahibi-bytedanceden-abdye-dava\/","title":{"rendered":"TikTok ve \u015firketin \u00c7inli sahibi ByteDance&#039;den ABD&#039;ye dava"},"content":{"rendered":"<p><\/p>\n<div>\n<p>&#13;<br \/>\n\t<a href=\"https:\/\/www.trthaber.com\/etiket\/abd\/\" target=\"_blank\" rel=\"noopener\">ABD<\/a> Ba\u015fkan\u0131 <a href=\"https:\/\/www.trthaber.com\/etiket\/joe-biden\/\" target=\"_blank\" rel=\"noopener\">Joe Biden<\/a> taraf\u0131ndan 24 Nisan&#8217;da imzalanan yasa ile ByteDance \u015firketine TikTok&#8217;u elden \u00e7\u0131karmas\u0131 i\u00e7in 19 Ocak 2025&#8217;e kadar s\u00fcre verildi.<\/p>\n<p>&#13;<br \/>\n\tByteDance bu tarihe TikTok&#8217;u elden \u00e7\u0131karamazsa uyglama 19 Ocak 2025 itibar\u0131yla ABD&#8217;de yasaklanacak.TikTok ve ByteDance, Columbia B\u00f6lgesi temyiz mahkemesinde a\u00e7t\u0131klar\u0131 davada, yasan\u0131n anayasada korunan ifade \u00f6zg\u00fcrl\u00fc\u011f\u00fcne ayk\u0131r\u0131 olmas\u0131 ve di\u011fer gerek\u00e7elerle ABD anayasas\u0131n\u0131 ihlal etti\u011fini savundu.<\/p>\n<p>&#13;<br \/>\n\t<a href=\"https:\/\/www.trthaber.com\/etiket\/tiktok\/\" target=\"_blank\" rel=\"noopener\">TikTok<\/a> ve ByteDance, `Kongre, tarihte ilk defa, tek bir platformun kal\u0131c\u0131 olarak ve t\u00fcm \u00fclke \u00e7ap\u0131nda yasaklanmas\u0131na neden olacak bir yasa \u00e7\u0131kard\u0131` dedi.<\/p>\n<p>&#13;<br \/>\n\tDava ba\u015fvurusunda Tiktok&#8217;u elden \u00e7\u0131karman\u0131n `ticari, teknolojik ve yasal olarak m\u00fcmk\u00fcn` olmad\u0131\u011f\u0131 belirtildi.Beyaz Saray ve ABD <a href=\"https:\/\/www.trthaber.com\/etiket\/adalet-bakanligi\/\" target=\"_blank\" rel=\"noopener\">Adalet Bakanl\u0131\u011f\u0131<\/a> davaya y\u00f6nelik sorulara yan\u0131t vermedi.<\/p>\n<\/p><\/div>\n","protected":false},"excerpt":{"rendered":"<p>&#13; ABD Ba\u015fkan\u0131 Joe Biden taraf\u0131ndan 24 Nisan&#8217;da imzalanan yasa ile ByteDance \u015firketine TikTok&#8217;u elden \u00e7\u0131karmas\u0131 i\u00e7in 19 Ocak 2025&#8217;e kadar s\u00fcre verildi. &#13; ByteDance bu tarihe TikTok&#8217;u elden \u00e7\u0131karamazsa uyglama 19 Ocak 2025 itibar\u0131yla ABD&#8217;de yasaklanacak.TikTok ve ByteDance, Columbia B\u00f6lgesi temyiz mahkemesinde a\u00e7t\u0131klar\u0131 davada, yasan\u0131n anayasada korunan ifade \u00f6zg\u00fcrl\u00fc\u011f\u00fcne ayk\u0131r\u0131 olmas\u0131 ve di\u011fer gerek\u00e7elerle [&hellip;]<\/p>\n","protected":false},"author":1,"featured_media":1664,"comment_status":"open","ping_status":"open","sticky":false,"template":"","format":"standard","meta":{"jnews-multi-image_gallery":[],"jnews_single_post":[],"jnews_primary_category":[],"jnews_social_meta":[],"jnews_override_counter":[],"footnotes":""},"categories":[2],"tags":[],"class_list":["post-1663","post","type-post","status-publish","format-standard","has-post-thumbnail","hentry","category-dunya"],"yoast_head":"<!-- This site is optimized with the Yoast SEO plugin v27.5 - https:\/\/yoast.com\/product\/yoast-seo-wordpress\/ -->\n<title>TikTok ve \u015firketin \u00c7inli sahibi ByteDance&#039;den ABD&#039;ye dava - Kuzeyin Sesi<\/title>\n<meta name=\"robots\" content=\"index, follow, max-snippet:-1, max-image-preview:large, max-video-preview:-1\" \/>\n<link rel=\"canonical\" href=\"https:\/\/kuzeyinsesi.org\/index.php\/2024\/05\/08\/tiktok-ve-sirketin-cinli-sahibi-bytedanceden-abdye-dava\/\" \/>\n<meta property=\"og:locale\" content=\"tr_TR\" \/>\n<meta property=\"og:type\" content=\"article\" \/>\n<meta property=\"og:title\" content=\"TikTok ve \u015firketin \u00c7inli sahibi ByteDance&#039;den ABD&#039;ye dava - Kuzeyin Sesi\" \/>\n<meta property=\"og:description\" content=\"&#013; ABD Ba\u015fkan\u0131 Joe Biden taraf\u0131ndan 24 Nisan&#8217;da imzalanan yasa ile ByteDance \u015firketine TikTok&#8217;u elden \u00e7\u0131karmas\u0131 i\u00e7in 19 Ocak 2025&#8217;e kadar s\u00fcre verildi. &#013; ByteDance bu tarihe TikTok&#8217;u elden \u00e7\u0131karamazsa uyglama 19 Ocak 2025 itibar\u0131yla ABD&#8217;de yasaklanacak.TikTok ve ByteDance, Columbia B\u00f6lgesi temyiz mahkemesinde a\u00e7t\u0131klar\u0131 davada, yasan\u0131n anayasada korunan ifade \u00f6zg\u00fcrl\u00fc\u011f\u00fcne ayk\u0131r\u0131 olmas\u0131 ve di\u011fer gerek\u00e7elerle [&hellip;]\" \/>\n<meta property=\"og:url\" content=\"https:\/\/kuzeyinsesi.org\/index.php\/2024\/05\/08\/tiktok-ve-sirketin-cinli-sahibi-bytedanceden-abdye-dava\/\" \/>\n<meta property=\"og:site_name\" content=\"Kuzeyin Sesi\" \/>\n<meta property=\"article:publisher\" content=\"https:\/\/www.facebook.com\/kuzeyinsesii\" \/>\n<meta property=\"article:published_time\" content=\"2024-05-08T07:33:52+00:00\" \/>\n<meta property=\"og:image\" content=\"https:\/\/kuzeyinsesi.org\/wp-content\/uploads\/2024\/05\/tik-tok-reu-1521697.jpg\" \/>\n\t<meta property=\"og:image:width\" content=\"1280\" \/>\n\t<meta property=\"og:image:height\" content=\"720\" \/>\n\t<meta property=\"og:image:type\" content=\"image\/jpeg\" \/>\n<meta name=\"author\" content=\"Kuzeyin Sesi\" \/>\n<meta name=\"twitter:card\" content=\"summary_large_image\" \/>\n<meta name=\"twitter:creator\" content=\"@kuzeyinsesii\" \/>\n<meta name=\"twitter:site\" content=\"@kuzeyinsesii\" \/>\n<meta name=\"twitter:label1\" content=\"Yazan:\" \/>\n\t<meta name=\"twitter:data1\" content=\"Kuzeyin Sesi\" \/>\n\t<meta name=\"twitter:label2\" content=\"Tahmini okuma s\u00fcresi\" \/>\n\t<meta name=\"twitter:data2\" content=\"1 dakika\" \/>\n<script type=\"application\/ld+json\" class=\"yoast-schema-graph\">{\"@context\":\"https:\\\/\\\/schema.org\",\"@graph\":[{\"@type\":\"Article\",\"@id\":\"https:\\\/\\\/kuzeyinsesi.org\\\/index.php\\\/2024\\\/05\\\/08\\\/tiktok-ve-sirketin-cinli-sahibi-bytedanceden-abdye-dava\\\/#article\",\"isPartOf\":{\"@id\":\"https:\\\/\\\/kuzeyinsesi.org\\\/index.php\\\/2024\\\/05\\\/08\\\/tiktok-ve-sirketin-cinli-sahibi-bytedanceden-abdye-dava\\\/\"},\"author\":{\"name\":\"Kuzeyin Sesi\",\"@id\":\"https:\\\/\\\/kuzeyinsesi.org\\\/#\\\/schema\\\/person\\\/9f859689cdf01485597712386e37f5aa\"},\"headline\":\"TikTok ve \u015firketin \u00c7inli sahibi ByteDance&#039;den ABD&#039;ye dava\",\"datePublished\":\"2024-05-08T07:33:52+00:00\",\"mainEntityOfPage\":{\"@id\":\"https:\\\/\\\/kuzeyinsesi.org\\\/index.php\\\/2024\\\/05\\\/08\\\/tiktok-ve-sirketin-cinli-sahibi-bytedanceden-abdye-dava\\\/\"},\"wordCount\":143,\"commentCount\":0,\"image\":{\"@id\":\"https:\\\/\\\/kuzeyinsesi.org\\\/index.php\\\/2024\\\/05\\\/08\\\/tiktok-ve-sirketin-cinli-sahibi-bytedanceden-abdye-dava\\\/#primaryimage\"},\"thumbnailUrl\":\"https:\\\/\\\/kuzeyinsesi.org\\\/wp-content\\\/uploads\\\/2024\\\/05\\\/tik-tok-reu-1521697.jpg\",\"articleSection\":[\"D\u00fcnya\"],\"inLanguage\":\"tr\",\"potentialAction\":[{\"@type\":\"CommentAction\",\"name\":\"Comment\",\"target\":[\"https:\\\/\\\/kuzeyinsesi.org\\\/index.php\\\/2024\\\/05\\\/08\\\/tiktok-ve-sirketin-cinli-sahibi-bytedanceden-abdye-dava\\\/#respond\"]}]},{\"@type\":\"WebPage\",\"@id\":\"https:\\\/\\\/kuzeyinsesi.org\\\/index.php\\\/2024\\\/05\\\/08\\\/tiktok-ve-sirketin-cinli-sahibi-bytedanceden-abdye-dava\\\/\",\"url\":\"https:\\\/\\\/kuzeyinsesi.org\\\/index.php\\\/2024\\\/05\\\/08\\\/tiktok-ve-sirketin-cinli-sahibi-bytedanceden-abdye-dava\\\/\",\"name\":\"TikTok ve \u015firketin \u00c7inli sahibi ByteDance&#039;den ABD&#039;ye dava - Kuzeyin Sesi\",\"isPartOf\":{\"@id\":\"https:\\\/\\\/kuzeyinsesi.org\\\/#website\"},\"primaryImageOfPage\":{\"@id\":\"https:\\\/\\\/kuzeyinsesi.org\\\/index.php\\\/2024\\\/05\\\/08\\\/tiktok-ve-sirketin-cinli-sahibi-bytedanceden-abdye-dava\\\/#primaryimage\"},\"image\":{\"@id\":\"https:\\\/\\\/kuzeyinsesi.org\\\/index.php\\\/2024\\\/05\\\/08\\\/tiktok-ve-sirketin-cinli-sahibi-bytedanceden-abdye-dava\\\/#primaryimage\"},\"thumbnailUrl\":\"https:\\\/\\\/kuzeyinsesi.org\\\/wp-content\\\/uploads\\\/2024\\\/05\\\/tik-tok-reu-1521697.jpg\",\"datePublished\":\"2024-05-08T07:33:52+00:00\",\"author\":{\"@id\":\"https:\\\/\\\/kuzeyinsesi.org\\\/#\\\/schema\\\/person\\\/9f859689cdf01485597712386e37f5aa\"},\"breadcrumb\":{\"@id\":\"https:\\\/\\\/kuzeyinsesi.org\\\/index.php\\\/2024\\\/05\\\/08\\\/tiktok-ve-sirketin-cinli-sahibi-bytedanceden-abdye-dava\\\/#breadcrumb\"},\"inLanguage\":\"tr\",\"potentialAction\":[{\"@type\":\"ReadAction\",\"target\":[\"https:\\\/\\\/kuzeyinsesi.org\\\/index.php\\\/2024\\\/05\\\/08\\\/tiktok-ve-sirketin-cinli-sahibi-bytedanceden-abdye-dava\\\/\"]}]},{\"@type\":\"ImageObject\",\"inLanguage\":\"tr\",\"@id\":\"https:\\\/\\\/kuzeyinsesi.org\\\/index.php\\\/2024\\\/05\\\/08\\\/tiktok-ve-sirketin-cinli-sahibi-bytedanceden-abdye-dava\\\/#primaryimage\",\"url\":\"https:\\\/\\\/kuzeyinsesi.org\\\/wp-content\\\/uploads\\\/2024\\\/05\\\/tik-tok-reu-1521697.jpg\",\"contentUrl\":\"https:\\\/\\\/kuzeyinsesi.org\\\/wp-content\\\/uploads\\\/2024\\\/05\\\/tik-tok-reu-1521697.jpg\",\"width\":1280,\"height\":720},{\"@type\":\"BreadcrumbList\",\"@id\":\"https:\\\/\\\/kuzeyinsesi.org\\\/index.php\\\/2024\\\/05\\\/08\\\/tiktok-ve-sirketin-cinli-sahibi-bytedanceden-abdye-dava\\\/#breadcrumb\",\"itemListElement\":[{\"@type\":\"ListItem\",\"position\":1,\"name\":\"Anasayfa\",\"item\":\"https:\\\/\\\/kuzeyinsesi.org\\\/\"},{\"@type\":\"ListItem\",\"position\":2,\"name\":\"TikTok ve \u015firketin \u00c7inli sahibi ByteDance&#039;den ABD&#039;ye dava\"}]},{\"@type\":\"WebSite\",\"@id\":\"https:\\\/\\\/kuzeyinsesi.org\\\/#website\",\"url\":\"https:\\\/\\\/kuzeyinsesi.org\\\/\",\"name\":\"Kuzeyin Sesi\",\"description\":\"Do\u011fru Haberin Adresi\",\"potentialAction\":[{\"@type\":\"SearchAction\",\"target\":{\"@type\":\"EntryPoint\",\"urlTemplate\":\"https:\\\/\\\/kuzeyinsesi.org\\\/?s={search_term_string}\"},\"query-input\":{\"@type\":\"PropertyValueSpecification\",\"valueRequired\":true,\"valueName\":\"search_term_string\"}}],\"inLanguage\":\"tr\"},{\"@type\":\"Person\",\"@id\":\"https:\\\/\\\/kuzeyinsesi.org\\\/#\\\/schema\\\/person\\\/9f859689cdf01485597712386e37f5aa\",\"name\":\"Kuzeyin Sesi\",\"image\":{\"@type\":\"ImageObject\",\"inLanguage\":\"tr\",\"@id\":\"https:\\\/\\\/secure.gravatar.com\\\/avatar\\\/bab33852abfd8b282518d6ed81826833d77c3c882d9ab608add591ccace47a44?s=96&d=mm&r=g\",\"url\":\"https:\\\/\\\/secure.gravatar.com\\\/avatar\\\/bab33852abfd8b282518d6ed81826833d77c3c882d9ab608add591ccace47a44?s=96&d=mm&r=g\",\"contentUrl\":\"https:\\\/\\\/secure.gravatar.com\\\/avatar\\\/bab33852abfd8b282518d6ed81826833d77c3c882d9ab608add591ccace47a44?s=96&d=mm&r=g\",\"caption\":\"Kuzeyin Sesi\"},\"sameAs\":[\"https:\\\/\\\/kuzeyinsesi.org\"],\"url\":\"https:\\\/\\\/kuzeyinsesi.org\\\/index.php\\\/author\\\/guven\\\/\"}]}<\/script>\n<!-- \/ Yoast SEO plugin. -->","yoast_head_json":{"title":"TikTok ve \u015firketin \u00c7inli sahibi ByteDance&#039;den ABD&#039;ye dava - Kuzeyin Sesi","robots":{"index":"index","follow":"follow","max-snippet":"max-snippet:-1","max-image-preview":"max-image-preview:large","max-video-preview":"max-video-preview:-1"},"canonical":"https:\/\/kuzeyinsesi.org\/index.php\/2024\/05\/08\/tiktok-ve-sirketin-cinli-sahibi-bytedanceden-abdye-dava\/","og_locale":"tr_TR","og_type":"article","og_title":"TikTok ve \u015firketin \u00c7inli sahibi ByteDance&#039;den ABD&#039;ye dava - Kuzeyin Sesi","og_description":"&#13; ABD Ba\u015fkan\u0131 Joe Biden taraf\u0131ndan 24 Nisan&#8217;da imzalanan yasa ile ByteDance \u015firketine TikTok&#8217;u elden \u00e7\u0131karmas\u0131 i\u00e7in 19 Ocak 2025&#8217;e kadar s\u00fcre verildi. &#13; ByteDance bu tarihe TikTok&#8217;u elden \u00e7\u0131karamazsa uyglama 19 Ocak 2025 itibar\u0131yla ABD&#8217;de yasaklanacak.TikTok ve ByteDance, Columbia B\u00f6lgesi temyiz mahkemesinde a\u00e7t\u0131klar\u0131 davada, yasan\u0131n anayasada korunan ifade \u00f6zg\u00fcrl\u00fc\u011f\u00fcne ayk\u0131r\u0131 olmas\u0131 ve di\u011fer gerek\u00e7elerle [&hellip;]","og_url":"https:\/\/kuzeyinsesi.org\/index.php\/2024\/05\/08\/tiktok-ve-sirketin-cinli-sahibi-bytedanceden-abdye-dava\/","og_site_name":"Kuzeyin Sesi","article_publisher":"https:\/\/www.facebook.com\/kuzeyinsesii","article_published_time":"2024-05-08T07:33:52+00:00","og_image":[{"width":1280,"height":720,"url":"https:\/\/kuzeyinsesi.org\/wp-content\/uploads\/2024\/05\/tik-tok-reu-1521697.jpg","type":"image\/jpeg"}],"author":"Kuzeyin Sesi","twitter_card":"summary_large_image","twitter_creator":"@kuzeyinsesii","twitter_site":"@kuzeyinsesii","twitter_misc":{"Yazan:":"Kuzeyin Sesi","Tahmini okuma s\u00fcresi":"1 dakika"},"schema":{"@context":"https:\/\/schema.org","@graph":[{"@type":"Article","@id":"https:\/\/kuzeyinsesi.org\/index.php\/2024\/05\/08\/tiktok-ve-sirketin-cinli-sahibi-bytedanceden-abdye-dava\/#article","isPartOf":{"@id":"https:\/\/kuzeyinsesi.org\/index.php\/2024\/05\/08\/tiktok-ve-sirketin-cinli-sahibi-bytedanceden-abdye-dava\/"},"author":{"name":"Kuzeyin Sesi","@id":"https:\/\/kuzeyinsesi.org\/#\/schema\/person\/9f859689cdf01485597712386e37f5aa"},"headline":"TikTok ve \u015firketin \u00c7inli sahibi ByteDance&#039;den ABD&#039;ye dava","datePublished":"2024-05-08T07:33:52+00:00","mainEntityOfPage":{"@id":"https:\/\/kuzeyinsesi.org\/index.php\/2024\/05\/08\/tiktok-ve-sirketin-cinli-sahibi-bytedanceden-abdye-dava\/"},"wordCount":143,"commentCount":0,"image":{"@id":"https:\/\/kuzeyinsesi.org\/index.php\/2024\/05\/08\/tiktok-ve-sirketin-cinli-sahibi-bytedanceden-abdye-dava\/#primaryimage"},"thumbnailUrl":"https:\/\/kuzeyinsesi.org\/wp-content\/uploads\/2024\/05\/tik-tok-reu-1521697.jpg","articleSection":["D\u00fcnya"],"inLanguage":"tr","potentialAction":[{"@type":"CommentAction","name":"Comment","target":["https:\/\/kuzeyinsesi.org\/index.php\/2024\/05\/08\/tiktok-ve-sirketin-cinli-sahibi-bytedanceden-abdye-dava\/#respond"]}]},{"@type":"WebPage","@id":"https:\/\/kuzeyinsesi.org\/index.php\/2024\/05\/08\/tiktok-ve-sirketin-cinli-sahibi-bytedanceden-abdye-dava\/","url":"https:\/\/kuzeyinsesi.org\/index.php\/2024\/05\/08\/tiktok-ve-sirketin-cinli-sahibi-bytedanceden-abdye-dava\/","name":"TikTok ve \u015firketin \u00c7inli sahibi ByteDance&#039;den ABD&#039;ye dava - Kuzeyin Sesi","isPartOf":{"@id":"https:\/\/kuzeyinsesi.org\/#website"},"primaryImageOfPage":{"@id":"https:\/\/kuzeyinsesi.org\/index.php\/2024\/05\/08\/tiktok-ve-sirketin-cinli-sahibi-bytedanceden-abdye-dava\/#primaryimage"},"image":{"@id":"https:\/\/kuzeyinsesi.org\/index.php\/2024\/05\/08\/tiktok-ve-sirketin-cinli-sahibi-bytedanceden-abdye-dava\/#primaryimage"},"thumbnailUrl":"https:\/\/kuzeyinsesi.org\/wp-content\/uploads\/2024\/05\/tik-tok-reu-1521697.jpg","datePublished":"2024-05-08T07:33:52+00:00","author":{"@id":"https:\/\/kuzeyinsesi.org\/#\/schema\/person\/9f859689cdf01485597712386e37f5aa"},"breadcrumb":{"@id":"https:\/\/kuzeyinsesi.org\/index.php\/2024\/05\/08\/tiktok-ve-sirketin-cinli-sahibi-bytedanceden-abdye-dava\/#breadcrumb"},"inLanguage":"tr","potentialAction":[{"@type":"ReadAction","target":["https:\/\/kuzeyinsesi.org\/index.php\/2024\/05\/08\/tiktok-ve-sirketin-cinli-sahibi-bytedanceden-abdye-dava\/"]}]},{"@type":"ImageObject","inLanguage":"tr","@id":"https:\/\/kuzeyinsesi.org\/index.php\/2024\/05\/08\/tiktok-ve-sirketin-cinli-sahibi-bytedanceden-abdye-dava\/#primaryimage","url":"https:\/\/kuzeyinsesi.org\/wp-content\/uploads\/2024\/05\/tik-tok-reu-1521697.jpg","contentUrl":"https:\/\/kuzeyinsesi.org\/wp-content\/uploads\/2024\/05\/tik-tok-reu-1521697.jpg","width":1280,"height":720},{"@type":"BreadcrumbList","@id":"https:\/\/kuzeyinsesi.org\/index.php\/2024\/05\/08\/tiktok-ve-sirketin-cinli-sahibi-bytedanceden-abdye-dava\/#breadcrumb","itemListElement":[{"@type":"ListItem","position":1,"name":"Anasayfa","item":"https:\/\/kuzeyinsesi.org\/"},{"@type":"ListItem","position":2,"name":"TikTok ve \u015firketin \u00c7inli sahibi ByteDance&#039;den ABD&#039;ye dava"}]},{"@type":"WebSite","@id":"https:\/\/kuzeyinsesi.org\/#website","url":"https:\/\/kuzeyinsesi.org\/","name":"Kuzeyin Sesi","description":"Do\u011fru Haberin Adresi","potentialAction":[{"@type":"SearchAction","target":{"@type":"EntryPoint","urlTemplate":"https:\/\/kuzeyinsesi.org\/?s={search_term_string}"},"query-input":{"@type":"PropertyValueSpecification","valueRequired":true,"valueName":"search_term_string"}}],"inLanguage":"tr"},{"@type":"Person","@id":"https:\/\/kuzeyinsesi.org\/#\/schema\/person\/9f859689cdf01485597712386e37f5aa","name":"Kuzeyin Sesi","image":{"@type":"ImageObject","inLanguage":"tr","@id":"https:\/\/secure.gravatar.com\/avatar\/bab33852abfd8b282518d6ed81826833d77c3c882d9ab608add591ccace47a44?s=96&d=mm&r=g","url":"https:\/\/secure.gravatar.com\/avatar\/bab33852abfd8b282518d6ed81826833d77c3c882d9ab608add591ccace47a44?s=96&d=mm&r=g","contentUrl":"https:\/\/secure.gravatar.com\/avatar\/bab33852abfd8b282518d6ed81826833d77c3c882d9ab608add591ccace47a44?s=96&d=mm&r=g","caption":"Kuzeyin Sesi"},"sameAs":["https:\/\/kuzeyinsesi.org"],"url":"https:\/\/kuzeyinsesi.org\/index.php\/author\/guven\/"}]}},"_links":{"self":[{"href":"https:\/\/kuzeyinsesi.org\/index.php\/wp-json\/wp\/v2\/posts\/1663","targetHints":{"allow":["GET"]}}],"collection":[{"href":"https:\/\/kuzeyinsesi.org\/index.php\/wp-json\/wp\/v2\/posts"}],"about":[{"href":"https:\/\/kuzeyinsesi.org\/index.php\/wp-json\/wp\/v2\/types\/post"}],"author":[{"embeddable":true,"href":"https:\/\/kuzeyinsesi.org\/index.php\/wp-json\/wp\/v2\/users\/1"}],"replies":[{"embeddable":true,"href":"https:\/\/kuzeyinsesi.org\/index.php\/wp-json\/wp\/v2\/comments?post=1663"}],"version-history":[{"count":0,"href":"https:\/\/kuzeyinsesi.org\/index.php\/wp-json\/wp\/v2\/posts\/1663\/revisions"}],"wp:featuredmedia":[{"embeddable":true,"href":"https:\/\/kuzeyinsesi.org\/index.php\/wp-json\/wp\/v2\/media\/1664"}],"wp:attachment":[{"href":"https:\/\/kuzeyinsesi.org\/index.php\/wp-json\/wp\/v2\/media?parent=1663"}],"wp:term":[{"taxonomy":"category","embeddable":true,"href":"https:\/\/kuzeyinsesi.org\/index.php\/wp-json\/wp\/v2\/categories?post=1663"},{"taxonomy":"post_tag","embeddable":true,"href":"https:\/\/kuzeyinsesi.org\/index.php\/wp-json\/wp\/v2\/tags?post=1663"}],"curies":[{"name":"wp","href":"https:\/\/api.w.org\/{rel}","templated":true}]}}