{"id":16623,"date":"2024-12-31T18:39:33","date_gmt":"2024-12-31T16:39:33","guid":{"rendered":"https:\/\/kuzeyinsesi.org\/index.php\/2024\/12\/31\/cumhurbaskani-tatar-ile-turkiye-cumhurbaskani-erdogan-birbirlerinin-yeni-yilini-kutladi\/"},"modified":"2024-12-31T18:39:33","modified_gmt":"2024-12-31T16:39:33","slug":"cumhurbaskani-tatar-ile-turkiye-cumhurbaskani-erdogan-birbirlerinin-yeni-yilini-kutladi","status":"publish","type":"post","link":"https:\/\/kuzeyinsesi.org\/index.php\/2024\/12\/31\/cumhurbaskani-tatar-ile-turkiye-cumhurbaskani-erdogan-birbirlerinin-yeni-yilini-kutladi\/","title":{"rendered":"Cumhurba\u015fkan\u0131 Tatar ile T\u00fcrkiye Cumhurba\u015fkan\u0131 Erdo\u011fan birbirlerinin yeni y\u0131l\u0131n\u0131 kutlad\u0131"},"content":{"rendered":"<div>\n<div class=\"mariselle-image-container center\">\n                                            <\/div>\n<p>Cumhurba\u015fkan\u0131 Ersin Tatar ile T\u00fcrkiye Cumhuriyeti Cumhurba\u015fkan\u0131 Recep Tayyip Erdo\u011fan telefon g\u00f6r\u00fc\u015fmesi ger\u00e7ekle\u015ftirerek birbirlerinin yeni y\u0131l\u0131n\u0131 kutlad\u0131.<\/p>\n<p>Cumhurba\u015fkan\u0131 Ersin Tatar, T\u00fcrkiye Cumhuriyeti Cumhurba\u015fkan\u0131 Recep Tayyip Erdo\u011fan\u2019\u0131n nezdinde, T\u00fcrk milletinin yeni y\u0131l\u0131n\u0131 kutlad\u0131 ve yeni y\u0131l\u0131n T\u00fcrk d\u00fcnyas\u0131na, huzur, mutluluk ve refah getirmesi temenni etti.<\/p>\n<p>T\u00fcrkiye Cumhurba\u015fkan\u0131 Erdo\u011fan, Cumhurba\u015fkan\u0131 Tatar nezdinde K\u0131br\u0131s T\u00fcrk halk\u0131na huzur ve esenlikler diledi.<\/p>\n<\/p><\/div>\n<p><script async\n                    defer\n                    crossorigin=\"anonymous\"\n                    src=\"https:\/\/connect.facebook.net\/tr_TR\/sdk.js#xfbml=1&#038;version=v3.3\"\n            ><\/script><\/p>\n","protected":false},"excerpt":{"rendered":"<p>Cumhurba\u015fkan\u0131 Ersin Tatar ile T\u00fcrkiye Cumhuriyeti Cumhurba\u015fkan\u0131 Recep Tayyip Erdo\u011fan telefon g\u00f6r\u00fc\u015fmesi ger\u00e7ekle\u015ftirerek birbirlerinin yeni y\u0131l\u0131n\u0131 kutlad\u0131. Cumhurba\u015fkan\u0131 Ersin Tatar, T\u00fcrkiye Cumhuriyeti Cumhurba\u015fkan\u0131 Recep Tayyip Erdo\u011fan\u2019\u0131n nezdinde, T\u00fcrk milletinin yeni y\u0131l\u0131n\u0131 kutlad\u0131 ve yeni y\u0131l\u0131n T\u00fcrk d\u00fcnyas\u0131na, huzur, mutluluk ve refah getirmesi temenni etti. T\u00fcrkiye Cumhurba\u015fkan\u0131 Erdo\u011fan, Cumhurba\u015fkan\u0131 Tatar nezdinde K\u0131br\u0131s T\u00fcrk halk\u0131na huzur ve [&hellip;]<\/p>\n","protected":false},"author":1,"featured_media":16624,"comment_status":"open","ping_status":"open","sticky":false,"template":"","format":"standard","meta":{"jnews-multi-image_gallery":[],"jnews_single_post":[],"jnews_primary_category":[],"jnews_social_meta":[],"jnews_override_counter":[],"footnotes":""},"categories":[5],"tags":[],"class_list":["post-16623","post","type-post","status-publish","format-standard","has-post-thumbnail","hentry","category-turkiye"],"yoast_head":"<!-- This site is optimized with the Yoast SEO plugin v27.4 - https:\/\/yoast.com\/product\/yoast-seo-wordpress\/ -->\n<title>Cumhurba\u015fkan\u0131 Tatar ile T\u00fcrkiye Cumhurba\u015fkan\u0131 Erdo\u011fan birbirlerinin yeni y\u0131l\u0131n\u0131 kutlad\u0131 - Kuzeyin Sesi<\/title>\n<meta name=\"robots\" content=\"index, follow, max-snippet:-1, max-image-preview:large, max-video-preview:-1\" \/>\n<link rel=\"canonical\" href=\"https:\/\/kuzeyinsesi.org\/index.php\/2024\/12\/31\/cumhurbaskani-tatar-ile-turkiye-cumhurbaskani-erdogan-birbirlerinin-yeni-yilini-kutladi\/\" \/>\n<meta property=\"og:locale\" content=\"tr_TR\" \/>\n<meta property=\"og:type\" content=\"article\" \/>\n<meta property=\"og:title\" content=\"Cumhurba\u015fkan\u0131 Tatar ile T\u00fcrkiye Cumhurba\u015fkan\u0131 Erdo\u011fan birbirlerinin yeni y\u0131l\u0131n\u0131 kutlad\u0131 - Kuzeyin Sesi\" \/>\n<meta property=\"og:description\" content=\"Cumhurba\u015fkan\u0131 Ersin Tatar ile T\u00fcrkiye Cumhuriyeti Cumhurba\u015fkan\u0131 Recep Tayyip Erdo\u011fan telefon g\u00f6r\u00fc\u015fmesi ger\u00e7ekle\u015ftirerek birbirlerinin yeni y\u0131l\u0131n\u0131 kutlad\u0131. Cumhurba\u015fkan\u0131 Ersin Tatar, T\u00fcrkiye Cumhuriyeti Cumhurba\u015fkan\u0131 Recep Tayyip Erdo\u011fan\u2019\u0131n nezdinde, T\u00fcrk milletinin yeni y\u0131l\u0131n\u0131 kutlad\u0131 ve yeni y\u0131l\u0131n T\u00fcrk d\u00fcnyas\u0131na, huzur, mutluluk ve refah getirmesi temenni etti. T\u00fcrkiye Cumhurba\u015fkan\u0131 Erdo\u011fan, Cumhurba\u015fkan\u0131 Tatar nezdinde K\u0131br\u0131s T\u00fcrk halk\u0131na huzur ve [&hellip;]\" \/>\n<meta property=\"og:url\" content=\"https:\/\/kuzeyinsesi.org\/index.php\/2024\/12\/31\/cumhurbaskani-tatar-ile-turkiye-cumhurbaskani-erdogan-birbirlerinin-yeni-yilini-kutladi\/\" \/>\n<meta property=\"og:site_name\" content=\"Kuzeyin Sesi\" \/>\n<meta property=\"article:publisher\" content=\"https:\/\/www.facebook.com\/kuzeyinsesii\" \/>\n<meta property=\"article:published_time\" content=\"2024-12-31T16:39:33+00:00\" \/>\n<meta property=\"og:image\" content=\"https:\/\/brtk.net\/wp-content\/uploads\/2024\/12\/31\/1735661157564tatar-erdogan.jpg?ver=4332668a2632fb3954ef33f94a44cf92\" \/>\n<meta name=\"author\" content=\"Kuzeyin Sesi\" \/>\n<meta name=\"twitter:card\" content=\"summary_large_image\" \/>\n<meta name=\"twitter:creator\" content=\"@kuzeyinsesii\" \/>\n<meta name=\"twitter:site\" content=\"@kuzeyinsesii\" \/>\n<meta name=\"twitter:label1\" content=\"Yazan:\" \/>\n\t<meta name=\"twitter:data1\" content=\"Kuzeyin Sesi\" \/>\n<script type=\"application\/ld+json\" class=\"yoast-schema-graph\">{\"@context\":\"https:\\\/\\\/schema.org\",\"@graph\":[{\"@type\":\"Article\",\"@id\":\"https:\\\/\\\/kuzeyinsesi.org\\\/index.php\\\/2024\\\/12\\\/31\\\/cumhurbaskani-tatar-ile-turkiye-cumhurbaskani-erdogan-birbirlerinin-yeni-yilini-kutladi\\\/#article\",\"isPartOf\":{\"@id\":\"https:\\\/\\\/kuzeyinsesi.org\\\/index.php\\\/2024\\\/12\\\/31\\\/cumhurbaskani-tatar-ile-turkiye-cumhurbaskani-erdogan-birbirlerinin-yeni-yilini-kutladi\\\/\"},\"author\":{\"name\":\"Kuzeyin Sesi\",\"@id\":\"https:\\\/\\\/kuzeyinsesi.org\\\/#\\\/schema\\\/person\\\/9f859689cdf01485597712386e37f5aa\"},\"headline\":\"Cumhurba\u015fkan\u0131 Tatar ile T\u00fcrkiye Cumhurba\u015fkan\u0131 Erdo\u011fan birbirlerinin yeni y\u0131l\u0131n\u0131 kutlad\u0131\",\"datePublished\":\"2024-12-31T16:39:33+00:00\",\"mainEntityOfPage\":{\"@id\":\"https:\\\/\\\/kuzeyinsesi.org\\\/index.php\\\/2024\\\/12\\\/31\\\/cumhurbaskani-tatar-ile-turkiye-cumhurbaskani-erdogan-birbirlerinin-yeni-yilini-kutladi\\\/\"},\"wordCount\":104,\"commentCount\":0,\"image\":{\"@id\":\"https:\\\/\\\/kuzeyinsesi.org\\\/index.php\\\/2024\\\/12\\\/31\\\/cumhurbaskani-tatar-ile-turkiye-cumhurbaskani-erdogan-birbirlerinin-yeni-yilini-kutladi\\\/#primaryimage\"},\"thumbnailUrl\":\"https:\\\/\\\/kuzeyinsesi.org\\\/wp-content\\\/uploads\\\/2024\\\/12\\\/1735661157564tatar-erdogan.jpg\",\"articleSection\":[\"T\u00fcrkiye\"],\"inLanguage\":\"tr\",\"potentialAction\":[{\"@type\":\"CommentAction\",\"name\":\"Comment\",\"target\":[\"https:\\\/\\\/kuzeyinsesi.org\\\/index.php\\\/2024\\\/12\\\/31\\\/cumhurbaskani-tatar-ile-turkiye-cumhurbaskani-erdogan-birbirlerinin-yeni-yilini-kutladi\\\/#respond\"]}]},{\"@type\":\"WebPage\",\"@id\":\"https:\\\/\\\/kuzeyinsesi.org\\\/index.php\\\/2024\\\/12\\\/31\\\/cumhurbaskani-tatar-ile-turkiye-cumhurbaskani-erdogan-birbirlerinin-yeni-yilini-kutladi\\\/\",\"url\":\"https:\\\/\\\/kuzeyinsesi.org\\\/index.php\\\/2024\\\/12\\\/31\\\/cumhurbaskani-tatar-ile-turkiye-cumhurbaskani-erdogan-birbirlerinin-yeni-yilini-kutladi\\\/\",\"name\":\"Cumhurba\u015fkan\u0131 Tatar ile T\u00fcrkiye Cumhurba\u015fkan\u0131 Erdo\u011fan birbirlerinin yeni y\u0131l\u0131n\u0131 kutlad\u0131 - Kuzeyin Sesi\",\"isPartOf\":{\"@id\":\"https:\\\/\\\/kuzeyinsesi.org\\\/#website\"},\"primaryImageOfPage\":{\"@id\":\"https:\\\/\\\/kuzeyinsesi.org\\\/index.php\\\/2024\\\/12\\\/31\\\/cumhurbaskani-tatar-ile-turkiye-cumhurbaskani-erdogan-birbirlerinin-yeni-yilini-kutladi\\\/#primaryimage\"},\"image\":{\"@id\":\"https:\\\/\\\/kuzeyinsesi.org\\\/index.php\\\/2024\\\/12\\\/31\\\/cumhurbaskani-tatar-ile-turkiye-cumhurbaskani-erdogan-birbirlerinin-yeni-yilini-kutladi\\\/#primaryimage\"},\"thumbnailUrl\":\"https:\\\/\\\/kuzeyinsesi.org\\\/wp-content\\\/uploads\\\/2024\\\/12\\\/1735661157564tatar-erdogan.jpg\",\"datePublished\":\"2024-12-31T16:39:33+00:00\",\"author\":{\"@id\":\"https:\\\/\\\/kuzeyinsesi.org\\\/#\\\/schema\\\/person\\\/9f859689cdf01485597712386e37f5aa\"},\"breadcrumb\":{\"@id\":\"https:\\\/\\\/kuzeyinsesi.org\\\/index.php\\\/2024\\\/12\\\/31\\\/cumhurbaskani-tatar-ile-turkiye-cumhurbaskani-erdogan-birbirlerinin-yeni-yilini-kutladi\\\/#breadcrumb\"},\"inLanguage\":\"tr\",\"potentialAction\":[{\"@type\":\"ReadAction\",\"target\":[\"https:\\\/\\\/kuzeyinsesi.org\\\/index.php\\\/2024\\\/12\\\/31\\\/cumhurbaskani-tatar-ile-turkiye-cumhurbaskani-erdogan-birbirlerinin-yeni-yilini-kutladi\\\/\"]}]},{\"@type\":\"ImageObject\",\"inLanguage\":\"tr\",\"@id\":\"https:\\\/\\\/kuzeyinsesi.org\\\/index.php\\\/2024\\\/12\\\/31\\\/cumhurbaskani-tatar-ile-turkiye-cumhurbaskani-erdogan-birbirlerinin-yeni-yilini-kutladi\\\/#primaryimage\",\"url\":\"https:\\\/\\\/kuzeyinsesi.org\\\/wp-content\\\/uploads\\\/2024\\\/12\\\/1735661157564tatar-erdogan.jpg\",\"contentUrl\":\"https:\\\/\\\/kuzeyinsesi.org\\\/wp-content\\\/uploads\\\/2024\\\/12\\\/1735661157564tatar-erdogan.jpg\",\"width\":1600,\"height\":1129},{\"@type\":\"BreadcrumbList\",\"@id\":\"https:\\\/\\\/kuzeyinsesi.org\\\/index.php\\\/2024\\\/12\\\/31\\\/cumhurbaskani-tatar-ile-turkiye-cumhurbaskani-erdogan-birbirlerinin-yeni-yilini-kutladi\\\/#breadcrumb\",\"itemListElement\":[{\"@type\":\"ListItem\",\"position\":1,\"name\":\"Anasayfa\",\"item\":\"https:\\\/\\\/kuzeyinsesi.org\\\/\"},{\"@type\":\"ListItem\",\"position\":2,\"name\":\"Cumhurba\u015fkan\u0131 Tatar ile T\u00fcrkiye Cumhurba\u015fkan\u0131 Erdo\u011fan birbirlerinin yeni y\u0131l\u0131n\u0131 kutlad\u0131\"}]},{\"@type\":\"WebSite\",\"@id\":\"https:\\\/\\\/kuzeyinsesi.org\\\/#website\",\"url\":\"https:\\\/\\\/kuzeyinsesi.org\\\/\",\"name\":\"Kuzeyin Sesi\",\"description\":\"Do\u011fru Haberin Adresi\",\"potentialAction\":[{\"@type\":\"SearchAction\",\"target\":{\"@type\":\"EntryPoint\",\"urlTemplate\":\"https:\\\/\\\/kuzeyinsesi.org\\\/?s={search_term_string}\"},\"query-input\":{\"@type\":\"PropertyValueSpecification\",\"valueRequired\":true,\"valueName\":\"search_term_string\"}}],\"inLanguage\":\"tr\"},{\"@type\":\"Person\",\"@id\":\"https:\\\/\\\/kuzeyinsesi.org\\\/#\\\/schema\\\/person\\\/9f859689cdf01485597712386e37f5aa\",\"name\":\"Kuzeyin Sesi\",\"image\":{\"@type\":\"ImageObject\",\"inLanguage\":\"tr\",\"@id\":\"https:\\\/\\\/secure.gravatar.com\\\/avatar\\\/bab33852abfd8b282518d6ed81826833d77c3c882d9ab608add591ccace47a44?s=96&d=mm&r=g\",\"url\":\"https:\\\/\\\/secure.gravatar.com\\\/avatar\\\/bab33852abfd8b282518d6ed81826833d77c3c882d9ab608add591ccace47a44?s=96&d=mm&r=g\",\"contentUrl\":\"https:\\\/\\\/secure.gravatar.com\\\/avatar\\\/bab33852abfd8b282518d6ed81826833d77c3c882d9ab608add591ccace47a44?s=96&d=mm&r=g\",\"caption\":\"Kuzeyin Sesi\"},\"sameAs\":[\"https:\\\/\\\/kuzeyinsesi.org\"],\"url\":\"https:\\\/\\\/kuzeyinsesi.org\\\/index.php\\\/author\\\/guven\\\/\"}]}<\/script>\n<!-- \/ Yoast SEO plugin. -->","yoast_head_json":{"title":"Cumhurba\u015fkan\u0131 Tatar ile T\u00fcrkiye Cumhurba\u015fkan\u0131 Erdo\u011fan birbirlerinin yeni y\u0131l\u0131n\u0131 kutlad\u0131 - Kuzeyin Sesi","robots":{"index":"index","follow":"follow","max-snippet":"max-snippet:-1","max-image-preview":"max-image-preview:large","max-video-preview":"max-video-preview:-1"},"canonical":"https:\/\/kuzeyinsesi.org\/index.php\/2024\/12\/31\/cumhurbaskani-tatar-ile-turkiye-cumhurbaskani-erdogan-birbirlerinin-yeni-yilini-kutladi\/","og_locale":"tr_TR","og_type":"article","og_title":"Cumhurba\u015fkan\u0131 Tatar ile T\u00fcrkiye Cumhurba\u015fkan\u0131 Erdo\u011fan birbirlerinin yeni y\u0131l\u0131n\u0131 kutlad\u0131 - Kuzeyin Sesi","og_description":"Cumhurba\u015fkan\u0131 Ersin Tatar ile T\u00fcrkiye Cumhuriyeti Cumhurba\u015fkan\u0131 Recep Tayyip Erdo\u011fan telefon g\u00f6r\u00fc\u015fmesi ger\u00e7ekle\u015ftirerek birbirlerinin yeni y\u0131l\u0131n\u0131 kutlad\u0131. Cumhurba\u015fkan\u0131 Ersin Tatar, T\u00fcrkiye Cumhuriyeti Cumhurba\u015fkan\u0131 Recep Tayyip Erdo\u011fan\u2019\u0131n nezdinde, T\u00fcrk milletinin yeni y\u0131l\u0131n\u0131 kutlad\u0131 ve yeni y\u0131l\u0131n T\u00fcrk d\u00fcnyas\u0131na, huzur, mutluluk ve refah getirmesi temenni etti. T\u00fcrkiye Cumhurba\u015fkan\u0131 Erdo\u011fan, Cumhurba\u015fkan\u0131 Tatar nezdinde K\u0131br\u0131s T\u00fcrk halk\u0131na huzur ve [&hellip;]","og_url":"https:\/\/kuzeyinsesi.org\/index.php\/2024\/12\/31\/cumhurbaskani-tatar-ile-turkiye-cumhurbaskani-erdogan-birbirlerinin-yeni-yilini-kutladi\/","og_site_name":"Kuzeyin Sesi","article_publisher":"https:\/\/www.facebook.com\/kuzeyinsesii","article_published_time":"2024-12-31T16:39:33+00:00","og_image":[{"url":"https:\/\/brtk.net\/wp-content\/uploads\/2024\/12\/31\/1735661157564tatar-erdogan.jpg?ver=4332668a2632fb3954ef33f94a44cf92","type":"","width":"","height":""}],"author":"Kuzeyin Sesi","twitter_card":"summary_large_image","twitter_creator":"@kuzeyinsesii","twitter_site":"@kuzeyinsesii","twitter_misc":{"Yazan:":"Kuzeyin Sesi"},"schema":{"@context":"https:\/\/schema.org","@graph":[{"@type":"Article","@id":"https:\/\/kuzeyinsesi.org\/index.php\/2024\/12\/31\/cumhurbaskani-tatar-ile-turkiye-cumhurbaskani-erdogan-birbirlerinin-yeni-yilini-kutladi\/#article","isPartOf":{"@id":"https:\/\/kuzeyinsesi.org\/index.php\/2024\/12\/31\/cumhurbaskani-tatar-ile-turkiye-cumhurbaskani-erdogan-birbirlerinin-yeni-yilini-kutladi\/"},"author":{"name":"Kuzeyin Sesi","@id":"https:\/\/kuzeyinsesi.org\/#\/schema\/person\/9f859689cdf01485597712386e37f5aa"},"headline":"Cumhurba\u015fkan\u0131 Tatar ile T\u00fcrkiye Cumhurba\u015fkan\u0131 Erdo\u011fan birbirlerinin yeni y\u0131l\u0131n\u0131 kutlad\u0131","datePublished":"2024-12-31T16:39:33+00:00","mainEntityOfPage":{"@id":"https:\/\/kuzeyinsesi.org\/index.php\/2024\/12\/31\/cumhurbaskani-tatar-ile-turkiye-cumhurbaskani-erdogan-birbirlerinin-yeni-yilini-kutladi\/"},"wordCount":104,"commentCount":0,"image":{"@id":"https:\/\/kuzeyinsesi.org\/index.php\/2024\/12\/31\/cumhurbaskani-tatar-ile-turkiye-cumhurbaskani-erdogan-birbirlerinin-yeni-yilini-kutladi\/#primaryimage"},"thumbnailUrl":"https:\/\/kuzeyinsesi.org\/wp-content\/uploads\/2024\/12\/1735661157564tatar-erdogan.jpg","articleSection":["T\u00fcrkiye"],"inLanguage":"tr","potentialAction":[{"@type":"CommentAction","name":"Comment","target":["https:\/\/kuzeyinsesi.org\/index.php\/2024\/12\/31\/cumhurbaskani-tatar-ile-turkiye-cumhurbaskani-erdogan-birbirlerinin-yeni-yilini-kutladi\/#respond"]}]},{"@type":"WebPage","@id":"https:\/\/kuzeyinsesi.org\/index.php\/2024\/12\/31\/cumhurbaskani-tatar-ile-turkiye-cumhurbaskani-erdogan-birbirlerinin-yeni-yilini-kutladi\/","url":"https:\/\/kuzeyinsesi.org\/index.php\/2024\/12\/31\/cumhurbaskani-tatar-ile-turkiye-cumhurbaskani-erdogan-birbirlerinin-yeni-yilini-kutladi\/","name":"Cumhurba\u015fkan\u0131 Tatar ile T\u00fcrkiye Cumhurba\u015fkan\u0131 Erdo\u011fan birbirlerinin yeni y\u0131l\u0131n\u0131 kutlad\u0131 - Kuzeyin Sesi","isPartOf":{"@id":"https:\/\/kuzeyinsesi.org\/#website"},"primaryImageOfPage":{"@id":"https:\/\/kuzeyinsesi.org\/index.php\/2024\/12\/31\/cumhurbaskani-tatar-ile-turkiye-cumhurbaskani-erdogan-birbirlerinin-yeni-yilini-kutladi\/#primaryimage"},"image":{"@id":"https:\/\/kuzeyinsesi.org\/index.php\/2024\/12\/31\/cumhurbaskani-tatar-ile-turkiye-cumhurbaskani-erdogan-birbirlerinin-yeni-yilini-kutladi\/#primaryimage"},"thumbnailUrl":"https:\/\/kuzeyinsesi.org\/wp-content\/uploads\/2024\/12\/1735661157564tatar-erdogan.jpg","datePublished":"2024-12-31T16:39:33+00:00","author":{"@id":"https:\/\/kuzeyinsesi.org\/#\/schema\/person\/9f859689cdf01485597712386e37f5aa"},"breadcrumb":{"@id":"https:\/\/kuzeyinsesi.org\/index.php\/2024\/12\/31\/cumhurbaskani-tatar-ile-turkiye-cumhurbaskani-erdogan-birbirlerinin-yeni-yilini-kutladi\/#breadcrumb"},"inLanguage":"tr","potentialAction":[{"@type":"ReadAction","target":["https:\/\/kuzeyinsesi.org\/index.php\/2024\/12\/31\/cumhurbaskani-tatar-ile-turkiye-cumhurbaskani-erdogan-birbirlerinin-yeni-yilini-kutladi\/"]}]},{"@type":"ImageObject","inLanguage":"tr","@id":"https:\/\/kuzeyinsesi.org\/index.php\/2024\/12\/31\/cumhurbaskani-tatar-ile-turkiye-cumhurbaskani-erdogan-birbirlerinin-yeni-yilini-kutladi\/#primaryimage","url":"https:\/\/kuzeyinsesi.org\/wp-content\/uploads\/2024\/12\/1735661157564tatar-erdogan.jpg","contentUrl":"https:\/\/kuzeyinsesi.org\/wp-content\/uploads\/2024\/12\/1735661157564tatar-erdogan.jpg","width":1600,"height":1129},{"@type":"BreadcrumbList","@id":"https:\/\/kuzeyinsesi.org\/index.php\/2024\/12\/31\/cumhurbaskani-tatar-ile-turkiye-cumhurbaskani-erdogan-birbirlerinin-yeni-yilini-kutladi\/#breadcrumb","itemListElement":[{"@type":"ListItem","position":1,"name":"Anasayfa","item":"https:\/\/kuzeyinsesi.org\/"},{"@type":"ListItem","position":2,"name":"Cumhurba\u015fkan\u0131 Tatar ile T\u00fcrkiye Cumhurba\u015fkan\u0131 Erdo\u011fan birbirlerinin yeni y\u0131l\u0131n\u0131 kutlad\u0131"}]},{"@type":"WebSite","@id":"https:\/\/kuzeyinsesi.org\/#website","url":"https:\/\/kuzeyinsesi.org\/","name":"Kuzeyin Sesi","description":"Do\u011fru Haberin Adresi","potentialAction":[{"@type":"SearchAction","target":{"@type":"EntryPoint","urlTemplate":"https:\/\/kuzeyinsesi.org\/?s={search_term_string}"},"query-input":{"@type":"PropertyValueSpecification","valueRequired":true,"valueName":"search_term_string"}}],"inLanguage":"tr"},{"@type":"Person","@id":"https:\/\/kuzeyinsesi.org\/#\/schema\/person\/9f859689cdf01485597712386e37f5aa","name":"Kuzeyin Sesi","image":{"@type":"ImageObject","inLanguage":"tr","@id":"https:\/\/secure.gravatar.com\/avatar\/bab33852abfd8b282518d6ed81826833d77c3c882d9ab608add591ccace47a44?s=96&d=mm&r=g","url":"https:\/\/secure.gravatar.com\/avatar\/bab33852abfd8b282518d6ed81826833d77c3c882d9ab608add591ccace47a44?s=96&d=mm&r=g","contentUrl":"https:\/\/secure.gravatar.com\/avatar\/bab33852abfd8b282518d6ed81826833d77c3c882d9ab608add591ccace47a44?s=96&d=mm&r=g","caption":"Kuzeyin Sesi"},"sameAs":["https:\/\/kuzeyinsesi.org"],"url":"https:\/\/kuzeyinsesi.org\/index.php\/author\/guven\/"}]}},"_links":{"self":[{"href":"https:\/\/kuzeyinsesi.org\/index.php\/wp-json\/wp\/v2\/posts\/16623","targetHints":{"allow":["GET"]}}],"collection":[{"href":"https:\/\/kuzeyinsesi.org\/index.php\/wp-json\/wp\/v2\/posts"}],"about":[{"href":"https:\/\/kuzeyinsesi.org\/index.php\/wp-json\/wp\/v2\/types\/post"}],"author":[{"embeddable":true,"href":"https:\/\/kuzeyinsesi.org\/index.php\/wp-json\/wp\/v2\/users\/1"}],"replies":[{"embeddable":true,"href":"https:\/\/kuzeyinsesi.org\/index.php\/wp-json\/wp\/v2\/comments?post=16623"}],"version-history":[{"count":0,"href":"https:\/\/kuzeyinsesi.org\/index.php\/wp-json\/wp\/v2\/posts\/16623\/revisions"}],"wp:featuredmedia":[{"embeddable":true,"href":"https:\/\/kuzeyinsesi.org\/index.php\/wp-json\/wp\/v2\/media\/16624"}],"wp:attachment":[{"href":"https:\/\/kuzeyinsesi.org\/index.php\/wp-json\/wp\/v2\/media?parent=16623"}],"wp:term":[{"taxonomy":"category","embeddable":true,"href":"https:\/\/kuzeyinsesi.org\/index.php\/wp-json\/wp\/v2\/categories?post=16623"},{"taxonomy":"post_tag","embeddable":true,"href":"https:\/\/kuzeyinsesi.org\/index.php\/wp-json\/wp\/v2\/tags?post=16623"}],"curies":[{"name":"wp","href":"https:\/\/api.w.org\/{rel}","templated":true}]}}