{"id":16612,"date":"2024-12-31T14:17:54","date_gmt":"2024-12-31T12:17:54","guid":{"rendered":"https:\/\/kuzeyinsesi.org\/index.php\/2024\/12\/31\/erdogan-terorsuz-turkiye-vizyonumuzu-gercege-donusturmek-icin-kararli-adimlar-atacagiz\/"},"modified":"2024-12-31T14:17:54","modified_gmt":"2024-12-31T12:17:54","slug":"erdogan-terorsuz-turkiye-vizyonumuzu-gercege-donusturmek-icin-kararli-adimlar-atacagiz","status":"publish","type":"post","link":"https:\/\/kuzeyinsesi.org\/index.php\/2024\/12\/31\/erdogan-terorsuz-turkiye-vizyonumuzu-gercege-donusturmek-icin-kararli-adimlar-atacagiz\/","title":{"rendered":"Erdo\u011fan: \u201c\u2019Ter\u00f6rs\u00fcz T\u00fcrkiye\u2019 vizyonumuzu ger\u00e7e\u011fe d\u00f6n\u00fc\u015ft\u00fcrmek i\u00e7in kararl\u0131 ad\u0131mlar ataca\u011f\u0131z\u201d"},"content":{"rendered":"<div>\n<div class=\"mariselle-image-container center\">\n                                            <\/div>\n<p>T\u00fcrkiye Cumhurba\u015fkan\u0131 Recep Tayyip Erdo\u011fan, \u201cVatanda\u015f\u0131m\u0131z\u0131n refah kayb\u0131n\u0131 telafi edecek, al\u0131m g\u00fcc\u00fcn\u00fc art\u0131racak politikalara a\u011f\u0131rl\u0131k vermek suretiyle in\u015fallah daha iyi yerlere gelece\u011fiz. Konut, kira ve g\u0131da ba\u015fta olmak \u00fczere fahi\u015f fiyatlarla milletin ekme\u011fine g\u00f6z diken f\u0131rsat\u00e7\u0131larla m\u00fccadelemizi 2025 senesinde de kararl\u0131l\u0131kla devam ettirece\u011fiz.\u201d dedi.<\/p>\n<p>Cumhurba\u015fkan\u0131 Erdo\u011fan, yeni y\u0131l dolay\u0131s\u0131yla yay\u0131nlanan video mesaj\u0131nda, yeni umut, beklenti ve hayallerle 2025 senesini kar\u015f\u0131lad\u0131klar\u0131n\u0131 belirterek, yeni y\u0131l\u0131n \u00fclke, millet, g\u00f6n\u00fcl co\u011frafyas\u0131 ve t\u00fcm insanl\u0131k i\u00e7in hay\u0131rlara vesile olmas\u0131n\u0131 temenni etti.<\/p>\n<p>T\u00fcm \u015fehitleri rahmetle yad eden ve gazilere \u015f\u00fckranlar\u0131n\u0131 sunan Erdo\u011fan, s\u00f6zlerini \u015f\u00f6yle s\u00fcrd\u00fcrd\u00fc:<\/p>\n<p>\u201cMillet olarak 2025 y\u0131l\u0131nda birli\u011fimizi, beraberli\u011fimizi, dayan\u0131\u015fmam\u0131z\u0131, in\u015fallah daha da g\u00fc\u00e7lendirecek, birbirimize daha s\u0131k\u0131 kenetlenece\u011fiz. Geride b\u0131rakt\u0131\u011f\u0131m\u0131z 2024 senesi \u00fclkemiz i\u00e7inde ve b\u00f6lgemizde pek \u00e7ok kritik geli\u015fmeye sahne oldu. Mahalli \u0130dareler Se\u00e7imleri\u2019ni tam bir demokrasi \u015f\u00f6leni havas\u0131nda, T\u00fcrk demokrasisinin olgunlu\u011funu t\u00fcm d\u00fcnyaya yeniden g\u00f6sterdi\u011fimiz bir iklimde hamdolsun ba\u015far\u0131yla ger\u00e7ekle\u015ftirdik. Milletimizin iradesi sand\u0131kta \u00f6zg\u00fcrce tecelli ederken kazanan demokrasimizle birlikte yine 85 milyon vatanda\u015f\u0131m\u0131z\u0131n tamam\u0131 oldu. Tercihleri ne olursa olsun, se\u00e7im sand\u0131klar\u0131n\u0131 birer bayram yerine \u00e7eviren vatanda\u015flar\u0131ma bug\u00fcn bir kez daha te\u015fekk\u00fcr ediyorum. Se\u00e7imlere ve b\u00f6lgemizde patlak veren yeni krizlere ra\u011fmen kararl\u0131l\u0131kla uygulad\u0131\u011f\u0131m\u0131z ekonomi program\u0131m\u0131z\u0131n meyvelerini toplamaya ba\u015flad\u0131k. \u0130stihdamda, ihracatta, \u00fcretimde, turizmde, savunma sanayisinde ve di\u011fer alanlarda \u00e7ok \u00f6nemli ba\u015far\u0131lara imza att\u0131k.\u201d<\/p>\n<p>\u2013 \u201cEkonomideki konjonkt\u00fcrel s\u0131k\u0131nt\u0131lar\u0131n \u00fcstesinden de yine biz gelece\u011fiz.\u201d<\/p>\n<p>Erdo\u011fan, deprem b\u00f6lgesini yeniden aya\u011fa kald\u0131rma \u00e7abalar\u0131nda ciddi mesafe katettiklerine dikkati \u00e7ekerek, yeni y\u0131lda bu \u00e7al\u0131\u015fmalar\u0131n daha da h\u0131zlanaca\u011f\u0131n\u0131 vurgulad\u0131.<\/p>\n<p>Enflasyondaki d\u00fc\u015f\u00fc\u015f\u00fcn \u00f6zellikle y\u0131l\u0131n son aylar\u0131nda artarak devam etmesinin, 2025 y\u0131l\u0131 hedeflerine ula\u015facaklar\u0131n\u0131 teyit etti\u011fini dile getiren Erdo\u011fan, \u201cVatanda\u015f\u0131m\u0131z\u0131n refah kayb\u0131n\u0131 telafi edecek, al\u0131m g\u00fcc\u00fcn\u00fc art\u0131racak politikalara a\u011f\u0131rl\u0131k vermek suretiyle in\u015fallah daha iyi yerlere gelece\u011fiz. Konut, kira ve g\u0131da ba\u015fta olmak \u00fczere fahi\u015f fiyatlarla milletin ekme\u011fine g\u00f6z diken f\u0131rsat\u00e7\u0131larla m\u00fccadelemizi 2025 senesinde de kararl\u0131l\u0131kla devam ettirece\u011fiz. Vatanda\u015flar\u0131mdan ge\u00e7mi\u015fte T\u00fcrkiye\u2019ye \u00e7ok a\u011f\u0131r faturalar \u00f6detmi\u015f, pop\u00fclist s\u00f6ylemlere prim vermemelerini \u00f6zellikle istirham ediyorum. Son 22 y\u0131lda, bu \u00fclkenin ve milletin t\u00fcm meselelerini nas\u0131l biz \u00e7\u00f6zd\u00fcysek ekonomideki konjonkt\u00fcrel s\u0131k\u0131nt\u0131lar\u0131n \u00fcstesinden de yine biz gelece\u011fiz. Do\u011fru yolday\u0131z, Allah\u2019\u0131n izniyle hedeflerimize de ula\u015faca\u011f\u0131z. Sizlerden sadece biraz daha sab\u0131r, metanet ve anlay\u0131\u015f istiyoruz.\u201d diye konu\u015ftu.<\/p>\n<p>Cumhurba\u015fkan\u0131 Erdo\u011fan, 2024\u2019\u00fcn son haftalar\u0131n\u0131n k\u00f6kl\u00fc tarihi, be\u015feri ve kom\u015fuluk ili\u015fkileri bulunan Suriye\u2019de yeni bir d\u00f6nemin k\u0131v\u0131lc\u0131m\u0131 oldu\u011funu vurgulayarak, \u201cYeni d\u00f6nemin Suriye\u2019de kal\u0131c\u0131 bar\u0131\u015fa, huzura, istikrara ve ekonomik refaha kap\u0131 aralamas\u0131 i\u00e7in gereken her t\u00fcrl\u00fc deste\u011fi sa\u011flayaca\u011f\u0131z. Suriye\u2019de istikrar ortam\u0131 k\u00f6k sald\u0131k\u00e7a inan\u0131yorum ki 13 y\u0131ld\u0131r vatan hasreti \u00e7eken Suriyeli muhacirlerin g\u00f6n\u00fcll\u00fc geri d\u00f6n\u00fc\u015f\u00fc de kolayla\u015facakt\u0131r. Bu s\u00fcre boyunca \u2018ensar millet\u2019 olman\u0131n en g\u00fczel \u00f6rneklerini sergileyen t\u00fcm vatanda\u015flar\u0131mdan \u2018Allah raz\u0131 olsun\u2019 diyorum.\u201d ifadelerini kulland\u0131.<\/p>\n<p>\u0130srail\u2019in Gazze\u2019deki sald\u0131r\u0131lar\u0131na ili\u015fkin de Erdo\u011fan, \u201cGazze\u2019deki katliamlara ilk g\u00fcnden itibaren en g\u00fc\u00e7l\u00fc tepkiyi veren, vicdanl\u0131 ve adaletli duru\u015funu her platformda ortaya koyan \u00fclke konumunday\u0131z. Gazze\u2019de ve di\u011fer Filistin topraklar\u0131nda 15 ayd\u0131r devam eden katliamlar\u0131n son bulmas\u0131 burada da bar\u0131\u015f\u0131n tesisi i\u00e7in yo\u011fun gayret sarf ediyoruz. Ba\u015fkenti Do\u011fu Kud\u00fcs olan 1967 s\u0131n\u0131rlar\u0131 temelinde \u00f6zg\u00fcr, egemen ve toprak b\u00fct\u00fcnl\u00fc\u011f\u00fcne sahip bir Filistin devletinin kurulmas\u0131 i\u00e7in 2025 y\u0131l\u0131nda da t\u00fcm g\u00fcc\u00fcm\u00fczle \u00e7al\u0131\u015faca\u011f\u0131z.\u201d de\u011ferlendirmesinde bulundu.<\/p>\n<p>Erdo\u011fan, her ikisi de T\u00fcrkiye\u2019nin Karadeniz\u2019den kom\u015fu olan Rusya-Ukrayna aras\u0131ndaki sava\u015f\u0131n, adil bir bar\u0131\u015fla sona erdirilmesinin \u00f6ncelik olmay\u0131 s\u00fcrd\u00fcrd\u00fc\u011f\u00fcn\u00fc belirterek, \u201cTemennimiz 2025 y\u0131l\u0131nda kuzeyimizde de yeni bir d\u00f6nemin ba\u015flamas\u0131d\u0131r.\u201d dedi.<\/p>\n<p>\u2013 \u201cT\u00fcrkiye Y\u00fczy\u0131l\u0131\u2019n\u0131 karde\u015fli\u011fin y\u00fczy\u0131l\u0131 yapmakta kararl\u0131y\u0131z\u201d<\/p>\n<p>S\u0131n\u0131rlar\u0131n\u0131n \u00f6tesinde b\u00fct\u00fcn bu diplomatik hamleleri hayata ge\u00e7irirken T\u00fcrkiye i\u00e7inde en \u00f6nemli g\u00fcndemlerinin i\u00e7 cephenin tahkimat\u0131 olaca\u011f\u0131na i\u015faret eden Erdo\u011fan, \u201cT\u00fcrkiye Y\u00fczy\u0131l\u0131\u201dn\u0131 \u201ckarde\u015fli\u011fin y\u00fczy\u0131l\u0131\u201d yapmakta kararl\u0131 olduklar\u0131n\u0131 bildirdi.<\/p>\n<p>Cumhurba\u015fkan\u0131 Erdo\u011fan, \u201c\u00d6n\u00fcm\u00fczdeki d\u00f6nemde \u2018ter\u00f6rs\u00fcz T\u00fcrkiye\u2019 ve \u2018ter\u00f6rs\u00fcz b\u00f6lge\u2019 vizyonumuzu ger\u00e7e\u011fe d\u00f6n\u00fc\u015ft\u00fcrmek i\u00e7in kararl\u0131 ad\u0131mlar ataca\u011f\u0131z. \u00dclkemizin \u00f6n\u00fcnde yeni bir yol a\u00e7acak bu s\u00fcrecin suhuletle, kar\u015f\u0131l\u0131kl\u0131 iyi niyet ve anlay\u0131\u015f i\u00e7inde y\u00fcr\u00fcmesi i\u00e7in her t\u00fcrl\u00fc gayreti g\u00f6steriyoruz ama gerekti\u011finde devletimizin kadife eldiven i\u00e7indeki demir yumru\u011funu devreye almaktan da \u00e7ekinmeyece\u011fiz. Bu \u00e7er\u00e7evede 2025 y\u0131l\u0131nda milletimize in\u015fallah yeni m\u00fcjdeler vermeyi \u00fcmit ve arzu ediyoruz.\u201d ifadelerini kulland\u0131.<\/p>\n<p>Kendilerini hizmetkar\u0131 olmaktan \u015feref duyduklar\u0131 aziz millete, umudunu T\u00fcrkiye\u2019ye ba\u011flam\u0131\u015f y\u00fcz milyonlarca mazluma mahcup etmemesini Allah\u2019tan temenni eden Erdo\u011fan, yeni takvim y\u0131l\u0131n\u0131n \u00fclke, millet ve t\u00fcm insanl\u0131k i\u00e7in hay\u0131rlar getirmesini diledi.<\/p>\n<\/p><\/div>\n<p><script async\n                    defer\n                    crossorigin=\"anonymous\"\n                    src=\"https:\/\/connect.facebook.net\/tr_TR\/sdk.js#xfbml=1&#038;version=v3.3\"\n            ><\/script><\/p>\n","protected":false},"excerpt":{"rendered":"<p>T\u00fcrkiye Cumhurba\u015fkan\u0131 Recep Tayyip Erdo\u011fan, \u201cVatanda\u015f\u0131m\u0131z\u0131n refah kayb\u0131n\u0131 telafi edecek, al\u0131m g\u00fcc\u00fcn\u00fc art\u0131racak politikalara a\u011f\u0131rl\u0131k vermek suretiyle in\u015fallah daha iyi yerlere gelece\u011fiz. Konut, kira ve g\u0131da ba\u015fta olmak \u00fczere fahi\u015f fiyatlarla milletin ekme\u011fine g\u00f6z diken f\u0131rsat\u00e7\u0131larla m\u00fccadelemizi 2025 senesinde de kararl\u0131l\u0131kla devam ettirece\u011fiz.\u201d dedi. Cumhurba\u015fkan\u0131 Erdo\u011fan, yeni y\u0131l dolay\u0131s\u0131yla yay\u0131nlanan video mesaj\u0131nda, yeni umut, beklenti [&hellip;]<\/p>\n","protected":false},"author":1,"featured_media":16613,"comment_status":"open","ping_status":"open","sticky":false,"template":"","format":"standard","meta":{"jnews-multi-image_gallery":[],"jnews_single_post":[],"jnews_primary_category":[],"jnews_social_meta":[],"jnews_override_counter":[],"footnotes":""},"categories":[5],"tags":[],"class_list":["post-16612","post","type-post","status-publish","format-standard","has-post-thumbnail","hentry","category-turkiye"],"yoast_head":"<!-- This site is optimized with the Yoast SEO plugin v27.4 - https:\/\/yoast.com\/product\/yoast-seo-wordpress\/ -->\n<title>Erdo\u011fan: \u201c\u2019Ter\u00f6rs\u00fcz T\u00fcrkiye\u2019 vizyonumuzu ger\u00e7e\u011fe d\u00f6n\u00fc\u015ft\u00fcrmek i\u00e7in kararl\u0131 ad\u0131mlar ataca\u011f\u0131z\u201d - Kuzeyin Sesi<\/title>\n<meta name=\"robots\" content=\"index, follow, max-snippet:-1, max-image-preview:large, max-video-preview:-1\" \/>\n<link rel=\"canonical\" href=\"https:\/\/kuzeyinsesi.org\/index.php\/2024\/12\/31\/erdogan-terorsuz-turkiye-vizyonumuzu-gercege-donusturmek-icin-kararli-adimlar-atacagiz\/\" \/>\n<meta property=\"og:locale\" content=\"tr_TR\" \/>\n<meta property=\"og:type\" content=\"article\" \/>\n<meta property=\"og:title\" content=\"Erdo\u011fan: \u201c\u2019Ter\u00f6rs\u00fcz T\u00fcrkiye\u2019 vizyonumuzu ger\u00e7e\u011fe d\u00f6n\u00fc\u015ft\u00fcrmek i\u00e7in kararl\u0131 ad\u0131mlar ataca\u011f\u0131z\u201d - Kuzeyin Sesi\" \/>\n<meta property=\"og:description\" content=\"T\u00fcrkiye Cumhurba\u015fkan\u0131 Recep Tayyip Erdo\u011fan, \u201cVatanda\u015f\u0131m\u0131z\u0131n refah kayb\u0131n\u0131 telafi edecek, al\u0131m g\u00fcc\u00fcn\u00fc art\u0131racak politikalara a\u011f\u0131rl\u0131k vermek suretiyle in\u015fallah daha iyi yerlere gelece\u011fiz. Konut, kira ve g\u0131da ba\u015fta olmak \u00fczere fahi\u015f fiyatlarla milletin ekme\u011fine g\u00f6z diken f\u0131rsat\u00e7\u0131larla m\u00fccadelemizi 2025 senesinde de kararl\u0131l\u0131kla devam ettirece\u011fiz.\u201d dedi. Cumhurba\u015fkan\u0131 Erdo\u011fan, yeni y\u0131l dolay\u0131s\u0131yla yay\u0131nlanan video mesaj\u0131nda, yeni umut, beklenti [&hellip;]\" \/>\n<meta property=\"og:url\" content=\"https:\/\/kuzeyinsesi.org\/index.php\/2024\/12\/31\/erdogan-terorsuz-turkiye-vizyonumuzu-gercege-donusturmek-icin-kararli-adimlar-atacagiz\/\" \/>\n<meta property=\"og:site_name\" content=\"Kuzeyin Sesi\" \/>\n<meta property=\"article:publisher\" content=\"https:\/\/www.facebook.com\/kuzeyinsesii\" \/>\n<meta property=\"article:published_time\" content=\"2024-12-31T12:17:54+00:00\" \/>\n<meta property=\"og:image\" content=\"https:\/\/brtk.net\/wp-content\/uploads\/2024\/12\/31\/1735637557755thumbs_b_c_6fc6e77e8377852889cec9236a96c61e.jpg?ver=83e06b16fd5a4d37e3f36c604d5ccb50\" \/>\n<meta name=\"author\" content=\"Kuzeyin Sesi\" \/>\n<meta name=\"twitter:card\" content=\"summary_large_image\" \/>\n<meta name=\"twitter:creator\" content=\"@kuzeyinsesii\" \/>\n<meta name=\"twitter:site\" content=\"@kuzeyinsesii\" \/>\n<meta name=\"twitter:label1\" content=\"Yazan:\" \/>\n\t<meta name=\"twitter:data1\" content=\"Kuzeyin Sesi\" \/>\n\t<meta name=\"twitter:label2\" content=\"Tahmini okuma s\u00fcresi\" \/>\n\t<meta name=\"twitter:data2\" content=\"5 dakika\" \/>\n<script type=\"application\/ld+json\" class=\"yoast-schema-graph\">{\"@context\":\"https:\\\/\\\/schema.org\",\"@graph\":[{\"@type\":\"Article\",\"@id\":\"https:\\\/\\\/kuzeyinsesi.org\\\/index.php\\\/2024\\\/12\\\/31\\\/erdogan-terorsuz-turkiye-vizyonumuzu-gercege-donusturmek-icin-kararli-adimlar-atacagiz\\\/#article\",\"isPartOf\":{\"@id\":\"https:\\\/\\\/kuzeyinsesi.org\\\/index.php\\\/2024\\\/12\\\/31\\\/erdogan-terorsuz-turkiye-vizyonumuzu-gercege-donusturmek-icin-kararli-adimlar-atacagiz\\\/\"},\"author\":{\"name\":\"Kuzeyin Sesi\",\"@id\":\"https:\\\/\\\/kuzeyinsesi.org\\\/#\\\/schema\\\/person\\\/9f859689cdf01485597712386e37f5aa\"},\"headline\":\"Erdo\u011fan: \u201c\u2019Ter\u00f6rs\u00fcz T\u00fcrkiye\u2019 vizyonumuzu ger\u00e7e\u011fe d\u00f6n\u00fc\u015ft\u00fcrmek i\u00e7in kararl\u0131 ad\u0131mlar ataca\u011f\u0131z\u201d\",\"datePublished\":\"2024-12-31T12:17:54+00:00\",\"mainEntityOfPage\":{\"@id\":\"https:\\\/\\\/kuzeyinsesi.org\\\/index.php\\\/2024\\\/12\\\/31\\\/erdogan-terorsuz-turkiye-vizyonumuzu-gercege-donusturmek-icin-kararli-adimlar-atacagiz\\\/\"},\"wordCount\":1011,\"commentCount\":0,\"image\":{\"@id\":\"https:\\\/\\\/kuzeyinsesi.org\\\/index.php\\\/2024\\\/12\\\/31\\\/erdogan-terorsuz-turkiye-vizyonumuzu-gercege-donusturmek-icin-kararli-adimlar-atacagiz\\\/#primaryimage\"},\"thumbnailUrl\":\"https:\\\/\\\/kuzeyinsesi.org\\\/wp-content\\\/uploads\\\/2024\\\/12\\\/1735637557755thumbs_b_c_6fc6e77e8377852889cec9236a96c61e.jpg\",\"articleSection\":[\"T\u00fcrkiye\"],\"inLanguage\":\"tr\",\"potentialAction\":[{\"@type\":\"CommentAction\",\"name\":\"Comment\",\"target\":[\"https:\\\/\\\/kuzeyinsesi.org\\\/index.php\\\/2024\\\/12\\\/31\\\/erdogan-terorsuz-turkiye-vizyonumuzu-gercege-donusturmek-icin-kararli-adimlar-atacagiz\\\/#respond\"]}]},{\"@type\":\"WebPage\",\"@id\":\"https:\\\/\\\/kuzeyinsesi.org\\\/index.php\\\/2024\\\/12\\\/31\\\/erdogan-terorsuz-turkiye-vizyonumuzu-gercege-donusturmek-icin-kararli-adimlar-atacagiz\\\/\",\"url\":\"https:\\\/\\\/kuzeyinsesi.org\\\/index.php\\\/2024\\\/12\\\/31\\\/erdogan-terorsuz-turkiye-vizyonumuzu-gercege-donusturmek-icin-kararli-adimlar-atacagiz\\\/\",\"name\":\"Erdo\u011fan: \u201c\u2019Ter\u00f6rs\u00fcz T\u00fcrkiye\u2019 vizyonumuzu ger\u00e7e\u011fe d\u00f6n\u00fc\u015ft\u00fcrmek i\u00e7in kararl\u0131 ad\u0131mlar ataca\u011f\u0131z\u201d - Kuzeyin Sesi\",\"isPartOf\":{\"@id\":\"https:\\\/\\\/kuzeyinsesi.org\\\/#website\"},\"primaryImageOfPage\":{\"@id\":\"https:\\\/\\\/kuzeyinsesi.org\\\/index.php\\\/2024\\\/12\\\/31\\\/erdogan-terorsuz-turkiye-vizyonumuzu-gercege-donusturmek-icin-kararli-adimlar-atacagiz\\\/#primaryimage\"},\"image\":{\"@id\":\"https:\\\/\\\/kuzeyinsesi.org\\\/index.php\\\/2024\\\/12\\\/31\\\/erdogan-terorsuz-turkiye-vizyonumuzu-gercege-donusturmek-icin-kararli-adimlar-atacagiz\\\/#primaryimage\"},\"thumbnailUrl\":\"https:\\\/\\\/kuzeyinsesi.org\\\/wp-content\\\/uploads\\\/2024\\\/12\\\/1735637557755thumbs_b_c_6fc6e77e8377852889cec9236a96c61e.jpg\",\"datePublished\":\"2024-12-31T12:17:54+00:00\",\"author\":{\"@id\":\"https:\\\/\\\/kuzeyinsesi.org\\\/#\\\/schema\\\/person\\\/9f859689cdf01485597712386e37f5aa\"},\"breadcrumb\":{\"@id\":\"https:\\\/\\\/kuzeyinsesi.org\\\/index.php\\\/2024\\\/12\\\/31\\\/erdogan-terorsuz-turkiye-vizyonumuzu-gercege-donusturmek-icin-kararli-adimlar-atacagiz\\\/#breadcrumb\"},\"inLanguage\":\"tr\",\"potentialAction\":[{\"@type\":\"ReadAction\",\"target\":[\"https:\\\/\\\/kuzeyinsesi.org\\\/index.php\\\/2024\\\/12\\\/31\\\/erdogan-terorsuz-turkiye-vizyonumuzu-gercege-donusturmek-icin-kararli-adimlar-atacagiz\\\/\"]}]},{\"@type\":\"ImageObject\",\"inLanguage\":\"tr\",\"@id\":\"https:\\\/\\\/kuzeyinsesi.org\\\/index.php\\\/2024\\\/12\\\/31\\\/erdogan-terorsuz-turkiye-vizyonumuzu-gercege-donusturmek-icin-kararli-adimlar-atacagiz\\\/#primaryimage\",\"url\":\"https:\\\/\\\/kuzeyinsesi.org\\\/wp-content\\\/uploads\\\/2024\\\/12\\\/1735637557755thumbs_b_c_6fc6e77e8377852889cec9236a96c61e.jpg\",\"contentUrl\":\"https:\\\/\\\/kuzeyinsesi.org\\\/wp-content\\\/uploads\\\/2024\\\/12\\\/1735637557755thumbs_b_c_6fc6e77e8377852889cec9236a96c61e.jpg\",\"width\":864,\"height\":486},{\"@type\":\"BreadcrumbList\",\"@id\":\"https:\\\/\\\/kuzeyinsesi.org\\\/index.php\\\/2024\\\/12\\\/31\\\/erdogan-terorsuz-turkiye-vizyonumuzu-gercege-donusturmek-icin-kararli-adimlar-atacagiz\\\/#breadcrumb\",\"itemListElement\":[{\"@type\":\"ListItem\",\"position\":1,\"name\":\"Anasayfa\",\"item\":\"https:\\\/\\\/kuzeyinsesi.org\\\/\"},{\"@type\":\"ListItem\",\"position\":2,\"name\":\"Erdo\u011fan: \u201c\u2019Ter\u00f6rs\u00fcz T\u00fcrkiye\u2019 vizyonumuzu ger\u00e7e\u011fe d\u00f6n\u00fc\u015ft\u00fcrmek i\u00e7in kararl\u0131 ad\u0131mlar ataca\u011f\u0131z\u201d\"}]},{\"@type\":\"WebSite\",\"@id\":\"https:\\\/\\\/kuzeyinsesi.org\\\/#website\",\"url\":\"https:\\\/\\\/kuzeyinsesi.org\\\/\",\"name\":\"Kuzeyin Sesi\",\"description\":\"Do\u011fru Haberin Adresi\",\"potentialAction\":[{\"@type\":\"SearchAction\",\"target\":{\"@type\":\"EntryPoint\",\"urlTemplate\":\"https:\\\/\\\/kuzeyinsesi.org\\\/?s={search_term_string}\"},\"query-input\":{\"@type\":\"PropertyValueSpecification\",\"valueRequired\":true,\"valueName\":\"search_term_string\"}}],\"inLanguage\":\"tr\"},{\"@type\":\"Person\",\"@id\":\"https:\\\/\\\/kuzeyinsesi.org\\\/#\\\/schema\\\/person\\\/9f859689cdf01485597712386e37f5aa\",\"name\":\"Kuzeyin Sesi\",\"image\":{\"@type\":\"ImageObject\",\"inLanguage\":\"tr\",\"@id\":\"https:\\\/\\\/secure.gravatar.com\\\/avatar\\\/bab33852abfd8b282518d6ed81826833d77c3c882d9ab608add591ccace47a44?s=96&d=mm&r=g\",\"url\":\"https:\\\/\\\/secure.gravatar.com\\\/avatar\\\/bab33852abfd8b282518d6ed81826833d77c3c882d9ab608add591ccace47a44?s=96&d=mm&r=g\",\"contentUrl\":\"https:\\\/\\\/secure.gravatar.com\\\/avatar\\\/bab33852abfd8b282518d6ed81826833d77c3c882d9ab608add591ccace47a44?s=96&d=mm&r=g\",\"caption\":\"Kuzeyin Sesi\"},\"sameAs\":[\"https:\\\/\\\/kuzeyinsesi.org\"],\"url\":\"https:\\\/\\\/kuzeyinsesi.org\\\/index.php\\\/author\\\/guven\\\/\"}]}<\/script>\n<!-- \/ Yoast SEO plugin. -->","yoast_head_json":{"title":"Erdo\u011fan: \u201c\u2019Ter\u00f6rs\u00fcz T\u00fcrkiye\u2019 vizyonumuzu ger\u00e7e\u011fe d\u00f6n\u00fc\u015ft\u00fcrmek i\u00e7in kararl\u0131 ad\u0131mlar ataca\u011f\u0131z\u201d - Kuzeyin Sesi","robots":{"index":"index","follow":"follow","max-snippet":"max-snippet:-1","max-image-preview":"max-image-preview:large","max-video-preview":"max-video-preview:-1"},"canonical":"https:\/\/kuzeyinsesi.org\/index.php\/2024\/12\/31\/erdogan-terorsuz-turkiye-vizyonumuzu-gercege-donusturmek-icin-kararli-adimlar-atacagiz\/","og_locale":"tr_TR","og_type":"article","og_title":"Erdo\u011fan: \u201c\u2019Ter\u00f6rs\u00fcz T\u00fcrkiye\u2019 vizyonumuzu ger\u00e7e\u011fe d\u00f6n\u00fc\u015ft\u00fcrmek i\u00e7in kararl\u0131 ad\u0131mlar ataca\u011f\u0131z\u201d - Kuzeyin Sesi","og_description":"T\u00fcrkiye Cumhurba\u015fkan\u0131 Recep Tayyip Erdo\u011fan, \u201cVatanda\u015f\u0131m\u0131z\u0131n refah kayb\u0131n\u0131 telafi edecek, al\u0131m g\u00fcc\u00fcn\u00fc art\u0131racak politikalara a\u011f\u0131rl\u0131k vermek suretiyle in\u015fallah daha iyi yerlere gelece\u011fiz. Konut, kira ve g\u0131da ba\u015fta olmak \u00fczere fahi\u015f fiyatlarla milletin ekme\u011fine g\u00f6z diken f\u0131rsat\u00e7\u0131larla m\u00fccadelemizi 2025 senesinde de kararl\u0131l\u0131kla devam ettirece\u011fiz.\u201d dedi. Cumhurba\u015fkan\u0131 Erdo\u011fan, yeni y\u0131l dolay\u0131s\u0131yla yay\u0131nlanan video mesaj\u0131nda, yeni umut, beklenti [&hellip;]","og_url":"https:\/\/kuzeyinsesi.org\/index.php\/2024\/12\/31\/erdogan-terorsuz-turkiye-vizyonumuzu-gercege-donusturmek-icin-kararli-adimlar-atacagiz\/","og_site_name":"Kuzeyin Sesi","article_publisher":"https:\/\/www.facebook.com\/kuzeyinsesii","article_published_time":"2024-12-31T12:17:54+00:00","og_image":[{"url":"https:\/\/brtk.net\/wp-content\/uploads\/2024\/12\/31\/1735637557755thumbs_b_c_6fc6e77e8377852889cec9236a96c61e.jpg?ver=83e06b16fd5a4d37e3f36c604d5ccb50","type":"","width":"","height":""}],"author":"Kuzeyin Sesi","twitter_card":"summary_large_image","twitter_creator":"@kuzeyinsesii","twitter_site":"@kuzeyinsesii","twitter_misc":{"Yazan:":"Kuzeyin Sesi","Tahmini okuma s\u00fcresi":"5 dakika"},"schema":{"@context":"https:\/\/schema.org","@graph":[{"@type":"Article","@id":"https:\/\/kuzeyinsesi.org\/index.php\/2024\/12\/31\/erdogan-terorsuz-turkiye-vizyonumuzu-gercege-donusturmek-icin-kararli-adimlar-atacagiz\/#article","isPartOf":{"@id":"https:\/\/kuzeyinsesi.org\/index.php\/2024\/12\/31\/erdogan-terorsuz-turkiye-vizyonumuzu-gercege-donusturmek-icin-kararli-adimlar-atacagiz\/"},"author":{"name":"Kuzeyin Sesi","@id":"https:\/\/kuzeyinsesi.org\/#\/schema\/person\/9f859689cdf01485597712386e37f5aa"},"headline":"Erdo\u011fan: \u201c\u2019Ter\u00f6rs\u00fcz T\u00fcrkiye\u2019 vizyonumuzu ger\u00e7e\u011fe d\u00f6n\u00fc\u015ft\u00fcrmek i\u00e7in kararl\u0131 ad\u0131mlar ataca\u011f\u0131z\u201d","datePublished":"2024-12-31T12:17:54+00:00","mainEntityOfPage":{"@id":"https:\/\/kuzeyinsesi.org\/index.php\/2024\/12\/31\/erdogan-terorsuz-turkiye-vizyonumuzu-gercege-donusturmek-icin-kararli-adimlar-atacagiz\/"},"wordCount":1011,"commentCount":0,"image":{"@id":"https:\/\/kuzeyinsesi.org\/index.php\/2024\/12\/31\/erdogan-terorsuz-turkiye-vizyonumuzu-gercege-donusturmek-icin-kararli-adimlar-atacagiz\/#primaryimage"},"thumbnailUrl":"https:\/\/kuzeyinsesi.org\/wp-content\/uploads\/2024\/12\/1735637557755thumbs_b_c_6fc6e77e8377852889cec9236a96c61e.jpg","articleSection":["T\u00fcrkiye"],"inLanguage":"tr","potentialAction":[{"@type":"CommentAction","name":"Comment","target":["https:\/\/kuzeyinsesi.org\/index.php\/2024\/12\/31\/erdogan-terorsuz-turkiye-vizyonumuzu-gercege-donusturmek-icin-kararli-adimlar-atacagiz\/#respond"]}]},{"@type":"WebPage","@id":"https:\/\/kuzeyinsesi.org\/index.php\/2024\/12\/31\/erdogan-terorsuz-turkiye-vizyonumuzu-gercege-donusturmek-icin-kararli-adimlar-atacagiz\/","url":"https:\/\/kuzeyinsesi.org\/index.php\/2024\/12\/31\/erdogan-terorsuz-turkiye-vizyonumuzu-gercege-donusturmek-icin-kararli-adimlar-atacagiz\/","name":"Erdo\u011fan: \u201c\u2019Ter\u00f6rs\u00fcz T\u00fcrkiye\u2019 vizyonumuzu ger\u00e7e\u011fe d\u00f6n\u00fc\u015ft\u00fcrmek i\u00e7in kararl\u0131 ad\u0131mlar ataca\u011f\u0131z\u201d - Kuzeyin Sesi","isPartOf":{"@id":"https:\/\/kuzeyinsesi.org\/#website"},"primaryImageOfPage":{"@id":"https:\/\/kuzeyinsesi.org\/index.php\/2024\/12\/31\/erdogan-terorsuz-turkiye-vizyonumuzu-gercege-donusturmek-icin-kararli-adimlar-atacagiz\/#primaryimage"},"image":{"@id":"https:\/\/kuzeyinsesi.org\/index.php\/2024\/12\/31\/erdogan-terorsuz-turkiye-vizyonumuzu-gercege-donusturmek-icin-kararli-adimlar-atacagiz\/#primaryimage"},"thumbnailUrl":"https:\/\/kuzeyinsesi.org\/wp-content\/uploads\/2024\/12\/1735637557755thumbs_b_c_6fc6e77e8377852889cec9236a96c61e.jpg","datePublished":"2024-12-31T12:17:54+00:00","author":{"@id":"https:\/\/kuzeyinsesi.org\/#\/schema\/person\/9f859689cdf01485597712386e37f5aa"},"breadcrumb":{"@id":"https:\/\/kuzeyinsesi.org\/index.php\/2024\/12\/31\/erdogan-terorsuz-turkiye-vizyonumuzu-gercege-donusturmek-icin-kararli-adimlar-atacagiz\/#breadcrumb"},"inLanguage":"tr","potentialAction":[{"@type":"ReadAction","target":["https:\/\/kuzeyinsesi.org\/index.php\/2024\/12\/31\/erdogan-terorsuz-turkiye-vizyonumuzu-gercege-donusturmek-icin-kararli-adimlar-atacagiz\/"]}]},{"@type":"ImageObject","inLanguage":"tr","@id":"https:\/\/kuzeyinsesi.org\/index.php\/2024\/12\/31\/erdogan-terorsuz-turkiye-vizyonumuzu-gercege-donusturmek-icin-kararli-adimlar-atacagiz\/#primaryimage","url":"https:\/\/kuzeyinsesi.org\/wp-content\/uploads\/2024\/12\/1735637557755thumbs_b_c_6fc6e77e8377852889cec9236a96c61e.jpg","contentUrl":"https:\/\/kuzeyinsesi.org\/wp-content\/uploads\/2024\/12\/1735637557755thumbs_b_c_6fc6e77e8377852889cec9236a96c61e.jpg","width":864,"height":486},{"@type":"BreadcrumbList","@id":"https:\/\/kuzeyinsesi.org\/index.php\/2024\/12\/31\/erdogan-terorsuz-turkiye-vizyonumuzu-gercege-donusturmek-icin-kararli-adimlar-atacagiz\/#breadcrumb","itemListElement":[{"@type":"ListItem","position":1,"name":"Anasayfa","item":"https:\/\/kuzeyinsesi.org\/"},{"@type":"ListItem","position":2,"name":"Erdo\u011fan: \u201c\u2019Ter\u00f6rs\u00fcz T\u00fcrkiye\u2019 vizyonumuzu ger\u00e7e\u011fe d\u00f6n\u00fc\u015ft\u00fcrmek i\u00e7in kararl\u0131 ad\u0131mlar ataca\u011f\u0131z\u201d"}]},{"@type":"WebSite","@id":"https:\/\/kuzeyinsesi.org\/#website","url":"https:\/\/kuzeyinsesi.org\/","name":"Kuzeyin Sesi","description":"Do\u011fru Haberin Adresi","potentialAction":[{"@type":"SearchAction","target":{"@type":"EntryPoint","urlTemplate":"https:\/\/kuzeyinsesi.org\/?s={search_term_string}"},"query-input":{"@type":"PropertyValueSpecification","valueRequired":true,"valueName":"search_term_string"}}],"inLanguage":"tr"},{"@type":"Person","@id":"https:\/\/kuzeyinsesi.org\/#\/schema\/person\/9f859689cdf01485597712386e37f5aa","name":"Kuzeyin Sesi","image":{"@type":"ImageObject","inLanguage":"tr","@id":"https:\/\/secure.gravatar.com\/avatar\/bab33852abfd8b282518d6ed81826833d77c3c882d9ab608add591ccace47a44?s=96&d=mm&r=g","url":"https:\/\/secure.gravatar.com\/avatar\/bab33852abfd8b282518d6ed81826833d77c3c882d9ab608add591ccace47a44?s=96&d=mm&r=g","contentUrl":"https:\/\/secure.gravatar.com\/avatar\/bab33852abfd8b282518d6ed81826833d77c3c882d9ab608add591ccace47a44?s=96&d=mm&r=g","caption":"Kuzeyin Sesi"},"sameAs":["https:\/\/kuzeyinsesi.org"],"url":"https:\/\/kuzeyinsesi.org\/index.php\/author\/guven\/"}]}},"_links":{"self":[{"href":"https:\/\/kuzeyinsesi.org\/index.php\/wp-json\/wp\/v2\/posts\/16612","targetHints":{"allow":["GET"]}}],"collection":[{"href":"https:\/\/kuzeyinsesi.org\/index.php\/wp-json\/wp\/v2\/posts"}],"about":[{"href":"https:\/\/kuzeyinsesi.org\/index.php\/wp-json\/wp\/v2\/types\/post"}],"author":[{"embeddable":true,"href":"https:\/\/kuzeyinsesi.org\/index.php\/wp-json\/wp\/v2\/users\/1"}],"replies":[{"embeddable":true,"href":"https:\/\/kuzeyinsesi.org\/index.php\/wp-json\/wp\/v2\/comments?post=16612"}],"version-history":[{"count":0,"href":"https:\/\/kuzeyinsesi.org\/index.php\/wp-json\/wp\/v2\/posts\/16612\/revisions"}],"wp:featuredmedia":[{"embeddable":true,"href":"https:\/\/kuzeyinsesi.org\/index.php\/wp-json\/wp\/v2\/media\/16613"}],"wp:attachment":[{"href":"https:\/\/kuzeyinsesi.org\/index.php\/wp-json\/wp\/v2\/media?parent=16612"}],"wp:term":[{"taxonomy":"category","embeddable":true,"href":"https:\/\/kuzeyinsesi.org\/index.php\/wp-json\/wp\/v2\/categories?post=16612"},{"taxonomy":"post_tag","embeddable":true,"href":"https:\/\/kuzeyinsesi.org\/index.php\/wp-json\/wp\/v2\/tags?post=16612"}],"curies":[{"name":"wp","href":"https:\/\/api.w.org\/{rel}","templated":true}]}}