{"id":1661,"date":"2024-05-08T09:31:55","date_gmt":"2024-05-08T06:31:55","guid":{"rendered":"https:\/\/kuzeyinsesi.com\/index.php\/2024\/05\/08\/israilin-topcu-atislari-sonucu-refahtaki-belediye-binasinda-yangin-cikti\/"},"modified":"2024-05-08T09:31:55","modified_gmt":"2024-05-08T06:31:55","slug":"israilin-topcu-atislari-sonucu-refahtaki-belediye-binasinda-yangin-cikti","status":"publish","type":"post","link":"https:\/\/kuzeyinsesi.org\/index.php\/2024\/05\/08\/israilin-topcu-atislari-sonucu-refahtaki-belediye-binasinda-yangin-cikti\/","title":{"rendered":"\u0130srail&#039;in top\u00e7u at\u0131\u015flar\u0131 sonucu Refah&#039;taki belediye binas\u0131nda yang\u0131n \u00e7\u0131kt\u0131"},"content":{"rendered":"<p><\/p>\n<div>\n<p>&#13;<br \/>\n\tG\u00f6rg\u00fc tan\u0131klar\u0131 ve sa\u011fl\u0131k kaynaklar\u0131ndan al\u0131nan bilgiye g\u00f6re, <a href=\"https:\/\/www.trthaber.com\/etiket\/israil\/\" target=\"_blank\" rel=\"noopener\">\u0130srail<\/a> ordusu havadan ve top\u00e7u at\u0131\u015flar\u0131yla Refah kentinin farkl\u0131 b\u00f6lgeleri ba\u015fta olmak \u00fczere <a href=\"https:\/\/www.trthaber.com\/etiket\/gazze\/\" target=\"_blank\" rel=\"noopener\">Gazze<\/a> \u015eeridi&#8217;ne y\u00f6nelik sald\u0131r\u0131lar\u0131na devam ediyor.<\/p>\n<p>&#13;<br \/>\n\t\u0130srail g\u00fc\u00e7leri, Refah&#8217;taki belediye binas\u0131n\u0131 aral\u0131ks\u0131z \u015fekilde top\u00e7u at\u0131\u015flar\u0131yla hedef ald\u0131.<\/p>\n<p>&#13;<br \/>\n\tSald\u0131r\u0131 nedeniyle belediye binas\u0131nda <a href=\"https:\/\/www.trthaber.com\/etiket\/yangin\/\" target=\"_blank\" rel=\"noopener\">yang\u0131n<\/a> \u00e7\u0131kt\u0131. Bina ve \u00e7evresindeki yap\u0131larda ciddi hasar meydana geldi.<\/p>\n<p>&#13;<br \/>\n\t\u0130srail g\u00fc\u00e7leri Refah kentinin g\u00fcneyinde Filistinli &#8220;K\u0131\u015fta&#8221; ailesine ait evi hedef almas\u0131 sonucu ikisi \u00e7ocuk \u00e7ok say\u0131da Filistinli hayat\u0131n\u0131 kaybetti, bir\u00e7o\u011fu da yaraland\u0131.<\/p>\n<p>&#13;<br \/>\n\t\u0130srail <a href=\"https:\/\/www.trthaber.com\/etiket\/savas\/\" target=\"_blank\" rel=\"noopener\">sava\u015f<\/a> u\u00e7aklar\u0131, Refah&#8217;\u0131n kuzeydo\u011fusundaki Abdulal ailesinin evini de vurdu.<\/p>\n<p>&#13;<br \/>\n\tRefah&#8217;\u0131n orta kesiminde bir eve d\u00fczenlenen sald\u0131r\u0131da ise bir Filistinli hayat\u0131n\u0131 kaybetti, \u00e7ok say\u0131da ki\u015fi yaraland\u0131.<\/p>\n<p>&#13;<br \/>\n\t\u00d6te yandan Gazze kentindeki El-Ehli Hastanesi kaynaklar\u0131, \u0130srail g\u00fc\u00e7lerine ait insans\u0131z hava ara\u00e7lar\u0131n\u0131n (\u0130HA) kentin g\u00fcneydo\u011fusundaki Zeytun mahallesinde bir grup Filistinliyi hedef almas\u0131 sonucu bir ki\u015finin \u00f6ld\u00fc\u011f\u00fcn\u00fc, \u00e7ok say\u0131da ki\u015finin yaraland\u0131\u011f\u0131n\u0131 aktard\u0131.<\/p>\n<p>&#13;<br \/>\n\tGazze \u015eeridi&#8217;nin orta kesimindeki Nuseyrat M\u00fclteci Kamp\u0131n\u0131n g\u00fcneyinde yer alan, Filistinli Reyyan ailesinin evi de \u0130srail g\u00fc\u00e7leri taraf\u0131ndan hedef al\u0131nd\u0131.<\/p>\n<p>&#13;<br \/>\n\tDeyr Belah kentinin do\u011fusunda d\u00fczenlenen sald\u0131r\u0131da da iki Filistinli yaraland\u0131.<\/p>\n<p>&#13;<br \/>\n\tHamas&#8217;\u0131n silahl\u0131 kanad\u0131 \u0130zzeddin el-Kassam Tugaylar\u0131 ise Netzarim&#8217;in do\u011fusundaki \u0130srail askeri b\u00f6lgesini havan toplar\u0131yla hedef ald\u0131\u011f\u0131n\u0131 duyurdu.<\/p>\n<p>&#13;<br \/>\n\tKassam Tugaylar\u0131 yapt\u0131\u011f\u0131 yaz\u0131l\u0131 a\u00e7\u0131klamada, Refah&#8217;\u0131n do\u011fusundaki \u015eevke mahallesinde bir binada barikat kuran \u0130srail askerleriyle \u00e7at\u0131\u015fma ya\u015fand\u0131\u011f\u0131n\u0131 aktard\u0131.<\/p>\n<p>&#13;<br \/>\n\tAyr\u0131ca Refah&#8217;\u0131n do\u011fusunda yer alan \u0130srail g\u00fc\u00e7lerinin, k\u0131sa menzilli f\u00fcze sistemi ve a\u011f\u0131r kalibreli havan toplar\u0131yla hedef al\u0131nd\u0131\u011f\u0131n\u0131 kaydetti.<\/p>\n<p>&#13;<br \/>\n\tRefah kentinin do\u011fusunda, \u0130srail ordusu ile Filistinli direni\u015f gruplar\u0131 aras\u0131nda \u00e7at\u0131\u015fmalar\u0131n devam etti\u011fi kaydedilmi\u015fti. Filistin direni\u015f gruplar\u0131 ile \u0130srail ordusu aras\u0131nda \u00e7at\u0131\u015fmalar\u0131n ya\u015fand\u0131\u011f\u0131 <a href=\"https:\/\/www.trthaber.com\/etiket\/misir\/\" target=\"_blank\" rel=\"noopener\">M\u0131s\u0131r<\/a> s\u0131n\u0131r\u0131ndaki Refah S\u0131n\u0131r Kap\u0131s\u0131&#8217;n\u0131n do\u011fu b\u00f6lgesinden dumanlar\u0131n y\u00fckseldi\u011fi; silah ve patlama seslerinin duyuldu\u011fu belirtilmi\u015fti.<\/p>\n<p>&#13;<br \/>\n\t<strong>Hamas ate\u015fkes \u00f6nerisine onay vermi\u015fti<\/strong><\/p>\n<p>&#13;<br \/>\n\t<a href=\"https:\/\/www.trthaber.com\/etiket\/hamas\/\" target=\"_blank\" rel=\"noopener\">Hamas<\/a> Hareketi Siyasi B\u00fcro Ba\u015fkan\u0131 \u0130smail Heniyye, <a href=\"https:\/\/www.trthaber.com\/etiket\/katar\/\" target=\"_blank\" rel=\"noopener\">Katar<\/a> ve M\u0131s\u0131r&#8217;a, Gazze \u015eeridi&#8217;nde ate\u015fkes anla\u015fmas\u0131na ili\u015fkin \u00f6nerilerini onaylad\u0131\u011f\u0131n\u0131 bildirmi\u015fti.<\/p>\n<p>&#13;<br \/>\n\tHamas&#8217;\u0131n Katar ve M\u0131s\u0131r taraf\u0131ndan iletilen &#8220;ate\u015fkes \u00f6nerilerine&#8221; onay verdi\u011fini duyurmas\u0131n\u0131n ard\u0131ndan \u0130srail Sava\u015f Kabinesi, Refah&#8217;ta sald\u0131r\u0131lara devam karar\u0131 alm\u0131\u015ft\u0131.<\/p>\n<p>&#13;<br \/>\n\t\u0130srail ordusu, 6 May\u0131s&#8217;ta yapt\u0131\u011f\u0131 a\u00e7\u0131klamada, zorla yerinden edilmi\u015f Filistinlilerin s\u0131\u011f\u0131nd\u0131\u011f\u0131 Refah&#8217;\u0131n do\u011fusundaki baz\u0131 mahallelerin bo\u015falt\u0131lmas\u0131n\u0131 istemi\u015f, d\u00fcn sabah Gazze\u2019nin Refah b\u00f6lgesine kara sald\u0131r\u0131s\u0131 ba\u015flatarak M\u0131s\u0131r\u2019la olan s\u0131n\u0131r kap\u0131s\u0131n\u0131n Gazze taraf\u0131n\u0131 ele ge\u00e7irdi\u011fini duyurmu\u015ftu.<\/p>\n<p>&#13;<br \/>\n\t\u0130srail&#8217;in 7 Ekim&#8217;den bu yana Gazze \u015eeridi&#8217;ne d\u00fczenledi\u011fi sald\u0131r\u0131larda en az 14 bin 944\u2019\u00fc \u00e7ocuk, 9 bin 849&#8217;u kad\u0131n olmak \u00fczere 34 bin 789 Filistinli \u00f6ld\u00fcr\u00fcld\u00fc, 78 bin 204 ki\u015fi yaraland\u0131.<\/p>\n<p>&#13;<br \/>\n\tEnkaz alt\u0131nda halen binlerce \u00f6l\u00fc oldu\u011fu bildirilirken, halk\u0131n s\u0131\u011f\u0131nd\u0131\u011f\u0131 hastane ve <a href=\"https:\/\/www.trthaber.com\/etiket\/egitim\/\" target=\"_blank\" rel=\"noopener\">e\u011fitim<\/a> kurumlar\u0131 hedef al\u0131narak sivil altyap\u0131 da tahrip ediliyor.<\/p>\n<\/p><\/div>\n","protected":false},"excerpt":{"rendered":"<p>&#13; G\u00f6rg\u00fc tan\u0131klar\u0131 ve sa\u011fl\u0131k kaynaklar\u0131ndan al\u0131nan bilgiye g\u00f6re, \u0130srail ordusu havadan ve top\u00e7u at\u0131\u015flar\u0131yla Refah kentinin farkl\u0131 b\u00f6lgeleri ba\u015fta olmak \u00fczere Gazze \u015eeridi&#8217;ne y\u00f6nelik sald\u0131r\u0131lar\u0131na devam ediyor. &#13; \u0130srail g\u00fc\u00e7leri, Refah&#8217;taki belediye binas\u0131n\u0131 aral\u0131ks\u0131z \u015fekilde top\u00e7u at\u0131\u015flar\u0131yla hedef ald\u0131. &#13; Sald\u0131r\u0131 nedeniyle belediye binas\u0131nda yang\u0131n \u00e7\u0131kt\u0131. Bina ve \u00e7evresindeki yap\u0131larda ciddi hasar meydana geldi. [&hellip;]<\/p>\n","protected":false},"author":1,"featured_media":1662,"comment_status":"open","ping_status":"open","sticky":false,"template":"","format":"standard","meta":{"jnews-multi-image_gallery":[],"jnews_single_post":[],"jnews_primary_category":[],"jnews_social_meta":[],"jnews_override_counter":[],"footnotes":""},"categories":[2],"tags":[],"class_list":["post-1661","post","type-post","status-publish","format-standard","has-post-thumbnail","hentry","category-dunya"],"yoast_head":"<!-- This site is optimized with the Yoast SEO plugin v27.5 - https:\/\/yoast.com\/product\/yoast-seo-wordpress\/ -->\n<title>\u0130srail&#039;in top\u00e7u at\u0131\u015flar\u0131 sonucu Refah&#039;taki belediye binas\u0131nda yang\u0131n \u00e7\u0131kt\u0131 - Kuzeyin Sesi<\/title>\n<meta name=\"robots\" content=\"index, follow, max-snippet:-1, max-image-preview:large, max-video-preview:-1\" \/>\n<link rel=\"canonical\" href=\"https:\/\/kuzeyinsesi.org\/index.php\/2024\/05\/08\/israilin-topcu-atislari-sonucu-refahtaki-belediye-binasinda-yangin-cikti\/\" \/>\n<meta property=\"og:locale\" content=\"tr_TR\" \/>\n<meta property=\"og:type\" content=\"article\" \/>\n<meta property=\"og:title\" content=\"\u0130srail&#039;in top\u00e7u at\u0131\u015flar\u0131 sonucu Refah&#039;taki belediye binas\u0131nda yang\u0131n \u00e7\u0131kt\u0131 - Kuzeyin Sesi\" \/>\n<meta property=\"og:description\" content=\"&#013; G\u00f6rg\u00fc tan\u0131klar\u0131 ve sa\u011fl\u0131k kaynaklar\u0131ndan al\u0131nan bilgiye g\u00f6re, \u0130srail ordusu havadan ve top\u00e7u at\u0131\u015flar\u0131yla Refah kentinin farkl\u0131 b\u00f6lgeleri ba\u015fta olmak \u00fczere Gazze \u015eeridi&#8217;ne y\u00f6nelik sald\u0131r\u0131lar\u0131na devam ediyor. &#013; \u0130srail g\u00fc\u00e7leri, Refah&#8217;taki belediye binas\u0131n\u0131 aral\u0131ks\u0131z \u015fekilde top\u00e7u at\u0131\u015flar\u0131yla hedef ald\u0131. &#013; Sald\u0131r\u0131 nedeniyle belediye binas\u0131nda yang\u0131n \u00e7\u0131kt\u0131. Bina ve \u00e7evresindeki yap\u0131larda ciddi hasar meydana geldi. [&hellip;]\" \/>\n<meta property=\"og:url\" content=\"https:\/\/kuzeyinsesi.org\/index.php\/2024\/05\/08\/israilin-topcu-atislari-sonucu-refahtaki-belediye-binasinda-yangin-cikti\/\" \/>\n<meta property=\"og:site_name\" content=\"Kuzeyin Sesi\" \/>\n<meta property=\"article:publisher\" content=\"https:\/\/www.facebook.com\/kuzeyinsesii\" \/>\n<meta property=\"article:published_time\" content=\"2024-05-08T06:31:55+00:00\" \/>\n<meta property=\"og:image\" content=\"https:\/\/kuzeyinsesi.org\/wp-content\/uploads\/2024\/05\/1715149916_refah-a-2225761.jpg\" \/>\n\t<meta property=\"og:image:width\" content=\"1280\" \/>\n\t<meta property=\"og:image:height\" content=\"720\" \/>\n\t<meta property=\"og:image:type\" content=\"image\/jpeg\" \/>\n<meta name=\"author\" content=\"Kuzeyin Sesi\" \/>\n<meta name=\"twitter:card\" content=\"summary_large_image\" \/>\n<meta name=\"twitter:creator\" content=\"@kuzeyinsesii\" \/>\n<meta name=\"twitter:site\" content=\"@kuzeyinsesii\" \/>\n<meta name=\"twitter:label1\" content=\"Yazan:\" \/>\n\t<meta name=\"twitter:data1\" content=\"Kuzeyin Sesi\" \/>\n\t<meta name=\"twitter:label2\" content=\"Tahmini okuma s\u00fcresi\" \/>\n\t<meta name=\"twitter:data2\" content=\"3 dakika\" \/>\n<script type=\"application\/ld+json\" class=\"yoast-schema-graph\">{\"@context\":\"https:\\\/\\\/schema.org\",\"@graph\":[{\"@type\":\"Article\",\"@id\":\"https:\\\/\\\/kuzeyinsesi.org\\\/index.php\\\/2024\\\/05\\\/08\\\/israilin-topcu-atislari-sonucu-refahtaki-belediye-binasinda-yangin-cikti\\\/#article\",\"isPartOf\":{\"@id\":\"https:\\\/\\\/kuzeyinsesi.org\\\/index.php\\\/2024\\\/05\\\/08\\\/israilin-topcu-atislari-sonucu-refahtaki-belediye-binasinda-yangin-cikti\\\/\"},\"author\":{\"name\":\"Kuzeyin Sesi\",\"@id\":\"https:\\\/\\\/kuzeyinsesi.org\\\/#\\\/schema\\\/person\\\/9f859689cdf01485597712386e37f5aa\"},\"headline\":\"\u0130srail&#039;in top\u00e7u at\u0131\u015flar\u0131 sonucu Refah&#039;taki belediye binas\u0131nda yang\u0131n \u00e7\u0131kt\u0131\",\"datePublished\":\"2024-05-08T06:31:55+00:00\",\"mainEntityOfPage\":{\"@id\":\"https:\\\/\\\/kuzeyinsesi.org\\\/index.php\\\/2024\\\/05\\\/08\\\/israilin-topcu-atislari-sonucu-refahtaki-belediye-binasinda-yangin-cikti\\\/\"},\"wordCount\":580,\"commentCount\":0,\"image\":{\"@id\":\"https:\\\/\\\/kuzeyinsesi.org\\\/index.php\\\/2024\\\/05\\\/08\\\/israilin-topcu-atislari-sonucu-refahtaki-belediye-binasinda-yangin-cikti\\\/#primaryimage\"},\"thumbnailUrl\":\"https:\\\/\\\/kuzeyinsesi.org\\\/wp-content\\\/uploads\\\/2024\\\/05\\\/1715149916_refah-a-2225761.jpg\",\"articleSection\":[\"D\u00fcnya\"],\"inLanguage\":\"tr\",\"potentialAction\":[{\"@type\":\"CommentAction\",\"name\":\"Comment\",\"target\":[\"https:\\\/\\\/kuzeyinsesi.org\\\/index.php\\\/2024\\\/05\\\/08\\\/israilin-topcu-atislari-sonucu-refahtaki-belediye-binasinda-yangin-cikti\\\/#respond\"]}]},{\"@type\":\"WebPage\",\"@id\":\"https:\\\/\\\/kuzeyinsesi.org\\\/index.php\\\/2024\\\/05\\\/08\\\/israilin-topcu-atislari-sonucu-refahtaki-belediye-binasinda-yangin-cikti\\\/\",\"url\":\"https:\\\/\\\/kuzeyinsesi.org\\\/index.php\\\/2024\\\/05\\\/08\\\/israilin-topcu-atislari-sonucu-refahtaki-belediye-binasinda-yangin-cikti\\\/\",\"name\":\"\u0130srail&#039;in top\u00e7u at\u0131\u015flar\u0131 sonucu Refah&#039;taki belediye binas\u0131nda yang\u0131n \u00e7\u0131kt\u0131 - Kuzeyin Sesi\",\"isPartOf\":{\"@id\":\"https:\\\/\\\/kuzeyinsesi.org\\\/#website\"},\"primaryImageOfPage\":{\"@id\":\"https:\\\/\\\/kuzeyinsesi.org\\\/index.php\\\/2024\\\/05\\\/08\\\/israilin-topcu-atislari-sonucu-refahtaki-belediye-binasinda-yangin-cikti\\\/#primaryimage\"},\"image\":{\"@id\":\"https:\\\/\\\/kuzeyinsesi.org\\\/index.php\\\/2024\\\/05\\\/08\\\/israilin-topcu-atislari-sonucu-refahtaki-belediye-binasinda-yangin-cikti\\\/#primaryimage\"},\"thumbnailUrl\":\"https:\\\/\\\/kuzeyinsesi.org\\\/wp-content\\\/uploads\\\/2024\\\/05\\\/1715149916_refah-a-2225761.jpg\",\"datePublished\":\"2024-05-08T06:31:55+00:00\",\"author\":{\"@id\":\"https:\\\/\\\/kuzeyinsesi.org\\\/#\\\/schema\\\/person\\\/9f859689cdf01485597712386e37f5aa\"},\"breadcrumb\":{\"@id\":\"https:\\\/\\\/kuzeyinsesi.org\\\/index.php\\\/2024\\\/05\\\/08\\\/israilin-topcu-atislari-sonucu-refahtaki-belediye-binasinda-yangin-cikti\\\/#breadcrumb\"},\"inLanguage\":\"tr\",\"potentialAction\":[{\"@type\":\"ReadAction\",\"target\":[\"https:\\\/\\\/kuzeyinsesi.org\\\/index.php\\\/2024\\\/05\\\/08\\\/israilin-topcu-atislari-sonucu-refahtaki-belediye-binasinda-yangin-cikti\\\/\"]}]},{\"@type\":\"ImageObject\",\"inLanguage\":\"tr\",\"@id\":\"https:\\\/\\\/kuzeyinsesi.org\\\/index.php\\\/2024\\\/05\\\/08\\\/israilin-topcu-atislari-sonucu-refahtaki-belediye-binasinda-yangin-cikti\\\/#primaryimage\",\"url\":\"https:\\\/\\\/kuzeyinsesi.org\\\/wp-content\\\/uploads\\\/2024\\\/05\\\/1715149916_refah-a-2225761.jpg\",\"contentUrl\":\"https:\\\/\\\/kuzeyinsesi.org\\\/wp-content\\\/uploads\\\/2024\\\/05\\\/1715149916_refah-a-2225761.jpg\",\"width\":1280,\"height\":720},{\"@type\":\"BreadcrumbList\",\"@id\":\"https:\\\/\\\/kuzeyinsesi.org\\\/index.php\\\/2024\\\/05\\\/08\\\/israilin-topcu-atislari-sonucu-refahtaki-belediye-binasinda-yangin-cikti\\\/#breadcrumb\",\"itemListElement\":[{\"@type\":\"ListItem\",\"position\":1,\"name\":\"Anasayfa\",\"item\":\"https:\\\/\\\/kuzeyinsesi.org\\\/\"},{\"@type\":\"ListItem\",\"position\":2,\"name\":\"\u0130srail&#039;in top\u00e7u at\u0131\u015flar\u0131 sonucu Refah&#039;taki belediye binas\u0131nda yang\u0131n \u00e7\u0131kt\u0131\"}]},{\"@type\":\"WebSite\",\"@id\":\"https:\\\/\\\/kuzeyinsesi.org\\\/#website\",\"url\":\"https:\\\/\\\/kuzeyinsesi.org\\\/\",\"name\":\"Kuzeyin Sesi\",\"description\":\"Do\u011fru Haberin Adresi\",\"potentialAction\":[{\"@type\":\"SearchAction\",\"target\":{\"@type\":\"EntryPoint\",\"urlTemplate\":\"https:\\\/\\\/kuzeyinsesi.org\\\/?s={search_term_string}\"},\"query-input\":{\"@type\":\"PropertyValueSpecification\",\"valueRequired\":true,\"valueName\":\"search_term_string\"}}],\"inLanguage\":\"tr\"},{\"@type\":\"Person\",\"@id\":\"https:\\\/\\\/kuzeyinsesi.org\\\/#\\\/schema\\\/person\\\/9f859689cdf01485597712386e37f5aa\",\"name\":\"Kuzeyin Sesi\",\"image\":{\"@type\":\"ImageObject\",\"inLanguage\":\"tr\",\"@id\":\"https:\\\/\\\/secure.gravatar.com\\\/avatar\\\/bab33852abfd8b282518d6ed81826833d77c3c882d9ab608add591ccace47a44?s=96&d=mm&r=g\",\"url\":\"https:\\\/\\\/secure.gravatar.com\\\/avatar\\\/bab33852abfd8b282518d6ed81826833d77c3c882d9ab608add591ccace47a44?s=96&d=mm&r=g\",\"contentUrl\":\"https:\\\/\\\/secure.gravatar.com\\\/avatar\\\/bab33852abfd8b282518d6ed81826833d77c3c882d9ab608add591ccace47a44?s=96&d=mm&r=g\",\"caption\":\"Kuzeyin Sesi\"},\"sameAs\":[\"https:\\\/\\\/kuzeyinsesi.org\"],\"url\":\"https:\\\/\\\/kuzeyinsesi.org\\\/index.php\\\/author\\\/guven\\\/\"}]}<\/script>\n<!-- \/ Yoast SEO plugin. -->","yoast_head_json":{"title":"\u0130srail&#039;in top\u00e7u at\u0131\u015flar\u0131 sonucu Refah&#039;taki belediye binas\u0131nda yang\u0131n \u00e7\u0131kt\u0131 - Kuzeyin Sesi","robots":{"index":"index","follow":"follow","max-snippet":"max-snippet:-1","max-image-preview":"max-image-preview:large","max-video-preview":"max-video-preview:-1"},"canonical":"https:\/\/kuzeyinsesi.org\/index.php\/2024\/05\/08\/israilin-topcu-atislari-sonucu-refahtaki-belediye-binasinda-yangin-cikti\/","og_locale":"tr_TR","og_type":"article","og_title":"\u0130srail&#039;in top\u00e7u at\u0131\u015flar\u0131 sonucu Refah&#039;taki belediye binas\u0131nda yang\u0131n \u00e7\u0131kt\u0131 - Kuzeyin Sesi","og_description":"&#13; G\u00f6rg\u00fc tan\u0131klar\u0131 ve sa\u011fl\u0131k kaynaklar\u0131ndan al\u0131nan bilgiye g\u00f6re, \u0130srail ordusu havadan ve top\u00e7u at\u0131\u015flar\u0131yla Refah kentinin farkl\u0131 b\u00f6lgeleri ba\u015fta olmak \u00fczere Gazze \u015eeridi&#8217;ne y\u00f6nelik sald\u0131r\u0131lar\u0131na devam ediyor. &#13; \u0130srail g\u00fc\u00e7leri, Refah&#8217;taki belediye binas\u0131n\u0131 aral\u0131ks\u0131z \u015fekilde top\u00e7u at\u0131\u015flar\u0131yla hedef ald\u0131. &#13; Sald\u0131r\u0131 nedeniyle belediye binas\u0131nda yang\u0131n \u00e7\u0131kt\u0131. Bina ve \u00e7evresindeki yap\u0131larda ciddi hasar meydana geldi. [&hellip;]","og_url":"https:\/\/kuzeyinsesi.org\/index.php\/2024\/05\/08\/israilin-topcu-atislari-sonucu-refahtaki-belediye-binasinda-yangin-cikti\/","og_site_name":"Kuzeyin Sesi","article_publisher":"https:\/\/www.facebook.com\/kuzeyinsesii","article_published_time":"2024-05-08T06:31:55+00:00","og_image":[{"width":1280,"height":720,"url":"https:\/\/kuzeyinsesi.org\/wp-content\/uploads\/2024\/05\/1715149916_refah-a-2225761.jpg","type":"image\/jpeg"}],"author":"Kuzeyin Sesi","twitter_card":"summary_large_image","twitter_creator":"@kuzeyinsesii","twitter_site":"@kuzeyinsesii","twitter_misc":{"Yazan:":"Kuzeyin Sesi","Tahmini okuma s\u00fcresi":"3 dakika"},"schema":{"@context":"https:\/\/schema.org","@graph":[{"@type":"Article","@id":"https:\/\/kuzeyinsesi.org\/index.php\/2024\/05\/08\/israilin-topcu-atislari-sonucu-refahtaki-belediye-binasinda-yangin-cikti\/#article","isPartOf":{"@id":"https:\/\/kuzeyinsesi.org\/index.php\/2024\/05\/08\/israilin-topcu-atislari-sonucu-refahtaki-belediye-binasinda-yangin-cikti\/"},"author":{"name":"Kuzeyin Sesi","@id":"https:\/\/kuzeyinsesi.org\/#\/schema\/person\/9f859689cdf01485597712386e37f5aa"},"headline":"\u0130srail&#039;in top\u00e7u at\u0131\u015flar\u0131 sonucu Refah&#039;taki belediye binas\u0131nda yang\u0131n \u00e7\u0131kt\u0131","datePublished":"2024-05-08T06:31:55+00:00","mainEntityOfPage":{"@id":"https:\/\/kuzeyinsesi.org\/index.php\/2024\/05\/08\/israilin-topcu-atislari-sonucu-refahtaki-belediye-binasinda-yangin-cikti\/"},"wordCount":580,"commentCount":0,"image":{"@id":"https:\/\/kuzeyinsesi.org\/index.php\/2024\/05\/08\/israilin-topcu-atislari-sonucu-refahtaki-belediye-binasinda-yangin-cikti\/#primaryimage"},"thumbnailUrl":"https:\/\/kuzeyinsesi.org\/wp-content\/uploads\/2024\/05\/1715149916_refah-a-2225761.jpg","articleSection":["D\u00fcnya"],"inLanguage":"tr","potentialAction":[{"@type":"CommentAction","name":"Comment","target":["https:\/\/kuzeyinsesi.org\/index.php\/2024\/05\/08\/israilin-topcu-atislari-sonucu-refahtaki-belediye-binasinda-yangin-cikti\/#respond"]}]},{"@type":"WebPage","@id":"https:\/\/kuzeyinsesi.org\/index.php\/2024\/05\/08\/israilin-topcu-atislari-sonucu-refahtaki-belediye-binasinda-yangin-cikti\/","url":"https:\/\/kuzeyinsesi.org\/index.php\/2024\/05\/08\/israilin-topcu-atislari-sonucu-refahtaki-belediye-binasinda-yangin-cikti\/","name":"\u0130srail&#039;in top\u00e7u at\u0131\u015flar\u0131 sonucu Refah&#039;taki belediye binas\u0131nda yang\u0131n \u00e7\u0131kt\u0131 - Kuzeyin Sesi","isPartOf":{"@id":"https:\/\/kuzeyinsesi.org\/#website"},"primaryImageOfPage":{"@id":"https:\/\/kuzeyinsesi.org\/index.php\/2024\/05\/08\/israilin-topcu-atislari-sonucu-refahtaki-belediye-binasinda-yangin-cikti\/#primaryimage"},"image":{"@id":"https:\/\/kuzeyinsesi.org\/index.php\/2024\/05\/08\/israilin-topcu-atislari-sonucu-refahtaki-belediye-binasinda-yangin-cikti\/#primaryimage"},"thumbnailUrl":"https:\/\/kuzeyinsesi.org\/wp-content\/uploads\/2024\/05\/1715149916_refah-a-2225761.jpg","datePublished":"2024-05-08T06:31:55+00:00","author":{"@id":"https:\/\/kuzeyinsesi.org\/#\/schema\/person\/9f859689cdf01485597712386e37f5aa"},"breadcrumb":{"@id":"https:\/\/kuzeyinsesi.org\/index.php\/2024\/05\/08\/israilin-topcu-atislari-sonucu-refahtaki-belediye-binasinda-yangin-cikti\/#breadcrumb"},"inLanguage":"tr","potentialAction":[{"@type":"ReadAction","target":["https:\/\/kuzeyinsesi.org\/index.php\/2024\/05\/08\/israilin-topcu-atislari-sonucu-refahtaki-belediye-binasinda-yangin-cikti\/"]}]},{"@type":"ImageObject","inLanguage":"tr","@id":"https:\/\/kuzeyinsesi.org\/index.php\/2024\/05\/08\/israilin-topcu-atislari-sonucu-refahtaki-belediye-binasinda-yangin-cikti\/#primaryimage","url":"https:\/\/kuzeyinsesi.org\/wp-content\/uploads\/2024\/05\/1715149916_refah-a-2225761.jpg","contentUrl":"https:\/\/kuzeyinsesi.org\/wp-content\/uploads\/2024\/05\/1715149916_refah-a-2225761.jpg","width":1280,"height":720},{"@type":"BreadcrumbList","@id":"https:\/\/kuzeyinsesi.org\/index.php\/2024\/05\/08\/israilin-topcu-atislari-sonucu-refahtaki-belediye-binasinda-yangin-cikti\/#breadcrumb","itemListElement":[{"@type":"ListItem","position":1,"name":"Anasayfa","item":"https:\/\/kuzeyinsesi.org\/"},{"@type":"ListItem","position":2,"name":"\u0130srail&#039;in top\u00e7u at\u0131\u015flar\u0131 sonucu Refah&#039;taki belediye binas\u0131nda yang\u0131n \u00e7\u0131kt\u0131"}]},{"@type":"WebSite","@id":"https:\/\/kuzeyinsesi.org\/#website","url":"https:\/\/kuzeyinsesi.org\/","name":"Kuzeyin Sesi","description":"Do\u011fru Haberin Adresi","potentialAction":[{"@type":"SearchAction","target":{"@type":"EntryPoint","urlTemplate":"https:\/\/kuzeyinsesi.org\/?s={search_term_string}"},"query-input":{"@type":"PropertyValueSpecification","valueRequired":true,"valueName":"search_term_string"}}],"inLanguage":"tr"},{"@type":"Person","@id":"https:\/\/kuzeyinsesi.org\/#\/schema\/person\/9f859689cdf01485597712386e37f5aa","name":"Kuzeyin Sesi","image":{"@type":"ImageObject","inLanguage":"tr","@id":"https:\/\/secure.gravatar.com\/avatar\/bab33852abfd8b282518d6ed81826833d77c3c882d9ab608add591ccace47a44?s=96&d=mm&r=g","url":"https:\/\/secure.gravatar.com\/avatar\/bab33852abfd8b282518d6ed81826833d77c3c882d9ab608add591ccace47a44?s=96&d=mm&r=g","contentUrl":"https:\/\/secure.gravatar.com\/avatar\/bab33852abfd8b282518d6ed81826833d77c3c882d9ab608add591ccace47a44?s=96&d=mm&r=g","caption":"Kuzeyin Sesi"},"sameAs":["https:\/\/kuzeyinsesi.org"],"url":"https:\/\/kuzeyinsesi.org\/index.php\/author\/guven\/"}]}},"_links":{"self":[{"href":"https:\/\/kuzeyinsesi.org\/index.php\/wp-json\/wp\/v2\/posts\/1661","targetHints":{"allow":["GET"]}}],"collection":[{"href":"https:\/\/kuzeyinsesi.org\/index.php\/wp-json\/wp\/v2\/posts"}],"about":[{"href":"https:\/\/kuzeyinsesi.org\/index.php\/wp-json\/wp\/v2\/types\/post"}],"author":[{"embeddable":true,"href":"https:\/\/kuzeyinsesi.org\/index.php\/wp-json\/wp\/v2\/users\/1"}],"replies":[{"embeddable":true,"href":"https:\/\/kuzeyinsesi.org\/index.php\/wp-json\/wp\/v2\/comments?post=1661"}],"version-history":[{"count":0,"href":"https:\/\/kuzeyinsesi.org\/index.php\/wp-json\/wp\/v2\/posts\/1661\/revisions"}],"wp:featuredmedia":[{"embeddable":true,"href":"https:\/\/kuzeyinsesi.org\/index.php\/wp-json\/wp\/v2\/media\/1662"}],"wp:attachment":[{"href":"https:\/\/kuzeyinsesi.org\/index.php\/wp-json\/wp\/v2\/media?parent=1661"}],"wp:term":[{"taxonomy":"category","embeddable":true,"href":"https:\/\/kuzeyinsesi.org\/index.php\/wp-json\/wp\/v2\/categories?post=1661"},{"taxonomy":"post_tag","embeddable":true,"href":"https:\/\/kuzeyinsesi.org\/index.php\/wp-json\/wp\/v2\/tags?post=1661"}],"curies":[{"name":"wp","href":"https:\/\/api.w.org\/{rel}","templated":true}]}}