{"id":16608,"date":"2024-12-31T14:06:53","date_gmt":"2024-12-31T12:06:53","guid":{"rendered":"https:\/\/kuzeyinsesi.org\/index.php\/2024\/12\/31\/gulerden-kktc-vurgusu-adanin-huzuru-guvenligi-ve-refahi-icin-elimizden-geleni-yapmayi-surduruyoruz\/"},"modified":"2024-12-31T14:06:53","modified_gmt":"2024-12-31T12:06:53","slug":"gulerden-kktc-vurgusu-adanin-huzuru-guvenligi-ve-refahi-icin-elimizden-geleni-yapmayi-surduruyoruz","status":"publish","type":"post","link":"https:\/\/kuzeyinsesi.org\/index.php\/2024\/12\/31\/gulerden-kktc-vurgusu-adanin-huzuru-guvenligi-ve-refahi-icin-elimizden-geleni-yapmayi-surduruyoruz\/","title":{"rendered":"G\u00fcler\u2019den KKTC vurgusu \u201cAdan\u0131n huzuru, g\u00fcvenli\u011fi ve refah\u0131 i\u00e7in elimizden geleni yapmay\u0131 s\u00fcrd\u00fcr\u00fcyoruz\u201d"},"content":{"rendered":"<div>\n<div class=\"mariselle-image-container center\">\n                                            <\/div>\n<p>T\u00fcrkiye Milli Savunma Bakan\u0131 Ya\u015far G\u00fcler, K\u0131br\u0131s T\u00fcrk Halk\u0131\u2019n\u0131n me\u015fru \u00e7\u0131karlar\u0131n\u0131 her ko\u015fulda desteklemeye devam ettiklerini belirtti.<\/p>\n<p>G\u00fcler, \u201cGaranti ve \u0130ttifak Antla\u015fmalar\u0131\u201d do\u011frultusunda adan\u0131n huzuru, g\u00fcvenli\u011fi ve refah\u0131 i\u00e7in ellerinden geleni yapmay\u0131 s\u00fcrd\u00fcrd\u00fcklerini vurgulad\u0131.<\/p>\n<p>T\u00fcrkiye Milli Savunma Bakan\u0131 Ya\u015far G\u00fcler, yeni y\u0131l dolay\u0131s\u0131yla yay\u0131mlad\u0131\u011f\u0131 mesaj\u0131nda, T\u00fcrkiye ile Kuzey K\u0131br\u0131s T\u00fcrk Cumhuriyeti aras\u0131ndaki ili\u015fkilere de\u011findi.<\/p>\n<p>Kuzey\u00a0K\u0131br\u0131s\u00a0T\u00fcrk Cumhuriyeti\u2019ne her t\u00fcrl\u00fc deste\u011fi verdiklerini dile getiren G\u00fcler,\u00a0K\u0131br\u0131s T\u00fcrk Halk\u0131\u2019n\u0131n me\u015fru \u00e7\u0131karlar\u0131n\u0131 her ko\u015fulda desteklemeye devam ettiklerini belirtti.<\/p>\n<p>Bakan G\u00fcler, \u201cGaranti ve \u0130ttifak Antla\u015fmalar\u0131\u201d do\u011frultusunda adan\u0131n huzuru, g\u00fcvenli\u011fi ve refah\u0131 i\u00e7in ellerinden geleni yapmay\u0131 s\u00fcrd\u00fcrd\u00fcklerini de kaydetti.<\/p>\n<\/p><\/div>\n<p><script async\n                    defer\n                    crossorigin=\"anonymous\"\n                    src=\"https:\/\/connect.facebook.net\/tr_TR\/sdk.js#xfbml=1&#038;version=v3.3\"\n            ><\/script><\/p>\n","protected":false},"excerpt":{"rendered":"<p>T\u00fcrkiye Milli Savunma Bakan\u0131 Ya\u015far G\u00fcler, K\u0131br\u0131s T\u00fcrk Halk\u0131\u2019n\u0131n me\u015fru \u00e7\u0131karlar\u0131n\u0131 her ko\u015fulda desteklemeye devam ettiklerini belirtti. G\u00fcler, \u201cGaranti ve \u0130ttifak Antla\u015fmalar\u0131\u201d do\u011frultusunda adan\u0131n huzuru, g\u00fcvenli\u011fi ve refah\u0131 i\u00e7in ellerinden geleni yapmay\u0131 s\u00fcrd\u00fcrd\u00fcklerini vurgulad\u0131. T\u00fcrkiye Milli Savunma Bakan\u0131 Ya\u015far G\u00fcler, yeni y\u0131l dolay\u0131s\u0131yla yay\u0131mlad\u0131\u011f\u0131 mesaj\u0131nda, T\u00fcrkiye ile Kuzey K\u0131br\u0131s T\u00fcrk Cumhuriyeti aras\u0131ndaki ili\u015fkilere de\u011findi. Kuzey\u00a0K\u0131br\u0131s\u00a0T\u00fcrk [&hellip;]<\/p>\n","protected":false},"author":1,"featured_media":16609,"comment_status":"open","ping_status":"open","sticky":false,"template":"","format":"standard","meta":{"jnews-multi-image_gallery":[],"jnews_single_post":[],"jnews_primary_category":[],"jnews_social_meta":[],"jnews_override_counter":[],"footnotes":""},"categories":[5],"tags":[],"class_list":["post-16608","post","type-post","status-publish","format-standard","has-post-thumbnail","hentry","category-turkiye"],"yoast_head":"<!-- This site is optimized with the Yoast SEO plugin v27.4 - https:\/\/yoast.com\/product\/yoast-seo-wordpress\/ -->\n<title>G\u00fcler\u2019den KKTC vurgusu \u201cAdan\u0131n huzuru, g\u00fcvenli\u011fi ve refah\u0131 i\u00e7in elimizden geleni yapmay\u0131 s\u00fcrd\u00fcr\u00fcyoruz\u201d - Kuzeyin Sesi<\/title>\n<meta name=\"robots\" content=\"index, follow, max-snippet:-1, max-image-preview:large, max-video-preview:-1\" \/>\n<link rel=\"canonical\" href=\"https:\/\/kuzeyinsesi.org\/index.php\/2024\/12\/31\/gulerden-kktc-vurgusu-adanin-huzuru-guvenligi-ve-refahi-icin-elimizden-geleni-yapmayi-surduruyoruz\/\" \/>\n<meta property=\"og:locale\" content=\"tr_TR\" \/>\n<meta property=\"og:type\" content=\"article\" \/>\n<meta property=\"og:title\" content=\"G\u00fcler\u2019den KKTC vurgusu \u201cAdan\u0131n huzuru, g\u00fcvenli\u011fi ve refah\u0131 i\u00e7in elimizden geleni yapmay\u0131 s\u00fcrd\u00fcr\u00fcyoruz\u201d - Kuzeyin Sesi\" \/>\n<meta property=\"og:description\" content=\"T\u00fcrkiye Milli Savunma Bakan\u0131 Ya\u015far G\u00fcler, K\u0131br\u0131s T\u00fcrk Halk\u0131\u2019n\u0131n me\u015fru \u00e7\u0131karlar\u0131n\u0131 her ko\u015fulda desteklemeye devam ettiklerini belirtti. G\u00fcler, \u201cGaranti ve \u0130ttifak Antla\u015fmalar\u0131\u201d do\u011frultusunda adan\u0131n huzuru, g\u00fcvenli\u011fi ve refah\u0131 i\u00e7in ellerinden geleni yapmay\u0131 s\u00fcrd\u00fcrd\u00fcklerini vurgulad\u0131. T\u00fcrkiye Milli Savunma Bakan\u0131 Ya\u015far G\u00fcler, yeni y\u0131l dolay\u0131s\u0131yla yay\u0131mlad\u0131\u011f\u0131 mesaj\u0131nda, T\u00fcrkiye ile Kuzey K\u0131br\u0131s T\u00fcrk Cumhuriyeti aras\u0131ndaki ili\u015fkilere de\u011findi. Kuzey\u00a0K\u0131br\u0131s\u00a0T\u00fcrk [&hellip;]\" \/>\n<meta property=\"og:url\" content=\"https:\/\/kuzeyinsesi.org\/index.php\/2024\/12\/31\/gulerden-kktc-vurgusu-adanin-huzuru-guvenligi-ve-refahi-icin-elimizden-geleni-yapmayi-surduruyoruz\/\" \/>\n<meta property=\"og:site_name\" content=\"Kuzeyin Sesi\" \/>\n<meta property=\"article:publisher\" content=\"https:\/\/www.facebook.com\/kuzeyinsesii\" \/>\n<meta property=\"article:published_time\" content=\"2024-12-31T12:06:53+00:00\" \/>\n<meta property=\"og:image\" content=\"https:\/\/brtk.net\/wp-content\/uploads\/2024\/12\/31\/v2yeniproje69_1729069197.jpg?ver=2c52e0b82d02d32c62b0001fc718f788\" \/>\n<meta name=\"author\" content=\"Kuzeyin Sesi\" \/>\n<meta name=\"twitter:card\" content=\"summary_large_image\" \/>\n<meta name=\"twitter:creator\" content=\"@kuzeyinsesii\" \/>\n<meta name=\"twitter:site\" content=\"@kuzeyinsesii\" \/>\n<meta name=\"twitter:label1\" content=\"Yazan:\" \/>\n\t<meta name=\"twitter:data1\" content=\"Kuzeyin Sesi\" \/>\n\t<meta name=\"twitter:label2\" content=\"Tahmini okuma s\u00fcresi\" \/>\n\t<meta name=\"twitter:data2\" content=\"1 dakika\" \/>\n<script type=\"application\/ld+json\" class=\"yoast-schema-graph\">{\"@context\":\"https:\\\/\\\/schema.org\",\"@graph\":[{\"@type\":\"Article\",\"@id\":\"https:\\\/\\\/kuzeyinsesi.org\\\/index.php\\\/2024\\\/12\\\/31\\\/gulerden-kktc-vurgusu-adanin-huzuru-guvenligi-ve-refahi-icin-elimizden-geleni-yapmayi-surduruyoruz\\\/#article\",\"isPartOf\":{\"@id\":\"https:\\\/\\\/kuzeyinsesi.org\\\/index.php\\\/2024\\\/12\\\/31\\\/gulerden-kktc-vurgusu-adanin-huzuru-guvenligi-ve-refahi-icin-elimizden-geleni-yapmayi-surduruyoruz\\\/\"},\"author\":{\"name\":\"Kuzeyin Sesi\",\"@id\":\"https:\\\/\\\/kuzeyinsesi.org\\\/#\\\/schema\\\/person\\\/9f859689cdf01485597712386e37f5aa\"},\"headline\":\"G\u00fcler\u2019den KKTC vurgusu \u201cAdan\u0131n huzuru, g\u00fcvenli\u011fi ve refah\u0131 i\u00e7in elimizden geleni yapmay\u0131 s\u00fcrd\u00fcr\u00fcyoruz\u201d\",\"datePublished\":\"2024-12-31T12:06:53+00:00\",\"mainEntityOfPage\":{\"@id\":\"https:\\\/\\\/kuzeyinsesi.org\\\/index.php\\\/2024\\\/12\\\/31\\\/gulerden-kktc-vurgusu-adanin-huzuru-guvenligi-ve-refahi-icin-elimizden-geleni-yapmayi-surduruyoruz\\\/\"},\"wordCount\":178,\"commentCount\":0,\"image\":{\"@id\":\"https:\\\/\\\/kuzeyinsesi.org\\\/index.php\\\/2024\\\/12\\\/31\\\/gulerden-kktc-vurgusu-adanin-huzuru-guvenligi-ve-refahi-icin-elimizden-geleni-yapmayi-surduruyoruz\\\/#primaryimage\"},\"thumbnailUrl\":\"https:\\\/\\\/kuzeyinsesi.org\\\/wp-content\\\/uploads\\\/2024\\\/12\\\/v2yeniproje69_1729069197.jpg\",\"articleSection\":[\"T\u00fcrkiye\"],\"inLanguage\":\"tr\",\"potentialAction\":[{\"@type\":\"CommentAction\",\"name\":\"Comment\",\"target\":[\"https:\\\/\\\/kuzeyinsesi.org\\\/index.php\\\/2024\\\/12\\\/31\\\/gulerden-kktc-vurgusu-adanin-huzuru-guvenligi-ve-refahi-icin-elimizden-geleni-yapmayi-surduruyoruz\\\/#respond\"]}]},{\"@type\":\"WebPage\",\"@id\":\"https:\\\/\\\/kuzeyinsesi.org\\\/index.php\\\/2024\\\/12\\\/31\\\/gulerden-kktc-vurgusu-adanin-huzuru-guvenligi-ve-refahi-icin-elimizden-geleni-yapmayi-surduruyoruz\\\/\",\"url\":\"https:\\\/\\\/kuzeyinsesi.org\\\/index.php\\\/2024\\\/12\\\/31\\\/gulerden-kktc-vurgusu-adanin-huzuru-guvenligi-ve-refahi-icin-elimizden-geleni-yapmayi-surduruyoruz\\\/\",\"name\":\"G\u00fcler\u2019den KKTC vurgusu \u201cAdan\u0131n huzuru, g\u00fcvenli\u011fi ve refah\u0131 i\u00e7in elimizden geleni yapmay\u0131 s\u00fcrd\u00fcr\u00fcyoruz\u201d - Kuzeyin Sesi\",\"isPartOf\":{\"@id\":\"https:\\\/\\\/kuzeyinsesi.org\\\/#website\"},\"primaryImageOfPage\":{\"@id\":\"https:\\\/\\\/kuzeyinsesi.org\\\/index.php\\\/2024\\\/12\\\/31\\\/gulerden-kktc-vurgusu-adanin-huzuru-guvenligi-ve-refahi-icin-elimizden-geleni-yapmayi-surduruyoruz\\\/#primaryimage\"},\"image\":{\"@id\":\"https:\\\/\\\/kuzeyinsesi.org\\\/index.php\\\/2024\\\/12\\\/31\\\/gulerden-kktc-vurgusu-adanin-huzuru-guvenligi-ve-refahi-icin-elimizden-geleni-yapmayi-surduruyoruz\\\/#primaryimage\"},\"thumbnailUrl\":\"https:\\\/\\\/kuzeyinsesi.org\\\/wp-content\\\/uploads\\\/2024\\\/12\\\/v2yeniproje69_1729069197.jpg\",\"datePublished\":\"2024-12-31T12:06:53+00:00\",\"author\":{\"@id\":\"https:\\\/\\\/kuzeyinsesi.org\\\/#\\\/schema\\\/person\\\/9f859689cdf01485597712386e37f5aa\"},\"breadcrumb\":{\"@id\":\"https:\\\/\\\/kuzeyinsesi.org\\\/index.php\\\/2024\\\/12\\\/31\\\/gulerden-kktc-vurgusu-adanin-huzuru-guvenligi-ve-refahi-icin-elimizden-geleni-yapmayi-surduruyoruz\\\/#breadcrumb\"},\"inLanguage\":\"tr\",\"potentialAction\":[{\"@type\":\"ReadAction\",\"target\":[\"https:\\\/\\\/kuzeyinsesi.org\\\/index.php\\\/2024\\\/12\\\/31\\\/gulerden-kktc-vurgusu-adanin-huzuru-guvenligi-ve-refahi-icin-elimizden-geleni-yapmayi-surduruyoruz\\\/\"]}]},{\"@type\":\"ImageObject\",\"inLanguage\":\"tr\",\"@id\":\"https:\\\/\\\/kuzeyinsesi.org\\\/index.php\\\/2024\\\/12\\\/31\\\/gulerden-kktc-vurgusu-adanin-huzuru-guvenligi-ve-refahi-icin-elimizden-geleni-yapmayi-surduruyoruz\\\/#primaryimage\",\"url\":\"https:\\\/\\\/kuzeyinsesi.org\\\/wp-content\\\/uploads\\\/2024\\\/12\\\/v2yeniproje69_1729069197.jpg\",\"contentUrl\":\"https:\\\/\\\/kuzeyinsesi.org\\\/wp-content\\\/uploads\\\/2024\\\/12\\\/v2yeniproje69_1729069197.jpg\",\"width\":971,\"height\":551},{\"@type\":\"BreadcrumbList\",\"@id\":\"https:\\\/\\\/kuzeyinsesi.org\\\/index.php\\\/2024\\\/12\\\/31\\\/gulerden-kktc-vurgusu-adanin-huzuru-guvenligi-ve-refahi-icin-elimizden-geleni-yapmayi-surduruyoruz\\\/#breadcrumb\",\"itemListElement\":[{\"@type\":\"ListItem\",\"position\":1,\"name\":\"Anasayfa\",\"item\":\"https:\\\/\\\/kuzeyinsesi.org\\\/\"},{\"@type\":\"ListItem\",\"position\":2,\"name\":\"G\u00fcler\u2019den KKTC vurgusu \u201cAdan\u0131n huzuru, g\u00fcvenli\u011fi ve refah\u0131 i\u00e7in elimizden geleni yapmay\u0131 s\u00fcrd\u00fcr\u00fcyoruz\u201d\"}]},{\"@type\":\"WebSite\",\"@id\":\"https:\\\/\\\/kuzeyinsesi.org\\\/#website\",\"url\":\"https:\\\/\\\/kuzeyinsesi.org\\\/\",\"name\":\"Kuzeyin Sesi\",\"description\":\"Do\u011fru Haberin Adresi\",\"potentialAction\":[{\"@type\":\"SearchAction\",\"target\":{\"@type\":\"EntryPoint\",\"urlTemplate\":\"https:\\\/\\\/kuzeyinsesi.org\\\/?s={search_term_string}\"},\"query-input\":{\"@type\":\"PropertyValueSpecification\",\"valueRequired\":true,\"valueName\":\"search_term_string\"}}],\"inLanguage\":\"tr\"},{\"@type\":\"Person\",\"@id\":\"https:\\\/\\\/kuzeyinsesi.org\\\/#\\\/schema\\\/person\\\/9f859689cdf01485597712386e37f5aa\",\"name\":\"Kuzeyin Sesi\",\"image\":{\"@type\":\"ImageObject\",\"inLanguage\":\"tr\",\"@id\":\"https:\\\/\\\/secure.gravatar.com\\\/avatar\\\/bab33852abfd8b282518d6ed81826833d77c3c882d9ab608add591ccace47a44?s=96&d=mm&r=g\",\"url\":\"https:\\\/\\\/secure.gravatar.com\\\/avatar\\\/bab33852abfd8b282518d6ed81826833d77c3c882d9ab608add591ccace47a44?s=96&d=mm&r=g\",\"contentUrl\":\"https:\\\/\\\/secure.gravatar.com\\\/avatar\\\/bab33852abfd8b282518d6ed81826833d77c3c882d9ab608add591ccace47a44?s=96&d=mm&r=g\",\"caption\":\"Kuzeyin Sesi\"},\"sameAs\":[\"https:\\\/\\\/kuzeyinsesi.org\"],\"url\":\"https:\\\/\\\/kuzeyinsesi.org\\\/index.php\\\/author\\\/guven\\\/\"}]}<\/script>\n<!-- \/ Yoast SEO plugin. -->","yoast_head_json":{"title":"G\u00fcler\u2019den KKTC vurgusu \u201cAdan\u0131n huzuru, g\u00fcvenli\u011fi ve refah\u0131 i\u00e7in elimizden geleni yapmay\u0131 s\u00fcrd\u00fcr\u00fcyoruz\u201d - Kuzeyin Sesi","robots":{"index":"index","follow":"follow","max-snippet":"max-snippet:-1","max-image-preview":"max-image-preview:large","max-video-preview":"max-video-preview:-1"},"canonical":"https:\/\/kuzeyinsesi.org\/index.php\/2024\/12\/31\/gulerden-kktc-vurgusu-adanin-huzuru-guvenligi-ve-refahi-icin-elimizden-geleni-yapmayi-surduruyoruz\/","og_locale":"tr_TR","og_type":"article","og_title":"G\u00fcler\u2019den KKTC vurgusu \u201cAdan\u0131n huzuru, g\u00fcvenli\u011fi ve refah\u0131 i\u00e7in elimizden geleni yapmay\u0131 s\u00fcrd\u00fcr\u00fcyoruz\u201d - Kuzeyin Sesi","og_description":"T\u00fcrkiye Milli Savunma Bakan\u0131 Ya\u015far G\u00fcler, K\u0131br\u0131s T\u00fcrk Halk\u0131\u2019n\u0131n me\u015fru \u00e7\u0131karlar\u0131n\u0131 her ko\u015fulda desteklemeye devam ettiklerini belirtti. G\u00fcler, \u201cGaranti ve \u0130ttifak Antla\u015fmalar\u0131\u201d do\u011frultusunda adan\u0131n huzuru, g\u00fcvenli\u011fi ve refah\u0131 i\u00e7in ellerinden geleni yapmay\u0131 s\u00fcrd\u00fcrd\u00fcklerini vurgulad\u0131. T\u00fcrkiye Milli Savunma Bakan\u0131 Ya\u015far G\u00fcler, yeni y\u0131l dolay\u0131s\u0131yla yay\u0131mlad\u0131\u011f\u0131 mesaj\u0131nda, T\u00fcrkiye ile Kuzey K\u0131br\u0131s T\u00fcrk Cumhuriyeti aras\u0131ndaki ili\u015fkilere de\u011findi. Kuzey\u00a0K\u0131br\u0131s\u00a0T\u00fcrk [&hellip;]","og_url":"https:\/\/kuzeyinsesi.org\/index.php\/2024\/12\/31\/gulerden-kktc-vurgusu-adanin-huzuru-guvenligi-ve-refahi-icin-elimizden-geleni-yapmayi-surduruyoruz\/","og_site_name":"Kuzeyin Sesi","article_publisher":"https:\/\/www.facebook.com\/kuzeyinsesii","article_published_time":"2024-12-31T12:06:53+00:00","og_image":[{"url":"https:\/\/brtk.net\/wp-content\/uploads\/2024\/12\/31\/v2yeniproje69_1729069197.jpg?ver=2c52e0b82d02d32c62b0001fc718f788","type":"","width":"","height":""}],"author":"Kuzeyin Sesi","twitter_card":"summary_large_image","twitter_creator":"@kuzeyinsesii","twitter_site":"@kuzeyinsesii","twitter_misc":{"Yazan:":"Kuzeyin Sesi","Tahmini okuma s\u00fcresi":"1 dakika"},"schema":{"@context":"https:\/\/schema.org","@graph":[{"@type":"Article","@id":"https:\/\/kuzeyinsesi.org\/index.php\/2024\/12\/31\/gulerden-kktc-vurgusu-adanin-huzuru-guvenligi-ve-refahi-icin-elimizden-geleni-yapmayi-surduruyoruz\/#article","isPartOf":{"@id":"https:\/\/kuzeyinsesi.org\/index.php\/2024\/12\/31\/gulerden-kktc-vurgusu-adanin-huzuru-guvenligi-ve-refahi-icin-elimizden-geleni-yapmayi-surduruyoruz\/"},"author":{"name":"Kuzeyin Sesi","@id":"https:\/\/kuzeyinsesi.org\/#\/schema\/person\/9f859689cdf01485597712386e37f5aa"},"headline":"G\u00fcler\u2019den KKTC vurgusu \u201cAdan\u0131n huzuru, g\u00fcvenli\u011fi ve refah\u0131 i\u00e7in elimizden geleni yapmay\u0131 s\u00fcrd\u00fcr\u00fcyoruz\u201d","datePublished":"2024-12-31T12:06:53+00:00","mainEntityOfPage":{"@id":"https:\/\/kuzeyinsesi.org\/index.php\/2024\/12\/31\/gulerden-kktc-vurgusu-adanin-huzuru-guvenligi-ve-refahi-icin-elimizden-geleni-yapmayi-surduruyoruz\/"},"wordCount":178,"commentCount":0,"image":{"@id":"https:\/\/kuzeyinsesi.org\/index.php\/2024\/12\/31\/gulerden-kktc-vurgusu-adanin-huzuru-guvenligi-ve-refahi-icin-elimizden-geleni-yapmayi-surduruyoruz\/#primaryimage"},"thumbnailUrl":"https:\/\/kuzeyinsesi.org\/wp-content\/uploads\/2024\/12\/v2yeniproje69_1729069197.jpg","articleSection":["T\u00fcrkiye"],"inLanguage":"tr","potentialAction":[{"@type":"CommentAction","name":"Comment","target":["https:\/\/kuzeyinsesi.org\/index.php\/2024\/12\/31\/gulerden-kktc-vurgusu-adanin-huzuru-guvenligi-ve-refahi-icin-elimizden-geleni-yapmayi-surduruyoruz\/#respond"]}]},{"@type":"WebPage","@id":"https:\/\/kuzeyinsesi.org\/index.php\/2024\/12\/31\/gulerden-kktc-vurgusu-adanin-huzuru-guvenligi-ve-refahi-icin-elimizden-geleni-yapmayi-surduruyoruz\/","url":"https:\/\/kuzeyinsesi.org\/index.php\/2024\/12\/31\/gulerden-kktc-vurgusu-adanin-huzuru-guvenligi-ve-refahi-icin-elimizden-geleni-yapmayi-surduruyoruz\/","name":"G\u00fcler\u2019den KKTC vurgusu \u201cAdan\u0131n huzuru, g\u00fcvenli\u011fi ve refah\u0131 i\u00e7in elimizden geleni yapmay\u0131 s\u00fcrd\u00fcr\u00fcyoruz\u201d - Kuzeyin Sesi","isPartOf":{"@id":"https:\/\/kuzeyinsesi.org\/#website"},"primaryImageOfPage":{"@id":"https:\/\/kuzeyinsesi.org\/index.php\/2024\/12\/31\/gulerden-kktc-vurgusu-adanin-huzuru-guvenligi-ve-refahi-icin-elimizden-geleni-yapmayi-surduruyoruz\/#primaryimage"},"image":{"@id":"https:\/\/kuzeyinsesi.org\/index.php\/2024\/12\/31\/gulerden-kktc-vurgusu-adanin-huzuru-guvenligi-ve-refahi-icin-elimizden-geleni-yapmayi-surduruyoruz\/#primaryimage"},"thumbnailUrl":"https:\/\/kuzeyinsesi.org\/wp-content\/uploads\/2024\/12\/v2yeniproje69_1729069197.jpg","datePublished":"2024-12-31T12:06:53+00:00","author":{"@id":"https:\/\/kuzeyinsesi.org\/#\/schema\/person\/9f859689cdf01485597712386e37f5aa"},"breadcrumb":{"@id":"https:\/\/kuzeyinsesi.org\/index.php\/2024\/12\/31\/gulerden-kktc-vurgusu-adanin-huzuru-guvenligi-ve-refahi-icin-elimizden-geleni-yapmayi-surduruyoruz\/#breadcrumb"},"inLanguage":"tr","potentialAction":[{"@type":"ReadAction","target":["https:\/\/kuzeyinsesi.org\/index.php\/2024\/12\/31\/gulerden-kktc-vurgusu-adanin-huzuru-guvenligi-ve-refahi-icin-elimizden-geleni-yapmayi-surduruyoruz\/"]}]},{"@type":"ImageObject","inLanguage":"tr","@id":"https:\/\/kuzeyinsesi.org\/index.php\/2024\/12\/31\/gulerden-kktc-vurgusu-adanin-huzuru-guvenligi-ve-refahi-icin-elimizden-geleni-yapmayi-surduruyoruz\/#primaryimage","url":"https:\/\/kuzeyinsesi.org\/wp-content\/uploads\/2024\/12\/v2yeniproje69_1729069197.jpg","contentUrl":"https:\/\/kuzeyinsesi.org\/wp-content\/uploads\/2024\/12\/v2yeniproje69_1729069197.jpg","width":971,"height":551},{"@type":"BreadcrumbList","@id":"https:\/\/kuzeyinsesi.org\/index.php\/2024\/12\/31\/gulerden-kktc-vurgusu-adanin-huzuru-guvenligi-ve-refahi-icin-elimizden-geleni-yapmayi-surduruyoruz\/#breadcrumb","itemListElement":[{"@type":"ListItem","position":1,"name":"Anasayfa","item":"https:\/\/kuzeyinsesi.org\/"},{"@type":"ListItem","position":2,"name":"G\u00fcler\u2019den KKTC vurgusu \u201cAdan\u0131n huzuru, g\u00fcvenli\u011fi ve refah\u0131 i\u00e7in elimizden geleni yapmay\u0131 s\u00fcrd\u00fcr\u00fcyoruz\u201d"}]},{"@type":"WebSite","@id":"https:\/\/kuzeyinsesi.org\/#website","url":"https:\/\/kuzeyinsesi.org\/","name":"Kuzeyin Sesi","description":"Do\u011fru Haberin Adresi","potentialAction":[{"@type":"SearchAction","target":{"@type":"EntryPoint","urlTemplate":"https:\/\/kuzeyinsesi.org\/?s={search_term_string}"},"query-input":{"@type":"PropertyValueSpecification","valueRequired":true,"valueName":"search_term_string"}}],"inLanguage":"tr"},{"@type":"Person","@id":"https:\/\/kuzeyinsesi.org\/#\/schema\/person\/9f859689cdf01485597712386e37f5aa","name":"Kuzeyin Sesi","image":{"@type":"ImageObject","inLanguage":"tr","@id":"https:\/\/secure.gravatar.com\/avatar\/bab33852abfd8b282518d6ed81826833d77c3c882d9ab608add591ccace47a44?s=96&d=mm&r=g","url":"https:\/\/secure.gravatar.com\/avatar\/bab33852abfd8b282518d6ed81826833d77c3c882d9ab608add591ccace47a44?s=96&d=mm&r=g","contentUrl":"https:\/\/secure.gravatar.com\/avatar\/bab33852abfd8b282518d6ed81826833d77c3c882d9ab608add591ccace47a44?s=96&d=mm&r=g","caption":"Kuzeyin Sesi"},"sameAs":["https:\/\/kuzeyinsesi.org"],"url":"https:\/\/kuzeyinsesi.org\/index.php\/author\/guven\/"}]}},"_links":{"self":[{"href":"https:\/\/kuzeyinsesi.org\/index.php\/wp-json\/wp\/v2\/posts\/16608","targetHints":{"allow":["GET"]}}],"collection":[{"href":"https:\/\/kuzeyinsesi.org\/index.php\/wp-json\/wp\/v2\/posts"}],"about":[{"href":"https:\/\/kuzeyinsesi.org\/index.php\/wp-json\/wp\/v2\/types\/post"}],"author":[{"embeddable":true,"href":"https:\/\/kuzeyinsesi.org\/index.php\/wp-json\/wp\/v2\/users\/1"}],"replies":[{"embeddable":true,"href":"https:\/\/kuzeyinsesi.org\/index.php\/wp-json\/wp\/v2\/comments?post=16608"}],"version-history":[{"count":0,"href":"https:\/\/kuzeyinsesi.org\/index.php\/wp-json\/wp\/v2\/posts\/16608\/revisions"}],"wp:featuredmedia":[{"embeddable":true,"href":"https:\/\/kuzeyinsesi.org\/index.php\/wp-json\/wp\/v2\/media\/16609"}],"wp:attachment":[{"href":"https:\/\/kuzeyinsesi.org\/index.php\/wp-json\/wp\/v2\/media?parent=16608"}],"wp:term":[{"taxonomy":"category","embeddable":true,"href":"https:\/\/kuzeyinsesi.org\/index.php\/wp-json\/wp\/v2\/categories?post=16608"},{"taxonomy":"post_tag","embeddable":true,"href":"https:\/\/kuzeyinsesi.org\/index.php\/wp-json\/wp\/v2\/tags?post=16608"}],"curies":[{"name":"wp","href":"https:\/\/api.w.org\/{rel}","templated":true}]}}