{"id":16575,"date":"2024-12-30T18:57:45","date_gmt":"2024-12-30T16:57:45","guid":{"rendered":"https:\/\/kuzeyinsesi.org\/index.php\/2024\/12\/30\/yucel-yazgin-ve-nilgun-guneyin-sergileri-yeni-yilin-ilk-haftalarinda-girne-ve-gazimagusada-sanatseverlerle-bulusacak-2\/"},"modified":"2024-12-30T18:57:45","modified_gmt":"2024-12-30T16:57:45","slug":"yucel-yazgin-ve-nilgun-guneyin-sergileri-yeni-yilin-ilk-haftalarinda-girne-ve-gazimagusada-sanatseverlerle-bulusacak-2","status":"publish","type":"post","link":"https:\/\/kuzeyinsesi.org\/index.php\/2024\/12\/30\/yucel-yazgin-ve-nilgun-guneyin-sergileri-yeni-yilin-ilk-haftalarinda-girne-ve-gazimagusada-sanatseverlerle-bulusacak-2\/","title":{"rendered":"Y\u00fccel Yazg\u0131n ve Nilg\u00fcn G\u00fcney\u2019in sergileri, yeni y\u0131l\u0131n ilk haftalar\u0131nda Girne ve Gazima\u011fusa\u2019da sanatseverlerle bulu\u015facak"},"content":{"rendered":"<div>\n<div class=\"mariselle-image-container center\">\n                                            <\/div>\n<p>Y\u00fccel Yazg\u0131n ve Nilg\u00fcn G\u00fcney\u2019in K\u00fclt\u00fcr Dairesi himayelerinde d\u00fczenlenecek  sergileri, yeni y\u0131l\u0131n ilk haftalar\u0131nda Girne ve Gazima\u011fusa\u2019da sanatseverlerle bulu\u015facak.<\/p>\n<p>K\u00fclt\u00fcr Dairesi M\u00fcd\u00fcr\u00fc \u015eirin Zaima\u011fao\u011flu yaz\u0131l\u0131 a\u00e7\u0131klamas\u0131nda, t\u00fcm sanat\u00e7\u0131 ve sanatseverlerin yeni y\u0131l\u0131n\u0131 kutlad\u0131; \u201cYeni y\u0131la sanatla girelim, sanatta bulu\u015fal\u0131m ve sanats\u0131z kalmayal\u0131m!\u201d  ifadelerini kulland\u0131. Zaima\u011fao\u011flu, K\u00fclt\u00fcr Dairesi himayelerinde a\u00e7acaklar\u0131 sergilerin detaylar\u0131n\u0131 da payla\u015ft\u0131.<\/p>\n<p>Zaima\u011fao\u011flu, YD\u00dc G\u00fczel Sanatlar ve Tasar\u0131m Fak\u00fcltesi \u00d6\u011fretim \u00dcyesi Do\u00e7. Dr. Y\u00fccel Yazg\u0131n\u2019\u0131n ekim ay\u0131nda Lefko\u015fa\u2019da a\u00e7\u0131lan SuAda isimli 7. ki\u015fisel sergisini, Yak\u0131n Do\u011fu \u00dcniversitesi Sanat ve Tasar\u0131m Ara\u015ft\u0131rmalar\u0131 Merkezi i\u015f birli\u011finde, 6 Ocak Pazartesi g\u00fcn\u00fc Girne Halk K\u00fct\u00fcphanesi\u2019nde a\u00e7acaklar\u0131n\u0131 belirtti.<\/p>\n<p>Nilg\u00fcn G\u00fcney\u2019in kas\u0131m ay\u0131nda Girne\u2019de a\u00e7\u0131lan Boh\u00e7a sergisini de, Do\u011fu Akdeniz \u00dcniversitesi i\u015f birli\u011finde Gazima\u011fusa\u2019da a\u00e7acaklar\u0131n\u0131 belirten Zaima\u011fao\u011flu, k\u00fcrat\u00f6rl\u00fc\u011f\u00fcn\u00fc DA\u00dc Sanat Koordinat\u00f6r\u00fc Zehra \u015eonya\u2019n\u0131n yapaca\u011f\u0131 serginin a\u00e7\u0131l\u0131\u015f\u0131n\u0131n, 10 Ocak\u2019ta Rauf Raif Denkta\u015f K\u00fclt\u00fcr ve Kongre Saray\u0131\u2019nda yap\u0131laca\u011f\u0131n\u0131 ifade etti.<\/p>\n<p>Zaima\u011fao\u011flu, \u00fcniversiteler ile i\u015fbirli\u011fi yapt\u0131klar\u0131n\u0131 belirterek, Yak\u0131n Do\u011fu \u00dcniversitesi ve Do\u011fu Akdeniz \u00dcniversitesi\u2019ne te\u015fekk\u00fcr de etti.<\/p>\n<\/p><\/div>\n<p><script async\n                    defer\n                    crossorigin=\"anonymous\"\n                    src=\"https:\/\/connect.facebook.net\/tr_TR\/sdk.js#xfbml=1&#038;version=v3.3\"\n            ><\/script><\/p>\n","protected":false},"excerpt":{"rendered":"<p>Y\u00fccel Yazg\u0131n ve Nilg\u00fcn G\u00fcney\u2019in K\u00fclt\u00fcr Dairesi himayelerinde d\u00fczenlenecek sergileri, yeni y\u0131l\u0131n ilk haftalar\u0131nda Girne ve Gazima\u011fusa\u2019da sanatseverlerle bulu\u015facak. K\u00fclt\u00fcr Dairesi M\u00fcd\u00fcr\u00fc \u015eirin Zaima\u011fao\u011flu yaz\u0131l\u0131 a\u00e7\u0131klamas\u0131nda, t\u00fcm sanat\u00e7\u0131 ve sanatseverlerin yeni y\u0131l\u0131n\u0131 kutlad\u0131; \u201cYeni y\u0131la sanatla girelim, sanatta bulu\u015fal\u0131m ve sanats\u0131z kalmayal\u0131m!\u201d ifadelerini kulland\u0131. Zaima\u011fao\u011flu, K\u00fclt\u00fcr Dairesi himayelerinde a\u00e7acaklar\u0131 sergilerin detaylar\u0131n\u0131 da payla\u015ft\u0131. Zaima\u011fao\u011flu, YD\u00dc [&hellip;]<\/p>\n","protected":false},"author":1,"featured_media":16577,"comment_status":"open","ping_status":"open","sticky":false,"template":"","format":"standard","meta":{"jnews-multi-image_gallery":[],"jnews_single_post":[],"jnews_primary_category":[],"jnews_social_meta":[],"jnews_override_counter":[],"footnotes":""},"categories":[6],"tags":[],"class_list":["post-16575","post","type-post","status-publish","format-standard","has-post-thumbnail","hentry","category-yasam"],"yoast_head":"<!-- This site is optimized with the Yoast SEO plugin v27.4 - https:\/\/yoast.com\/product\/yoast-seo-wordpress\/ -->\n<title>Y\u00fccel Yazg\u0131n ve Nilg\u00fcn G\u00fcney\u2019in sergileri, yeni y\u0131l\u0131n ilk haftalar\u0131nda Girne ve Gazima\u011fusa\u2019da sanatseverlerle bulu\u015facak - Kuzeyin Sesi<\/title>\n<meta name=\"robots\" content=\"index, follow, max-snippet:-1, max-image-preview:large, max-video-preview:-1\" \/>\n<link rel=\"canonical\" href=\"https:\/\/kuzeyinsesi.org\/index.php\/2024\/12\/30\/yucel-yazgin-ve-nilgun-guneyin-sergileri-yeni-yilin-ilk-haftalarinda-girne-ve-gazimagusada-sanatseverlerle-bulusacak-2\/\" \/>\n<meta property=\"og:locale\" content=\"tr_TR\" \/>\n<meta property=\"og:type\" content=\"article\" \/>\n<meta property=\"og:title\" content=\"Y\u00fccel Yazg\u0131n ve Nilg\u00fcn G\u00fcney\u2019in sergileri, yeni y\u0131l\u0131n ilk haftalar\u0131nda Girne ve Gazima\u011fusa\u2019da sanatseverlerle bulu\u015facak - Kuzeyin Sesi\" \/>\n<meta property=\"og:description\" content=\"Y\u00fccel Yazg\u0131n ve Nilg\u00fcn G\u00fcney\u2019in K\u00fclt\u00fcr Dairesi himayelerinde d\u00fczenlenecek sergileri, yeni y\u0131l\u0131n ilk haftalar\u0131nda Girne ve Gazima\u011fusa\u2019da sanatseverlerle bulu\u015facak. K\u00fclt\u00fcr Dairesi M\u00fcd\u00fcr\u00fc \u015eirin Zaima\u011fao\u011flu yaz\u0131l\u0131 a\u00e7\u0131klamas\u0131nda, t\u00fcm sanat\u00e7\u0131 ve sanatseverlerin yeni y\u0131l\u0131n\u0131 kutlad\u0131; \u201cYeni y\u0131la sanatla girelim, sanatta bulu\u015fal\u0131m ve sanats\u0131z kalmayal\u0131m!\u201d ifadelerini kulland\u0131. Zaima\u011fao\u011flu, K\u00fclt\u00fcr Dairesi himayelerinde a\u00e7acaklar\u0131 sergilerin detaylar\u0131n\u0131 da payla\u015ft\u0131. Zaima\u011fao\u011flu, YD\u00dc [&hellip;]\" \/>\n<meta property=\"og:url\" content=\"https:\/\/kuzeyinsesi.org\/index.php\/2024\/12\/30\/yucel-yazgin-ve-nilgun-guneyin-sergileri-yeni-yilin-ilk-haftalarinda-girne-ve-gazimagusada-sanatseverlerle-bulusacak-2\/\" \/>\n<meta property=\"og:site_name\" content=\"Kuzeyin Sesi\" \/>\n<meta property=\"article:publisher\" content=\"https:\/\/www.facebook.com\/kuzeyinsesii\" \/>\n<meta property=\"article:published_time\" content=\"2024-12-30T16:57:45+00:00\" \/>\n<meta property=\"og:image\" content=\"https:\/\/brtk.net\/wp-content\/uploads\/2024\/12\/30\/llllllllllllllllllllllllllllllll.jpg?ver=bfd52b81550f55e2ab80e8fced18ab04\" \/>\n<meta name=\"author\" content=\"Kuzeyin Sesi\" \/>\n<meta name=\"twitter:card\" content=\"summary_large_image\" \/>\n<meta name=\"twitter:creator\" content=\"@kuzeyinsesii\" \/>\n<meta name=\"twitter:site\" content=\"@kuzeyinsesii\" \/>\n<meta name=\"twitter:label1\" content=\"Yazan:\" \/>\n\t<meta name=\"twitter:data1\" content=\"Kuzeyin Sesi\" \/>\n\t<meta name=\"twitter:label2\" content=\"Tahmini okuma s\u00fcresi\" \/>\n\t<meta name=\"twitter:data2\" content=\"1 dakika\" \/>\n<script type=\"application\/ld+json\" class=\"yoast-schema-graph\">{\"@context\":\"https:\\\/\\\/schema.org\",\"@graph\":[{\"@type\":\"Article\",\"@id\":\"https:\\\/\\\/kuzeyinsesi.org\\\/index.php\\\/2024\\\/12\\\/30\\\/yucel-yazgin-ve-nilgun-guneyin-sergileri-yeni-yilin-ilk-haftalarinda-girne-ve-gazimagusada-sanatseverlerle-bulusacak-2\\\/#article\",\"isPartOf\":{\"@id\":\"https:\\\/\\\/kuzeyinsesi.org\\\/index.php\\\/2024\\\/12\\\/30\\\/yucel-yazgin-ve-nilgun-guneyin-sergileri-yeni-yilin-ilk-haftalarinda-girne-ve-gazimagusada-sanatseverlerle-bulusacak-2\\\/\"},\"author\":{\"name\":\"Kuzeyin Sesi\",\"@id\":\"https:\\\/\\\/kuzeyinsesi.org\\\/#\\\/schema\\\/person\\\/9f859689cdf01485597712386e37f5aa\"},\"headline\":\"Y\u00fccel Yazg\u0131n ve Nilg\u00fcn G\u00fcney\u2019in sergileri, yeni y\u0131l\u0131n ilk haftalar\u0131nda Girne ve Gazima\u011fusa\u2019da sanatseverlerle bulu\u015facak\",\"datePublished\":\"2024-12-30T16:57:45+00:00\",\"mainEntityOfPage\":{\"@id\":\"https:\\\/\\\/kuzeyinsesi.org\\\/index.php\\\/2024\\\/12\\\/30\\\/yucel-yazgin-ve-nilgun-guneyin-sergileri-yeni-yilin-ilk-haftalarinda-girne-ve-gazimagusada-sanatseverlerle-bulusacak-2\\\/\"},\"wordCount\":278,\"commentCount\":0,\"image\":{\"@id\":\"https:\\\/\\\/kuzeyinsesi.org\\\/index.php\\\/2024\\\/12\\\/30\\\/yucel-yazgin-ve-nilgun-guneyin-sergileri-yeni-yilin-ilk-haftalarinda-girne-ve-gazimagusada-sanatseverlerle-bulusacak-2\\\/#primaryimage\"},\"thumbnailUrl\":\"https:\\\/\\\/kuzeyinsesi.org\\\/wp-content\\\/uploads\\\/2024\\\/12\\\/1735577871_llllllllllllllllllllllllllllllll.jpg\",\"articleSection\":[\"Ya\u015fam\"],\"inLanguage\":\"tr\",\"potentialAction\":[{\"@type\":\"CommentAction\",\"name\":\"Comment\",\"target\":[\"https:\\\/\\\/kuzeyinsesi.org\\\/index.php\\\/2024\\\/12\\\/30\\\/yucel-yazgin-ve-nilgun-guneyin-sergileri-yeni-yilin-ilk-haftalarinda-girne-ve-gazimagusada-sanatseverlerle-bulusacak-2\\\/#respond\"]}]},{\"@type\":\"WebPage\",\"@id\":\"https:\\\/\\\/kuzeyinsesi.org\\\/index.php\\\/2024\\\/12\\\/30\\\/yucel-yazgin-ve-nilgun-guneyin-sergileri-yeni-yilin-ilk-haftalarinda-girne-ve-gazimagusada-sanatseverlerle-bulusacak-2\\\/\",\"url\":\"https:\\\/\\\/kuzeyinsesi.org\\\/index.php\\\/2024\\\/12\\\/30\\\/yucel-yazgin-ve-nilgun-guneyin-sergileri-yeni-yilin-ilk-haftalarinda-girne-ve-gazimagusada-sanatseverlerle-bulusacak-2\\\/\",\"name\":\"Y\u00fccel Yazg\u0131n ve Nilg\u00fcn G\u00fcney\u2019in sergileri, yeni y\u0131l\u0131n ilk haftalar\u0131nda Girne ve Gazima\u011fusa\u2019da sanatseverlerle bulu\u015facak - Kuzeyin Sesi\",\"isPartOf\":{\"@id\":\"https:\\\/\\\/kuzeyinsesi.org\\\/#website\"},\"primaryImageOfPage\":{\"@id\":\"https:\\\/\\\/kuzeyinsesi.org\\\/index.php\\\/2024\\\/12\\\/30\\\/yucel-yazgin-ve-nilgun-guneyin-sergileri-yeni-yilin-ilk-haftalarinda-girne-ve-gazimagusada-sanatseverlerle-bulusacak-2\\\/#primaryimage\"},\"image\":{\"@id\":\"https:\\\/\\\/kuzeyinsesi.org\\\/index.php\\\/2024\\\/12\\\/30\\\/yucel-yazgin-ve-nilgun-guneyin-sergileri-yeni-yilin-ilk-haftalarinda-girne-ve-gazimagusada-sanatseverlerle-bulusacak-2\\\/#primaryimage\"},\"thumbnailUrl\":\"https:\\\/\\\/kuzeyinsesi.org\\\/wp-content\\\/uploads\\\/2024\\\/12\\\/1735577871_llllllllllllllllllllllllllllllll.jpg\",\"datePublished\":\"2024-12-30T16:57:45+00:00\",\"author\":{\"@id\":\"https:\\\/\\\/kuzeyinsesi.org\\\/#\\\/schema\\\/person\\\/9f859689cdf01485597712386e37f5aa\"},\"breadcrumb\":{\"@id\":\"https:\\\/\\\/kuzeyinsesi.org\\\/index.php\\\/2024\\\/12\\\/30\\\/yucel-yazgin-ve-nilgun-guneyin-sergileri-yeni-yilin-ilk-haftalarinda-girne-ve-gazimagusada-sanatseverlerle-bulusacak-2\\\/#breadcrumb\"},\"inLanguage\":\"tr\",\"potentialAction\":[{\"@type\":\"ReadAction\",\"target\":[\"https:\\\/\\\/kuzeyinsesi.org\\\/index.php\\\/2024\\\/12\\\/30\\\/yucel-yazgin-ve-nilgun-guneyin-sergileri-yeni-yilin-ilk-haftalarinda-girne-ve-gazimagusada-sanatseverlerle-bulusacak-2\\\/\"]}]},{\"@type\":\"ImageObject\",\"inLanguage\":\"tr\",\"@id\":\"https:\\\/\\\/kuzeyinsesi.org\\\/index.php\\\/2024\\\/12\\\/30\\\/yucel-yazgin-ve-nilgun-guneyin-sergileri-yeni-yilin-ilk-haftalarinda-girne-ve-gazimagusada-sanatseverlerle-bulusacak-2\\\/#primaryimage\",\"url\":\"https:\\\/\\\/kuzeyinsesi.org\\\/wp-content\\\/uploads\\\/2024\\\/12\\\/1735577871_llllllllllllllllllllllllllllllll.jpg\",\"contentUrl\":\"https:\\\/\\\/kuzeyinsesi.org\\\/wp-content\\\/uploads\\\/2024\\\/12\\\/1735577871_llllllllllllllllllllllllllllllll.jpg\",\"width\":620,\"height\":350},{\"@type\":\"BreadcrumbList\",\"@id\":\"https:\\\/\\\/kuzeyinsesi.org\\\/index.php\\\/2024\\\/12\\\/30\\\/yucel-yazgin-ve-nilgun-guneyin-sergileri-yeni-yilin-ilk-haftalarinda-girne-ve-gazimagusada-sanatseverlerle-bulusacak-2\\\/#breadcrumb\",\"itemListElement\":[{\"@type\":\"ListItem\",\"position\":1,\"name\":\"Anasayfa\",\"item\":\"https:\\\/\\\/kuzeyinsesi.org\\\/\"},{\"@type\":\"ListItem\",\"position\":2,\"name\":\"Y\u00fccel Yazg\u0131n ve Nilg\u00fcn G\u00fcney\u2019in sergileri, yeni y\u0131l\u0131n ilk haftalar\u0131nda Girne ve Gazima\u011fusa\u2019da sanatseverlerle bulu\u015facak\"}]},{\"@type\":\"WebSite\",\"@id\":\"https:\\\/\\\/kuzeyinsesi.org\\\/#website\",\"url\":\"https:\\\/\\\/kuzeyinsesi.org\\\/\",\"name\":\"Kuzeyin Sesi\",\"description\":\"Do\u011fru Haberin Adresi\",\"potentialAction\":[{\"@type\":\"SearchAction\",\"target\":{\"@type\":\"EntryPoint\",\"urlTemplate\":\"https:\\\/\\\/kuzeyinsesi.org\\\/?s={search_term_string}\"},\"query-input\":{\"@type\":\"PropertyValueSpecification\",\"valueRequired\":true,\"valueName\":\"search_term_string\"}}],\"inLanguage\":\"tr\"},{\"@type\":\"Person\",\"@id\":\"https:\\\/\\\/kuzeyinsesi.org\\\/#\\\/schema\\\/person\\\/9f859689cdf01485597712386e37f5aa\",\"name\":\"Kuzeyin Sesi\",\"image\":{\"@type\":\"ImageObject\",\"inLanguage\":\"tr\",\"@id\":\"https:\\\/\\\/secure.gravatar.com\\\/avatar\\\/bab33852abfd8b282518d6ed81826833d77c3c882d9ab608add591ccace47a44?s=96&d=mm&r=g\",\"url\":\"https:\\\/\\\/secure.gravatar.com\\\/avatar\\\/bab33852abfd8b282518d6ed81826833d77c3c882d9ab608add591ccace47a44?s=96&d=mm&r=g\",\"contentUrl\":\"https:\\\/\\\/secure.gravatar.com\\\/avatar\\\/bab33852abfd8b282518d6ed81826833d77c3c882d9ab608add591ccace47a44?s=96&d=mm&r=g\",\"caption\":\"Kuzeyin Sesi\"},\"sameAs\":[\"https:\\\/\\\/kuzeyinsesi.org\"],\"url\":\"https:\\\/\\\/kuzeyinsesi.org\\\/index.php\\\/author\\\/guven\\\/\"}]}<\/script>\n<!-- \/ Yoast SEO plugin. -->","yoast_head_json":{"title":"Y\u00fccel Yazg\u0131n ve Nilg\u00fcn G\u00fcney\u2019in sergileri, yeni y\u0131l\u0131n ilk haftalar\u0131nda Girne ve Gazima\u011fusa\u2019da sanatseverlerle bulu\u015facak - Kuzeyin Sesi","robots":{"index":"index","follow":"follow","max-snippet":"max-snippet:-1","max-image-preview":"max-image-preview:large","max-video-preview":"max-video-preview:-1"},"canonical":"https:\/\/kuzeyinsesi.org\/index.php\/2024\/12\/30\/yucel-yazgin-ve-nilgun-guneyin-sergileri-yeni-yilin-ilk-haftalarinda-girne-ve-gazimagusada-sanatseverlerle-bulusacak-2\/","og_locale":"tr_TR","og_type":"article","og_title":"Y\u00fccel Yazg\u0131n ve Nilg\u00fcn G\u00fcney\u2019in sergileri, yeni y\u0131l\u0131n ilk haftalar\u0131nda Girne ve Gazima\u011fusa\u2019da sanatseverlerle bulu\u015facak - Kuzeyin Sesi","og_description":"Y\u00fccel Yazg\u0131n ve Nilg\u00fcn G\u00fcney\u2019in K\u00fclt\u00fcr Dairesi himayelerinde d\u00fczenlenecek sergileri, yeni y\u0131l\u0131n ilk haftalar\u0131nda Girne ve Gazima\u011fusa\u2019da sanatseverlerle bulu\u015facak. K\u00fclt\u00fcr Dairesi M\u00fcd\u00fcr\u00fc \u015eirin Zaima\u011fao\u011flu yaz\u0131l\u0131 a\u00e7\u0131klamas\u0131nda, t\u00fcm sanat\u00e7\u0131 ve sanatseverlerin yeni y\u0131l\u0131n\u0131 kutlad\u0131; \u201cYeni y\u0131la sanatla girelim, sanatta bulu\u015fal\u0131m ve sanats\u0131z kalmayal\u0131m!\u201d ifadelerini kulland\u0131. Zaima\u011fao\u011flu, K\u00fclt\u00fcr Dairesi himayelerinde a\u00e7acaklar\u0131 sergilerin detaylar\u0131n\u0131 da payla\u015ft\u0131. Zaima\u011fao\u011flu, YD\u00dc [&hellip;]","og_url":"https:\/\/kuzeyinsesi.org\/index.php\/2024\/12\/30\/yucel-yazgin-ve-nilgun-guneyin-sergileri-yeni-yilin-ilk-haftalarinda-girne-ve-gazimagusada-sanatseverlerle-bulusacak-2\/","og_site_name":"Kuzeyin Sesi","article_publisher":"https:\/\/www.facebook.com\/kuzeyinsesii","article_published_time":"2024-12-30T16:57:45+00:00","og_image":[{"url":"https:\/\/brtk.net\/wp-content\/uploads\/2024\/12\/30\/llllllllllllllllllllllllllllllll.jpg?ver=bfd52b81550f55e2ab80e8fced18ab04","type":"","width":"","height":""}],"author":"Kuzeyin Sesi","twitter_card":"summary_large_image","twitter_creator":"@kuzeyinsesii","twitter_site":"@kuzeyinsesii","twitter_misc":{"Yazan:":"Kuzeyin Sesi","Tahmini okuma s\u00fcresi":"1 dakika"},"schema":{"@context":"https:\/\/schema.org","@graph":[{"@type":"Article","@id":"https:\/\/kuzeyinsesi.org\/index.php\/2024\/12\/30\/yucel-yazgin-ve-nilgun-guneyin-sergileri-yeni-yilin-ilk-haftalarinda-girne-ve-gazimagusada-sanatseverlerle-bulusacak-2\/#article","isPartOf":{"@id":"https:\/\/kuzeyinsesi.org\/index.php\/2024\/12\/30\/yucel-yazgin-ve-nilgun-guneyin-sergileri-yeni-yilin-ilk-haftalarinda-girne-ve-gazimagusada-sanatseverlerle-bulusacak-2\/"},"author":{"name":"Kuzeyin Sesi","@id":"https:\/\/kuzeyinsesi.org\/#\/schema\/person\/9f859689cdf01485597712386e37f5aa"},"headline":"Y\u00fccel Yazg\u0131n ve Nilg\u00fcn G\u00fcney\u2019in sergileri, yeni y\u0131l\u0131n ilk haftalar\u0131nda Girne ve Gazima\u011fusa\u2019da sanatseverlerle bulu\u015facak","datePublished":"2024-12-30T16:57:45+00:00","mainEntityOfPage":{"@id":"https:\/\/kuzeyinsesi.org\/index.php\/2024\/12\/30\/yucel-yazgin-ve-nilgun-guneyin-sergileri-yeni-yilin-ilk-haftalarinda-girne-ve-gazimagusada-sanatseverlerle-bulusacak-2\/"},"wordCount":278,"commentCount":0,"image":{"@id":"https:\/\/kuzeyinsesi.org\/index.php\/2024\/12\/30\/yucel-yazgin-ve-nilgun-guneyin-sergileri-yeni-yilin-ilk-haftalarinda-girne-ve-gazimagusada-sanatseverlerle-bulusacak-2\/#primaryimage"},"thumbnailUrl":"https:\/\/kuzeyinsesi.org\/wp-content\/uploads\/2024\/12\/1735577871_llllllllllllllllllllllllllllllll.jpg","articleSection":["Ya\u015fam"],"inLanguage":"tr","potentialAction":[{"@type":"CommentAction","name":"Comment","target":["https:\/\/kuzeyinsesi.org\/index.php\/2024\/12\/30\/yucel-yazgin-ve-nilgun-guneyin-sergileri-yeni-yilin-ilk-haftalarinda-girne-ve-gazimagusada-sanatseverlerle-bulusacak-2\/#respond"]}]},{"@type":"WebPage","@id":"https:\/\/kuzeyinsesi.org\/index.php\/2024\/12\/30\/yucel-yazgin-ve-nilgun-guneyin-sergileri-yeni-yilin-ilk-haftalarinda-girne-ve-gazimagusada-sanatseverlerle-bulusacak-2\/","url":"https:\/\/kuzeyinsesi.org\/index.php\/2024\/12\/30\/yucel-yazgin-ve-nilgun-guneyin-sergileri-yeni-yilin-ilk-haftalarinda-girne-ve-gazimagusada-sanatseverlerle-bulusacak-2\/","name":"Y\u00fccel Yazg\u0131n ve Nilg\u00fcn G\u00fcney\u2019in sergileri, yeni y\u0131l\u0131n ilk haftalar\u0131nda Girne ve Gazima\u011fusa\u2019da sanatseverlerle bulu\u015facak - Kuzeyin Sesi","isPartOf":{"@id":"https:\/\/kuzeyinsesi.org\/#website"},"primaryImageOfPage":{"@id":"https:\/\/kuzeyinsesi.org\/index.php\/2024\/12\/30\/yucel-yazgin-ve-nilgun-guneyin-sergileri-yeni-yilin-ilk-haftalarinda-girne-ve-gazimagusada-sanatseverlerle-bulusacak-2\/#primaryimage"},"image":{"@id":"https:\/\/kuzeyinsesi.org\/index.php\/2024\/12\/30\/yucel-yazgin-ve-nilgun-guneyin-sergileri-yeni-yilin-ilk-haftalarinda-girne-ve-gazimagusada-sanatseverlerle-bulusacak-2\/#primaryimage"},"thumbnailUrl":"https:\/\/kuzeyinsesi.org\/wp-content\/uploads\/2024\/12\/1735577871_llllllllllllllllllllllllllllllll.jpg","datePublished":"2024-12-30T16:57:45+00:00","author":{"@id":"https:\/\/kuzeyinsesi.org\/#\/schema\/person\/9f859689cdf01485597712386e37f5aa"},"breadcrumb":{"@id":"https:\/\/kuzeyinsesi.org\/index.php\/2024\/12\/30\/yucel-yazgin-ve-nilgun-guneyin-sergileri-yeni-yilin-ilk-haftalarinda-girne-ve-gazimagusada-sanatseverlerle-bulusacak-2\/#breadcrumb"},"inLanguage":"tr","potentialAction":[{"@type":"ReadAction","target":["https:\/\/kuzeyinsesi.org\/index.php\/2024\/12\/30\/yucel-yazgin-ve-nilgun-guneyin-sergileri-yeni-yilin-ilk-haftalarinda-girne-ve-gazimagusada-sanatseverlerle-bulusacak-2\/"]}]},{"@type":"ImageObject","inLanguage":"tr","@id":"https:\/\/kuzeyinsesi.org\/index.php\/2024\/12\/30\/yucel-yazgin-ve-nilgun-guneyin-sergileri-yeni-yilin-ilk-haftalarinda-girne-ve-gazimagusada-sanatseverlerle-bulusacak-2\/#primaryimage","url":"https:\/\/kuzeyinsesi.org\/wp-content\/uploads\/2024\/12\/1735577871_llllllllllllllllllllllllllllllll.jpg","contentUrl":"https:\/\/kuzeyinsesi.org\/wp-content\/uploads\/2024\/12\/1735577871_llllllllllllllllllllllllllllllll.jpg","width":620,"height":350},{"@type":"BreadcrumbList","@id":"https:\/\/kuzeyinsesi.org\/index.php\/2024\/12\/30\/yucel-yazgin-ve-nilgun-guneyin-sergileri-yeni-yilin-ilk-haftalarinda-girne-ve-gazimagusada-sanatseverlerle-bulusacak-2\/#breadcrumb","itemListElement":[{"@type":"ListItem","position":1,"name":"Anasayfa","item":"https:\/\/kuzeyinsesi.org\/"},{"@type":"ListItem","position":2,"name":"Y\u00fccel Yazg\u0131n ve Nilg\u00fcn G\u00fcney\u2019in sergileri, yeni y\u0131l\u0131n ilk haftalar\u0131nda Girne ve Gazima\u011fusa\u2019da sanatseverlerle bulu\u015facak"}]},{"@type":"WebSite","@id":"https:\/\/kuzeyinsesi.org\/#website","url":"https:\/\/kuzeyinsesi.org\/","name":"Kuzeyin Sesi","description":"Do\u011fru Haberin Adresi","potentialAction":[{"@type":"SearchAction","target":{"@type":"EntryPoint","urlTemplate":"https:\/\/kuzeyinsesi.org\/?s={search_term_string}"},"query-input":{"@type":"PropertyValueSpecification","valueRequired":true,"valueName":"search_term_string"}}],"inLanguage":"tr"},{"@type":"Person","@id":"https:\/\/kuzeyinsesi.org\/#\/schema\/person\/9f859689cdf01485597712386e37f5aa","name":"Kuzeyin Sesi","image":{"@type":"ImageObject","inLanguage":"tr","@id":"https:\/\/secure.gravatar.com\/avatar\/bab33852abfd8b282518d6ed81826833d77c3c882d9ab608add591ccace47a44?s=96&d=mm&r=g","url":"https:\/\/secure.gravatar.com\/avatar\/bab33852abfd8b282518d6ed81826833d77c3c882d9ab608add591ccace47a44?s=96&d=mm&r=g","contentUrl":"https:\/\/secure.gravatar.com\/avatar\/bab33852abfd8b282518d6ed81826833d77c3c882d9ab608add591ccace47a44?s=96&d=mm&r=g","caption":"Kuzeyin Sesi"},"sameAs":["https:\/\/kuzeyinsesi.org"],"url":"https:\/\/kuzeyinsesi.org\/index.php\/author\/guven\/"}]}},"_links":{"self":[{"href":"https:\/\/kuzeyinsesi.org\/index.php\/wp-json\/wp\/v2\/posts\/16575","targetHints":{"allow":["GET"]}}],"collection":[{"href":"https:\/\/kuzeyinsesi.org\/index.php\/wp-json\/wp\/v2\/posts"}],"about":[{"href":"https:\/\/kuzeyinsesi.org\/index.php\/wp-json\/wp\/v2\/types\/post"}],"author":[{"embeddable":true,"href":"https:\/\/kuzeyinsesi.org\/index.php\/wp-json\/wp\/v2\/users\/1"}],"replies":[{"embeddable":true,"href":"https:\/\/kuzeyinsesi.org\/index.php\/wp-json\/wp\/v2\/comments?post=16575"}],"version-history":[{"count":0,"href":"https:\/\/kuzeyinsesi.org\/index.php\/wp-json\/wp\/v2\/posts\/16575\/revisions"}],"wp:featuredmedia":[{"embeddable":true,"href":"https:\/\/kuzeyinsesi.org\/index.php\/wp-json\/wp\/v2\/media\/16577"}],"wp:attachment":[{"href":"https:\/\/kuzeyinsesi.org\/index.php\/wp-json\/wp\/v2\/media?parent=16575"}],"wp:term":[{"taxonomy":"category","embeddable":true,"href":"https:\/\/kuzeyinsesi.org\/index.php\/wp-json\/wp\/v2\/categories?post=16575"},{"taxonomy":"post_tag","embeddable":true,"href":"https:\/\/kuzeyinsesi.org\/index.php\/wp-json\/wp\/v2\/tags?post=16575"}],"curies":[{"name":"wp","href":"https:\/\/api.w.org\/{rel}","templated":true}]}}