{"id":16537,"date":"2024-12-30T13:44:04","date_gmt":"2024-12-30T11:44:04","guid":{"rendered":"https:\/\/kuzeyinsesi.org\/index.php\/2024\/12\/30\/dau-ogretim-uyesi-gunceden-mimari-mirasin-korunmasina-yonelik-iki-kitap\/"},"modified":"2024-12-30T13:44:04","modified_gmt":"2024-12-30T11:44:04","slug":"dau-ogretim-uyesi-gunceden-mimari-mirasin-korunmasina-yonelik-iki-kitap","status":"publish","type":"post","link":"https:\/\/kuzeyinsesi.org\/index.php\/2024\/12\/30\/dau-ogretim-uyesi-gunceden-mimari-mirasin-korunmasina-yonelik-iki-kitap\/","title":{"rendered":"DA\u00dc \u00f6\u011fretim \u00fcyesi G\u00fcn\u00e7e\u2019den mimari miras\u0131n korunmas\u0131na y\u00f6nelik iki kitap"},"content":{"rendered":"<div>\n<div class=\"mariselle-image-container none\">\n                                            <\/div>\n<p>Do\u011fu Akdeniz \u00dcniversitesi (DA\u00dc) Mimarl\u0131k Fak\u00fcltesi \u00f6\u011fretim \u00fcyesi ve DA\u00dc Lisans\u00fcst\u00fc E\u011fitim, \u00d6\u011fretim ve Ara\u015ft\u0131rma Enstit\u00fcs\u00fc M\u00fcd\u00fcr Yard\u0131mc\u0131s\u0131 Prof. Dr. Ka\u011fan G\u00fcn\u00e7e\u2019nin koordinat\u00f6rl\u00fc\u011f\u00fcnde ve e\u015f-edit\u00f6rl\u00fc\u011f\u00fcnde \u201cConservation of Architectural Heritage: Soul of History\u201d ve \u201cConservation of Architectural Heritage: Traces of History\u201d isimli iki kitap yay\u0131mland\u0131.<\/p>\n<p>DA\u00dc\u2019den yap\u0131lan a\u00e7\u0131klamaya g\u00f6re, Journal of Architectural Sciences and Applications (JASA) ile IKSAD Yay\u0131nevi \u00e7at\u0131s\u0131 alt\u0131nda yay\u0131mlanan iki yeni uluslararas\u0131 kitap, mimari miras\u0131n korunmas\u0131na y\u00f6nelik katk\u0131 sunuyor.<\/p>\n<p>\u0130ngilizce dilinde ve k\u00f6r hakem sistemine dayal\u0131, Prof. Dr. Ka\u011fan G\u00fcn\u00e7e ve Do\u00e7. Dr. Damla M\u0131s\u0131rl\u0131soy\u2019un edit\u00f6rl\u00fc\u011f\u00fcnde haz\u0131rlanan kitaplar, mimari miras\u0131n korunmas\u0131na \u0131\u015f\u0131k tutarak ve yeni a\u00e7\u0131l\u0131mlar sunarak g\u00fcncel bir platform olu\u015fturmay\u0131 hedefliyor.<\/p>\n<\/p><\/div>\n<p><script async\n                    defer\n                    crossorigin=\"anonymous\"\n                    src=\"https:\/\/connect.facebook.net\/tr_TR\/sdk.js#xfbml=1&#038;version=v3.3\"\n            ><\/script><\/p>\n","protected":false},"excerpt":{"rendered":"<p>Do\u011fu Akdeniz \u00dcniversitesi (DA\u00dc) Mimarl\u0131k Fak\u00fcltesi \u00f6\u011fretim \u00fcyesi ve DA\u00dc Lisans\u00fcst\u00fc E\u011fitim, \u00d6\u011fretim ve Ara\u015ft\u0131rma Enstit\u00fcs\u00fc M\u00fcd\u00fcr Yard\u0131mc\u0131s\u0131 Prof. Dr. Ka\u011fan G\u00fcn\u00e7e\u2019nin koordinat\u00f6rl\u00fc\u011f\u00fcnde ve e\u015f-edit\u00f6rl\u00fc\u011f\u00fcnde \u201cConservation of Architectural Heritage: Soul of History\u201d ve \u201cConservation of Architectural Heritage: Traces of History\u201d isimli iki kitap yay\u0131mland\u0131. DA\u00dc\u2019den yap\u0131lan a\u00e7\u0131klamaya g\u00f6re, Journal of Architectural Sciences and Applications (JASA) [&hellip;]<\/p>\n","protected":false},"author":1,"featured_media":16538,"comment_status":"open","ping_status":"open","sticky":false,"template":"","format":"standard","meta":{"jnews-multi-image_gallery":[],"jnews_single_post":[],"jnews_primary_category":[],"jnews_social_meta":[],"jnews_override_counter":[],"footnotes":""},"categories":[6],"tags":[],"class_list":["post-16537","post","type-post","status-publish","format-standard","has-post-thumbnail","hentry","category-yasam"],"yoast_head":"<!-- This site is optimized with the Yoast SEO plugin v27.4 - https:\/\/yoast.com\/product\/yoast-seo-wordpress\/ -->\n<title>DA\u00dc \u00f6\u011fretim \u00fcyesi G\u00fcn\u00e7e\u2019den mimari miras\u0131n korunmas\u0131na y\u00f6nelik iki kitap - Kuzeyin Sesi<\/title>\n<meta name=\"robots\" content=\"index, follow, max-snippet:-1, max-image-preview:large, max-video-preview:-1\" \/>\n<link rel=\"canonical\" href=\"https:\/\/kuzeyinsesi.org\/index.php\/2024\/12\/30\/dau-ogretim-uyesi-gunceden-mimari-mirasin-korunmasina-yonelik-iki-kitap\/\" \/>\n<meta property=\"og:locale\" content=\"tr_TR\" \/>\n<meta property=\"og:type\" content=\"article\" \/>\n<meta property=\"og:title\" content=\"DA\u00dc \u00f6\u011fretim \u00fcyesi G\u00fcn\u00e7e\u2019den mimari miras\u0131n korunmas\u0131na y\u00f6nelik iki kitap - Kuzeyin Sesi\" \/>\n<meta property=\"og:description\" content=\"Do\u011fu Akdeniz \u00dcniversitesi (DA\u00dc) Mimarl\u0131k Fak\u00fcltesi \u00f6\u011fretim \u00fcyesi ve DA\u00dc Lisans\u00fcst\u00fc E\u011fitim, \u00d6\u011fretim ve Ara\u015ft\u0131rma Enstit\u00fcs\u00fc M\u00fcd\u00fcr Yard\u0131mc\u0131s\u0131 Prof. Dr. Ka\u011fan G\u00fcn\u00e7e\u2019nin koordinat\u00f6rl\u00fc\u011f\u00fcnde ve e\u015f-edit\u00f6rl\u00fc\u011f\u00fcnde \u201cConservation of Architectural Heritage: Soul of History\u201d ve \u201cConservation of Architectural Heritage: Traces of History\u201d isimli iki kitap yay\u0131mland\u0131. DA\u00dc\u2019den yap\u0131lan a\u00e7\u0131klamaya g\u00f6re, Journal of Architectural Sciences and Applications (JASA) [&hellip;]\" \/>\n<meta property=\"og:url\" content=\"https:\/\/kuzeyinsesi.org\/index.php\/2024\/12\/30\/dau-ogretim-uyesi-gunceden-mimari-mirasin-korunmasina-yonelik-iki-kitap\/\" \/>\n<meta property=\"og:site_name\" content=\"Kuzeyin Sesi\" \/>\n<meta property=\"article:publisher\" content=\"https:\/\/www.facebook.com\/kuzeyinsesii\" \/>\n<meta property=\"article:published_time\" content=\"2024-12-30T11:44:04+00:00\" \/>\n<meta property=\"og:image\" content=\"https:\/\/brtk.net\/wp-content\/uploads\/2024\/12\/30\/DAU-KITAP-1-1.jpeg?ver=dc04861ab5f55248dc7163aeb2f77cc0\" \/>\n<meta name=\"author\" content=\"Kuzeyin Sesi\" \/>\n<meta name=\"twitter:card\" content=\"summary_large_image\" \/>\n<meta name=\"twitter:creator\" content=\"@kuzeyinsesii\" \/>\n<meta name=\"twitter:site\" content=\"@kuzeyinsesii\" \/>\n<meta name=\"twitter:label1\" content=\"Yazan:\" \/>\n\t<meta name=\"twitter:data1\" content=\"Kuzeyin Sesi\" \/>\n\t<meta name=\"twitter:label2\" content=\"Tahmini okuma s\u00fcresi\" \/>\n\t<meta name=\"twitter:data2\" content=\"1 dakika\" \/>\n<script type=\"application\/ld+json\" class=\"yoast-schema-graph\">{\"@context\":\"https:\\\/\\\/schema.org\",\"@graph\":[{\"@type\":\"Article\",\"@id\":\"https:\\\/\\\/kuzeyinsesi.org\\\/index.php\\\/2024\\\/12\\\/30\\\/dau-ogretim-uyesi-gunceden-mimari-mirasin-korunmasina-yonelik-iki-kitap\\\/#article\",\"isPartOf\":{\"@id\":\"https:\\\/\\\/kuzeyinsesi.org\\\/index.php\\\/2024\\\/12\\\/30\\\/dau-ogretim-uyesi-gunceden-mimari-mirasin-korunmasina-yonelik-iki-kitap\\\/\"},\"author\":{\"name\":\"Kuzeyin Sesi\",\"@id\":\"https:\\\/\\\/kuzeyinsesi.org\\\/#\\\/schema\\\/person\\\/9f859689cdf01485597712386e37f5aa\"},\"headline\":\"DA\u00dc \u00f6\u011fretim \u00fcyesi G\u00fcn\u00e7e\u2019den mimari miras\u0131n korunmas\u0131na y\u00f6nelik iki kitap\",\"datePublished\":\"2024-12-30T11:44:04+00:00\",\"mainEntityOfPage\":{\"@id\":\"https:\\\/\\\/kuzeyinsesi.org\\\/index.php\\\/2024\\\/12\\\/30\\\/dau-ogretim-uyesi-gunceden-mimari-mirasin-korunmasina-yonelik-iki-kitap\\\/\"},\"wordCount\":170,\"commentCount\":0,\"image\":{\"@id\":\"https:\\\/\\\/kuzeyinsesi.org\\\/index.php\\\/2024\\\/12\\\/30\\\/dau-ogretim-uyesi-gunceden-mimari-mirasin-korunmasina-yonelik-iki-kitap\\\/#primaryimage\"},\"thumbnailUrl\":\"https:\\\/\\\/kuzeyinsesi.org\\\/wp-content\\\/uploads\\\/2024\\\/12\\\/DAU-KITAP-1-1.jpeg\",\"articleSection\":[\"Ya\u015fam\"],\"inLanguage\":\"tr\",\"potentialAction\":[{\"@type\":\"CommentAction\",\"name\":\"Comment\",\"target\":[\"https:\\\/\\\/kuzeyinsesi.org\\\/index.php\\\/2024\\\/12\\\/30\\\/dau-ogretim-uyesi-gunceden-mimari-mirasin-korunmasina-yonelik-iki-kitap\\\/#respond\"]}]},{\"@type\":\"WebPage\",\"@id\":\"https:\\\/\\\/kuzeyinsesi.org\\\/index.php\\\/2024\\\/12\\\/30\\\/dau-ogretim-uyesi-gunceden-mimari-mirasin-korunmasina-yonelik-iki-kitap\\\/\",\"url\":\"https:\\\/\\\/kuzeyinsesi.org\\\/index.php\\\/2024\\\/12\\\/30\\\/dau-ogretim-uyesi-gunceden-mimari-mirasin-korunmasina-yonelik-iki-kitap\\\/\",\"name\":\"DA\u00dc \u00f6\u011fretim \u00fcyesi G\u00fcn\u00e7e\u2019den mimari miras\u0131n korunmas\u0131na y\u00f6nelik iki kitap - Kuzeyin Sesi\",\"isPartOf\":{\"@id\":\"https:\\\/\\\/kuzeyinsesi.org\\\/#website\"},\"primaryImageOfPage\":{\"@id\":\"https:\\\/\\\/kuzeyinsesi.org\\\/index.php\\\/2024\\\/12\\\/30\\\/dau-ogretim-uyesi-gunceden-mimari-mirasin-korunmasina-yonelik-iki-kitap\\\/#primaryimage\"},\"image\":{\"@id\":\"https:\\\/\\\/kuzeyinsesi.org\\\/index.php\\\/2024\\\/12\\\/30\\\/dau-ogretim-uyesi-gunceden-mimari-mirasin-korunmasina-yonelik-iki-kitap\\\/#primaryimage\"},\"thumbnailUrl\":\"https:\\\/\\\/kuzeyinsesi.org\\\/wp-content\\\/uploads\\\/2024\\\/12\\\/DAU-KITAP-1-1.jpeg\",\"datePublished\":\"2024-12-30T11:44:04+00:00\",\"author\":{\"@id\":\"https:\\\/\\\/kuzeyinsesi.org\\\/#\\\/schema\\\/person\\\/9f859689cdf01485597712386e37f5aa\"},\"breadcrumb\":{\"@id\":\"https:\\\/\\\/kuzeyinsesi.org\\\/index.php\\\/2024\\\/12\\\/30\\\/dau-ogretim-uyesi-gunceden-mimari-mirasin-korunmasina-yonelik-iki-kitap\\\/#breadcrumb\"},\"inLanguage\":\"tr\",\"potentialAction\":[{\"@type\":\"ReadAction\",\"target\":[\"https:\\\/\\\/kuzeyinsesi.org\\\/index.php\\\/2024\\\/12\\\/30\\\/dau-ogretim-uyesi-gunceden-mimari-mirasin-korunmasina-yonelik-iki-kitap\\\/\"]}]},{\"@type\":\"ImageObject\",\"inLanguage\":\"tr\",\"@id\":\"https:\\\/\\\/kuzeyinsesi.org\\\/index.php\\\/2024\\\/12\\\/30\\\/dau-ogretim-uyesi-gunceden-mimari-mirasin-korunmasina-yonelik-iki-kitap\\\/#primaryimage\",\"url\":\"https:\\\/\\\/kuzeyinsesi.org\\\/wp-content\\\/uploads\\\/2024\\\/12\\\/DAU-KITAP-1-1.jpeg\",\"contentUrl\":\"https:\\\/\\\/kuzeyinsesi.org\\\/wp-content\\\/uploads\\\/2024\\\/12\\\/DAU-KITAP-1-1.jpeg\",\"width\":930,\"height\":410},{\"@type\":\"BreadcrumbList\",\"@id\":\"https:\\\/\\\/kuzeyinsesi.org\\\/index.php\\\/2024\\\/12\\\/30\\\/dau-ogretim-uyesi-gunceden-mimari-mirasin-korunmasina-yonelik-iki-kitap\\\/#breadcrumb\",\"itemListElement\":[{\"@type\":\"ListItem\",\"position\":1,\"name\":\"Anasayfa\",\"item\":\"https:\\\/\\\/kuzeyinsesi.org\\\/\"},{\"@type\":\"ListItem\",\"position\":2,\"name\":\"DA\u00dc \u00f6\u011fretim \u00fcyesi G\u00fcn\u00e7e\u2019den mimari miras\u0131n korunmas\u0131na y\u00f6nelik iki kitap\"}]},{\"@type\":\"WebSite\",\"@id\":\"https:\\\/\\\/kuzeyinsesi.org\\\/#website\",\"url\":\"https:\\\/\\\/kuzeyinsesi.org\\\/\",\"name\":\"Kuzeyin Sesi\",\"description\":\"Do\u011fru Haberin Adresi\",\"potentialAction\":[{\"@type\":\"SearchAction\",\"target\":{\"@type\":\"EntryPoint\",\"urlTemplate\":\"https:\\\/\\\/kuzeyinsesi.org\\\/?s={search_term_string}\"},\"query-input\":{\"@type\":\"PropertyValueSpecification\",\"valueRequired\":true,\"valueName\":\"search_term_string\"}}],\"inLanguage\":\"tr\"},{\"@type\":\"Person\",\"@id\":\"https:\\\/\\\/kuzeyinsesi.org\\\/#\\\/schema\\\/person\\\/9f859689cdf01485597712386e37f5aa\",\"name\":\"Kuzeyin Sesi\",\"image\":{\"@type\":\"ImageObject\",\"inLanguage\":\"tr\",\"@id\":\"https:\\\/\\\/secure.gravatar.com\\\/avatar\\\/bab33852abfd8b282518d6ed81826833d77c3c882d9ab608add591ccace47a44?s=96&d=mm&r=g\",\"url\":\"https:\\\/\\\/secure.gravatar.com\\\/avatar\\\/bab33852abfd8b282518d6ed81826833d77c3c882d9ab608add591ccace47a44?s=96&d=mm&r=g\",\"contentUrl\":\"https:\\\/\\\/secure.gravatar.com\\\/avatar\\\/bab33852abfd8b282518d6ed81826833d77c3c882d9ab608add591ccace47a44?s=96&d=mm&r=g\",\"caption\":\"Kuzeyin Sesi\"},\"sameAs\":[\"https:\\\/\\\/kuzeyinsesi.org\"],\"url\":\"https:\\\/\\\/kuzeyinsesi.org\\\/index.php\\\/author\\\/guven\\\/\"}]}<\/script>\n<!-- \/ Yoast SEO plugin. -->","yoast_head_json":{"title":"DA\u00dc \u00f6\u011fretim \u00fcyesi G\u00fcn\u00e7e\u2019den mimari miras\u0131n korunmas\u0131na y\u00f6nelik iki kitap - Kuzeyin Sesi","robots":{"index":"index","follow":"follow","max-snippet":"max-snippet:-1","max-image-preview":"max-image-preview:large","max-video-preview":"max-video-preview:-1"},"canonical":"https:\/\/kuzeyinsesi.org\/index.php\/2024\/12\/30\/dau-ogretim-uyesi-gunceden-mimari-mirasin-korunmasina-yonelik-iki-kitap\/","og_locale":"tr_TR","og_type":"article","og_title":"DA\u00dc \u00f6\u011fretim \u00fcyesi G\u00fcn\u00e7e\u2019den mimari miras\u0131n korunmas\u0131na y\u00f6nelik iki kitap - Kuzeyin Sesi","og_description":"Do\u011fu Akdeniz \u00dcniversitesi (DA\u00dc) Mimarl\u0131k Fak\u00fcltesi \u00f6\u011fretim \u00fcyesi ve DA\u00dc Lisans\u00fcst\u00fc E\u011fitim, \u00d6\u011fretim ve Ara\u015ft\u0131rma Enstit\u00fcs\u00fc M\u00fcd\u00fcr Yard\u0131mc\u0131s\u0131 Prof. Dr. Ka\u011fan G\u00fcn\u00e7e\u2019nin koordinat\u00f6rl\u00fc\u011f\u00fcnde ve e\u015f-edit\u00f6rl\u00fc\u011f\u00fcnde \u201cConservation of Architectural Heritage: Soul of History\u201d ve \u201cConservation of Architectural Heritage: Traces of History\u201d isimli iki kitap yay\u0131mland\u0131. DA\u00dc\u2019den yap\u0131lan a\u00e7\u0131klamaya g\u00f6re, Journal of Architectural Sciences and Applications (JASA) [&hellip;]","og_url":"https:\/\/kuzeyinsesi.org\/index.php\/2024\/12\/30\/dau-ogretim-uyesi-gunceden-mimari-mirasin-korunmasina-yonelik-iki-kitap\/","og_site_name":"Kuzeyin Sesi","article_publisher":"https:\/\/www.facebook.com\/kuzeyinsesii","article_published_time":"2024-12-30T11:44:04+00:00","og_image":[{"url":"https:\/\/brtk.net\/wp-content\/uploads\/2024\/12\/30\/DAU-KITAP-1-1.jpeg?ver=dc04861ab5f55248dc7163aeb2f77cc0","type":"","width":"","height":""}],"author":"Kuzeyin Sesi","twitter_card":"summary_large_image","twitter_creator":"@kuzeyinsesii","twitter_site":"@kuzeyinsesii","twitter_misc":{"Yazan:":"Kuzeyin Sesi","Tahmini okuma s\u00fcresi":"1 dakika"},"schema":{"@context":"https:\/\/schema.org","@graph":[{"@type":"Article","@id":"https:\/\/kuzeyinsesi.org\/index.php\/2024\/12\/30\/dau-ogretim-uyesi-gunceden-mimari-mirasin-korunmasina-yonelik-iki-kitap\/#article","isPartOf":{"@id":"https:\/\/kuzeyinsesi.org\/index.php\/2024\/12\/30\/dau-ogretim-uyesi-gunceden-mimari-mirasin-korunmasina-yonelik-iki-kitap\/"},"author":{"name":"Kuzeyin Sesi","@id":"https:\/\/kuzeyinsesi.org\/#\/schema\/person\/9f859689cdf01485597712386e37f5aa"},"headline":"DA\u00dc \u00f6\u011fretim \u00fcyesi G\u00fcn\u00e7e\u2019den mimari miras\u0131n korunmas\u0131na y\u00f6nelik iki kitap","datePublished":"2024-12-30T11:44:04+00:00","mainEntityOfPage":{"@id":"https:\/\/kuzeyinsesi.org\/index.php\/2024\/12\/30\/dau-ogretim-uyesi-gunceden-mimari-mirasin-korunmasina-yonelik-iki-kitap\/"},"wordCount":170,"commentCount":0,"image":{"@id":"https:\/\/kuzeyinsesi.org\/index.php\/2024\/12\/30\/dau-ogretim-uyesi-gunceden-mimari-mirasin-korunmasina-yonelik-iki-kitap\/#primaryimage"},"thumbnailUrl":"https:\/\/kuzeyinsesi.org\/wp-content\/uploads\/2024\/12\/DAU-KITAP-1-1.jpeg","articleSection":["Ya\u015fam"],"inLanguage":"tr","potentialAction":[{"@type":"CommentAction","name":"Comment","target":["https:\/\/kuzeyinsesi.org\/index.php\/2024\/12\/30\/dau-ogretim-uyesi-gunceden-mimari-mirasin-korunmasina-yonelik-iki-kitap\/#respond"]}]},{"@type":"WebPage","@id":"https:\/\/kuzeyinsesi.org\/index.php\/2024\/12\/30\/dau-ogretim-uyesi-gunceden-mimari-mirasin-korunmasina-yonelik-iki-kitap\/","url":"https:\/\/kuzeyinsesi.org\/index.php\/2024\/12\/30\/dau-ogretim-uyesi-gunceden-mimari-mirasin-korunmasina-yonelik-iki-kitap\/","name":"DA\u00dc \u00f6\u011fretim \u00fcyesi G\u00fcn\u00e7e\u2019den mimari miras\u0131n korunmas\u0131na y\u00f6nelik iki kitap - Kuzeyin Sesi","isPartOf":{"@id":"https:\/\/kuzeyinsesi.org\/#website"},"primaryImageOfPage":{"@id":"https:\/\/kuzeyinsesi.org\/index.php\/2024\/12\/30\/dau-ogretim-uyesi-gunceden-mimari-mirasin-korunmasina-yonelik-iki-kitap\/#primaryimage"},"image":{"@id":"https:\/\/kuzeyinsesi.org\/index.php\/2024\/12\/30\/dau-ogretim-uyesi-gunceden-mimari-mirasin-korunmasina-yonelik-iki-kitap\/#primaryimage"},"thumbnailUrl":"https:\/\/kuzeyinsesi.org\/wp-content\/uploads\/2024\/12\/DAU-KITAP-1-1.jpeg","datePublished":"2024-12-30T11:44:04+00:00","author":{"@id":"https:\/\/kuzeyinsesi.org\/#\/schema\/person\/9f859689cdf01485597712386e37f5aa"},"breadcrumb":{"@id":"https:\/\/kuzeyinsesi.org\/index.php\/2024\/12\/30\/dau-ogretim-uyesi-gunceden-mimari-mirasin-korunmasina-yonelik-iki-kitap\/#breadcrumb"},"inLanguage":"tr","potentialAction":[{"@type":"ReadAction","target":["https:\/\/kuzeyinsesi.org\/index.php\/2024\/12\/30\/dau-ogretim-uyesi-gunceden-mimari-mirasin-korunmasina-yonelik-iki-kitap\/"]}]},{"@type":"ImageObject","inLanguage":"tr","@id":"https:\/\/kuzeyinsesi.org\/index.php\/2024\/12\/30\/dau-ogretim-uyesi-gunceden-mimari-mirasin-korunmasina-yonelik-iki-kitap\/#primaryimage","url":"https:\/\/kuzeyinsesi.org\/wp-content\/uploads\/2024\/12\/DAU-KITAP-1-1.jpeg","contentUrl":"https:\/\/kuzeyinsesi.org\/wp-content\/uploads\/2024\/12\/DAU-KITAP-1-1.jpeg","width":930,"height":410},{"@type":"BreadcrumbList","@id":"https:\/\/kuzeyinsesi.org\/index.php\/2024\/12\/30\/dau-ogretim-uyesi-gunceden-mimari-mirasin-korunmasina-yonelik-iki-kitap\/#breadcrumb","itemListElement":[{"@type":"ListItem","position":1,"name":"Anasayfa","item":"https:\/\/kuzeyinsesi.org\/"},{"@type":"ListItem","position":2,"name":"DA\u00dc \u00f6\u011fretim \u00fcyesi G\u00fcn\u00e7e\u2019den mimari miras\u0131n korunmas\u0131na y\u00f6nelik iki kitap"}]},{"@type":"WebSite","@id":"https:\/\/kuzeyinsesi.org\/#website","url":"https:\/\/kuzeyinsesi.org\/","name":"Kuzeyin Sesi","description":"Do\u011fru Haberin Adresi","potentialAction":[{"@type":"SearchAction","target":{"@type":"EntryPoint","urlTemplate":"https:\/\/kuzeyinsesi.org\/?s={search_term_string}"},"query-input":{"@type":"PropertyValueSpecification","valueRequired":true,"valueName":"search_term_string"}}],"inLanguage":"tr"},{"@type":"Person","@id":"https:\/\/kuzeyinsesi.org\/#\/schema\/person\/9f859689cdf01485597712386e37f5aa","name":"Kuzeyin Sesi","image":{"@type":"ImageObject","inLanguage":"tr","@id":"https:\/\/secure.gravatar.com\/avatar\/bab33852abfd8b282518d6ed81826833d77c3c882d9ab608add591ccace47a44?s=96&d=mm&r=g","url":"https:\/\/secure.gravatar.com\/avatar\/bab33852abfd8b282518d6ed81826833d77c3c882d9ab608add591ccace47a44?s=96&d=mm&r=g","contentUrl":"https:\/\/secure.gravatar.com\/avatar\/bab33852abfd8b282518d6ed81826833d77c3c882d9ab608add591ccace47a44?s=96&d=mm&r=g","caption":"Kuzeyin Sesi"},"sameAs":["https:\/\/kuzeyinsesi.org"],"url":"https:\/\/kuzeyinsesi.org\/index.php\/author\/guven\/"}]}},"_links":{"self":[{"href":"https:\/\/kuzeyinsesi.org\/index.php\/wp-json\/wp\/v2\/posts\/16537","targetHints":{"allow":["GET"]}}],"collection":[{"href":"https:\/\/kuzeyinsesi.org\/index.php\/wp-json\/wp\/v2\/posts"}],"about":[{"href":"https:\/\/kuzeyinsesi.org\/index.php\/wp-json\/wp\/v2\/types\/post"}],"author":[{"embeddable":true,"href":"https:\/\/kuzeyinsesi.org\/index.php\/wp-json\/wp\/v2\/users\/1"}],"replies":[{"embeddable":true,"href":"https:\/\/kuzeyinsesi.org\/index.php\/wp-json\/wp\/v2\/comments?post=16537"}],"version-history":[{"count":0,"href":"https:\/\/kuzeyinsesi.org\/index.php\/wp-json\/wp\/v2\/posts\/16537\/revisions"}],"wp:featuredmedia":[{"embeddable":true,"href":"https:\/\/kuzeyinsesi.org\/index.php\/wp-json\/wp\/v2\/media\/16538"}],"wp:attachment":[{"href":"https:\/\/kuzeyinsesi.org\/index.php\/wp-json\/wp\/v2\/media?parent=16537"}],"wp:term":[{"taxonomy":"category","embeddable":true,"href":"https:\/\/kuzeyinsesi.org\/index.php\/wp-json\/wp\/v2\/categories?post=16537"},{"taxonomy":"post_tag","embeddable":true,"href":"https:\/\/kuzeyinsesi.org\/index.php\/wp-json\/wp\/v2\/tags?post=16537"}],"curies":[{"name":"wp","href":"https:\/\/api.w.org\/{rel}","templated":true}]}}