{"id":16515,"date":"2024-12-29T15:01:54","date_gmt":"2024-12-29T13:01:54","guid":{"rendered":"https:\/\/kuzeyinsesi.org\/index.php\/2024\/12\/29\/daude-kadina-siddet-temali-tiyatro-oyunu-uyanis-yasayan-oluler-sahnelendi\/"},"modified":"2024-12-29T15:01:54","modified_gmt":"2024-12-29T13:01:54","slug":"daude-kadina-siddet-temali-tiyatro-oyunu-uyanis-yasayan-oluler-sahnelendi","status":"publish","type":"post","link":"https:\/\/kuzeyinsesi.org\/index.php\/2024\/12\/29\/daude-kadina-siddet-temali-tiyatro-oyunu-uyanis-yasayan-oluler-sahnelendi\/","title":{"rendered":"DA\u00dc\u2019de kad\u0131na \u015fiddet temal\u0131 tiyatro oyunu \u201cUyan\u0131\u015f-Ya\u015fayan \u00d6l\u00fcler\u201d sahnelendi"},"content":{"rendered":"<div>\n<div class=\"mariselle-image-container center\">\n                                            <\/div>\n<p>Do\u011fu Akdeniz \u00dcniversitesi (DA\u00dc) Turizm Fak\u00fcltesi ve Toplumsal Duyarl\u0131l\u0131k Merkezi i\u015f birli\u011fi ile DA\u00dc Tiyatro Toplulu\u011fu ve DA\u00dc M\u00fczik Kul\u00fcb\u00fc katk\u0131lar\u0131yla kad\u0131na y\u00f6nelik \u015fiddet konusunu ele alan \u201cUyan\u0131\u015f- Ya\u015fayan \u00d6l\u00fcler\u201d isimli k\u0131sa tiyatro oyunu sahnelendi.<\/p>\n<p>DA\u00dc\u2019den verilen bilgiye g\u00f6re, DA\u00dc Aktivite Merkezi Tiyatro Salonu\u2019nda sahnelenen oyun, toplumsal fark\u0131ndal\u0131k yaratmay\u0131 ama\u00e7layan bir sosyal sorumluluk projesi olarak sunuldu.<\/p>\n<p>Etkinli\u011fe, DA\u00dc Turizm Fak\u00fcltesi Dekan Yard\u0131mc\u0131s\u0131 Yrd. Do\u00e7. Dr. \u0130lkay Yorganc\u0131 Maloney, DA\u00dc Bilgi Y\u00f6netimi ve Hizmetleri \u015eube Amiri Cemal K\u0131l\u0131\u00e7, TDM Ba\u015fkan\u0131 Yrd. Do\u00e7. Dr. Nazenin Ruso Kandemir, DA\u00dc \u00f6\u011fretim \u00fcyeleri ve personeli, ultrAslan Uni-Do\u011fu Akdeniz Kul\u00fcb\u00fc ve DA\u00dc \u00f6\u011frencileri kat\u0131ld\u0131.<\/p>\n<p>Oyunun yazarl\u0131\u011f\u0131n\u0131 B\u00fc\u015fra K\u00f6seo\u011flu Tatl\u0131, proje koordinat\u00f6rl\u00fc\u011f\u00fcn\u00fc ise TDM Ba\u015fkan\u0131 Yrd. Do\u00e7. Dr. Nazenin Ruso Kandemir \u00fcstlendi. M\u00fczikal t\u00fcrde haz\u0131rlanan oyunda, DA\u00dc Gastronomi ve Mutfak Sanatlar\u0131 B\u00f6l\u00fcm\u00fc \u00f6\u011frencisi Berfin Sevimli, \u201cSar\u0131 Gelin\u201d ve \u201c\u00dcnzile\u201d gibi \u015fark\u0131lar\u0131 seslendirdi.<\/p>\n<p>T\u00fcrkiye ve Kuzey K\u0131br\u0131s\u2019ta bu y\u0131l 400\u2019\u00fc a\u015fan kad\u0131n cinayetlerine dikkat \u00e7ekilen oyunun finalinde, oyuncular sahneye kad\u0131na \u015fiddeti protesto eden pankartlarla \u00e7\u0131kt\u0131. Bunun yan\u0131 s\u0131ra, katledilen kad\u0131nlar\u0131n isimleri ve foto\u011fraflar\u0131 slayt g\u00f6sterisi e\u015fli\u011finde ekrana yans\u0131t\u0131larak fark\u0131ndal\u0131k yaratma hedeflendi.<\/p>\n<p>DA\u00dc Turizm Fak\u00fcltesi Dekan Yard\u0131mc\u0131s\u0131 Yrd. Do\u00e7. Dr. \u0130lkay Yorganc\u0131 Maloney, g\u00f6steri sonunda oyunculara ve projede eme\u011fi ge\u00e7enlere te\u015fekk\u00fcr ederek, katk\u0131da bulunanlara sertifikalar\u0131n\u0131 takdim etti.<\/p>\n<\/p><\/div>\n<p><script async\n                    defer\n                    crossorigin=\"anonymous\"\n                    src=\"https:\/\/connect.facebook.net\/tr_TR\/sdk.js#xfbml=1&#038;version=v3.3\"\n            ><\/script><\/p>\n","protected":false},"excerpt":{"rendered":"<p>Do\u011fu Akdeniz \u00dcniversitesi (DA\u00dc) Turizm Fak\u00fcltesi ve Toplumsal Duyarl\u0131l\u0131k Merkezi i\u015f birli\u011fi ile DA\u00dc Tiyatro Toplulu\u011fu ve DA\u00dc M\u00fczik Kul\u00fcb\u00fc katk\u0131lar\u0131yla kad\u0131na y\u00f6nelik \u015fiddet konusunu ele alan \u201cUyan\u0131\u015f- Ya\u015fayan \u00d6l\u00fcler\u201d isimli k\u0131sa tiyatro oyunu sahnelendi. DA\u00dc\u2019den verilen bilgiye g\u00f6re, DA\u00dc Aktivite Merkezi Tiyatro Salonu\u2019nda sahnelenen oyun, toplumsal fark\u0131ndal\u0131k yaratmay\u0131 ama\u00e7layan bir sosyal sorumluluk projesi olarak [&hellip;]<\/p>\n","protected":false},"author":1,"featured_media":16516,"comment_status":"open","ping_status":"open","sticky":false,"template":"","format":"standard","meta":{"jnews-multi-image_gallery":[],"jnews_single_post":[],"jnews_primary_category":[],"jnews_social_meta":[],"jnews_override_counter":[],"footnotes":""},"categories":[6],"tags":[],"class_list":["post-16515","post","type-post","status-publish","format-standard","has-post-thumbnail","hentry","category-yasam"],"yoast_head":"<!-- This site is optimized with the Yoast SEO plugin v27.4 - https:\/\/yoast.com\/product\/yoast-seo-wordpress\/ -->\n<title>DA\u00dc\u2019de kad\u0131na \u015fiddet temal\u0131 tiyatro oyunu \u201cUyan\u0131\u015f-Ya\u015fayan \u00d6l\u00fcler\u201d sahnelendi - Kuzeyin Sesi<\/title>\n<meta name=\"robots\" content=\"index, follow, max-snippet:-1, max-image-preview:large, max-video-preview:-1\" \/>\n<link rel=\"canonical\" href=\"https:\/\/kuzeyinsesi.org\/index.php\/2024\/12\/29\/daude-kadina-siddet-temali-tiyatro-oyunu-uyanis-yasayan-oluler-sahnelendi\/\" \/>\n<meta property=\"og:locale\" content=\"tr_TR\" \/>\n<meta property=\"og:type\" content=\"article\" \/>\n<meta property=\"og:title\" content=\"DA\u00dc\u2019de kad\u0131na \u015fiddet temal\u0131 tiyatro oyunu \u201cUyan\u0131\u015f-Ya\u015fayan \u00d6l\u00fcler\u201d sahnelendi - Kuzeyin Sesi\" \/>\n<meta property=\"og:description\" content=\"Do\u011fu Akdeniz \u00dcniversitesi (DA\u00dc) Turizm Fak\u00fcltesi ve Toplumsal Duyarl\u0131l\u0131k Merkezi i\u015f birli\u011fi ile DA\u00dc Tiyatro Toplulu\u011fu ve DA\u00dc M\u00fczik Kul\u00fcb\u00fc katk\u0131lar\u0131yla kad\u0131na y\u00f6nelik \u015fiddet konusunu ele alan \u201cUyan\u0131\u015f- Ya\u015fayan \u00d6l\u00fcler\u201d isimli k\u0131sa tiyatro oyunu sahnelendi. DA\u00dc\u2019den verilen bilgiye g\u00f6re, DA\u00dc Aktivite Merkezi Tiyatro Salonu\u2019nda sahnelenen oyun, toplumsal fark\u0131ndal\u0131k yaratmay\u0131 ama\u00e7layan bir sosyal sorumluluk projesi olarak [&hellip;]\" \/>\n<meta property=\"og:url\" content=\"https:\/\/kuzeyinsesi.org\/index.php\/2024\/12\/29\/daude-kadina-siddet-temali-tiyatro-oyunu-uyanis-yasayan-oluler-sahnelendi\/\" \/>\n<meta property=\"og:site_name\" content=\"Kuzeyin Sesi\" \/>\n<meta property=\"article:publisher\" content=\"https:\/\/www.facebook.com\/kuzeyinsesii\" \/>\n<meta property=\"article:published_time\" content=\"2024-12-29T13:01:54+00:00\" \/>\n<meta property=\"og:image\" content=\"https:\/\/brtk.net\/wp-content\/uploads\/2024\/12\/29\/1735461557458DAU.jpg.jpeg?ver=c0e05e342077b553fa95c3f71fe45d77\" \/>\n<meta name=\"author\" content=\"Kuzeyin Sesi\" \/>\n<meta name=\"twitter:card\" content=\"summary_large_image\" \/>\n<meta name=\"twitter:creator\" content=\"@kuzeyinsesii\" \/>\n<meta name=\"twitter:site\" content=\"@kuzeyinsesii\" \/>\n<meta name=\"twitter:label1\" content=\"Yazan:\" \/>\n\t<meta name=\"twitter:data1\" content=\"Kuzeyin Sesi\" \/>\n\t<meta name=\"twitter:label2\" content=\"Tahmini okuma s\u00fcresi\" \/>\n\t<meta name=\"twitter:data2\" content=\"1 dakika\" \/>\n<script type=\"application\/ld+json\" class=\"yoast-schema-graph\">{\"@context\":\"https:\\\/\\\/schema.org\",\"@graph\":[{\"@type\":\"Article\",\"@id\":\"https:\\\/\\\/kuzeyinsesi.org\\\/index.php\\\/2024\\\/12\\\/29\\\/daude-kadina-siddet-temali-tiyatro-oyunu-uyanis-yasayan-oluler-sahnelendi\\\/#article\",\"isPartOf\":{\"@id\":\"https:\\\/\\\/kuzeyinsesi.org\\\/index.php\\\/2024\\\/12\\\/29\\\/daude-kadina-siddet-temali-tiyatro-oyunu-uyanis-yasayan-oluler-sahnelendi\\\/\"},\"author\":{\"name\":\"Kuzeyin Sesi\",\"@id\":\"https:\\\/\\\/kuzeyinsesi.org\\\/#\\\/schema\\\/person\\\/9f859689cdf01485597712386e37f5aa\"},\"headline\":\"DA\u00dc\u2019de kad\u0131na \u015fiddet temal\u0131 tiyatro oyunu \u201cUyan\u0131\u015f-Ya\u015fayan \u00d6l\u00fcler\u201d sahnelendi\",\"datePublished\":\"2024-12-29T13:01:54+00:00\",\"mainEntityOfPage\":{\"@id\":\"https:\\\/\\\/kuzeyinsesi.org\\\/index.php\\\/2024\\\/12\\\/29\\\/daude-kadina-siddet-temali-tiyatro-oyunu-uyanis-yasayan-oluler-sahnelendi\\\/\"},\"wordCount\":285,\"commentCount\":0,\"image\":{\"@id\":\"https:\\\/\\\/kuzeyinsesi.org\\\/index.php\\\/2024\\\/12\\\/29\\\/daude-kadina-siddet-temali-tiyatro-oyunu-uyanis-yasayan-oluler-sahnelendi\\\/#primaryimage\"},\"thumbnailUrl\":\"https:\\\/\\\/kuzeyinsesi.org\\\/wp-content\\\/uploads\\\/2024\\\/12\\\/1735461557458DAU.jpg.jpeg\",\"articleSection\":[\"Ya\u015fam\"],\"inLanguage\":\"tr\",\"potentialAction\":[{\"@type\":\"CommentAction\",\"name\":\"Comment\",\"target\":[\"https:\\\/\\\/kuzeyinsesi.org\\\/index.php\\\/2024\\\/12\\\/29\\\/daude-kadina-siddet-temali-tiyatro-oyunu-uyanis-yasayan-oluler-sahnelendi\\\/#respond\"]}]},{\"@type\":\"WebPage\",\"@id\":\"https:\\\/\\\/kuzeyinsesi.org\\\/index.php\\\/2024\\\/12\\\/29\\\/daude-kadina-siddet-temali-tiyatro-oyunu-uyanis-yasayan-oluler-sahnelendi\\\/\",\"url\":\"https:\\\/\\\/kuzeyinsesi.org\\\/index.php\\\/2024\\\/12\\\/29\\\/daude-kadina-siddet-temali-tiyatro-oyunu-uyanis-yasayan-oluler-sahnelendi\\\/\",\"name\":\"DA\u00dc\u2019de kad\u0131na \u015fiddet temal\u0131 tiyatro oyunu \u201cUyan\u0131\u015f-Ya\u015fayan \u00d6l\u00fcler\u201d sahnelendi - Kuzeyin Sesi\",\"isPartOf\":{\"@id\":\"https:\\\/\\\/kuzeyinsesi.org\\\/#website\"},\"primaryImageOfPage\":{\"@id\":\"https:\\\/\\\/kuzeyinsesi.org\\\/index.php\\\/2024\\\/12\\\/29\\\/daude-kadina-siddet-temali-tiyatro-oyunu-uyanis-yasayan-oluler-sahnelendi\\\/#primaryimage\"},\"image\":{\"@id\":\"https:\\\/\\\/kuzeyinsesi.org\\\/index.php\\\/2024\\\/12\\\/29\\\/daude-kadina-siddet-temali-tiyatro-oyunu-uyanis-yasayan-oluler-sahnelendi\\\/#primaryimage\"},\"thumbnailUrl\":\"https:\\\/\\\/kuzeyinsesi.org\\\/wp-content\\\/uploads\\\/2024\\\/12\\\/1735461557458DAU.jpg.jpeg\",\"datePublished\":\"2024-12-29T13:01:54+00:00\",\"author\":{\"@id\":\"https:\\\/\\\/kuzeyinsesi.org\\\/#\\\/schema\\\/person\\\/9f859689cdf01485597712386e37f5aa\"},\"breadcrumb\":{\"@id\":\"https:\\\/\\\/kuzeyinsesi.org\\\/index.php\\\/2024\\\/12\\\/29\\\/daude-kadina-siddet-temali-tiyatro-oyunu-uyanis-yasayan-oluler-sahnelendi\\\/#breadcrumb\"},\"inLanguage\":\"tr\",\"potentialAction\":[{\"@type\":\"ReadAction\",\"target\":[\"https:\\\/\\\/kuzeyinsesi.org\\\/index.php\\\/2024\\\/12\\\/29\\\/daude-kadina-siddet-temali-tiyatro-oyunu-uyanis-yasayan-oluler-sahnelendi\\\/\"]}]},{\"@type\":\"ImageObject\",\"inLanguage\":\"tr\",\"@id\":\"https:\\\/\\\/kuzeyinsesi.org\\\/index.php\\\/2024\\\/12\\\/29\\\/daude-kadina-siddet-temali-tiyatro-oyunu-uyanis-yasayan-oluler-sahnelendi\\\/#primaryimage\",\"url\":\"https:\\\/\\\/kuzeyinsesi.org\\\/wp-content\\\/uploads\\\/2024\\\/12\\\/1735461557458DAU.jpg.jpeg\",\"contentUrl\":\"https:\\\/\\\/kuzeyinsesi.org\\\/wp-content\\\/uploads\\\/2024\\\/12\\\/1735461557458DAU.jpg.jpeg\",\"width\":1800,\"height\":1350},{\"@type\":\"BreadcrumbList\",\"@id\":\"https:\\\/\\\/kuzeyinsesi.org\\\/index.php\\\/2024\\\/12\\\/29\\\/daude-kadina-siddet-temali-tiyatro-oyunu-uyanis-yasayan-oluler-sahnelendi\\\/#breadcrumb\",\"itemListElement\":[{\"@type\":\"ListItem\",\"position\":1,\"name\":\"Anasayfa\",\"item\":\"https:\\\/\\\/kuzeyinsesi.org\\\/\"},{\"@type\":\"ListItem\",\"position\":2,\"name\":\"DA\u00dc\u2019de kad\u0131na \u015fiddet temal\u0131 tiyatro oyunu \u201cUyan\u0131\u015f-Ya\u015fayan \u00d6l\u00fcler\u201d sahnelendi\"}]},{\"@type\":\"WebSite\",\"@id\":\"https:\\\/\\\/kuzeyinsesi.org\\\/#website\",\"url\":\"https:\\\/\\\/kuzeyinsesi.org\\\/\",\"name\":\"Kuzeyin Sesi\",\"description\":\"Do\u011fru Haberin Adresi\",\"potentialAction\":[{\"@type\":\"SearchAction\",\"target\":{\"@type\":\"EntryPoint\",\"urlTemplate\":\"https:\\\/\\\/kuzeyinsesi.org\\\/?s={search_term_string}\"},\"query-input\":{\"@type\":\"PropertyValueSpecification\",\"valueRequired\":true,\"valueName\":\"search_term_string\"}}],\"inLanguage\":\"tr\"},{\"@type\":\"Person\",\"@id\":\"https:\\\/\\\/kuzeyinsesi.org\\\/#\\\/schema\\\/person\\\/9f859689cdf01485597712386e37f5aa\",\"name\":\"Kuzeyin Sesi\",\"image\":{\"@type\":\"ImageObject\",\"inLanguage\":\"tr\",\"@id\":\"https:\\\/\\\/secure.gravatar.com\\\/avatar\\\/bab33852abfd8b282518d6ed81826833d77c3c882d9ab608add591ccace47a44?s=96&d=mm&r=g\",\"url\":\"https:\\\/\\\/secure.gravatar.com\\\/avatar\\\/bab33852abfd8b282518d6ed81826833d77c3c882d9ab608add591ccace47a44?s=96&d=mm&r=g\",\"contentUrl\":\"https:\\\/\\\/secure.gravatar.com\\\/avatar\\\/bab33852abfd8b282518d6ed81826833d77c3c882d9ab608add591ccace47a44?s=96&d=mm&r=g\",\"caption\":\"Kuzeyin Sesi\"},\"sameAs\":[\"https:\\\/\\\/kuzeyinsesi.org\"],\"url\":\"https:\\\/\\\/kuzeyinsesi.org\\\/index.php\\\/author\\\/guven\\\/\"}]}<\/script>\n<!-- \/ Yoast SEO plugin. -->","yoast_head_json":{"title":"DA\u00dc\u2019de kad\u0131na \u015fiddet temal\u0131 tiyatro oyunu \u201cUyan\u0131\u015f-Ya\u015fayan \u00d6l\u00fcler\u201d sahnelendi - Kuzeyin Sesi","robots":{"index":"index","follow":"follow","max-snippet":"max-snippet:-1","max-image-preview":"max-image-preview:large","max-video-preview":"max-video-preview:-1"},"canonical":"https:\/\/kuzeyinsesi.org\/index.php\/2024\/12\/29\/daude-kadina-siddet-temali-tiyatro-oyunu-uyanis-yasayan-oluler-sahnelendi\/","og_locale":"tr_TR","og_type":"article","og_title":"DA\u00dc\u2019de kad\u0131na \u015fiddet temal\u0131 tiyatro oyunu \u201cUyan\u0131\u015f-Ya\u015fayan \u00d6l\u00fcler\u201d sahnelendi - Kuzeyin Sesi","og_description":"Do\u011fu Akdeniz \u00dcniversitesi (DA\u00dc) Turizm Fak\u00fcltesi ve Toplumsal Duyarl\u0131l\u0131k Merkezi i\u015f birli\u011fi ile DA\u00dc Tiyatro Toplulu\u011fu ve DA\u00dc M\u00fczik Kul\u00fcb\u00fc katk\u0131lar\u0131yla kad\u0131na y\u00f6nelik \u015fiddet konusunu ele alan \u201cUyan\u0131\u015f- Ya\u015fayan \u00d6l\u00fcler\u201d isimli k\u0131sa tiyatro oyunu sahnelendi. DA\u00dc\u2019den verilen bilgiye g\u00f6re, DA\u00dc Aktivite Merkezi Tiyatro Salonu\u2019nda sahnelenen oyun, toplumsal fark\u0131ndal\u0131k yaratmay\u0131 ama\u00e7layan bir sosyal sorumluluk projesi olarak [&hellip;]","og_url":"https:\/\/kuzeyinsesi.org\/index.php\/2024\/12\/29\/daude-kadina-siddet-temali-tiyatro-oyunu-uyanis-yasayan-oluler-sahnelendi\/","og_site_name":"Kuzeyin Sesi","article_publisher":"https:\/\/www.facebook.com\/kuzeyinsesii","article_published_time":"2024-12-29T13:01:54+00:00","og_image":[{"url":"https:\/\/brtk.net\/wp-content\/uploads\/2024\/12\/29\/1735461557458DAU.jpg.jpeg?ver=c0e05e342077b553fa95c3f71fe45d77","type":"","width":"","height":""}],"author":"Kuzeyin Sesi","twitter_card":"summary_large_image","twitter_creator":"@kuzeyinsesii","twitter_site":"@kuzeyinsesii","twitter_misc":{"Yazan:":"Kuzeyin Sesi","Tahmini okuma s\u00fcresi":"1 dakika"},"schema":{"@context":"https:\/\/schema.org","@graph":[{"@type":"Article","@id":"https:\/\/kuzeyinsesi.org\/index.php\/2024\/12\/29\/daude-kadina-siddet-temali-tiyatro-oyunu-uyanis-yasayan-oluler-sahnelendi\/#article","isPartOf":{"@id":"https:\/\/kuzeyinsesi.org\/index.php\/2024\/12\/29\/daude-kadina-siddet-temali-tiyatro-oyunu-uyanis-yasayan-oluler-sahnelendi\/"},"author":{"name":"Kuzeyin Sesi","@id":"https:\/\/kuzeyinsesi.org\/#\/schema\/person\/9f859689cdf01485597712386e37f5aa"},"headline":"DA\u00dc\u2019de kad\u0131na \u015fiddet temal\u0131 tiyatro oyunu \u201cUyan\u0131\u015f-Ya\u015fayan \u00d6l\u00fcler\u201d sahnelendi","datePublished":"2024-12-29T13:01:54+00:00","mainEntityOfPage":{"@id":"https:\/\/kuzeyinsesi.org\/index.php\/2024\/12\/29\/daude-kadina-siddet-temali-tiyatro-oyunu-uyanis-yasayan-oluler-sahnelendi\/"},"wordCount":285,"commentCount":0,"image":{"@id":"https:\/\/kuzeyinsesi.org\/index.php\/2024\/12\/29\/daude-kadina-siddet-temali-tiyatro-oyunu-uyanis-yasayan-oluler-sahnelendi\/#primaryimage"},"thumbnailUrl":"https:\/\/kuzeyinsesi.org\/wp-content\/uploads\/2024\/12\/1735461557458DAU.jpg.jpeg","articleSection":["Ya\u015fam"],"inLanguage":"tr","potentialAction":[{"@type":"CommentAction","name":"Comment","target":["https:\/\/kuzeyinsesi.org\/index.php\/2024\/12\/29\/daude-kadina-siddet-temali-tiyatro-oyunu-uyanis-yasayan-oluler-sahnelendi\/#respond"]}]},{"@type":"WebPage","@id":"https:\/\/kuzeyinsesi.org\/index.php\/2024\/12\/29\/daude-kadina-siddet-temali-tiyatro-oyunu-uyanis-yasayan-oluler-sahnelendi\/","url":"https:\/\/kuzeyinsesi.org\/index.php\/2024\/12\/29\/daude-kadina-siddet-temali-tiyatro-oyunu-uyanis-yasayan-oluler-sahnelendi\/","name":"DA\u00dc\u2019de kad\u0131na \u015fiddet temal\u0131 tiyatro oyunu \u201cUyan\u0131\u015f-Ya\u015fayan \u00d6l\u00fcler\u201d sahnelendi - Kuzeyin Sesi","isPartOf":{"@id":"https:\/\/kuzeyinsesi.org\/#website"},"primaryImageOfPage":{"@id":"https:\/\/kuzeyinsesi.org\/index.php\/2024\/12\/29\/daude-kadina-siddet-temali-tiyatro-oyunu-uyanis-yasayan-oluler-sahnelendi\/#primaryimage"},"image":{"@id":"https:\/\/kuzeyinsesi.org\/index.php\/2024\/12\/29\/daude-kadina-siddet-temali-tiyatro-oyunu-uyanis-yasayan-oluler-sahnelendi\/#primaryimage"},"thumbnailUrl":"https:\/\/kuzeyinsesi.org\/wp-content\/uploads\/2024\/12\/1735461557458DAU.jpg.jpeg","datePublished":"2024-12-29T13:01:54+00:00","author":{"@id":"https:\/\/kuzeyinsesi.org\/#\/schema\/person\/9f859689cdf01485597712386e37f5aa"},"breadcrumb":{"@id":"https:\/\/kuzeyinsesi.org\/index.php\/2024\/12\/29\/daude-kadina-siddet-temali-tiyatro-oyunu-uyanis-yasayan-oluler-sahnelendi\/#breadcrumb"},"inLanguage":"tr","potentialAction":[{"@type":"ReadAction","target":["https:\/\/kuzeyinsesi.org\/index.php\/2024\/12\/29\/daude-kadina-siddet-temali-tiyatro-oyunu-uyanis-yasayan-oluler-sahnelendi\/"]}]},{"@type":"ImageObject","inLanguage":"tr","@id":"https:\/\/kuzeyinsesi.org\/index.php\/2024\/12\/29\/daude-kadina-siddet-temali-tiyatro-oyunu-uyanis-yasayan-oluler-sahnelendi\/#primaryimage","url":"https:\/\/kuzeyinsesi.org\/wp-content\/uploads\/2024\/12\/1735461557458DAU.jpg.jpeg","contentUrl":"https:\/\/kuzeyinsesi.org\/wp-content\/uploads\/2024\/12\/1735461557458DAU.jpg.jpeg","width":1800,"height":1350},{"@type":"BreadcrumbList","@id":"https:\/\/kuzeyinsesi.org\/index.php\/2024\/12\/29\/daude-kadina-siddet-temali-tiyatro-oyunu-uyanis-yasayan-oluler-sahnelendi\/#breadcrumb","itemListElement":[{"@type":"ListItem","position":1,"name":"Anasayfa","item":"https:\/\/kuzeyinsesi.org\/"},{"@type":"ListItem","position":2,"name":"DA\u00dc\u2019de kad\u0131na \u015fiddet temal\u0131 tiyatro oyunu \u201cUyan\u0131\u015f-Ya\u015fayan \u00d6l\u00fcler\u201d sahnelendi"}]},{"@type":"WebSite","@id":"https:\/\/kuzeyinsesi.org\/#website","url":"https:\/\/kuzeyinsesi.org\/","name":"Kuzeyin Sesi","description":"Do\u011fru Haberin Adresi","potentialAction":[{"@type":"SearchAction","target":{"@type":"EntryPoint","urlTemplate":"https:\/\/kuzeyinsesi.org\/?s={search_term_string}"},"query-input":{"@type":"PropertyValueSpecification","valueRequired":true,"valueName":"search_term_string"}}],"inLanguage":"tr"},{"@type":"Person","@id":"https:\/\/kuzeyinsesi.org\/#\/schema\/person\/9f859689cdf01485597712386e37f5aa","name":"Kuzeyin Sesi","image":{"@type":"ImageObject","inLanguage":"tr","@id":"https:\/\/secure.gravatar.com\/avatar\/bab33852abfd8b282518d6ed81826833d77c3c882d9ab608add591ccace47a44?s=96&d=mm&r=g","url":"https:\/\/secure.gravatar.com\/avatar\/bab33852abfd8b282518d6ed81826833d77c3c882d9ab608add591ccace47a44?s=96&d=mm&r=g","contentUrl":"https:\/\/secure.gravatar.com\/avatar\/bab33852abfd8b282518d6ed81826833d77c3c882d9ab608add591ccace47a44?s=96&d=mm&r=g","caption":"Kuzeyin Sesi"},"sameAs":["https:\/\/kuzeyinsesi.org"],"url":"https:\/\/kuzeyinsesi.org\/index.php\/author\/guven\/"}]}},"_links":{"self":[{"href":"https:\/\/kuzeyinsesi.org\/index.php\/wp-json\/wp\/v2\/posts\/16515","targetHints":{"allow":["GET"]}}],"collection":[{"href":"https:\/\/kuzeyinsesi.org\/index.php\/wp-json\/wp\/v2\/posts"}],"about":[{"href":"https:\/\/kuzeyinsesi.org\/index.php\/wp-json\/wp\/v2\/types\/post"}],"author":[{"embeddable":true,"href":"https:\/\/kuzeyinsesi.org\/index.php\/wp-json\/wp\/v2\/users\/1"}],"replies":[{"embeddable":true,"href":"https:\/\/kuzeyinsesi.org\/index.php\/wp-json\/wp\/v2\/comments?post=16515"}],"version-history":[{"count":0,"href":"https:\/\/kuzeyinsesi.org\/index.php\/wp-json\/wp\/v2\/posts\/16515\/revisions"}],"wp:featuredmedia":[{"embeddable":true,"href":"https:\/\/kuzeyinsesi.org\/index.php\/wp-json\/wp\/v2\/media\/16516"}],"wp:attachment":[{"href":"https:\/\/kuzeyinsesi.org\/index.php\/wp-json\/wp\/v2\/media?parent=16515"}],"wp:term":[{"taxonomy":"category","embeddable":true,"href":"https:\/\/kuzeyinsesi.org\/index.php\/wp-json\/wp\/v2\/categories?post=16515"},{"taxonomy":"post_tag","embeddable":true,"href":"https:\/\/kuzeyinsesi.org\/index.php\/wp-json\/wp\/v2\/tags?post=16515"}],"curies":[{"name":"wp","href":"https:\/\/api.w.org\/{rel}","templated":true}]}}