{"id":16507,"date":"2024-12-29T12:55:06","date_gmt":"2024-12-29T10:55:06","guid":{"rendered":"https:\/\/kuzeyinsesi.org\/index.php\/2024\/12\/29\/daude-nefesli-calgilari-taniyalim-konulu-konser-ve-soylesi\/"},"modified":"2024-12-29T12:55:06","modified_gmt":"2024-12-29T10:55:06","slug":"daude-nefesli-calgilari-taniyalim-konulu-konser-ve-soylesi","status":"publish","type":"post","link":"https:\/\/kuzeyinsesi.org\/index.php\/2024\/12\/29\/daude-nefesli-calgilari-taniyalim-konulu-konser-ve-soylesi\/","title":{"rendered":"DA\u00dc\u2019de \u201cNefesli \u00c7alg\u0131lar\u0131 Tan\u0131yal\u0131m\u201d konulu konser ve s\u00f6yle\u015fi"},"content":{"rendered":"<div>\n<div class=\"mariselle-image-container center\">\n                                            <\/div>\n<p>\nDo\u011fu Akdeniz \u00dcniversitesi (DA\u00dc) E\u011fitim Fak\u00fcltesi, G\u00fczel Sanatlar E\u011fitimi B\u00f6l\u00fcm\u00fc ile Cumhurba\u015fkanl\u0131\u011f\u0131 Senfoni Orkestras\u0131 (CSO) i\u015f birli\u011fiyle \u201cNefesli \u00c7alg\u0131lar\u0131 Tan\u0131yal\u0131m\u201d konulu konser ve s\u00f6yle\u015fi etkinli\u011fi d\u00fczenlendi.<\/p>\n<p>Karl Goepfart\u2019\u0131n Nefesli \u00c7alg\u0131lar D\u00f6rtl\u00fcs\u00fc ve K\u0131br\u0131sl\u0131 T\u00fcrk besteci Ali Hoca\u2019n\u0131n 2005 y\u0131l\u0131nda besteledi\u011fi D\u00f6rt Foto\u011fraf ba\u015fl\u0131kl\u0131 eserlerinin seslendirildi\u011fi etkinlik, G\u00fczel Sanatlar E\u011fitimi B\u00f6l\u00fcm\u00fc Koro Salonu\u2019nda yap\u0131ld\u0131.<\/p>\n<p>DA\u00dc\u2019den verilen bilgiye g\u00f6re, seslendirmede Pamir Kolat fl\u00fct, Eyl\u00fcl Can Akda\u011f obua, Do\u011fa Y\u00fcr\u00fcmez klarnet ve \u0130dil Bilbay fagot ile sahne ald\u0131.<\/p>\n<p>Ard\u0131ndan ger\u00e7ekle\u015ftirilen s\u00f6yle\u015fide, nefesli \u00e7alg\u0131lar\u0131n tarih\u00e7esi, \u00f6zellikleri ve m\u00fczi\u011fin farkl\u0131 formlar\u0131ndaki yerleri detayl\u0131 bir \u015fekilde ele al\u0131nd\u0131. Dinleyiciler, nefesli \u00e7alg\u0131lar\u0131n m\u00fczikal zenginliklerine dair \u00f6nemli bilgiler edinme f\u0131rsat\u0131 buldu.<\/p>\n<\/p><\/div>\n<p><script async\n                    defer\n                    crossorigin=\"anonymous\"\n                    src=\"https:\/\/connect.facebook.net\/tr_TR\/sdk.js#xfbml=1&#038;version=v3.3\"\n            ><\/script><\/p>\n","protected":false},"excerpt":{"rendered":"<p>Do\u011fu Akdeniz \u00dcniversitesi (DA\u00dc) E\u011fitim Fak\u00fcltesi, G\u00fczel Sanatlar E\u011fitimi B\u00f6l\u00fcm\u00fc ile Cumhurba\u015fkanl\u0131\u011f\u0131 Senfoni Orkestras\u0131 (CSO) i\u015f birli\u011fiyle \u201cNefesli \u00c7alg\u0131lar\u0131 Tan\u0131yal\u0131m\u201d konulu konser ve s\u00f6yle\u015fi etkinli\u011fi d\u00fczenlendi. Karl Goepfart\u2019\u0131n Nefesli \u00c7alg\u0131lar D\u00f6rtl\u00fcs\u00fc ve K\u0131br\u0131sl\u0131 T\u00fcrk besteci Ali Hoca\u2019n\u0131n 2005 y\u0131l\u0131nda besteledi\u011fi D\u00f6rt Foto\u011fraf ba\u015fl\u0131kl\u0131 eserlerinin seslendirildi\u011fi etkinlik, G\u00fczel Sanatlar E\u011fitimi B\u00f6l\u00fcm\u00fc Koro Salonu\u2019nda yap\u0131ld\u0131. DA\u00dc\u2019den verilen [&hellip;]<\/p>\n","protected":false},"author":1,"featured_media":16508,"comment_status":"open","ping_status":"open","sticky":false,"template":"","format":"standard","meta":{"jnews-multi-image_gallery":[],"jnews_single_post":[],"jnews_primary_category":[],"jnews_social_meta":[],"jnews_override_counter":[],"footnotes":""},"categories":[6],"tags":[],"class_list":["post-16507","post","type-post","status-publish","format-standard","has-post-thumbnail","hentry","category-yasam"],"yoast_head":"<!-- This site is optimized with the Yoast SEO plugin v27.4 - https:\/\/yoast.com\/product\/yoast-seo-wordpress\/ -->\n<title>DA\u00dc\u2019de \u201cNefesli \u00c7alg\u0131lar\u0131 Tan\u0131yal\u0131m\u201d konulu konser ve s\u00f6yle\u015fi - Kuzeyin Sesi<\/title>\n<meta name=\"robots\" content=\"index, follow, max-snippet:-1, max-image-preview:large, max-video-preview:-1\" \/>\n<link rel=\"canonical\" href=\"https:\/\/kuzeyinsesi.org\/index.php\/2024\/12\/29\/daude-nefesli-calgilari-taniyalim-konulu-konser-ve-soylesi\/\" \/>\n<meta property=\"og:locale\" content=\"tr_TR\" \/>\n<meta property=\"og:type\" content=\"article\" \/>\n<meta property=\"og:title\" content=\"DA\u00dc\u2019de \u201cNefesli \u00c7alg\u0131lar\u0131 Tan\u0131yal\u0131m\u201d konulu konser ve s\u00f6yle\u015fi - Kuzeyin Sesi\" \/>\n<meta property=\"og:description\" content=\"Do\u011fu Akdeniz \u00dcniversitesi (DA\u00dc) E\u011fitim Fak\u00fcltesi, G\u00fczel Sanatlar E\u011fitimi B\u00f6l\u00fcm\u00fc ile Cumhurba\u015fkanl\u0131\u011f\u0131 Senfoni Orkestras\u0131 (CSO) i\u015f birli\u011fiyle \u201cNefesli \u00c7alg\u0131lar\u0131 Tan\u0131yal\u0131m\u201d konulu konser ve s\u00f6yle\u015fi etkinli\u011fi d\u00fczenlendi. Karl Goepfart\u2019\u0131n Nefesli \u00c7alg\u0131lar D\u00f6rtl\u00fcs\u00fc ve K\u0131br\u0131sl\u0131 T\u00fcrk besteci Ali Hoca\u2019n\u0131n 2005 y\u0131l\u0131nda besteledi\u011fi D\u00f6rt Foto\u011fraf ba\u015fl\u0131kl\u0131 eserlerinin seslendirildi\u011fi etkinlik, G\u00fczel Sanatlar E\u011fitimi B\u00f6l\u00fcm\u00fc Koro Salonu\u2019nda yap\u0131ld\u0131. DA\u00dc\u2019den verilen [&hellip;]\" \/>\n<meta property=\"og:url\" content=\"https:\/\/kuzeyinsesi.org\/index.php\/2024\/12\/29\/daude-nefesli-calgilari-taniyalim-konulu-konser-ve-soylesi\/\" \/>\n<meta property=\"og:site_name\" content=\"Kuzeyin Sesi\" \/>\n<meta property=\"article:publisher\" content=\"https:\/\/www.facebook.com\/kuzeyinsesii\" \/>\n<meta property=\"article:published_time\" content=\"2024-12-29T10:55:06+00:00\" \/>\n<meta property=\"og:image\" content=\"https:\/\/brtk.net\/wp-content\/uploads\/2024\/12\/29\/1735457251108DAUNEFESLI-CALGILARI-TANIYALIM-KONSER-SOYLESI-3.jpg?ver=6824ec0c8fadf4d0f51bd3e587fde148\" \/>\n<meta name=\"author\" content=\"Kuzeyin Sesi\" \/>\n<meta name=\"twitter:card\" content=\"summary_large_image\" \/>\n<meta name=\"twitter:creator\" content=\"@kuzeyinsesii\" \/>\n<meta name=\"twitter:site\" content=\"@kuzeyinsesii\" \/>\n<meta name=\"twitter:label1\" content=\"Yazan:\" \/>\n\t<meta name=\"twitter:data1\" content=\"Kuzeyin Sesi\" \/>\n\t<meta name=\"twitter:label2\" content=\"Tahmini okuma s\u00fcresi\" \/>\n\t<meta name=\"twitter:data2\" content=\"1 dakika\" \/>\n<script type=\"application\/ld+json\" class=\"yoast-schema-graph\">{\"@context\":\"https:\\\/\\\/schema.org\",\"@graph\":[{\"@type\":\"Article\",\"@id\":\"https:\\\/\\\/kuzeyinsesi.org\\\/index.php\\\/2024\\\/12\\\/29\\\/daude-nefesli-calgilari-taniyalim-konulu-konser-ve-soylesi\\\/#article\",\"isPartOf\":{\"@id\":\"https:\\\/\\\/kuzeyinsesi.org\\\/index.php\\\/2024\\\/12\\\/29\\\/daude-nefesli-calgilari-taniyalim-konulu-konser-ve-soylesi\\\/\"},\"author\":{\"name\":\"Kuzeyin Sesi\",\"@id\":\"https:\\\/\\\/kuzeyinsesi.org\\\/#\\\/schema\\\/person\\\/9f859689cdf01485597712386e37f5aa\"},\"headline\":\"DA\u00dc\u2019de \u201cNefesli \u00c7alg\u0131lar\u0131 Tan\u0131yal\u0131m\u201d konulu konser ve s\u00f6yle\u015fi\",\"datePublished\":\"2024-12-29T10:55:06+00:00\",\"mainEntityOfPage\":{\"@id\":\"https:\\\/\\\/kuzeyinsesi.org\\\/index.php\\\/2024\\\/12\\\/29\\\/daude-nefesli-calgilari-taniyalim-konulu-konser-ve-soylesi\\\/\"},\"wordCount\":178,\"commentCount\":0,\"image\":{\"@id\":\"https:\\\/\\\/kuzeyinsesi.org\\\/index.php\\\/2024\\\/12\\\/29\\\/daude-nefesli-calgilari-taniyalim-konulu-konser-ve-soylesi\\\/#primaryimage\"},\"thumbnailUrl\":\"https:\\\/\\\/kuzeyinsesi.org\\\/wp-content\\\/uploads\\\/2024\\\/12\\\/1735457251108DAUNEFESLI-CALGILARI-TANIYALIM-KONSER-SOYLESI-3.jpg\",\"articleSection\":[\"Ya\u015fam\"],\"inLanguage\":\"tr\",\"potentialAction\":[{\"@type\":\"CommentAction\",\"name\":\"Comment\",\"target\":[\"https:\\\/\\\/kuzeyinsesi.org\\\/index.php\\\/2024\\\/12\\\/29\\\/daude-nefesli-calgilari-taniyalim-konulu-konser-ve-soylesi\\\/#respond\"]}]},{\"@type\":\"WebPage\",\"@id\":\"https:\\\/\\\/kuzeyinsesi.org\\\/index.php\\\/2024\\\/12\\\/29\\\/daude-nefesli-calgilari-taniyalim-konulu-konser-ve-soylesi\\\/\",\"url\":\"https:\\\/\\\/kuzeyinsesi.org\\\/index.php\\\/2024\\\/12\\\/29\\\/daude-nefesli-calgilari-taniyalim-konulu-konser-ve-soylesi\\\/\",\"name\":\"DA\u00dc\u2019de \u201cNefesli \u00c7alg\u0131lar\u0131 Tan\u0131yal\u0131m\u201d konulu konser ve s\u00f6yle\u015fi - Kuzeyin Sesi\",\"isPartOf\":{\"@id\":\"https:\\\/\\\/kuzeyinsesi.org\\\/#website\"},\"primaryImageOfPage\":{\"@id\":\"https:\\\/\\\/kuzeyinsesi.org\\\/index.php\\\/2024\\\/12\\\/29\\\/daude-nefesli-calgilari-taniyalim-konulu-konser-ve-soylesi\\\/#primaryimage\"},\"image\":{\"@id\":\"https:\\\/\\\/kuzeyinsesi.org\\\/index.php\\\/2024\\\/12\\\/29\\\/daude-nefesli-calgilari-taniyalim-konulu-konser-ve-soylesi\\\/#primaryimage\"},\"thumbnailUrl\":\"https:\\\/\\\/kuzeyinsesi.org\\\/wp-content\\\/uploads\\\/2024\\\/12\\\/1735457251108DAUNEFESLI-CALGILARI-TANIYALIM-KONSER-SOYLESI-3.jpg\",\"datePublished\":\"2024-12-29T10:55:06+00:00\",\"author\":{\"@id\":\"https:\\\/\\\/kuzeyinsesi.org\\\/#\\\/schema\\\/person\\\/9f859689cdf01485597712386e37f5aa\"},\"breadcrumb\":{\"@id\":\"https:\\\/\\\/kuzeyinsesi.org\\\/index.php\\\/2024\\\/12\\\/29\\\/daude-nefesli-calgilari-taniyalim-konulu-konser-ve-soylesi\\\/#breadcrumb\"},\"inLanguage\":\"tr\",\"potentialAction\":[{\"@type\":\"ReadAction\",\"target\":[\"https:\\\/\\\/kuzeyinsesi.org\\\/index.php\\\/2024\\\/12\\\/29\\\/daude-nefesli-calgilari-taniyalim-konulu-konser-ve-soylesi\\\/\"]}]},{\"@type\":\"ImageObject\",\"inLanguage\":\"tr\",\"@id\":\"https:\\\/\\\/kuzeyinsesi.org\\\/index.php\\\/2024\\\/12\\\/29\\\/daude-nefesli-calgilari-taniyalim-konulu-konser-ve-soylesi\\\/#primaryimage\",\"url\":\"https:\\\/\\\/kuzeyinsesi.org\\\/wp-content\\\/uploads\\\/2024\\\/12\\\/1735457251108DAUNEFESLI-CALGILARI-TANIYALIM-KONSER-SOYLESI-3.jpg\",\"contentUrl\":\"https:\\\/\\\/kuzeyinsesi.org\\\/wp-content\\\/uploads\\\/2024\\\/12\\\/1735457251108DAUNEFESLI-CALGILARI-TANIYALIM-KONSER-SOYLESI-3.jpg\",\"width\":1800,\"height\":1350},{\"@type\":\"BreadcrumbList\",\"@id\":\"https:\\\/\\\/kuzeyinsesi.org\\\/index.php\\\/2024\\\/12\\\/29\\\/daude-nefesli-calgilari-taniyalim-konulu-konser-ve-soylesi\\\/#breadcrumb\",\"itemListElement\":[{\"@type\":\"ListItem\",\"position\":1,\"name\":\"Anasayfa\",\"item\":\"https:\\\/\\\/kuzeyinsesi.org\\\/\"},{\"@type\":\"ListItem\",\"position\":2,\"name\":\"DA\u00dc\u2019de \u201cNefesli \u00c7alg\u0131lar\u0131 Tan\u0131yal\u0131m\u201d konulu konser ve s\u00f6yle\u015fi\"}]},{\"@type\":\"WebSite\",\"@id\":\"https:\\\/\\\/kuzeyinsesi.org\\\/#website\",\"url\":\"https:\\\/\\\/kuzeyinsesi.org\\\/\",\"name\":\"Kuzeyin Sesi\",\"description\":\"Do\u011fru Haberin Adresi\",\"potentialAction\":[{\"@type\":\"SearchAction\",\"target\":{\"@type\":\"EntryPoint\",\"urlTemplate\":\"https:\\\/\\\/kuzeyinsesi.org\\\/?s={search_term_string}\"},\"query-input\":{\"@type\":\"PropertyValueSpecification\",\"valueRequired\":true,\"valueName\":\"search_term_string\"}}],\"inLanguage\":\"tr\"},{\"@type\":\"Person\",\"@id\":\"https:\\\/\\\/kuzeyinsesi.org\\\/#\\\/schema\\\/person\\\/9f859689cdf01485597712386e37f5aa\",\"name\":\"Kuzeyin Sesi\",\"image\":{\"@type\":\"ImageObject\",\"inLanguage\":\"tr\",\"@id\":\"https:\\\/\\\/secure.gravatar.com\\\/avatar\\\/bab33852abfd8b282518d6ed81826833d77c3c882d9ab608add591ccace47a44?s=96&d=mm&r=g\",\"url\":\"https:\\\/\\\/secure.gravatar.com\\\/avatar\\\/bab33852abfd8b282518d6ed81826833d77c3c882d9ab608add591ccace47a44?s=96&d=mm&r=g\",\"contentUrl\":\"https:\\\/\\\/secure.gravatar.com\\\/avatar\\\/bab33852abfd8b282518d6ed81826833d77c3c882d9ab608add591ccace47a44?s=96&d=mm&r=g\",\"caption\":\"Kuzeyin Sesi\"},\"sameAs\":[\"https:\\\/\\\/kuzeyinsesi.org\"],\"url\":\"https:\\\/\\\/kuzeyinsesi.org\\\/index.php\\\/author\\\/guven\\\/\"}]}<\/script>\n<!-- \/ Yoast SEO plugin. -->","yoast_head_json":{"title":"DA\u00dc\u2019de \u201cNefesli \u00c7alg\u0131lar\u0131 Tan\u0131yal\u0131m\u201d konulu konser ve s\u00f6yle\u015fi - Kuzeyin Sesi","robots":{"index":"index","follow":"follow","max-snippet":"max-snippet:-1","max-image-preview":"max-image-preview:large","max-video-preview":"max-video-preview:-1"},"canonical":"https:\/\/kuzeyinsesi.org\/index.php\/2024\/12\/29\/daude-nefesli-calgilari-taniyalim-konulu-konser-ve-soylesi\/","og_locale":"tr_TR","og_type":"article","og_title":"DA\u00dc\u2019de \u201cNefesli \u00c7alg\u0131lar\u0131 Tan\u0131yal\u0131m\u201d konulu konser ve s\u00f6yle\u015fi - Kuzeyin Sesi","og_description":"Do\u011fu Akdeniz \u00dcniversitesi (DA\u00dc) E\u011fitim Fak\u00fcltesi, G\u00fczel Sanatlar E\u011fitimi B\u00f6l\u00fcm\u00fc ile Cumhurba\u015fkanl\u0131\u011f\u0131 Senfoni Orkestras\u0131 (CSO) i\u015f birli\u011fiyle \u201cNefesli \u00c7alg\u0131lar\u0131 Tan\u0131yal\u0131m\u201d konulu konser ve s\u00f6yle\u015fi etkinli\u011fi d\u00fczenlendi. Karl Goepfart\u2019\u0131n Nefesli \u00c7alg\u0131lar D\u00f6rtl\u00fcs\u00fc ve K\u0131br\u0131sl\u0131 T\u00fcrk besteci Ali Hoca\u2019n\u0131n 2005 y\u0131l\u0131nda besteledi\u011fi D\u00f6rt Foto\u011fraf ba\u015fl\u0131kl\u0131 eserlerinin seslendirildi\u011fi etkinlik, G\u00fczel Sanatlar E\u011fitimi B\u00f6l\u00fcm\u00fc Koro Salonu\u2019nda yap\u0131ld\u0131. DA\u00dc\u2019den verilen [&hellip;]","og_url":"https:\/\/kuzeyinsesi.org\/index.php\/2024\/12\/29\/daude-nefesli-calgilari-taniyalim-konulu-konser-ve-soylesi\/","og_site_name":"Kuzeyin Sesi","article_publisher":"https:\/\/www.facebook.com\/kuzeyinsesii","article_published_time":"2024-12-29T10:55:06+00:00","og_image":[{"url":"https:\/\/brtk.net\/wp-content\/uploads\/2024\/12\/29\/1735457251108DAUNEFESLI-CALGILARI-TANIYALIM-KONSER-SOYLESI-3.jpg?ver=6824ec0c8fadf4d0f51bd3e587fde148","type":"","width":"","height":""}],"author":"Kuzeyin Sesi","twitter_card":"summary_large_image","twitter_creator":"@kuzeyinsesii","twitter_site":"@kuzeyinsesii","twitter_misc":{"Yazan:":"Kuzeyin Sesi","Tahmini okuma s\u00fcresi":"1 dakika"},"schema":{"@context":"https:\/\/schema.org","@graph":[{"@type":"Article","@id":"https:\/\/kuzeyinsesi.org\/index.php\/2024\/12\/29\/daude-nefesli-calgilari-taniyalim-konulu-konser-ve-soylesi\/#article","isPartOf":{"@id":"https:\/\/kuzeyinsesi.org\/index.php\/2024\/12\/29\/daude-nefesli-calgilari-taniyalim-konulu-konser-ve-soylesi\/"},"author":{"name":"Kuzeyin Sesi","@id":"https:\/\/kuzeyinsesi.org\/#\/schema\/person\/9f859689cdf01485597712386e37f5aa"},"headline":"DA\u00dc\u2019de \u201cNefesli \u00c7alg\u0131lar\u0131 Tan\u0131yal\u0131m\u201d konulu konser ve s\u00f6yle\u015fi","datePublished":"2024-12-29T10:55:06+00:00","mainEntityOfPage":{"@id":"https:\/\/kuzeyinsesi.org\/index.php\/2024\/12\/29\/daude-nefesli-calgilari-taniyalim-konulu-konser-ve-soylesi\/"},"wordCount":178,"commentCount":0,"image":{"@id":"https:\/\/kuzeyinsesi.org\/index.php\/2024\/12\/29\/daude-nefesli-calgilari-taniyalim-konulu-konser-ve-soylesi\/#primaryimage"},"thumbnailUrl":"https:\/\/kuzeyinsesi.org\/wp-content\/uploads\/2024\/12\/1735457251108DAUNEFESLI-CALGILARI-TANIYALIM-KONSER-SOYLESI-3.jpg","articleSection":["Ya\u015fam"],"inLanguage":"tr","potentialAction":[{"@type":"CommentAction","name":"Comment","target":["https:\/\/kuzeyinsesi.org\/index.php\/2024\/12\/29\/daude-nefesli-calgilari-taniyalim-konulu-konser-ve-soylesi\/#respond"]}]},{"@type":"WebPage","@id":"https:\/\/kuzeyinsesi.org\/index.php\/2024\/12\/29\/daude-nefesli-calgilari-taniyalim-konulu-konser-ve-soylesi\/","url":"https:\/\/kuzeyinsesi.org\/index.php\/2024\/12\/29\/daude-nefesli-calgilari-taniyalim-konulu-konser-ve-soylesi\/","name":"DA\u00dc\u2019de \u201cNefesli \u00c7alg\u0131lar\u0131 Tan\u0131yal\u0131m\u201d konulu konser ve s\u00f6yle\u015fi - Kuzeyin Sesi","isPartOf":{"@id":"https:\/\/kuzeyinsesi.org\/#website"},"primaryImageOfPage":{"@id":"https:\/\/kuzeyinsesi.org\/index.php\/2024\/12\/29\/daude-nefesli-calgilari-taniyalim-konulu-konser-ve-soylesi\/#primaryimage"},"image":{"@id":"https:\/\/kuzeyinsesi.org\/index.php\/2024\/12\/29\/daude-nefesli-calgilari-taniyalim-konulu-konser-ve-soylesi\/#primaryimage"},"thumbnailUrl":"https:\/\/kuzeyinsesi.org\/wp-content\/uploads\/2024\/12\/1735457251108DAUNEFESLI-CALGILARI-TANIYALIM-KONSER-SOYLESI-3.jpg","datePublished":"2024-12-29T10:55:06+00:00","author":{"@id":"https:\/\/kuzeyinsesi.org\/#\/schema\/person\/9f859689cdf01485597712386e37f5aa"},"breadcrumb":{"@id":"https:\/\/kuzeyinsesi.org\/index.php\/2024\/12\/29\/daude-nefesli-calgilari-taniyalim-konulu-konser-ve-soylesi\/#breadcrumb"},"inLanguage":"tr","potentialAction":[{"@type":"ReadAction","target":["https:\/\/kuzeyinsesi.org\/index.php\/2024\/12\/29\/daude-nefesli-calgilari-taniyalim-konulu-konser-ve-soylesi\/"]}]},{"@type":"ImageObject","inLanguage":"tr","@id":"https:\/\/kuzeyinsesi.org\/index.php\/2024\/12\/29\/daude-nefesli-calgilari-taniyalim-konulu-konser-ve-soylesi\/#primaryimage","url":"https:\/\/kuzeyinsesi.org\/wp-content\/uploads\/2024\/12\/1735457251108DAUNEFESLI-CALGILARI-TANIYALIM-KONSER-SOYLESI-3.jpg","contentUrl":"https:\/\/kuzeyinsesi.org\/wp-content\/uploads\/2024\/12\/1735457251108DAUNEFESLI-CALGILARI-TANIYALIM-KONSER-SOYLESI-3.jpg","width":1800,"height":1350},{"@type":"BreadcrumbList","@id":"https:\/\/kuzeyinsesi.org\/index.php\/2024\/12\/29\/daude-nefesli-calgilari-taniyalim-konulu-konser-ve-soylesi\/#breadcrumb","itemListElement":[{"@type":"ListItem","position":1,"name":"Anasayfa","item":"https:\/\/kuzeyinsesi.org\/"},{"@type":"ListItem","position":2,"name":"DA\u00dc\u2019de \u201cNefesli \u00c7alg\u0131lar\u0131 Tan\u0131yal\u0131m\u201d konulu konser ve s\u00f6yle\u015fi"}]},{"@type":"WebSite","@id":"https:\/\/kuzeyinsesi.org\/#website","url":"https:\/\/kuzeyinsesi.org\/","name":"Kuzeyin Sesi","description":"Do\u011fru Haberin Adresi","potentialAction":[{"@type":"SearchAction","target":{"@type":"EntryPoint","urlTemplate":"https:\/\/kuzeyinsesi.org\/?s={search_term_string}"},"query-input":{"@type":"PropertyValueSpecification","valueRequired":true,"valueName":"search_term_string"}}],"inLanguage":"tr"},{"@type":"Person","@id":"https:\/\/kuzeyinsesi.org\/#\/schema\/person\/9f859689cdf01485597712386e37f5aa","name":"Kuzeyin Sesi","image":{"@type":"ImageObject","inLanguage":"tr","@id":"https:\/\/secure.gravatar.com\/avatar\/bab33852abfd8b282518d6ed81826833d77c3c882d9ab608add591ccace47a44?s=96&d=mm&r=g","url":"https:\/\/secure.gravatar.com\/avatar\/bab33852abfd8b282518d6ed81826833d77c3c882d9ab608add591ccace47a44?s=96&d=mm&r=g","contentUrl":"https:\/\/secure.gravatar.com\/avatar\/bab33852abfd8b282518d6ed81826833d77c3c882d9ab608add591ccace47a44?s=96&d=mm&r=g","caption":"Kuzeyin Sesi"},"sameAs":["https:\/\/kuzeyinsesi.org"],"url":"https:\/\/kuzeyinsesi.org\/index.php\/author\/guven\/"}]}},"_links":{"self":[{"href":"https:\/\/kuzeyinsesi.org\/index.php\/wp-json\/wp\/v2\/posts\/16507","targetHints":{"allow":["GET"]}}],"collection":[{"href":"https:\/\/kuzeyinsesi.org\/index.php\/wp-json\/wp\/v2\/posts"}],"about":[{"href":"https:\/\/kuzeyinsesi.org\/index.php\/wp-json\/wp\/v2\/types\/post"}],"author":[{"embeddable":true,"href":"https:\/\/kuzeyinsesi.org\/index.php\/wp-json\/wp\/v2\/users\/1"}],"replies":[{"embeddable":true,"href":"https:\/\/kuzeyinsesi.org\/index.php\/wp-json\/wp\/v2\/comments?post=16507"}],"version-history":[{"count":0,"href":"https:\/\/kuzeyinsesi.org\/index.php\/wp-json\/wp\/v2\/posts\/16507\/revisions"}],"wp:featuredmedia":[{"embeddable":true,"href":"https:\/\/kuzeyinsesi.org\/index.php\/wp-json\/wp\/v2\/media\/16508"}],"wp:attachment":[{"href":"https:\/\/kuzeyinsesi.org\/index.php\/wp-json\/wp\/v2\/media?parent=16507"}],"wp:term":[{"taxonomy":"category","embeddable":true,"href":"https:\/\/kuzeyinsesi.org\/index.php\/wp-json\/wp\/v2\/categories?post=16507"},{"taxonomy":"post_tag","embeddable":true,"href":"https:\/\/kuzeyinsesi.org\/index.php\/wp-json\/wp\/v2\/tags?post=16507"}],"curies":[{"name":"wp","href":"https:\/\/api.w.org\/{rel}","templated":true}]}}