{"id":16501,"date":"2024-12-28T22:39:57","date_gmt":"2024-12-28T20:39:57","guid":{"rendered":"https:\/\/kuzeyinsesi.org\/index.php\/2024\/12\/28\/erdogan-ekonomi-programimizin-temel-gayesi-milletimizin-kur-ve-enflasyon-dengesizligi-sebebiyle-maruz-kaldigi-refah-kaybini-en-kisa-surede-telafi-etmektir\/"},"modified":"2024-12-28T22:39:57","modified_gmt":"2024-12-28T20:39:57","slug":"erdogan-ekonomi-programimizin-temel-gayesi-milletimizin-kur-ve-enflasyon-dengesizligi-sebebiyle-maruz-kaldigi-refah-kaybini-en-kisa-surede-telafi-etmektir","status":"publish","type":"post","link":"https:\/\/kuzeyinsesi.org\/index.php\/2024\/12\/28\/erdogan-ekonomi-programimizin-temel-gayesi-milletimizin-kur-ve-enflasyon-dengesizligi-sebebiyle-maruz-kaldigi-refah-kaybini-en-kisa-surede-telafi-etmektir\/","title":{"rendered":"Erdo\u011fan: \u201cEkonomi program\u0131m\u0131z\u0131n temel gayesi milletimizin kur ve enflasyon dengesizli\u011fi sebebiyle maruz kald\u0131\u011f\u0131 refah kayb\u0131n\u0131 en k\u0131sa s\u00fcrede telafi etmektir\u201d"},"content":{"rendered":"<div>\n<div class=\"mariselle-image-container center\">\n                                            <\/div>\n<p>T\u00fcrkiye Cumhurba\u015fkan\u0131 ve AK Parti Genel Ba\u015fkan\u0131 Recep Tayyip Erdo\u011fan, \u201cEkonomi program\u0131m\u0131z\u0131n temel gayesi sabit gelirliler ba\u015fta olmak \u00fczere milletimizin kur ve enflasyon dengesizli\u011fi sebebiyle maruz kald\u0131\u011f\u0131 refah kayb\u0131n\u0131 en k\u0131sa s\u00fcrede telafi etmektir.\u201d dedi.<\/p>\n<p>Erdo\u011fan, AK Parti Bursa 8. Ola\u011fan \u0130l Kongresi\u2019nde yapt\u0131\u011f\u0131 konu\u015fmada, \u201cBunun i\u00e7in evvelemirde enflasyon gibi hayat pahal\u0131l\u0131\u011f\u0131n\u0131n mazereti olarak kullan\u0131lan hususlar\u0131 ortadan kald\u0131rmam\u0131z gerekiyor.\u201d ifadelerini kulland\u0131.<\/p>\n<p>Uygulanan program\u0131n \u00f6nceli\u011finin enflasyonu d\u00fc\u015f\u00fcrme oldu\u011funu, \u00e7\u00fcnk\u00fc d\u00fcnyan\u0131n her yerinde oldu\u011fu gibi T\u00fcrkiye\u2019de de enflasyonun adeta t\u00fcm k\u00f6t\u00fcl\u00fcklerin anas\u0131 konumunda oldu\u011funu kaydeden Erdo\u011fan, \u015funlar\u0131 kaydetti:<\/p>\n<p>\u201cA\u00e7g\u00f6zl\u00fc f\u0131rsat\u00e7\u0131lar\u0131n ne enflasyon, ne kur, ne faiz ile izah edilmeyecek keyfi fiyatland\u0131rma al\u0131\u015fkanl\u0131klar\u0131 elbette bizim i\u015fimizi kolayla\u015ft\u0131rm\u0131yor, zorla\u015ft\u0131r\u0131yor. Serbest piyasa ekonomisini ba\u015f\u0131bozukluk olarak alg\u0131layan ve bunu alabildi\u011fine istismar eden bir kesim var ama bunlar\u0131n da \u00fcstesinden gelece\u011fiz. Esasen bu konuda en etkili y\u00f6ntem milletimizin fahi\u015f fiyat art\u0131\u015f\u0131 yapan \u00fcr\u00fcnleri ve hizmetleri boykot etmeleridir. Sat\u0131lmayan \u00fcr\u00fcn\u00fcn, kullan\u0131lmayan hizmetin, al\u0131c\u0131s\u0131 olmayan mamul\u00fcn fiyat\u0131n\u0131n bir \u00f6nemi de kalmayacakt\u0131r.\u201d<\/p>\n<p>Geli\u015fmi\u015f baz\u0131 \u00fclkelerdeki t\u00fcketicilerin bunu bilin\u00e7li ve sistematik bir \u015fekilde yaparak h\u00fck\u00fcmetlerine yard\u0131mc\u0131 oldu\u011funu kaydeden Erdo\u011fan, \u201c\u0130n\u015fallah bizde de bu k\u00fclt\u00fcr yava\u015f yava\u015f geli\u015fecek ve oturacakt\u0131r. Devletin ilgili kurumlar\u0131 bir taraftan, t\u00fcketici di\u011fer taraftan \u00e7ift kanatl\u0131 bir m\u00fccadeleyle in\u015fallah tamahkarl\u0131k meselesini hal yoluna koyaca\u011f\u0131z.\u201d ifadesini kulland\u0131.<\/p>\n<p>Erdo\u011fan, konut ile kira fiyatlar\u0131n\u0131n, enflasyon art\u0131\u015f\u0131nda ve hayat pahal\u0131l\u0131\u011f\u0131 alg\u0131s\u0131n\u0131n yerle\u015fmesinde \u00f6nemli rol oynad\u0131\u011f\u0131n\u0131 belirterek, 2024 y\u0131l\u0131nda bu unsurlar\u0131n enflasyona etkisini asimetrik olarak g\u00f6rd\u00fcklerini s\u00f6yledi, bunun da \u00f6n\u00fcne ge\u00e7ecek bir ad\u0131m atman\u0131n haz\u0131rl\u0131\u011f\u0131 i\u00e7inde olduklar\u0131n\u0131 vurgulad\u0131.<\/p>\n<p>\u2013 \u201cFaizi kesinlikle indirmeye ba\u015flayaca\u011f\u0131z. 2025, bunun i\u015faret y\u0131l\u0131 olacakt\u0131r. Faiz inecek ki enflasyon da insin\u201d<br \/>Erdo\u011fan, \u201cPara politikas\u0131n\u0131n yan\u0131 s\u0131ra uhdemizdeki di\u011fer ara\u00e7lar\u0131 da devreye alarak in\u015fallah enflasyonu olmas\u0131 gereken seviyeye indirece\u011fiz. Tabii bununla bir yere geliyorum. Faizi kesinlikle indirmeye ba\u015flayaca\u011f\u0131z. 2025, bunun i\u015faret y\u0131l\u0131 olacakt\u0131r. Faiz inecek ki enflasyon da insin. Bu ad\u0131m\u0131 ataca\u011f\u0131z. Bu bizim art\u0131k olmazsa olmaz\u0131m\u0131z.\u201d dedi.<\/p>\n<p>\u2013 \u201cBug\u00fcn bu fedakarl\u0131klar\u0131 yapaca\u011f\u0131z ki \u00f6n\u00fcm\u00fczdeki y\u0131llarda rahata kavu\u015fabilelim\u201d<\/p>\n<p>\u201cB\u00f6lgemizde ve d\u00fcnyada ola\u011fan\u00fcst\u00fc geli\u015fme olmazsa 2025 enflasyon hedefini tutturaca\u011f\u0131m\u0131zdan hi\u00e7 \u015f\u00fcphe duymuyoruz.\u201d diyen Erdo\u011fan, s\u00f6zlerini \u015f\u00f6yle s\u00fcrd\u00fcrd\u00fc:<\/p>\n<p>\u201cEnflasyon, haziran ay\u0131ndan beri istikrarl\u0131 \u015fekilde d\u00fc\u015f\u00fcyor. \u0130n\u015fallah bu d\u00fc\u015f\u00fc\u015f 2025 y\u0131l\u0131nda daha da h\u0131zlanacak. \u015eayet enflasyon oran\u0131nda \u00e7ok ciddi sapma olursa tabii ki biz de buna kay\u0131ts\u0131z kalmaz, gerekli de\u011ferlendirmeleri yapar\u0131z. \u0130nanc\u0131m\u0131z odur ki buna gerek kalmayacak. Ama biz enflasyonu daha da d\u00fc\u015f\u00fcrerek sadece asgari \u00fccretlileri de\u011fil, milletimizin tamam\u0131n\u0131 rahatlatacak \u015fekilde al\u0131m g\u00fcc\u00fcn\u00fc art\u0131rmay\u0131, refah seviyesini, fiyatlar\u0131 stabil tutarak y\u00fckseltmek istiyoruz. \u015eunu da s\u00f6ylemek durumunday\u0131m. \u00d6zellikle son birka\u00e7 y\u0131lda ekonomi program\u0131m\u0131z\u0131 ve k\u00fcresel rekabet g\u00fcc\u00fcm\u00fcz\u00fc riske atma pahas\u0131na asgari \u00fccrette tarihimizin en y\u00fcksek art\u0131\u015flar\u0131na gittik.\u201d<\/p>\n<p>Enflasyonun dizginledikten sonra baz\u0131 \u015feyleri daha rahat konu\u015fma ve \u00e7\u00f6z\u00fcme kavu\u015fturma imkan\u0131na kavu\u015facaklar\u0131n\u0131 vurgulayan Erdo\u011fan, \u015funlar\u0131 kaydetti:<\/p>\n<p>\u201cMilletimizden sab\u0131r, metanet ve ekonomi program\u0131m\u0131za g\u00fc\u00e7l\u00fc destek istememizin sebebi i\u015fte budur. \u0130n\u015fallah 2025\u2019i hedeflerimize uygun \u015fekilde tamamlayarak son y\u0131llardaki s\u0131k\u0131nt\u0131lar\u0131m\u0131z\u0131 tarihe g\u00f6mece\u011fiz. Eskiler, \u2018Tarlada izi olmayan\u0131n, harmanda y\u00fcz\u00fc olmaz.\u2019 der. Bug\u00fcn bu fedakarl\u0131klar\u0131 yapaca\u011f\u0131z ki \u00f6n\u00fcm\u00fczdeki y\u0131llarda rahata kavu\u015fabilelim. Bu \u00fclkenin Cumhurba\u015fkan\u0131 ve AK Parti\u2019nin lideri olarak milletime, \u00fclkeme, Bursa\u2019m\u0131za, te\u015fkilat\u0131m\u0131za g\u00fcveniyorum. Rabb\u2019im hepinizden raz\u0131 olsun diyorum.\u201d<\/p>\n<\/p><\/div>\n<p><script async\n                    defer\n                    crossorigin=\"anonymous\"\n                    src=\"https:\/\/connect.facebook.net\/tr_TR\/sdk.js#xfbml=1&#038;version=v3.3\"\n            ><\/script><\/p>\n","protected":false},"excerpt":{"rendered":"<p>T\u00fcrkiye Cumhurba\u015fkan\u0131 ve AK Parti Genel Ba\u015fkan\u0131 Recep Tayyip Erdo\u011fan, \u201cEkonomi program\u0131m\u0131z\u0131n temel gayesi sabit gelirliler ba\u015fta olmak \u00fczere milletimizin kur ve enflasyon dengesizli\u011fi sebebiyle maruz kald\u0131\u011f\u0131 refah kayb\u0131n\u0131 en k\u0131sa s\u00fcrede telafi etmektir.\u201d dedi. Erdo\u011fan, AK Parti Bursa 8. Ola\u011fan \u0130l Kongresi\u2019nde yapt\u0131\u011f\u0131 konu\u015fmada, \u201cBunun i\u00e7in evvelemirde enflasyon gibi hayat pahal\u0131l\u0131\u011f\u0131n\u0131n mazereti olarak kullan\u0131lan [&hellip;]<\/p>\n","protected":false},"author":1,"featured_media":16502,"comment_status":"open","ping_status":"open","sticky":false,"template":"","format":"standard","meta":{"jnews-multi-image_gallery":[],"jnews_single_post":[],"jnews_primary_category":[],"jnews_social_meta":[],"jnews_override_counter":[],"footnotes":""},"categories":[5],"tags":[],"class_list":["post-16501","post","type-post","status-publish","format-standard","has-post-thumbnail","hentry","category-turkiye"],"yoast_head":"<!-- This site is optimized with the Yoast SEO plugin v27.4 - https:\/\/yoast.com\/product\/yoast-seo-wordpress\/ -->\n<title>Erdo\u011fan: \u201cEkonomi program\u0131m\u0131z\u0131n temel gayesi milletimizin kur ve enflasyon dengesizli\u011fi sebebiyle maruz kald\u0131\u011f\u0131 refah kayb\u0131n\u0131 en k\u0131sa s\u00fcrede telafi etmektir\u201d - Kuzeyin Sesi<\/title>\n<meta name=\"robots\" content=\"index, follow, max-snippet:-1, max-image-preview:large, max-video-preview:-1\" \/>\n<link rel=\"canonical\" href=\"https:\/\/kuzeyinsesi.org\/index.php\/2024\/12\/28\/erdogan-ekonomi-programimizin-temel-gayesi-milletimizin-kur-ve-enflasyon-dengesizligi-sebebiyle-maruz-kaldigi-refah-kaybini-en-kisa-surede-telafi-etmektir\/\" \/>\n<meta property=\"og:locale\" content=\"tr_TR\" \/>\n<meta property=\"og:type\" content=\"article\" \/>\n<meta property=\"og:title\" content=\"Erdo\u011fan: \u201cEkonomi program\u0131m\u0131z\u0131n temel gayesi milletimizin kur ve enflasyon dengesizli\u011fi sebebiyle maruz kald\u0131\u011f\u0131 refah kayb\u0131n\u0131 en k\u0131sa s\u00fcrede telafi etmektir\u201d - Kuzeyin Sesi\" \/>\n<meta property=\"og:description\" content=\"T\u00fcrkiye Cumhurba\u015fkan\u0131 ve AK Parti Genel Ba\u015fkan\u0131 Recep Tayyip Erdo\u011fan, \u201cEkonomi program\u0131m\u0131z\u0131n temel gayesi sabit gelirliler ba\u015fta olmak \u00fczere milletimizin kur ve enflasyon dengesizli\u011fi sebebiyle maruz kald\u0131\u011f\u0131 refah kayb\u0131n\u0131 en k\u0131sa s\u00fcrede telafi etmektir.\u201d dedi. Erdo\u011fan, AK Parti Bursa 8. Ola\u011fan \u0130l Kongresi\u2019nde yapt\u0131\u011f\u0131 konu\u015fmada, \u201cBunun i\u00e7in evvelemirde enflasyon gibi hayat pahal\u0131l\u0131\u011f\u0131n\u0131n mazereti olarak kullan\u0131lan [&hellip;]\" \/>\n<meta property=\"og:url\" content=\"https:\/\/kuzeyinsesi.org\/index.php\/2024\/12\/28\/erdogan-ekonomi-programimizin-temel-gayesi-milletimizin-kur-ve-enflasyon-dengesizligi-sebebiyle-maruz-kaldigi-refah-kaybini-en-kisa-surede-telafi-etmektir\/\" \/>\n<meta property=\"og:site_name\" content=\"Kuzeyin Sesi\" \/>\n<meta property=\"article:publisher\" content=\"https:\/\/www.facebook.com\/kuzeyinsesii\" \/>\n<meta property=\"article:published_time\" content=\"2024-12-28T20:39:57+00:00\" \/>\n<meta property=\"og:image\" content=\"https:\/\/brtk.net\/wp-content\/uploads\/2024\/12\/28\/1735394562926AA-20241228-36605869-36605866-AK_PARTI_BURSA_8_OLAGAN_IL_KONGRESI-scaled.jpg?ver=1088ac9ce3bcfcb96923e2c8b83d1788\" \/>\n<meta name=\"author\" content=\"Kuzeyin Sesi\" \/>\n<meta name=\"twitter:card\" content=\"summary_large_image\" \/>\n<meta name=\"twitter:creator\" content=\"@kuzeyinsesii\" \/>\n<meta name=\"twitter:site\" content=\"@kuzeyinsesii\" \/>\n<meta name=\"twitter:label1\" content=\"Yazan:\" \/>\n\t<meta name=\"twitter:data1\" content=\"Kuzeyin Sesi\" \/>\n\t<meta name=\"twitter:label2\" content=\"Tahmini okuma s\u00fcresi\" \/>\n\t<meta name=\"twitter:data2\" content=\"4 dakika\" \/>\n<script type=\"application\/ld+json\" class=\"yoast-schema-graph\">{\"@context\":\"https:\\\/\\\/schema.org\",\"@graph\":[{\"@type\":\"Article\",\"@id\":\"https:\\\/\\\/kuzeyinsesi.org\\\/index.php\\\/2024\\\/12\\\/28\\\/erdogan-ekonomi-programimizin-temel-gayesi-milletimizin-kur-ve-enflasyon-dengesizligi-sebebiyle-maruz-kaldigi-refah-kaybini-en-kisa-surede-telafi-etmektir\\\/#article\",\"isPartOf\":{\"@id\":\"https:\\\/\\\/kuzeyinsesi.org\\\/index.php\\\/2024\\\/12\\\/28\\\/erdogan-ekonomi-programimizin-temel-gayesi-milletimizin-kur-ve-enflasyon-dengesizligi-sebebiyle-maruz-kaldigi-refah-kaybini-en-kisa-surede-telafi-etmektir\\\/\"},\"author\":{\"name\":\"Kuzeyin Sesi\",\"@id\":\"https:\\\/\\\/kuzeyinsesi.org\\\/#\\\/schema\\\/person\\\/9f859689cdf01485597712386e37f5aa\"},\"headline\":\"Erdo\u011fan: \u201cEkonomi program\u0131m\u0131z\u0131n temel gayesi milletimizin kur ve enflasyon dengesizli\u011fi sebebiyle maruz kald\u0131\u011f\u0131 refah kayb\u0131n\u0131 en k\u0131sa s\u00fcrede telafi etmektir\u201d\",\"datePublished\":\"2024-12-28T20:39:57+00:00\",\"mainEntityOfPage\":{\"@id\":\"https:\\\/\\\/kuzeyinsesi.org\\\/index.php\\\/2024\\\/12\\\/28\\\/erdogan-ekonomi-programimizin-temel-gayesi-milletimizin-kur-ve-enflasyon-dengesizligi-sebebiyle-maruz-kaldigi-refah-kaybini-en-kisa-surede-telafi-etmektir\\\/\"},\"wordCount\":732,\"commentCount\":0,\"image\":{\"@id\":\"https:\\\/\\\/kuzeyinsesi.org\\\/index.php\\\/2024\\\/12\\\/28\\\/erdogan-ekonomi-programimizin-temel-gayesi-milletimizin-kur-ve-enflasyon-dengesizligi-sebebiyle-maruz-kaldigi-refah-kaybini-en-kisa-surede-telafi-etmektir\\\/#primaryimage\"},\"thumbnailUrl\":\"https:\\\/\\\/kuzeyinsesi.org\\\/wp-content\\\/uploads\\\/2024\\\/12\\\/1735394562926AA-20241228-36605869-36605866-AK_PARTI_BURSA_8_OLAGAN_IL_KONGRESI-scaled.jpg\",\"articleSection\":[\"T\u00fcrkiye\"],\"inLanguage\":\"tr\",\"potentialAction\":[{\"@type\":\"CommentAction\",\"name\":\"Comment\",\"target\":[\"https:\\\/\\\/kuzeyinsesi.org\\\/index.php\\\/2024\\\/12\\\/28\\\/erdogan-ekonomi-programimizin-temel-gayesi-milletimizin-kur-ve-enflasyon-dengesizligi-sebebiyle-maruz-kaldigi-refah-kaybini-en-kisa-surede-telafi-etmektir\\\/#respond\"]}]},{\"@type\":\"WebPage\",\"@id\":\"https:\\\/\\\/kuzeyinsesi.org\\\/index.php\\\/2024\\\/12\\\/28\\\/erdogan-ekonomi-programimizin-temel-gayesi-milletimizin-kur-ve-enflasyon-dengesizligi-sebebiyle-maruz-kaldigi-refah-kaybini-en-kisa-surede-telafi-etmektir\\\/\",\"url\":\"https:\\\/\\\/kuzeyinsesi.org\\\/index.php\\\/2024\\\/12\\\/28\\\/erdogan-ekonomi-programimizin-temel-gayesi-milletimizin-kur-ve-enflasyon-dengesizligi-sebebiyle-maruz-kaldigi-refah-kaybini-en-kisa-surede-telafi-etmektir\\\/\",\"name\":\"Erdo\u011fan: \u201cEkonomi program\u0131m\u0131z\u0131n temel gayesi milletimizin kur ve enflasyon dengesizli\u011fi sebebiyle maruz kald\u0131\u011f\u0131 refah kayb\u0131n\u0131 en k\u0131sa s\u00fcrede telafi etmektir\u201d - Kuzeyin Sesi\",\"isPartOf\":{\"@id\":\"https:\\\/\\\/kuzeyinsesi.org\\\/#website\"},\"primaryImageOfPage\":{\"@id\":\"https:\\\/\\\/kuzeyinsesi.org\\\/index.php\\\/2024\\\/12\\\/28\\\/erdogan-ekonomi-programimizin-temel-gayesi-milletimizin-kur-ve-enflasyon-dengesizligi-sebebiyle-maruz-kaldigi-refah-kaybini-en-kisa-surede-telafi-etmektir\\\/#primaryimage\"},\"image\":{\"@id\":\"https:\\\/\\\/kuzeyinsesi.org\\\/index.php\\\/2024\\\/12\\\/28\\\/erdogan-ekonomi-programimizin-temel-gayesi-milletimizin-kur-ve-enflasyon-dengesizligi-sebebiyle-maruz-kaldigi-refah-kaybini-en-kisa-surede-telafi-etmektir\\\/#primaryimage\"},\"thumbnailUrl\":\"https:\\\/\\\/kuzeyinsesi.org\\\/wp-content\\\/uploads\\\/2024\\\/12\\\/1735394562926AA-20241228-36605869-36605866-AK_PARTI_BURSA_8_OLAGAN_IL_KONGRESI-scaled.jpg\",\"datePublished\":\"2024-12-28T20:39:57+00:00\",\"author\":{\"@id\":\"https:\\\/\\\/kuzeyinsesi.org\\\/#\\\/schema\\\/person\\\/9f859689cdf01485597712386e37f5aa\"},\"breadcrumb\":{\"@id\":\"https:\\\/\\\/kuzeyinsesi.org\\\/index.php\\\/2024\\\/12\\\/28\\\/erdogan-ekonomi-programimizin-temel-gayesi-milletimizin-kur-ve-enflasyon-dengesizligi-sebebiyle-maruz-kaldigi-refah-kaybini-en-kisa-surede-telafi-etmektir\\\/#breadcrumb\"},\"inLanguage\":\"tr\",\"potentialAction\":[{\"@type\":\"ReadAction\",\"target\":[\"https:\\\/\\\/kuzeyinsesi.org\\\/index.php\\\/2024\\\/12\\\/28\\\/erdogan-ekonomi-programimizin-temel-gayesi-milletimizin-kur-ve-enflasyon-dengesizligi-sebebiyle-maruz-kaldigi-refah-kaybini-en-kisa-surede-telafi-etmektir\\\/\"]}]},{\"@type\":\"ImageObject\",\"inLanguage\":\"tr\",\"@id\":\"https:\\\/\\\/kuzeyinsesi.org\\\/index.php\\\/2024\\\/12\\\/28\\\/erdogan-ekonomi-programimizin-temel-gayesi-milletimizin-kur-ve-enflasyon-dengesizligi-sebebiyle-maruz-kaldigi-refah-kaybini-en-kisa-surede-telafi-etmektir\\\/#primaryimage\",\"url\":\"https:\\\/\\\/kuzeyinsesi.org\\\/wp-content\\\/uploads\\\/2024\\\/12\\\/1735394562926AA-20241228-36605869-36605866-AK_PARTI_BURSA_8_OLAGAN_IL_KONGRESI-scaled.jpg\",\"contentUrl\":\"https:\\\/\\\/kuzeyinsesi.org\\\/wp-content\\\/uploads\\\/2024\\\/12\\\/1735394562926AA-20241228-36605869-36605866-AK_PARTI_BURSA_8_OLAGAN_IL_KONGRESI-scaled.jpg\",\"width\":2560,\"height\":1680},{\"@type\":\"BreadcrumbList\",\"@id\":\"https:\\\/\\\/kuzeyinsesi.org\\\/index.php\\\/2024\\\/12\\\/28\\\/erdogan-ekonomi-programimizin-temel-gayesi-milletimizin-kur-ve-enflasyon-dengesizligi-sebebiyle-maruz-kaldigi-refah-kaybini-en-kisa-surede-telafi-etmektir\\\/#breadcrumb\",\"itemListElement\":[{\"@type\":\"ListItem\",\"position\":1,\"name\":\"Anasayfa\",\"item\":\"https:\\\/\\\/kuzeyinsesi.org\\\/\"},{\"@type\":\"ListItem\",\"position\":2,\"name\":\"Erdo\u011fan: \u201cEkonomi program\u0131m\u0131z\u0131n temel gayesi milletimizin kur ve enflasyon dengesizli\u011fi sebebiyle maruz kald\u0131\u011f\u0131 refah kayb\u0131n\u0131 en k\u0131sa s\u00fcrede telafi etmektir\u201d\"}]},{\"@type\":\"WebSite\",\"@id\":\"https:\\\/\\\/kuzeyinsesi.org\\\/#website\",\"url\":\"https:\\\/\\\/kuzeyinsesi.org\\\/\",\"name\":\"Kuzeyin Sesi\",\"description\":\"Do\u011fru Haberin Adresi\",\"potentialAction\":[{\"@type\":\"SearchAction\",\"target\":{\"@type\":\"EntryPoint\",\"urlTemplate\":\"https:\\\/\\\/kuzeyinsesi.org\\\/?s={search_term_string}\"},\"query-input\":{\"@type\":\"PropertyValueSpecification\",\"valueRequired\":true,\"valueName\":\"search_term_string\"}}],\"inLanguage\":\"tr\"},{\"@type\":\"Person\",\"@id\":\"https:\\\/\\\/kuzeyinsesi.org\\\/#\\\/schema\\\/person\\\/9f859689cdf01485597712386e37f5aa\",\"name\":\"Kuzeyin Sesi\",\"image\":{\"@type\":\"ImageObject\",\"inLanguage\":\"tr\",\"@id\":\"https:\\\/\\\/secure.gravatar.com\\\/avatar\\\/bab33852abfd8b282518d6ed81826833d77c3c882d9ab608add591ccace47a44?s=96&d=mm&r=g\",\"url\":\"https:\\\/\\\/secure.gravatar.com\\\/avatar\\\/bab33852abfd8b282518d6ed81826833d77c3c882d9ab608add591ccace47a44?s=96&d=mm&r=g\",\"contentUrl\":\"https:\\\/\\\/secure.gravatar.com\\\/avatar\\\/bab33852abfd8b282518d6ed81826833d77c3c882d9ab608add591ccace47a44?s=96&d=mm&r=g\",\"caption\":\"Kuzeyin Sesi\"},\"sameAs\":[\"https:\\\/\\\/kuzeyinsesi.org\"],\"url\":\"https:\\\/\\\/kuzeyinsesi.org\\\/index.php\\\/author\\\/guven\\\/\"}]}<\/script>\n<!-- \/ Yoast SEO plugin. -->","yoast_head_json":{"title":"Erdo\u011fan: \u201cEkonomi program\u0131m\u0131z\u0131n temel gayesi milletimizin kur ve enflasyon dengesizli\u011fi sebebiyle maruz kald\u0131\u011f\u0131 refah kayb\u0131n\u0131 en k\u0131sa s\u00fcrede telafi etmektir\u201d - Kuzeyin Sesi","robots":{"index":"index","follow":"follow","max-snippet":"max-snippet:-1","max-image-preview":"max-image-preview:large","max-video-preview":"max-video-preview:-1"},"canonical":"https:\/\/kuzeyinsesi.org\/index.php\/2024\/12\/28\/erdogan-ekonomi-programimizin-temel-gayesi-milletimizin-kur-ve-enflasyon-dengesizligi-sebebiyle-maruz-kaldigi-refah-kaybini-en-kisa-surede-telafi-etmektir\/","og_locale":"tr_TR","og_type":"article","og_title":"Erdo\u011fan: \u201cEkonomi program\u0131m\u0131z\u0131n temel gayesi milletimizin kur ve enflasyon dengesizli\u011fi sebebiyle maruz kald\u0131\u011f\u0131 refah kayb\u0131n\u0131 en k\u0131sa s\u00fcrede telafi etmektir\u201d - Kuzeyin Sesi","og_description":"T\u00fcrkiye Cumhurba\u015fkan\u0131 ve AK Parti Genel Ba\u015fkan\u0131 Recep Tayyip Erdo\u011fan, \u201cEkonomi program\u0131m\u0131z\u0131n temel gayesi sabit gelirliler ba\u015fta olmak \u00fczere milletimizin kur ve enflasyon dengesizli\u011fi sebebiyle maruz kald\u0131\u011f\u0131 refah kayb\u0131n\u0131 en k\u0131sa s\u00fcrede telafi etmektir.\u201d dedi. Erdo\u011fan, AK Parti Bursa 8. Ola\u011fan \u0130l Kongresi\u2019nde yapt\u0131\u011f\u0131 konu\u015fmada, \u201cBunun i\u00e7in evvelemirde enflasyon gibi hayat pahal\u0131l\u0131\u011f\u0131n\u0131n mazereti olarak kullan\u0131lan [&hellip;]","og_url":"https:\/\/kuzeyinsesi.org\/index.php\/2024\/12\/28\/erdogan-ekonomi-programimizin-temel-gayesi-milletimizin-kur-ve-enflasyon-dengesizligi-sebebiyle-maruz-kaldigi-refah-kaybini-en-kisa-surede-telafi-etmektir\/","og_site_name":"Kuzeyin Sesi","article_publisher":"https:\/\/www.facebook.com\/kuzeyinsesii","article_published_time":"2024-12-28T20:39:57+00:00","og_image":[{"url":"https:\/\/brtk.net\/wp-content\/uploads\/2024\/12\/28\/1735394562926AA-20241228-36605869-36605866-AK_PARTI_BURSA_8_OLAGAN_IL_KONGRESI-scaled.jpg?ver=1088ac9ce3bcfcb96923e2c8b83d1788","type":"","width":"","height":""}],"author":"Kuzeyin Sesi","twitter_card":"summary_large_image","twitter_creator":"@kuzeyinsesii","twitter_site":"@kuzeyinsesii","twitter_misc":{"Yazan:":"Kuzeyin Sesi","Tahmini okuma s\u00fcresi":"4 dakika"},"schema":{"@context":"https:\/\/schema.org","@graph":[{"@type":"Article","@id":"https:\/\/kuzeyinsesi.org\/index.php\/2024\/12\/28\/erdogan-ekonomi-programimizin-temel-gayesi-milletimizin-kur-ve-enflasyon-dengesizligi-sebebiyle-maruz-kaldigi-refah-kaybini-en-kisa-surede-telafi-etmektir\/#article","isPartOf":{"@id":"https:\/\/kuzeyinsesi.org\/index.php\/2024\/12\/28\/erdogan-ekonomi-programimizin-temel-gayesi-milletimizin-kur-ve-enflasyon-dengesizligi-sebebiyle-maruz-kaldigi-refah-kaybini-en-kisa-surede-telafi-etmektir\/"},"author":{"name":"Kuzeyin Sesi","@id":"https:\/\/kuzeyinsesi.org\/#\/schema\/person\/9f859689cdf01485597712386e37f5aa"},"headline":"Erdo\u011fan: \u201cEkonomi program\u0131m\u0131z\u0131n temel gayesi milletimizin kur ve enflasyon dengesizli\u011fi sebebiyle maruz kald\u0131\u011f\u0131 refah kayb\u0131n\u0131 en k\u0131sa s\u00fcrede telafi etmektir\u201d","datePublished":"2024-12-28T20:39:57+00:00","mainEntityOfPage":{"@id":"https:\/\/kuzeyinsesi.org\/index.php\/2024\/12\/28\/erdogan-ekonomi-programimizin-temel-gayesi-milletimizin-kur-ve-enflasyon-dengesizligi-sebebiyle-maruz-kaldigi-refah-kaybini-en-kisa-surede-telafi-etmektir\/"},"wordCount":732,"commentCount":0,"image":{"@id":"https:\/\/kuzeyinsesi.org\/index.php\/2024\/12\/28\/erdogan-ekonomi-programimizin-temel-gayesi-milletimizin-kur-ve-enflasyon-dengesizligi-sebebiyle-maruz-kaldigi-refah-kaybini-en-kisa-surede-telafi-etmektir\/#primaryimage"},"thumbnailUrl":"https:\/\/kuzeyinsesi.org\/wp-content\/uploads\/2024\/12\/1735394562926AA-20241228-36605869-36605866-AK_PARTI_BURSA_8_OLAGAN_IL_KONGRESI-scaled.jpg","articleSection":["T\u00fcrkiye"],"inLanguage":"tr","potentialAction":[{"@type":"CommentAction","name":"Comment","target":["https:\/\/kuzeyinsesi.org\/index.php\/2024\/12\/28\/erdogan-ekonomi-programimizin-temel-gayesi-milletimizin-kur-ve-enflasyon-dengesizligi-sebebiyle-maruz-kaldigi-refah-kaybini-en-kisa-surede-telafi-etmektir\/#respond"]}]},{"@type":"WebPage","@id":"https:\/\/kuzeyinsesi.org\/index.php\/2024\/12\/28\/erdogan-ekonomi-programimizin-temel-gayesi-milletimizin-kur-ve-enflasyon-dengesizligi-sebebiyle-maruz-kaldigi-refah-kaybini-en-kisa-surede-telafi-etmektir\/","url":"https:\/\/kuzeyinsesi.org\/index.php\/2024\/12\/28\/erdogan-ekonomi-programimizin-temel-gayesi-milletimizin-kur-ve-enflasyon-dengesizligi-sebebiyle-maruz-kaldigi-refah-kaybini-en-kisa-surede-telafi-etmektir\/","name":"Erdo\u011fan: \u201cEkonomi program\u0131m\u0131z\u0131n temel gayesi milletimizin kur ve enflasyon dengesizli\u011fi sebebiyle maruz kald\u0131\u011f\u0131 refah kayb\u0131n\u0131 en k\u0131sa s\u00fcrede telafi etmektir\u201d - Kuzeyin Sesi","isPartOf":{"@id":"https:\/\/kuzeyinsesi.org\/#website"},"primaryImageOfPage":{"@id":"https:\/\/kuzeyinsesi.org\/index.php\/2024\/12\/28\/erdogan-ekonomi-programimizin-temel-gayesi-milletimizin-kur-ve-enflasyon-dengesizligi-sebebiyle-maruz-kaldigi-refah-kaybini-en-kisa-surede-telafi-etmektir\/#primaryimage"},"image":{"@id":"https:\/\/kuzeyinsesi.org\/index.php\/2024\/12\/28\/erdogan-ekonomi-programimizin-temel-gayesi-milletimizin-kur-ve-enflasyon-dengesizligi-sebebiyle-maruz-kaldigi-refah-kaybini-en-kisa-surede-telafi-etmektir\/#primaryimage"},"thumbnailUrl":"https:\/\/kuzeyinsesi.org\/wp-content\/uploads\/2024\/12\/1735394562926AA-20241228-36605869-36605866-AK_PARTI_BURSA_8_OLAGAN_IL_KONGRESI-scaled.jpg","datePublished":"2024-12-28T20:39:57+00:00","author":{"@id":"https:\/\/kuzeyinsesi.org\/#\/schema\/person\/9f859689cdf01485597712386e37f5aa"},"breadcrumb":{"@id":"https:\/\/kuzeyinsesi.org\/index.php\/2024\/12\/28\/erdogan-ekonomi-programimizin-temel-gayesi-milletimizin-kur-ve-enflasyon-dengesizligi-sebebiyle-maruz-kaldigi-refah-kaybini-en-kisa-surede-telafi-etmektir\/#breadcrumb"},"inLanguage":"tr","potentialAction":[{"@type":"ReadAction","target":["https:\/\/kuzeyinsesi.org\/index.php\/2024\/12\/28\/erdogan-ekonomi-programimizin-temel-gayesi-milletimizin-kur-ve-enflasyon-dengesizligi-sebebiyle-maruz-kaldigi-refah-kaybini-en-kisa-surede-telafi-etmektir\/"]}]},{"@type":"ImageObject","inLanguage":"tr","@id":"https:\/\/kuzeyinsesi.org\/index.php\/2024\/12\/28\/erdogan-ekonomi-programimizin-temel-gayesi-milletimizin-kur-ve-enflasyon-dengesizligi-sebebiyle-maruz-kaldigi-refah-kaybini-en-kisa-surede-telafi-etmektir\/#primaryimage","url":"https:\/\/kuzeyinsesi.org\/wp-content\/uploads\/2024\/12\/1735394562926AA-20241228-36605869-36605866-AK_PARTI_BURSA_8_OLAGAN_IL_KONGRESI-scaled.jpg","contentUrl":"https:\/\/kuzeyinsesi.org\/wp-content\/uploads\/2024\/12\/1735394562926AA-20241228-36605869-36605866-AK_PARTI_BURSA_8_OLAGAN_IL_KONGRESI-scaled.jpg","width":2560,"height":1680},{"@type":"BreadcrumbList","@id":"https:\/\/kuzeyinsesi.org\/index.php\/2024\/12\/28\/erdogan-ekonomi-programimizin-temel-gayesi-milletimizin-kur-ve-enflasyon-dengesizligi-sebebiyle-maruz-kaldigi-refah-kaybini-en-kisa-surede-telafi-etmektir\/#breadcrumb","itemListElement":[{"@type":"ListItem","position":1,"name":"Anasayfa","item":"https:\/\/kuzeyinsesi.org\/"},{"@type":"ListItem","position":2,"name":"Erdo\u011fan: \u201cEkonomi program\u0131m\u0131z\u0131n temel gayesi milletimizin kur ve enflasyon dengesizli\u011fi sebebiyle maruz kald\u0131\u011f\u0131 refah kayb\u0131n\u0131 en k\u0131sa s\u00fcrede telafi etmektir\u201d"}]},{"@type":"WebSite","@id":"https:\/\/kuzeyinsesi.org\/#website","url":"https:\/\/kuzeyinsesi.org\/","name":"Kuzeyin Sesi","description":"Do\u011fru Haberin Adresi","potentialAction":[{"@type":"SearchAction","target":{"@type":"EntryPoint","urlTemplate":"https:\/\/kuzeyinsesi.org\/?s={search_term_string}"},"query-input":{"@type":"PropertyValueSpecification","valueRequired":true,"valueName":"search_term_string"}}],"inLanguage":"tr"},{"@type":"Person","@id":"https:\/\/kuzeyinsesi.org\/#\/schema\/person\/9f859689cdf01485597712386e37f5aa","name":"Kuzeyin Sesi","image":{"@type":"ImageObject","inLanguage":"tr","@id":"https:\/\/secure.gravatar.com\/avatar\/bab33852abfd8b282518d6ed81826833d77c3c882d9ab608add591ccace47a44?s=96&d=mm&r=g","url":"https:\/\/secure.gravatar.com\/avatar\/bab33852abfd8b282518d6ed81826833d77c3c882d9ab608add591ccace47a44?s=96&d=mm&r=g","contentUrl":"https:\/\/secure.gravatar.com\/avatar\/bab33852abfd8b282518d6ed81826833d77c3c882d9ab608add591ccace47a44?s=96&d=mm&r=g","caption":"Kuzeyin Sesi"},"sameAs":["https:\/\/kuzeyinsesi.org"],"url":"https:\/\/kuzeyinsesi.org\/index.php\/author\/guven\/"}]}},"_links":{"self":[{"href":"https:\/\/kuzeyinsesi.org\/index.php\/wp-json\/wp\/v2\/posts\/16501","targetHints":{"allow":["GET"]}}],"collection":[{"href":"https:\/\/kuzeyinsesi.org\/index.php\/wp-json\/wp\/v2\/posts"}],"about":[{"href":"https:\/\/kuzeyinsesi.org\/index.php\/wp-json\/wp\/v2\/types\/post"}],"author":[{"embeddable":true,"href":"https:\/\/kuzeyinsesi.org\/index.php\/wp-json\/wp\/v2\/users\/1"}],"replies":[{"embeddable":true,"href":"https:\/\/kuzeyinsesi.org\/index.php\/wp-json\/wp\/v2\/comments?post=16501"}],"version-history":[{"count":0,"href":"https:\/\/kuzeyinsesi.org\/index.php\/wp-json\/wp\/v2\/posts\/16501\/revisions"}],"wp:featuredmedia":[{"embeddable":true,"href":"https:\/\/kuzeyinsesi.org\/index.php\/wp-json\/wp\/v2\/media\/16502"}],"wp:attachment":[{"href":"https:\/\/kuzeyinsesi.org\/index.php\/wp-json\/wp\/v2\/media?parent=16501"}],"wp:term":[{"taxonomy":"category","embeddable":true,"href":"https:\/\/kuzeyinsesi.org\/index.php\/wp-json\/wp\/v2\/categories?post=16501"},{"taxonomy":"post_tag","embeddable":true,"href":"https:\/\/kuzeyinsesi.org\/index.php\/wp-json\/wp\/v2\/tags?post=16501"}],"curies":[{"name":"wp","href":"https:\/\/api.w.org\/{rel}","templated":true}]}}