{"id":16499,"date":"2024-12-28T22:28:11","date_gmt":"2024-12-28T20:28:11","guid":{"rendered":"https:\/\/kuzeyinsesi.org\/index.php\/2024\/12\/28\/narin-guran-cinayeti-davasinda-karar-aciklandi\/"},"modified":"2024-12-28T22:28:11","modified_gmt":"2024-12-28T20:28:11","slug":"narin-guran-cinayeti-davasinda-karar-aciklandi","status":"publish","type":"post","link":"https:\/\/kuzeyinsesi.org\/index.php\/2024\/12\/28\/narin-guran-cinayeti-davasinda-karar-aciklandi\/","title":{"rendered":"Narin G\u00fcran cinayeti davas\u0131nda karar a\u00e7\u0131kland\u0131"},"content":{"rendered":"<div>\n<div class=\"mariselle-image-container center\">\n                                            <\/div>\n<p>Diyarbak\u0131r\u2019da 8 ya\u015f\u0131ndaki Narin G\u00fcran\u2019\u0131n \u00f6ld\u00fcr\u00fclmesine ili\u015fkin davada tutuklu yarg\u0131lanan 3 san\u0131\u011fa a\u011f\u0131rla\u015ft\u0131r\u0131lm\u0131\u015f m\u00fcebbet, Nevzat Bahtiyar\u2019a ise 4 y\u0131l 6 ay hapis cezas\u0131 verildi.<\/p>\n<p>Diyarbak\u0131r 8. A\u011f\u0131r Ceza Mahkemesi\u2019nde \u00f6nceki g\u00fcn ba\u015flayan tutuklu san\u0131klar anne Y\u00fcksel, a\u011fabey Enes ve amca Salim G\u00fcran ile Narin\u2019in cans\u0131z bedenini E\u011fertutmaz Deresi\u2019ne saklad\u0131\u011f\u0131n\u0131 itiraf eden Nevzat Bahtiyar\u2019\u0131n yarg\u0131land\u0131\u011f\u0131 davan\u0131n ikinci duru\u015fmas\u0131nda, san\u0131klara son s\u00f6zleri soruldu.<\/p>\n<p>Tutuklu san\u0131k Y\u00fcksel G\u00fcran, y\u00fcre\u011finin yaral\u0131 oldu\u011funu belirterek, \u201cRabbim \u015fahidim ve kefilimdir. K\u0131z\u0131m\u0131n katili olmad\u0131m. Bir Allah\u2019\u0131n kulunun yan\u0131nda k\u0131z\u0131ma zarar vermedim. Ba\u015f\u0131m diktir. \u015eu an katilinin yan\u0131nda cevap veriyorum. Beraatimi istiyorum.\u201d dedi.<\/p>\n<p>Tutuklu san\u0131k Enes G\u00fcran ise her zaman do\u011fruyu konu\u015ftu\u011funu savunarak, \u00fczerine at\u0131l\u0131 su\u00e7lar\u0131 kabul etmedi\u011fini ve beraatini istedi\u011fini belirtti.<\/p>\n<p>Tutuklu san\u0131k Salim G\u00fcran da Narin\u2019in, ye\u011feni oldu\u011funu hat\u0131rlatarak, \u201cCan\u0131md\u0131r, bu d\u00fcnyada ona en son zarar verecek ki\u015fi benim. \u00d6k\u00fcz meydandad\u0131r. Kimse \u00f6k\u00fcz buradad\u0131r demiyor. Su\u00e7suzum, beraatimi istiyorum.\u201d beyan\u0131nda bulundu.<\/p>\n<p>Tutuklu san\u0131k Nevzat Bahtiyar da \u201cSay\u0131n Ba\u015fkan\u2019\u0131m Narin\u2019i kesinlikle ben \u00f6ld\u00fcrmedim. Cesedi Salim G\u00fcran bana verdi. Ben de ta\u015f\u0131d\u0131m. Ta\u015f\u0131ma cezas\u0131 neyse ben raz\u0131y\u0131m. Yemin ederim kesinlikle ben \u00f6ld\u00fcrmedim.\u201d dedi.<\/p>\n<p>Mahkeme heyeti, \u201ci\u015ftirak halinde \u00e7ocu\u011fa kar\u015f\u0131 kasten \u00f6ld\u00fcrme\u201d su\u00e7undan tutuklu san\u0131klar anne Y\u00fcksel, a\u011fabey Enes ve amca Salim G\u00fcran\u2019\u0131n T\u00fcrk Ceza Kanunu\u2019nun 37\/1, 82\/1-d,e, 53\/1 ve 63. sevk maddeleri uyar\u0131nca ayr\u0131 ayr\u0131 a\u011f\u0131rla\u015ft\u0131r\u0131lm\u0131\u015f m\u00fcebbet hapis ile cezaland\u0131r\u0131lmalar\u0131na karar verdi.<\/p>\n<p>Nevzat Bahtiyar\u2019a ise \u201cSu\u00e7 delillerini yok etme, gizleme veya de\u011fi\u015ftirme\u201d su\u00e7undan 4 y\u0131l 6 ay hapis cezas\u0131 verildi.<\/p>\n<p>San\u0131klar\u0131n tutukluluk halinin devam\u0131na karar veren mahkeme heyeti, 4 san\u0131k hakk\u0131nda verilen cezalarda iyi hal indirimi uygulamad\u0131.<\/p>\n<p>\u2013          Olay<\/p>\n<p>Diyarbak\u0131r\u2019\u0131n merkez Ba\u011flar il\u00e7esinin Tav\u015fantepe Mahallesi\u2019nde 21 A\u011fustos\u2019ta kaybolan Narin G\u00fcran\u2019\u0131n 8 Eyl\u00fcl\u2019de E\u011fertutmaz Deresi\u2019nde cans\u0131z bedenine ula\u015f\u0131lm\u0131\u015ft\u0131.<\/p>\n<p>Diyarbak\u0131r Cumhuriyet Ba\u015fsavc\u0131l\u0131\u011f\u0131nca y\u00fcr\u00fct\u00fclen soru\u015fturma kapsam\u0131nda g\u00f6zalt\u0131na al\u0131nan 23 \u015f\u00fcpheliden aralar\u0131nda anne Y\u00fcksel, a\u011fabey Enes ve amca Salim G\u00fcran ile kom\u015fular\u0131 Nevzat Bahtiyar\u2019\u0131n da bulundu\u011fu 12 ki\u015fi tutuklanm\u0131\u015ft\u0131.<\/p>\n<p>Y\u00fcksel, Enes ve Salim G\u00fcran ile Nevzat Bahtiyar hakk\u0131nda y\u00fcr\u00fct\u00fclen soru\u015fturma tamamlanm\u0131\u015f, 4 san\u0131k hakk\u0131nda \u201ci\u015ftirak halinde \u00e7ocu\u011fa kar\u015f\u0131 kasten \u00f6ld\u00fcrme\u201d su\u00e7undan a\u011f\u0131rla\u015ft\u0131r\u0131lm\u0131\u015f m\u00fcebbet hapis istemiyle haz\u0131rlanan iddianame, Diyarbak\u0131r 8. A\u011f\u0131r Ceza Mahkemesince 23 Ekim\u2019de kabul edilmi\u015fti.<\/p>\n<p>San\u0131klar\u0131n yarg\u0131lanmas\u0131na 7 Kas\u0131m\u2019da ba\u015flanm\u0131\u015f, 3 g\u00fcn s\u00fcren ilk duru\u015fma, san\u0131klar\u0131n tutukluluk halinin devam\u0131na karar verilerek 26 Aral\u0131k\u2019a ertelenmi\u015fti.<\/p>\n<p>\u0130lk duru\u015fman\u0131n ard\u0131ndan cumhuriyet savc\u0131s\u0131, haz\u0131rlad\u0131\u011f\u0131 14 sayfal\u0131k m\u00fctalaay\u0131 celse aras\u0131nda mahkemeye sunmu\u015ftu.<\/p>\n<p>(AA\/FG)<\/p>\n<\/p><\/div>\n<p><script async\n                    defer\n                    crossorigin=\"anonymous\"\n                    src=\"https:\/\/connect.facebook.net\/tr_TR\/sdk.js#xfbml=1&#038;version=v3.3\"\n            ><\/script><\/p>\n","protected":false},"excerpt":{"rendered":"<p>Diyarbak\u0131r\u2019da 8 ya\u015f\u0131ndaki Narin G\u00fcran\u2019\u0131n \u00f6ld\u00fcr\u00fclmesine ili\u015fkin davada tutuklu yarg\u0131lanan 3 san\u0131\u011fa a\u011f\u0131rla\u015ft\u0131r\u0131lm\u0131\u015f m\u00fcebbet, Nevzat Bahtiyar\u2019a ise 4 y\u0131l 6 ay hapis cezas\u0131 verildi. Diyarbak\u0131r 8. A\u011f\u0131r Ceza Mahkemesi\u2019nde \u00f6nceki g\u00fcn ba\u015flayan tutuklu san\u0131klar anne Y\u00fcksel, a\u011fabey Enes ve amca Salim G\u00fcran ile Narin\u2019in cans\u0131z bedenini E\u011fertutmaz Deresi\u2019ne saklad\u0131\u011f\u0131n\u0131 itiraf eden Nevzat Bahtiyar\u2019\u0131n yarg\u0131land\u0131\u011f\u0131 davan\u0131n [&hellip;]<\/p>\n","protected":false},"author":1,"featured_media":16500,"comment_status":"open","ping_status":"open","sticky":false,"template":"","format":"standard","meta":{"jnews-multi-image_gallery":[],"jnews_single_post":[],"jnews_primary_category":[],"jnews_social_meta":[],"jnews_override_counter":[],"footnotes":""},"categories":[5],"tags":[],"class_list":["post-16499","post","type-post","status-publish","format-standard","has-post-thumbnail","hentry","category-turkiye"],"yoast_head":"<!-- This site is optimized with the Yoast SEO plugin v27.4 - https:\/\/yoast.com\/product\/yoast-seo-wordpress\/ -->\n<title>Narin G\u00fcran cinayeti davas\u0131nda karar a\u00e7\u0131kland\u0131 - Kuzeyin Sesi<\/title>\n<meta name=\"robots\" content=\"index, follow, max-snippet:-1, max-image-preview:large, max-video-preview:-1\" \/>\n<link rel=\"canonical\" href=\"https:\/\/kuzeyinsesi.org\/index.php\/2024\/12\/28\/narin-guran-cinayeti-davasinda-karar-aciklandi\/\" \/>\n<meta property=\"og:locale\" content=\"tr_TR\" \/>\n<meta property=\"og:type\" content=\"article\" \/>\n<meta property=\"og:title\" content=\"Narin G\u00fcran cinayeti davas\u0131nda karar a\u00e7\u0131kland\u0131 - Kuzeyin Sesi\" \/>\n<meta property=\"og:description\" content=\"Diyarbak\u0131r\u2019da 8 ya\u015f\u0131ndaki Narin G\u00fcran\u2019\u0131n \u00f6ld\u00fcr\u00fclmesine ili\u015fkin davada tutuklu yarg\u0131lanan 3 san\u0131\u011fa a\u011f\u0131rla\u015ft\u0131r\u0131lm\u0131\u015f m\u00fcebbet, Nevzat Bahtiyar\u2019a ise 4 y\u0131l 6 ay hapis cezas\u0131 verildi. Diyarbak\u0131r 8. A\u011f\u0131r Ceza Mahkemesi\u2019nde \u00f6nceki g\u00fcn ba\u015flayan tutuklu san\u0131klar anne Y\u00fcksel, a\u011fabey Enes ve amca Salim G\u00fcran ile Narin\u2019in cans\u0131z bedenini E\u011fertutmaz Deresi\u2019ne saklad\u0131\u011f\u0131n\u0131 itiraf eden Nevzat Bahtiyar\u2019\u0131n yarg\u0131land\u0131\u011f\u0131 davan\u0131n [&hellip;]\" \/>\n<meta property=\"og:url\" content=\"https:\/\/kuzeyinsesi.org\/index.php\/2024\/12\/28\/narin-guran-cinayeti-davasinda-karar-aciklandi\/\" \/>\n<meta property=\"og:site_name\" content=\"Kuzeyin Sesi\" \/>\n<meta property=\"article:publisher\" content=\"https:\/\/www.facebook.com\/kuzeyinsesii\" \/>\n<meta property=\"article:published_time\" content=\"2024-12-28T20:28:11+00:00\" \/>\n<meta property=\"og:image\" content=\"https:\/\/brtk.net\/wp-content\/uploads\/2024\/12\/28\/narin.jpg?ver=598ceee1a2dd261c946d76de64e87019\" \/>\n<meta name=\"author\" content=\"Kuzeyin Sesi\" \/>\n<meta name=\"twitter:card\" content=\"summary_large_image\" \/>\n<meta name=\"twitter:creator\" content=\"@kuzeyinsesii\" \/>\n<meta name=\"twitter:site\" content=\"@kuzeyinsesii\" \/>\n<meta name=\"twitter:label1\" content=\"Yazan:\" \/>\n\t<meta name=\"twitter:data1\" content=\"Kuzeyin Sesi\" \/>\n\t<meta name=\"twitter:label2\" content=\"Tahmini okuma s\u00fcresi\" \/>\n\t<meta name=\"twitter:data2\" content=\"3 dakika\" \/>\n<script type=\"application\/ld+json\" class=\"yoast-schema-graph\">{\"@context\":\"https:\\\/\\\/schema.org\",\"@graph\":[{\"@type\":\"Article\",\"@id\":\"https:\\\/\\\/kuzeyinsesi.org\\\/index.php\\\/2024\\\/12\\\/28\\\/narin-guran-cinayeti-davasinda-karar-aciklandi\\\/#article\",\"isPartOf\":{\"@id\":\"https:\\\/\\\/kuzeyinsesi.org\\\/index.php\\\/2024\\\/12\\\/28\\\/narin-guran-cinayeti-davasinda-karar-aciklandi\\\/\"},\"author\":{\"name\":\"Kuzeyin Sesi\",\"@id\":\"https:\\\/\\\/kuzeyinsesi.org\\\/#\\\/schema\\\/person\\\/9f859689cdf01485597712386e37f5aa\"},\"headline\":\"Narin G\u00fcran cinayeti davas\u0131nda karar a\u00e7\u0131kland\u0131\",\"datePublished\":\"2024-12-28T20:28:11+00:00\",\"mainEntityOfPage\":{\"@id\":\"https:\\\/\\\/kuzeyinsesi.org\\\/index.php\\\/2024\\\/12\\\/28\\\/narin-guran-cinayeti-davasinda-karar-aciklandi\\\/\"},\"wordCount\":561,\"commentCount\":0,\"image\":{\"@id\":\"https:\\\/\\\/kuzeyinsesi.org\\\/index.php\\\/2024\\\/12\\\/28\\\/narin-guran-cinayeti-davasinda-karar-aciklandi\\\/#primaryimage\"},\"thumbnailUrl\":\"https:\\\/\\\/kuzeyinsesi.org\\\/wp-content\\\/uploads\\\/2024\\\/12\\\/narin.jpg\",\"articleSection\":[\"T\u00fcrkiye\"],\"inLanguage\":\"tr\",\"potentialAction\":[{\"@type\":\"CommentAction\",\"name\":\"Comment\",\"target\":[\"https:\\\/\\\/kuzeyinsesi.org\\\/index.php\\\/2024\\\/12\\\/28\\\/narin-guran-cinayeti-davasinda-karar-aciklandi\\\/#respond\"]}]},{\"@type\":\"WebPage\",\"@id\":\"https:\\\/\\\/kuzeyinsesi.org\\\/index.php\\\/2024\\\/12\\\/28\\\/narin-guran-cinayeti-davasinda-karar-aciklandi\\\/\",\"url\":\"https:\\\/\\\/kuzeyinsesi.org\\\/index.php\\\/2024\\\/12\\\/28\\\/narin-guran-cinayeti-davasinda-karar-aciklandi\\\/\",\"name\":\"Narin G\u00fcran cinayeti davas\u0131nda karar a\u00e7\u0131kland\u0131 - Kuzeyin Sesi\",\"isPartOf\":{\"@id\":\"https:\\\/\\\/kuzeyinsesi.org\\\/#website\"},\"primaryImageOfPage\":{\"@id\":\"https:\\\/\\\/kuzeyinsesi.org\\\/index.php\\\/2024\\\/12\\\/28\\\/narin-guran-cinayeti-davasinda-karar-aciklandi\\\/#primaryimage\"},\"image\":{\"@id\":\"https:\\\/\\\/kuzeyinsesi.org\\\/index.php\\\/2024\\\/12\\\/28\\\/narin-guran-cinayeti-davasinda-karar-aciklandi\\\/#primaryimage\"},\"thumbnailUrl\":\"https:\\\/\\\/kuzeyinsesi.org\\\/wp-content\\\/uploads\\\/2024\\\/12\\\/narin.jpg\",\"datePublished\":\"2024-12-28T20:28:11+00:00\",\"author\":{\"@id\":\"https:\\\/\\\/kuzeyinsesi.org\\\/#\\\/schema\\\/person\\\/9f859689cdf01485597712386e37f5aa\"},\"breadcrumb\":{\"@id\":\"https:\\\/\\\/kuzeyinsesi.org\\\/index.php\\\/2024\\\/12\\\/28\\\/narin-guran-cinayeti-davasinda-karar-aciklandi\\\/#breadcrumb\"},\"inLanguage\":\"tr\",\"potentialAction\":[{\"@type\":\"ReadAction\",\"target\":[\"https:\\\/\\\/kuzeyinsesi.org\\\/index.php\\\/2024\\\/12\\\/28\\\/narin-guran-cinayeti-davasinda-karar-aciklandi\\\/\"]}]},{\"@type\":\"ImageObject\",\"inLanguage\":\"tr\",\"@id\":\"https:\\\/\\\/kuzeyinsesi.org\\\/index.php\\\/2024\\\/12\\\/28\\\/narin-guran-cinayeti-davasinda-karar-aciklandi\\\/#primaryimage\",\"url\":\"https:\\\/\\\/kuzeyinsesi.org\\\/wp-content\\\/uploads\\\/2024\\\/12\\\/narin.jpg\",\"contentUrl\":\"https:\\\/\\\/kuzeyinsesi.org\\\/wp-content\\\/uploads\\\/2024\\\/12\\\/narin.jpg\",\"width\":674,\"height\":378},{\"@type\":\"BreadcrumbList\",\"@id\":\"https:\\\/\\\/kuzeyinsesi.org\\\/index.php\\\/2024\\\/12\\\/28\\\/narin-guran-cinayeti-davasinda-karar-aciklandi\\\/#breadcrumb\",\"itemListElement\":[{\"@type\":\"ListItem\",\"position\":1,\"name\":\"Anasayfa\",\"item\":\"https:\\\/\\\/kuzeyinsesi.org\\\/\"},{\"@type\":\"ListItem\",\"position\":2,\"name\":\"Narin G\u00fcran cinayeti davas\u0131nda karar a\u00e7\u0131kland\u0131\"}]},{\"@type\":\"WebSite\",\"@id\":\"https:\\\/\\\/kuzeyinsesi.org\\\/#website\",\"url\":\"https:\\\/\\\/kuzeyinsesi.org\\\/\",\"name\":\"Kuzeyin Sesi\",\"description\":\"Do\u011fru Haberin Adresi\",\"potentialAction\":[{\"@type\":\"SearchAction\",\"target\":{\"@type\":\"EntryPoint\",\"urlTemplate\":\"https:\\\/\\\/kuzeyinsesi.org\\\/?s={search_term_string}\"},\"query-input\":{\"@type\":\"PropertyValueSpecification\",\"valueRequired\":true,\"valueName\":\"search_term_string\"}}],\"inLanguage\":\"tr\"},{\"@type\":\"Person\",\"@id\":\"https:\\\/\\\/kuzeyinsesi.org\\\/#\\\/schema\\\/person\\\/9f859689cdf01485597712386e37f5aa\",\"name\":\"Kuzeyin Sesi\",\"image\":{\"@type\":\"ImageObject\",\"inLanguage\":\"tr\",\"@id\":\"https:\\\/\\\/secure.gravatar.com\\\/avatar\\\/bab33852abfd8b282518d6ed81826833d77c3c882d9ab608add591ccace47a44?s=96&d=mm&r=g\",\"url\":\"https:\\\/\\\/secure.gravatar.com\\\/avatar\\\/bab33852abfd8b282518d6ed81826833d77c3c882d9ab608add591ccace47a44?s=96&d=mm&r=g\",\"contentUrl\":\"https:\\\/\\\/secure.gravatar.com\\\/avatar\\\/bab33852abfd8b282518d6ed81826833d77c3c882d9ab608add591ccace47a44?s=96&d=mm&r=g\",\"caption\":\"Kuzeyin Sesi\"},\"sameAs\":[\"https:\\\/\\\/kuzeyinsesi.org\"],\"url\":\"https:\\\/\\\/kuzeyinsesi.org\\\/index.php\\\/author\\\/guven\\\/\"}]}<\/script>\n<!-- \/ Yoast SEO plugin. -->","yoast_head_json":{"title":"Narin G\u00fcran cinayeti davas\u0131nda karar a\u00e7\u0131kland\u0131 - Kuzeyin Sesi","robots":{"index":"index","follow":"follow","max-snippet":"max-snippet:-1","max-image-preview":"max-image-preview:large","max-video-preview":"max-video-preview:-1"},"canonical":"https:\/\/kuzeyinsesi.org\/index.php\/2024\/12\/28\/narin-guran-cinayeti-davasinda-karar-aciklandi\/","og_locale":"tr_TR","og_type":"article","og_title":"Narin G\u00fcran cinayeti davas\u0131nda karar a\u00e7\u0131kland\u0131 - Kuzeyin Sesi","og_description":"Diyarbak\u0131r\u2019da 8 ya\u015f\u0131ndaki Narin G\u00fcran\u2019\u0131n \u00f6ld\u00fcr\u00fclmesine ili\u015fkin davada tutuklu yarg\u0131lanan 3 san\u0131\u011fa a\u011f\u0131rla\u015ft\u0131r\u0131lm\u0131\u015f m\u00fcebbet, Nevzat Bahtiyar\u2019a ise 4 y\u0131l 6 ay hapis cezas\u0131 verildi. Diyarbak\u0131r 8. A\u011f\u0131r Ceza Mahkemesi\u2019nde \u00f6nceki g\u00fcn ba\u015flayan tutuklu san\u0131klar anne Y\u00fcksel, a\u011fabey Enes ve amca Salim G\u00fcran ile Narin\u2019in cans\u0131z bedenini E\u011fertutmaz Deresi\u2019ne saklad\u0131\u011f\u0131n\u0131 itiraf eden Nevzat Bahtiyar\u2019\u0131n yarg\u0131land\u0131\u011f\u0131 davan\u0131n [&hellip;]","og_url":"https:\/\/kuzeyinsesi.org\/index.php\/2024\/12\/28\/narin-guran-cinayeti-davasinda-karar-aciklandi\/","og_site_name":"Kuzeyin Sesi","article_publisher":"https:\/\/www.facebook.com\/kuzeyinsesii","article_published_time":"2024-12-28T20:28:11+00:00","og_image":[{"url":"https:\/\/brtk.net\/wp-content\/uploads\/2024\/12\/28\/narin.jpg?ver=598ceee1a2dd261c946d76de64e87019","type":"","width":"","height":""}],"author":"Kuzeyin Sesi","twitter_card":"summary_large_image","twitter_creator":"@kuzeyinsesii","twitter_site":"@kuzeyinsesii","twitter_misc":{"Yazan:":"Kuzeyin Sesi","Tahmini okuma s\u00fcresi":"3 dakika"},"schema":{"@context":"https:\/\/schema.org","@graph":[{"@type":"Article","@id":"https:\/\/kuzeyinsesi.org\/index.php\/2024\/12\/28\/narin-guran-cinayeti-davasinda-karar-aciklandi\/#article","isPartOf":{"@id":"https:\/\/kuzeyinsesi.org\/index.php\/2024\/12\/28\/narin-guran-cinayeti-davasinda-karar-aciklandi\/"},"author":{"name":"Kuzeyin Sesi","@id":"https:\/\/kuzeyinsesi.org\/#\/schema\/person\/9f859689cdf01485597712386e37f5aa"},"headline":"Narin G\u00fcran cinayeti davas\u0131nda karar a\u00e7\u0131kland\u0131","datePublished":"2024-12-28T20:28:11+00:00","mainEntityOfPage":{"@id":"https:\/\/kuzeyinsesi.org\/index.php\/2024\/12\/28\/narin-guran-cinayeti-davasinda-karar-aciklandi\/"},"wordCount":561,"commentCount":0,"image":{"@id":"https:\/\/kuzeyinsesi.org\/index.php\/2024\/12\/28\/narin-guran-cinayeti-davasinda-karar-aciklandi\/#primaryimage"},"thumbnailUrl":"https:\/\/kuzeyinsesi.org\/wp-content\/uploads\/2024\/12\/narin.jpg","articleSection":["T\u00fcrkiye"],"inLanguage":"tr","potentialAction":[{"@type":"CommentAction","name":"Comment","target":["https:\/\/kuzeyinsesi.org\/index.php\/2024\/12\/28\/narin-guran-cinayeti-davasinda-karar-aciklandi\/#respond"]}]},{"@type":"WebPage","@id":"https:\/\/kuzeyinsesi.org\/index.php\/2024\/12\/28\/narin-guran-cinayeti-davasinda-karar-aciklandi\/","url":"https:\/\/kuzeyinsesi.org\/index.php\/2024\/12\/28\/narin-guran-cinayeti-davasinda-karar-aciklandi\/","name":"Narin G\u00fcran cinayeti davas\u0131nda karar a\u00e7\u0131kland\u0131 - Kuzeyin Sesi","isPartOf":{"@id":"https:\/\/kuzeyinsesi.org\/#website"},"primaryImageOfPage":{"@id":"https:\/\/kuzeyinsesi.org\/index.php\/2024\/12\/28\/narin-guran-cinayeti-davasinda-karar-aciklandi\/#primaryimage"},"image":{"@id":"https:\/\/kuzeyinsesi.org\/index.php\/2024\/12\/28\/narin-guran-cinayeti-davasinda-karar-aciklandi\/#primaryimage"},"thumbnailUrl":"https:\/\/kuzeyinsesi.org\/wp-content\/uploads\/2024\/12\/narin.jpg","datePublished":"2024-12-28T20:28:11+00:00","author":{"@id":"https:\/\/kuzeyinsesi.org\/#\/schema\/person\/9f859689cdf01485597712386e37f5aa"},"breadcrumb":{"@id":"https:\/\/kuzeyinsesi.org\/index.php\/2024\/12\/28\/narin-guran-cinayeti-davasinda-karar-aciklandi\/#breadcrumb"},"inLanguage":"tr","potentialAction":[{"@type":"ReadAction","target":["https:\/\/kuzeyinsesi.org\/index.php\/2024\/12\/28\/narin-guran-cinayeti-davasinda-karar-aciklandi\/"]}]},{"@type":"ImageObject","inLanguage":"tr","@id":"https:\/\/kuzeyinsesi.org\/index.php\/2024\/12\/28\/narin-guran-cinayeti-davasinda-karar-aciklandi\/#primaryimage","url":"https:\/\/kuzeyinsesi.org\/wp-content\/uploads\/2024\/12\/narin.jpg","contentUrl":"https:\/\/kuzeyinsesi.org\/wp-content\/uploads\/2024\/12\/narin.jpg","width":674,"height":378},{"@type":"BreadcrumbList","@id":"https:\/\/kuzeyinsesi.org\/index.php\/2024\/12\/28\/narin-guran-cinayeti-davasinda-karar-aciklandi\/#breadcrumb","itemListElement":[{"@type":"ListItem","position":1,"name":"Anasayfa","item":"https:\/\/kuzeyinsesi.org\/"},{"@type":"ListItem","position":2,"name":"Narin G\u00fcran cinayeti davas\u0131nda karar a\u00e7\u0131kland\u0131"}]},{"@type":"WebSite","@id":"https:\/\/kuzeyinsesi.org\/#website","url":"https:\/\/kuzeyinsesi.org\/","name":"Kuzeyin Sesi","description":"Do\u011fru Haberin Adresi","potentialAction":[{"@type":"SearchAction","target":{"@type":"EntryPoint","urlTemplate":"https:\/\/kuzeyinsesi.org\/?s={search_term_string}"},"query-input":{"@type":"PropertyValueSpecification","valueRequired":true,"valueName":"search_term_string"}}],"inLanguage":"tr"},{"@type":"Person","@id":"https:\/\/kuzeyinsesi.org\/#\/schema\/person\/9f859689cdf01485597712386e37f5aa","name":"Kuzeyin Sesi","image":{"@type":"ImageObject","inLanguage":"tr","@id":"https:\/\/secure.gravatar.com\/avatar\/bab33852abfd8b282518d6ed81826833d77c3c882d9ab608add591ccace47a44?s=96&d=mm&r=g","url":"https:\/\/secure.gravatar.com\/avatar\/bab33852abfd8b282518d6ed81826833d77c3c882d9ab608add591ccace47a44?s=96&d=mm&r=g","contentUrl":"https:\/\/secure.gravatar.com\/avatar\/bab33852abfd8b282518d6ed81826833d77c3c882d9ab608add591ccace47a44?s=96&d=mm&r=g","caption":"Kuzeyin Sesi"},"sameAs":["https:\/\/kuzeyinsesi.org"],"url":"https:\/\/kuzeyinsesi.org\/index.php\/author\/guven\/"}]}},"_links":{"self":[{"href":"https:\/\/kuzeyinsesi.org\/index.php\/wp-json\/wp\/v2\/posts\/16499","targetHints":{"allow":["GET"]}}],"collection":[{"href":"https:\/\/kuzeyinsesi.org\/index.php\/wp-json\/wp\/v2\/posts"}],"about":[{"href":"https:\/\/kuzeyinsesi.org\/index.php\/wp-json\/wp\/v2\/types\/post"}],"author":[{"embeddable":true,"href":"https:\/\/kuzeyinsesi.org\/index.php\/wp-json\/wp\/v2\/users\/1"}],"replies":[{"embeddable":true,"href":"https:\/\/kuzeyinsesi.org\/index.php\/wp-json\/wp\/v2\/comments?post=16499"}],"version-history":[{"count":0,"href":"https:\/\/kuzeyinsesi.org\/index.php\/wp-json\/wp\/v2\/posts\/16499\/revisions"}],"wp:featuredmedia":[{"embeddable":true,"href":"https:\/\/kuzeyinsesi.org\/index.php\/wp-json\/wp\/v2\/media\/16500"}],"wp:attachment":[{"href":"https:\/\/kuzeyinsesi.org\/index.php\/wp-json\/wp\/v2\/media?parent=16499"}],"wp:term":[{"taxonomy":"category","embeddable":true,"href":"https:\/\/kuzeyinsesi.org\/index.php\/wp-json\/wp\/v2\/categories?post=16499"},{"taxonomy":"post_tag","embeddable":true,"href":"https:\/\/kuzeyinsesi.org\/index.php\/wp-json\/wp\/v2\/tags?post=16499"}],"curies":[{"name":"wp","href":"https:\/\/api.w.org\/{rel}","templated":true}]}}