{"id":16497,"date":"2024-12-28T18:19:07","date_gmt":"2024-12-28T16:19:07","guid":{"rendered":"https:\/\/kuzeyinsesi.org\/index.php\/2024\/12\/28\/bayrakla-sesin-buyusunde-61-yil-dinletisi-ve-siyah-beyaz-yillardan-bugune-bayrak-sergisi-gerceklestirildi\/"},"modified":"2024-12-28T18:19:07","modified_gmt":"2024-12-28T16:19:07","slug":"bayrakla-sesin-buyusunde-61-yil-dinletisi-ve-siyah-beyaz-yillardan-bugune-bayrak-sergisi-gerceklestirildi","status":"publish","type":"post","link":"https:\/\/kuzeyinsesi.org\/index.php\/2024\/12\/28\/bayrakla-sesin-buyusunde-61-yil-dinletisi-ve-siyah-beyaz-yillardan-bugune-bayrak-sergisi-gerceklestirildi\/","title":{"rendered":"\u201cBayrakla, Sesin B\u00fcy\u00fcs\u00fcnde 61 Y\u0131l\u201d dinletisi ve \u201cSiyah Beyaz Y\u0131llardan Bug\u00fcne Bayrak\u201d sergisi ger\u00e7ekle\u015ftirildi"},"content":{"rendered":"<div>\n<div class=\"mariselle-image-container center\">\n                                            <\/div>\n<p>\tBayrak Radyo Televizyon Kurumu\u2019nun 61\u2019inci kurulu\u015f y\u0131ld\u00f6n\u00fcm\u00fc dolay\u0131s\u0131yla Lefko\u015fa Bedesten\u2019de \u201cBayrakla, Sesin B\u00fcy\u00fcs\u00fcnde 61 Y\u0131l\u201d dinletisi ve \u201cSiyah Beyaz Y\u0131llardan Bug\u00fcne Bayrak\u201d Sergisi ger\u00e7ekle\u015ftirildi.<\/p>\n<div class=\"mariselle-image-container center\">\n                <img decoding=\"async\" width=\"2048\" height=\"1536\" class=\"lazy-image\" alt=\"\" sizes=\"(max-width: 2048px) 100vw, 2048px\" src=\"https:\/\/brtk.net\/wp-content\/uploads\/2024\/12\/28\/471654591_8561408630652182_5240625541801011269_n.jpg?ver=706251aad3aa7170551517b0575e6b5f\" srcset=\"https:\/\/brtk.net\/wp-content\/uploads\/2024\/12\/28\/471654591_8561408630652182_5240625541801011269_n.jpg?ver=706251aad3aa7170551517b0575e6b5f 2048w, https:\/\/brtk.net\/wp-content\/uploads\/2024\/12\/28\/471654591_8561408630652182_5240625541801011269_n-300x225.jpg?ver=a3cbad33348810c90294a99c1058b8b8 300w, https:\/\/brtk.net\/wp-content\/uploads\/2024\/12\/28\/471654591_8561408630652182_5240625541801011269_n-1024x768.jpg?ver=a3cbad33348810c90294a99c1058b8b8 1024w, https:\/\/brtk.net\/wp-content\/uploads\/2024\/12\/28\/471654591_8561408630652182_5240625541801011269_n-768x576.jpg?ver=a3cbad33348810c90294a99c1058b8b8 768w, https:\/\/brtk.net\/wp-content\/uploads\/2024\/12\/28\/471654591_8561408630652182_5240625541801011269_n-1536x1152.jpg?ver=cc0a8b53c8da7106694f91a28b4b8313 1536w\"\/>                            <\/div>\n<p>\nA\u00e7\u0131l\u0131\u015fta konu\u015fan BRT Radyosu E\u011fitim K\u00fclt\u00fcr Yay\u0131nlar\u0131 Amiri Bet\u00fcl Aslan Akku\u015f etkinli\u011fin amac\u0131 hakk\u0131nda bilgi verdi.<br \/>\nEtkinlikte Cumhurba\u015fkan\u0131 Ersin Tatar da bir konu\u015fma yapt\u0131.<\/p>\n<p>Ta\u011fma\u00e7 \u00c7ankaya Gong Seans\u0131\u2019n\u0131n da yer ald\u0131\u011f\u0131 etkinlikte \u201cSes Bayrak Belgeseli\u201d g\u00f6sterildi.<\/p>\n<div class=\"mariselle-image-container center\">\n                <img decoding=\"async\" width=\"1165\" height=\"666\" class=\"lazy-image\" alt=\"\" sizes=\"(max-width: 1165px) 100vw, 1165px\" src=\"https:\/\/brtk.net\/wp-content\/uploads\/2024\/12\/28\/471582063_8561409617318750_1193419516908972650_n.jpg?ver=d4d3a71f7f86c052e027f8bf650ab934\" srcset=\"https:\/\/brtk.net\/wp-content\/uploads\/2024\/12\/28\/471582063_8561409617318750_1193419516908972650_n.jpg?ver=d4d3a71f7f86c052e027f8bf650ab934 1165w, https:\/\/brtk.net\/wp-content\/uploads\/2024\/12\/28\/471582063_8561409617318750_1193419516908972650_n-300x172.jpg?ver=72a3ef31ad23914a67e3a65cb15bfca5 300w, https:\/\/brtk.net\/wp-content\/uploads\/2024\/12\/28\/471582063_8561409617318750_1193419516908972650_n-1024x585.jpg?ver=72a3ef31ad23914a67e3a65cb15bfca5 1024w, https:\/\/brtk.net\/wp-content\/uploads\/2024\/12\/28\/471582063_8561409617318750_1193419516908972650_n-768x439.jpg?ver=72a3ef31ad23914a67e3a65cb15bfca5 768w\"\/>                            <\/div>\n<p> Deneyimli sanat\u00e7\u0131lar\u0131m\u0131zdan Y\u0131lmaz Taner ise akordeon mar\u015f performans\u0131 sergiledi.<\/p>\n<p>G\u00f6ksu Sungurtekin taraf\u0131ndan Jale Dervi\u015f\u2019in \u201cVatan\u0131m Memleketim\u201d isimli eserinin piyano ile \u00e7al\u0131nd\u0131\u011f\u0131 gecede, eseri Jale Dervi\u015f\u2019in k\u0131z\u0131 S\u00fcmer Sungurtekin seslendirdi.<\/p>\n<p>Gecede daha sonra Ahmet Belevi sahne ald\u0131..<\/p>\n<p>Etkinlikte, efsanevi grup Bayrak Quartet\u2019in sunumu da yap\u0131ld\u0131\u2026.<\/p>\n<p>Sanat\u00e7\u0131 H\u00fcseyin K\u0131rm\u0131z\u0131\u2019n\u0131n BRT\u2019nin 61\u2019inci y\u0131l\u0131na \u00f6zel besteledi\u011fi \u201cYolculuk\u201d isimli eseri ilk kez  sunuldu.<\/p>\n<div class=\"mariselle-image-container center\">\n                <img decoding=\"async\" width=\"2048\" height=\"1536\" class=\"lazy-image\" alt=\"\" sizes=\"(max-width: 2048px) 100vw, 2048px\" src=\"https:\/\/brtk.net\/wp-content\/uploads\/2024\/12\/28\/471696954_8561409773985401_1925186250651399914_n.jpg?ver=f1ecf92f1ac9de2151740a963cbaa449\" srcset=\"https:\/\/brtk.net\/wp-content\/uploads\/2024\/12\/28\/471696954_8561409773985401_1925186250651399914_n.jpg?ver=f1ecf92f1ac9de2151740a963cbaa449 2048w, https:\/\/brtk.net\/wp-content\/uploads\/2024\/12\/28\/471696954_8561409773985401_1925186250651399914_n-300x225.jpg?ver=f1ecf92f1ac9de2151740a963cbaa449 300w, https:\/\/brtk.net\/wp-content\/uploads\/2024\/12\/28\/471696954_8561409773985401_1925186250651399914_n-1024x768.jpg?ver=196ea0aaf26f5ff752438a2b824c7a67 1024w, https:\/\/brtk.net\/wp-content\/uploads\/2024\/12\/28\/471696954_8561409773985401_1925186250651399914_n-768x576.jpg?ver=196ea0aaf26f5ff752438a2b824c7a67 768w, https:\/\/brtk.net\/wp-content\/uploads\/2024\/12\/28\/471696954_8561409773985401_1925186250651399914_n-1536x1152.jpg?ver=ff05e9db771f223aec1d6a66b7fb6519 1536w\"\/>                            <\/div>\n<p>Etkinli\u011fin sonunda, \u00fclkenin efsane gruplar\u0131ndan S\u0131la 4 ve Arda G\u00fcnd\u00fcz de sahne ald\u0131\u2026<\/p>\n<p>Cumhurba\u015fkan\u0131 Ersin Tatar\u2019\u0131n e\u015fi Sibel Tatar da gecede sanat\u00e7\u0131lara e\u015flik etti\u2026<\/p>\n<div class=\"mariselle-image-container center\">\n                <img decoding=\"async\" width=\"1125\" height=\"2000\" class=\"lazy-image\" alt=\"\" sizes=\"(max-width: 1125px) 100vw, 1125px\" src=\"https:\/\/brtk.net\/wp-content\/uploads\/2024\/12\/28\/471650689_8561409263985452_1588635158892175299_n.jpg?ver=b65d413f70952bd72969e0decb1af51d\" srcset=\"https:\/\/brtk.net\/wp-content\/uploads\/2024\/12\/28\/471650689_8561409263985452_1588635158892175299_n.jpg?ver=b65d413f70952bd72969e0decb1af51d 1125w, https:\/\/brtk.net\/wp-content\/uploads\/2024\/12\/28\/471650689_8561409263985452_1588635158892175299_n-169x300.jpg?ver=95a510cf824195f787324b2796fd0290 169w, https:\/\/brtk.net\/wp-content\/uploads\/2024\/12\/28\/471650689_8561409263985452_1588635158892175299_n-576x1024.jpg?ver=95a510cf824195f787324b2796fd0290 576w, https:\/\/brtk.net\/wp-content\/uploads\/2024\/12\/28\/471650689_8561409263985452_1588635158892175299_n-768x1365.jpg?ver=dfa1fd839565f392f372bcb76c0ee326 768w, https:\/\/brtk.net\/wp-content\/uploads\/2024\/12\/28\/471650689_8561409263985452_1588635158892175299_n-864x1536.jpg?ver=dfa1fd839565f392f372bcb76c0ee326 864w\"\/>                            <\/div>\n<p>\nBayrak Radyo Televizyon Kurumu M\u00fcd\u00fcr\u00fc Meryem \u00d6zkurt da etkinli\u011fin d\u00fczenlenmesinde eme\u011fi ge\u00e7enlere ve kat\u0131lanlara te\u015fekk\u00fcr etti\u2026<\/p>\n<div class=\"mariselle-image-container center\">\n                <img decoding=\"async\" width=\"1076\" height=\"1399\" class=\"lazy-image\" alt=\"\" sizes=\"(max-width: 1076px) 100vw, 1076px\" src=\"https:\/\/brtk.net\/wp-content\/uploads\/2024\/12\/28\/471681502_8561408907318821_6513896503558824708_n.jpg?ver=4a29ccd55e3c4ab3cbe96f433b19da78\" srcset=\"https:\/\/brtk.net\/wp-content\/uploads\/2024\/12\/28\/471681502_8561408907318821_6513896503558824708_n.jpg?ver=4a29ccd55e3c4ab3cbe96f433b19da78 1076w, https:\/\/brtk.net\/wp-content\/uploads\/2024\/12\/28\/471681502_8561408907318821_6513896503558824708_n-231x300.jpg?ver=bcf35911b20a299cb623184baaeb85da 231w, https:\/\/brtk.net\/wp-content\/uploads\/2024\/12\/28\/471681502_8561408907318821_6513896503558824708_n-788x1024.jpg?ver=bcf35911b20a299cb623184baaeb85da 788w, https:\/\/brtk.net\/wp-content\/uploads\/2024\/12\/28\/471681502_8561408907318821_6513896503558824708_n-768x999.jpg?ver=bcf35911b20a299cb623184baaeb85da 768w\"\/>                            <\/div>\n<div class=\"mariselle-image-container center\">\n                <img decoding=\"async\" width=\"1163\" height=\"1450\" class=\"lazy-image\" alt=\"\" sizes=\"(max-width: 1163px) 100vw, 1163px\" src=\"https:\/\/brtk.net\/wp-content\/uploads\/2024\/12\/28\/471618768_8561409443985434_4466814545187553219_n.jpg?ver=f329297a7af9586acd06aec5a4e7e49d\" srcset=\"https:\/\/brtk.net\/wp-content\/uploads\/2024\/12\/28\/471618768_8561409443985434_4466814545187553219_n.jpg?ver=f329297a7af9586acd06aec5a4e7e49d 1163w, https:\/\/brtk.net\/wp-content\/uploads\/2024\/12\/28\/471618768_8561409443985434_4466814545187553219_n-241x300.jpg?ver=2bbcf364bc2cba496135ccbe5833acd9 241w, https:\/\/brtk.net\/wp-content\/uploads\/2024\/12\/28\/471618768_8561409443985434_4466814545187553219_n-821x1024.jpg?ver=2bbcf364bc2cba496135ccbe5833acd9 821w, https:\/\/brtk.net\/wp-content\/uploads\/2024\/12\/28\/471618768_8561409443985434_4466814545187553219_n-768x958.jpg?ver=0b630203b74aa209946a6937ee383596 768w\"\/>                            <\/div>\n<div class=\"mariselle-image-container center\">\n                <img decoding=\"async\" width=\"1110\" height=\"1582\" class=\"lazy-image\" alt=\"\" sizes=\"(max-width: 1110px) 100vw, 1110px\" src=\"https:\/\/brtk.net\/wp-content\/uploads\/2024\/12\/28\/471570545_8561409343985444_1868977015721820946_n.jpg?ver=15ca299dc079375281f7b76e9c450151\" srcset=\"https:\/\/brtk.net\/wp-content\/uploads\/2024\/12\/28\/471570545_8561409343985444_1868977015721820946_n.jpg?ver=15ca299dc079375281f7b76e9c450151 1110w, https:\/\/brtk.net\/wp-content\/uploads\/2024\/12\/28\/471570545_8561409343985444_1868977015721820946_n-210x300.jpg?ver=5614cc6d570f7d97e24f166c96c70d17 210w, https:\/\/brtk.net\/wp-content\/uploads\/2024\/12\/28\/471570545_8561409343985444_1868977015721820946_n-718x1024.jpg?ver=5614cc6d570f7d97e24f166c96c70d17 718w, https:\/\/brtk.net\/wp-content\/uploads\/2024\/12\/28\/471570545_8561409343985444_1868977015721820946_n-768x1095.jpg?ver=5614cc6d570f7d97e24f166c96c70d17 768w, https:\/\/brtk.net\/wp-content\/uploads\/2024\/12\/28\/471570545_8561409343985444_1868977015721820946_n-1078x1536.jpg?ver=43be72a349a8ebe764e605442151b757 1078w\"\/>                            <\/div>\n<div class=\"mariselle-image-container center\">\n                <img decoding=\"async\" width=\"2048\" height=\"1536\" class=\"lazy-image\" alt=\"\" sizes=\"(max-width: 2048px) 100vw, 2048px\" src=\"https:\/\/brtk.net\/wp-content\/uploads\/2024\/12\/28\/471769210_8561408840652161_2192660724072479712_n.jpg?ver=0ba7e989b24fd770c640814fbbea31cb\" srcset=\"https:\/\/brtk.net\/wp-content\/uploads\/2024\/12\/28\/471769210_8561408840652161_2192660724072479712_n.jpg?ver=0ba7e989b24fd770c640814fbbea31cb 2048w, https:\/\/brtk.net\/wp-content\/uploads\/2024\/12\/28\/471769210_8561408840652161_2192660724072479712_n-300x225.jpg?ver=ef1a026f5c75f619ec3989fea3342c3a 300w, https:\/\/brtk.net\/wp-content\/uploads\/2024\/12\/28\/471769210_8561408840652161_2192660724072479712_n-1024x768.jpg?ver=ef1a026f5c75f619ec3989fea3342c3a 1024w, https:\/\/brtk.net\/wp-content\/uploads\/2024\/12\/28\/471769210_8561408840652161_2192660724072479712_n-768x576.jpg?ver=64e2281049b1a96b193fd090bff1a0e9 768w, https:\/\/brtk.net\/wp-content\/uploads\/2024\/12\/28\/471769210_8561408840652161_2192660724072479712_n-1536x1152.jpg?ver=64e2281049b1a96b193fd090bff1a0e9 1536w\"\/>                            <\/div>\n<div class=\"mariselle-image-container center\">\n                <img decoding=\"async\" width=\"2048\" height=\"1536\" class=\"lazy-image\" alt=\"\" sizes=\"(max-width: 2048px) 100vw, 2048px\" src=\"https:\/\/brtk.net\/wp-content\/uploads\/2024\/12\/28\/471622529_8561410527318659_907318553694236483_n.jpg?ver=be13f119ed94eacc68cdadbadc41b7ac\" srcset=\"https:\/\/brtk.net\/wp-content\/uploads\/2024\/12\/28\/471622529_8561410527318659_907318553694236483_n.jpg?ver=be13f119ed94eacc68cdadbadc41b7ac 2048w, https:\/\/brtk.net\/wp-content\/uploads\/2024\/12\/28\/471622529_8561410527318659_907318553694236483_n-300x225.jpg?ver=072f2518ae03a93dc5b1041c30266995 300w, https:\/\/brtk.net\/wp-content\/uploads\/2024\/12\/28\/471622529_8561410527318659_907318553694236483_n-1024x768.jpg?ver=072f2518ae03a93dc5b1041c30266995 1024w, https:\/\/brtk.net\/wp-content\/uploads\/2024\/12\/28\/471622529_8561410527318659_907318553694236483_n-768x576.jpg?ver=072f2518ae03a93dc5b1041c30266995 768w, https:\/\/brtk.net\/wp-content\/uploads\/2024\/12\/28\/471622529_8561410527318659_907318553694236483_n-1536x1152.jpg?ver=54205bfcba1785b4e3108ab0a6d46c58 1536w\"\/>                            <\/div><\/div>\n<p><script async\n                    defer\n                    crossorigin=\"anonymous\"\n                    src=\"https:\/\/connect.facebook.net\/tr_TR\/sdk.js#xfbml=1&#038;version=v3.3\"\n            ><\/script><\/p>\n","protected":false},"excerpt":{"rendered":"<p>Bayrak Radyo Televizyon Kurumu\u2019nun 61\u2019inci kurulu\u015f y\u0131ld\u00f6n\u00fcm\u00fc dolay\u0131s\u0131yla Lefko\u015fa Bedesten\u2019de \u201cBayrakla, Sesin B\u00fcy\u00fcs\u00fcnde 61 Y\u0131l\u201d dinletisi ve \u201cSiyah Beyaz Y\u0131llardan Bug\u00fcne Bayrak\u201d Sergisi ger\u00e7ekle\u015ftirildi. A\u00e7\u0131l\u0131\u015fta konu\u015fan BRT Radyosu E\u011fitim K\u00fclt\u00fcr Yay\u0131nlar\u0131 Amiri Bet\u00fcl Aslan Akku\u015f etkinli\u011fin amac\u0131 hakk\u0131nda bilgi verdi. Etkinlikte Cumhurba\u015fkan\u0131 Ersin Tatar da bir konu\u015fma yapt\u0131. Ta\u011fma\u00e7 \u00c7ankaya Gong Seans\u0131\u2019n\u0131n da yer ald\u0131\u011f\u0131 [&hellip;]<\/p>\n","protected":false},"author":1,"featured_media":16498,"comment_status":"open","ping_status":"open","sticky":false,"template":"","format":"standard","meta":{"jnews-multi-image_gallery":[],"jnews_single_post":[],"jnews_primary_category":[],"jnews_social_meta":[],"jnews_override_counter":[],"footnotes":""},"categories":[6],"tags":[],"class_list":["post-16497","post","type-post","status-publish","format-standard","has-post-thumbnail","hentry","category-yasam"],"yoast_head":"<!-- This site is optimized with the Yoast SEO plugin v27.4 - https:\/\/yoast.com\/product\/yoast-seo-wordpress\/ -->\n<title>\u201cBayrakla, Sesin B\u00fcy\u00fcs\u00fcnde 61 Y\u0131l\u201d dinletisi ve \u201cSiyah Beyaz Y\u0131llardan Bug\u00fcne Bayrak\u201d sergisi ger\u00e7ekle\u015ftirildi - Kuzeyin Sesi<\/title>\n<meta name=\"robots\" content=\"index, follow, max-snippet:-1, max-image-preview:large, max-video-preview:-1\" \/>\n<link rel=\"canonical\" href=\"https:\/\/kuzeyinsesi.org\/index.php\/2024\/12\/28\/bayrakla-sesin-buyusunde-61-yil-dinletisi-ve-siyah-beyaz-yillardan-bugune-bayrak-sergisi-gerceklestirildi\/\" \/>\n<meta property=\"og:locale\" content=\"tr_TR\" \/>\n<meta property=\"og:type\" content=\"article\" \/>\n<meta property=\"og:title\" content=\"\u201cBayrakla, Sesin B\u00fcy\u00fcs\u00fcnde 61 Y\u0131l\u201d dinletisi ve \u201cSiyah Beyaz Y\u0131llardan Bug\u00fcne Bayrak\u201d sergisi ger\u00e7ekle\u015ftirildi - Kuzeyin Sesi\" \/>\n<meta property=\"og:description\" content=\"Bayrak Radyo Televizyon Kurumu\u2019nun 61\u2019inci kurulu\u015f y\u0131ld\u00f6n\u00fcm\u00fc dolay\u0131s\u0131yla Lefko\u015fa Bedesten\u2019de \u201cBayrakla, Sesin B\u00fcy\u00fcs\u00fcnde 61 Y\u0131l\u201d dinletisi ve \u201cSiyah Beyaz Y\u0131llardan Bug\u00fcne Bayrak\u201d Sergisi ger\u00e7ekle\u015ftirildi. A\u00e7\u0131l\u0131\u015fta konu\u015fan BRT Radyosu E\u011fitim K\u00fclt\u00fcr Yay\u0131nlar\u0131 Amiri Bet\u00fcl Aslan Akku\u015f etkinli\u011fin amac\u0131 hakk\u0131nda bilgi verdi. Etkinlikte Cumhurba\u015fkan\u0131 Ersin Tatar da bir konu\u015fma yapt\u0131. Ta\u011fma\u00e7 \u00c7ankaya Gong Seans\u0131\u2019n\u0131n da yer ald\u0131\u011f\u0131 [&hellip;]\" \/>\n<meta property=\"og:url\" content=\"https:\/\/kuzeyinsesi.org\/index.php\/2024\/12\/28\/bayrakla-sesin-buyusunde-61-yil-dinletisi-ve-siyah-beyaz-yillardan-bugune-bayrak-sergisi-gerceklestirildi\/\" \/>\n<meta property=\"og:site_name\" content=\"Kuzeyin Sesi\" \/>\n<meta property=\"article:publisher\" content=\"https:\/\/www.facebook.com\/kuzeyinsesii\" \/>\n<meta property=\"article:published_time\" content=\"2024-12-28T16:19:07+00:00\" \/>\n<meta property=\"og:image\" content=\"https:\/\/brtk.net\/wp-content\/uploads\/2024\/12\/28\/471524814_8561409923985386_714136204525940678_n.jpg?ver=486c4df963ca0b54f905fbceb6822b79\" \/>\n<meta name=\"author\" content=\"Kuzeyin Sesi\" \/>\n<meta name=\"twitter:card\" content=\"summary_large_image\" \/>\n<meta name=\"twitter:creator\" content=\"@kuzeyinsesii\" \/>\n<meta name=\"twitter:site\" content=\"@kuzeyinsesii\" \/>\n<meta name=\"twitter:label1\" content=\"Yazan:\" \/>\n\t<meta name=\"twitter:data1\" content=\"Kuzeyin Sesi\" \/>\n\t<meta name=\"twitter:label2\" content=\"Tahmini okuma s\u00fcresi\" \/>\n\t<meta name=\"twitter:data2\" content=\"1 dakika\" \/>\n<script type=\"application\/ld+json\" class=\"yoast-schema-graph\">{\"@context\":\"https:\\\/\\\/schema.org\",\"@graph\":[{\"@type\":\"Article\",\"@id\":\"https:\\\/\\\/kuzeyinsesi.org\\\/index.php\\\/2024\\\/12\\\/28\\\/bayrakla-sesin-buyusunde-61-yil-dinletisi-ve-siyah-beyaz-yillardan-bugune-bayrak-sergisi-gerceklestirildi\\\/#article\",\"isPartOf\":{\"@id\":\"https:\\\/\\\/kuzeyinsesi.org\\\/index.php\\\/2024\\\/12\\\/28\\\/bayrakla-sesin-buyusunde-61-yil-dinletisi-ve-siyah-beyaz-yillardan-bugune-bayrak-sergisi-gerceklestirildi\\\/\"},\"author\":{\"name\":\"Kuzeyin Sesi\",\"@id\":\"https:\\\/\\\/kuzeyinsesi.org\\\/#\\\/schema\\\/person\\\/9f859689cdf01485597712386e37f5aa\"},\"headline\":\"\u201cBayrakla, Sesin B\u00fcy\u00fcs\u00fcnde 61 Y\u0131l\u201d dinletisi ve \u201cSiyah Beyaz Y\u0131llardan Bug\u00fcne Bayrak\u201d sergisi ger\u00e7ekle\u015ftirildi\",\"datePublished\":\"2024-12-28T16:19:07+00:00\",\"mainEntityOfPage\":{\"@id\":\"https:\\\/\\\/kuzeyinsesi.org\\\/index.php\\\/2024\\\/12\\\/28\\\/bayrakla-sesin-buyusunde-61-yil-dinletisi-ve-siyah-beyaz-yillardan-bugune-bayrak-sergisi-gerceklestirildi\\\/\"},\"wordCount\":251,\"commentCount\":0,\"image\":{\"@id\":\"https:\\\/\\\/kuzeyinsesi.org\\\/index.php\\\/2024\\\/12\\\/28\\\/bayrakla-sesin-buyusunde-61-yil-dinletisi-ve-siyah-beyaz-yillardan-bugune-bayrak-sergisi-gerceklestirildi\\\/#primaryimage\"},\"thumbnailUrl\":\"https:\\\/\\\/kuzeyinsesi.org\\\/wp-content\\\/uploads\\\/2024\\\/12\\\/InShot_20241228_181816983-scaled.jpg\",\"articleSection\":[\"Ya\u015fam\"],\"inLanguage\":\"tr\",\"potentialAction\":[{\"@type\":\"CommentAction\",\"name\":\"Comment\",\"target\":[\"https:\\\/\\\/kuzeyinsesi.org\\\/index.php\\\/2024\\\/12\\\/28\\\/bayrakla-sesin-buyusunde-61-yil-dinletisi-ve-siyah-beyaz-yillardan-bugune-bayrak-sergisi-gerceklestirildi\\\/#respond\"]}]},{\"@type\":\"WebPage\",\"@id\":\"https:\\\/\\\/kuzeyinsesi.org\\\/index.php\\\/2024\\\/12\\\/28\\\/bayrakla-sesin-buyusunde-61-yil-dinletisi-ve-siyah-beyaz-yillardan-bugune-bayrak-sergisi-gerceklestirildi\\\/\",\"url\":\"https:\\\/\\\/kuzeyinsesi.org\\\/index.php\\\/2024\\\/12\\\/28\\\/bayrakla-sesin-buyusunde-61-yil-dinletisi-ve-siyah-beyaz-yillardan-bugune-bayrak-sergisi-gerceklestirildi\\\/\",\"name\":\"\u201cBayrakla, Sesin B\u00fcy\u00fcs\u00fcnde 61 Y\u0131l\u201d dinletisi ve \u201cSiyah Beyaz Y\u0131llardan Bug\u00fcne Bayrak\u201d sergisi ger\u00e7ekle\u015ftirildi - Kuzeyin Sesi\",\"isPartOf\":{\"@id\":\"https:\\\/\\\/kuzeyinsesi.org\\\/#website\"},\"primaryImageOfPage\":{\"@id\":\"https:\\\/\\\/kuzeyinsesi.org\\\/index.php\\\/2024\\\/12\\\/28\\\/bayrakla-sesin-buyusunde-61-yil-dinletisi-ve-siyah-beyaz-yillardan-bugune-bayrak-sergisi-gerceklestirildi\\\/#primaryimage\"},\"image\":{\"@id\":\"https:\\\/\\\/kuzeyinsesi.org\\\/index.php\\\/2024\\\/12\\\/28\\\/bayrakla-sesin-buyusunde-61-yil-dinletisi-ve-siyah-beyaz-yillardan-bugune-bayrak-sergisi-gerceklestirildi\\\/#primaryimage\"},\"thumbnailUrl\":\"https:\\\/\\\/kuzeyinsesi.org\\\/wp-content\\\/uploads\\\/2024\\\/12\\\/InShot_20241228_181816983-scaled.jpg\",\"datePublished\":\"2024-12-28T16:19:07+00:00\",\"author\":{\"@id\":\"https:\\\/\\\/kuzeyinsesi.org\\\/#\\\/schema\\\/person\\\/9f859689cdf01485597712386e37f5aa\"},\"breadcrumb\":{\"@id\":\"https:\\\/\\\/kuzeyinsesi.org\\\/index.php\\\/2024\\\/12\\\/28\\\/bayrakla-sesin-buyusunde-61-yil-dinletisi-ve-siyah-beyaz-yillardan-bugune-bayrak-sergisi-gerceklestirildi\\\/#breadcrumb\"},\"inLanguage\":\"tr\",\"potentialAction\":[{\"@type\":\"ReadAction\",\"target\":[\"https:\\\/\\\/kuzeyinsesi.org\\\/index.php\\\/2024\\\/12\\\/28\\\/bayrakla-sesin-buyusunde-61-yil-dinletisi-ve-siyah-beyaz-yillardan-bugune-bayrak-sergisi-gerceklestirildi\\\/\"]}]},{\"@type\":\"ImageObject\",\"inLanguage\":\"tr\",\"@id\":\"https:\\\/\\\/kuzeyinsesi.org\\\/index.php\\\/2024\\\/12\\\/28\\\/bayrakla-sesin-buyusunde-61-yil-dinletisi-ve-siyah-beyaz-yillardan-bugune-bayrak-sergisi-gerceklestirildi\\\/#primaryimage\",\"url\":\"https:\\\/\\\/kuzeyinsesi.org\\\/wp-content\\\/uploads\\\/2024\\\/12\\\/InShot_20241228_181816983-scaled.jpg\",\"contentUrl\":\"https:\\\/\\\/kuzeyinsesi.org\\\/wp-content\\\/uploads\\\/2024\\\/12\\\/InShot_20241228_181816983-scaled.jpg\",\"width\":2560,\"height\":1439},{\"@type\":\"BreadcrumbList\",\"@id\":\"https:\\\/\\\/kuzeyinsesi.org\\\/index.php\\\/2024\\\/12\\\/28\\\/bayrakla-sesin-buyusunde-61-yil-dinletisi-ve-siyah-beyaz-yillardan-bugune-bayrak-sergisi-gerceklestirildi\\\/#breadcrumb\",\"itemListElement\":[{\"@type\":\"ListItem\",\"position\":1,\"name\":\"Anasayfa\",\"item\":\"https:\\\/\\\/kuzeyinsesi.org\\\/\"},{\"@type\":\"ListItem\",\"position\":2,\"name\":\"\u201cBayrakla, Sesin B\u00fcy\u00fcs\u00fcnde 61 Y\u0131l\u201d dinletisi ve \u201cSiyah Beyaz Y\u0131llardan Bug\u00fcne Bayrak\u201d sergisi ger\u00e7ekle\u015ftirildi\"}]},{\"@type\":\"WebSite\",\"@id\":\"https:\\\/\\\/kuzeyinsesi.org\\\/#website\",\"url\":\"https:\\\/\\\/kuzeyinsesi.org\\\/\",\"name\":\"Kuzeyin Sesi\",\"description\":\"Do\u011fru Haberin Adresi\",\"potentialAction\":[{\"@type\":\"SearchAction\",\"target\":{\"@type\":\"EntryPoint\",\"urlTemplate\":\"https:\\\/\\\/kuzeyinsesi.org\\\/?s={search_term_string}\"},\"query-input\":{\"@type\":\"PropertyValueSpecification\",\"valueRequired\":true,\"valueName\":\"search_term_string\"}}],\"inLanguage\":\"tr\"},{\"@type\":\"Person\",\"@id\":\"https:\\\/\\\/kuzeyinsesi.org\\\/#\\\/schema\\\/person\\\/9f859689cdf01485597712386e37f5aa\",\"name\":\"Kuzeyin Sesi\",\"image\":{\"@type\":\"ImageObject\",\"inLanguage\":\"tr\",\"@id\":\"https:\\\/\\\/secure.gravatar.com\\\/avatar\\\/bab33852abfd8b282518d6ed81826833d77c3c882d9ab608add591ccace47a44?s=96&d=mm&r=g\",\"url\":\"https:\\\/\\\/secure.gravatar.com\\\/avatar\\\/bab33852abfd8b282518d6ed81826833d77c3c882d9ab608add591ccace47a44?s=96&d=mm&r=g\",\"contentUrl\":\"https:\\\/\\\/secure.gravatar.com\\\/avatar\\\/bab33852abfd8b282518d6ed81826833d77c3c882d9ab608add591ccace47a44?s=96&d=mm&r=g\",\"caption\":\"Kuzeyin Sesi\"},\"sameAs\":[\"https:\\\/\\\/kuzeyinsesi.org\"],\"url\":\"https:\\\/\\\/kuzeyinsesi.org\\\/index.php\\\/author\\\/guven\\\/\"}]}<\/script>\n<!-- \/ Yoast SEO plugin. -->","yoast_head_json":{"title":"\u201cBayrakla, Sesin B\u00fcy\u00fcs\u00fcnde 61 Y\u0131l\u201d dinletisi ve \u201cSiyah Beyaz Y\u0131llardan Bug\u00fcne Bayrak\u201d sergisi ger\u00e7ekle\u015ftirildi - Kuzeyin Sesi","robots":{"index":"index","follow":"follow","max-snippet":"max-snippet:-1","max-image-preview":"max-image-preview:large","max-video-preview":"max-video-preview:-1"},"canonical":"https:\/\/kuzeyinsesi.org\/index.php\/2024\/12\/28\/bayrakla-sesin-buyusunde-61-yil-dinletisi-ve-siyah-beyaz-yillardan-bugune-bayrak-sergisi-gerceklestirildi\/","og_locale":"tr_TR","og_type":"article","og_title":"\u201cBayrakla, Sesin B\u00fcy\u00fcs\u00fcnde 61 Y\u0131l\u201d dinletisi ve \u201cSiyah Beyaz Y\u0131llardan Bug\u00fcne Bayrak\u201d sergisi ger\u00e7ekle\u015ftirildi - Kuzeyin Sesi","og_description":"Bayrak Radyo Televizyon Kurumu\u2019nun 61\u2019inci kurulu\u015f y\u0131ld\u00f6n\u00fcm\u00fc dolay\u0131s\u0131yla Lefko\u015fa Bedesten\u2019de \u201cBayrakla, Sesin B\u00fcy\u00fcs\u00fcnde 61 Y\u0131l\u201d dinletisi ve \u201cSiyah Beyaz Y\u0131llardan Bug\u00fcne Bayrak\u201d Sergisi ger\u00e7ekle\u015ftirildi. A\u00e7\u0131l\u0131\u015fta konu\u015fan BRT Radyosu E\u011fitim K\u00fclt\u00fcr Yay\u0131nlar\u0131 Amiri Bet\u00fcl Aslan Akku\u015f etkinli\u011fin amac\u0131 hakk\u0131nda bilgi verdi. Etkinlikte Cumhurba\u015fkan\u0131 Ersin Tatar da bir konu\u015fma yapt\u0131. Ta\u011fma\u00e7 \u00c7ankaya Gong Seans\u0131\u2019n\u0131n da yer ald\u0131\u011f\u0131 [&hellip;]","og_url":"https:\/\/kuzeyinsesi.org\/index.php\/2024\/12\/28\/bayrakla-sesin-buyusunde-61-yil-dinletisi-ve-siyah-beyaz-yillardan-bugune-bayrak-sergisi-gerceklestirildi\/","og_site_name":"Kuzeyin Sesi","article_publisher":"https:\/\/www.facebook.com\/kuzeyinsesii","article_published_time":"2024-12-28T16:19:07+00:00","og_image":[{"url":"https:\/\/brtk.net\/wp-content\/uploads\/2024\/12\/28\/471524814_8561409923985386_714136204525940678_n.jpg?ver=486c4df963ca0b54f905fbceb6822b79","type":"","width":"","height":""}],"author":"Kuzeyin Sesi","twitter_card":"summary_large_image","twitter_creator":"@kuzeyinsesii","twitter_site":"@kuzeyinsesii","twitter_misc":{"Yazan:":"Kuzeyin Sesi","Tahmini okuma s\u00fcresi":"1 dakika"},"schema":{"@context":"https:\/\/schema.org","@graph":[{"@type":"Article","@id":"https:\/\/kuzeyinsesi.org\/index.php\/2024\/12\/28\/bayrakla-sesin-buyusunde-61-yil-dinletisi-ve-siyah-beyaz-yillardan-bugune-bayrak-sergisi-gerceklestirildi\/#article","isPartOf":{"@id":"https:\/\/kuzeyinsesi.org\/index.php\/2024\/12\/28\/bayrakla-sesin-buyusunde-61-yil-dinletisi-ve-siyah-beyaz-yillardan-bugune-bayrak-sergisi-gerceklestirildi\/"},"author":{"name":"Kuzeyin Sesi","@id":"https:\/\/kuzeyinsesi.org\/#\/schema\/person\/9f859689cdf01485597712386e37f5aa"},"headline":"\u201cBayrakla, Sesin B\u00fcy\u00fcs\u00fcnde 61 Y\u0131l\u201d dinletisi ve \u201cSiyah Beyaz Y\u0131llardan Bug\u00fcne Bayrak\u201d sergisi ger\u00e7ekle\u015ftirildi","datePublished":"2024-12-28T16:19:07+00:00","mainEntityOfPage":{"@id":"https:\/\/kuzeyinsesi.org\/index.php\/2024\/12\/28\/bayrakla-sesin-buyusunde-61-yil-dinletisi-ve-siyah-beyaz-yillardan-bugune-bayrak-sergisi-gerceklestirildi\/"},"wordCount":251,"commentCount":0,"image":{"@id":"https:\/\/kuzeyinsesi.org\/index.php\/2024\/12\/28\/bayrakla-sesin-buyusunde-61-yil-dinletisi-ve-siyah-beyaz-yillardan-bugune-bayrak-sergisi-gerceklestirildi\/#primaryimage"},"thumbnailUrl":"https:\/\/kuzeyinsesi.org\/wp-content\/uploads\/2024\/12\/InShot_20241228_181816983-scaled.jpg","articleSection":["Ya\u015fam"],"inLanguage":"tr","potentialAction":[{"@type":"CommentAction","name":"Comment","target":["https:\/\/kuzeyinsesi.org\/index.php\/2024\/12\/28\/bayrakla-sesin-buyusunde-61-yil-dinletisi-ve-siyah-beyaz-yillardan-bugune-bayrak-sergisi-gerceklestirildi\/#respond"]}]},{"@type":"WebPage","@id":"https:\/\/kuzeyinsesi.org\/index.php\/2024\/12\/28\/bayrakla-sesin-buyusunde-61-yil-dinletisi-ve-siyah-beyaz-yillardan-bugune-bayrak-sergisi-gerceklestirildi\/","url":"https:\/\/kuzeyinsesi.org\/index.php\/2024\/12\/28\/bayrakla-sesin-buyusunde-61-yil-dinletisi-ve-siyah-beyaz-yillardan-bugune-bayrak-sergisi-gerceklestirildi\/","name":"\u201cBayrakla, Sesin B\u00fcy\u00fcs\u00fcnde 61 Y\u0131l\u201d dinletisi ve \u201cSiyah Beyaz Y\u0131llardan Bug\u00fcne Bayrak\u201d sergisi ger\u00e7ekle\u015ftirildi - Kuzeyin Sesi","isPartOf":{"@id":"https:\/\/kuzeyinsesi.org\/#website"},"primaryImageOfPage":{"@id":"https:\/\/kuzeyinsesi.org\/index.php\/2024\/12\/28\/bayrakla-sesin-buyusunde-61-yil-dinletisi-ve-siyah-beyaz-yillardan-bugune-bayrak-sergisi-gerceklestirildi\/#primaryimage"},"image":{"@id":"https:\/\/kuzeyinsesi.org\/index.php\/2024\/12\/28\/bayrakla-sesin-buyusunde-61-yil-dinletisi-ve-siyah-beyaz-yillardan-bugune-bayrak-sergisi-gerceklestirildi\/#primaryimage"},"thumbnailUrl":"https:\/\/kuzeyinsesi.org\/wp-content\/uploads\/2024\/12\/InShot_20241228_181816983-scaled.jpg","datePublished":"2024-12-28T16:19:07+00:00","author":{"@id":"https:\/\/kuzeyinsesi.org\/#\/schema\/person\/9f859689cdf01485597712386e37f5aa"},"breadcrumb":{"@id":"https:\/\/kuzeyinsesi.org\/index.php\/2024\/12\/28\/bayrakla-sesin-buyusunde-61-yil-dinletisi-ve-siyah-beyaz-yillardan-bugune-bayrak-sergisi-gerceklestirildi\/#breadcrumb"},"inLanguage":"tr","potentialAction":[{"@type":"ReadAction","target":["https:\/\/kuzeyinsesi.org\/index.php\/2024\/12\/28\/bayrakla-sesin-buyusunde-61-yil-dinletisi-ve-siyah-beyaz-yillardan-bugune-bayrak-sergisi-gerceklestirildi\/"]}]},{"@type":"ImageObject","inLanguage":"tr","@id":"https:\/\/kuzeyinsesi.org\/index.php\/2024\/12\/28\/bayrakla-sesin-buyusunde-61-yil-dinletisi-ve-siyah-beyaz-yillardan-bugune-bayrak-sergisi-gerceklestirildi\/#primaryimage","url":"https:\/\/kuzeyinsesi.org\/wp-content\/uploads\/2024\/12\/InShot_20241228_181816983-scaled.jpg","contentUrl":"https:\/\/kuzeyinsesi.org\/wp-content\/uploads\/2024\/12\/InShot_20241228_181816983-scaled.jpg","width":2560,"height":1439},{"@type":"BreadcrumbList","@id":"https:\/\/kuzeyinsesi.org\/index.php\/2024\/12\/28\/bayrakla-sesin-buyusunde-61-yil-dinletisi-ve-siyah-beyaz-yillardan-bugune-bayrak-sergisi-gerceklestirildi\/#breadcrumb","itemListElement":[{"@type":"ListItem","position":1,"name":"Anasayfa","item":"https:\/\/kuzeyinsesi.org\/"},{"@type":"ListItem","position":2,"name":"\u201cBayrakla, Sesin B\u00fcy\u00fcs\u00fcnde 61 Y\u0131l\u201d dinletisi ve \u201cSiyah Beyaz Y\u0131llardan Bug\u00fcne Bayrak\u201d sergisi ger\u00e7ekle\u015ftirildi"}]},{"@type":"WebSite","@id":"https:\/\/kuzeyinsesi.org\/#website","url":"https:\/\/kuzeyinsesi.org\/","name":"Kuzeyin Sesi","description":"Do\u011fru Haberin Adresi","potentialAction":[{"@type":"SearchAction","target":{"@type":"EntryPoint","urlTemplate":"https:\/\/kuzeyinsesi.org\/?s={search_term_string}"},"query-input":{"@type":"PropertyValueSpecification","valueRequired":true,"valueName":"search_term_string"}}],"inLanguage":"tr"},{"@type":"Person","@id":"https:\/\/kuzeyinsesi.org\/#\/schema\/person\/9f859689cdf01485597712386e37f5aa","name":"Kuzeyin Sesi","image":{"@type":"ImageObject","inLanguage":"tr","@id":"https:\/\/secure.gravatar.com\/avatar\/bab33852abfd8b282518d6ed81826833d77c3c882d9ab608add591ccace47a44?s=96&d=mm&r=g","url":"https:\/\/secure.gravatar.com\/avatar\/bab33852abfd8b282518d6ed81826833d77c3c882d9ab608add591ccace47a44?s=96&d=mm&r=g","contentUrl":"https:\/\/secure.gravatar.com\/avatar\/bab33852abfd8b282518d6ed81826833d77c3c882d9ab608add591ccace47a44?s=96&d=mm&r=g","caption":"Kuzeyin Sesi"},"sameAs":["https:\/\/kuzeyinsesi.org"],"url":"https:\/\/kuzeyinsesi.org\/index.php\/author\/guven\/"}]}},"_links":{"self":[{"href":"https:\/\/kuzeyinsesi.org\/index.php\/wp-json\/wp\/v2\/posts\/16497","targetHints":{"allow":["GET"]}}],"collection":[{"href":"https:\/\/kuzeyinsesi.org\/index.php\/wp-json\/wp\/v2\/posts"}],"about":[{"href":"https:\/\/kuzeyinsesi.org\/index.php\/wp-json\/wp\/v2\/types\/post"}],"author":[{"embeddable":true,"href":"https:\/\/kuzeyinsesi.org\/index.php\/wp-json\/wp\/v2\/users\/1"}],"replies":[{"embeddable":true,"href":"https:\/\/kuzeyinsesi.org\/index.php\/wp-json\/wp\/v2\/comments?post=16497"}],"version-history":[{"count":0,"href":"https:\/\/kuzeyinsesi.org\/index.php\/wp-json\/wp\/v2\/posts\/16497\/revisions"}],"wp:featuredmedia":[{"embeddable":true,"href":"https:\/\/kuzeyinsesi.org\/index.php\/wp-json\/wp\/v2\/media\/16498"}],"wp:attachment":[{"href":"https:\/\/kuzeyinsesi.org\/index.php\/wp-json\/wp\/v2\/media?parent=16497"}],"wp:term":[{"taxonomy":"category","embeddable":true,"href":"https:\/\/kuzeyinsesi.org\/index.php\/wp-json\/wp\/v2\/categories?post=16497"},{"taxonomy":"post_tag","embeddable":true,"href":"https:\/\/kuzeyinsesi.org\/index.php\/wp-json\/wp\/v2\/tags?post=16497"}],"curies":[{"name":"wp","href":"https:\/\/api.w.org\/{rel}","templated":true}]}}