{"id":1649,"date":"2024-05-08T06:28:23","date_gmt":"2024-05-08T03:28:23","guid":{"rendered":"https:\/\/kuzeyinsesi.com\/index.php\/2024\/05\/08\/israilin-refah-saldirisina-kim-ne-tepki-verdi\/"},"modified":"2024-05-08T06:28:23","modified_gmt":"2024-05-08T03:28:23","slug":"israilin-refah-saldirisina-kim-ne-tepki-verdi","status":"publish","type":"post","link":"https:\/\/kuzeyinsesi.org\/index.php\/2024\/05\/08\/israilin-refah-saldirisina-kim-ne-tepki-verdi\/","title":{"rendered":"\u0130srail&#039;in Refah sald\u0131r\u0131s\u0131na kim, ne tepki verdi?"},"content":{"rendered":"<p><\/p>\n<div>\n<p>&#13;<br \/>\n\t\u0130srail, Refah S\u0131n\u0131r Kap\u0131s\u0131&#8217;n\u0131n Filistin taraf\u0131n\u0131 i\u015fgal etti, tepkiler art arda geldi.<\/p>\n<p>&#13;<br \/>\n\tHamas, sald\u0131r\u0131n\u0131n ate\u015fkes \u00e7abalar\u0131na zarar verdi\u011fini duyurdu. <a href=\"https:\/\/www.trthaber.com\/etiket\/abd\/\" target=\"_blank\" rel=\"noopener\">ABD<\/a> ve uluslararas\u0131 kamuoyunun \u0130srail&#8217;e bask\u0131 yapmas\u0131n\u0131 istedi.<\/p>\n<p>&#13;<br \/>\n\t<a href=\"https:\/\/www.trthaber.com\/etiket\/birlesmis-milletler\/\" target=\"_blank\" rel=\"noopener\">Birle\u015fmi\u015f Milletler<\/a> Genel Sekreteri Antonio Guterres, \u0130srail&#8217;in Refah&#8217;a kara sald\u0131r\u0131s\u0131n\u0131n korkun\u00e7 insani sonu\u00e7lar\u0131 olaca\u011f\u0131n\u0131 ifade etti. B\u00f6lgeyi istikrars\u0131zla\u015ft\u0131raca\u011f\u0131na dikkati \u00e7ekti.<\/p>\n<p>&#13;<br \/>\n\tBeyaz Saray, Refah&#8217;a insani yard\u0131m ge\u00e7i\u015flerinin en k\u0131sa zamanda yeniden sa\u011flanmas\u0131n\u0131 istedi.<\/p>\n<h2>&#13;<br \/>\n\t&#8220;1 milyon insan buhar olup u\u00e7amaz. Korunmaya ihtiya\u00e7lar\u0131 var&#8221;<\/h2>\n<p>&#13;<br \/>\n\t<a href=\"https:\/\/www.trthaber.com\/etiket\/almanya\/\" target=\"_blank\" rel=\"noopener\">Almanya<\/a> D\u0131\u015fi\u015fleri Bakan\u0131 Annalena Baerbock\u0130srail&#8217;i Refah sald\u0131r\u0131s\u0131yla ilgili uyard\u0131.<\/p>\n<p>&#13;<br \/>\n\t&#8220;Sosyal <a href=\"https:\/\/www.trthaber.com\/etiket\/medya\/\" target=\"_blank\" rel=\"noopener\">medya<\/a> hesab\u0131ndan, &#8221; 1 milyon insan buhar olup u\u00e7amaz. Korunmaya ihtiya\u00e7lar\u0131 var.&#8221; payla\u015f\u0131m\u0131 yapt\u0131.<\/p>\n<p>&#13;<br \/>\n\t<a href=\"https:\/\/www.trthaber.com\/etiket\/cin\/\" target=\"_blank\" rel=\"noopener\">\u00c7in<\/a> Devlet Ba\u015fkan\u0131 \u015ei Cinping ve <a href=\"https:\/\/www.trthaber.com\/etiket\/fransa\/\" target=\"_blank\" rel=\"noopener\">Fransa<\/a> Cumhurba\u015fkan\u0131 Macron, sald\u0131r\u0131n\u0131n, b\u00fcy\u00fck bir insani felakete yol a\u00e7aca\u011f\u0131 konusunda uyard\u0131.<\/p>\n<p>&#13;<br \/>\n\t<a href=\"https:\/\/www.trthaber.com\/etiket\/yunanistan\/\" target=\"_blank\" rel=\"noopener\">Yunanistan<\/a> ana muhalefet partisi Radikal Sol \u0130ttifak\u0131n lideri Stefanos Kaselakis, sald\u0131r\u0131n\u0131n uluslararas\u0131 insanc\u0131l hukukun bariz ihlali anlam\u0131na geldi\u011fini belirtti.<\/p>\n<p>&#13;<br \/>\n\t<strong>&#8220;Refah&#8217;taki \u00e7ocuklar i\u00e7in ate\u015fkese, \u015fimdi ihtiyac\u0131m\u0131z var&#8221;\u00a0<\/strong><\/p>\n<p>&#13;<br \/>\n\t<a href=\"https:\/\/www.trthaber.com\/etiket\/kolombiya\/\" target=\"_blank\" rel=\"noopener\">Kolombiya<\/a> Cumhurba\u015fkan\u0131 Gustavo Petro, <a href=\"https:\/\/www.trthaber.com\/etiket\/sosyal-medya\/\" target=\"_blank\" rel=\"noopener\">sosyal medya<\/a> platformundan payla\u015f\u0131m yapt\u0131.<br \/>&#13;<br \/>\n\t&#8220;Her g\u00fcn yapt\u0131klar\u0131 gibi. \u0130\u00e7erisinde sivillerin ve \u00e7ocuklar\u0131n oldu\u011fu binalar\u0131 bombal\u0131yorlar.&#8221; ifadelerini kulland\u0131.<\/p>\n<p>&#13;<br \/>\n\tBrezilya, sald\u0131r\u0131n\u0131n ate\u015fkes \u00e7abalar\u0131n\u0131 tehlikeye atabilece\u011fini belirtti.<\/p>\n<p>&#13;<br \/>\n\t\u0130spanya&#8217;da muhalefetteki Podemos partisinin lideri \u0130one Belarra, \u0130srail&#8217;i Nazizim ile su\u00e7lad\u0131.<\/p>\n<p>&#13;<br \/>\n\t\u00dcrd\u00fcn, <a href=\"https:\/\/www.trthaber.com\/etiket\/israil\/\" target=\"_blank\" rel=\"noopener\">\u0130srail<\/a> Ba\u015fbakan\u0131 Netanyahu&#8217;nun, Gazze&#8217;de ate\u015fkes \u00f6nerisini tehlikeye att\u0131\u011f\u0131n\u0131 ifade etti.<br \/>&#13;<br \/>\n\t<a href=\"https:\/\/www.trthaber.com\/etiket\/misir\/\" target=\"_blank\" rel=\"noopener\">M\u0131s\u0131r<\/a> ve <a href=\"https:\/\/www.trthaber.com\/etiket\/iran\/\" target=\"_blank\" rel=\"noopener\">\u0130ran<\/a> da sald\u0131r\u0131y\u0131 k\u0131nad\u0131.<\/p>\n<p>&#13;<br \/>\n\tBirle\u015fmi\u015f Milletler \u00c7ocuklara Yard\u0131m Fonu UNICEF\u00a0 &#8220;Refah&#8217;taki \u00e7ocuklar i\u00e7in ate\u015fkese, \u015fimdi ihtiyac\u0131m\u0131z var&#8221; a\u00e7\u0131klamas\u0131n\u0131 yapt\u0131.<\/p>\n<p>&#13;<br \/>\n\t\u0130srail Ba\u015fbakan\u0131 <a href=\"https:\/\/www.trthaber.com\/etiket\/netanyahu\/\" target=\"_blank\" rel=\"noopener\">Netanyahu<\/a> ise, Refah sald\u0131r\u0131s\u0131n\u0131n &#8220;\u0130srailli rehinelerin getirilmesi i\u00e7in&#8221; d\u00fczenlendi\u011fini savundu\u00a0<\/p>\n<\/p><\/div>\n","protected":false},"excerpt":{"rendered":"<p>&#13; \u0130srail, Refah S\u0131n\u0131r Kap\u0131s\u0131&#8217;n\u0131n Filistin taraf\u0131n\u0131 i\u015fgal etti, tepkiler art arda geldi. &#13; Hamas, sald\u0131r\u0131n\u0131n ate\u015fkes \u00e7abalar\u0131na zarar verdi\u011fini duyurdu. ABD ve uluslararas\u0131 kamuoyunun \u0130srail&#8217;e bask\u0131 yapmas\u0131n\u0131 istedi. &#13; Birle\u015fmi\u015f Milletler Genel Sekreteri Antonio Guterres, \u0130srail&#8217;in Refah&#8217;a kara sald\u0131r\u0131s\u0131n\u0131n korkun\u00e7 insani sonu\u00e7lar\u0131 olaca\u011f\u0131n\u0131 ifade etti. B\u00f6lgeyi istikrars\u0131zla\u015ft\u0131raca\u011f\u0131na dikkati \u00e7ekti. &#13; Beyaz Saray, Refah&#8217;a insani [&hellip;]<\/p>\n","protected":false},"author":1,"featured_media":1650,"comment_status":"open","ping_status":"open","sticky":false,"template":"","format":"standard","meta":{"jnews-multi-image_gallery":[],"jnews_single_post":[],"jnews_primary_category":[],"jnews_social_meta":[],"jnews_override_counter":[],"footnotes":""},"categories":[2],"tags":[],"class_list":["post-1649","post","type-post","status-publish","format-standard","has-post-thumbnail","hentry","category-dunya"],"yoast_head":"<!-- This site is optimized with the Yoast SEO plugin v27.5 - https:\/\/yoast.com\/product\/yoast-seo-wordpress\/ -->\n<title>\u0130srail&#039;in Refah sald\u0131r\u0131s\u0131na kim, ne tepki verdi? - Kuzeyin Sesi<\/title>\n<meta name=\"robots\" content=\"index, follow, max-snippet:-1, max-image-preview:large, max-video-preview:-1\" \/>\n<link rel=\"canonical\" href=\"https:\/\/kuzeyinsesi.org\/index.php\/2024\/05\/08\/israilin-refah-saldirisina-kim-ne-tepki-verdi\/\" \/>\n<meta property=\"og:locale\" content=\"tr_TR\" \/>\n<meta property=\"og:type\" content=\"article\" \/>\n<meta property=\"og:title\" content=\"\u0130srail&#039;in Refah sald\u0131r\u0131s\u0131na kim, ne tepki verdi? - Kuzeyin Sesi\" \/>\n<meta property=\"og:description\" content=\"&#013; \u0130srail, Refah S\u0131n\u0131r Kap\u0131s\u0131&#8217;n\u0131n Filistin taraf\u0131n\u0131 i\u015fgal etti, tepkiler art arda geldi. &#013; Hamas, sald\u0131r\u0131n\u0131n ate\u015fkes \u00e7abalar\u0131na zarar verdi\u011fini duyurdu. ABD ve uluslararas\u0131 kamuoyunun \u0130srail&#8217;e bask\u0131 yapmas\u0131n\u0131 istedi. &#013; Birle\u015fmi\u015f Milletler Genel Sekreteri Antonio Guterres, \u0130srail&#8217;in Refah&#8217;a kara sald\u0131r\u0131s\u0131n\u0131n korkun\u00e7 insani sonu\u00e7lar\u0131 olaca\u011f\u0131n\u0131 ifade etti. B\u00f6lgeyi istikrars\u0131zla\u015ft\u0131raca\u011f\u0131na dikkati \u00e7ekti. &#013; Beyaz Saray, Refah&#8217;a insani [&hellip;]\" \/>\n<meta property=\"og:url\" content=\"https:\/\/kuzeyinsesi.org\/index.php\/2024\/05\/08\/israilin-refah-saldirisina-kim-ne-tepki-verdi\/\" \/>\n<meta property=\"og:site_name\" content=\"Kuzeyin Sesi\" \/>\n<meta property=\"article:publisher\" content=\"https:\/\/www.facebook.com\/kuzeyinsesii\" \/>\n<meta property=\"article:published_time\" content=\"2024-05-08T03:28:23+00:00\" \/>\n<meta property=\"og:image\" content=\"https:\/\/kuzeyinsesi.org\/wp-content\/uploads\/2024\/05\/refah-saldiri-2225158.jpg\" \/>\n\t<meta property=\"og:image:width\" content=\"1280\" \/>\n\t<meta property=\"og:image:height\" content=\"720\" \/>\n\t<meta property=\"og:image:type\" content=\"image\/jpeg\" \/>\n<meta name=\"author\" content=\"Kuzeyin Sesi\" \/>\n<meta name=\"twitter:card\" content=\"summary_large_image\" \/>\n<meta name=\"twitter:creator\" content=\"@kuzeyinsesii\" \/>\n<meta name=\"twitter:site\" content=\"@kuzeyinsesii\" \/>\n<meta name=\"twitter:label1\" content=\"Yazan:\" \/>\n\t<meta name=\"twitter:data1\" content=\"Kuzeyin Sesi\" \/>\n\t<meta name=\"twitter:label2\" content=\"Tahmini okuma s\u00fcresi\" \/>\n\t<meta name=\"twitter:data2\" content=\"2 dakika\" \/>\n<script type=\"application\/ld+json\" class=\"yoast-schema-graph\">{\"@context\":\"https:\\\/\\\/schema.org\",\"@graph\":[{\"@type\":\"Article\",\"@id\":\"https:\\\/\\\/kuzeyinsesi.org\\\/index.php\\\/2024\\\/05\\\/08\\\/israilin-refah-saldirisina-kim-ne-tepki-verdi\\\/#article\",\"isPartOf\":{\"@id\":\"https:\\\/\\\/kuzeyinsesi.org\\\/index.php\\\/2024\\\/05\\\/08\\\/israilin-refah-saldirisina-kim-ne-tepki-verdi\\\/\"},\"author\":{\"name\":\"Kuzeyin Sesi\",\"@id\":\"https:\\\/\\\/kuzeyinsesi.org\\\/#\\\/schema\\\/person\\\/9f859689cdf01485597712386e37f5aa\"},\"headline\":\"\u0130srail&#039;in Refah sald\u0131r\u0131s\u0131na kim, ne tepki verdi?\",\"datePublished\":\"2024-05-08T03:28:23+00:00\",\"mainEntityOfPage\":{\"@id\":\"https:\\\/\\\/kuzeyinsesi.org\\\/index.php\\\/2024\\\/05\\\/08\\\/israilin-refah-saldirisina-kim-ne-tepki-verdi\\\/\"},\"wordCount\":341,\"commentCount\":0,\"image\":{\"@id\":\"https:\\\/\\\/kuzeyinsesi.org\\\/index.php\\\/2024\\\/05\\\/08\\\/israilin-refah-saldirisina-kim-ne-tepki-verdi\\\/#primaryimage\"},\"thumbnailUrl\":\"https:\\\/\\\/kuzeyinsesi.org\\\/wp-content\\\/uploads\\\/2024\\\/05\\\/refah-saldiri-2225158.jpg\",\"articleSection\":[\"D\u00fcnya\"],\"inLanguage\":\"tr\",\"potentialAction\":[{\"@type\":\"CommentAction\",\"name\":\"Comment\",\"target\":[\"https:\\\/\\\/kuzeyinsesi.org\\\/index.php\\\/2024\\\/05\\\/08\\\/israilin-refah-saldirisina-kim-ne-tepki-verdi\\\/#respond\"]}]},{\"@type\":\"WebPage\",\"@id\":\"https:\\\/\\\/kuzeyinsesi.org\\\/index.php\\\/2024\\\/05\\\/08\\\/israilin-refah-saldirisina-kim-ne-tepki-verdi\\\/\",\"url\":\"https:\\\/\\\/kuzeyinsesi.org\\\/index.php\\\/2024\\\/05\\\/08\\\/israilin-refah-saldirisina-kim-ne-tepki-verdi\\\/\",\"name\":\"\u0130srail&#039;in Refah sald\u0131r\u0131s\u0131na kim, ne tepki verdi? - Kuzeyin Sesi\",\"isPartOf\":{\"@id\":\"https:\\\/\\\/kuzeyinsesi.org\\\/#website\"},\"primaryImageOfPage\":{\"@id\":\"https:\\\/\\\/kuzeyinsesi.org\\\/index.php\\\/2024\\\/05\\\/08\\\/israilin-refah-saldirisina-kim-ne-tepki-verdi\\\/#primaryimage\"},\"image\":{\"@id\":\"https:\\\/\\\/kuzeyinsesi.org\\\/index.php\\\/2024\\\/05\\\/08\\\/israilin-refah-saldirisina-kim-ne-tepki-verdi\\\/#primaryimage\"},\"thumbnailUrl\":\"https:\\\/\\\/kuzeyinsesi.org\\\/wp-content\\\/uploads\\\/2024\\\/05\\\/refah-saldiri-2225158.jpg\",\"datePublished\":\"2024-05-08T03:28:23+00:00\",\"author\":{\"@id\":\"https:\\\/\\\/kuzeyinsesi.org\\\/#\\\/schema\\\/person\\\/9f859689cdf01485597712386e37f5aa\"},\"breadcrumb\":{\"@id\":\"https:\\\/\\\/kuzeyinsesi.org\\\/index.php\\\/2024\\\/05\\\/08\\\/israilin-refah-saldirisina-kim-ne-tepki-verdi\\\/#breadcrumb\"},\"inLanguage\":\"tr\",\"potentialAction\":[{\"@type\":\"ReadAction\",\"target\":[\"https:\\\/\\\/kuzeyinsesi.org\\\/index.php\\\/2024\\\/05\\\/08\\\/israilin-refah-saldirisina-kim-ne-tepki-verdi\\\/\"]}]},{\"@type\":\"ImageObject\",\"inLanguage\":\"tr\",\"@id\":\"https:\\\/\\\/kuzeyinsesi.org\\\/index.php\\\/2024\\\/05\\\/08\\\/israilin-refah-saldirisina-kim-ne-tepki-verdi\\\/#primaryimage\",\"url\":\"https:\\\/\\\/kuzeyinsesi.org\\\/wp-content\\\/uploads\\\/2024\\\/05\\\/refah-saldiri-2225158.jpg\",\"contentUrl\":\"https:\\\/\\\/kuzeyinsesi.org\\\/wp-content\\\/uploads\\\/2024\\\/05\\\/refah-saldiri-2225158.jpg\",\"width\":1280,\"height\":720},{\"@type\":\"BreadcrumbList\",\"@id\":\"https:\\\/\\\/kuzeyinsesi.org\\\/index.php\\\/2024\\\/05\\\/08\\\/israilin-refah-saldirisina-kim-ne-tepki-verdi\\\/#breadcrumb\",\"itemListElement\":[{\"@type\":\"ListItem\",\"position\":1,\"name\":\"Anasayfa\",\"item\":\"https:\\\/\\\/kuzeyinsesi.org\\\/\"},{\"@type\":\"ListItem\",\"position\":2,\"name\":\"\u0130srail&#039;in Refah sald\u0131r\u0131s\u0131na kim, ne tepki verdi?\"}]},{\"@type\":\"WebSite\",\"@id\":\"https:\\\/\\\/kuzeyinsesi.org\\\/#website\",\"url\":\"https:\\\/\\\/kuzeyinsesi.org\\\/\",\"name\":\"Kuzeyin Sesi\",\"description\":\"Do\u011fru Haberin Adresi\",\"potentialAction\":[{\"@type\":\"SearchAction\",\"target\":{\"@type\":\"EntryPoint\",\"urlTemplate\":\"https:\\\/\\\/kuzeyinsesi.org\\\/?s={search_term_string}\"},\"query-input\":{\"@type\":\"PropertyValueSpecification\",\"valueRequired\":true,\"valueName\":\"search_term_string\"}}],\"inLanguage\":\"tr\"},{\"@type\":\"Person\",\"@id\":\"https:\\\/\\\/kuzeyinsesi.org\\\/#\\\/schema\\\/person\\\/9f859689cdf01485597712386e37f5aa\",\"name\":\"Kuzeyin Sesi\",\"image\":{\"@type\":\"ImageObject\",\"inLanguage\":\"tr\",\"@id\":\"https:\\\/\\\/secure.gravatar.com\\\/avatar\\\/bab33852abfd8b282518d6ed81826833d77c3c882d9ab608add591ccace47a44?s=96&d=mm&r=g\",\"url\":\"https:\\\/\\\/secure.gravatar.com\\\/avatar\\\/bab33852abfd8b282518d6ed81826833d77c3c882d9ab608add591ccace47a44?s=96&d=mm&r=g\",\"contentUrl\":\"https:\\\/\\\/secure.gravatar.com\\\/avatar\\\/bab33852abfd8b282518d6ed81826833d77c3c882d9ab608add591ccace47a44?s=96&d=mm&r=g\",\"caption\":\"Kuzeyin Sesi\"},\"sameAs\":[\"https:\\\/\\\/kuzeyinsesi.org\"],\"url\":\"https:\\\/\\\/kuzeyinsesi.org\\\/index.php\\\/author\\\/guven\\\/\"}]}<\/script>\n<!-- \/ Yoast SEO plugin. -->","yoast_head_json":{"title":"\u0130srail&#039;in Refah sald\u0131r\u0131s\u0131na kim, ne tepki verdi? - Kuzeyin Sesi","robots":{"index":"index","follow":"follow","max-snippet":"max-snippet:-1","max-image-preview":"max-image-preview:large","max-video-preview":"max-video-preview:-1"},"canonical":"https:\/\/kuzeyinsesi.org\/index.php\/2024\/05\/08\/israilin-refah-saldirisina-kim-ne-tepki-verdi\/","og_locale":"tr_TR","og_type":"article","og_title":"\u0130srail&#039;in Refah sald\u0131r\u0131s\u0131na kim, ne tepki verdi? - Kuzeyin Sesi","og_description":"&#13; \u0130srail, Refah S\u0131n\u0131r Kap\u0131s\u0131&#8217;n\u0131n Filistin taraf\u0131n\u0131 i\u015fgal etti, tepkiler art arda geldi. &#13; Hamas, sald\u0131r\u0131n\u0131n ate\u015fkes \u00e7abalar\u0131na zarar verdi\u011fini duyurdu. ABD ve uluslararas\u0131 kamuoyunun \u0130srail&#8217;e bask\u0131 yapmas\u0131n\u0131 istedi. &#13; Birle\u015fmi\u015f Milletler Genel Sekreteri Antonio Guterres, \u0130srail&#8217;in Refah&#8217;a kara sald\u0131r\u0131s\u0131n\u0131n korkun\u00e7 insani sonu\u00e7lar\u0131 olaca\u011f\u0131n\u0131 ifade etti. B\u00f6lgeyi istikrars\u0131zla\u015ft\u0131raca\u011f\u0131na dikkati \u00e7ekti. &#13; Beyaz Saray, Refah&#8217;a insani [&hellip;]","og_url":"https:\/\/kuzeyinsesi.org\/index.php\/2024\/05\/08\/israilin-refah-saldirisina-kim-ne-tepki-verdi\/","og_site_name":"Kuzeyin Sesi","article_publisher":"https:\/\/www.facebook.com\/kuzeyinsesii","article_published_time":"2024-05-08T03:28:23+00:00","og_image":[{"width":1280,"height":720,"url":"https:\/\/kuzeyinsesi.org\/wp-content\/uploads\/2024\/05\/refah-saldiri-2225158.jpg","type":"image\/jpeg"}],"author":"Kuzeyin Sesi","twitter_card":"summary_large_image","twitter_creator":"@kuzeyinsesii","twitter_site":"@kuzeyinsesii","twitter_misc":{"Yazan:":"Kuzeyin Sesi","Tahmini okuma s\u00fcresi":"2 dakika"},"schema":{"@context":"https:\/\/schema.org","@graph":[{"@type":"Article","@id":"https:\/\/kuzeyinsesi.org\/index.php\/2024\/05\/08\/israilin-refah-saldirisina-kim-ne-tepki-verdi\/#article","isPartOf":{"@id":"https:\/\/kuzeyinsesi.org\/index.php\/2024\/05\/08\/israilin-refah-saldirisina-kim-ne-tepki-verdi\/"},"author":{"name":"Kuzeyin Sesi","@id":"https:\/\/kuzeyinsesi.org\/#\/schema\/person\/9f859689cdf01485597712386e37f5aa"},"headline":"\u0130srail&#039;in Refah sald\u0131r\u0131s\u0131na kim, ne tepki verdi?","datePublished":"2024-05-08T03:28:23+00:00","mainEntityOfPage":{"@id":"https:\/\/kuzeyinsesi.org\/index.php\/2024\/05\/08\/israilin-refah-saldirisina-kim-ne-tepki-verdi\/"},"wordCount":341,"commentCount":0,"image":{"@id":"https:\/\/kuzeyinsesi.org\/index.php\/2024\/05\/08\/israilin-refah-saldirisina-kim-ne-tepki-verdi\/#primaryimage"},"thumbnailUrl":"https:\/\/kuzeyinsesi.org\/wp-content\/uploads\/2024\/05\/refah-saldiri-2225158.jpg","articleSection":["D\u00fcnya"],"inLanguage":"tr","potentialAction":[{"@type":"CommentAction","name":"Comment","target":["https:\/\/kuzeyinsesi.org\/index.php\/2024\/05\/08\/israilin-refah-saldirisina-kim-ne-tepki-verdi\/#respond"]}]},{"@type":"WebPage","@id":"https:\/\/kuzeyinsesi.org\/index.php\/2024\/05\/08\/israilin-refah-saldirisina-kim-ne-tepki-verdi\/","url":"https:\/\/kuzeyinsesi.org\/index.php\/2024\/05\/08\/israilin-refah-saldirisina-kim-ne-tepki-verdi\/","name":"\u0130srail&#039;in Refah sald\u0131r\u0131s\u0131na kim, ne tepki verdi? - Kuzeyin Sesi","isPartOf":{"@id":"https:\/\/kuzeyinsesi.org\/#website"},"primaryImageOfPage":{"@id":"https:\/\/kuzeyinsesi.org\/index.php\/2024\/05\/08\/israilin-refah-saldirisina-kim-ne-tepki-verdi\/#primaryimage"},"image":{"@id":"https:\/\/kuzeyinsesi.org\/index.php\/2024\/05\/08\/israilin-refah-saldirisina-kim-ne-tepki-verdi\/#primaryimage"},"thumbnailUrl":"https:\/\/kuzeyinsesi.org\/wp-content\/uploads\/2024\/05\/refah-saldiri-2225158.jpg","datePublished":"2024-05-08T03:28:23+00:00","author":{"@id":"https:\/\/kuzeyinsesi.org\/#\/schema\/person\/9f859689cdf01485597712386e37f5aa"},"breadcrumb":{"@id":"https:\/\/kuzeyinsesi.org\/index.php\/2024\/05\/08\/israilin-refah-saldirisina-kim-ne-tepki-verdi\/#breadcrumb"},"inLanguage":"tr","potentialAction":[{"@type":"ReadAction","target":["https:\/\/kuzeyinsesi.org\/index.php\/2024\/05\/08\/israilin-refah-saldirisina-kim-ne-tepki-verdi\/"]}]},{"@type":"ImageObject","inLanguage":"tr","@id":"https:\/\/kuzeyinsesi.org\/index.php\/2024\/05\/08\/israilin-refah-saldirisina-kim-ne-tepki-verdi\/#primaryimage","url":"https:\/\/kuzeyinsesi.org\/wp-content\/uploads\/2024\/05\/refah-saldiri-2225158.jpg","contentUrl":"https:\/\/kuzeyinsesi.org\/wp-content\/uploads\/2024\/05\/refah-saldiri-2225158.jpg","width":1280,"height":720},{"@type":"BreadcrumbList","@id":"https:\/\/kuzeyinsesi.org\/index.php\/2024\/05\/08\/israilin-refah-saldirisina-kim-ne-tepki-verdi\/#breadcrumb","itemListElement":[{"@type":"ListItem","position":1,"name":"Anasayfa","item":"https:\/\/kuzeyinsesi.org\/"},{"@type":"ListItem","position":2,"name":"\u0130srail&#039;in Refah sald\u0131r\u0131s\u0131na kim, ne tepki verdi?"}]},{"@type":"WebSite","@id":"https:\/\/kuzeyinsesi.org\/#website","url":"https:\/\/kuzeyinsesi.org\/","name":"Kuzeyin Sesi","description":"Do\u011fru Haberin Adresi","potentialAction":[{"@type":"SearchAction","target":{"@type":"EntryPoint","urlTemplate":"https:\/\/kuzeyinsesi.org\/?s={search_term_string}"},"query-input":{"@type":"PropertyValueSpecification","valueRequired":true,"valueName":"search_term_string"}}],"inLanguage":"tr"},{"@type":"Person","@id":"https:\/\/kuzeyinsesi.org\/#\/schema\/person\/9f859689cdf01485597712386e37f5aa","name":"Kuzeyin Sesi","image":{"@type":"ImageObject","inLanguage":"tr","@id":"https:\/\/secure.gravatar.com\/avatar\/bab33852abfd8b282518d6ed81826833d77c3c882d9ab608add591ccace47a44?s=96&d=mm&r=g","url":"https:\/\/secure.gravatar.com\/avatar\/bab33852abfd8b282518d6ed81826833d77c3c882d9ab608add591ccace47a44?s=96&d=mm&r=g","contentUrl":"https:\/\/secure.gravatar.com\/avatar\/bab33852abfd8b282518d6ed81826833d77c3c882d9ab608add591ccace47a44?s=96&d=mm&r=g","caption":"Kuzeyin Sesi"},"sameAs":["https:\/\/kuzeyinsesi.org"],"url":"https:\/\/kuzeyinsesi.org\/index.php\/author\/guven\/"}]}},"_links":{"self":[{"href":"https:\/\/kuzeyinsesi.org\/index.php\/wp-json\/wp\/v2\/posts\/1649","targetHints":{"allow":["GET"]}}],"collection":[{"href":"https:\/\/kuzeyinsesi.org\/index.php\/wp-json\/wp\/v2\/posts"}],"about":[{"href":"https:\/\/kuzeyinsesi.org\/index.php\/wp-json\/wp\/v2\/types\/post"}],"author":[{"embeddable":true,"href":"https:\/\/kuzeyinsesi.org\/index.php\/wp-json\/wp\/v2\/users\/1"}],"replies":[{"embeddable":true,"href":"https:\/\/kuzeyinsesi.org\/index.php\/wp-json\/wp\/v2\/comments?post=1649"}],"version-history":[{"count":0,"href":"https:\/\/kuzeyinsesi.org\/index.php\/wp-json\/wp\/v2\/posts\/1649\/revisions"}],"wp:featuredmedia":[{"embeddable":true,"href":"https:\/\/kuzeyinsesi.org\/index.php\/wp-json\/wp\/v2\/media\/1650"}],"wp:attachment":[{"href":"https:\/\/kuzeyinsesi.org\/index.php\/wp-json\/wp\/v2\/media?parent=1649"}],"wp:term":[{"taxonomy":"category","embeddable":true,"href":"https:\/\/kuzeyinsesi.org\/index.php\/wp-json\/wp\/v2\/categories?post=1649"},{"taxonomy":"post_tag","embeddable":true,"href":"https:\/\/kuzeyinsesi.org\/index.php\/wp-json\/wp\/v2\/tags?post=1649"}],"curies":[{"name":"wp","href":"https:\/\/api.w.org\/{rel}","templated":true}]}}