{"id":1647,"date":"2024-05-08T05:26:54","date_gmt":"2024-05-08T02:26:54","guid":{"rendered":"https:\/\/kuzeyinsesi.com\/index.php\/2024\/05\/08\/eurovision-sarki-yarismasina-filistin-damgasi\/"},"modified":"2024-05-08T05:26:54","modified_gmt":"2024-05-08T02:26:54","slug":"eurovision-sarki-yarismasina-filistin-damgasi","status":"publish","type":"post","link":"https:\/\/kuzeyinsesi.org\/index.php\/2024\/05\/08\/eurovision-sarki-yarismasina-filistin-damgasi\/","title":{"rendered":"Eurovision \u015eark\u0131 Yar\u0131\u015fmas\u0131&#039;na Filistin damgas\u0131"},"content":{"rendered":"<p><\/p>\n<div>\n<p>&#13;<br \/>\n\t2024 Eurovision \u015eark\u0131 Yar\u0131\u015fmas\u0131 kapsam\u0131nda ilk yar\u0131 final \u0130sve\u00e7&#8217;in Malm\u00f6 kentindeki Arena&#8217;da d\u00fczenlendi.<\/p>\n<p>&#13;<br \/>\n\t<a href=\"https:\/\/www.trthaber.com\/etiket\/isvec\/\" target=\"_blank\" rel=\"noopener\">\u0130sve\u00e7<\/a> ad\u0131na 2011&#8217;de kat\u0131ld\u0131\u011f\u0131 yar\u0131\u015fmada &#8220;Popular&#8221; adl\u0131 \u015fark\u0131s\u0131yla \u00fc\u00e7\u00fcnc\u00fcl\u00fc\u011f\u00fc kazanan Filistin as\u0131ll\u0131 \u0130sve\u00e7li \u015fark\u0131c\u0131 Saade, yar\u0131 final \u00f6ncesi d\u00fczenlenen a\u00e7\u0131l\u0131\u015fta, \u015fark\u0131s\u0131n\u0131 sahnede bile\u011fine takt\u0131\u011f\u0131 Filistin kefiyesiyle (geleneksel \u00f6rt\u00fc) seslendirdi.<\/p>\n<p>&#13;<br \/>\n\tAvrupa Yay\u0131n Birli\u011fi&#8217;nden (EBU) bir s\u00f6zc\u00fc, yapt\u0131\u011f\u0131 a\u00e7\u0131klamada, yar\u0131\u015fman\u0131n canl\u0131 televizyon \u015fovu oldu\u011funu belirterek, &#8220;T\u00fcm sanat\u00e7\u0131lar yar\u0131\u015fma kurallar\u0131ndan haberdar edilmi\u015ftir ve Eric Saade&#8217;nin etkinli\u011fin siyasi olmayan do\u011fas\u0131ndan \u00f6d\u00fcn vermeyi tercih etmesinden \u00fcz\u00fcnt\u00fc duyuyoruz&#8221; ifadelerini kulland\u0131.<\/p>\n<h2>&#13;<br \/>\n\t\u0130srail&#8217;in boykot edilmesine y\u00f6nelik 2 b\u00fcy\u00fck g\u00f6steri yap\u0131lacak<\/h2>\n<p>&#13;<br \/>\n\tEBU ve \u0130sve\u00e7 devlet televizyonu SVT&#8217;nin organizasyonu ile 11 May\u0131s\u2019ta d\u00fczenlenecek 2024 Eurovision \u015eark\u0131 Yar\u0131\u015fmas\u0131, 1992 ve 2013 y\u0131llar\u0131ndan sonra 3. kez Malm\u00f6 kentinde yap\u0131lacak.<\/p>\n<p>&#13;<br \/>\n\t\u00d6te yandan, en son 2016\u2019da \u0130sve\u00e7&#8217;in ba\u015fkenti Stockholm&#8217;de yap\u0131lan yar\u0131\u015fma, 7. kez \u0130sve\u00e7&#8217;in ev sahipli\u011finde d\u00fczenlenecek.<\/p>\n<p>&#13;<br \/>\n\t\u0130sve\u00e7 Filistin Grubu daha \u00f6nce yapt\u0131\u011f\u0131 a\u00e7\u0131klamada, \u0130srail&#8217;in Eurovision \u015eark\u0131 Yar\u0131\u015fmas\u0131&#8217;na kat\u0131l\u0131m\u0131n\u0131n Malm\u00f6 kentinde 9 ve 11 May\u0131s&#8217;ta protesto edilece\u011fini duyurmu\u015ftu.<\/p>\n<p>&#13;<br \/>\n\tA\u00e7\u0131klamada, &#8220;Soyk\u0131r\u0131m \u00dccretsiz \u015eark\u0131 Yar\u0131\u015fmas\u0131&#8221; ismi ile yerel sanat\u00e7\u0131lar\u0131n da protestoda sahne alaca\u011f\u0131 kaydedilmi\u015fti.<\/p>\n<\/p><\/div>\n","protected":false},"excerpt":{"rendered":"<p>&#13; 2024 Eurovision \u015eark\u0131 Yar\u0131\u015fmas\u0131 kapsam\u0131nda ilk yar\u0131 final \u0130sve\u00e7&#8217;in Malm\u00f6 kentindeki Arena&#8217;da d\u00fczenlendi. &#13; \u0130sve\u00e7 ad\u0131na 2011&#8217;de kat\u0131ld\u0131\u011f\u0131 yar\u0131\u015fmada &#8220;Popular&#8221; adl\u0131 \u015fark\u0131s\u0131yla \u00fc\u00e7\u00fcnc\u00fcl\u00fc\u011f\u00fc kazanan Filistin as\u0131ll\u0131 \u0130sve\u00e7li \u015fark\u0131c\u0131 Saade, yar\u0131 final \u00f6ncesi d\u00fczenlenen a\u00e7\u0131l\u0131\u015fta, \u015fark\u0131s\u0131n\u0131 sahnede bile\u011fine takt\u0131\u011f\u0131 Filistin kefiyesiyle (geleneksel \u00f6rt\u00fc) seslendirdi. &#13; Avrupa Yay\u0131n Birli\u011fi&#8217;nden (EBU) bir s\u00f6zc\u00fc, yapt\u0131\u011f\u0131 a\u00e7\u0131klamada, yar\u0131\u015fman\u0131n canl\u0131 [&hellip;]<\/p>\n","protected":false},"author":1,"featured_media":1648,"comment_status":"open","ping_status":"open","sticky":false,"template":"","format":"standard","meta":{"jnews-multi-image_gallery":[],"jnews_single_post":[],"jnews_primary_category":[],"jnews_social_meta":[],"jnews_override_counter":[],"footnotes":""},"categories":[2],"tags":[],"class_list":["post-1647","post","type-post","status-publish","format-standard","has-post-thumbnail","hentry","category-dunya"],"yoast_head":"<!-- This site is optimized with the Yoast SEO plugin v27.5 - https:\/\/yoast.com\/product\/yoast-seo-wordpress\/ -->\n<title>Eurovision \u015eark\u0131 Yar\u0131\u015fmas\u0131&#039;na Filistin damgas\u0131 - Kuzeyin Sesi<\/title>\n<meta name=\"robots\" content=\"index, follow, max-snippet:-1, max-image-preview:large, max-video-preview:-1\" \/>\n<link rel=\"canonical\" href=\"https:\/\/kuzeyinsesi.org\/index.php\/2024\/05\/08\/eurovision-sarki-yarismasina-filistin-damgasi\/\" \/>\n<meta property=\"og:locale\" content=\"tr_TR\" \/>\n<meta property=\"og:type\" content=\"article\" \/>\n<meta property=\"og:title\" content=\"Eurovision \u015eark\u0131 Yar\u0131\u015fmas\u0131&#039;na Filistin damgas\u0131 - Kuzeyin Sesi\" \/>\n<meta property=\"og:description\" content=\"&#013; 2024 Eurovision \u015eark\u0131 Yar\u0131\u015fmas\u0131 kapsam\u0131nda ilk yar\u0131 final \u0130sve\u00e7&#8217;in Malm\u00f6 kentindeki Arena&#8217;da d\u00fczenlendi. &#013; \u0130sve\u00e7 ad\u0131na 2011&#8217;de kat\u0131ld\u0131\u011f\u0131 yar\u0131\u015fmada &#8220;Popular&#8221; adl\u0131 \u015fark\u0131s\u0131yla \u00fc\u00e7\u00fcnc\u00fcl\u00fc\u011f\u00fc kazanan Filistin as\u0131ll\u0131 \u0130sve\u00e7li \u015fark\u0131c\u0131 Saade, yar\u0131 final \u00f6ncesi d\u00fczenlenen a\u00e7\u0131l\u0131\u015fta, \u015fark\u0131s\u0131n\u0131 sahnede bile\u011fine takt\u0131\u011f\u0131 Filistin kefiyesiyle (geleneksel \u00f6rt\u00fc) seslendirdi. &#013; Avrupa Yay\u0131n Birli\u011fi&#8217;nden (EBU) bir s\u00f6zc\u00fc, yapt\u0131\u011f\u0131 a\u00e7\u0131klamada, yar\u0131\u015fman\u0131n canl\u0131 [&hellip;]\" \/>\n<meta property=\"og:url\" content=\"https:\/\/kuzeyinsesi.org\/index.php\/2024\/05\/08\/eurovision-sarki-yarismasina-filistin-damgasi\/\" \/>\n<meta property=\"og:site_name\" content=\"Kuzeyin Sesi\" \/>\n<meta property=\"article:publisher\" content=\"https:\/\/www.facebook.com\/kuzeyinsesii\" \/>\n<meta property=\"article:published_time\" content=\"2024-05-08T02:26:54+00:00\" \/>\n<meta property=\"og:image\" content=\"https:\/\/kuzeyinsesi.org\/wp-content\/uploads\/2024\/05\/eric-saade-ap-2225949.jpg\" \/>\n\t<meta property=\"og:image:width\" content=\"1280\" \/>\n\t<meta property=\"og:image:height\" content=\"720\" \/>\n\t<meta property=\"og:image:type\" content=\"image\/jpeg\" \/>\n<meta name=\"author\" content=\"Kuzeyin Sesi\" \/>\n<meta name=\"twitter:card\" content=\"summary_large_image\" \/>\n<meta name=\"twitter:creator\" content=\"@kuzeyinsesii\" \/>\n<meta name=\"twitter:site\" content=\"@kuzeyinsesii\" \/>\n<meta name=\"twitter:label1\" content=\"Yazan:\" \/>\n\t<meta name=\"twitter:data1\" content=\"Kuzeyin Sesi\" \/>\n\t<meta name=\"twitter:label2\" content=\"Tahmini okuma s\u00fcresi\" \/>\n\t<meta name=\"twitter:data2\" content=\"1 dakika\" \/>\n<script type=\"application\/ld+json\" class=\"yoast-schema-graph\">{\"@context\":\"https:\\\/\\\/schema.org\",\"@graph\":[{\"@type\":\"Article\",\"@id\":\"https:\\\/\\\/kuzeyinsesi.org\\\/index.php\\\/2024\\\/05\\\/08\\\/eurovision-sarki-yarismasina-filistin-damgasi\\\/#article\",\"isPartOf\":{\"@id\":\"https:\\\/\\\/kuzeyinsesi.org\\\/index.php\\\/2024\\\/05\\\/08\\\/eurovision-sarki-yarismasina-filistin-damgasi\\\/\"},\"author\":{\"name\":\"Kuzeyin Sesi\",\"@id\":\"https:\\\/\\\/kuzeyinsesi.org\\\/#\\\/schema\\\/person\\\/9f859689cdf01485597712386e37f5aa\"},\"headline\":\"Eurovision \u015eark\u0131 Yar\u0131\u015fmas\u0131&#039;na Filistin damgas\u0131\",\"datePublished\":\"2024-05-08T02:26:54+00:00\",\"mainEntityOfPage\":{\"@id\":\"https:\\\/\\\/kuzeyinsesi.org\\\/index.php\\\/2024\\\/05\\\/08\\\/eurovision-sarki-yarismasina-filistin-damgasi\\\/\"},\"wordCount\":238,\"commentCount\":0,\"image\":{\"@id\":\"https:\\\/\\\/kuzeyinsesi.org\\\/index.php\\\/2024\\\/05\\\/08\\\/eurovision-sarki-yarismasina-filistin-damgasi\\\/#primaryimage\"},\"thumbnailUrl\":\"https:\\\/\\\/kuzeyinsesi.org\\\/wp-content\\\/uploads\\\/2024\\\/05\\\/eric-saade-ap-2225949.jpg\",\"articleSection\":[\"D\u00fcnya\"],\"inLanguage\":\"tr\",\"potentialAction\":[{\"@type\":\"CommentAction\",\"name\":\"Comment\",\"target\":[\"https:\\\/\\\/kuzeyinsesi.org\\\/index.php\\\/2024\\\/05\\\/08\\\/eurovision-sarki-yarismasina-filistin-damgasi\\\/#respond\"]}]},{\"@type\":\"WebPage\",\"@id\":\"https:\\\/\\\/kuzeyinsesi.org\\\/index.php\\\/2024\\\/05\\\/08\\\/eurovision-sarki-yarismasina-filistin-damgasi\\\/\",\"url\":\"https:\\\/\\\/kuzeyinsesi.org\\\/index.php\\\/2024\\\/05\\\/08\\\/eurovision-sarki-yarismasina-filistin-damgasi\\\/\",\"name\":\"Eurovision \u015eark\u0131 Yar\u0131\u015fmas\u0131&#039;na Filistin damgas\u0131 - Kuzeyin Sesi\",\"isPartOf\":{\"@id\":\"https:\\\/\\\/kuzeyinsesi.org\\\/#website\"},\"primaryImageOfPage\":{\"@id\":\"https:\\\/\\\/kuzeyinsesi.org\\\/index.php\\\/2024\\\/05\\\/08\\\/eurovision-sarki-yarismasina-filistin-damgasi\\\/#primaryimage\"},\"image\":{\"@id\":\"https:\\\/\\\/kuzeyinsesi.org\\\/index.php\\\/2024\\\/05\\\/08\\\/eurovision-sarki-yarismasina-filistin-damgasi\\\/#primaryimage\"},\"thumbnailUrl\":\"https:\\\/\\\/kuzeyinsesi.org\\\/wp-content\\\/uploads\\\/2024\\\/05\\\/eric-saade-ap-2225949.jpg\",\"datePublished\":\"2024-05-08T02:26:54+00:00\",\"author\":{\"@id\":\"https:\\\/\\\/kuzeyinsesi.org\\\/#\\\/schema\\\/person\\\/9f859689cdf01485597712386e37f5aa\"},\"breadcrumb\":{\"@id\":\"https:\\\/\\\/kuzeyinsesi.org\\\/index.php\\\/2024\\\/05\\\/08\\\/eurovision-sarki-yarismasina-filistin-damgasi\\\/#breadcrumb\"},\"inLanguage\":\"tr\",\"potentialAction\":[{\"@type\":\"ReadAction\",\"target\":[\"https:\\\/\\\/kuzeyinsesi.org\\\/index.php\\\/2024\\\/05\\\/08\\\/eurovision-sarki-yarismasina-filistin-damgasi\\\/\"]}]},{\"@type\":\"ImageObject\",\"inLanguage\":\"tr\",\"@id\":\"https:\\\/\\\/kuzeyinsesi.org\\\/index.php\\\/2024\\\/05\\\/08\\\/eurovision-sarki-yarismasina-filistin-damgasi\\\/#primaryimage\",\"url\":\"https:\\\/\\\/kuzeyinsesi.org\\\/wp-content\\\/uploads\\\/2024\\\/05\\\/eric-saade-ap-2225949.jpg\",\"contentUrl\":\"https:\\\/\\\/kuzeyinsesi.org\\\/wp-content\\\/uploads\\\/2024\\\/05\\\/eric-saade-ap-2225949.jpg\",\"width\":1280,\"height\":720},{\"@type\":\"BreadcrumbList\",\"@id\":\"https:\\\/\\\/kuzeyinsesi.org\\\/index.php\\\/2024\\\/05\\\/08\\\/eurovision-sarki-yarismasina-filistin-damgasi\\\/#breadcrumb\",\"itemListElement\":[{\"@type\":\"ListItem\",\"position\":1,\"name\":\"Anasayfa\",\"item\":\"https:\\\/\\\/kuzeyinsesi.org\\\/\"},{\"@type\":\"ListItem\",\"position\":2,\"name\":\"Eurovision \u015eark\u0131 Yar\u0131\u015fmas\u0131&#039;na Filistin damgas\u0131\"}]},{\"@type\":\"WebSite\",\"@id\":\"https:\\\/\\\/kuzeyinsesi.org\\\/#website\",\"url\":\"https:\\\/\\\/kuzeyinsesi.org\\\/\",\"name\":\"Kuzeyin Sesi\",\"description\":\"Do\u011fru Haberin Adresi\",\"potentialAction\":[{\"@type\":\"SearchAction\",\"target\":{\"@type\":\"EntryPoint\",\"urlTemplate\":\"https:\\\/\\\/kuzeyinsesi.org\\\/?s={search_term_string}\"},\"query-input\":{\"@type\":\"PropertyValueSpecification\",\"valueRequired\":true,\"valueName\":\"search_term_string\"}}],\"inLanguage\":\"tr\"},{\"@type\":\"Person\",\"@id\":\"https:\\\/\\\/kuzeyinsesi.org\\\/#\\\/schema\\\/person\\\/9f859689cdf01485597712386e37f5aa\",\"name\":\"Kuzeyin Sesi\",\"image\":{\"@type\":\"ImageObject\",\"inLanguage\":\"tr\",\"@id\":\"https:\\\/\\\/secure.gravatar.com\\\/avatar\\\/bab33852abfd8b282518d6ed81826833d77c3c882d9ab608add591ccace47a44?s=96&d=mm&r=g\",\"url\":\"https:\\\/\\\/secure.gravatar.com\\\/avatar\\\/bab33852abfd8b282518d6ed81826833d77c3c882d9ab608add591ccace47a44?s=96&d=mm&r=g\",\"contentUrl\":\"https:\\\/\\\/secure.gravatar.com\\\/avatar\\\/bab33852abfd8b282518d6ed81826833d77c3c882d9ab608add591ccace47a44?s=96&d=mm&r=g\",\"caption\":\"Kuzeyin Sesi\"},\"sameAs\":[\"https:\\\/\\\/kuzeyinsesi.org\"],\"url\":\"https:\\\/\\\/kuzeyinsesi.org\\\/index.php\\\/author\\\/guven\\\/\"}]}<\/script>\n<!-- \/ Yoast SEO plugin. -->","yoast_head_json":{"title":"Eurovision \u015eark\u0131 Yar\u0131\u015fmas\u0131&#039;na Filistin damgas\u0131 - Kuzeyin Sesi","robots":{"index":"index","follow":"follow","max-snippet":"max-snippet:-1","max-image-preview":"max-image-preview:large","max-video-preview":"max-video-preview:-1"},"canonical":"https:\/\/kuzeyinsesi.org\/index.php\/2024\/05\/08\/eurovision-sarki-yarismasina-filistin-damgasi\/","og_locale":"tr_TR","og_type":"article","og_title":"Eurovision \u015eark\u0131 Yar\u0131\u015fmas\u0131&#039;na Filistin damgas\u0131 - Kuzeyin Sesi","og_description":"&#13; 2024 Eurovision \u015eark\u0131 Yar\u0131\u015fmas\u0131 kapsam\u0131nda ilk yar\u0131 final \u0130sve\u00e7&#8217;in Malm\u00f6 kentindeki Arena&#8217;da d\u00fczenlendi. &#13; \u0130sve\u00e7 ad\u0131na 2011&#8217;de kat\u0131ld\u0131\u011f\u0131 yar\u0131\u015fmada &#8220;Popular&#8221; adl\u0131 \u015fark\u0131s\u0131yla \u00fc\u00e7\u00fcnc\u00fcl\u00fc\u011f\u00fc kazanan Filistin as\u0131ll\u0131 \u0130sve\u00e7li \u015fark\u0131c\u0131 Saade, yar\u0131 final \u00f6ncesi d\u00fczenlenen a\u00e7\u0131l\u0131\u015fta, \u015fark\u0131s\u0131n\u0131 sahnede bile\u011fine takt\u0131\u011f\u0131 Filistin kefiyesiyle (geleneksel \u00f6rt\u00fc) seslendirdi. &#13; Avrupa Yay\u0131n Birli\u011fi&#8217;nden (EBU) bir s\u00f6zc\u00fc, yapt\u0131\u011f\u0131 a\u00e7\u0131klamada, yar\u0131\u015fman\u0131n canl\u0131 [&hellip;]","og_url":"https:\/\/kuzeyinsesi.org\/index.php\/2024\/05\/08\/eurovision-sarki-yarismasina-filistin-damgasi\/","og_site_name":"Kuzeyin Sesi","article_publisher":"https:\/\/www.facebook.com\/kuzeyinsesii","article_published_time":"2024-05-08T02:26:54+00:00","og_image":[{"width":1280,"height":720,"url":"https:\/\/kuzeyinsesi.org\/wp-content\/uploads\/2024\/05\/eric-saade-ap-2225949.jpg","type":"image\/jpeg"}],"author":"Kuzeyin Sesi","twitter_card":"summary_large_image","twitter_creator":"@kuzeyinsesii","twitter_site":"@kuzeyinsesii","twitter_misc":{"Yazan:":"Kuzeyin Sesi","Tahmini okuma s\u00fcresi":"1 dakika"},"schema":{"@context":"https:\/\/schema.org","@graph":[{"@type":"Article","@id":"https:\/\/kuzeyinsesi.org\/index.php\/2024\/05\/08\/eurovision-sarki-yarismasina-filistin-damgasi\/#article","isPartOf":{"@id":"https:\/\/kuzeyinsesi.org\/index.php\/2024\/05\/08\/eurovision-sarki-yarismasina-filistin-damgasi\/"},"author":{"name":"Kuzeyin Sesi","@id":"https:\/\/kuzeyinsesi.org\/#\/schema\/person\/9f859689cdf01485597712386e37f5aa"},"headline":"Eurovision \u015eark\u0131 Yar\u0131\u015fmas\u0131&#039;na Filistin damgas\u0131","datePublished":"2024-05-08T02:26:54+00:00","mainEntityOfPage":{"@id":"https:\/\/kuzeyinsesi.org\/index.php\/2024\/05\/08\/eurovision-sarki-yarismasina-filistin-damgasi\/"},"wordCount":238,"commentCount":0,"image":{"@id":"https:\/\/kuzeyinsesi.org\/index.php\/2024\/05\/08\/eurovision-sarki-yarismasina-filistin-damgasi\/#primaryimage"},"thumbnailUrl":"https:\/\/kuzeyinsesi.org\/wp-content\/uploads\/2024\/05\/eric-saade-ap-2225949.jpg","articleSection":["D\u00fcnya"],"inLanguage":"tr","potentialAction":[{"@type":"CommentAction","name":"Comment","target":["https:\/\/kuzeyinsesi.org\/index.php\/2024\/05\/08\/eurovision-sarki-yarismasina-filistin-damgasi\/#respond"]}]},{"@type":"WebPage","@id":"https:\/\/kuzeyinsesi.org\/index.php\/2024\/05\/08\/eurovision-sarki-yarismasina-filistin-damgasi\/","url":"https:\/\/kuzeyinsesi.org\/index.php\/2024\/05\/08\/eurovision-sarki-yarismasina-filistin-damgasi\/","name":"Eurovision \u015eark\u0131 Yar\u0131\u015fmas\u0131&#039;na Filistin damgas\u0131 - Kuzeyin Sesi","isPartOf":{"@id":"https:\/\/kuzeyinsesi.org\/#website"},"primaryImageOfPage":{"@id":"https:\/\/kuzeyinsesi.org\/index.php\/2024\/05\/08\/eurovision-sarki-yarismasina-filistin-damgasi\/#primaryimage"},"image":{"@id":"https:\/\/kuzeyinsesi.org\/index.php\/2024\/05\/08\/eurovision-sarki-yarismasina-filistin-damgasi\/#primaryimage"},"thumbnailUrl":"https:\/\/kuzeyinsesi.org\/wp-content\/uploads\/2024\/05\/eric-saade-ap-2225949.jpg","datePublished":"2024-05-08T02:26:54+00:00","author":{"@id":"https:\/\/kuzeyinsesi.org\/#\/schema\/person\/9f859689cdf01485597712386e37f5aa"},"breadcrumb":{"@id":"https:\/\/kuzeyinsesi.org\/index.php\/2024\/05\/08\/eurovision-sarki-yarismasina-filistin-damgasi\/#breadcrumb"},"inLanguage":"tr","potentialAction":[{"@type":"ReadAction","target":["https:\/\/kuzeyinsesi.org\/index.php\/2024\/05\/08\/eurovision-sarki-yarismasina-filistin-damgasi\/"]}]},{"@type":"ImageObject","inLanguage":"tr","@id":"https:\/\/kuzeyinsesi.org\/index.php\/2024\/05\/08\/eurovision-sarki-yarismasina-filistin-damgasi\/#primaryimage","url":"https:\/\/kuzeyinsesi.org\/wp-content\/uploads\/2024\/05\/eric-saade-ap-2225949.jpg","contentUrl":"https:\/\/kuzeyinsesi.org\/wp-content\/uploads\/2024\/05\/eric-saade-ap-2225949.jpg","width":1280,"height":720},{"@type":"BreadcrumbList","@id":"https:\/\/kuzeyinsesi.org\/index.php\/2024\/05\/08\/eurovision-sarki-yarismasina-filistin-damgasi\/#breadcrumb","itemListElement":[{"@type":"ListItem","position":1,"name":"Anasayfa","item":"https:\/\/kuzeyinsesi.org\/"},{"@type":"ListItem","position":2,"name":"Eurovision \u015eark\u0131 Yar\u0131\u015fmas\u0131&#039;na Filistin damgas\u0131"}]},{"@type":"WebSite","@id":"https:\/\/kuzeyinsesi.org\/#website","url":"https:\/\/kuzeyinsesi.org\/","name":"Kuzeyin Sesi","description":"Do\u011fru Haberin Adresi","potentialAction":[{"@type":"SearchAction","target":{"@type":"EntryPoint","urlTemplate":"https:\/\/kuzeyinsesi.org\/?s={search_term_string}"},"query-input":{"@type":"PropertyValueSpecification","valueRequired":true,"valueName":"search_term_string"}}],"inLanguage":"tr"},{"@type":"Person","@id":"https:\/\/kuzeyinsesi.org\/#\/schema\/person\/9f859689cdf01485597712386e37f5aa","name":"Kuzeyin Sesi","image":{"@type":"ImageObject","inLanguage":"tr","@id":"https:\/\/secure.gravatar.com\/avatar\/bab33852abfd8b282518d6ed81826833d77c3c882d9ab608add591ccace47a44?s=96&d=mm&r=g","url":"https:\/\/secure.gravatar.com\/avatar\/bab33852abfd8b282518d6ed81826833d77c3c882d9ab608add591ccace47a44?s=96&d=mm&r=g","contentUrl":"https:\/\/secure.gravatar.com\/avatar\/bab33852abfd8b282518d6ed81826833d77c3c882d9ab608add591ccace47a44?s=96&d=mm&r=g","caption":"Kuzeyin Sesi"},"sameAs":["https:\/\/kuzeyinsesi.org"],"url":"https:\/\/kuzeyinsesi.org\/index.php\/author\/guven\/"}]}},"_links":{"self":[{"href":"https:\/\/kuzeyinsesi.org\/index.php\/wp-json\/wp\/v2\/posts\/1647","targetHints":{"allow":["GET"]}}],"collection":[{"href":"https:\/\/kuzeyinsesi.org\/index.php\/wp-json\/wp\/v2\/posts"}],"about":[{"href":"https:\/\/kuzeyinsesi.org\/index.php\/wp-json\/wp\/v2\/types\/post"}],"author":[{"embeddable":true,"href":"https:\/\/kuzeyinsesi.org\/index.php\/wp-json\/wp\/v2\/users\/1"}],"replies":[{"embeddable":true,"href":"https:\/\/kuzeyinsesi.org\/index.php\/wp-json\/wp\/v2\/comments?post=1647"}],"version-history":[{"count":0,"href":"https:\/\/kuzeyinsesi.org\/index.php\/wp-json\/wp\/v2\/posts\/1647\/revisions"}],"wp:featuredmedia":[{"embeddable":true,"href":"https:\/\/kuzeyinsesi.org\/index.php\/wp-json\/wp\/v2\/media\/1648"}],"wp:attachment":[{"href":"https:\/\/kuzeyinsesi.org\/index.php\/wp-json\/wp\/v2\/media?parent=1647"}],"wp:term":[{"taxonomy":"category","embeddable":true,"href":"https:\/\/kuzeyinsesi.org\/index.php\/wp-json\/wp\/v2\/categories?post=1647"},{"taxonomy":"post_tag","embeddable":true,"href":"https:\/\/kuzeyinsesi.org\/index.php\/wp-json\/wp\/v2\/tags?post=1647"}],"curies":[{"name":"wp","href":"https:\/\/api.w.org\/{rel}","templated":true}]}}