{"id":16391,"date":"2024-12-26T12:55:44","date_gmt":"2024-12-26T10:55:44","guid":{"rendered":"https:\/\/kuzeyinsesi.org\/index.php\/2024\/12\/26\/turkiye-milli-savunma-bakanligi-kktc-hava-sahasinin-ihlali-konusunda-fransa-askeri-atasesi-bakanligimiza-cagrildi\/"},"modified":"2024-12-26T12:55:44","modified_gmt":"2024-12-26T10:55:44","slug":"turkiye-milli-savunma-bakanligi-kktc-hava-sahasinin-ihlali-konusunda-fransa-askeri-atasesi-bakanligimiza-cagrildi","status":"publish","type":"post","link":"https:\/\/kuzeyinsesi.org\/index.php\/2024\/12\/26\/turkiye-milli-savunma-bakanligi-kktc-hava-sahasinin-ihlali-konusunda-fransa-askeri-atasesi-bakanligimiza-cagrildi\/","title":{"rendered":"T\u00fcrkiye Milli Savunma Bakanl\u0131\u011f\u0131: KKTC Hava sahas\u0131n\u0131n ihlali konusunda Fransa Askeri Ata\u015fesi Bakanl\u0131\u011f\u0131m\u0131za \u00e7a\u011fr\u0131ld\u0131"},"content":{"rendered":"<div>\n<div class=\"mariselle-image-container center\">\n                                            <\/div>\n<p> T\u00fcrkiye Cumhuriyeti Milli Savunma Bakanl\u0131\u011f\u0131 (MSB) kaynaklar\u0131, Fransa\u2019ya ait bir sava\u015f u\u00e7a\u011f\u0131n\u0131n Kuzey K\u0131br\u0131s T\u00fcrk Cumhuriyeti\u2019nin (KKTC) hava sahas\u0131n\u0131 ihlal etmesiyle ilgili olarak a\u00e7\u0131klamada bulundu.<\/p>\n<p>MSB kaynaklar\u0131, Bakanl\u0131k\u2019ta d\u00fczenlenen bas\u0131n bilgilendirme toplant\u0131s\u0131n\u0131n ard\u0131ndan gazetecilerin sorular\u0131n\u0131 yan\u0131tlad\u0131.<\/p>\n<p>A\u00e7\u0131klamada, \u201cBahse konu olay hakk\u0131nda Fransa Askeri Ata\u015fesi Bakanl\u0131\u011f\u0131m\u0131za davet edilmi\u015f ve b\u00f6lgedeki hassasiyetlerimiz aktar\u0131lm\u0131\u015ft\u0131r\u201d denildi.<\/p>\n<p>A\u00e7\u0131klamada olayla ilgili \u015fu ifadeler kullan\u0131ld\u0131:<\/p>\n<p>\u201cKKTC\u2019nin g\u00fcvenli\u011fine tehdit olu\u015fturabilecek her t\u00fcrl\u00fc geli\u015fmeyi yak\u0131ndan takip ediyoruz. Fransa\u2019ya ait u\u00e7u\u015flar\u0131n b\u00f6lgede yak\u0131ndan takip edildi\u011fi ve koordine i\u00e7erisinde bulunuldu\u011funu ifade etmek isteriz. Bahse konu olay hakk\u0131nda Fransa Askeri Ata\u015fesi Bakanl\u0131\u011f\u0131m\u0131za davet edilmi\u015f ve b\u00f6lgedeki hassasiyetlerimiz aktar\u0131lm\u0131\u015ft\u0131r. \u0130leti\u015fim kanallar\u0131 a\u00e7\u0131k tutularak Frans\u0131z muhataplar\u0131m\u0131zla gerekli de\u011ferlendirme yap\u0131lmaktad\u0131r. Uluslararas\u0131 hukuka ayk\u0131r\u0131 \u015fekilde yap\u0131lan t\u00fcm faaliyetlere kar\u015f\u0131 KKTC\u2019nin g\u00fcvenli\u011finin sa\u011flanmas\u0131, hak ve menfaatlerinin korunmas\u0131 i\u00e7in gerekli askeri ve siyasi tedbirleri almay\u0131 s\u00fcrd\u00fcr\u00fcyoruz. Ge\u00e7mi\u015fte oldu\u011fu gibi bug\u00fcn ve yar\u0131n da garanti ve ittifak anla\u015fmalar\u0131 \u00e7er\u00e7evesinde K\u0131br\u0131s T\u00fcrklerinin g\u00fcvenli\u011fi, huzuru ve refah\u0131 i\u00e7in gereken tedbirleri her ne pahas\u0131na olursa olsun almaya devam edece\u011fiz.\u201d<\/p>\n<\/p><\/div>\n<p><script async\n                    defer\n                    crossorigin=\"anonymous\"\n                    src=\"https:\/\/connect.facebook.net\/tr_TR\/sdk.js#xfbml=1&#038;version=v3.3\"\n            ><\/script><\/p>\n","protected":false},"excerpt":{"rendered":"<p>T\u00fcrkiye Cumhuriyeti Milli Savunma Bakanl\u0131\u011f\u0131 (MSB) kaynaklar\u0131, Fransa\u2019ya ait bir sava\u015f u\u00e7a\u011f\u0131n\u0131n Kuzey K\u0131br\u0131s T\u00fcrk Cumhuriyeti\u2019nin (KKTC) hava sahas\u0131n\u0131 ihlal etmesiyle ilgili olarak a\u00e7\u0131klamada bulundu. MSB kaynaklar\u0131, Bakanl\u0131k\u2019ta d\u00fczenlenen bas\u0131n bilgilendirme toplant\u0131s\u0131n\u0131n ard\u0131ndan gazetecilerin sorular\u0131n\u0131 yan\u0131tlad\u0131. A\u00e7\u0131klamada, \u201cBahse konu olay hakk\u0131nda Fransa Askeri Ata\u015fesi Bakanl\u0131\u011f\u0131m\u0131za davet edilmi\u015f ve b\u00f6lgedeki hassasiyetlerimiz aktar\u0131lm\u0131\u015ft\u0131r\u201d denildi. A\u00e7\u0131klamada olayla ilgili [&hellip;]<\/p>\n","protected":false},"author":1,"featured_media":16392,"comment_status":"open","ping_status":"open","sticky":false,"template":"","format":"standard","meta":{"jnews-multi-image_gallery":[],"jnews_single_post":[],"jnews_primary_category":[],"jnews_social_meta":[],"jnews_override_counter":[],"footnotes":""},"categories":[5],"tags":[],"class_list":["post-16391","post","type-post","status-publish","format-standard","has-post-thumbnail","hentry","category-turkiye"],"yoast_head":"<!-- This site is optimized with the Yoast SEO plugin v27.4 - https:\/\/yoast.com\/product\/yoast-seo-wordpress\/ -->\n<title>T\u00fcrkiye Milli Savunma Bakanl\u0131\u011f\u0131: KKTC Hava sahas\u0131n\u0131n ihlali konusunda Fransa Askeri Ata\u015fesi Bakanl\u0131\u011f\u0131m\u0131za \u00e7a\u011fr\u0131ld\u0131 - Kuzeyin Sesi<\/title>\n<meta name=\"robots\" content=\"index, follow, max-snippet:-1, max-image-preview:large, max-video-preview:-1\" \/>\n<link rel=\"canonical\" href=\"https:\/\/kuzeyinsesi.org\/index.php\/2024\/12\/26\/turkiye-milli-savunma-bakanligi-kktc-hava-sahasinin-ihlali-konusunda-fransa-askeri-atasesi-bakanligimiza-cagrildi\/\" \/>\n<meta property=\"og:locale\" content=\"tr_TR\" \/>\n<meta property=\"og:type\" content=\"article\" \/>\n<meta property=\"og:title\" content=\"T\u00fcrkiye Milli Savunma Bakanl\u0131\u011f\u0131: KKTC Hava sahas\u0131n\u0131n ihlali konusunda Fransa Askeri Ata\u015fesi Bakanl\u0131\u011f\u0131m\u0131za \u00e7a\u011fr\u0131ld\u0131 - Kuzeyin Sesi\" \/>\n<meta property=\"og:description\" content=\"T\u00fcrkiye Cumhuriyeti Milli Savunma Bakanl\u0131\u011f\u0131 (MSB) kaynaklar\u0131, Fransa\u2019ya ait bir sava\u015f u\u00e7a\u011f\u0131n\u0131n Kuzey K\u0131br\u0131s T\u00fcrk Cumhuriyeti\u2019nin (KKTC) hava sahas\u0131n\u0131 ihlal etmesiyle ilgili olarak a\u00e7\u0131klamada bulundu. MSB kaynaklar\u0131, Bakanl\u0131k\u2019ta d\u00fczenlenen bas\u0131n bilgilendirme toplant\u0131s\u0131n\u0131n ard\u0131ndan gazetecilerin sorular\u0131n\u0131 yan\u0131tlad\u0131. A\u00e7\u0131klamada, \u201cBahse konu olay hakk\u0131nda Fransa Askeri Ata\u015fesi Bakanl\u0131\u011f\u0131m\u0131za davet edilmi\u015f ve b\u00f6lgedeki hassasiyetlerimiz aktar\u0131lm\u0131\u015ft\u0131r\u201d denildi. A\u00e7\u0131klamada olayla ilgili [&hellip;]\" \/>\n<meta property=\"og:url\" content=\"https:\/\/kuzeyinsesi.org\/index.php\/2024\/12\/26\/turkiye-milli-savunma-bakanligi-kktc-hava-sahasinin-ihlali-konusunda-fransa-askeri-atasesi-bakanligimiza-cagrildi\/\" \/>\n<meta property=\"og:site_name\" content=\"Kuzeyin Sesi\" \/>\n<meta property=\"article:publisher\" content=\"https:\/\/www.facebook.com\/kuzeyinsesii\" \/>\n<meta property=\"article:published_time\" content=\"2024-12-26T10:55:44+00:00\" \/>\n<meta property=\"og:image\" content=\"https:\/\/brtk.net\/wp-content\/uploads\/2024\/12\/26\/qpowi-scaled.jpg?ver=20f29f0c170f29bcb3d4e4277a927e1f\" \/>\n<meta name=\"author\" content=\"Kuzeyin Sesi\" \/>\n<meta name=\"twitter:card\" content=\"summary_large_image\" \/>\n<meta name=\"twitter:creator\" content=\"@kuzeyinsesii\" \/>\n<meta name=\"twitter:site\" content=\"@kuzeyinsesii\" \/>\n<meta name=\"twitter:label1\" content=\"Yazan:\" \/>\n\t<meta name=\"twitter:data1\" content=\"Kuzeyin Sesi\" \/>\n\t<meta name=\"twitter:label2\" content=\"Tahmini okuma s\u00fcresi\" \/>\n\t<meta name=\"twitter:data2\" content=\"1 dakika\" \/>\n<script type=\"application\/ld+json\" class=\"yoast-schema-graph\">{\"@context\":\"https:\\\/\\\/schema.org\",\"@graph\":[{\"@type\":\"Article\",\"@id\":\"https:\\\/\\\/kuzeyinsesi.org\\\/index.php\\\/2024\\\/12\\\/26\\\/turkiye-milli-savunma-bakanligi-kktc-hava-sahasinin-ihlali-konusunda-fransa-askeri-atasesi-bakanligimiza-cagrildi\\\/#article\",\"isPartOf\":{\"@id\":\"https:\\\/\\\/kuzeyinsesi.org\\\/index.php\\\/2024\\\/12\\\/26\\\/turkiye-milli-savunma-bakanligi-kktc-hava-sahasinin-ihlali-konusunda-fransa-askeri-atasesi-bakanligimiza-cagrildi\\\/\"},\"author\":{\"name\":\"Kuzeyin Sesi\",\"@id\":\"https:\\\/\\\/kuzeyinsesi.org\\\/#\\\/schema\\\/person\\\/9f859689cdf01485597712386e37f5aa\"},\"headline\":\"T\u00fcrkiye Milli Savunma Bakanl\u0131\u011f\u0131: KKTC Hava sahas\u0131n\u0131n ihlali konusunda Fransa Askeri Ata\u015fesi Bakanl\u0131\u011f\u0131m\u0131za \u00e7a\u011fr\u0131ld\u0131\",\"datePublished\":\"2024-12-26T10:55:44+00:00\",\"mainEntityOfPage\":{\"@id\":\"https:\\\/\\\/kuzeyinsesi.org\\\/index.php\\\/2024\\\/12\\\/26\\\/turkiye-milli-savunma-bakanligi-kktc-hava-sahasinin-ihlali-konusunda-fransa-askeri-atasesi-bakanligimiza-cagrildi\\\/\"},\"wordCount\":269,\"commentCount\":0,\"image\":{\"@id\":\"https:\\\/\\\/kuzeyinsesi.org\\\/index.php\\\/2024\\\/12\\\/26\\\/turkiye-milli-savunma-bakanligi-kktc-hava-sahasinin-ihlali-konusunda-fransa-askeri-atasesi-bakanligimiza-cagrildi\\\/#primaryimage\"},\"thumbnailUrl\":\"https:\\\/\\\/kuzeyinsesi.org\\\/wp-content\\\/uploads\\\/2024\\\/12\\\/qpowi-scaled.jpg\",\"articleSection\":[\"T\u00fcrkiye\"],\"inLanguage\":\"tr\",\"potentialAction\":[{\"@type\":\"CommentAction\",\"name\":\"Comment\",\"target\":[\"https:\\\/\\\/kuzeyinsesi.org\\\/index.php\\\/2024\\\/12\\\/26\\\/turkiye-milli-savunma-bakanligi-kktc-hava-sahasinin-ihlali-konusunda-fransa-askeri-atasesi-bakanligimiza-cagrildi\\\/#respond\"]}]},{\"@type\":\"WebPage\",\"@id\":\"https:\\\/\\\/kuzeyinsesi.org\\\/index.php\\\/2024\\\/12\\\/26\\\/turkiye-milli-savunma-bakanligi-kktc-hava-sahasinin-ihlali-konusunda-fransa-askeri-atasesi-bakanligimiza-cagrildi\\\/\",\"url\":\"https:\\\/\\\/kuzeyinsesi.org\\\/index.php\\\/2024\\\/12\\\/26\\\/turkiye-milli-savunma-bakanligi-kktc-hava-sahasinin-ihlali-konusunda-fransa-askeri-atasesi-bakanligimiza-cagrildi\\\/\",\"name\":\"T\u00fcrkiye Milli Savunma Bakanl\u0131\u011f\u0131: KKTC Hava sahas\u0131n\u0131n ihlali konusunda Fransa Askeri Ata\u015fesi Bakanl\u0131\u011f\u0131m\u0131za \u00e7a\u011fr\u0131ld\u0131 - Kuzeyin Sesi\",\"isPartOf\":{\"@id\":\"https:\\\/\\\/kuzeyinsesi.org\\\/#website\"},\"primaryImageOfPage\":{\"@id\":\"https:\\\/\\\/kuzeyinsesi.org\\\/index.php\\\/2024\\\/12\\\/26\\\/turkiye-milli-savunma-bakanligi-kktc-hava-sahasinin-ihlali-konusunda-fransa-askeri-atasesi-bakanligimiza-cagrildi\\\/#primaryimage\"},\"image\":{\"@id\":\"https:\\\/\\\/kuzeyinsesi.org\\\/index.php\\\/2024\\\/12\\\/26\\\/turkiye-milli-savunma-bakanligi-kktc-hava-sahasinin-ihlali-konusunda-fransa-askeri-atasesi-bakanligimiza-cagrildi\\\/#primaryimage\"},\"thumbnailUrl\":\"https:\\\/\\\/kuzeyinsesi.org\\\/wp-content\\\/uploads\\\/2024\\\/12\\\/qpowi-scaled.jpg\",\"datePublished\":\"2024-12-26T10:55:44+00:00\",\"author\":{\"@id\":\"https:\\\/\\\/kuzeyinsesi.org\\\/#\\\/schema\\\/person\\\/9f859689cdf01485597712386e37f5aa\"},\"breadcrumb\":{\"@id\":\"https:\\\/\\\/kuzeyinsesi.org\\\/index.php\\\/2024\\\/12\\\/26\\\/turkiye-milli-savunma-bakanligi-kktc-hava-sahasinin-ihlali-konusunda-fransa-askeri-atasesi-bakanligimiza-cagrildi\\\/#breadcrumb\"},\"inLanguage\":\"tr\",\"potentialAction\":[{\"@type\":\"ReadAction\",\"target\":[\"https:\\\/\\\/kuzeyinsesi.org\\\/index.php\\\/2024\\\/12\\\/26\\\/turkiye-milli-savunma-bakanligi-kktc-hava-sahasinin-ihlali-konusunda-fransa-askeri-atasesi-bakanligimiza-cagrildi\\\/\"]}]},{\"@type\":\"ImageObject\",\"inLanguage\":\"tr\",\"@id\":\"https:\\\/\\\/kuzeyinsesi.org\\\/index.php\\\/2024\\\/12\\\/26\\\/turkiye-milli-savunma-bakanligi-kktc-hava-sahasinin-ihlali-konusunda-fransa-askeri-atasesi-bakanligimiza-cagrildi\\\/#primaryimage\",\"url\":\"https:\\\/\\\/kuzeyinsesi.org\\\/wp-content\\\/uploads\\\/2024\\\/12\\\/qpowi-scaled.jpg\",\"contentUrl\":\"https:\\\/\\\/kuzeyinsesi.org\\\/wp-content\\\/uploads\\\/2024\\\/12\\\/qpowi-scaled.jpg\",\"width\":2560,\"height\":1707},{\"@type\":\"BreadcrumbList\",\"@id\":\"https:\\\/\\\/kuzeyinsesi.org\\\/index.php\\\/2024\\\/12\\\/26\\\/turkiye-milli-savunma-bakanligi-kktc-hava-sahasinin-ihlali-konusunda-fransa-askeri-atasesi-bakanligimiza-cagrildi\\\/#breadcrumb\",\"itemListElement\":[{\"@type\":\"ListItem\",\"position\":1,\"name\":\"Anasayfa\",\"item\":\"https:\\\/\\\/kuzeyinsesi.org\\\/\"},{\"@type\":\"ListItem\",\"position\":2,\"name\":\"T\u00fcrkiye Milli Savunma Bakanl\u0131\u011f\u0131: KKTC Hava sahas\u0131n\u0131n ihlali konusunda Fransa Askeri Ata\u015fesi Bakanl\u0131\u011f\u0131m\u0131za \u00e7a\u011fr\u0131ld\u0131\"}]},{\"@type\":\"WebSite\",\"@id\":\"https:\\\/\\\/kuzeyinsesi.org\\\/#website\",\"url\":\"https:\\\/\\\/kuzeyinsesi.org\\\/\",\"name\":\"Kuzeyin Sesi\",\"description\":\"Do\u011fru Haberin Adresi\",\"potentialAction\":[{\"@type\":\"SearchAction\",\"target\":{\"@type\":\"EntryPoint\",\"urlTemplate\":\"https:\\\/\\\/kuzeyinsesi.org\\\/?s={search_term_string}\"},\"query-input\":{\"@type\":\"PropertyValueSpecification\",\"valueRequired\":true,\"valueName\":\"search_term_string\"}}],\"inLanguage\":\"tr\"},{\"@type\":\"Person\",\"@id\":\"https:\\\/\\\/kuzeyinsesi.org\\\/#\\\/schema\\\/person\\\/9f859689cdf01485597712386e37f5aa\",\"name\":\"Kuzeyin Sesi\",\"image\":{\"@type\":\"ImageObject\",\"inLanguage\":\"tr\",\"@id\":\"https:\\\/\\\/secure.gravatar.com\\\/avatar\\\/bab33852abfd8b282518d6ed81826833d77c3c882d9ab608add591ccace47a44?s=96&d=mm&r=g\",\"url\":\"https:\\\/\\\/secure.gravatar.com\\\/avatar\\\/bab33852abfd8b282518d6ed81826833d77c3c882d9ab608add591ccace47a44?s=96&d=mm&r=g\",\"contentUrl\":\"https:\\\/\\\/secure.gravatar.com\\\/avatar\\\/bab33852abfd8b282518d6ed81826833d77c3c882d9ab608add591ccace47a44?s=96&d=mm&r=g\",\"caption\":\"Kuzeyin Sesi\"},\"sameAs\":[\"https:\\\/\\\/kuzeyinsesi.org\"],\"url\":\"https:\\\/\\\/kuzeyinsesi.org\\\/index.php\\\/author\\\/guven\\\/\"}]}<\/script>\n<!-- \/ Yoast SEO plugin. -->","yoast_head_json":{"title":"T\u00fcrkiye Milli Savunma Bakanl\u0131\u011f\u0131: KKTC Hava sahas\u0131n\u0131n ihlali konusunda Fransa Askeri Ata\u015fesi Bakanl\u0131\u011f\u0131m\u0131za \u00e7a\u011fr\u0131ld\u0131 - Kuzeyin Sesi","robots":{"index":"index","follow":"follow","max-snippet":"max-snippet:-1","max-image-preview":"max-image-preview:large","max-video-preview":"max-video-preview:-1"},"canonical":"https:\/\/kuzeyinsesi.org\/index.php\/2024\/12\/26\/turkiye-milli-savunma-bakanligi-kktc-hava-sahasinin-ihlali-konusunda-fransa-askeri-atasesi-bakanligimiza-cagrildi\/","og_locale":"tr_TR","og_type":"article","og_title":"T\u00fcrkiye Milli Savunma Bakanl\u0131\u011f\u0131: KKTC Hava sahas\u0131n\u0131n ihlali konusunda Fransa Askeri Ata\u015fesi Bakanl\u0131\u011f\u0131m\u0131za \u00e7a\u011fr\u0131ld\u0131 - Kuzeyin Sesi","og_description":"T\u00fcrkiye Cumhuriyeti Milli Savunma Bakanl\u0131\u011f\u0131 (MSB) kaynaklar\u0131, Fransa\u2019ya ait bir sava\u015f u\u00e7a\u011f\u0131n\u0131n Kuzey K\u0131br\u0131s T\u00fcrk Cumhuriyeti\u2019nin (KKTC) hava sahas\u0131n\u0131 ihlal etmesiyle ilgili olarak a\u00e7\u0131klamada bulundu. MSB kaynaklar\u0131, Bakanl\u0131k\u2019ta d\u00fczenlenen bas\u0131n bilgilendirme toplant\u0131s\u0131n\u0131n ard\u0131ndan gazetecilerin sorular\u0131n\u0131 yan\u0131tlad\u0131. A\u00e7\u0131klamada, \u201cBahse konu olay hakk\u0131nda Fransa Askeri Ata\u015fesi Bakanl\u0131\u011f\u0131m\u0131za davet edilmi\u015f ve b\u00f6lgedeki hassasiyetlerimiz aktar\u0131lm\u0131\u015ft\u0131r\u201d denildi. A\u00e7\u0131klamada olayla ilgili [&hellip;]","og_url":"https:\/\/kuzeyinsesi.org\/index.php\/2024\/12\/26\/turkiye-milli-savunma-bakanligi-kktc-hava-sahasinin-ihlali-konusunda-fransa-askeri-atasesi-bakanligimiza-cagrildi\/","og_site_name":"Kuzeyin Sesi","article_publisher":"https:\/\/www.facebook.com\/kuzeyinsesii","article_published_time":"2024-12-26T10:55:44+00:00","og_image":[{"url":"https:\/\/brtk.net\/wp-content\/uploads\/2024\/12\/26\/qpowi-scaled.jpg?ver=20f29f0c170f29bcb3d4e4277a927e1f","type":"","width":"","height":""}],"author":"Kuzeyin Sesi","twitter_card":"summary_large_image","twitter_creator":"@kuzeyinsesii","twitter_site":"@kuzeyinsesii","twitter_misc":{"Yazan:":"Kuzeyin Sesi","Tahmini okuma s\u00fcresi":"1 dakika"},"schema":{"@context":"https:\/\/schema.org","@graph":[{"@type":"Article","@id":"https:\/\/kuzeyinsesi.org\/index.php\/2024\/12\/26\/turkiye-milli-savunma-bakanligi-kktc-hava-sahasinin-ihlali-konusunda-fransa-askeri-atasesi-bakanligimiza-cagrildi\/#article","isPartOf":{"@id":"https:\/\/kuzeyinsesi.org\/index.php\/2024\/12\/26\/turkiye-milli-savunma-bakanligi-kktc-hava-sahasinin-ihlali-konusunda-fransa-askeri-atasesi-bakanligimiza-cagrildi\/"},"author":{"name":"Kuzeyin Sesi","@id":"https:\/\/kuzeyinsesi.org\/#\/schema\/person\/9f859689cdf01485597712386e37f5aa"},"headline":"T\u00fcrkiye Milli Savunma Bakanl\u0131\u011f\u0131: KKTC Hava sahas\u0131n\u0131n ihlali konusunda Fransa Askeri Ata\u015fesi Bakanl\u0131\u011f\u0131m\u0131za \u00e7a\u011fr\u0131ld\u0131","datePublished":"2024-12-26T10:55:44+00:00","mainEntityOfPage":{"@id":"https:\/\/kuzeyinsesi.org\/index.php\/2024\/12\/26\/turkiye-milli-savunma-bakanligi-kktc-hava-sahasinin-ihlali-konusunda-fransa-askeri-atasesi-bakanligimiza-cagrildi\/"},"wordCount":269,"commentCount":0,"image":{"@id":"https:\/\/kuzeyinsesi.org\/index.php\/2024\/12\/26\/turkiye-milli-savunma-bakanligi-kktc-hava-sahasinin-ihlali-konusunda-fransa-askeri-atasesi-bakanligimiza-cagrildi\/#primaryimage"},"thumbnailUrl":"https:\/\/kuzeyinsesi.org\/wp-content\/uploads\/2024\/12\/qpowi-scaled.jpg","articleSection":["T\u00fcrkiye"],"inLanguage":"tr","potentialAction":[{"@type":"CommentAction","name":"Comment","target":["https:\/\/kuzeyinsesi.org\/index.php\/2024\/12\/26\/turkiye-milli-savunma-bakanligi-kktc-hava-sahasinin-ihlali-konusunda-fransa-askeri-atasesi-bakanligimiza-cagrildi\/#respond"]}]},{"@type":"WebPage","@id":"https:\/\/kuzeyinsesi.org\/index.php\/2024\/12\/26\/turkiye-milli-savunma-bakanligi-kktc-hava-sahasinin-ihlali-konusunda-fransa-askeri-atasesi-bakanligimiza-cagrildi\/","url":"https:\/\/kuzeyinsesi.org\/index.php\/2024\/12\/26\/turkiye-milli-savunma-bakanligi-kktc-hava-sahasinin-ihlali-konusunda-fransa-askeri-atasesi-bakanligimiza-cagrildi\/","name":"T\u00fcrkiye Milli Savunma Bakanl\u0131\u011f\u0131: KKTC Hava sahas\u0131n\u0131n ihlali konusunda Fransa Askeri Ata\u015fesi Bakanl\u0131\u011f\u0131m\u0131za \u00e7a\u011fr\u0131ld\u0131 - Kuzeyin Sesi","isPartOf":{"@id":"https:\/\/kuzeyinsesi.org\/#website"},"primaryImageOfPage":{"@id":"https:\/\/kuzeyinsesi.org\/index.php\/2024\/12\/26\/turkiye-milli-savunma-bakanligi-kktc-hava-sahasinin-ihlali-konusunda-fransa-askeri-atasesi-bakanligimiza-cagrildi\/#primaryimage"},"image":{"@id":"https:\/\/kuzeyinsesi.org\/index.php\/2024\/12\/26\/turkiye-milli-savunma-bakanligi-kktc-hava-sahasinin-ihlali-konusunda-fransa-askeri-atasesi-bakanligimiza-cagrildi\/#primaryimage"},"thumbnailUrl":"https:\/\/kuzeyinsesi.org\/wp-content\/uploads\/2024\/12\/qpowi-scaled.jpg","datePublished":"2024-12-26T10:55:44+00:00","author":{"@id":"https:\/\/kuzeyinsesi.org\/#\/schema\/person\/9f859689cdf01485597712386e37f5aa"},"breadcrumb":{"@id":"https:\/\/kuzeyinsesi.org\/index.php\/2024\/12\/26\/turkiye-milli-savunma-bakanligi-kktc-hava-sahasinin-ihlali-konusunda-fransa-askeri-atasesi-bakanligimiza-cagrildi\/#breadcrumb"},"inLanguage":"tr","potentialAction":[{"@type":"ReadAction","target":["https:\/\/kuzeyinsesi.org\/index.php\/2024\/12\/26\/turkiye-milli-savunma-bakanligi-kktc-hava-sahasinin-ihlali-konusunda-fransa-askeri-atasesi-bakanligimiza-cagrildi\/"]}]},{"@type":"ImageObject","inLanguage":"tr","@id":"https:\/\/kuzeyinsesi.org\/index.php\/2024\/12\/26\/turkiye-milli-savunma-bakanligi-kktc-hava-sahasinin-ihlali-konusunda-fransa-askeri-atasesi-bakanligimiza-cagrildi\/#primaryimage","url":"https:\/\/kuzeyinsesi.org\/wp-content\/uploads\/2024\/12\/qpowi-scaled.jpg","contentUrl":"https:\/\/kuzeyinsesi.org\/wp-content\/uploads\/2024\/12\/qpowi-scaled.jpg","width":2560,"height":1707},{"@type":"BreadcrumbList","@id":"https:\/\/kuzeyinsesi.org\/index.php\/2024\/12\/26\/turkiye-milli-savunma-bakanligi-kktc-hava-sahasinin-ihlali-konusunda-fransa-askeri-atasesi-bakanligimiza-cagrildi\/#breadcrumb","itemListElement":[{"@type":"ListItem","position":1,"name":"Anasayfa","item":"https:\/\/kuzeyinsesi.org\/"},{"@type":"ListItem","position":2,"name":"T\u00fcrkiye Milli Savunma Bakanl\u0131\u011f\u0131: KKTC Hava sahas\u0131n\u0131n ihlali konusunda Fransa Askeri Ata\u015fesi Bakanl\u0131\u011f\u0131m\u0131za \u00e7a\u011fr\u0131ld\u0131"}]},{"@type":"WebSite","@id":"https:\/\/kuzeyinsesi.org\/#website","url":"https:\/\/kuzeyinsesi.org\/","name":"Kuzeyin Sesi","description":"Do\u011fru Haberin Adresi","potentialAction":[{"@type":"SearchAction","target":{"@type":"EntryPoint","urlTemplate":"https:\/\/kuzeyinsesi.org\/?s={search_term_string}"},"query-input":{"@type":"PropertyValueSpecification","valueRequired":true,"valueName":"search_term_string"}}],"inLanguage":"tr"},{"@type":"Person","@id":"https:\/\/kuzeyinsesi.org\/#\/schema\/person\/9f859689cdf01485597712386e37f5aa","name":"Kuzeyin Sesi","image":{"@type":"ImageObject","inLanguage":"tr","@id":"https:\/\/secure.gravatar.com\/avatar\/bab33852abfd8b282518d6ed81826833d77c3c882d9ab608add591ccace47a44?s=96&d=mm&r=g","url":"https:\/\/secure.gravatar.com\/avatar\/bab33852abfd8b282518d6ed81826833d77c3c882d9ab608add591ccace47a44?s=96&d=mm&r=g","contentUrl":"https:\/\/secure.gravatar.com\/avatar\/bab33852abfd8b282518d6ed81826833d77c3c882d9ab608add591ccace47a44?s=96&d=mm&r=g","caption":"Kuzeyin Sesi"},"sameAs":["https:\/\/kuzeyinsesi.org"],"url":"https:\/\/kuzeyinsesi.org\/index.php\/author\/guven\/"}]}},"_links":{"self":[{"href":"https:\/\/kuzeyinsesi.org\/index.php\/wp-json\/wp\/v2\/posts\/16391","targetHints":{"allow":["GET"]}}],"collection":[{"href":"https:\/\/kuzeyinsesi.org\/index.php\/wp-json\/wp\/v2\/posts"}],"about":[{"href":"https:\/\/kuzeyinsesi.org\/index.php\/wp-json\/wp\/v2\/types\/post"}],"author":[{"embeddable":true,"href":"https:\/\/kuzeyinsesi.org\/index.php\/wp-json\/wp\/v2\/users\/1"}],"replies":[{"embeddable":true,"href":"https:\/\/kuzeyinsesi.org\/index.php\/wp-json\/wp\/v2\/comments?post=16391"}],"version-history":[{"count":0,"href":"https:\/\/kuzeyinsesi.org\/index.php\/wp-json\/wp\/v2\/posts\/16391\/revisions"}],"wp:featuredmedia":[{"embeddable":true,"href":"https:\/\/kuzeyinsesi.org\/index.php\/wp-json\/wp\/v2\/media\/16392"}],"wp:attachment":[{"href":"https:\/\/kuzeyinsesi.org\/index.php\/wp-json\/wp\/v2\/media?parent=16391"}],"wp:term":[{"taxonomy":"category","embeddable":true,"href":"https:\/\/kuzeyinsesi.org\/index.php\/wp-json\/wp\/v2\/categories?post=16391"},{"taxonomy":"post_tag","embeddable":true,"href":"https:\/\/kuzeyinsesi.org\/index.php\/wp-json\/wp\/v2\/tags?post=16391"}],"curies":[{"name":"wp","href":"https:\/\/api.w.org\/{rel}","templated":true}]}}