{"id":16352,"date":"2024-12-25T15:21:31","date_gmt":"2024-12-25T13:21:31","guid":{"rendered":"https:\/\/kuzeyinsesi.org\/index.php\/2024\/12\/25\/kirmizi-sergisi-yarin-aciliyor\/"},"modified":"2024-12-25T15:21:31","modified_gmt":"2024-12-25T13:21:31","slug":"kirmizi-sergisi-yarin-aciliyor","status":"publish","type":"post","link":"https:\/\/kuzeyinsesi.org\/index.php\/2024\/12\/25\/kirmizi-sergisi-yarin-aciliyor\/","title":{"rendered":"\u201cK\u0131rm\u0131z\u0131\u201d sergisi yar\u0131n a\u00e7\u0131l\u0131yor"},"content":{"rendered":"<div>\n<div class=\"mariselle-image-container center\">\n                                            <\/div>\n<p>\n\u201cK\u0131rm\u0131z\u0131\u201d konseptli uluslararas\u0131 karma sergi, yar\u0131n Bayrak Radyo Televizyon Kurumu (BRTK) Yay\u0131nc\u0131l\u0131k Tarihi M\u00fczesi HD Sergi Salonu\u2019nda saat 18.00\u2019de  a\u00e7\u0131lacak.<\/p>\n<p>Mevhibe &amp; Mustafa Ba\u015fman Vakf\u0131 sponsorlu\u011funda, Ayhatun Ate\u015fin k\u00fcrat\u00f6rl\u00fc\u011f\u00fcnde, \u201cK\u0131rm\u0131z\u0131\u201d konseptli uluslararas\u0131 karma sergi, toplumsal duyarl\u0131l\u0131\u011f\u0131 ve sanatsal yarat\u0131c\u0131l\u0131\u011f\u0131 bir araya getiriyor.<\/p>\n<p>K\u0131rm\u0131z\u0131 renginin dinamizminden ilham alarak olu\u015fturulan eserleri bar\u0131nd\u0131ran sergide 25 sanat\u00e7\u0131n\u0131n eserleri sergilenecek. Serginin a\u00e7\u0131l\u0131\u015f\u0131nda performans g\u00f6sterileri ve m\u00fczik dinletisi de yer alacak.<\/p>\n<p>Kat\u0131l\u0131mc\u0131 sanat\u00e7\u0131lar \u015funlar:<\/p>\n<p>\u201cEzgi Yemenicio\u011flu Negir, G\u00fcliz Baydemir Katkar, Umut Germe\u00e7, Mine Okur,G\u00f6khan Okur, Erdal Aygen\u00e7, Raif K\u0131z\u0131l, Ali Asgar \u00c7akmakc\u0131, Ceyhan \u00d6zy\u0131ld\u0131z, Rana Amrahova, Nurseren Tor, Kemal, Beh\u00e7et Caymaz, Mustafa Bat\u0131beniz, Mete Hatay, Kaan Canduran, H\u00fcseyin \u00d6z\u00e7elik,, Kadir Sevim, Soner Pilge, \u0130smail G\u00f6k\u00e7e, K\u00fcbra Nur G\u00fcven,Vedia Okutan, Evrim Erg\u00fcn, Sinem K\u0131l\u0131n\u00e7, Mert K\u0131l\u0131n\u00e7.\u201d<\/p>\n<\/p><\/div>\n<p><script async\n                    defer\n                    crossorigin=\"anonymous\"\n                    src=\"https:\/\/connect.facebook.net\/tr_TR\/sdk.js#xfbml=1&#038;version=v3.3\"\n            ><\/script><\/p>\n","protected":false},"excerpt":{"rendered":"<p>\u201cK\u0131rm\u0131z\u0131\u201d konseptli uluslararas\u0131 karma sergi, yar\u0131n Bayrak Radyo Televizyon Kurumu (BRTK) Yay\u0131nc\u0131l\u0131k Tarihi M\u00fczesi HD Sergi Salonu\u2019nda saat 18.00\u2019de a\u00e7\u0131lacak. Mevhibe &amp; Mustafa Ba\u015fman Vakf\u0131 sponsorlu\u011funda, Ayhatun Ate\u015fin k\u00fcrat\u00f6rl\u00fc\u011f\u00fcnde, \u201cK\u0131rm\u0131z\u0131\u201d konseptli uluslararas\u0131 karma sergi, toplumsal duyarl\u0131l\u0131\u011f\u0131 ve sanatsal yarat\u0131c\u0131l\u0131\u011f\u0131 bir araya getiriyor. K\u0131rm\u0131z\u0131 renginin dinamizminden ilham alarak olu\u015fturulan eserleri bar\u0131nd\u0131ran sergide 25 sanat\u00e7\u0131n\u0131n eserleri sergilenecek. [&hellip;]<\/p>\n","protected":false},"author":1,"featured_media":16353,"comment_status":"open","ping_status":"open","sticky":false,"template":"","format":"standard","meta":{"jnews-multi-image_gallery":[],"jnews_single_post":[],"jnews_primary_category":[],"jnews_social_meta":[],"jnews_override_counter":[],"footnotes":""},"categories":[6],"tags":[],"class_list":["post-16352","post","type-post","status-publish","format-standard","has-post-thumbnail","hentry","category-yasam"],"yoast_head":"<!-- This site is optimized with the Yoast SEO plugin v27.4 - https:\/\/yoast.com\/product\/yoast-seo-wordpress\/ -->\n<title>\u201cK\u0131rm\u0131z\u0131\u201d sergisi yar\u0131n a\u00e7\u0131l\u0131yor - Kuzeyin Sesi<\/title>\n<meta name=\"robots\" content=\"index, follow, max-snippet:-1, max-image-preview:large, max-video-preview:-1\" \/>\n<link rel=\"canonical\" href=\"https:\/\/kuzeyinsesi.org\/index.php\/2024\/12\/25\/kirmizi-sergisi-yarin-aciliyor\/\" \/>\n<meta property=\"og:locale\" content=\"tr_TR\" \/>\n<meta property=\"og:type\" content=\"article\" \/>\n<meta property=\"og:title\" content=\"\u201cK\u0131rm\u0131z\u0131\u201d sergisi yar\u0131n a\u00e7\u0131l\u0131yor - Kuzeyin Sesi\" \/>\n<meta property=\"og:description\" content=\"\u201cK\u0131rm\u0131z\u0131\u201d konseptli uluslararas\u0131 karma sergi, yar\u0131n Bayrak Radyo Televizyon Kurumu (BRTK) Yay\u0131nc\u0131l\u0131k Tarihi M\u00fczesi HD Sergi Salonu\u2019nda saat 18.00\u2019de a\u00e7\u0131lacak. Mevhibe &amp; Mustafa Ba\u015fman Vakf\u0131 sponsorlu\u011funda, Ayhatun Ate\u015fin k\u00fcrat\u00f6rl\u00fc\u011f\u00fcnde, \u201cK\u0131rm\u0131z\u0131\u201d konseptli uluslararas\u0131 karma sergi, toplumsal duyarl\u0131l\u0131\u011f\u0131 ve sanatsal yarat\u0131c\u0131l\u0131\u011f\u0131 bir araya getiriyor. K\u0131rm\u0131z\u0131 renginin dinamizminden ilham alarak olu\u015fturulan eserleri bar\u0131nd\u0131ran sergide 25 sanat\u00e7\u0131n\u0131n eserleri sergilenecek. [&hellip;]\" \/>\n<meta property=\"og:url\" content=\"https:\/\/kuzeyinsesi.org\/index.php\/2024\/12\/25\/kirmizi-sergisi-yarin-aciliyor\/\" \/>\n<meta property=\"og:site_name\" content=\"Kuzeyin Sesi\" \/>\n<meta property=\"article:publisher\" content=\"https:\/\/www.facebook.com\/kuzeyinsesii\" \/>\n<meta property=\"article:published_time\" content=\"2024-12-25T13:21:31+00:00\" \/>\n<meta property=\"og:image\" content=\"https:\/\/brtk.net\/wp-content\/uploads\/2024\/12\/25\/1735115000626sergi-scaled.jpg?ver=d61be892ce292872a34f4072a0e19c97\" \/>\n<meta name=\"author\" content=\"Kuzeyin Sesi\" \/>\n<meta name=\"twitter:card\" content=\"summary_large_image\" \/>\n<meta name=\"twitter:creator\" content=\"@kuzeyinsesii\" \/>\n<meta name=\"twitter:site\" content=\"@kuzeyinsesii\" \/>\n<meta name=\"twitter:label1\" content=\"Yazan:\" \/>\n\t<meta name=\"twitter:data1\" content=\"Kuzeyin Sesi\" \/>\n\t<meta name=\"twitter:label2\" content=\"Tahmini okuma s\u00fcresi\" \/>\n\t<meta name=\"twitter:data2\" content=\"1 dakika\" \/>\n<script type=\"application\/ld+json\" class=\"yoast-schema-graph\">{\"@context\":\"https:\\\/\\\/schema.org\",\"@graph\":[{\"@type\":\"Article\",\"@id\":\"https:\\\/\\\/kuzeyinsesi.org\\\/index.php\\\/2024\\\/12\\\/25\\\/kirmizi-sergisi-yarin-aciliyor\\\/#article\",\"isPartOf\":{\"@id\":\"https:\\\/\\\/kuzeyinsesi.org\\\/index.php\\\/2024\\\/12\\\/25\\\/kirmizi-sergisi-yarin-aciliyor\\\/\"},\"author\":{\"name\":\"Kuzeyin Sesi\",\"@id\":\"https:\\\/\\\/kuzeyinsesi.org\\\/#\\\/schema\\\/person\\\/9f859689cdf01485597712386e37f5aa\"},\"headline\":\"\u201cK\u0131rm\u0131z\u0131\u201d sergisi yar\u0131n a\u00e7\u0131l\u0131yor\",\"datePublished\":\"2024-12-25T13:21:31+00:00\",\"mainEntityOfPage\":{\"@id\":\"https:\\\/\\\/kuzeyinsesi.org\\\/index.php\\\/2024\\\/12\\\/25\\\/kirmizi-sergisi-yarin-aciliyor\\\/\"},\"wordCount\":183,\"commentCount\":0,\"image\":{\"@id\":\"https:\\\/\\\/kuzeyinsesi.org\\\/index.php\\\/2024\\\/12\\\/25\\\/kirmizi-sergisi-yarin-aciliyor\\\/#primaryimage\"},\"thumbnailUrl\":\"https:\\\/\\\/kuzeyinsesi.org\\\/wp-content\\\/uploads\\\/2024\\\/12\\\/1735115000626sergi-scaled.jpg\",\"articleSection\":[\"Ya\u015fam\"],\"inLanguage\":\"tr\",\"potentialAction\":[{\"@type\":\"CommentAction\",\"name\":\"Comment\",\"target\":[\"https:\\\/\\\/kuzeyinsesi.org\\\/index.php\\\/2024\\\/12\\\/25\\\/kirmizi-sergisi-yarin-aciliyor\\\/#respond\"]}]},{\"@type\":\"WebPage\",\"@id\":\"https:\\\/\\\/kuzeyinsesi.org\\\/index.php\\\/2024\\\/12\\\/25\\\/kirmizi-sergisi-yarin-aciliyor\\\/\",\"url\":\"https:\\\/\\\/kuzeyinsesi.org\\\/index.php\\\/2024\\\/12\\\/25\\\/kirmizi-sergisi-yarin-aciliyor\\\/\",\"name\":\"\u201cK\u0131rm\u0131z\u0131\u201d sergisi yar\u0131n a\u00e7\u0131l\u0131yor - Kuzeyin Sesi\",\"isPartOf\":{\"@id\":\"https:\\\/\\\/kuzeyinsesi.org\\\/#website\"},\"primaryImageOfPage\":{\"@id\":\"https:\\\/\\\/kuzeyinsesi.org\\\/index.php\\\/2024\\\/12\\\/25\\\/kirmizi-sergisi-yarin-aciliyor\\\/#primaryimage\"},\"image\":{\"@id\":\"https:\\\/\\\/kuzeyinsesi.org\\\/index.php\\\/2024\\\/12\\\/25\\\/kirmizi-sergisi-yarin-aciliyor\\\/#primaryimage\"},\"thumbnailUrl\":\"https:\\\/\\\/kuzeyinsesi.org\\\/wp-content\\\/uploads\\\/2024\\\/12\\\/1735115000626sergi-scaled.jpg\",\"datePublished\":\"2024-12-25T13:21:31+00:00\",\"author\":{\"@id\":\"https:\\\/\\\/kuzeyinsesi.org\\\/#\\\/schema\\\/person\\\/9f859689cdf01485597712386e37f5aa\"},\"breadcrumb\":{\"@id\":\"https:\\\/\\\/kuzeyinsesi.org\\\/index.php\\\/2024\\\/12\\\/25\\\/kirmizi-sergisi-yarin-aciliyor\\\/#breadcrumb\"},\"inLanguage\":\"tr\",\"potentialAction\":[{\"@type\":\"ReadAction\",\"target\":[\"https:\\\/\\\/kuzeyinsesi.org\\\/index.php\\\/2024\\\/12\\\/25\\\/kirmizi-sergisi-yarin-aciliyor\\\/\"]}]},{\"@type\":\"ImageObject\",\"inLanguage\":\"tr\",\"@id\":\"https:\\\/\\\/kuzeyinsesi.org\\\/index.php\\\/2024\\\/12\\\/25\\\/kirmizi-sergisi-yarin-aciliyor\\\/#primaryimage\",\"url\":\"https:\\\/\\\/kuzeyinsesi.org\\\/wp-content\\\/uploads\\\/2024\\\/12\\\/1735115000626sergi-scaled.jpg\",\"contentUrl\":\"https:\\\/\\\/kuzeyinsesi.org\\\/wp-content\\\/uploads\\\/2024\\\/12\\\/1735115000626sergi-scaled.jpg\",\"width\":1829,\"height\":2560},{\"@type\":\"BreadcrumbList\",\"@id\":\"https:\\\/\\\/kuzeyinsesi.org\\\/index.php\\\/2024\\\/12\\\/25\\\/kirmizi-sergisi-yarin-aciliyor\\\/#breadcrumb\",\"itemListElement\":[{\"@type\":\"ListItem\",\"position\":1,\"name\":\"Anasayfa\",\"item\":\"https:\\\/\\\/kuzeyinsesi.org\\\/\"},{\"@type\":\"ListItem\",\"position\":2,\"name\":\"\u201cK\u0131rm\u0131z\u0131\u201d sergisi yar\u0131n a\u00e7\u0131l\u0131yor\"}]},{\"@type\":\"WebSite\",\"@id\":\"https:\\\/\\\/kuzeyinsesi.org\\\/#website\",\"url\":\"https:\\\/\\\/kuzeyinsesi.org\\\/\",\"name\":\"Kuzeyin Sesi\",\"description\":\"Do\u011fru Haberin Adresi\",\"potentialAction\":[{\"@type\":\"SearchAction\",\"target\":{\"@type\":\"EntryPoint\",\"urlTemplate\":\"https:\\\/\\\/kuzeyinsesi.org\\\/?s={search_term_string}\"},\"query-input\":{\"@type\":\"PropertyValueSpecification\",\"valueRequired\":true,\"valueName\":\"search_term_string\"}}],\"inLanguage\":\"tr\"},{\"@type\":\"Person\",\"@id\":\"https:\\\/\\\/kuzeyinsesi.org\\\/#\\\/schema\\\/person\\\/9f859689cdf01485597712386e37f5aa\",\"name\":\"Kuzeyin Sesi\",\"image\":{\"@type\":\"ImageObject\",\"inLanguage\":\"tr\",\"@id\":\"https:\\\/\\\/secure.gravatar.com\\\/avatar\\\/bab33852abfd8b282518d6ed81826833d77c3c882d9ab608add591ccace47a44?s=96&d=mm&r=g\",\"url\":\"https:\\\/\\\/secure.gravatar.com\\\/avatar\\\/bab33852abfd8b282518d6ed81826833d77c3c882d9ab608add591ccace47a44?s=96&d=mm&r=g\",\"contentUrl\":\"https:\\\/\\\/secure.gravatar.com\\\/avatar\\\/bab33852abfd8b282518d6ed81826833d77c3c882d9ab608add591ccace47a44?s=96&d=mm&r=g\",\"caption\":\"Kuzeyin Sesi\"},\"sameAs\":[\"https:\\\/\\\/kuzeyinsesi.org\"],\"url\":\"https:\\\/\\\/kuzeyinsesi.org\\\/index.php\\\/author\\\/guven\\\/\"}]}<\/script>\n<!-- \/ Yoast SEO plugin. -->","yoast_head_json":{"title":"\u201cK\u0131rm\u0131z\u0131\u201d sergisi yar\u0131n a\u00e7\u0131l\u0131yor - Kuzeyin Sesi","robots":{"index":"index","follow":"follow","max-snippet":"max-snippet:-1","max-image-preview":"max-image-preview:large","max-video-preview":"max-video-preview:-1"},"canonical":"https:\/\/kuzeyinsesi.org\/index.php\/2024\/12\/25\/kirmizi-sergisi-yarin-aciliyor\/","og_locale":"tr_TR","og_type":"article","og_title":"\u201cK\u0131rm\u0131z\u0131\u201d sergisi yar\u0131n a\u00e7\u0131l\u0131yor - Kuzeyin Sesi","og_description":"\u201cK\u0131rm\u0131z\u0131\u201d konseptli uluslararas\u0131 karma sergi, yar\u0131n Bayrak Radyo Televizyon Kurumu (BRTK) Yay\u0131nc\u0131l\u0131k Tarihi M\u00fczesi HD Sergi Salonu\u2019nda saat 18.00\u2019de a\u00e7\u0131lacak. Mevhibe &amp; Mustafa Ba\u015fman Vakf\u0131 sponsorlu\u011funda, Ayhatun Ate\u015fin k\u00fcrat\u00f6rl\u00fc\u011f\u00fcnde, \u201cK\u0131rm\u0131z\u0131\u201d konseptli uluslararas\u0131 karma sergi, toplumsal duyarl\u0131l\u0131\u011f\u0131 ve sanatsal yarat\u0131c\u0131l\u0131\u011f\u0131 bir araya getiriyor. K\u0131rm\u0131z\u0131 renginin dinamizminden ilham alarak olu\u015fturulan eserleri bar\u0131nd\u0131ran sergide 25 sanat\u00e7\u0131n\u0131n eserleri sergilenecek. [&hellip;]","og_url":"https:\/\/kuzeyinsesi.org\/index.php\/2024\/12\/25\/kirmizi-sergisi-yarin-aciliyor\/","og_site_name":"Kuzeyin Sesi","article_publisher":"https:\/\/www.facebook.com\/kuzeyinsesii","article_published_time":"2024-12-25T13:21:31+00:00","og_image":[{"url":"https:\/\/brtk.net\/wp-content\/uploads\/2024\/12\/25\/1735115000626sergi-scaled.jpg?ver=d61be892ce292872a34f4072a0e19c97","type":"","width":"","height":""}],"author":"Kuzeyin Sesi","twitter_card":"summary_large_image","twitter_creator":"@kuzeyinsesii","twitter_site":"@kuzeyinsesii","twitter_misc":{"Yazan:":"Kuzeyin Sesi","Tahmini okuma s\u00fcresi":"1 dakika"},"schema":{"@context":"https:\/\/schema.org","@graph":[{"@type":"Article","@id":"https:\/\/kuzeyinsesi.org\/index.php\/2024\/12\/25\/kirmizi-sergisi-yarin-aciliyor\/#article","isPartOf":{"@id":"https:\/\/kuzeyinsesi.org\/index.php\/2024\/12\/25\/kirmizi-sergisi-yarin-aciliyor\/"},"author":{"name":"Kuzeyin Sesi","@id":"https:\/\/kuzeyinsesi.org\/#\/schema\/person\/9f859689cdf01485597712386e37f5aa"},"headline":"\u201cK\u0131rm\u0131z\u0131\u201d sergisi yar\u0131n a\u00e7\u0131l\u0131yor","datePublished":"2024-12-25T13:21:31+00:00","mainEntityOfPage":{"@id":"https:\/\/kuzeyinsesi.org\/index.php\/2024\/12\/25\/kirmizi-sergisi-yarin-aciliyor\/"},"wordCount":183,"commentCount":0,"image":{"@id":"https:\/\/kuzeyinsesi.org\/index.php\/2024\/12\/25\/kirmizi-sergisi-yarin-aciliyor\/#primaryimage"},"thumbnailUrl":"https:\/\/kuzeyinsesi.org\/wp-content\/uploads\/2024\/12\/1735115000626sergi-scaled.jpg","articleSection":["Ya\u015fam"],"inLanguage":"tr","potentialAction":[{"@type":"CommentAction","name":"Comment","target":["https:\/\/kuzeyinsesi.org\/index.php\/2024\/12\/25\/kirmizi-sergisi-yarin-aciliyor\/#respond"]}]},{"@type":"WebPage","@id":"https:\/\/kuzeyinsesi.org\/index.php\/2024\/12\/25\/kirmizi-sergisi-yarin-aciliyor\/","url":"https:\/\/kuzeyinsesi.org\/index.php\/2024\/12\/25\/kirmizi-sergisi-yarin-aciliyor\/","name":"\u201cK\u0131rm\u0131z\u0131\u201d sergisi yar\u0131n a\u00e7\u0131l\u0131yor - Kuzeyin Sesi","isPartOf":{"@id":"https:\/\/kuzeyinsesi.org\/#website"},"primaryImageOfPage":{"@id":"https:\/\/kuzeyinsesi.org\/index.php\/2024\/12\/25\/kirmizi-sergisi-yarin-aciliyor\/#primaryimage"},"image":{"@id":"https:\/\/kuzeyinsesi.org\/index.php\/2024\/12\/25\/kirmizi-sergisi-yarin-aciliyor\/#primaryimage"},"thumbnailUrl":"https:\/\/kuzeyinsesi.org\/wp-content\/uploads\/2024\/12\/1735115000626sergi-scaled.jpg","datePublished":"2024-12-25T13:21:31+00:00","author":{"@id":"https:\/\/kuzeyinsesi.org\/#\/schema\/person\/9f859689cdf01485597712386e37f5aa"},"breadcrumb":{"@id":"https:\/\/kuzeyinsesi.org\/index.php\/2024\/12\/25\/kirmizi-sergisi-yarin-aciliyor\/#breadcrumb"},"inLanguage":"tr","potentialAction":[{"@type":"ReadAction","target":["https:\/\/kuzeyinsesi.org\/index.php\/2024\/12\/25\/kirmizi-sergisi-yarin-aciliyor\/"]}]},{"@type":"ImageObject","inLanguage":"tr","@id":"https:\/\/kuzeyinsesi.org\/index.php\/2024\/12\/25\/kirmizi-sergisi-yarin-aciliyor\/#primaryimage","url":"https:\/\/kuzeyinsesi.org\/wp-content\/uploads\/2024\/12\/1735115000626sergi-scaled.jpg","contentUrl":"https:\/\/kuzeyinsesi.org\/wp-content\/uploads\/2024\/12\/1735115000626sergi-scaled.jpg","width":1829,"height":2560},{"@type":"BreadcrumbList","@id":"https:\/\/kuzeyinsesi.org\/index.php\/2024\/12\/25\/kirmizi-sergisi-yarin-aciliyor\/#breadcrumb","itemListElement":[{"@type":"ListItem","position":1,"name":"Anasayfa","item":"https:\/\/kuzeyinsesi.org\/"},{"@type":"ListItem","position":2,"name":"\u201cK\u0131rm\u0131z\u0131\u201d sergisi yar\u0131n a\u00e7\u0131l\u0131yor"}]},{"@type":"WebSite","@id":"https:\/\/kuzeyinsesi.org\/#website","url":"https:\/\/kuzeyinsesi.org\/","name":"Kuzeyin Sesi","description":"Do\u011fru Haberin Adresi","potentialAction":[{"@type":"SearchAction","target":{"@type":"EntryPoint","urlTemplate":"https:\/\/kuzeyinsesi.org\/?s={search_term_string}"},"query-input":{"@type":"PropertyValueSpecification","valueRequired":true,"valueName":"search_term_string"}}],"inLanguage":"tr"},{"@type":"Person","@id":"https:\/\/kuzeyinsesi.org\/#\/schema\/person\/9f859689cdf01485597712386e37f5aa","name":"Kuzeyin Sesi","image":{"@type":"ImageObject","inLanguage":"tr","@id":"https:\/\/secure.gravatar.com\/avatar\/bab33852abfd8b282518d6ed81826833d77c3c882d9ab608add591ccace47a44?s=96&d=mm&r=g","url":"https:\/\/secure.gravatar.com\/avatar\/bab33852abfd8b282518d6ed81826833d77c3c882d9ab608add591ccace47a44?s=96&d=mm&r=g","contentUrl":"https:\/\/secure.gravatar.com\/avatar\/bab33852abfd8b282518d6ed81826833d77c3c882d9ab608add591ccace47a44?s=96&d=mm&r=g","caption":"Kuzeyin Sesi"},"sameAs":["https:\/\/kuzeyinsesi.org"],"url":"https:\/\/kuzeyinsesi.org\/index.php\/author\/guven\/"}]}},"_links":{"self":[{"href":"https:\/\/kuzeyinsesi.org\/index.php\/wp-json\/wp\/v2\/posts\/16352","targetHints":{"allow":["GET"]}}],"collection":[{"href":"https:\/\/kuzeyinsesi.org\/index.php\/wp-json\/wp\/v2\/posts"}],"about":[{"href":"https:\/\/kuzeyinsesi.org\/index.php\/wp-json\/wp\/v2\/types\/post"}],"author":[{"embeddable":true,"href":"https:\/\/kuzeyinsesi.org\/index.php\/wp-json\/wp\/v2\/users\/1"}],"replies":[{"embeddable":true,"href":"https:\/\/kuzeyinsesi.org\/index.php\/wp-json\/wp\/v2\/comments?post=16352"}],"version-history":[{"count":0,"href":"https:\/\/kuzeyinsesi.org\/index.php\/wp-json\/wp\/v2\/posts\/16352\/revisions"}],"wp:featuredmedia":[{"embeddable":true,"href":"https:\/\/kuzeyinsesi.org\/index.php\/wp-json\/wp\/v2\/media\/16353"}],"wp:attachment":[{"href":"https:\/\/kuzeyinsesi.org\/index.php\/wp-json\/wp\/v2\/media?parent=16352"}],"wp:term":[{"taxonomy":"category","embeddable":true,"href":"https:\/\/kuzeyinsesi.org\/index.php\/wp-json\/wp\/v2\/categories?post=16352"},{"taxonomy":"post_tag","embeddable":true,"href":"https:\/\/kuzeyinsesi.org\/index.php\/wp-json\/wp\/v2\/tags?post=16352"}],"curies":[{"name":"wp","href":"https:\/\/api.w.org\/{rel}","templated":true}]}}