{"id":16344,"date":"2024-12-25T14:20:52","date_gmt":"2024-12-25T12:20:52","guid":{"rendered":"https:\/\/kuzeyinsesi.org\/index.php\/2024\/12\/25\/cumhurbaskani-tatar-renkler-ve-izler-sergisinin-acilisina-katildi\/"},"modified":"2024-12-25T14:20:52","modified_gmt":"2024-12-25T12:20:52","slug":"cumhurbaskani-tatar-renkler-ve-izler-sergisinin-acilisina-katildi","status":"publish","type":"post","link":"https:\/\/kuzeyinsesi.org\/index.php\/2024\/12\/25\/cumhurbaskani-tatar-renkler-ve-izler-sergisinin-acilisina-katildi\/","title":{"rendered":"Cumhurba\u015fkan\u0131 Tatar, \u201cRenkler ve \u0130zler Sergisinin\u201d a\u00e7\u0131l\u0131\u015f\u0131na kat\u0131ld\u0131"},"content":{"rendered":"<div>\n<div class=\"mariselle-image-container center\">\n                                            <\/div>\n<p>Cumhurba\u015fkan\u0131 Ersin Tatar, \u00dclviye Karaba\u015fak ve \u00f6\u011frencilerinin birlikte ger\u00e7ekle\u015ftirdi\u011fi \u201cRenkler ve \u0130zler Sergisinin\u201d a\u00e7\u0131l\u0131\u015f\u0131na kat\u0131ld\u0131. <\/p>\n<p>Lefko\u015fa Atat\u00fcrk K\u00fclt\u00fcr Merkezi\u2019ndeki etkinlikte konu\u015fan Cumhurba\u015fkan\u0131 Tatar, \u00e7ocuklar\u0131n yapt\u0131\u011f\u0131 eserlerden olu\u015fan resim sergisinin a\u00e7\u0131l\u0131\u015f\u0131nda bulunmaktan duydu\u011fu memnuniyeti ifade etti. <\/p>\n<p>Yapt\u0131\u011f\u0131 \u00e7al\u0131\u015fmalardan dolay\u0131 \u00e7ocuklar\u0131 tebrik eden Cumhurba\u015fkan\u0131 Tatar, ailelere ve \u00f6\u011fretmenlere \u00e7ocuklar\u0131 sanata y\u00f6nlendirdi\u011fi i\u00e7in te\u015fekk\u00fcr etti. <\/p>\n<p>Kuzey K\u0131br\u0131s T\u00fcrk Cumhuriyeti\u2019nde okullar, sanat at\u00f6lyeleri ve resim \u00f6\u011fretmenleri ile ge\u00e7mi\u015fe g\u00f6re daha iyi imkanlara sahip olundu\u011funu anlatan Cumhurba\u015fkan\u0131 Tatar, sanatta elde edilen ba\u015far\u0131lar\u0131n gurur kayna\u011f\u0131 oldu\u011funu kaydetti.<\/p>\n<p>K\u0131br\u0131s T\u00fcrk\u00fc\u2019n\u00fcn ge\u00e7mi\u015fte zor d\u00f6nemlerden ge\u00e7ti\u011fini dile getiren Cumhurba\u015fkan\u0131 Tatar, \u00f6zg\u00fcrl\u00fck ve ba\u011f\u0131ms\u0131zl\u0131\u011fa kavu\u015ftuktan sonra devletin kuruldu\u011funu ve \u00e7ocuklar\u0131n\u0131 en iyi \u015fekilde hayata haz\u0131rlad\u0131\u011f\u0131n\u0131 vurgulad\u0131. <\/p>\n<p>2025 y\u0131l\u0131na umutla girildi\u011fini ifade eden Cumhurba\u015fkan\u0131 Tatar, \u00e7ocuklar\u0131n\u0131 hayata haz\u0131rlayan aileleri ve yapt\u0131klar\u0131 \u00f6zverili \u00e7al\u0131\u015fmalardan dolay\u0131 \u00f6\u011fretmenleri tebrik etti.<\/p>\n<p>\u00c7ocuklar\u0131n \u00fclkenin gelece\u011fi oldu\u011funu belirten cumhurba\u015fkan\u0131 Tatar, \u201cSizler bizim gelece\u011fimizsiniz, ileride devleti siz y\u00f6neteceksiniz. Sizleri \u00e7ok seviyoruz ve size \u00e7ok de\u011fer veriyoruz.\u201c dedi.<\/p>\n<\/p><\/div>\n<p><script async\n                    defer\n                    crossorigin=\"anonymous\"\n                    src=\"https:\/\/connect.facebook.net\/tr_TR\/sdk.js#xfbml=1&#038;version=v3.3\"\n            ><\/script><\/p>\n","protected":false},"excerpt":{"rendered":"<p>Cumhurba\u015fkan\u0131 Ersin Tatar, \u00dclviye Karaba\u015fak ve \u00f6\u011frencilerinin birlikte ger\u00e7ekle\u015ftirdi\u011fi \u201cRenkler ve \u0130zler Sergisinin\u201d a\u00e7\u0131l\u0131\u015f\u0131na kat\u0131ld\u0131. Lefko\u015fa Atat\u00fcrk K\u00fclt\u00fcr Merkezi\u2019ndeki etkinlikte konu\u015fan Cumhurba\u015fkan\u0131 Tatar, \u00e7ocuklar\u0131n yapt\u0131\u011f\u0131 eserlerden olu\u015fan resim sergisinin a\u00e7\u0131l\u0131\u015f\u0131nda bulunmaktan duydu\u011fu memnuniyeti ifade etti. Yapt\u0131\u011f\u0131 \u00e7al\u0131\u015fmalardan dolay\u0131 \u00e7ocuklar\u0131 tebrik eden Cumhurba\u015fkan\u0131 Tatar, ailelere ve \u00f6\u011fretmenlere \u00e7ocuklar\u0131 sanata y\u00f6nlendirdi\u011fi i\u00e7in te\u015fekk\u00fcr etti. Kuzey K\u0131br\u0131s T\u00fcrk [&hellip;]<\/p>\n","protected":false},"author":1,"featured_media":16345,"comment_status":"open","ping_status":"open","sticky":false,"template":"","format":"standard","meta":{"jnews-multi-image_gallery":[],"jnews_single_post":[],"jnews_primary_category":[],"jnews_social_meta":[],"jnews_override_counter":[],"footnotes":""},"categories":[6],"tags":[],"class_list":["post-16344","post","type-post","status-publish","format-standard","has-post-thumbnail","hentry","category-yasam"],"yoast_head":"<!-- This site is optimized with the Yoast SEO plugin v27.4 - https:\/\/yoast.com\/product\/yoast-seo-wordpress\/ -->\n<title>Cumhurba\u015fkan\u0131 Tatar, \u201cRenkler ve \u0130zler Sergisinin\u201d a\u00e7\u0131l\u0131\u015f\u0131na kat\u0131ld\u0131 - Kuzeyin Sesi<\/title>\n<meta name=\"robots\" content=\"index, follow, max-snippet:-1, max-image-preview:large, max-video-preview:-1\" \/>\n<link rel=\"canonical\" href=\"https:\/\/kuzeyinsesi.org\/index.php\/2024\/12\/25\/cumhurbaskani-tatar-renkler-ve-izler-sergisinin-acilisina-katildi\/\" \/>\n<meta property=\"og:locale\" content=\"tr_TR\" \/>\n<meta property=\"og:type\" content=\"article\" \/>\n<meta property=\"og:title\" content=\"Cumhurba\u015fkan\u0131 Tatar, \u201cRenkler ve \u0130zler Sergisinin\u201d a\u00e7\u0131l\u0131\u015f\u0131na kat\u0131ld\u0131 - Kuzeyin Sesi\" \/>\n<meta property=\"og:description\" content=\"Cumhurba\u015fkan\u0131 Ersin Tatar, \u00dclviye Karaba\u015fak ve \u00f6\u011frencilerinin birlikte ger\u00e7ekle\u015ftirdi\u011fi \u201cRenkler ve \u0130zler Sergisinin\u201d a\u00e7\u0131l\u0131\u015f\u0131na kat\u0131ld\u0131. Lefko\u015fa Atat\u00fcrk K\u00fclt\u00fcr Merkezi\u2019ndeki etkinlikte konu\u015fan Cumhurba\u015fkan\u0131 Tatar, \u00e7ocuklar\u0131n yapt\u0131\u011f\u0131 eserlerden olu\u015fan resim sergisinin a\u00e7\u0131l\u0131\u015f\u0131nda bulunmaktan duydu\u011fu memnuniyeti ifade etti. Yapt\u0131\u011f\u0131 \u00e7al\u0131\u015fmalardan dolay\u0131 \u00e7ocuklar\u0131 tebrik eden Cumhurba\u015fkan\u0131 Tatar, ailelere ve \u00f6\u011fretmenlere \u00e7ocuklar\u0131 sanata y\u00f6nlendirdi\u011fi i\u00e7in te\u015fekk\u00fcr etti. Kuzey K\u0131br\u0131s T\u00fcrk [&hellip;]\" \/>\n<meta property=\"og:url\" content=\"https:\/\/kuzeyinsesi.org\/index.php\/2024\/12\/25\/cumhurbaskani-tatar-renkler-ve-izler-sergisinin-acilisina-katildi\/\" \/>\n<meta property=\"og:site_name\" content=\"Kuzeyin Sesi\" \/>\n<meta property=\"article:publisher\" content=\"https:\/\/www.facebook.com\/kuzeyinsesii\" \/>\n<meta property=\"article:published_time\" content=\"2024-12-25T12:20:52+00:00\" \/>\n<meta property=\"og:image\" content=\"https:\/\/brtk.net\/wp-content\/uploads\/2024\/12\/25\/1a1bab88-113c-47a7-b1b4-1a12a2adaf5d.jpg?ver=f2bd6320f924d1770590003f0edba983\" \/>\n<meta name=\"author\" content=\"Kuzeyin Sesi\" \/>\n<meta name=\"twitter:card\" content=\"summary_large_image\" \/>\n<meta name=\"twitter:creator\" content=\"@kuzeyinsesii\" \/>\n<meta name=\"twitter:site\" content=\"@kuzeyinsesii\" \/>\n<meta name=\"twitter:label1\" content=\"Yazan:\" \/>\n\t<meta name=\"twitter:data1\" content=\"Kuzeyin Sesi\" \/>\n\t<meta name=\"twitter:label2\" content=\"Tahmini okuma s\u00fcresi\" \/>\n\t<meta name=\"twitter:data2\" content=\"1 dakika\" \/>\n<script type=\"application\/ld+json\" class=\"yoast-schema-graph\">{\"@context\":\"https:\\\/\\\/schema.org\",\"@graph\":[{\"@type\":\"Article\",\"@id\":\"https:\\\/\\\/kuzeyinsesi.org\\\/index.php\\\/2024\\\/12\\\/25\\\/cumhurbaskani-tatar-renkler-ve-izler-sergisinin-acilisina-katildi\\\/#article\",\"isPartOf\":{\"@id\":\"https:\\\/\\\/kuzeyinsesi.org\\\/index.php\\\/2024\\\/12\\\/25\\\/cumhurbaskani-tatar-renkler-ve-izler-sergisinin-acilisina-katildi\\\/\"},\"author\":{\"name\":\"Kuzeyin Sesi\",\"@id\":\"https:\\\/\\\/kuzeyinsesi.org\\\/#\\\/schema\\\/person\\\/9f859689cdf01485597712386e37f5aa\"},\"headline\":\"Cumhurba\u015fkan\u0131 Tatar, \u201cRenkler ve \u0130zler Sergisinin\u201d a\u00e7\u0131l\u0131\u015f\u0131na kat\u0131ld\u0131\",\"datePublished\":\"2024-12-25T12:20:52+00:00\",\"mainEntityOfPage\":{\"@id\":\"https:\\\/\\\/kuzeyinsesi.org\\\/index.php\\\/2024\\\/12\\\/25\\\/cumhurbaskani-tatar-renkler-ve-izler-sergisinin-acilisina-katildi\\\/\"},\"wordCount\":237,\"commentCount\":0,\"image\":{\"@id\":\"https:\\\/\\\/kuzeyinsesi.org\\\/index.php\\\/2024\\\/12\\\/25\\\/cumhurbaskani-tatar-renkler-ve-izler-sergisinin-acilisina-katildi\\\/#primaryimage\"},\"thumbnailUrl\":\"https:\\\/\\\/kuzeyinsesi.org\\\/wp-content\\\/uploads\\\/2024\\\/12\\\/1a1bab88-113c-47a7-b1b4-1a12a2adaf5d.jpg\",\"articleSection\":[\"Ya\u015fam\"],\"inLanguage\":\"tr\",\"potentialAction\":[{\"@type\":\"CommentAction\",\"name\":\"Comment\",\"target\":[\"https:\\\/\\\/kuzeyinsesi.org\\\/index.php\\\/2024\\\/12\\\/25\\\/cumhurbaskani-tatar-renkler-ve-izler-sergisinin-acilisina-katildi\\\/#respond\"]}]},{\"@type\":\"WebPage\",\"@id\":\"https:\\\/\\\/kuzeyinsesi.org\\\/index.php\\\/2024\\\/12\\\/25\\\/cumhurbaskani-tatar-renkler-ve-izler-sergisinin-acilisina-katildi\\\/\",\"url\":\"https:\\\/\\\/kuzeyinsesi.org\\\/index.php\\\/2024\\\/12\\\/25\\\/cumhurbaskani-tatar-renkler-ve-izler-sergisinin-acilisina-katildi\\\/\",\"name\":\"Cumhurba\u015fkan\u0131 Tatar, \u201cRenkler ve \u0130zler Sergisinin\u201d a\u00e7\u0131l\u0131\u015f\u0131na kat\u0131ld\u0131 - Kuzeyin Sesi\",\"isPartOf\":{\"@id\":\"https:\\\/\\\/kuzeyinsesi.org\\\/#website\"},\"primaryImageOfPage\":{\"@id\":\"https:\\\/\\\/kuzeyinsesi.org\\\/index.php\\\/2024\\\/12\\\/25\\\/cumhurbaskani-tatar-renkler-ve-izler-sergisinin-acilisina-katildi\\\/#primaryimage\"},\"image\":{\"@id\":\"https:\\\/\\\/kuzeyinsesi.org\\\/index.php\\\/2024\\\/12\\\/25\\\/cumhurbaskani-tatar-renkler-ve-izler-sergisinin-acilisina-katildi\\\/#primaryimage\"},\"thumbnailUrl\":\"https:\\\/\\\/kuzeyinsesi.org\\\/wp-content\\\/uploads\\\/2024\\\/12\\\/1a1bab88-113c-47a7-b1b4-1a12a2adaf5d.jpg\",\"datePublished\":\"2024-12-25T12:20:52+00:00\",\"author\":{\"@id\":\"https:\\\/\\\/kuzeyinsesi.org\\\/#\\\/schema\\\/person\\\/9f859689cdf01485597712386e37f5aa\"},\"breadcrumb\":{\"@id\":\"https:\\\/\\\/kuzeyinsesi.org\\\/index.php\\\/2024\\\/12\\\/25\\\/cumhurbaskani-tatar-renkler-ve-izler-sergisinin-acilisina-katildi\\\/#breadcrumb\"},\"inLanguage\":\"tr\",\"potentialAction\":[{\"@type\":\"ReadAction\",\"target\":[\"https:\\\/\\\/kuzeyinsesi.org\\\/index.php\\\/2024\\\/12\\\/25\\\/cumhurbaskani-tatar-renkler-ve-izler-sergisinin-acilisina-katildi\\\/\"]}]},{\"@type\":\"ImageObject\",\"inLanguage\":\"tr\",\"@id\":\"https:\\\/\\\/kuzeyinsesi.org\\\/index.php\\\/2024\\\/12\\\/25\\\/cumhurbaskani-tatar-renkler-ve-izler-sergisinin-acilisina-katildi\\\/#primaryimage\",\"url\":\"https:\\\/\\\/kuzeyinsesi.org\\\/wp-content\\\/uploads\\\/2024\\\/12\\\/1a1bab88-113c-47a7-b1b4-1a12a2adaf5d.jpg\",\"contentUrl\":\"https:\\\/\\\/kuzeyinsesi.org\\\/wp-content\\\/uploads\\\/2024\\\/12\\\/1a1bab88-113c-47a7-b1b4-1a12a2adaf5d.jpg\",\"width\":1600,\"height\":838},{\"@type\":\"BreadcrumbList\",\"@id\":\"https:\\\/\\\/kuzeyinsesi.org\\\/index.php\\\/2024\\\/12\\\/25\\\/cumhurbaskani-tatar-renkler-ve-izler-sergisinin-acilisina-katildi\\\/#breadcrumb\",\"itemListElement\":[{\"@type\":\"ListItem\",\"position\":1,\"name\":\"Anasayfa\",\"item\":\"https:\\\/\\\/kuzeyinsesi.org\\\/\"},{\"@type\":\"ListItem\",\"position\":2,\"name\":\"Cumhurba\u015fkan\u0131 Tatar, \u201cRenkler ve \u0130zler Sergisinin\u201d a\u00e7\u0131l\u0131\u015f\u0131na kat\u0131ld\u0131\"}]},{\"@type\":\"WebSite\",\"@id\":\"https:\\\/\\\/kuzeyinsesi.org\\\/#website\",\"url\":\"https:\\\/\\\/kuzeyinsesi.org\\\/\",\"name\":\"Kuzeyin Sesi\",\"description\":\"Do\u011fru Haberin Adresi\",\"potentialAction\":[{\"@type\":\"SearchAction\",\"target\":{\"@type\":\"EntryPoint\",\"urlTemplate\":\"https:\\\/\\\/kuzeyinsesi.org\\\/?s={search_term_string}\"},\"query-input\":{\"@type\":\"PropertyValueSpecification\",\"valueRequired\":true,\"valueName\":\"search_term_string\"}}],\"inLanguage\":\"tr\"},{\"@type\":\"Person\",\"@id\":\"https:\\\/\\\/kuzeyinsesi.org\\\/#\\\/schema\\\/person\\\/9f859689cdf01485597712386e37f5aa\",\"name\":\"Kuzeyin Sesi\",\"image\":{\"@type\":\"ImageObject\",\"inLanguage\":\"tr\",\"@id\":\"https:\\\/\\\/secure.gravatar.com\\\/avatar\\\/bab33852abfd8b282518d6ed81826833d77c3c882d9ab608add591ccace47a44?s=96&d=mm&r=g\",\"url\":\"https:\\\/\\\/secure.gravatar.com\\\/avatar\\\/bab33852abfd8b282518d6ed81826833d77c3c882d9ab608add591ccace47a44?s=96&d=mm&r=g\",\"contentUrl\":\"https:\\\/\\\/secure.gravatar.com\\\/avatar\\\/bab33852abfd8b282518d6ed81826833d77c3c882d9ab608add591ccace47a44?s=96&d=mm&r=g\",\"caption\":\"Kuzeyin Sesi\"},\"sameAs\":[\"https:\\\/\\\/kuzeyinsesi.org\"],\"url\":\"https:\\\/\\\/kuzeyinsesi.org\\\/index.php\\\/author\\\/guven\\\/\"}]}<\/script>\n<!-- \/ Yoast SEO plugin. -->","yoast_head_json":{"title":"Cumhurba\u015fkan\u0131 Tatar, \u201cRenkler ve \u0130zler Sergisinin\u201d a\u00e7\u0131l\u0131\u015f\u0131na kat\u0131ld\u0131 - Kuzeyin Sesi","robots":{"index":"index","follow":"follow","max-snippet":"max-snippet:-1","max-image-preview":"max-image-preview:large","max-video-preview":"max-video-preview:-1"},"canonical":"https:\/\/kuzeyinsesi.org\/index.php\/2024\/12\/25\/cumhurbaskani-tatar-renkler-ve-izler-sergisinin-acilisina-katildi\/","og_locale":"tr_TR","og_type":"article","og_title":"Cumhurba\u015fkan\u0131 Tatar, \u201cRenkler ve \u0130zler Sergisinin\u201d a\u00e7\u0131l\u0131\u015f\u0131na kat\u0131ld\u0131 - Kuzeyin Sesi","og_description":"Cumhurba\u015fkan\u0131 Ersin Tatar, \u00dclviye Karaba\u015fak ve \u00f6\u011frencilerinin birlikte ger\u00e7ekle\u015ftirdi\u011fi \u201cRenkler ve \u0130zler Sergisinin\u201d a\u00e7\u0131l\u0131\u015f\u0131na kat\u0131ld\u0131. Lefko\u015fa Atat\u00fcrk K\u00fclt\u00fcr Merkezi\u2019ndeki etkinlikte konu\u015fan Cumhurba\u015fkan\u0131 Tatar, \u00e7ocuklar\u0131n yapt\u0131\u011f\u0131 eserlerden olu\u015fan resim sergisinin a\u00e7\u0131l\u0131\u015f\u0131nda bulunmaktan duydu\u011fu memnuniyeti ifade etti. Yapt\u0131\u011f\u0131 \u00e7al\u0131\u015fmalardan dolay\u0131 \u00e7ocuklar\u0131 tebrik eden Cumhurba\u015fkan\u0131 Tatar, ailelere ve \u00f6\u011fretmenlere \u00e7ocuklar\u0131 sanata y\u00f6nlendirdi\u011fi i\u00e7in te\u015fekk\u00fcr etti. Kuzey K\u0131br\u0131s T\u00fcrk [&hellip;]","og_url":"https:\/\/kuzeyinsesi.org\/index.php\/2024\/12\/25\/cumhurbaskani-tatar-renkler-ve-izler-sergisinin-acilisina-katildi\/","og_site_name":"Kuzeyin Sesi","article_publisher":"https:\/\/www.facebook.com\/kuzeyinsesii","article_published_time":"2024-12-25T12:20:52+00:00","og_image":[{"url":"https:\/\/brtk.net\/wp-content\/uploads\/2024\/12\/25\/1a1bab88-113c-47a7-b1b4-1a12a2adaf5d.jpg?ver=f2bd6320f924d1770590003f0edba983","type":"","width":"","height":""}],"author":"Kuzeyin Sesi","twitter_card":"summary_large_image","twitter_creator":"@kuzeyinsesii","twitter_site":"@kuzeyinsesii","twitter_misc":{"Yazan:":"Kuzeyin Sesi","Tahmini okuma s\u00fcresi":"1 dakika"},"schema":{"@context":"https:\/\/schema.org","@graph":[{"@type":"Article","@id":"https:\/\/kuzeyinsesi.org\/index.php\/2024\/12\/25\/cumhurbaskani-tatar-renkler-ve-izler-sergisinin-acilisina-katildi\/#article","isPartOf":{"@id":"https:\/\/kuzeyinsesi.org\/index.php\/2024\/12\/25\/cumhurbaskani-tatar-renkler-ve-izler-sergisinin-acilisina-katildi\/"},"author":{"name":"Kuzeyin Sesi","@id":"https:\/\/kuzeyinsesi.org\/#\/schema\/person\/9f859689cdf01485597712386e37f5aa"},"headline":"Cumhurba\u015fkan\u0131 Tatar, \u201cRenkler ve \u0130zler Sergisinin\u201d a\u00e7\u0131l\u0131\u015f\u0131na kat\u0131ld\u0131","datePublished":"2024-12-25T12:20:52+00:00","mainEntityOfPage":{"@id":"https:\/\/kuzeyinsesi.org\/index.php\/2024\/12\/25\/cumhurbaskani-tatar-renkler-ve-izler-sergisinin-acilisina-katildi\/"},"wordCount":237,"commentCount":0,"image":{"@id":"https:\/\/kuzeyinsesi.org\/index.php\/2024\/12\/25\/cumhurbaskani-tatar-renkler-ve-izler-sergisinin-acilisina-katildi\/#primaryimage"},"thumbnailUrl":"https:\/\/kuzeyinsesi.org\/wp-content\/uploads\/2024\/12\/1a1bab88-113c-47a7-b1b4-1a12a2adaf5d.jpg","articleSection":["Ya\u015fam"],"inLanguage":"tr","potentialAction":[{"@type":"CommentAction","name":"Comment","target":["https:\/\/kuzeyinsesi.org\/index.php\/2024\/12\/25\/cumhurbaskani-tatar-renkler-ve-izler-sergisinin-acilisina-katildi\/#respond"]}]},{"@type":"WebPage","@id":"https:\/\/kuzeyinsesi.org\/index.php\/2024\/12\/25\/cumhurbaskani-tatar-renkler-ve-izler-sergisinin-acilisina-katildi\/","url":"https:\/\/kuzeyinsesi.org\/index.php\/2024\/12\/25\/cumhurbaskani-tatar-renkler-ve-izler-sergisinin-acilisina-katildi\/","name":"Cumhurba\u015fkan\u0131 Tatar, \u201cRenkler ve \u0130zler Sergisinin\u201d a\u00e7\u0131l\u0131\u015f\u0131na kat\u0131ld\u0131 - Kuzeyin Sesi","isPartOf":{"@id":"https:\/\/kuzeyinsesi.org\/#website"},"primaryImageOfPage":{"@id":"https:\/\/kuzeyinsesi.org\/index.php\/2024\/12\/25\/cumhurbaskani-tatar-renkler-ve-izler-sergisinin-acilisina-katildi\/#primaryimage"},"image":{"@id":"https:\/\/kuzeyinsesi.org\/index.php\/2024\/12\/25\/cumhurbaskani-tatar-renkler-ve-izler-sergisinin-acilisina-katildi\/#primaryimage"},"thumbnailUrl":"https:\/\/kuzeyinsesi.org\/wp-content\/uploads\/2024\/12\/1a1bab88-113c-47a7-b1b4-1a12a2adaf5d.jpg","datePublished":"2024-12-25T12:20:52+00:00","author":{"@id":"https:\/\/kuzeyinsesi.org\/#\/schema\/person\/9f859689cdf01485597712386e37f5aa"},"breadcrumb":{"@id":"https:\/\/kuzeyinsesi.org\/index.php\/2024\/12\/25\/cumhurbaskani-tatar-renkler-ve-izler-sergisinin-acilisina-katildi\/#breadcrumb"},"inLanguage":"tr","potentialAction":[{"@type":"ReadAction","target":["https:\/\/kuzeyinsesi.org\/index.php\/2024\/12\/25\/cumhurbaskani-tatar-renkler-ve-izler-sergisinin-acilisina-katildi\/"]}]},{"@type":"ImageObject","inLanguage":"tr","@id":"https:\/\/kuzeyinsesi.org\/index.php\/2024\/12\/25\/cumhurbaskani-tatar-renkler-ve-izler-sergisinin-acilisina-katildi\/#primaryimage","url":"https:\/\/kuzeyinsesi.org\/wp-content\/uploads\/2024\/12\/1a1bab88-113c-47a7-b1b4-1a12a2adaf5d.jpg","contentUrl":"https:\/\/kuzeyinsesi.org\/wp-content\/uploads\/2024\/12\/1a1bab88-113c-47a7-b1b4-1a12a2adaf5d.jpg","width":1600,"height":838},{"@type":"BreadcrumbList","@id":"https:\/\/kuzeyinsesi.org\/index.php\/2024\/12\/25\/cumhurbaskani-tatar-renkler-ve-izler-sergisinin-acilisina-katildi\/#breadcrumb","itemListElement":[{"@type":"ListItem","position":1,"name":"Anasayfa","item":"https:\/\/kuzeyinsesi.org\/"},{"@type":"ListItem","position":2,"name":"Cumhurba\u015fkan\u0131 Tatar, \u201cRenkler ve \u0130zler Sergisinin\u201d a\u00e7\u0131l\u0131\u015f\u0131na kat\u0131ld\u0131"}]},{"@type":"WebSite","@id":"https:\/\/kuzeyinsesi.org\/#website","url":"https:\/\/kuzeyinsesi.org\/","name":"Kuzeyin Sesi","description":"Do\u011fru Haberin Adresi","potentialAction":[{"@type":"SearchAction","target":{"@type":"EntryPoint","urlTemplate":"https:\/\/kuzeyinsesi.org\/?s={search_term_string}"},"query-input":{"@type":"PropertyValueSpecification","valueRequired":true,"valueName":"search_term_string"}}],"inLanguage":"tr"},{"@type":"Person","@id":"https:\/\/kuzeyinsesi.org\/#\/schema\/person\/9f859689cdf01485597712386e37f5aa","name":"Kuzeyin Sesi","image":{"@type":"ImageObject","inLanguage":"tr","@id":"https:\/\/secure.gravatar.com\/avatar\/bab33852abfd8b282518d6ed81826833d77c3c882d9ab608add591ccace47a44?s=96&d=mm&r=g","url":"https:\/\/secure.gravatar.com\/avatar\/bab33852abfd8b282518d6ed81826833d77c3c882d9ab608add591ccace47a44?s=96&d=mm&r=g","contentUrl":"https:\/\/secure.gravatar.com\/avatar\/bab33852abfd8b282518d6ed81826833d77c3c882d9ab608add591ccace47a44?s=96&d=mm&r=g","caption":"Kuzeyin Sesi"},"sameAs":["https:\/\/kuzeyinsesi.org"],"url":"https:\/\/kuzeyinsesi.org\/index.php\/author\/guven\/"}]}},"_links":{"self":[{"href":"https:\/\/kuzeyinsesi.org\/index.php\/wp-json\/wp\/v2\/posts\/16344","targetHints":{"allow":["GET"]}}],"collection":[{"href":"https:\/\/kuzeyinsesi.org\/index.php\/wp-json\/wp\/v2\/posts"}],"about":[{"href":"https:\/\/kuzeyinsesi.org\/index.php\/wp-json\/wp\/v2\/types\/post"}],"author":[{"embeddable":true,"href":"https:\/\/kuzeyinsesi.org\/index.php\/wp-json\/wp\/v2\/users\/1"}],"replies":[{"embeddable":true,"href":"https:\/\/kuzeyinsesi.org\/index.php\/wp-json\/wp\/v2\/comments?post=16344"}],"version-history":[{"count":0,"href":"https:\/\/kuzeyinsesi.org\/index.php\/wp-json\/wp\/v2\/posts\/16344\/revisions"}],"wp:featuredmedia":[{"embeddable":true,"href":"https:\/\/kuzeyinsesi.org\/index.php\/wp-json\/wp\/v2\/media\/16345"}],"wp:attachment":[{"href":"https:\/\/kuzeyinsesi.org\/index.php\/wp-json\/wp\/v2\/media?parent=16344"}],"wp:term":[{"taxonomy":"category","embeddable":true,"href":"https:\/\/kuzeyinsesi.org\/index.php\/wp-json\/wp\/v2\/categories?post=16344"},{"taxonomy":"post_tag","embeddable":true,"href":"https:\/\/kuzeyinsesi.org\/index.php\/wp-json\/wp\/v2\/tags?post=16344"}],"curies":[{"name":"wp","href":"https:\/\/api.w.org\/{rel}","templated":true}]}}