{"id":16328,"date":"2024-12-25T13:13:58","date_gmt":"2024-12-25T11:13:58","guid":{"rendered":"https:\/\/kuzeyinsesi.org\/index.php\/2024\/12\/25\/ltb-dereboyu-yeni-yil-marketinde-bu-gece-dj-coskuner-sahne-alacak\/"},"modified":"2024-12-25T13:13:58","modified_gmt":"2024-12-25T11:13:58","slug":"ltb-dereboyu-yeni-yil-marketinde-bu-gece-dj-coskuner-sahne-alacak","status":"publish","type":"post","link":"https:\/\/kuzeyinsesi.org\/index.php\/2024\/12\/25\/ltb-dereboyu-yeni-yil-marketinde-bu-gece-dj-coskuner-sahne-alacak\/","title":{"rendered":"LTB Dereboyu Yeni Y\u0131l Marketi\u2019nde bu gece DJ Co\u015fkuner sahne alacak"},"content":{"rendered":"<div>\n<div class=\"mariselle-image-container center\">\n                                            <\/div>\n<p>Lefko\u015fa T\u00fcrk Belediyesi (LTB) taraf\u0131ndan d\u00fczenlenen Dereboyu yeni y\u0131l etkinlikleri kapsam\u0131nda, bu ak\u015fam  \u201cDJ Co\u015fkuner ile Nesden \u00c7alay\u0131m\u201d performans\u0131 yer alacak.<\/p>\n<p>LTB\u2019den verilen bilgiye g\u00f6re, DJ Co\u015fkuner ile Nesden \u00c7alay\u0131m etkinli\u011fi, saat 19.00\u2019da ba\u015flayacak.<\/p>\n<p>LTB Dereboyu Yeni Y\u0131l Marketi program\u0131 31 Aral\u0131k\u2019a kadar devam edecek. Etkinlikler 12.00 ile 20.00 aras\u0131 Lefko\u015fa\u2019da Mehmet Akif Caddesi\u2019ndeki trafik \u0131\u015f\u0131klar\u0131n\u0131n oldu\u011fu b\u00f6lgede yer al\u0131yor.<\/p>\n<p>Tezgahlar ve yeni y\u0131l a\u011fac\u0131n\u0131n kuruldu\u011fu, s\u00fcslerle dekore edilen alanda etkinlikler Radyo Juke i\u015f birli\u011finde, Er\u00fclk\u00fc S\u00fcpermarket, Brewart ve Carplus sponsorlu\u011funda yap\u0131l\u0131yor.<\/p>\n<p>Program \u015f\u00f6yle: <\/p>\n<p>Yar\u0131n: DJ Altu\u011f,<\/p>\n<p>27 Aral\u0131k Cuma: 12.00 \u2013 DJ, 16.00-18.00 \u2013 Noel Baba ve Noel Anne, 17.00 \u2013 Kar \u015eov, 18.00 \u2013 LBO Re\u015fat Kortan \u2013 Ark\u0131n Sayar Duo M\u00fczik Dinletisi, 19.00 \u2013 Odda Konseri<\/p>\n<p> 28 Aral\u0131k Cumartesi: 12.00 DJ, 16.00-18.00 \u2013 Noel Baba ve Noel Anne, 16.00 \u2013 Hanife Tayyareci ile \u201cK\u0131rp\u0131k Noel Baba Olmak \u0130stiyor\u201d Kukla G\u00f6sterisi, 17.00\u201318.00 Kar \u015eov, 19.00 \u2013 Grup KAIRA (\u0130nan\u00e7 Er\u015fen-H\u00fcseyin K\u0131rm\u0131z\u0131-Cahit Kutrafal\u0131 Ahmet Zilci- \u0130lker Er\u015fen-\u00c7a\u011fr\u0131 \u00c7erkez)<\/p>\n<p>29 Aral\u0131k Pazar: Dj Performans\u0131, 17:00 \u2013 Noel Baba, 18.30 \u2013 Reva Konseri<\/p>\n<p>30 Aral\u0131k Pazartesi: Yeni y\u0131l marketi alan\u0131nda DJ performans\u0131, 18.00 \u2013 Grup Ar\u0131za, 31 Aral\u0131k Sal\u0131 \u2013 DJ Performans\u0131<\/p>\n<\/p><\/div>\n<p><script async\n                    defer\n                    crossorigin=\"anonymous\"\n                    src=\"https:\/\/connect.facebook.net\/tr_TR\/sdk.js#xfbml=1&#038;version=v3.3\"\n            ><\/script><\/p>\n","protected":false},"excerpt":{"rendered":"<p>Lefko\u015fa T\u00fcrk Belediyesi (LTB) taraf\u0131ndan d\u00fczenlenen Dereboyu yeni y\u0131l etkinlikleri kapsam\u0131nda, bu ak\u015fam \u201cDJ Co\u015fkuner ile Nesden \u00c7alay\u0131m\u201d performans\u0131 yer alacak. LTB\u2019den verilen bilgiye g\u00f6re, DJ Co\u015fkuner ile Nesden \u00c7alay\u0131m etkinli\u011fi, saat 19.00\u2019da ba\u015flayacak. LTB Dereboyu Yeni Y\u0131l Marketi program\u0131 31 Aral\u0131k\u2019a kadar devam edecek. Etkinlikler 12.00 ile 20.00 aras\u0131 Lefko\u015fa\u2019da Mehmet Akif Caddesi\u2019ndeki trafik [&hellip;]<\/p>\n","protected":false},"author":1,"featured_media":16329,"comment_status":"open","ping_status":"open","sticky":false,"template":"","format":"standard","meta":{"jnews-multi-image_gallery":[],"jnews_single_post":[],"jnews_primary_category":[],"jnews_social_meta":[],"jnews_override_counter":[],"footnotes":""},"categories":[6],"tags":[],"class_list":["post-16328","post","type-post","status-publish","format-standard","has-post-thumbnail","hentry","category-yasam"],"yoast_head":"<!-- This site is optimized with the Yoast SEO plugin v27.4 - https:\/\/yoast.com\/product\/yoast-seo-wordpress\/ -->\n<title>LTB Dereboyu Yeni Y\u0131l Marketi\u2019nde bu gece DJ Co\u015fkuner sahne alacak - Kuzeyin Sesi<\/title>\n<meta name=\"robots\" content=\"index, follow, max-snippet:-1, max-image-preview:large, max-video-preview:-1\" \/>\n<link rel=\"canonical\" href=\"https:\/\/kuzeyinsesi.org\/index.php\/2024\/12\/25\/ltb-dereboyu-yeni-yil-marketinde-bu-gece-dj-coskuner-sahne-alacak\/\" \/>\n<meta property=\"og:locale\" content=\"tr_TR\" \/>\n<meta property=\"og:type\" content=\"article\" \/>\n<meta property=\"og:title\" content=\"LTB Dereboyu Yeni Y\u0131l Marketi\u2019nde bu gece DJ Co\u015fkuner sahne alacak - Kuzeyin Sesi\" \/>\n<meta property=\"og:description\" content=\"Lefko\u015fa T\u00fcrk Belediyesi (LTB) taraf\u0131ndan d\u00fczenlenen Dereboyu yeni y\u0131l etkinlikleri kapsam\u0131nda, bu ak\u015fam \u201cDJ Co\u015fkuner ile Nesden \u00c7alay\u0131m\u201d performans\u0131 yer alacak. LTB\u2019den verilen bilgiye g\u00f6re, DJ Co\u015fkuner ile Nesden \u00c7alay\u0131m etkinli\u011fi, saat 19.00\u2019da ba\u015flayacak. LTB Dereboyu Yeni Y\u0131l Marketi program\u0131 31 Aral\u0131k\u2019a kadar devam edecek. Etkinlikler 12.00 ile 20.00 aras\u0131 Lefko\u015fa\u2019da Mehmet Akif Caddesi\u2019ndeki trafik [&hellip;]\" \/>\n<meta property=\"og:url\" content=\"https:\/\/kuzeyinsesi.org\/index.php\/2024\/12\/25\/ltb-dereboyu-yeni-yil-marketinde-bu-gece-dj-coskuner-sahne-alacak\/\" \/>\n<meta property=\"og:site_name\" content=\"Kuzeyin Sesi\" \/>\n<meta property=\"article:publisher\" content=\"https:\/\/www.facebook.com\/kuzeyinsesii\" \/>\n<meta property=\"article:published_time\" content=\"2024-12-25T11:13:58+00:00\" \/>\n<meta property=\"og:image\" content=\"https:\/\/brtk.net\/wp-content\/uploads\/2024\/12\/25\/1735120136142LTB-DEREBOYU-ETKINLIK-6.jpeg?ver=bf8f402ea36c265aeabc454659a029dc\" \/>\n<meta name=\"author\" content=\"Kuzeyin Sesi\" \/>\n<meta name=\"twitter:card\" content=\"summary_large_image\" \/>\n<meta name=\"twitter:creator\" content=\"@kuzeyinsesii\" \/>\n<meta name=\"twitter:site\" content=\"@kuzeyinsesii\" \/>\n<meta name=\"twitter:label1\" content=\"Yazan:\" \/>\n\t<meta name=\"twitter:data1\" content=\"Kuzeyin Sesi\" \/>\n\t<meta name=\"twitter:label2\" content=\"Tahmini okuma s\u00fcresi\" \/>\n\t<meta name=\"twitter:data2\" content=\"1 dakika\" \/>\n<script type=\"application\/ld+json\" class=\"yoast-schema-graph\">{\"@context\":\"https:\\\/\\\/schema.org\",\"@graph\":[{\"@type\":\"Article\",\"@id\":\"https:\\\/\\\/kuzeyinsesi.org\\\/index.php\\\/2024\\\/12\\\/25\\\/ltb-dereboyu-yeni-yil-marketinde-bu-gece-dj-coskuner-sahne-alacak\\\/#article\",\"isPartOf\":{\"@id\":\"https:\\\/\\\/kuzeyinsesi.org\\\/index.php\\\/2024\\\/12\\\/25\\\/ltb-dereboyu-yeni-yil-marketinde-bu-gece-dj-coskuner-sahne-alacak\\\/\"},\"author\":{\"name\":\"Kuzeyin Sesi\",\"@id\":\"https:\\\/\\\/kuzeyinsesi.org\\\/#\\\/schema\\\/person\\\/9f859689cdf01485597712386e37f5aa\"},\"headline\":\"LTB Dereboyu Yeni Y\u0131l Marketi\u2019nde bu gece DJ Co\u015fkuner sahne alacak\",\"datePublished\":\"2024-12-25T11:13:58+00:00\",\"mainEntityOfPage\":{\"@id\":\"https:\\\/\\\/kuzeyinsesi.org\\\/index.php\\\/2024\\\/12\\\/25\\\/ltb-dereboyu-yeni-yil-marketinde-bu-gece-dj-coskuner-sahne-alacak\\\/\"},\"wordCount\":234,\"commentCount\":0,\"image\":{\"@id\":\"https:\\\/\\\/kuzeyinsesi.org\\\/index.php\\\/2024\\\/12\\\/25\\\/ltb-dereboyu-yeni-yil-marketinde-bu-gece-dj-coskuner-sahne-alacak\\\/#primaryimage\"},\"thumbnailUrl\":\"https:\\\/\\\/kuzeyinsesi.org\\\/wp-content\\\/uploads\\\/2024\\\/12\\\/1735120136142LTB-DEREBOYU-ETKINLIK-6.jpeg\",\"articleSection\":[\"Ya\u015fam\"],\"inLanguage\":\"tr\",\"potentialAction\":[{\"@type\":\"CommentAction\",\"name\":\"Comment\",\"target\":[\"https:\\\/\\\/kuzeyinsesi.org\\\/index.php\\\/2024\\\/12\\\/25\\\/ltb-dereboyu-yeni-yil-marketinde-bu-gece-dj-coskuner-sahne-alacak\\\/#respond\"]}]},{\"@type\":\"WebPage\",\"@id\":\"https:\\\/\\\/kuzeyinsesi.org\\\/index.php\\\/2024\\\/12\\\/25\\\/ltb-dereboyu-yeni-yil-marketinde-bu-gece-dj-coskuner-sahne-alacak\\\/\",\"url\":\"https:\\\/\\\/kuzeyinsesi.org\\\/index.php\\\/2024\\\/12\\\/25\\\/ltb-dereboyu-yeni-yil-marketinde-bu-gece-dj-coskuner-sahne-alacak\\\/\",\"name\":\"LTB Dereboyu Yeni Y\u0131l Marketi\u2019nde bu gece DJ Co\u015fkuner sahne alacak - Kuzeyin Sesi\",\"isPartOf\":{\"@id\":\"https:\\\/\\\/kuzeyinsesi.org\\\/#website\"},\"primaryImageOfPage\":{\"@id\":\"https:\\\/\\\/kuzeyinsesi.org\\\/index.php\\\/2024\\\/12\\\/25\\\/ltb-dereboyu-yeni-yil-marketinde-bu-gece-dj-coskuner-sahne-alacak\\\/#primaryimage\"},\"image\":{\"@id\":\"https:\\\/\\\/kuzeyinsesi.org\\\/index.php\\\/2024\\\/12\\\/25\\\/ltb-dereboyu-yeni-yil-marketinde-bu-gece-dj-coskuner-sahne-alacak\\\/#primaryimage\"},\"thumbnailUrl\":\"https:\\\/\\\/kuzeyinsesi.org\\\/wp-content\\\/uploads\\\/2024\\\/12\\\/1735120136142LTB-DEREBOYU-ETKINLIK-6.jpeg\",\"datePublished\":\"2024-12-25T11:13:58+00:00\",\"author\":{\"@id\":\"https:\\\/\\\/kuzeyinsesi.org\\\/#\\\/schema\\\/person\\\/9f859689cdf01485597712386e37f5aa\"},\"breadcrumb\":{\"@id\":\"https:\\\/\\\/kuzeyinsesi.org\\\/index.php\\\/2024\\\/12\\\/25\\\/ltb-dereboyu-yeni-yil-marketinde-bu-gece-dj-coskuner-sahne-alacak\\\/#breadcrumb\"},\"inLanguage\":\"tr\",\"potentialAction\":[{\"@type\":\"ReadAction\",\"target\":[\"https:\\\/\\\/kuzeyinsesi.org\\\/index.php\\\/2024\\\/12\\\/25\\\/ltb-dereboyu-yeni-yil-marketinde-bu-gece-dj-coskuner-sahne-alacak\\\/\"]}]},{\"@type\":\"ImageObject\",\"inLanguage\":\"tr\",\"@id\":\"https:\\\/\\\/kuzeyinsesi.org\\\/index.php\\\/2024\\\/12\\\/25\\\/ltb-dereboyu-yeni-yil-marketinde-bu-gece-dj-coskuner-sahne-alacak\\\/#primaryimage\",\"url\":\"https:\\\/\\\/kuzeyinsesi.org\\\/wp-content\\\/uploads\\\/2024\\\/12\\\/1735120136142LTB-DEREBOYU-ETKINLIK-6.jpeg\",\"contentUrl\":\"https:\\\/\\\/kuzeyinsesi.org\\\/wp-content\\\/uploads\\\/2024\\\/12\\\/1735120136142LTB-DEREBOYU-ETKINLIK-6.jpeg\",\"width\":900,\"height\":1600},{\"@type\":\"BreadcrumbList\",\"@id\":\"https:\\\/\\\/kuzeyinsesi.org\\\/index.php\\\/2024\\\/12\\\/25\\\/ltb-dereboyu-yeni-yil-marketinde-bu-gece-dj-coskuner-sahne-alacak\\\/#breadcrumb\",\"itemListElement\":[{\"@type\":\"ListItem\",\"position\":1,\"name\":\"Anasayfa\",\"item\":\"https:\\\/\\\/kuzeyinsesi.org\\\/\"},{\"@type\":\"ListItem\",\"position\":2,\"name\":\"LTB Dereboyu Yeni Y\u0131l Marketi\u2019nde bu gece DJ Co\u015fkuner sahne alacak\"}]},{\"@type\":\"WebSite\",\"@id\":\"https:\\\/\\\/kuzeyinsesi.org\\\/#website\",\"url\":\"https:\\\/\\\/kuzeyinsesi.org\\\/\",\"name\":\"Kuzeyin Sesi\",\"description\":\"Do\u011fru Haberin Adresi\",\"potentialAction\":[{\"@type\":\"SearchAction\",\"target\":{\"@type\":\"EntryPoint\",\"urlTemplate\":\"https:\\\/\\\/kuzeyinsesi.org\\\/?s={search_term_string}\"},\"query-input\":{\"@type\":\"PropertyValueSpecification\",\"valueRequired\":true,\"valueName\":\"search_term_string\"}}],\"inLanguage\":\"tr\"},{\"@type\":\"Person\",\"@id\":\"https:\\\/\\\/kuzeyinsesi.org\\\/#\\\/schema\\\/person\\\/9f859689cdf01485597712386e37f5aa\",\"name\":\"Kuzeyin Sesi\",\"image\":{\"@type\":\"ImageObject\",\"inLanguage\":\"tr\",\"@id\":\"https:\\\/\\\/secure.gravatar.com\\\/avatar\\\/bab33852abfd8b282518d6ed81826833d77c3c882d9ab608add591ccace47a44?s=96&d=mm&r=g\",\"url\":\"https:\\\/\\\/secure.gravatar.com\\\/avatar\\\/bab33852abfd8b282518d6ed81826833d77c3c882d9ab608add591ccace47a44?s=96&d=mm&r=g\",\"contentUrl\":\"https:\\\/\\\/secure.gravatar.com\\\/avatar\\\/bab33852abfd8b282518d6ed81826833d77c3c882d9ab608add591ccace47a44?s=96&d=mm&r=g\",\"caption\":\"Kuzeyin Sesi\"},\"sameAs\":[\"https:\\\/\\\/kuzeyinsesi.org\"],\"url\":\"https:\\\/\\\/kuzeyinsesi.org\\\/index.php\\\/author\\\/guven\\\/\"}]}<\/script>\n<!-- \/ Yoast SEO plugin. -->","yoast_head_json":{"title":"LTB Dereboyu Yeni Y\u0131l Marketi\u2019nde bu gece DJ Co\u015fkuner sahne alacak - Kuzeyin Sesi","robots":{"index":"index","follow":"follow","max-snippet":"max-snippet:-1","max-image-preview":"max-image-preview:large","max-video-preview":"max-video-preview:-1"},"canonical":"https:\/\/kuzeyinsesi.org\/index.php\/2024\/12\/25\/ltb-dereboyu-yeni-yil-marketinde-bu-gece-dj-coskuner-sahne-alacak\/","og_locale":"tr_TR","og_type":"article","og_title":"LTB Dereboyu Yeni Y\u0131l Marketi\u2019nde bu gece DJ Co\u015fkuner sahne alacak - Kuzeyin Sesi","og_description":"Lefko\u015fa T\u00fcrk Belediyesi (LTB) taraf\u0131ndan d\u00fczenlenen Dereboyu yeni y\u0131l etkinlikleri kapsam\u0131nda, bu ak\u015fam \u201cDJ Co\u015fkuner ile Nesden \u00c7alay\u0131m\u201d performans\u0131 yer alacak. LTB\u2019den verilen bilgiye g\u00f6re, DJ Co\u015fkuner ile Nesden \u00c7alay\u0131m etkinli\u011fi, saat 19.00\u2019da ba\u015flayacak. LTB Dereboyu Yeni Y\u0131l Marketi program\u0131 31 Aral\u0131k\u2019a kadar devam edecek. Etkinlikler 12.00 ile 20.00 aras\u0131 Lefko\u015fa\u2019da Mehmet Akif Caddesi\u2019ndeki trafik [&hellip;]","og_url":"https:\/\/kuzeyinsesi.org\/index.php\/2024\/12\/25\/ltb-dereboyu-yeni-yil-marketinde-bu-gece-dj-coskuner-sahne-alacak\/","og_site_name":"Kuzeyin Sesi","article_publisher":"https:\/\/www.facebook.com\/kuzeyinsesii","article_published_time":"2024-12-25T11:13:58+00:00","og_image":[{"url":"https:\/\/brtk.net\/wp-content\/uploads\/2024\/12\/25\/1735120136142LTB-DEREBOYU-ETKINLIK-6.jpeg?ver=bf8f402ea36c265aeabc454659a029dc","type":"","width":"","height":""}],"author":"Kuzeyin Sesi","twitter_card":"summary_large_image","twitter_creator":"@kuzeyinsesii","twitter_site":"@kuzeyinsesii","twitter_misc":{"Yazan:":"Kuzeyin Sesi","Tahmini okuma s\u00fcresi":"1 dakika"},"schema":{"@context":"https:\/\/schema.org","@graph":[{"@type":"Article","@id":"https:\/\/kuzeyinsesi.org\/index.php\/2024\/12\/25\/ltb-dereboyu-yeni-yil-marketinde-bu-gece-dj-coskuner-sahne-alacak\/#article","isPartOf":{"@id":"https:\/\/kuzeyinsesi.org\/index.php\/2024\/12\/25\/ltb-dereboyu-yeni-yil-marketinde-bu-gece-dj-coskuner-sahne-alacak\/"},"author":{"name":"Kuzeyin Sesi","@id":"https:\/\/kuzeyinsesi.org\/#\/schema\/person\/9f859689cdf01485597712386e37f5aa"},"headline":"LTB Dereboyu Yeni Y\u0131l Marketi\u2019nde bu gece DJ Co\u015fkuner sahne alacak","datePublished":"2024-12-25T11:13:58+00:00","mainEntityOfPage":{"@id":"https:\/\/kuzeyinsesi.org\/index.php\/2024\/12\/25\/ltb-dereboyu-yeni-yil-marketinde-bu-gece-dj-coskuner-sahne-alacak\/"},"wordCount":234,"commentCount":0,"image":{"@id":"https:\/\/kuzeyinsesi.org\/index.php\/2024\/12\/25\/ltb-dereboyu-yeni-yil-marketinde-bu-gece-dj-coskuner-sahne-alacak\/#primaryimage"},"thumbnailUrl":"https:\/\/kuzeyinsesi.org\/wp-content\/uploads\/2024\/12\/1735120136142LTB-DEREBOYU-ETKINLIK-6.jpeg","articleSection":["Ya\u015fam"],"inLanguage":"tr","potentialAction":[{"@type":"CommentAction","name":"Comment","target":["https:\/\/kuzeyinsesi.org\/index.php\/2024\/12\/25\/ltb-dereboyu-yeni-yil-marketinde-bu-gece-dj-coskuner-sahne-alacak\/#respond"]}]},{"@type":"WebPage","@id":"https:\/\/kuzeyinsesi.org\/index.php\/2024\/12\/25\/ltb-dereboyu-yeni-yil-marketinde-bu-gece-dj-coskuner-sahne-alacak\/","url":"https:\/\/kuzeyinsesi.org\/index.php\/2024\/12\/25\/ltb-dereboyu-yeni-yil-marketinde-bu-gece-dj-coskuner-sahne-alacak\/","name":"LTB Dereboyu Yeni Y\u0131l Marketi\u2019nde bu gece DJ Co\u015fkuner sahne alacak - Kuzeyin Sesi","isPartOf":{"@id":"https:\/\/kuzeyinsesi.org\/#website"},"primaryImageOfPage":{"@id":"https:\/\/kuzeyinsesi.org\/index.php\/2024\/12\/25\/ltb-dereboyu-yeni-yil-marketinde-bu-gece-dj-coskuner-sahne-alacak\/#primaryimage"},"image":{"@id":"https:\/\/kuzeyinsesi.org\/index.php\/2024\/12\/25\/ltb-dereboyu-yeni-yil-marketinde-bu-gece-dj-coskuner-sahne-alacak\/#primaryimage"},"thumbnailUrl":"https:\/\/kuzeyinsesi.org\/wp-content\/uploads\/2024\/12\/1735120136142LTB-DEREBOYU-ETKINLIK-6.jpeg","datePublished":"2024-12-25T11:13:58+00:00","author":{"@id":"https:\/\/kuzeyinsesi.org\/#\/schema\/person\/9f859689cdf01485597712386e37f5aa"},"breadcrumb":{"@id":"https:\/\/kuzeyinsesi.org\/index.php\/2024\/12\/25\/ltb-dereboyu-yeni-yil-marketinde-bu-gece-dj-coskuner-sahne-alacak\/#breadcrumb"},"inLanguage":"tr","potentialAction":[{"@type":"ReadAction","target":["https:\/\/kuzeyinsesi.org\/index.php\/2024\/12\/25\/ltb-dereboyu-yeni-yil-marketinde-bu-gece-dj-coskuner-sahne-alacak\/"]}]},{"@type":"ImageObject","inLanguage":"tr","@id":"https:\/\/kuzeyinsesi.org\/index.php\/2024\/12\/25\/ltb-dereboyu-yeni-yil-marketinde-bu-gece-dj-coskuner-sahne-alacak\/#primaryimage","url":"https:\/\/kuzeyinsesi.org\/wp-content\/uploads\/2024\/12\/1735120136142LTB-DEREBOYU-ETKINLIK-6.jpeg","contentUrl":"https:\/\/kuzeyinsesi.org\/wp-content\/uploads\/2024\/12\/1735120136142LTB-DEREBOYU-ETKINLIK-6.jpeg","width":900,"height":1600},{"@type":"BreadcrumbList","@id":"https:\/\/kuzeyinsesi.org\/index.php\/2024\/12\/25\/ltb-dereboyu-yeni-yil-marketinde-bu-gece-dj-coskuner-sahne-alacak\/#breadcrumb","itemListElement":[{"@type":"ListItem","position":1,"name":"Anasayfa","item":"https:\/\/kuzeyinsesi.org\/"},{"@type":"ListItem","position":2,"name":"LTB Dereboyu Yeni Y\u0131l Marketi\u2019nde bu gece DJ Co\u015fkuner sahne alacak"}]},{"@type":"WebSite","@id":"https:\/\/kuzeyinsesi.org\/#website","url":"https:\/\/kuzeyinsesi.org\/","name":"Kuzeyin Sesi","description":"Do\u011fru Haberin Adresi","potentialAction":[{"@type":"SearchAction","target":{"@type":"EntryPoint","urlTemplate":"https:\/\/kuzeyinsesi.org\/?s={search_term_string}"},"query-input":{"@type":"PropertyValueSpecification","valueRequired":true,"valueName":"search_term_string"}}],"inLanguage":"tr"},{"@type":"Person","@id":"https:\/\/kuzeyinsesi.org\/#\/schema\/person\/9f859689cdf01485597712386e37f5aa","name":"Kuzeyin Sesi","image":{"@type":"ImageObject","inLanguage":"tr","@id":"https:\/\/secure.gravatar.com\/avatar\/bab33852abfd8b282518d6ed81826833d77c3c882d9ab608add591ccace47a44?s=96&d=mm&r=g","url":"https:\/\/secure.gravatar.com\/avatar\/bab33852abfd8b282518d6ed81826833d77c3c882d9ab608add591ccace47a44?s=96&d=mm&r=g","contentUrl":"https:\/\/secure.gravatar.com\/avatar\/bab33852abfd8b282518d6ed81826833d77c3c882d9ab608add591ccace47a44?s=96&d=mm&r=g","caption":"Kuzeyin Sesi"},"sameAs":["https:\/\/kuzeyinsesi.org"],"url":"https:\/\/kuzeyinsesi.org\/index.php\/author\/guven\/"}]}},"_links":{"self":[{"href":"https:\/\/kuzeyinsesi.org\/index.php\/wp-json\/wp\/v2\/posts\/16328","targetHints":{"allow":["GET"]}}],"collection":[{"href":"https:\/\/kuzeyinsesi.org\/index.php\/wp-json\/wp\/v2\/posts"}],"about":[{"href":"https:\/\/kuzeyinsesi.org\/index.php\/wp-json\/wp\/v2\/types\/post"}],"author":[{"embeddable":true,"href":"https:\/\/kuzeyinsesi.org\/index.php\/wp-json\/wp\/v2\/users\/1"}],"replies":[{"embeddable":true,"href":"https:\/\/kuzeyinsesi.org\/index.php\/wp-json\/wp\/v2\/comments?post=16328"}],"version-history":[{"count":0,"href":"https:\/\/kuzeyinsesi.org\/index.php\/wp-json\/wp\/v2\/posts\/16328\/revisions"}],"wp:featuredmedia":[{"embeddable":true,"href":"https:\/\/kuzeyinsesi.org\/index.php\/wp-json\/wp\/v2\/media\/16329"}],"wp:attachment":[{"href":"https:\/\/kuzeyinsesi.org\/index.php\/wp-json\/wp\/v2\/media?parent=16328"}],"wp:term":[{"taxonomy":"category","embeddable":true,"href":"https:\/\/kuzeyinsesi.org\/index.php\/wp-json\/wp\/v2\/categories?post=16328"},{"taxonomy":"post_tag","embeddable":true,"href":"https:\/\/kuzeyinsesi.org\/index.php\/wp-json\/wp\/v2\/tags?post=16328"}],"curies":[{"name":"wp","href":"https:\/\/api.w.org\/{rel}","templated":true}]}}