{"id":16288,"date":"2024-12-24T21:10:58","date_gmt":"2024-12-24T19:10:58","guid":{"rendered":"https:\/\/kuzeyinsesi.org\/index.php\/2024\/12\/24\/turkiyede-asgari-ucret-aciklandi-net-22-bin-104-tl\/"},"modified":"2024-12-24T21:10:58","modified_gmt":"2024-12-24T19:10:58","slug":"turkiyede-asgari-ucret-aciklandi-net-22-bin-104-tl","status":"publish","type":"post","link":"https:\/\/kuzeyinsesi.org\/index.php\/2024\/12\/24\/turkiyede-asgari-ucret-aciklandi-net-22-bin-104-tl\/","title":{"rendered":"T\u00fcrkiye\u2019de asgari \u00fccret a\u00e7\u0131kland\u0131: Net 22 bin 104 TL!"},"content":{"rendered":"<div>\n<div class=\"mariselle-image-container center\">\n                                            <\/div>\n<p>T\u00fcrkiye \u00c7al\u0131\u015fma ve Sosyal G\u00fcvenlik Bakan\u0131 Vedat I\u015f\u0131khan, 1 Ocak 2025 tarihinden ge\u00e7erli olacak asgari \u00fccretin net 22 bin 104 lira olarak belirlendi\u011fini a\u00e7\u0131klad\u0131.<\/p>\n<p>I\u015f\u0131khan, Asgari \u00dccret Tespit Komisyonu\u2019nun yeni y\u0131lda ge\u00e7erli olacak asgari \u00fccret rakam\u0131n\u0131 belirleme \u00e7al\u0131\u015fmalar\u0131nda var\u0131lan sonucu, i\u015f\u00e7i ve i\u015fveren heyetlerinin kat\u0131l\u0131m\u0131yla Bakanl\u0131kta d\u00fczenledi\u011fi toplant\u0131yla a\u00e7\u0131klad\u0131.<\/p>\n<p>Asgari \u00fccrete y\u00fczde 30 zam yap\u0131ld\u0131 ve yeni asgari \u00fccret 22 bin 104 TL\u2019ye y\u00fckseldi.<\/p>\n<p>Asgari \u00fccretin genel bir \u00fccret seviyesini olmad\u0131\u011f\u0131n\u0131, en d\u00fc\u015f\u00fck \u00fccret seviyesini ifade etti\u011fini belirten I\u015f\u0131khan, \u201cEsas olan, her \u00e7al\u0131\u015fan\u0131n, eme\u011finin hakk\u0131n\u0131, yapt\u0131\u011f\u0131 i\u015fin niteli\u011fine uygun \u015fekilde almas\u0131d\u0131r. \u0130\u015fverenlerimiz a\u00e7\u0131s\u0131ndan da hak olan, eme\u011fi ger\u00e7ek de\u011ferinde \u00fccretlendirmektir.\u201d dedi.<\/p>\n<\/p><\/div>\n<p><script async\n                    defer\n                    crossorigin=\"anonymous\"\n                    src=\"https:\/\/connect.facebook.net\/tr_TR\/sdk.js#xfbml=1&#038;version=v3.3\"\n            ><\/script><\/p>\n","protected":false},"excerpt":{"rendered":"<p>T\u00fcrkiye \u00c7al\u0131\u015fma ve Sosyal G\u00fcvenlik Bakan\u0131 Vedat I\u015f\u0131khan, 1 Ocak 2025 tarihinden ge\u00e7erli olacak asgari \u00fccretin net 22 bin 104 lira olarak belirlendi\u011fini a\u00e7\u0131klad\u0131. I\u015f\u0131khan, Asgari \u00dccret Tespit Komisyonu\u2019nun yeni y\u0131lda ge\u00e7erli olacak asgari \u00fccret rakam\u0131n\u0131 belirleme \u00e7al\u0131\u015fmalar\u0131nda var\u0131lan sonucu, i\u015f\u00e7i ve i\u015fveren heyetlerinin kat\u0131l\u0131m\u0131yla Bakanl\u0131kta d\u00fczenledi\u011fi toplant\u0131yla a\u00e7\u0131klad\u0131. Asgari \u00fccrete y\u00fczde 30 zam yap\u0131ld\u0131 [&hellip;]<\/p>\n","protected":false},"author":1,"featured_media":16289,"comment_status":"open","ping_status":"open","sticky":false,"template":"","format":"standard","meta":{"jnews-multi-image_gallery":[],"jnews_single_post":[],"jnews_primary_category":[],"jnews_social_meta":[],"jnews_override_counter":[],"footnotes":""},"categories":[5],"tags":[],"class_list":["post-16288","post","type-post","status-publish","format-standard","has-post-thumbnail","hentry","category-turkiye"],"yoast_head":"<!-- This site is optimized with the Yoast SEO plugin v27.4 - https:\/\/yoast.com\/product\/yoast-seo-wordpress\/ -->\n<title>T\u00fcrkiye\u2019de asgari \u00fccret a\u00e7\u0131kland\u0131: Net 22 bin 104 TL! - Kuzeyin Sesi<\/title>\n<meta name=\"robots\" content=\"index, follow, max-snippet:-1, max-image-preview:large, max-video-preview:-1\" \/>\n<link rel=\"canonical\" href=\"https:\/\/kuzeyinsesi.org\/index.php\/2024\/12\/24\/turkiyede-asgari-ucret-aciklandi-net-22-bin-104-tl\/\" \/>\n<meta property=\"og:locale\" content=\"tr_TR\" \/>\n<meta property=\"og:type\" content=\"article\" \/>\n<meta property=\"og:title\" content=\"T\u00fcrkiye\u2019de asgari \u00fccret a\u00e7\u0131kland\u0131: Net 22 bin 104 TL! - Kuzeyin Sesi\" \/>\n<meta property=\"og:description\" content=\"T\u00fcrkiye \u00c7al\u0131\u015fma ve Sosyal G\u00fcvenlik Bakan\u0131 Vedat I\u015f\u0131khan, 1 Ocak 2025 tarihinden ge\u00e7erli olacak asgari \u00fccretin net 22 bin 104 lira olarak belirlendi\u011fini a\u00e7\u0131klad\u0131. I\u015f\u0131khan, Asgari \u00dccret Tespit Komisyonu\u2019nun yeni y\u0131lda ge\u00e7erli olacak asgari \u00fccret rakam\u0131n\u0131 belirleme \u00e7al\u0131\u015fmalar\u0131nda var\u0131lan sonucu, i\u015f\u00e7i ve i\u015fveren heyetlerinin kat\u0131l\u0131m\u0131yla Bakanl\u0131kta d\u00fczenledi\u011fi toplant\u0131yla a\u00e7\u0131klad\u0131. Asgari \u00fccrete y\u00fczde 30 zam yap\u0131ld\u0131 [&hellip;]\" \/>\n<meta property=\"og:url\" content=\"https:\/\/kuzeyinsesi.org\/index.php\/2024\/12\/24\/turkiyede-asgari-ucret-aciklandi-net-22-bin-104-tl\/\" \/>\n<meta property=\"og:site_name\" content=\"Kuzeyin Sesi\" \/>\n<meta property=\"article:publisher\" content=\"https:\/\/www.facebook.com\/kuzeyinsesii\" \/>\n<meta property=\"article:published_time\" content=\"2024-12-24T19:10:58+00:00\" \/>\n<meta property=\"og:image\" content=\"https:\/\/brtk.net\/wp-content\/uploads\/2024\/12\/24\/Screenshot_20241224_211214_TRT-Haber.jpg?ver=f787c09f8af981a2ff88d712548779cc\" \/>\n<meta name=\"author\" content=\"Kuzeyin Sesi\" \/>\n<meta name=\"twitter:card\" content=\"summary_large_image\" \/>\n<meta name=\"twitter:creator\" content=\"@kuzeyinsesii\" \/>\n<meta name=\"twitter:site\" content=\"@kuzeyinsesii\" \/>\n<meta name=\"twitter:label1\" content=\"Yazan:\" \/>\n\t<meta name=\"twitter:data1\" content=\"Kuzeyin Sesi\" \/>\n\t<meta name=\"twitter:label2\" content=\"Tahmini okuma s\u00fcresi\" \/>\n\t<meta name=\"twitter:data2\" content=\"1 dakika\" \/>\n<script type=\"application\/ld+json\" class=\"yoast-schema-graph\">{\"@context\":\"https:\\\/\\\/schema.org\",\"@graph\":[{\"@type\":\"Article\",\"@id\":\"https:\\\/\\\/kuzeyinsesi.org\\\/index.php\\\/2024\\\/12\\\/24\\\/turkiyede-asgari-ucret-aciklandi-net-22-bin-104-tl\\\/#article\",\"isPartOf\":{\"@id\":\"https:\\\/\\\/kuzeyinsesi.org\\\/index.php\\\/2024\\\/12\\\/24\\\/turkiyede-asgari-ucret-aciklandi-net-22-bin-104-tl\\\/\"},\"author\":{\"name\":\"Kuzeyin Sesi\",\"@id\":\"https:\\\/\\\/kuzeyinsesi.org\\\/#\\\/schema\\\/person\\\/9f859689cdf01485597712386e37f5aa\"},\"headline\":\"T\u00fcrkiye\u2019de asgari \u00fccret a\u00e7\u0131kland\u0131: Net 22 bin 104 TL!\",\"datePublished\":\"2024-12-24T19:10:58+00:00\",\"mainEntityOfPage\":{\"@id\":\"https:\\\/\\\/kuzeyinsesi.org\\\/index.php\\\/2024\\\/12\\\/24\\\/turkiyede-asgari-ucret-aciklandi-net-22-bin-104-tl\\\/\"},\"wordCount\":150,\"commentCount\":0,\"image\":{\"@id\":\"https:\\\/\\\/kuzeyinsesi.org\\\/index.php\\\/2024\\\/12\\\/24\\\/turkiyede-asgari-ucret-aciklandi-net-22-bin-104-tl\\\/#primaryimage\"},\"thumbnailUrl\":\"https:\\\/\\\/kuzeyinsesi.org\\\/wp-content\\\/uploads\\\/2024\\\/12\\\/Screenshot_20241224_211214_TRT-Haber.jpg\",\"articleSection\":[\"T\u00fcrkiye\"],\"inLanguage\":\"tr\",\"potentialAction\":[{\"@type\":\"CommentAction\",\"name\":\"Comment\",\"target\":[\"https:\\\/\\\/kuzeyinsesi.org\\\/index.php\\\/2024\\\/12\\\/24\\\/turkiyede-asgari-ucret-aciklandi-net-22-bin-104-tl\\\/#respond\"]}]},{\"@type\":\"WebPage\",\"@id\":\"https:\\\/\\\/kuzeyinsesi.org\\\/index.php\\\/2024\\\/12\\\/24\\\/turkiyede-asgari-ucret-aciklandi-net-22-bin-104-tl\\\/\",\"url\":\"https:\\\/\\\/kuzeyinsesi.org\\\/index.php\\\/2024\\\/12\\\/24\\\/turkiyede-asgari-ucret-aciklandi-net-22-bin-104-tl\\\/\",\"name\":\"T\u00fcrkiye\u2019de asgari \u00fccret a\u00e7\u0131kland\u0131: Net 22 bin 104 TL! - Kuzeyin Sesi\",\"isPartOf\":{\"@id\":\"https:\\\/\\\/kuzeyinsesi.org\\\/#website\"},\"primaryImageOfPage\":{\"@id\":\"https:\\\/\\\/kuzeyinsesi.org\\\/index.php\\\/2024\\\/12\\\/24\\\/turkiyede-asgari-ucret-aciklandi-net-22-bin-104-tl\\\/#primaryimage\"},\"image\":{\"@id\":\"https:\\\/\\\/kuzeyinsesi.org\\\/index.php\\\/2024\\\/12\\\/24\\\/turkiyede-asgari-ucret-aciklandi-net-22-bin-104-tl\\\/#primaryimage\"},\"thumbnailUrl\":\"https:\\\/\\\/kuzeyinsesi.org\\\/wp-content\\\/uploads\\\/2024\\\/12\\\/Screenshot_20241224_211214_TRT-Haber.jpg\",\"datePublished\":\"2024-12-24T19:10:58+00:00\",\"author\":{\"@id\":\"https:\\\/\\\/kuzeyinsesi.org\\\/#\\\/schema\\\/person\\\/9f859689cdf01485597712386e37f5aa\"},\"breadcrumb\":{\"@id\":\"https:\\\/\\\/kuzeyinsesi.org\\\/index.php\\\/2024\\\/12\\\/24\\\/turkiyede-asgari-ucret-aciklandi-net-22-bin-104-tl\\\/#breadcrumb\"},\"inLanguage\":\"tr\",\"potentialAction\":[{\"@type\":\"ReadAction\",\"target\":[\"https:\\\/\\\/kuzeyinsesi.org\\\/index.php\\\/2024\\\/12\\\/24\\\/turkiyede-asgari-ucret-aciklandi-net-22-bin-104-tl\\\/\"]}]},{\"@type\":\"ImageObject\",\"inLanguage\":\"tr\",\"@id\":\"https:\\\/\\\/kuzeyinsesi.org\\\/index.php\\\/2024\\\/12\\\/24\\\/turkiyede-asgari-ucret-aciklandi-net-22-bin-104-tl\\\/#primaryimage\",\"url\":\"https:\\\/\\\/kuzeyinsesi.org\\\/wp-content\\\/uploads\\\/2024\\\/12\\\/Screenshot_20241224_211214_TRT-Haber.jpg\",\"contentUrl\":\"https:\\\/\\\/kuzeyinsesi.org\\\/wp-content\\\/uploads\\\/2024\\\/12\\\/Screenshot_20241224_211214_TRT-Haber.jpg\",\"width\":980,\"height\":548},{\"@type\":\"BreadcrumbList\",\"@id\":\"https:\\\/\\\/kuzeyinsesi.org\\\/index.php\\\/2024\\\/12\\\/24\\\/turkiyede-asgari-ucret-aciklandi-net-22-bin-104-tl\\\/#breadcrumb\",\"itemListElement\":[{\"@type\":\"ListItem\",\"position\":1,\"name\":\"Anasayfa\",\"item\":\"https:\\\/\\\/kuzeyinsesi.org\\\/\"},{\"@type\":\"ListItem\",\"position\":2,\"name\":\"T\u00fcrkiye\u2019de asgari \u00fccret a\u00e7\u0131kland\u0131: Net 22 bin 104 TL!\"}]},{\"@type\":\"WebSite\",\"@id\":\"https:\\\/\\\/kuzeyinsesi.org\\\/#website\",\"url\":\"https:\\\/\\\/kuzeyinsesi.org\\\/\",\"name\":\"Kuzeyin Sesi\",\"description\":\"Do\u011fru Haberin Adresi\",\"potentialAction\":[{\"@type\":\"SearchAction\",\"target\":{\"@type\":\"EntryPoint\",\"urlTemplate\":\"https:\\\/\\\/kuzeyinsesi.org\\\/?s={search_term_string}\"},\"query-input\":{\"@type\":\"PropertyValueSpecification\",\"valueRequired\":true,\"valueName\":\"search_term_string\"}}],\"inLanguage\":\"tr\"},{\"@type\":\"Person\",\"@id\":\"https:\\\/\\\/kuzeyinsesi.org\\\/#\\\/schema\\\/person\\\/9f859689cdf01485597712386e37f5aa\",\"name\":\"Kuzeyin Sesi\",\"image\":{\"@type\":\"ImageObject\",\"inLanguage\":\"tr\",\"@id\":\"https:\\\/\\\/secure.gravatar.com\\\/avatar\\\/bab33852abfd8b282518d6ed81826833d77c3c882d9ab608add591ccace47a44?s=96&d=mm&r=g\",\"url\":\"https:\\\/\\\/secure.gravatar.com\\\/avatar\\\/bab33852abfd8b282518d6ed81826833d77c3c882d9ab608add591ccace47a44?s=96&d=mm&r=g\",\"contentUrl\":\"https:\\\/\\\/secure.gravatar.com\\\/avatar\\\/bab33852abfd8b282518d6ed81826833d77c3c882d9ab608add591ccace47a44?s=96&d=mm&r=g\",\"caption\":\"Kuzeyin Sesi\"},\"sameAs\":[\"https:\\\/\\\/kuzeyinsesi.org\"],\"url\":\"https:\\\/\\\/kuzeyinsesi.org\\\/index.php\\\/author\\\/guven\\\/\"}]}<\/script>\n<!-- \/ Yoast SEO plugin. -->","yoast_head_json":{"title":"T\u00fcrkiye\u2019de asgari \u00fccret a\u00e7\u0131kland\u0131: Net 22 bin 104 TL! - Kuzeyin Sesi","robots":{"index":"index","follow":"follow","max-snippet":"max-snippet:-1","max-image-preview":"max-image-preview:large","max-video-preview":"max-video-preview:-1"},"canonical":"https:\/\/kuzeyinsesi.org\/index.php\/2024\/12\/24\/turkiyede-asgari-ucret-aciklandi-net-22-bin-104-tl\/","og_locale":"tr_TR","og_type":"article","og_title":"T\u00fcrkiye\u2019de asgari \u00fccret a\u00e7\u0131kland\u0131: Net 22 bin 104 TL! - Kuzeyin Sesi","og_description":"T\u00fcrkiye \u00c7al\u0131\u015fma ve Sosyal G\u00fcvenlik Bakan\u0131 Vedat I\u015f\u0131khan, 1 Ocak 2025 tarihinden ge\u00e7erli olacak asgari \u00fccretin net 22 bin 104 lira olarak belirlendi\u011fini a\u00e7\u0131klad\u0131. I\u015f\u0131khan, Asgari \u00dccret Tespit Komisyonu\u2019nun yeni y\u0131lda ge\u00e7erli olacak asgari \u00fccret rakam\u0131n\u0131 belirleme \u00e7al\u0131\u015fmalar\u0131nda var\u0131lan sonucu, i\u015f\u00e7i ve i\u015fveren heyetlerinin kat\u0131l\u0131m\u0131yla Bakanl\u0131kta d\u00fczenledi\u011fi toplant\u0131yla a\u00e7\u0131klad\u0131. Asgari \u00fccrete y\u00fczde 30 zam yap\u0131ld\u0131 [&hellip;]","og_url":"https:\/\/kuzeyinsesi.org\/index.php\/2024\/12\/24\/turkiyede-asgari-ucret-aciklandi-net-22-bin-104-tl\/","og_site_name":"Kuzeyin Sesi","article_publisher":"https:\/\/www.facebook.com\/kuzeyinsesii","article_published_time":"2024-12-24T19:10:58+00:00","og_image":[{"url":"https:\/\/brtk.net\/wp-content\/uploads\/2024\/12\/24\/Screenshot_20241224_211214_TRT-Haber.jpg?ver=f787c09f8af981a2ff88d712548779cc","type":"","width":"","height":""}],"author":"Kuzeyin Sesi","twitter_card":"summary_large_image","twitter_creator":"@kuzeyinsesii","twitter_site":"@kuzeyinsesii","twitter_misc":{"Yazan:":"Kuzeyin Sesi","Tahmini okuma s\u00fcresi":"1 dakika"},"schema":{"@context":"https:\/\/schema.org","@graph":[{"@type":"Article","@id":"https:\/\/kuzeyinsesi.org\/index.php\/2024\/12\/24\/turkiyede-asgari-ucret-aciklandi-net-22-bin-104-tl\/#article","isPartOf":{"@id":"https:\/\/kuzeyinsesi.org\/index.php\/2024\/12\/24\/turkiyede-asgari-ucret-aciklandi-net-22-bin-104-tl\/"},"author":{"name":"Kuzeyin Sesi","@id":"https:\/\/kuzeyinsesi.org\/#\/schema\/person\/9f859689cdf01485597712386e37f5aa"},"headline":"T\u00fcrkiye\u2019de asgari \u00fccret a\u00e7\u0131kland\u0131: Net 22 bin 104 TL!","datePublished":"2024-12-24T19:10:58+00:00","mainEntityOfPage":{"@id":"https:\/\/kuzeyinsesi.org\/index.php\/2024\/12\/24\/turkiyede-asgari-ucret-aciklandi-net-22-bin-104-tl\/"},"wordCount":150,"commentCount":0,"image":{"@id":"https:\/\/kuzeyinsesi.org\/index.php\/2024\/12\/24\/turkiyede-asgari-ucret-aciklandi-net-22-bin-104-tl\/#primaryimage"},"thumbnailUrl":"https:\/\/kuzeyinsesi.org\/wp-content\/uploads\/2024\/12\/Screenshot_20241224_211214_TRT-Haber.jpg","articleSection":["T\u00fcrkiye"],"inLanguage":"tr","potentialAction":[{"@type":"CommentAction","name":"Comment","target":["https:\/\/kuzeyinsesi.org\/index.php\/2024\/12\/24\/turkiyede-asgari-ucret-aciklandi-net-22-bin-104-tl\/#respond"]}]},{"@type":"WebPage","@id":"https:\/\/kuzeyinsesi.org\/index.php\/2024\/12\/24\/turkiyede-asgari-ucret-aciklandi-net-22-bin-104-tl\/","url":"https:\/\/kuzeyinsesi.org\/index.php\/2024\/12\/24\/turkiyede-asgari-ucret-aciklandi-net-22-bin-104-tl\/","name":"T\u00fcrkiye\u2019de asgari \u00fccret a\u00e7\u0131kland\u0131: Net 22 bin 104 TL! - Kuzeyin Sesi","isPartOf":{"@id":"https:\/\/kuzeyinsesi.org\/#website"},"primaryImageOfPage":{"@id":"https:\/\/kuzeyinsesi.org\/index.php\/2024\/12\/24\/turkiyede-asgari-ucret-aciklandi-net-22-bin-104-tl\/#primaryimage"},"image":{"@id":"https:\/\/kuzeyinsesi.org\/index.php\/2024\/12\/24\/turkiyede-asgari-ucret-aciklandi-net-22-bin-104-tl\/#primaryimage"},"thumbnailUrl":"https:\/\/kuzeyinsesi.org\/wp-content\/uploads\/2024\/12\/Screenshot_20241224_211214_TRT-Haber.jpg","datePublished":"2024-12-24T19:10:58+00:00","author":{"@id":"https:\/\/kuzeyinsesi.org\/#\/schema\/person\/9f859689cdf01485597712386e37f5aa"},"breadcrumb":{"@id":"https:\/\/kuzeyinsesi.org\/index.php\/2024\/12\/24\/turkiyede-asgari-ucret-aciklandi-net-22-bin-104-tl\/#breadcrumb"},"inLanguage":"tr","potentialAction":[{"@type":"ReadAction","target":["https:\/\/kuzeyinsesi.org\/index.php\/2024\/12\/24\/turkiyede-asgari-ucret-aciklandi-net-22-bin-104-tl\/"]}]},{"@type":"ImageObject","inLanguage":"tr","@id":"https:\/\/kuzeyinsesi.org\/index.php\/2024\/12\/24\/turkiyede-asgari-ucret-aciklandi-net-22-bin-104-tl\/#primaryimage","url":"https:\/\/kuzeyinsesi.org\/wp-content\/uploads\/2024\/12\/Screenshot_20241224_211214_TRT-Haber.jpg","contentUrl":"https:\/\/kuzeyinsesi.org\/wp-content\/uploads\/2024\/12\/Screenshot_20241224_211214_TRT-Haber.jpg","width":980,"height":548},{"@type":"BreadcrumbList","@id":"https:\/\/kuzeyinsesi.org\/index.php\/2024\/12\/24\/turkiyede-asgari-ucret-aciklandi-net-22-bin-104-tl\/#breadcrumb","itemListElement":[{"@type":"ListItem","position":1,"name":"Anasayfa","item":"https:\/\/kuzeyinsesi.org\/"},{"@type":"ListItem","position":2,"name":"T\u00fcrkiye\u2019de asgari \u00fccret a\u00e7\u0131kland\u0131: Net 22 bin 104 TL!"}]},{"@type":"WebSite","@id":"https:\/\/kuzeyinsesi.org\/#website","url":"https:\/\/kuzeyinsesi.org\/","name":"Kuzeyin Sesi","description":"Do\u011fru Haberin Adresi","potentialAction":[{"@type":"SearchAction","target":{"@type":"EntryPoint","urlTemplate":"https:\/\/kuzeyinsesi.org\/?s={search_term_string}"},"query-input":{"@type":"PropertyValueSpecification","valueRequired":true,"valueName":"search_term_string"}}],"inLanguage":"tr"},{"@type":"Person","@id":"https:\/\/kuzeyinsesi.org\/#\/schema\/person\/9f859689cdf01485597712386e37f5aa","name":"Kuzeyin Sesi","image":{"@type":"ImageObject","inLanguage":"tr","@id":"https:\/\/secure.gravatar.com\/avatar\/bab33852abfd8b282518d6ed81826833d77c3c882d9ab608add591ccace47a44?s=96&d=mm&r=g","url":"https:\/\/secure.gravatar.com\/avatar\/bab33852abfd8b282518d6ed81826833d77c3c882d9ab608add591ccace47a44?s=96&d=mm&r=g","contentUrl":"https:\/\/secure.gravatar.com\/avatar\/bab33852abfd8b282518d6ed81826833d77c3c882d9ab608add591ccace47a44?s=96&d=mm&r=g","caption":"Kuzeyin Sesi"},"sameAs":["https:\/\/kuzeyinsesi.org"],"url":"https:\/\/kuzeyinsesi.org\/index.php\/author\/guven\/"}]}},"_links":{"self":[{"href":"https:\/\/kuzeyinsesi.org\/index.php\/wp-json\/wp\/v2\/posts\/16288","targetHints":{"allow":["GET"]}}],"collection":[{"href":"https:\/\/kuzeyinsesi.org\/index.php\/wp-json\/wp\/v2\/posts"}],"about":[{"href":"https:\/\/kuzeyinsesi.org\/index.php\/wp-json\/wp\/v2\/types\/post"}],"author":[{"embeddable":true,"href":"https:\/\/kuzeyinsesi.org\/index.php\/wp-json\/wp\/v2\/users\/1"}],"replies":[{"embeddable":true,"href":"https:\/\/kuzeyinsesi.org\/index.php\/wp-json\/wp\/v2\/comments?post=16288"}],"version-history":[{"count":0,"href":"https:\/\/kuzeyinsesi.org\/index.php\/wp-json\/wp\/v2\/posts\/16288\/revisions"}],"wp:featuredmedia":[{"embeddable":true,"href":"https:\/\/kuzeyinsesi.org\/index.php\/wp-json\/wp\/v2\/media\/16289"}],"wp:attachment":[{"href":"https:\/\/kuzeyinsesi.org\/index.php\/wp-json\/wp\/v2\/media?parent=16288"}],"wp:term":[{"taxonomy":"category","embeddable":true,"href":"https:\/\/kuzeyinsesi.org\/index.php\/wp-json\/wp\/v2\/categories?post=16288"},{"taxonomy":"post_tag","embeddable":true,"href":"https:\/\/kuzeyinsesi.org\/index.php\/wp-json\/wp\/v2\/tags?post=16288"}],"curies":[{"name":"wp","href":"https:\/\/api.w.org\/{rel}","templated":true}]}}