{"id":1627,"date":"2024-05-07T20:26:14","date_gmt":"2024-05-07T17:26:14","guid":{"rendered":"https:\/\/kuzeyinsesi.com\/index.php\/2024\/05\/07\/tc-cumhurbaskani-erdogan-kuveyt-emiri-es-sabahi-resmi-torenle-karsiladi\/"},"modified":"2024-05-07T20:26:14","modified_gmt":"2024-05-07T17:26:14","slug":"tc-cumhurbaskani-erdogan-kuveyt-emiri-es-sabahi-resmi-torenle-karsiladi","status":"publish","type":"post","link":"https:\/\/kuzeyinsesi.org\/index.php\/2024\/05\/07\/tc-cumhurbaskani-erdogan-kuveyt-emiri-es-sabahi-resmi-torenle-karsiladi\/","title":{"rendered":"TC Cumhurba\u015fkan\u0131 Erdo\u011fan, Kuveyt Emiri es-Sabah\u2019\u0131 resmi t\u00f6renle kar\u015f\u0131lad\u0131"},"content":{"rendered":"<div>\n<div class=\"mariselle-image-container center\">\n                                            <\/div>\n<p>TC Cumhurba\u015fkan\u0131 Recep Tayyip Erdo\u011fan, T\u00fcrkiye\u2019ye ziyarette bulunan Kuveyt Emiri Me\u015fal el-Ahmed el-Cabir es-Sabah\u2019\u0131 resmi t\u00f6renle kar\u015f\u0131lad\u0131.<\/p>\n<p>Es-Sabah\u2019\u0131n makam arac\u0131n\u0131, Cumhurba\u015fkanl\u0131\u011f\u0131 K\u00fclliyesi \u00f6n\u00fcndeki caddede kar\u015f\u0131layan s\u00fcvariler, araca protokol kap\u0131s\u0131na kadar e\u015flik etti.<\/p>\n<p>Cumhurba\u015fkan\u0131 Erdo\u011fan, es-Sabah\u2019\u0131 k\u00fclliyenin ana giri\u015f kap\u0131s\u0131nda kar\u015f\u0131lad\u0131. Erdo\u011fan ve es-Sabah\u2019\u0131n t\u00f6ren alan\u0131ndaki yerlerini almas\u0131n\u0131n ard\u0131ndan iki \u00fclkenin milli mar\u015flar\u0131 \u00e7al\u0131nd\u0131.<\/p>\n<p>Kuveyt Emiri es-Sabah, Muhaf\u0131z Alay\u0131 T\u00f6ren K\u0131tas\u0131\u2019n\u0131 \u201cMerhaba asker\u201d diyerek selamlad\u0131. T\u00f6rende, tarihte kurulan 16 T\u00fcrk devletini temsil eden bayraklar ve askerler de yer ald\u0131.<\/p>\n<p>Heyetlerini birbirine takdim eden Erdo\u011fan ve es-Sabah, merdivenlerde T\u00fcrkiye ve Kuveyt bayraklar\u0131 \u00f6n\u00fcnde tokala\u015farak, gazetecilere poz verdi.<\/p>\n<p>\u0130kili ve heyetler aras\u0131 g\u00f6r\u00fc\u015fmenin ard\u0131ndan Erdo\u011fan ve es-Sabah, Devlet Ni\u015fan\u0131 Tevcih ve Anla\u015fmalar\u0131 \u0130mza T\u00f6reni\u2019ne kat\u0131lacak.<\/p>\n<p>T\u00f6rende, D\u0131\u015fi\u015fleri Bakan\u0131 Hakan Fidan, Adalet Bakan\u0131 Y\u0131lmaz Tun\u00e7, Hazine ve Maliye Bakan\u0131 Mehmet \u015eim\u015fek, Milli Savunma Bakan\u0131 Ya\u015far G\u00fcler, Ticaret Bakan\u0131 \u00d6mer Bolat, Ula\u015ft\u0131rma ve Altyap\u0131 Bakan\u0131 Abdulkadir Uralo\u011flu, Cumhurba\u015fkanl\u0131\u011f\u0131 \u0130leti\u015fim Ba\u015fkan\u0131 Fahrettin Altun, Cumhurba\u015fkanl\u0131\u011f\u0131 \u0130dari \u0130\u015fler Ba\u015fkan\u0131 Metin K\u0131ratl\u0131, Cumhurba\u015fkan\u0131 D\u0131\u015f Politika ve G\u00fcvenlik Ba\u015fdan\u0131\u015fman\u0131 Akif \u00c7a\u011fatay K\u0131l\u0131\u00e7 ile Ankara Valisi Vasip \u015eahin de yer ald\u0131.<\/p>\n<\/p><\/div>\n<p><script async\n                    defer\n                    crossorigin=\"anonymous\"\n                    src=\"https:\/\/connect.facebook.net\/tr_TR\/sdk.js#xfbml=1&#038;version=v3.3\"\n            ><\/script><\/p>\n","protected":false},"excerpt":{"rendered":"<p>TC Cumhurba\u015fkan\u0131 Recep Tayyip Erdo\u011fan, T\u00fcrkiye\u2019ye ziyarette bulunan Kuveyt Emiri Me\u015fal el-Ahmed el-Cabir es-Sabah\u2019\u0131 resmi t\u00f6renle kar\u015f\u0131lad\u0131. Es-Sabah\u2019\u0131n makam arac\u0131n\u0131, Cumhurba\u015fkanl\u0131\u011f\u0131 K\u00fclliyesi \u00f6n\u00fcndeki caddede kar\u015f\u0131layan s\u00fcvariler, araca protokol kap\u0131s\u0131na kadar e\u015flik etti. Cumhurba\u015fkan\u0131 Erdo\u011fan, es-Sabah\u2019\u0131 k\u00fclliyenin ana giri\u015f kap\u0131s\u0131nda kar\u015f\u0131lad\u0131. Erdo\u011fan ve es-Sabah\u2019\u0131n t\u00f6ren alan\u0131ndaki yerlerini almas\u0131n\u0131n ard\u0131ndan iki \u00fclkenin milli mar\u015flar\u0131 \u00e7al\u0131nd\u0131. Kuveyt Emiri [&hellip;]<\/p>\n","protected":false},"author":1,"featured_media":1628,"comment_status":"open","ping_status":"open","sticky":false,"template":"","format":"standard","meta":{"jnews-multi-image_gallery":[],"jnews_single_post":[],"jnews_primary_category":[],"jnews_social_meta":[],"jnews_override_counter":[],"footnotes":""},"categories":[5],"tags":[],"class_list":["post-1627","post","type-post","status-publish","format-standard","has-post-thumbnail","hentry","category-turkiye"],"yoast_head":"<!-- This site is optimized with the Yoast SEO plugin v27.5 - https:\/\/yoast.com\/product\/yoast-seo-wordpress\/ -->\n<title>TC Cumhurba\u015fkan\u0131 Erdo\u011fan, Kuveyt Emiri es-Sabah\u2019\u0131 resmi t\u00f6renle kar\u015f\u0131lad\u0131 - Kuzeyin Sesi<\/title>\n<meta name=\"robots\" content=\"index, follow, max-snippet:-1, max-image-preview:large, max-video-preview:-1\" \/>\n<link rel=\"canonical\" href=\"https:\/\/kuzeyinsesi.org\/index.php\/2024\/05\/07\/tc-cumhurbaskani-erdogan-kuveyt-emiri-es-sabahi-resmi-torenle-karsiladi\/\" \/>\n<meta property=\"og:locale\" content=\"tr_TR\" \/>\n<meta property=\"og:type\" content=\"article\" \/>\n<meta property=\"og:title\" content=\"TC Cumhurba\u015fkan\u0131 Erdo\u011fan, Kuveyt Emiri es-Sabah\u2019\u0131 resmi t\u00f6renle kar\u015f\u0131lad\u0131 - Kuzeyin Sesi\" \/>\n<meta property=\"og:description\" content=\"TC Cumhurba\u015fkan\u0131 Recep Tayyip Erdo\u011fan, T\u00fcrkiye\u2019ye ziyarette bulunan Kuveyt Emiri Me\u015fal el-Ahmed el-Cabir es-Sabah\u2019\u0131 resmi t\u00f6renle kar\u015f\u0131lad\u0131. Es-Sabah\u2019\u0131n makam arac\u0131n\u0131, Cumhurba\u015fkanl\u0131\u011f\u0131 K\u00fclliyesi \u00f6n\u00fcndeki caddede kar\u015f\u0131layan s\u00fcvariler, araca protokol kap\u0131s\u0131na kadar e\u015flik etti. Cumhurba\u015fkan\u0131 Erdo\u011fan, es-Sabah\u2019\u0131 k\u00fclliyenin ana giri\u015f kap\u0131s\u0131nda kar\u015f\u0131lad\u0131. Erdo\u011fan ve es-Sabah\u2019\u0131n t\u00f6ren alan\u0131ndaki yerlerini almas\u0131n\u0131n ard\u0131ndan iki \u00fclkenin milli mar\u015flar\u0131 \u00e7al\u0131nd\u0131. Kuveyt Emiri [&hellip;]\" \/>\n<meta property=\"og:url\" content=\"https:\/\/kuzeyinsesi.org\/index.php\/2024\/05\/07\/tc-cumhurbaskani-erdogan-kuveyt-emiri-es-sabahi-resmi-torenle-karsiladi\/\" \/>\n<meta property=\"og:site_name\" content=\"Kuzeyin Sesi\" \/>\n<meta property=\"article:publisher\" content=\"https:\/\/www.facebook.com\/kuzeyinsesii\" \/>\n<meta property=\"article:published_time\" content=\"2024-05-07T17:26:14+00:00\" \/>\n<meta property=\"og:image\" content=\"https:\/\/kuzeyinsesi.org\/wp-content\/uploads\/2024\/05\/erdogan-karsilama.jpg\" \/>\n\t<meta property=\"og:image:width\" content=\"750\" \/>\n\t<meta property=\"og:image:height\" content=\"478\" \/>\n\t<meta property=\"og:image:type\" content=\"image\/jpeg\" \/>\n<meta name=\"author\" content=\"Kuzeyin Sesi\" \/>\n<meta name=\"twitter:card\" content=\"summary_large_image\" \/>\n<meta name=\"twitter:creator\" content=\"@kuzeyinsesii\" \/>\n<meta name=\"twitter:site\" content=\"@kuzeyinsesii\" \/>\n<meta name=\"twitter:label1\" content=\"Yazan:\" \/>\n\t<meta name=\"twitter:data1\" content=\"Kuzeyin Sesi\" \/>\n\t<meta name=\"twitter:label2\" content=\"Tahmini okuma s\u00fcresi\" \/>\n\t<meta name=\"twitter:data2\" content=\"1 dakika\" \/>\n<script type=\"application\/ld+json\" class=\"yoast-schema-graph\">{\"@context\":\"https:\\\/\\\/schema.org\",\"@graph\":[{\"@type\":\"Article\",\"@id\":\"https:\\\/\\\/kuzeyinsesi.org\\\/index.php\\\/2024\\\/05\\\/07\\\/tc-cumhurbaskani-erdogan-kuveyt-emiri-es-sabahi-resmi-torenle-karsiladi\\\/#article\",\"isPartOf\":{\"@id\":\"https:\\\/\\\/kuzeyinsesi.org\\\/index.php\\\/2024\\\/05\\\/07\\\/tc-cumhurbaskani-erdogan-kuveyt-emiri-es-sabahi-resmi-torenle-karsiladi\\\/\"},\"author\":{\"name\":\"Kuzeyin Sesi\",\"@id\":\"https:\\\/\\\/kuzeyinsesi.org\\\/#\\\/schema\\\/person\\\/9f859689cdf01485597712386e37f5aa\"},\"headline\":\"TC Cumhurba\u015fkan\u0131 Erdo\u011fan, Kuveyt Emiri es-Sabah\u2019\u0131 resmi t\u00f6renle kar\u015f\u0131lad\u0131\",\"datePublished\":\"2024-05-07T17:26:14+00:00\",\"mainEntityOfPage\":{\"@id\":\"https:\\\/\\\/kuzeyinsesi.org\\\/index.php\\\/2024\\\/05\\\/07\\\/tc-cumhurbaskani-erdogan-kuveyt-emiri-es-sabahi-resmi-torenle-karsiladi\\\/\"},\"wordCount\":255,\"commentCount\":0,\"image\":{\"@id\":\"https:\\\/\\\/kuzeyinsesi.org\\\/index.php\\\/2024\\\/05\\\/07\\\/tc-cumhurbaskani-erdogan-kuveyt-emiri-es-sabahi-resmi-torenle-karsiladi\\\/#primaryimage\"},\"thumbnailUrl\":\"https:\\\/\\\/kuzeyinsesi.org\\\/wp-content\\\/uploads\\\/2024\\\/05\\\/erdogan-karsilama.jpg\",\"articleSection\":[\"T\u00fcrkiye\"],\"inLanguage\":\"tr\",\"potentialAction\":[{\"@type\":\"CommentAction\",\"name\":\"Comment\",\"target\":[\"https:\\\/\\\/kuzeyinsesi.org\\\/index.php\\\/2024\\\/05\\\/07\\\/tc-cumhurbaskani-erdogan-kuveyt-emiri-es-sabahi-resmi-torenle-karsiladi\\\/#respond\"]}]},{\"@type\":\"WebPage\",\"@id\":\"https:\\\/\\\/kuzeyinsesi.org\\\/index.php\\\/2024\\\/05\\\/07\\\/tc-cumhurbaskani-erdogan-kuveyt-emiri-es-sabahi-resmi-torenle-karsiladi\\\/\",\"url\":\"https:\\\/\\\/kuzeyinsesi.org\\\/index.php\\\/2024\\\/05\\\/07\\\/tc-cumhurbaskani-erdogan-kuveyt-emiri-es-sabahi-resmi-torenle-karsiladi\\\/\",\"name\":\"TC Cumhurba\u015fkan\u0131 Erdo\u011fan, Kuveyt Emiri es-Sabah\u2019\u0131 resmi t\u00f6renle kar\u015f\u0131lad\u0131 - Kuzeyin Sesi\",\"isPartOf\":{\"@id\":\"https:\\\/\\\/kuzeyinsesi.org\\\/#website\"},\"primaryImageOfPage\":{\"@id\":\"https:\\\/\\\/kuzeyinsesi.org\\\/index.php\\\/2024\\\/05\\\/07\\\/tc-cumhurbaskani-erdogan-kuveyt-emiri-es-sabahi-resmi-torenle-karsiladi\\\/#primaryimage\"},\"image\":{\"@id\":\"https:\\\/\\\/kuzeyinsesi.org\\\/index.php\\\/2024\\\/05\\\/07\\\/tc-cumhurbaskani-erdogan-kuveyt-emiri-es-sabahi-resmi-torenle-karsiladi\\\/#primaryimage\"},\"thumbnailUrl\":\"https:\\\/\\\/kuzeyinsesi.org\\\/wp-content\\\/uploads\\\/2024\\\/05\\\/erdogan-karsilama.jpg\",\"datePublished\":\"2024-05-07T17:26:14+00:00\",\"author\":{\"@id\":\"https:\\\/\\\/kuzeyinsesi.org\\\/#\\\/schema\\\/person\\\/9f859689cdf01485597712386e37f5aa\"},\"breadcrumb\":{\"@id\":\"https:\\\/\\\/kuzeyinsesi.org\\\/index.php\\\/2024\\\/05\\\/07\\\/tc-cumhurbaskani-erdogan-kuveyt-emiri-es-sabahi-resmi-torenle-karsiladi\\\/#breadcrumb\"},\"inLanguage\":\"tr\",\"potentialAction\":[{\"@type\":\"ReadAction\",\"target\":[\"https:\\\/\\\/kuzeyinsesi.org\\\/index.php\\\/2024\\\/05\\\/07\\\/tc-cumhurbaskani-erdogan-kuveyt-emiri-es-sabahi-resmi-torenle-karsiladi\\\/\"]}]},{\"@type\":\"ImageObject\",\"inLanguage\":\"tr\",\"@id\":\"https:\\\/\\\/kuzeyinsesi.org\\\/index.php\\\/2024\\\/05\\\/07\\\/tc-cumhurbaskani-erdogan-kuveyt-emiri-es-sabahi-resmi-torenle-karsiladi\\\/#primaryimage\",\"url\":\"https:\\\/\\\/kuzeyinsesi.org\\\/wp-content\\\/uploads\\\/2024\\\/05\\\/erdogan-karsilama.jpg\",\"contentUrl\":\"https:\\\/\\\/kuzeyinsesi.org\\\/wp-content\\\/uploads\\\/2024\\\/05\\\/erdogan-karsilama.jpg\",\"width\":750,\"height\":478},{\"@type\":\"BreadcrumbList\",\"@id\":\"https:\\\/\\\/kuzeyinsesi.org\\\/index.php\\\/2024\\\/05\\\/07\\\/tc-cumhurbaskani-erdogan-kuveyt-emiri-es-sabahi-resmi-torenle-karsiladi\\\/#breadcrumb\",\"itemListElement\":[{\"@type\":\"ListItem\",\"position\":1,\"name\":\"Anasayfa\",\"item\":\"https:\\\/\\\/kuzeyinsesi.org\\\/\"},{\"@type\":\"ListItem\",\"position\":2,\"name\":\"TC Cumhurba\u015fkan\u0131 Erdo\u011fan, Kuveyt Emiri es-Sabah\u2019\u0131 resmi t\u00f6renle kar\u015f\u0131lad\u0131\"}]},{\"@type\":\"WebSite\",\"@id\":\"https:\\\/\\\/kuzeyinsesi.org\\\/#website\",\"url\":\"https:\\\/\\\/kuzeyinsesi.org\\\/\",\"name\":\"Kuzeyin Sesi\",\"description\":\"Do\u011fru Haberin Adresi\",\"potentialAction\":[{\"@type\":\"SearchAction\",\"target\":{\"@type\":\"EntryPoint\",\"urlTemplate\":\"https:\\\/\\\/kuzeyinsesi.org\\\/?s={search_term_string}\"},\"query-input\":{\"@type\":\"PropertyValueSpecification\",\"valueRequired\":true,\"valueName\":\"search_term_string\"}}],\"inLanguage\":\"tr\"},{\"@type\":\"Person\",\"@id\":\"https:\\\/\\\/kuzeyinsesi.org\\\/#\\\/schema\\\/person\\\/9f859689cdf01485597712386e37f5aa\",\"name\":\"Kuzeyin Sesi\",\"image\":{\"@type\":\"ImageObject\",\"inLanguage\":\"tr\",\"@id\":\"https:\\\/\\\/secure.gravatar.com\\\/avatar\\\/bab33852abfd8b282518d6ed81826833d77c3c882d9ab608add591ccace47a44?s=96&d=mm&r=g\",\"url\":\"https:\\\/\\\/secure.gravatar.com\\\/avatar\\\/bab33852abfd8b282518d6ed81826833d77c3c882d9ab608add591ccace47a44?s=96&d=mm&r=g\",\"contentUrl\":\"https:\\\/\\\/secure.gravatar.com\\\/avatar\\\/bab33852abfd8b282518d6ed81826833d77c3c882d9ab608add591ccace47a44?s=96&d=mm&r=g\",\"caption\":\"Kuzeyin Sesi\"},\"sameAs\":[\"https:\\\/\\\/kuzeyinsesi.org\"],\"url\":\"https:\\\/\\\/kuzeyinsesi.org\\\/index.php\\\/author\\\/guven\\\/\"}]}<\/script>\n<!-- \/ Yoast SEO plugin. -->","yoast_head_json":{"title":"TC Cumhurba\u015fkan\u0131 Erdo\u011fan, Kuveyt Emiri es-Sabah\u2019\u0131 resmi t\u00f6renle kar\u015f\u0131lad\u0131 - Kuzeyin Sesi","robots":{"index":"index","follow":"follow","max-snippet":"max-snippet:-1","max-image-preview":"max-image-preview:large","max-video-preview":"max-video-preview:-1"},"canonical":"https:\/\/kuzeyinsesi.org\/index.php\/2024\/05\/07\/tc-cumhurbaskani-erdogan-kuveyt-emiri-es-sabahi-resmi-torenle-karsiladi\/","og_locale":"tr_TR","og_type":"article","og_title":"TC Cumhurba\u015fkan\u0131 Erdo\u011fan, Kuveyt Emiri es-Sabah\u2019\u0131 resmi t\u00f6renle kar\u015f\u0131lad\u0131 - Kuzeyin Sesi","og_description":"TC Cumhurba\u015fkan\u0131 Recep Tayyip Erdo\u011fan, T\u00fcrkiye\u2019ye ziyarette bulunan Kuveyt Emiri Me\u015fal el-Ahmed el-Cabir es-Sabah\u2019\u0131 resmi t\u00f6renle kar\u015f\u0131lad\u0131. Es-Sabah\u2019\u0131n makam arac\u0131n\u0131, Cumhurba\u015fkanl\u0131\u011f\u0131 K\u00fclliyesi \u00f6n\u00fcndeki caddede kar\u015f\u0131layan s\u00fcvariler, araca protokol kap\u0131s\u0131na kadar e\u015flik etti. Cumhurba\u015fkan\u0131 Erdo\u011fan, es-Sabah\u2019\u0131 k\u00fclliyenin ana giri\u015f kap\u0131s\u0131nda kar\u015f\u0131lad\u0131. Erdo\u011fan ve es-Sabah\u2019\u0131n t\u00f6ren alan\u0131ndaki yerlerini almas\u0131n\u0131n ard\u0131ndan iki \u00fclkenin milli mar\u015flar\u0131 \u00e7al\u0131nd\u0131. Kuveyt Emiri [&hellip;]","og_url":"https:\/\/kuzeyinsesi.org\/index.php\/2024\/05\/07\/tc-cumhurbaskani-erdogan-kuveyt-emiri-es-sabahi-resmi-torenle-karsiladi\/","og_site_name":"Kuzeyin Sesi","article_publisher":"https:\/\/www.facebook.com\/kuzeyinsesii","article_published_time":"2024-05-07T17:26:14+00:00","og_image":[{"width":750,"height":478,"url":"https:\/\/kuzeyinsesi.org\/wp-content\/uploads\/2024\/05\/erdogan-karsilama.jpg","type":"image\/jpeg"}],"author":"Kuzeyin Sesi","twitter_card":"summary_large_image","twitter_creator":"@kuzeyinsesii","twitter_site":"@kuzeyinsesii","twitter_misc":{"Yazan:":"Kuzeyin Sesi","Tahmini okuma s\u00fcresi":"1 dakika"},"schema":{"@context":"https:\/\/schema.org","@graph":[{"@type":"Article","@id":"https:\/\/kuzeyinsesi.org\/index.php\/2024\/05\/07\/tc-cumhurbaskani-erdogan-kuveyt-emiri-es-sabahi-resmi-torenle-karsiladi\/#article","isPartOf":{"@id":"https:\/\/kuzeyinsesi.org\/index.php\/2024\/05\/07\/tc-cumhurbaskani-erdogan-kuveyt-emiri-es-sabahi-resmi-torenle-karsiladi\/"},"author":{"name":"Kuzeyin Sesi","@id":"https:\/\/kuzeyinsesi.org\/#\/schema\/person\/9f859689cdf01485597712386e37f5aa"},"headline":"TC Cumhurba\u015fkan\u0131 Erdo\u011fan, Kuveyt Emiri es-Sabah\u2019\u0131 resmi t\u00f6renle kar\u015f\u0131lad\u0131","datePublished":"2024-05-07T17:26:14+00:00","mainEntityOfPage":{"@id":"https:\/\/kuzeyinsesi.org\/index.php\/2024\/05\/07\/tc-cumhurbaskani-erdogan-kuveyt-emiri-es-sabahi-resmi-torenle-karsiladi\/"},"wordCount":255,"commentCount":0,"image":{"@id":"https:\/\/kuzeyinsesi.org\/index.php\/2024\/05\/07\/tc-cumhurbaskani-erdogan-kuveyt-emiri-es-sabahi-resmi-torenle-karsiladi\/#primaryimage"},"thumbnailUrl":"https:\/\/kuzeyinsesi.org\/wp-content\/uploads\/2024\/05\/erdogan-karsilama.jpg","articleSection":["T\u00fcrkiye"],"inLanguage":"tr","potentialAction":[{"@type":"CommentAction","name":"Comment","target":["https:\/\/kuzeyinsesi.org\/index.php\/2024\/05\/07\/tc-cumhurbaskani-erdogan-kuveyt-emiri-es-sabahi-resmi-torenle-karsiladi\/#respond"]}]},{"@type":"WebPage","@id":"https:\/\/kuzeyinsesi.org\/index.php\/2024\/05\/07\/tc-cumhurbaskani-erdogan-kuveyt-emiri-es-sabahi-resmi-torenle-karsiladi\/","url":"https:\/\/kuzeyinsesi.org\/index.php\/2024\/05\/07\/tc-cumhurbaskani-erdogan-kuveyt-emiri-es-sabahi-resmi-torenle-karsiladi\/","name":"TC Cumhurba\u015fkan\u0131 Erdo\u011fan, Kuveyt Emiri es-Sabah\u2019\u0131 resmi t\u00f6renle kar\u015f\u0131lad\u0131 - Kuzeyin Sesi","isPartOf":{"@id":"https:\/\/kuzeyinsesi.org\/#website"},"primaryImageOfPage":{"@id":"https:\/\/kuzeyinsesi.org\/index.php\/2024\/05\/07\/tc-cumhurbaskani-erdogan-kuveyt-emiri-es-sabahi-resmi-torenle-karsiladi\/#primaryimage"},"image":{"@id":"https:\/\/kuzeyinsesi.org\/index.php\/2024\/05\/07\/tc-cumhurbaskani-erdogan-kuveyt-emiri-es-sabahi-resmi-torenle-karsiladi\/#primaryimage"},"thumbnailUrl":"https:\/\/kuzeyinsesi.org\/wp-content\/uploads\/2024\/05\/erdogan-karsilama.jpg","datePublished":"2024-05-07T17:26:14+00:00","author":{"@id":"https:\/\/kuzeyinsesi.org\/#\/schema\/person\/9f859689cdf01485597712386e37f5aa"},"breadcrumb":{"@id":"https:\/\/kuzeyinsesi.org\/index.php\/2024\/05\/07\/tc-cumhurbaskani-erdogan-kuveyt-emiri-es-sabahi-resmi-torenle-karsiladi\/#breadcrumb"},"inLanguage":"tr","potentialAction":[{"@type":"ReadAction","target":["https:\/\/kuzeyinsesi.org\/index.php\/2024\/05\/07\/tc-cumhurbaskani-erdogan-kuveyt-emiri-es-sabahi-resmi-torenle-karsiladi\/"]}]},{"@type":"ImageObject","inLanguage":"tr","@id":"https:\/\/kuzeyinsesi.org\/index.php\/2024\/05\/07\/tc-cumhurbaskani-erdogan-kuveyt-emiri-es-sabahi-resmi-torenle-karsiladi\/#primaryimage","url":"https:\/\/kuzeyinsesi.org\/wp-content\/uploads\/2024\/05\/erdogan-karsilama.jpg","contentUrl":"https:\/\/kuzeyinsesi.org\/wp-content\/uploads\/2024\/05\/erdogan-karsilama.jpg","width":750,"height":478},{"@type":"BreadcrumbList","@id":"https:\/\/kuzeyinsesi.org\/index.php\/2024\/05\/07\/tc-cumhurbaskani-erdogan-kuveyt-emiri-es-sabahi-resmi-torenle-karsiladi\/#breadcrumb","itemListElement":[{"@type":"ListItem","position":1,"name":"Anasayfa","item":"https:\/\/kuzeyinsesi.org\/"},{"@type":"ListItem","position":2,"name":"TC Cumhurba\u015fkan\u0131 Erdo\u011fan, Kuveyt Emiri es-Sabah\u2019\u0131 resmi t\u00f6renle kar\u015f\u0131lad\u0131"}]},{"@type":"WebSite","@id":"https:\/\/kuzeyinsesi.org\/#website","url":"https:\/\/kuzeyinsesi.org\/","name":"Kuzeyin Sesi","description":"Do\u011fru Haberin Adresi","potentialAction":[{"@type":"SearchAction","target":{"@type":"EntryPoint","urlTemplate":"https:\/\/kuzeyinsesi.org\/?s={search_term_string}"},"query-input":{"@type":"PropertyValueSpecification","valueRequired":true,"valueName":"search_term_string"}}],"inLanguage":"tr"},{"@type":"Person","@id":"https:\/\/kuzeyinsesi.org\/#\/schema\/person\/9f859689cdf01485597712386e37f5aa","name":"Kuzeyin Sesi","image":{"@type":"ImageObject","inLanguage":"tr","@id":"https:\/\/secure.gravatar.com\/avatar\/bab33852abfd8b282518d6ed81826833d77c3c882d9ab608add591ccace47a44?s=96&d=mm&r=g","url":"https:\/\/secure.gravatar.com\/avatar\/bab33852abfd8b282518d6ed81826833d77c3c882d9ab608add591ccace47a44?s=96&d=mm&r=g","contentUrl":"https:\/\/secure.gravatar.com\/avatar\/bab33852abfd8b282518d6ed81826833d77c3c882d9ab608add591ccace47a44?s=96&d=mm&r=g","caption":"Kuzeyin Sesi"},"sameAs":["https:\/\/kuzeyinsesi.org"],"url":"https:\/\/kuzeyinsesi.org\/index.php\/author\/guven\/"}]}},"_links":{"self":[{"href":"https:\/\/kuzeyinsesi.org\/index.php\/wp-json\/wp\/v2\/posts\/1627","targetHints":{"allow":["GET"]}}],"collection":[{"href":"https:\/\/kuzeyinsesi.org\/index.php\/wp-json\/wp\/v2\/posts"}],"about":[{"href":"https:\/\/kuzeyinsesi.org\/index.php\/wp-json\/wp\/v2\/types\/post"}],"author":[{"embeddable":true,"href":"https:\/\/kuzeyinsesi.org\/index.php\/wp-json\/wp\/v2\/users\/1"}],"replies":[{"embeddable":true,"href":"https:\/\/kuzeyinsesi.org\/index.php\/wp-json\/wp\/v2\/comments?post=1627"}],"version-history":[{"count":0,"href":"https:\/\/kuzeyinsesi.org\/index.php\/wp-json\/wp\/v2\/posts\/1627\/revisions"}],"wp:featuredmedia":[{"embeddable":true,"href":"https:\/\/kuzeyinsesi.org\/index.php\/wp-json\/wp\/v2\/media\/1628"}],"wp:attachment":[{"href":"https:\/\/kuzeyinsesi.org\/index.php\/wp-json\/wp\/v2\/media?parent=1627"}],"wp:term":[{"taxonomy":"category","embeddable":true,"href":"https:\/\/kuzeyinsesi.org\/index.php\/wp-json\/wp\/v2\/categories?post=1627"},{"taxonomy":"post_tag","embeddable":true,"href":"https:\/\/kuzeyinsesi.org\/index.php\/wp-json\/wp\/v2\/tags?post=1627"}],"curies":[{"name":"wp","href":"https:\/\/api.w.org\/{rel}","templated":true}]}}