{"id":16242,"date":"2024-12-24T14:04:07","date_gmt":"2024-12-24T12:04:07","guid":{"rendered":"https:\/\/kuzeyinsesi.org\/index.php\/2024\/12\/24\/cumhurbaskani-ersin-tatar-milli-mucadele-ve-sehitleri-anma-oratoryosunu-izledi\/"},"modified":"2024-12-24T14:04:07","modified_gmt":"2024-12-24T12:04:07","slug":"cumhurbaskani-ersin-tatar-milli-mucadele-ve-sehitleri-anma-oratoryosunu-izledi","status":"publish","type":"post","link":"https:\/\/kuzeyinsesi.org\/index.php\/2024\/12\/24\/cumhurbaskani-ersin-tatar-milli-mucadele-ve-sehitleri-anma-oratoryosunu-izledi\/","title":{"rendered":"Cumhurba\u015fkan\u0131 Ersin Tatar, Milli M\u00fccadele ve \u015eehitleri Anma Oratoryosu\u2019nu izledi"},"content":{"rendered":"<div>\n<div class=\"mariselle-image-container center\">\n                                            <\/div>\n<p>Cumhurba\u015fkan\u0131 Ersin Tatar, 21-25 Arallk Milli M\u00fccadele ve \u015eehitler Haftas\u0131 kapsam\u0131nda d\u00fczenlenen G\u00fcvenlik Kuvvetleri Komutanl\u0131\u011f\u0131 Bandosu Milli M\u00fccadele ve \u015eehitleri Anma Oratoryosu\u2019nu izledi.<\/p>\n<p>Cumhurba\u015fkanl\u0131\u011f\u0131\u2019ndan yap\u0131lan a\u00e7\u0131klamaya g\u00f6re, Yak\u0131n Do\u011fu \u00dcniversitesi Atat\u00fcrk K\u00fclt\u00fcr ve Kongre Merkezi\u2019ndeki etkinlikte Cumhurba\u015fkan\u0131 Ersin Tatar konu\u015fma da yapt\u0131.<\/p>\n<p>Tatar, Oratoryo\u2019yu d\u00fczenleyen G\u00fcvenlik Kuvvetleri Komutanl\u0131\u011f\u0131\u2019na te\u015fekk\u00fcr etti ve ve anma program\u0131nda bulunmaktan duydu\u011fu memnuniyeti ifade etti.<\/p>\n<p>Devlete sahip \u00e7\u0131kmak ve ya\u015fatman\u0131n g\u00f6revleri oldu\u011funu vurgulayan Cumhurba\u015fkan\u0131 Tatar, K\u0131br\u0131s\u2019ta bir antla\u015fma olacaksa K\u0131br\u0131s T\u00fcrk\u00fc ile birlikte Kuzey K\u0131br\u0131s T\u00fcrk Cumhuriyeti\u2019nin de antla\u015fman\u0131n bir par\u00e7as\u0131 olmas\u0131 gerekti\u011fine dikkat \u00e7ekti.<\/p>\n<p>Kuzey K\u0131br\u0131s T\u00fcrk Cumhuriyeti\u2019nin i\u00e7inde bulundu\u011fu co\u011frafyan\u0131n y\u00fckselen y\u0131ld\u0131z\u0131 oldu\u011funu vurgulayan Tatar, Ada\u2019daki g\u00fcven, bar\u0131\u015f ve huzurun \u015fehitlere bor\u00e7lu olundu\u011funun unutulmamas\u0131 gerekti\u011fini s\u00f6yledi.<\/p>\n<p>\u015eehitlerin, bir milletin onuru ve y\u00fckselen \u015ferefi oldu\u011funa i\u015faret eden Tatar, K\u0131br\u0131s\u2019ta verilen m\u00fccadelenin bir ba\u011f\u0131ms\u0131zl\u0131k m\u00fccadelesi oldu\u011funu ve asla geri durulmayaca\u011f\u0131n\u0131 ifade etti.<\/p>\n<p>Cumhurba\u015fkan\u0131 Tatar, Kuzey K\u0131br\u0131s T\u00fcrk Cumhuriyeti\u2019nin, T\u00fcrk d\u00fcnyas\u0131n\u0131n en g\u00fcneydeki T\u00fcrk devleti oldu\u011funu ve ya\u015fat\u0131lmas\u0131 gerekti\u011fini belirtti, T\u00fcrk Silahl\u0131 Kuvvetlerinin cayd\u0131r\u0131c\u0131 varl\u0131\u011f\u0131n\u0131n ise ya\u015famsal bir g\u00fc\u00e7 oldu\u011funu kaydetti.<\/p>\n<\/p><\/div>\n<p><script async\n                    defer\n                    crossorigin=\"anonymous\"\n                    src=\"https:\/\/connect.facebook.net\/tr_TR\/sdk.js#xfbml=1&#038;version=v3.3\"\n            ><\/script><\/p>\n","protected":false},"excerpt":{"rendered":"<p>Cumhurba\u015fkan\u0131 Ersin Tatar, 21-25 Arallk Milli M\u00fccadele ve \u015eehitler Haftas\u0131 kapsam\u0131nda d\u00fczenlenen G\u00fcvenlik Kuvvetleri Komutanl\u0131\u011f\u0131 Bandosu Milli M\u00fccadele ve \u015eehitleri Anma Oratoryosu\u2019nu izledi. Cumhurba\u015fkanl\u0131\u011f\u0131\u2019ndan yap\u0131lan a\u00e7\u0131klamaya g\u00f6re, Yak\u0131n Do\u011fu \u00dcniversitesi Atat\u00fcrk K\u00fclt\u00fcr ve Kongre Merkezi\u2019ndeki etkinlikte Cumhurba\u015fkan\u0131 Ersin Tatar konu\u015fma da yapt\u0131. Tatar, Oratoryo\u2019yu d\u00fczenleyen G\u00fcvenlik Kuvvetleri Komutanl\u0131\u011f\u0131\u2019na te\u015fekk\u00fcr etti ve ve anma program\u0131nda bulunmaktan [&hellip;]<\/p>\n","protected":false},"author":1,"featured_media":16243,"comment_status":"open","ping_status":"open","sticky":false,"template":"","format":"standard","meta":{"jnews-multi-image_gallery":[],"jnews_single_post":[],"jnews_primary_category":[],"jnews_social_meta":[],"jnews_override_counter":[],"footnotes":""},"categories":[6],"tags":[],"class_list":["post-16242","post","type-post","status-publish","format-standard","has-post-thumbnail","hentry","category-yasam"],"yoast_head":"<!-- This site is optimized with the Yoast SEO plugin v27.4 - https:\/\/yoast.com\/product\/yoast-seo-wordpress\/ -->\n<title>Cumhurba\u015fkan\u0131 Ersin Tatar, Milli M\u00fccadele ve \u015eehitleri Anma Oratoryosu\u2019nu izledi - Kuzeyin Sesi<\/title>\n<meta name=\"robots\" content=\"index, follow, max-snippet:-1, max-image-preview:large, max-video-preview:-1\" \/>\n<link rel=\"canonical\" href=\"https:\/\/kuzeyinsesi.org\/index.php\/2024\/12\/24\/cumhurbaskani-ersin-tatar-milli-mucadele-ve-sehitleri-anma-oratoryosunu-izledi\/\" \/>\n<meta property=\"og:locale\" content=\"tr_TR\" \/>\n<meta property=\"og:type\" content=\"article\" \/>\n<meta property=\"og:title\" content=\"Cumhurba\u015fkan\u0131 Ersin Tatar, Milli M\u00fccadele ve \u015eehitleri Anma Oratoryosu\u2019nu izledi - Kuzeyin Sesi\" \/>\n<meta property=\"og:description\" content=\"Cumhurba\u015fkan\u0131 Ersin Tatar, 21-25 Arallk Milli M\u00fccadele ve \u015eehitler Haftas\u0131 kapsam\u0131nda d\u00fczenlenen G\u00fcvenlik Kuvvetleri Komutanl\u0131\u011f\u0131 Bandosu Milli M\u00fccadele ve \u015eehitleri Anma Oratoryosu\u2019nu izledi. Cumhurba\u015fkanl\u0131\u011f\u0131\u2019ndan yap\u0131lan a\u00e7\u0131klamaya g\u00f6re, Yak\u0131n Do\u011fu \u00dcniversitesi Atat\u00fcrk K\u00fclt\u00fcr ve Kongre Merkezi\u2019ndeki etkinlikte Cumhurba\u015fkan\u0131 Ersin Tatar konu\u015fma da yapt\u0131. Tatar, Oratoryo\u2019yu d\u00fczenleyen G\u00fcvenlik Kuvvetleri Komutanl\u0131\u011f\u0131\u2019na te\u015fekk\u00fcr etti ve ve anma program\u0131nda bulunmaktan [&hellip;]\" \/>\n<meta property=\"og:url\" content=\"https:\/\/kuzeyinsesi.org\/index.php\/2024\/12\/24\/cumhurbaskani-ersin-tatar-milli-mucadele-ve-sehitleri-anma-oratoryosunu-izledi\/\" \/>\n<meta property=\"og:site_name\" content=\"Kuzeyin Sesi\" \/>\n<meta property=\"article:publisher\" content=\"https:\/\/www.facebook.com\/kuzeyinsesii\" \/>\n<meta property=\"article:published_time\" content=\"2024-12-24T12:04:07+00:00\" \/>\n<meta property=\"og:image\" content=\"https:\/\/brtk.net\/wp-content\/uploads\/2024\/12\/24\/1735036911638tatar-orotoryo-1-scaled.jpg?ver=751c1eefa97ee336b1b903c66e66c5e9\" \/>\n<meta name=\"author\" content=\"Kuzeyin Sesi\" \/>\n<meta name=\"twitter:card\" content=\"summary_large_image\" \/>\n<meta name=\"twitter:creator\" content=\"@kuzeyinsesii\" \/>\n<meta name=\"twitter:site\" content=\"@kuzeyinsesii\" \/>\n<meta name=\"twitter:label1\" content=\"Yazan:\" \/>\n\t<meta name=\"twitter:data1\" content=\"Kuzeyin Sesi\" \/>\n\t<meta name=\"twitter:label2\" content=\"Tahmini okuma s\u00fcresi\" \/>\n\t<meta name=\"twitter:data2\" content=\"1 dakika\" \/>\n<script type=\"application\/ld+json\" class=\"yoast-schema-graph\">{\"@context\":\"https:\\\/\\\/schema.org\",\"@graph\":[{\"@type\":\"Article\",\"@id\":\"https:\\\/\\\/kuzeyinsesi.org\\\/index.php\\\/2024\\\/12\\\/24\\\/cumhurbaskani-ersin-tatar-milli-mucadele-ve-sehitleri-anma-oratoryosunu-izledi\\\/#article\",\"isPartOf\":{\"@id\":\"https:\\\/\\\/kuzeyinsesi.org\\\/index.php\\\/2024\\\/12\\\/24\\\/cumhurbaskani-ersin-tatar-milli-mucadele-ve-sehitleri-anma-oratoryosunu-izledi\\\/\"},\"author\":{\"name\":\"Kuzeyin Sesi\",\"@id\":\"https:\\\/\\\/kuzeyinsesi.org\\\/#\\\/schema\\\/person\\\/9f859689cdf01485597712386e37f5aa\"},\"headline\":\"Cumhurba\u015fkan\u0131 Ersin Tatar, Milli M\u00fccadele ve \u015eehitleri Anma Oratoryosu\u2019nu izledi\",\"datePublished\":\"2024-12-24T12:04:07+00:00\",\"mainEntityOfPage\":{\"@id\":\"https:\\\/\\\/kuzeyinsesi.org\\\/index.php\\\/2024\\\/12\\\/24\\\/cumhurbaskani-ersin-tatar-milli-mucadele-ve-sehitleri-anma-oratoryosunu-izledi\\\/\"},\"wordCount\":278,\"commentCount\":0,\"image\":{\"@id\":\"https:\\\/\\\/kuzeyinsesi.org\\\/index.php\\\/2024\\\/12\\\/24\\\/cumhurbaskani-ersin-tatar-milli-mucadele-ve-sehitleri-anma-oratoryosunu-izledi\\\/#primaryimage\"},\"thumbnailUrl\":\"https:\\\/\\\/kuzeyinsesi.org\\\/wp-content\\\/uploads\\\/2024\\\/12\\\/1735036911638tatar-orotoryo-1-scaled.jpg\",\"articleSection\":[\"Ya\u015fam\"],\"inLanguage\":\"tr\",\"potentialAction\":[{\"@type\":\"CommentAction\",\"name\":\"Comment\",\"target\":[\"https:\\\/\\\/kuzeyinsesi.org\\\/index.php\\\/2024\\\/12\\\/24\\\/cumhurbaskani-ersin-tatar-milli-mucadele-ve-sehitleri-anma-oratoryosunu-izledi\\\/#respond\"]}]},{\"@type\":\"WebPage\",\"@id\":\"https:\\\/\\\/kuzeyinsesi.org\\\/index.php\\\/2024\\\/12\\\/24\\\/cumhurbaskani-ersin-tatar-milli-mucadele-ve-sehitleri-anma-oratoryosunu-izledi\\\/\",\"url\":\"https:\\\/\\\/kuzeyinsesi.org\\\/index.php\\\/2024\\\/12\\\/24\\\/cumhurbaskani-ersin-tatar-milli-mucadele-ve-sehitleri-anma-oratoryosunu-izledi\\\/\",\"name\":\"Cumhurba\u015fkan\u0131 Ersin Tatar, Milli M\u00fccadele ve \u015eehitleri Anma Oratoryosu\u2019nu izledi - Kuzeyin Sesi\",\"isPartOf\":{\"@id\":\"https:\\\/\\\/kuzeyinsesi.org\\\/#website\"},\"primaryImageOfPage\":{\"@id\":\"https:\\\/\\\/kuzeyinsesi.org\\\/index.php\\\/2024\\\/12\\\/24\\\/cumhurbaskani-ersin-tatar-milli-mucadele-ve-sehitleri-anma-oratoryosunu-izledi\\\/#primaryimage\"},\"image\":{\"@id\":\"https:\\\/\\\/kuzeyinsesi.org\\\/index.php\\\/2024\\\/12\\\/24\\\/cumhurbaskani-ersin-tatar-milli-mucadele-ve-sehitleri-anma-oratoryosunu-izledi\\\/#primaryimage\"},\"thumbnailUrl\":\"https:\\\/\\\/kuzeyinsesi.org\\\/wp-content\\\/uploads\\\/2024\\\/12\\\/1735036911638tatar-orotoryo-1-scaled.jpg\",\"datePublished\":\"2024-12-24T12:04:07+00:00\",\"author\":{\"@id\":\"https:\\\/\\\/kuzeyinsesi.org\\\/#\\\/schema\\\/person\\\/9f859689cdf01485597712386e37f5aa\"},\"breadcrumb\":{\"@id\":\"https:\\\/\\\/kuzeyinsesi.org\\\/index.php\\\/2024\\\/12\\\/24\\\/cumhurbaskani-ersin-tatar-milli-mucadele-ve-sehitleri-anma-oratoryosunu-izledi\\\/#breadcrumb\"},\"inLanguage\":\"tr\",\"potentialAction\":[{\"@type\":\"ReadAction\",\"target\":[\"https:\\\/\\\/kuzeyinsesi.org\\\/index.php\\\/2024\\\/12\\\/24\\\/cumhurbaskani-ersin-tatar-milli-mucadele-ve-sehitleri-anma-oratoryosunu-izledi\\\/\"]}]},{\"@type\":\"ImageObject\",\"inLanguage\":\"tr\",\"@id\":\"https:\\\/\\\/kuzeyinsesi.org\\\/index.php\\\/2024\\\/12\\\/24\\\/cumhurbaskani-ersin-tatar-milli-mucadele-ve-sehitleri-anma-oratoryosunu-izledi\\\/#primaryimage\",\"url\":\"https:\\\/\\\/kuzeyinsesi.org\\\/wp-content\\\/uploads\\\/2024\\\/12\\\/1735036911638tatar-orotoryo-1-scaled.jpg\",\"contentUrl\":\"https:\\\/\\\/kuzeyinsesi.org\\\/wp-content\\\/uploads\\\/2024\\\/12\\\/1735036911638tatar-orotoryo-1-scaled.jpg\",\"width\":2560,\"height\":1704},{\"@type\":\"BreadcrumbList\",\"@id\":\"https:\\\/\\\/kuzeyinsesi.org\\\/index.php\\\/2024\\\/12\\\/24\\\/cumhurbaskani-ersin-tatar-milli-mucadele-ve-sehitleri-anma-oratoryosunu-izledi\\\/#breadcrumb\",\"itemListElement\":[{\"@type\":\"ListItem\",\"position\":1,\"name\":\"Anasayfa\",\"item\":\"https:\\\/\\\/kuzeyinsesi.org\\\/\"},{\"@type\":\"ListItem\",\"position\":2,\"name\":\"Cumhurba\u015fkan\u0131 Ersin Tatar, Milli M\u00fccadele ve \u015eehitleri Anma Oratoryosu\u2019nu izledi\"}]},{\"@type\":\"WebSite\",\"@id\":\"https:\\\/\\\/kuzeyinsesi.org\\\/#website\",\"url\":\"https:\\\/\\\/kuzeyinsesi.org\\\/\",\"name\":\"Kuzeyin Sesi\",\"description\":\"Do\u011fru Haberin Adresi\",\"potentialAction\":[{\"@type\":\"SearchAction\",\"target\":{\"@type\":\"EntryPoint\",\"urlTemplate\":\"https:\\\/\\\/kuzeyinsesi.org\\\/?s={search_term_string}\"},\"query-input\":{\"@type\":\"PropertyValueSpecification\",\"valueRequired\":true,\"valueName\":\"search_term_string\"}}],\"inLanguage\":\"tr\"},{\"@type\":\"Person\",\"@id\":\"https:\\\/\\\/kuzeyinsesi.org\\\/#\\\/schema\\\/person\\\/9f859689cdf01485597712386e37f5aa\",\"name\":\"Kuzeyin Sesi\",\"image\":{\"@type\":\"ImageObject\",\"inLanguage\":\"tr\",\"@id\":\"https:\\\/\\\/secure.gravatar.com\\\/avatar\\\/bab33852abfd8b282518d6ed81826833d77c3c882d9ab608add591ccace47a44?s=96&d=mm&r=g\",\"url\":\"https:\\\/\\\/secure.gravatar.com\\\/avatar\\\/bab33852abfd8b282518d6ed81826833d77c3c882d9ab608add591ccace47a44?s=96&d=mm&r=g\",\"contentUrl\":\"https:\\\/\\\/secure.gravatar.com\\\/avatar\\\/bab33852abfd8b282518d6ed81826833d77c3c882d9ab608add591ccace47a44?s=96&d=mm&r=g\",\"caption\":\"Kuzeyin Sesi\"},\"sameAs\":[\"https:\\\/\\\/kuzeyinsesi.org\"],\"url\":\"https:\\\/\\\/kuzeyinsesi.org\\\/index.php\\\/author\\\/guven\\\/\"}]}<\/script>\n<!-- \/ Yoast SEO plugin. -->","yoast_head_json":{"title":"Cumhurba\u015fkan\u0131 Ersin Tatar, Milli M\u00fccadele ve \u015eehitleri Anma Oratoryosu\u2019nu izledi - Kuzeyin Sesi","robots":{"index":"index","follow":"follow","max-snippet":"max-snippet:-1","max-image-preview":"max-image-preview:large","max-video-preview":"max-video-preview:-1"},"canonical":"https:\/\/kuzeyinsesi.org\/index.php\/2024\/12\/24\/cumhurbaskani-ersin-tatar-milli-mucadele-ve-sehitleri-anma-oratoryosunu-izledi\/","og_locale":"tr_TR","og_type":"article","og_title":"Cumhurba\u015fkan\u0131 Ersin Tatar, Milli M\u00fccadele ve \u015eehitleri Anma Oratoryosu\u2019nu izledi - Kuzeyin Sesi","og_description":"Cumhurba\u015fkan\u0131 Ersin Tatar, 21-25 Arallk Milli M\u00fccadele ve \u015eehitler Haftas\u0131 kapsam\u0131nda d\u00fczenlenen G\u00fcvenlik Kuvvetleri Komutanl\u0131\u011f\u0131 Bandosu Milli M\u00fccadele ve \u015eehitleri Anma Oratoryosu\u2019nu izledi. Cumhurba\u015fkanl\u0131\u011f\u0131\u2019ndan yap\u0131lan a\u00e7\u0131klamaya g\u00f6re, Yak\u0131n Do\u011fu \u00dcniversitesi Atat\u00fcrk K\u00fclt\u00fcr ve Kongre Merkezi\u2019ndeki etkinlikte Cumhurba\u015fkan\u0131 Ersin Tatar konu\u015fma da yapt\u0131. Tatar, Oratoryo\u2019yu d\u00fczenleyen G\u00fcvenlik Kuvvetleri Komutanl\u0131\u011f\u0131\u2019na te\u015fekk\u00fcr etti ve ve anma program\u0131nda bulunmaktan [&hellip;]","og_url":"https:\/\/kuzeyinsesi.org\/index.php\/2024\/12\/24\/cumhurbaskani-ersin-tatar-milli-mucadele-ve-sehitleri-anma-oratoryosunu-izledi\/","og_site_name":"Kuzeyin Sesi","article_publisher":"https:\/\/www.facebook.com\/kuzeyinsesii","article_published_time":"2024-12-24T12:04:07+00:00","og_image":[{"url":"https:\/\/brtk.net\/wp-content\/uploads\/2024\/12\/24\/1735036911638tatar-orotoryo-1-scaled.jpg?ver=751c1eefa97ee336b1b903c66e66c5e9","type":"","width":"","height":""}],"author":"Kuzeyin Sesi","twitter_card":"summary_large_image","twitter_creator":"@kuzeyinsesii","twitter_site":"@kuzeyinsesii","twitter_misc":{"Yazan:":"Kuzeyin Sesi","Tahmini okuma s\u00fcresi":"1 dakika"},"schema":{"@context":"https:\/\/schema.org","@graph":[{"@type":"Article","@id":"https:\/\/kuzeyinsesi.org\/index.php\/2024\/12\/24\/cumhurbaskani-ersin-tatar-milli-mucadele-ve-sehitleri-anma-oratoryosunu-izledi\/#article","isPartOf":{"@id":"https:\/\/kuzeyinsesi.org\/index.php\/2024\/12\/24\/cumhurbaskani-ersin-tatar-milli-mucadele-ve-sehitleri-anma-oratoryosunu-izledi\/"},"author":{"name":"Kuzeyin Sesi","@id":"https:\/\/kuzeyinsesi.org\/#\/schema\/person\/9f859689cdf01485597712386e37f5aa"},"headline":"Cumhurba\u015fkan\u0131 Ersin Tatar, Milli M\u00fccadele ve \u015eehitleri Anma Oratoryosu\u2019nu izledi","datePublished":"2024-12-24T12:04:07+00:00","mainEntityOfPage":{"@id":"https:\/\/kuzeyinsesi.org\/index.php\/2024\/12\/24\/cumhurbaskani-ersin-tatar-milli-mucadele-ve-sehitleri-anma-oratoryosunu-izledi\/"},"wordCount":278,"commentCount":0,"image":{"@id":"https:\/\/kuzeyinsesi.org\/index.php\/2024\/12\/24\/cumhurbaskani-ersin-tatar-milli-mucadele-ve-sehitleri-anma-oratoryosunu-izledi\/#primaryimage"},"thumbnailUrl":"https:\/\/kuzeyinsesi.org\/wp-content\/uploads\/2024\/12\/1735036911638tatar-orotoryo-1-scaled.jpg","articleSection":["Ya\u015fam"],"inLanguage":"tr","potentialAction":[{"@type":"CommentAction","name":"Comment","target":["https:\/\/kuzeyinsesi.org\/index.php\/2024\/12\/24\/cumhurbaskani-ersin-tatar-milli-mucadele-ve-sehitleri-anma-oratoryosunu-izledi\/#respond"]}]},{"@type":"WebPage","@id":"https:\/\/kuzeyinsesi.org\/index.php\/2024\/12\/24\/cumhurbaskani-ersin-tatar-milli-mucadele-ve-sehitleri-anma-oratoryosunu-izledi\/","url":"https:\/\/kuzeyinsesi.org\/index.php\/2024\/12\/24\/cumhurbaskani-ersin-tatar-milli-mucadele-ve-sehitleri-anma-oratoryosunu-izledi\/","name":"Cumhurba\u015fkan\u0131 Ersin Tatar, Milli M\u00fccadele ve \u015eehitleri Anma Oratoryosu\u2019nu izledi - Kuzeyin Sesi","isPartOf":{"@id":"https:\/\/kuzeyinsesi.org\/#website"},"primaryImageOfPage":{"@id":"https:\/\/kuzeyinsesi.org\/index.php\/2024\/12\/24\/cumhurbaskani-ersin-tatar-milli-mucadele-ve-sehitleri-anma-oratoryosunu-izledi\/#primaryimage"},"image":{"@id":"https:\/\/kuzeyinsesi.org\/index.php\/2024\/12\/24\/cumhurbaskani-ersin-tatar-milli-mucadele-ve-sehitleri-anma-oratoryosunu-izledi\/#primaryimage"},"thumbnailUrl":"https:\/\/kuzeyinsesi.org\/wp-content\/uploads\/2024\/12\/1735036911638tatar-orotoryo-1-scaled.jpg","datePublished":"2024-12-24T12:04:07+00:00","author":{"@id":"https:\/\/kuzeyinsesi.org\/#\/schema\/person\/9f859689cdf01485597712386e37f5aa"},"breadcrumb":{"@id":"https:\/\/kuzeyinsesi.org\/index.php\/2024\/12\/24\/cumhurbaskani-ersin-tatar-milli-mucadele-ve-sehitleri-anma-oratoryosunu-izledi\/#breadcrumb"},"inLanguage":"tr","potentialAction":[{"@type":"ReadAction","target":["https:\/\/kuzeyinsesi.org\/index.php\/2024\/12\/24\/cumhurbaskani-ersin-tatar-milli-mucadele-ve-sehitleri-anma-oratoryosunu-izledi\/"]}]},{"@type":"ImageObject","inLanguage":"tr","@id":"https:\/\/kuzeyinsesi.org\/index.php\/2024\/12\/24\/cumhurbaskani-ersin-tatar-milli-mucadele-ve-sehitleri-anma-oratoryosunu-izledi\/#primaryimage","url":"https:\/\/kuzeyinsesi.org\/wp-content\/uploads\/2024\/12\/1735036911638tatar-orotoryo-1-scaled.jpg","contentUrl":"https:\/\/kuzeyinsesi.org\/wp-content\/uploads\/2024\/12\/1735036911638tatar-orotoryo-1-scaled.jpg","width":2560,"height":1704},{"@type":"BreadcrumbList","@id":"https:\/\/kuzeyinsesi.org\/index.php\/2024\/12\/24\/cumhurbaskani-ersin-tatar-milli-mucadele-ve-sehitleri-anma-oratoryosunu-izledi\/#breadcrumb","itemListElement":[{"@type":"ListItem","position":1,"name":"Anasayfa","item":"https:\/\/kuzeyinsesi.org\/"},{"@type":"ListItem","position":2,"name":"Cumhurba\u015fkan\u0131 Ersin Tatar, Milli M\u00fccadele ve \u015eehitleri Anma Oratoryosu\u2019nu izledi"}]},{"@type":"WebSite","@id":"https:\/\/kuzeyinsesi.org\/#website","url":"https:\/\/kuzeyinsesi.org\/","name":"Kuzeyin Sesi","description":"Do\u011fru Haberin Adresi","potentialAction":[{"@type":"SearchAction","target":{"@type":"EntryPoint","urlTemplate":"https:\/\/kuzeyinsesi.org\/?s={search_term_string}"},"query-input":{"@type":"PropertyValueSpecification","valueRequired":true,"valueName":"search_term_string"}}],"inLanguage":"tr"},{"@type":"Person","@id":"https:\/\/kuzeyinsesi.org\/#\/schema\/person\/9f859689cdf01485597712386e37f5aa","name":"Kuzeyin Sesi","image":{"@type":"ImageObject","inLanguage":"tr","@id":"https:\/\/secure.gravatar.com\/avatar\/bab33852abfd8b282518d6ed81826833d77c3c882d9ab608add591ccace47a44?s=96&d=mm&r=g","url":"https:\/\/secure.gravatar.com\/avatar\/bab33852abfd8b282518d6ed81826833d77c3c882d9ab608add591ccace47a44?s=96&d=mm&r=g","contentUrl":"https:\/\/secure.gravatar.com\/avatar\/bab33852abfd8b282518d6ed81826833d77c3c882d9ab608add591ccace47a44?s=96&d=mm&r=g","caption":"Kuzeyin Sesi"},"sameAs":["https:\/\/kuzeyinsesi.org"],"url":"https:\/\/kuzeyinsesi.org\/index.php\/author\/guven\/"}]}},"_links":{"self":[{"href":"https:\/\/kuzeyinsesi.org\/index.php\/wp-json\/wp\/v2\/posts\/16242","targetHints":{"allow":["GET"]}}],"collection":[{"href":"https:\/\/kuzeyinsesi.org\/index.php\/wp-json\/wp\/v2\/posts"}],"about":[{"href":"https:\/\/kuzeyinsesi.org\/index.php\/wp-json\/wp\/v2\/types\/post"}],"author":[{"embeddable":true,"href":"https:\/\/kuzeyinsesi.org\/index.php\/wp-json\/wp\/v2\/users\/1"}],"replies":[{"embeddable":true,"href":"https:\/\/kuzeyinsesi.org\/index.php\/wp-json\/wp\/v2\/comments?post=16242"}],"version-history":[{"count":0,"href":"https:\/\/kuzeyinsesi.org\/index.php\/wp-json\/wp\/v2\/posts\/16242\/revisions"}],"wp:featuredmedia":[{"embeddable":true,"href":"https:\/\/kuzeyinsesi.org\/index.php\/wp-json\/wp\/v2\/media\/16243"}],"wp:attachment":[{"href":"https:\/\/kuzeyinsesi.org\/index.php\/wp-json\/wp\/v2\/media?parent=16242"}],"wp:term":[{"taxonomy":"category","embeddable":true,"href":"https:\/\/kuzeyinsesi.org\/index.php\/wp-json\/wp\/v2\/categories?post=16242"},{"taxonomy":"post_tag","embeddable":true,"href":"https:\/\/kuzeyinsesi.org\/index.php\/wp-json\/wp\/v2\/tags?post=16242"}],"curies":[{"name":"wp","href":"https:\/\/api.w.org\/{rel}","templated":true}]}}