{"id":16236,"date":"2024-12-24T13:46:54","date_gmt":"2024-12-24T11:46:54","guid":{"rendered":"https:\/\/kuzeyinsesi.org\/index.php\/2024\/12\/24\/erdogan-suriye-devriminin-lideri-sara-ile-yakin-diyalog-halindeyiz\/"},"modified":"2024-12-24T13:46:54","modified_gmt":"2024-12-24T11:46:54","slug":"erdogan-suriye-devriminin-lideri-sara-ile-yakin-diyalog-halindeyiz","status":"publish","type":"post","link":"https:\/\/kuzeyinsesi.org\/index.php\/2024\/12\/24\/erdogan-suriye-devriminin-lideri-sara-ile-yakin-diyalog-halindeyiz\/","title":{"rendered":"Erdo\u011fan: \u201cSuriye devriminin lideri \u015eara ile yak\u0131n diyalog halindeyiz\u201d"},"content":{"rendered":"<div>\n<div class=\"mariselle-image-container center\">\n                                            <\/div>\n<p>T\u00fcrkiye Cumhurba\u015fkan\u0131 Recep Tayyip Erdo\u011fan, \u201cSuriye\u2019nin kom\u015fusu ve karde\u015fi olarak yeni s\u00fcreci en iyi okuyan, en iyi tahlil ve tetkik eden \u00fclke konumunday\u0131z. \u2018Do\u011fru duvar y\u0131k\u0131lmaz\u2019 inanc\u0131yla Suriye krizinin ilk an\u0131ndan itibaren hep tarihin do\u011fru taraf\u0131nda yer ald\u0131k.\u201d dedi.<\/p>\n<p>Erdo\u011fan, d\u00fcn , Cumhurba\u015fkanl\u0131\u011f\u0131 K\u00fclliyesi\u2019ndeki Kabine Toplant\u0131s\u0131\u2019n\u0131n ard\u0131ndan millete seslendi.<\/p>\n<p>Avrupa Birli\u011fi (AB) Konseyi Ba\u015fkan\u0131 Ursula von der Leyen ile g\u00f6r\u00fc\u015fmesine de\u011finen Erdo\u011fan, g\u00f6r\u00fc\u015fmenin olduk\u00e7a verimli oldu\u011funu belirtti. Von der Leyen\u2019e T\u00fcrkiye\u2019nin AB\u2019ye tam \u00fcyelik perspektifini g\u00fc\u00e7lendirecek, yeni bir vizyona ihtiya\u00e7 duyuldu\u011funu iletti\u011fini aktaran Erdo\u011fan, \u201cAvrupa Birli\u011fi ile b\u00f6lgesel konularda da yak\u0131n temas halinde olaca\u011f\u0131z.\u201d diye konu\u015ftu.<\/p>\n<p>M\u0131s\u0131r Cumhurba\u015fkan\u0131 Abd\u00fclfettah es-Sisi\u2019nin daveti \u00fczerine, 19 Aral\u0131k Per\u015fembe g\u00fcn\u00fc 11. D-8 Zirvesi i\u00e7in Kahire\u2019ye gitti\u011fini hat\u0131rlatan Erdo\u011fan, \u201c1997 y\u0131l\u0131nda, merhum Erbakan hocam\u0131z\u0131n \u00f6nc\u00fcl\u00fc\u011f\u00fcnde kurulan D-8, \u00fc\u00e7 k\u0131tada temsil edilen ve 1 milyar\u0131 a\u015fan n\u00fcfusuyla sa\u011flam ad\u0131mlarla yoluna devam ediyor. Can Azerbaycan\u2019\u0131n \u00fcyeli\u011fe kabul edilmesiyle birlikte D-8 te\u015fkilat\u0131 daha da g\u00fc\u00e7lenmi\u015ftir\u201d ifadelerini kulland\u0131.<\/p>\n<p>\u2013 M\u0131s\u0131r, Gazze\u2019ye yard\u0131mlarda kolayl\u0131k g\u00f6sterdi<\/p>\n<p>Zirve kapsam\u0131nda M\u0131s\u0131r Cumhurba\u015fkan\u0131 Sisi\u2019nin yan\u0131 s\u0131ra kat\u0131l\u0131mc\u0131 \u00fclkelerin devlet ve h\u00fck\u00fcmet ba\u015fkanlar\u0131yla da ikili g\u00f6r\u00fc\u015fmeler yapt\u0131klar\u0131na de\u011finen Erdo\u011fan, \u015f\u00f6yle konu\u015ftu:<\/p>\n<p>\u201cM\u0131s\u0131rl\u0131 karde\u015flerimiz \u00f6zellikle Gazze krizinde ciddi zorluklarla kar\u015f\u0131la\u015ft\u0131lar. \u00dclkemizin g\u00f6nderdi\u011fi insani yard\u0131mlar\u0131n Gazzeli masumlara ula\u015ft\u0131r\u0131lmas\u0131 noktas\u0131nda da daima kolayl\u0131k g\u00f6sterdiler. T\u00fcrkiye ile M\u0131s\u0131r aras\u0131nda geli\u015fen samimi diyalo\u011fun olumlu etkisini ba\u015fta ticaret ve diplomasi olmak \u00fczere bir\u00e7ok alanda g\u00f6r\u00fcyoruz. Bundan sonra da M\u0131s\u0131r makamlar\u0131yla e\u015fg\u00fcd\u00fcm i\u00e7inde hareket edece\u011fiz. Gerek D-8 Zirvesi\u2019ne ba\u015far\u0131l\u0131 ev sahipli\u011fi, gerekse s\u0131cak misafirperverli\u011fi i\u00e7in M\u0131s\u0131r Cumhurba\u015fkan\u0131 Say\u0131n Abd\u00fclfettah es Sisi\u2019ye te\u015fekk\u00fcr ediyor, M\u0131s\u0131r halk\u0131n\u0131 \u00fclkem ve milletim ad\u0131na bir kez daha h\u00fcrmetle selaml\u0131yorum.\u201d<\/p>\n<p>Bir taraftan bu yo\u011fun g\u00fcndemde ko\u015ftururken di\u011fer taraftan partisinin il kongrelerine kat\u0131ld\u0131\u011f\u0131n\u0131 anlatan Erdo\u011fan, son iki haftada Sakarya, Kocaeli, Erzurum, Mardin ve Mu\u011fla kongrelerine kat\u0131ld\u0131\u011f\u0131n\u0131 s\u00f6yledi. Erdo\u011fan, il kongrelerinde g\u00f6rev alan ve n\u00f6beti devreden t\u00fcm partililere \u015f\u00fckranlar\u0131n\u0131 sundu.<\/p>\n<p>\u2013 \u201cSuriye\u2019de yepyeni bir d\u00f6nem ba\u015flad\u0131\u201d<\/p>\n<p>Erdo\u011fan, 8 Aral\u0131k\u2019ta \u015eam\u2019\u0131n d\u00fc\u015fmesi, Esed\u2019in ka\u00e7mas\u0131 ve 61 y\u0131ll\u0131k Baas rejiminin y\u0131k\u0131lmas\u0131yla Suriye\u2019de yepyeni bir d\u00f6nemin ba\u015flad\u0131\u011f\u0131n\u0131 s\u00f6yledi.<\/p>\n<p>Suriye devriminin ortaya \u00e7\u0131kard\u0131\u011f\u0131 yeni durumun, t\u00fcm d\u00fcnyan\u0131n ilgisini tekrar bu \u00fclkeye y\u00f6neltti\u011fini ifade eden Erdo\u011fan, \u015funlar\u0131 kaydetti:<\/p>\n<p>\u201cSuriye\u2019nin kom\u015fusu ve karde\u015fi olarak yeni s\u00fcreci en iyi okuyan, en iyi tahlil ve tetkik eden \u00fclke konumunday\u0131z. \u2018Do\u011fru duvar y\u0131k\u0131lmaz\u2019 inanc\u0131yla Suriye krizinin ilk an\u0131ndan itibaren hep tarihin do\u011fru taraf\u0131nda yer ald\u0131k. Rabbim bizi \u00f6nce Suriyeli mazlumlara, sonra da bize inanan ve itimat eden aziz milletimize mahcup etmedi. Bug\u00fcn sadece Suriye halk\u0131n\u0131n de\u011fil, T\u00fcrkiye\u2019nin ad\u0131n\u0131 duyunca g\u00f6zleri parlayan 100 milyonlarca karde\u015fimizin y\u00fcz\u00fcne de vakarla bakabiliyoruz. \u015e\u00fcphesiz bu s\u00fcre\u00e7te en a\u011f\u0131r imtihan\u0131m\u0131z, 14-28 May\u0131s se\u00e7imleri d\u00f6neminde y\u00fcr\u00fct\u00fclen al\u00e7ak\u00e7a kampanyaya kar\u015f\u0131 g\u00f6\u011fs\u00fcm\u00fcz\u00fc siper etmemiz olmu\u015ftur. Esas meselenin se\u00e7im kazanmak de\u011fil, her \u015feyden \u00f6nce g\u00f6n\u00fcl kazanmak oldu\u011funu bir kez daha g\u00f6rd\u00fck. Rabbimizin yard\u0131m\u0131 ve milletimizin engin ferasetiyle hem se\u00e7imleri kazand\u0131k hem de Suriye halk\u0131n\u0131n zaferine giden yolun ta\u015flar\u0131n\u0131 d\u00f6\u015fedik. Yeni y\u00f6netimde g\u00f6rev alan isimleri hepimiz gururlanarak takip ediyoruz. T\u00fcrkiye\u2019de e\u011fitim alm\u0131\u015f, milletimizle g\u00f6n\u00fcl ba\u011f\u0131 olan karde\u015flerimizi \u00e7e\u015fitli makamlarda g\u00f6rd\u00fck\u00e7e Rabbimize bir kez daha hamd ediyoruz.\u201d<\/p>\n<p>\u2013 \u201c\u015eara ile yak\u0131n diyalog halindeyiz\u201d<\/p>\n<p>Cumhurba\u015fkan\u0131 Erdo\u011fan, Suriye devriminin lideri Ahmed \u015eara ile yak\u0131n diyalog halinde olduklar\u0131n\u0131 vurgulayarak, \u201cTalimat\u0131m\u0131z \u00fczerine ilk \u00f6nce M\u0130T Ba\u015fkan\u0131m\u0131z kendisini ziyaret etti. Ard\u0131ndan \u015eam B\u00fcy\u00fckel\u00e7ili\u011fimizi s\u00fcratle faaliyete ge\u00e7irdik. D\u00fcn (\u00f6nceki g\u00fcn) de D\u0131\u015fi\u015fleri Bakan\u0131m\u0131z \u015eam\u2019dayd\u0131, ge\u00e7ici y\u00f6netimle son derece s\u0131cak g\u00f6r\u00fc\u015fmeler ger\u00e7ekle\u015ftirdi.\u201d ifadelerini kulland\u0131.<\/p>\n<p>Suriye\u2019ye ziyaretlerin bundan sonra da artarak devam edece\u011fini dile getiren Erdo\u011fan, \u201cZalim rejime kar\u015f\u0131 sava\u015f\u0131 kazanan Suriye halk\u0131n\u0131n, zaferi de kazanmas\u0131 ve ba\u015far\u0131lar\u0131n\u0131 kal\u0131c\u0131 hale getirmesi i\u00e7in gereken her t\u00fcrl\u00fc deste\u011fi verece\u011fiz. En zor g\u00fcnler Allah\u2019\u0131n izniyle art\u0131k geride kalm\u0131\u015ft\u0131r. D\u00f6k\u00fclen m\u00fcbarek \u015fehit kanlar\u0131 da Suriye halk\u0131n\u0131n \u00e7ekti\u011fi \u00e7ileler de bo\u015fa gitmemi\u015ftir. 61 y\u0131ll\u0131k Baas karanl\u0131\u011f\u0131na son veren Suriyeli karde\u015flerimizin el ve g\u00f6n\u00fcl birli\u011fi i\u00e7inde \u00fclkelerini yeniden aya\u011fa kald\u0131racaklar\u0131na eminim. Suriye\u2019nin kom\u015fular\u0131n\u0131n da \u015fu \u00f6nemli hakikati g\u00f6rd\u00fckleri kanaatindeyim. \u0130stikrarl\u0131 bir Suriye t\u00fcm b\u00f6lge i\u00e7in istikrar ve g\u00fcven kayna\u011f\u0131 demektir. Suriye huzura kavu\u015ftuk\u00e7a b\u00f6lgedeki herkes kendini daha g\u00fcvende hissedecektir.\u201d diye konu\u015ftu.<\/p>\n<p>\u2013 \u201c\u0130srail er ya da ge\u00e7 i\u015fgal etti\u011fi topraklardan \u00e7ekilecektir\u201d<\/p>\n<p>Cumhurba\u015fkan\u0131 Erdo\u011fan, kom\u015fular\u0131n\u0131n da istikrarl\u0131 bir Suriye\u2019nin t\u00fcm b\u00f6lge i\u00e7in istikrar ve g\u00fcven kayna\u011f\u0131 demek oldu\u011fu hakikatini g\u00f6rd\u00fc\u011f\u00fcn\u00fc belirtti.<\/p>\n<p>Suriye huzura kavu\u015ftuk\u00e7a b\u00f6lgedeki herkesin kendini daha g\u00fcvende hissedece\u011fini kaydeden Erdo\u011fan, \u201cBunun i\u00e7in toparlanma ve kapasite in\u015fa etme \u00e7abalar\u0131nda Suriye halk\u0131na \u00f6zellikle hep beraber omuz vermeliyiz.\u201d dedi.<\/p>\n<p>Erdo\u011fan, \u015f\u00f6yle devam etti:<\/p>\n<p>\u201cSuriye halk\u0131n\u0131n da Arap alemi ve \u0130slam d\u00fcnyas\u0131ndan beklentisi bu y\u00f6ndedir. Yeni y\u00f6netimin bu meyanda verdi\u011fi mutedil mesajlar\u0131 \u00e7ok de\u011ferli ve anlaml\u0131 buluyoruz. \u015eunu da ifade etmek isterim, \u0130srail\u2019in artan sald\u0131rganl\u0131\u011f\u0131n\u0131n gerisinde Suriye\u2019deki devrimi g\u00f6lgelemek, Suriye halk\u0131n\u0131n umutlar\u0131n\u0131 bo\u011fmak oldu\u011fu anla\u015f\u0131l\u0131yor. \u0130srail f\u0131rsat\u00e7\u0131l\u0131k yapsa da er ya da ge\u00e7 i\u015fgal etti\u011fi topraklardan \u00e7ekilecektir. Buna mecbur kalacakt\u0131r. Daha \u00f6nce s\u00f6yledim, elinde 50 bin Gazzeli masumun kan\u0131 olan Netanyahu\u2019nun tuttu\u011fu yol, yol de\u011fildir. Daha fazla kan d\u00f6kerek, daha fazla can alarak, daha \u00e7ok topra\u011f\u0131 i\u015fgal ve istila ederek var\u0131lacak yer sadece daha fazla g\u00fcvensizliktir, huzursuzluktur. \u0130srail\u2019de \u015fayet bir devlet akl\u0131 varsa bunu ne kadar erken idrak ederlerse, o kadar iyi olacakt\u0131r.\u201d<\/p>\n<p>\u2013 \u201cKatil s\u00fcr\u00fclerini b\u00f6lgemiz i\u00e7in bir tehdit olmaktan \u00e7\u0131karaca\u011f\u0131z\u201d<\/p>\n<p>Suriye\u2019nin toprak b\u00fct\u00fcnl\u00fc\u011f\u00fc ve \u00fcniter yap\u0131s\u0131n\u0131n her \u015fart alt\u0131nda korunmas\u0131n\u0131n T\u00fcrkiye\u2019nin de\u011fi\u015fmez \u00e7izgisi oldu\u011funu anlatan Erdo\u011fan, bundan kesinlikle geri ad\u0131m at\u0131lmayaca\u011f\u0131n\u0131 vurgulad\u0131.<\/p>\n<p>Suriye\u2019nin ve b\u00f6lgenin gelece\u011finde DEA\u015e ve PKK dahil hi\u00e7bir ter\u00f6r yap\u0131lanmas\u0131na yer olmad\u0131\u011f\u0131n\u0131 da belirten Erdo\u011fan, \u201cPKK ve uzant\u0131lar\u0131, ya kendilerini tasfiye edecekler ya da tasfiye edilecekler. K\u00fcrt karde\u015flerimize zulmeden, \u00e7ocuklar\u0131n\u0131 ka\u00e7\u0131rarak \u00f6l\u00fcme g\u00f6nderen, kendileri d\u0131\u015f\u0131nda hi\u00e7 kimseye hayat ve s\u00f6z hakk\u0131 tan\u0131mayan bu katil s\u00fcr\u00fclerini b\u00f6lgemiz i\u00e7in bir tehdit kayna\u011f\u0131 olmaktan mutlaka \u00e7\u0131karaca\u011f\u0131z. Suriye\u2019deki b\u00f6l\u00fcc\u00fc ter\u00f6r \u00f6rg\u00fct\u00fc unsurlar\u0131na y\u00f6nelik nokta operasyonlar\u0131m\u0131z\u0131 bir cerrah hassasiyetiyle, sivillerin k\u0131l\u0131na zarar vermeden s\u00fcrd\u00fcrmekte kararl\u0131y\u0131z.\u201d \u015feklinde konu\u015ftu.<\/p>\n<p>\u2013 \u201cPKK ve uzant\u0131lar\u0131 i\u00e7in \u00e7ember daral\u0131yor\u201d<\/p>\n<p>Suriye\u2019deki yeni y\u00f6netimin bu konudaki kararl\u0131l\u0131\u011f\u0131n\u0131 memnuniyetle kar\u015f\u0131lad\u0131klar\u0131n\u0131 belirten Erdo\u011fan, \u201cYak\u0131n zamana kadar b\u00f6l\u00fcc\u00fc \u00f6rg\u00fct\u00fcn arkas\u0131nda duran Bat\u0131l\u0131 \u00fclkelerin de bu canilerden deste\u011fini yava\u015f yava\u015f kesti\u011fini g\u00f6r\u00fcyoruz.\u201d dedi.<\/p>\n<p>Erdo\u011fan, s\u00f6zlerini \u015f\u00f6yle tamamlad\u0131:<\/p>\n<p>\u201c\u015eunu rahatl\u0131kla ifade edebilirim, PKK ve uzant\u0131lar\u0131 i\u00e7in zaman k\u0131sal\u0131yor, \u00e7ember daral\u0131yor, yolun sonu g\u00f6r\u00fcl\u00fcyor. Kimin ete\u011fine yap\u0131\u015f\u0131rsa yap\u0131\u015fs\u0131nlar, kimin tetik\u00e7ili\u011fini yaparlarsa yaps\u0131nlar, hangi yabanc\u0131 oda\u011fa sar\u0131l\u0131rlarsa sar\u0131ls\u0131nlar, \u015funu \u00e7ok iyi bilsinler ki kendilerini bekleyen ac\u0131 ak\u0131betten ka\u00e7amayacaklar. \u015eairin dedi\u011fi gibi \u2018Belki yar\u0131n, belki yar\u0131ndan da yak\u0131n\u2019 bir s\u00fcrede 40 y\u0131ld\u0131r kan\u0131m\u0131z\u0131 emen bu beladan Allah\u2019\u0131n izniyle kurtulaca\u011f\u0131z. Ter\u00f6r duvarlar\u0131n\u0131 da tamamen y\u0131kt\u0131ktan sonra T\u00fcrkler, Araplar, K\u00fcrtler olarak hep beraber b\u00fcy\u00fck bir kucakla\u015fmaya imza ataca\u011f\u0131z. Bar\u0131\u015f\u0131n, huzurun, refah\u0131n ve kalk\u0131nman\u0131n, b\u00f6lgemizin tamam\u0131na hakim oldu\u011fu \u00e7at\u0131\u015fmalarla de\u011fil, karde\u015flikle an\u0131lan bir iklimi in\u015fallah tesis edece\u011fiz. Bu g\u00fczel g\u00fcnlerin \u015fafa\u011f\u0131 art\u0131k s\u00f6kmeye ba\u015flam\u0131\u015ft\u0131r. Bu g\u00fcn\u00fcm\u00fcz nas\u0131l d\u00fcnden daha iyiyse, yar\u0131nlar\u0131m\u0131z da bug\u00fcnden \u00e7ok daha iyi olacakt\u0131r. Milletimizden bize g\u00fcvenmeye, bize dua etmeye \u00f6zellikle \u00f6zen g\u00f6stermesini rica ediyorum.\u201d<\/p>\n<\/p><\/div>\n<p><script async\n                    defer\n                    crossorigin=\"anonymous\"\n                    src=\"https:\/\/connect.facebook.net\/tr_TR\/sdk.js#xfbml=1&#038;version=v3.3\"\n            ><\/script><\/p>\n","protected":false},"excerpt":{"rendered":"<p>T\u00fcrkiye Cumhurba\u015fkan\u0131 Recep Tayyip Erdo\u011fan, \u201cSuriye\u2019nin kom\u015fusu ve karde\u015fi olarak yeni s\u00fcreci en iyi okuyan, en iyi tahlil ve tetkik eden \u00fclke konumunday\u0131z. \u2018Do\u011fru duvar y\u0131k\u0131lmaz\u2019 inanc\u0131yla Suriye krizinin ilk an\u0131ndan itibaren hep tarihin do\u011fru taraf\u0131nda yer ald\u0131k.\u201d dedi. Erdo\u011fan, d\u00fcn , Cumhurba\u015fkanl\u0131\u011f\u0131 K\u00fclliyesi\u2019ndeki Kabine Toplant\u0131s\u0131\u2019n\u0131n ard\u0131ndan millete seslendi. Avrupa Birli\u011fi (AB) Konseyi Ba\u015fkan\u0131 Ursula [&hellip;]<\/p>\n","protected":false},"author":1,"featured_media":16237,"comment_status":"open","ping_status":"open","sticky":false,"template":"","format":"standard","meta":{"jnews-multi-image_gallery":[],"jnews_single_post":[],"jnews_primary_category":[],"jnews_social_meta":[],"jnews_override_counter":[],"footnotes":""},"categories":[5],"tags":[],"class_list":["post-16236","post","type-post","status-publish","format-standard","has-post-thumbnail","hentry","category-turkiye"],"yoast_head":"<!-- This site is optimized with the Yoast SEO plugin v27.4 - https:\/\/yoast.com\/product\/yoast-seo-wordpress\/ -->\n<title>Erdo\u011fan: \u201cSuriye devriminin lideri \u015eara ile yak\u0131n diyalog halindeyiz\u201d - Kuzeyin Sesi<\/title>\n<meta name=\"robots\" content=\"index, follow, max-snippet:-1, max-image-preview:large, max-video-preview:-1\" \/>\n<link rel=\"canonical\" href=\"https:\/\/kuzeyinsesi.org\/index.php\/2024\/12\/24\/erdogan-suriye-devriminin-lideri-sara-ile-yakin-diyalog-halindeyiz\/\" \/>\n<meta property=\"og:locale\" content=\"tr_TR\" \/>\n<meta property=\"og:type\" content=\"article\" \/>\n<meta property=\"og:title\" content=\"Erdo\u011fan: \u201cSuriye devriminin lideri \u015eara ile yak\u0131n diyalog halindeyiz\u201d - Kuzeyin Sesi\" \/>\n<meta property=\"og:description\" content=\"T\u00fcrkiye Cumhurba\u015fkan\u0131 Recep Tayyip Erdo\u011fan, \u201cSuriye\u2019nin kom\u015fusu ve karde\u015fi olarak yeni s\u00fcreci en iyi okuyan, en iyi tahlil ve tetkik eden \u00fclke konumunday\u0131z. \u2018Do\u011fru duvar y\u0131k\u0131lmaz\u2019 inanc\u0131yla Suriye krizinin ilk an\u0131ndan itibaren hep tarihin do\u011fru taraf\u0131nda yer ald\u0131k.\u201d dedi. Erdo\u011fan, d\u00fcn , Cumhurba\u015fkanl\u0131\u011f\u0131 K\u00fclliyesi\u2019ndeki Kabine Toplant\u0131s\u0131\u2019n\u0131n ard\u0131ndan millete seslendi. Avrupa Birli\u011fi (AB) Konseyi Ba\u015fkan\u0131 Ursula [&hellip;]\" \/>\n<meta property=\"og:url\" content=\"https:\/\/kuzeyinsesi.org\/index.php\/2024\/12\/24\/erdogan-suriye-devriminin-lideri-sara-ile-yakin-diyalog-halindeyiz\/\" \/>\n<meta property=\"og:site_name\" content=\"Kuzeyin Sesi\" \/>\n<meta property=\"article:publisher\" content=\"https:\/\/www.facebook.com\/kuzeyinsesii\" \/>\n<meta property=\"article:published_time\" content=\"2024-12-24T11:46:54+00:00\" \/>\n<meta property=\"og:image\" content=\"https:\/\/brtk.net\/wp-content\/uploads\/2024\/12\/24\/1735033461176thumbs_b_c_b38296e1f08d51e0d54d71ec5ff9878a.jpg?ver=de1967c109fae5a7034a95ebc1990ecd\" \/>\n<meta name=\"author\" content=\"Kuzeyin Sesi\" \/>\n<meta name=\"twitter:card\" content=\"summary_large_image\" \/>\n<meta name=\"twitter:creator\" content=\"@kuzeyinsesii\" \/>\n<meta name=\"twitter:site\" content=\"@kuzeyinsesii\" \/>\n<meta name=\"twitter:label1\" content=\"Yazan:\" \/>\n\t<meta name=\"twitter:data1\" content=\"Kuzeyin Sesi\" \/>\n\t<meta name=\"twitter:label2\" content=\"Tahmini okuma s\u00fcresi\" \/>\n\t<meta name=\"twitter:data2\" content=\"8 dakika\" \/>\n<script type=\"application\/ld+json\" class=\"yoast-schema-graph\">{\"@context\":\"https:\\\/\\\/schema.org\",\"@graph\":[{\"@type\":\"Article\",\"@id\":\"https:\\\/\\\/kuzeyinsesi.org\\\/index.php\\\/2024\\\/12\\\/24\\\/erdogan-suriye-devriminin-lideri-sara-ile-yakin-diyalog-halindeyiz\\\/#article\",\"isPartOf\":{\"@id\":\"https:\\\/\\\/kuzeyinsesi.org\\\/index.php\\\/2024\\\/12\\\/24\\\/erdogan-suriye-devriminin-lideri-sara-ile-yakin-diyalog-halindeyiz\\\/\"},\"author\":{\"name\":\"Kuzeyin Sesi\",\"@id\":\"https:\\\/\\\/kuzeyinsesi.org\\\/#\\\/schema\\\/person\\\/9f859689cdf01485597712386e37f5aa\"},\"headline\":\"Erdo\u011fan: \u201cSuriye devriminin lideri \u015eara ile yak\u0131n diyalog halindeyiz\u201d\",\"datePublished\":\"2024-12-24T11:46:54+00:00\",\"mainEntityOfPage\":{\"@id\":\"https:\\\/\\\/kuzeyinsesi.org\\\/index.php\\\/2024\\\/12\\\/24\\\/erdogan-suriye-devriminin-lideri-sara-ile-yakin-diyalog-halindeyiz\\\/\"},\"wordCount\":1632,\"commentCount\":0,\"image\":{\"@id\":\"https:\\\/\\\/kuzeyinsesi.org\\\/index.php\\\/2024\\\/12\\\/24\\\/erdogan-suriye-devriminin-lideri-sara-ile-yakin-diyalog-halindeyiz\\\/#primaryimage\"},\"thumbnailUrl\":\"https:\\\/\\\/kuzeyinsesi.org\\\/wp-content\\\/uploads\\\/2024\\\/12\\\/1735033461176thumbs_b_c_b38296e1f08d51e0d54d71ec5ff9878a.jpg\",\"articleSection\":[\"T\u00fcrkiye\"],\"inLanguage\":\"tr\",\"potentialAction\":[{\"@type\":\"CommentAction\",\"name\":\"Comment\",\"target\":[\"https:\\\/\\\/kuzeyinsesi.org\\\/index.php\\\/2024\\\/12\\\/24\\\/erdogan-suriye-devriminin-lideri-sara-ile-yakin-diyalog-halindeyiz\\\/#respond\"]}]},{\"@type\":\"WebPage\",\"@id\":\"https:\\\/\\\/kuzeyinsesi.org\\\/index.php\\\/2024\\\/12\\\/24\\\/erdogan-suriye-devriminin-lideri-sara-ile-yakin-diyalog-halindeyiz\\\/\",\"url\":\"https:\\\/\\\/kuzeyinsesi.org\\\/index.php\\\/2024\\\/12\\\/24\\\/erdogan-suriye-devriminin-lideri-sara-ile-yakin-diyalog-halindeyiz\\\/\",\"name\":\"Erdo\u011fan: \u201cSuriye devriminin lideri \u015eara ile yak\u0131n diyalog halindeyiz\u201d - Kuzeyin Sesi\",\"isPartOf\":{\"@id\":\"https:\\\/\\\/kuzeyinsesi.org\\\/#website\"},\"primaryImageOfPage\":{\"@id\":\"https:\\\/\\\/kuzeyinsesi.org\\\/index.php\\\/2024\\\/12\\\/24\\\/erdogan-suriye-devriminin-lideri-sara-ile-yakin-diyalog-halindeyiz\\\/#primaryimage\"},\"image\":{\"@id\":\"https:\\\/\\\/kuzeyinsesi.org\\\/index.php\\\/2024\\\/12\\\/24\\\/erdogan-suriye-devriminin-lideri-sara-ile-yakin-diyalog-halindeyiz\\\/#primaryimage\"},\"thumbnailUrl\":\"https:\\\/\\\/kuzeyinsesi.org\\\/wp-content\\\/uploads\\\/2024\\\/12\\\/1735033461176thumbs_b_c_b38296e1f08d51e0d54d71ec5ff9878a.jpg\",\"datePublished\":\"2024-12-24T11:46:54+00:00\",\"author\":{\"@id\":\"https:\\\/\\\/kuzeyinsesi.org\\\/#\\\/schema\\\/person\\\/9f859689cdf01485597712386e37f5aa\"},\"breadcrumb\":{\"@id\":\"https:\\\/\\\/kuzeyinsesi.org\\\/index.php\\\/2024\\\/12\\\/24\\\/erdogan-suriye-devriminin-lideri-sara-ile-yakin-diyalog-halindeyiz\\\/#breadcrumb\"},\"inLanguage\":\"tr\",\"potentialAction\":[{\"@type\":\"ReadAction\",\"target\":[\"https:\\\/\\\/kuzeyinsesi.org\\\/index.php\\\/2024\\\/12\\\/24\\\/erdogan-suriye-devriminin-lideri-sara-ile-yakin-diyalog-halindeyiz\\\/\"]}]},{\"@type\":\"ImageObject\",\"inLanguage\":\"tr\",\"@id\":\"https:\\\/\\\/kuzeyinsesi.org\\\/index.php\\\/2024\\\/12\\\/24\\\/erdogan-suriye-devriminin-lideri-sara-ile-yakin-diyalog-halindeyiz\\\/#primaryimage\",\"url\":\"https:\\\/\\\/kuzeyinsesi.org\\\/wp-content\\\/uploads\\\/2024\\\/12\\\/1735033461176thumbs_b_c_b38296e1f08d51e0d54d71ec5ff9878a.jpg\",\"contentUrl\":\"https:\\\/\\\/kuzeyinsesi.org\\\/wp-content\\\/uploads\\\/2024\\\/12\\\/1735033461176thumbs_b_c_b38296e1f08d51e0d54d71ec5ff9878a.jpg\",\"width\":864,\"height\":486},{\"@type\":\"BreadcrumbList\",\"@id\":\"https:\\\/\\\/kuzeyinsesi.org\\\/index.php\\\/2024\\\/12\\\/24\\\/erdogan-suriye-devriminin-lideri-sara-ile-yakin-diyalog-halindeyiz\\\/#breadcrumb\",\"itemListElement\":[{\"@type\":\"ListItem\",\"position\":1,\"name\":\"Anasayfa\",\"item\":\"https:\\\/\\\/kuzeyinsesi.org\\\/\"},{\"@type\":\"ListItem\",\"position\":2,\"name\":\"Erdo\u011fan: \u201cSuriye devriminin lideri \u015eara ile yak\u0131n diyalog halindeyiz\u201d\"}]},{\"@type\":\"WebSite\",\"@id\":\"https:\\\/\\\/kuzeyinsesi.org\\\/#website\",\"url\":\"https:\\\/\\\/kuzeyinsesi.org\\\/\",\"name\":\"Kuzeyin Sesi\",\"description\":\"Do\u011fru Haberin Adresi\",\"potentialAction\":[{\"@type\":\"SearchAction\",\"target\":{\"@type\":\"EntryPoint\",\"urlTemplate\":\"https:\\\/\\\/kuzeyinsesi.org\\\/?s={search_term_string}\"},\"query-input\":{\"@type\":\"PropertyValueSpecification\",\"valueRequired\":true,\"valueName\":\"search_term_string\"}}],\"inLanguage\":\"tr\"},{\"@type\":\"Person\",\"@id\":\"https:\\\/\\\/kuzeyinsesi.org\\\/#\\\/schema\\\/person\\\/9f859689cdf01485597712386e37f5aa\",\"name\":\"Kuzeyin Sesi\",\"image\":{\"@type\":\"ImageObject\",\"inLanguage\":\"tr\",\"@id\":\"https:\\\/\\\/secure.gravatar.com\\\/avatar\\\/bab33852abfd8b282518d6ed81826833d77c3c882d9ab608add591ccace47a44?s=96&d=mm&r=g\",\"url\":\"https:\\\/\\\/secure.gravatar.com\\\/avatar\\\/bab33852abfd8b282518d6ed81826833d77c3c882d9ab608add591ccace47a44?s=96&d=mm&r=g\",\"contentUrl\":\"https:\\\/\\\/secure.gravatar.com\\\/avatar\\\/bab33852abfd8b282518d6ed81826833d77c3c882d9ab608add591ccace47a44?s=96&d=mm&r=g\",\"caption\":\"Kuzeyin Sesi\"},\"sameAs\":[\"https:\\\/\\\/kuzeyinsesi.org\"],\"url\":\"https:\\\/\\\/kuzeyinsesi.org\\\/index.php\\\/author\\\/guven\\\/\"}]}<\/script>\n<!-- \/ Yoast SEO plugin. -->","yoast_head_json":{"title":"Erdo\u011fan: \u201cSuriye devriminin lideri \u015eara ile yak\u0131n diyalog halindeyiz\u201d - Kuzeyin Sesi","robots":{"index":"index","follow":"follow","max-snippet":"max-snippet:-1","max-image-preview":"max-image-preview:large","max-video-preview":"max-video-preview:-1"},"canonical":"https:\/\/kuzeyinsesi.org\/index.php\/2024\/12\/24\/erdogan-suriye-devriminin-lideri-sara-ile-yakin-diyalog-halindeyiz\/","og_locale":"tr_TR","og_type":"article","og_title":"Erdo\u011fan: \u201cSuriye devriminin lideri \u015eara ile yak\u0131n diyalog halindeyiz\u201d - Kuzeyin Sesi","og_description":"T\u00fcrkiye Cumhurba\u015fkan\u0131 Recep Tayyip Erdo\u011fan, \u201cSuriye\u2019nin kom\u015fusu ve karde\u015fi olarak yeni s\u00fcreci en iyi okuyan, en iyi tahlil ve tetkik eden \u00fclke konumunday\u0131z. \u2018Do\u011fru duvar y\u0131k\u0131lmaz\u2019 inanc\u0131yla Suriye krizinin ilk an\u0131ndan itibaren hep tarihin do\u011fru taraf\u0131nda yer ald\u0131k.\u201d dedi. Erdo\u011fan, d\u00fcn , Cumhurba\u015fkanl\u0131\u011f\u0131 K\u00fclliyesi\u2019ndeki Kabine Toplant\u0131s\u0131\u2019n\u0131n ard\u0131ndan millete seslendi. Avrupa Birli\u011fi (AB) Konseyi Ba\u015fkan\u0131 Ursula [&hellip;]","og_url":"https:\/\/kuzeyinsesi.org\/index.php\/2024\/12\/24\/erdogan-suriye-devriminin-lideri-sara-ile-yakin-diyalog-halindeyiz\/","og_site_name":"Kuzeyin Sesi","article_publisher":"https:\/\/www.facebook.com\/kuzeyinsesii","article_published_time":"2024-12-24T11:46:54+00:00","og_image":[{"url":"https:\/\/brtk.net\/wp-content\/uploads\/2024\/12\/24\/1735033461176thumbs_b_c_b38296e1f08d51e0d54d71ec5ff9878a.jpg?ver=de1967c109fae5a7034a95ebc1990ecd","type":"","width":"","height":""}],"author":"Kuzeyin Sesi","twitter_card":"summary_large_image","twitter_creator":"@kuzeyinsesii","twitter_site":"@kuzeyinsesii","twitter_misc":{"Yazan:":"Kuzeyin Sesi","Tahmini okuma s\u00fcresi":"8 dakika"},"schema":{"@context":"https:\/\/schema.org","@graph":[{"@type":"Article","@id":"https:\/\/kuzeyinsesi.org\/index.php\/2024\/12\/24\/erdogan-suriye-devriminin-lideri-sara-ile-yakin-diyalog-halindeyiz\/#article","isPartOf":{"@id":"https:\/\/kuzeyinsesi.org\/index.php\/2024\/12\/24\/erdogan-suriye-devriminin-lideri-sara-ile-yakin-diyalog-halindeyiz\/"},"author":{"name":"Kuzeyin Sesi","@id":"https:\/\/kuzeyinsesi.org\/#\/schema\/person\/9f859689cdf01485597712386e37f5aa"},"headline":"Erdo\u011fan: \u201cSuriye devriminin lideri \u015eara ile yak\u0131n diyalog halindeyiz\u201d","datePublished":"2024-12-24T11:46:54+00:00","mainEntityOfPage":{"@id":"https:\/\/kuzeyinsesi.org\/index.php\/2024\/12\/24\/erdogan-suriye-devriminin-lideri-sara-ile-yakin-diyalog-halindeyiz\/"},"wordCount":1632,"commentCount":0,"image":{"@id":"https:\/\/kuzeyinsesi.org\/index.php\/2024\/12\/24\/erdogan-suriye-devriminin-lideri-sara-ile-yakin-diyalog-halindeyiz\/#primaryimage"},"thumbnailUrl":"https:\/\/kuzeyinsesi.org\/wp-content\/uploads\/2024\/12\/1735033461176thumbs_b_c_b38296e1f08d51e0d54d71ec5ff9878a.jpg","articleSection":["T\u00fcrkiye"],"inLanguage":"tr","potentialAction":[{"@type":"CommentAction","name":"Comment","target":["https:\/\/kuzeyinsesi.org\/index.php\/2024\/12\/24\/erdogan-suriye-devriminin-lideri-sara-ile-yakin-diyalog-halindeyiz\/#respond"]}]},{"@type":"WebPage","@id":"https:\/\/kuzeyinsesi.org\/index.php\/2024\/12\/24\/erdogan-suriye-devriminin-lideri-sara-ile-yakin-diyalog-halindeyiz\/","url":"https:\/\/kuzeyinsesi.org\/index.php\/2024\/12\/24\/erdogan-suriye-devriminin-lideri-sara-ile-yakin-diyalog-halindeyiz\/","name":"Erdo\u011fan: \u201cSuriye devriminin lideri \u015eara ile yak\u0131n diyalog halindeyiz\u201d - Kuzeyin Sesi","isPartOf":{"@id":"https:\/\/kuzeyinsesi.org\/#website"},"primaryImageOfPage":{"@id":"https:\/\/kuzeyinsesi.org\/index.php\/2024\/12\/24\/erdogan-suriye-devriminin-lideri-sara-ile-yakin-diyalog-halindeyiz\/#primaryimage"},"image":{"@id":"https:\/\/kuzeyinsesi.org\/index.php\/2024\/12\/24\/erdogan-suriye-devriminin-lideri-sara-ile-yakin-diyalog-halindeyiz\/#primaryimage"},"thumbnailUrl":"https:\/\/kuzeyinsesi.org\/wp-content\/uploads\/2024\/12\/1735033461176thumbs_b_c_b38296e1f08d51e0d54d71ec5ff9878a.jpg","datePublished":"2024-12-24T11:46:54+00:00","author":{"@id":"https:\/\/kuzeyinsesi.org\/#\/schema\/person\/9f859689cdf01485597712386e37f5aa"},"breadcrumb":{"@id":"https:\/\/kuzeyinsesi.org\/index.php\/2024\/12\/24\/erdogan-suriye-devriminin-lideri-sara-ile-yakin-diyalog-halindeyiz\/#breadcrumb"},"inLanguage":"tr","potentialAction":[{"@type":"ReadAction","target":["https:\/\/kuzeyinsesi.org\/index.php\/2024\/12\/24\/erdogan-suriye-devriminin-lideri-sara-ile-yakin-diyalog-halindeyiz\/"]}]},{"@type":"ImageObject","inLanguage":"tr","@id":"https:\/\/kuzeyinsesi.org\/index.php\/2024\/12\/24\/erdogan-suriye-devriminin-lideri-sara-ile-yakin-diyalog-halindeyiz\/#primaryimage","url":"https:\/\/kuzeyinsesi.org\/wp-content\/uploads\/2024\/12\/1735033461176thumbs_b_c_b38296e1f08d51e0d54d71ec5ff9878a.jpg","contentUrl":"https:\/\/kuzeyinsesi.org\/wp-content\/uploads\/2024\/12\/1735033461176thumbs_b_c_b38296e1f08d51e0d54d71ec5ff9878a.jpg","width":864,"height":486},{"@type":"BreadcrumbList","@id":"https:\/\/kuzeyinsesi.org\/index.php\/2024\/12\/24\/erdogan-suriye-devriminin-lideri-sara-ile-yakin-diyalog-halindeyiz\/#breadcrumb","itemListElement":[{"@type":"ListItem","position":1,"name":"Anasayfa","item":"https:\/\/kuzeyinsesi.org\/"},{"@type":"ListItem","position":2,"name":"Erdo\u011fan: \u201cSuriye devriminin lideri \u015eara ile yak\u0131n diyalog halindeyiz\u201d"}]},{"@type":"WebSite","@id":"https:\/\/kuzeyinsesi.org\/#website","url":"https:\/\/kuzeyinsesi.org\/","name":"Kuzeyin Sesi","description":"Do\u011fru Haberin Adresi","potentialAction":[{"@type":"SearchAction","target":{"@type":"EntryPoint","urlTemplate":"https:\/\/kuzeyinsesi.org\/?s={search_term_string}"},"query-input":{"@type":"PropertyValueSpecification","valueRequired":true,"valueName":"search_term_string"}}],"inLanguage":"tr"},{"@type":"Person","@id":"https:\/\/kuzeyinsesi.org\/#\/schema\/person\/9f859689cdf01485597712386e37f5aa","name":"Kuzeyin Sesi","image":{"@type":"ImageObject","inLanguage":"tr","@id":"https:\/\/secure.gravatar.com\/avatar\/bab33852abfd8b282518d6ed81826833d77c3c882d9ab608add591ccace47a44?s=96&d=mm&r=g","url":"https:\/\/secure.gravatar.com\/avatar\/bab33852abfd8b282518d6ed81826833d77c3c882d9ab608add591ccace47a44?s=96&d=mm&r=g","contentUrl":"https:\/\/secure.gravatar.com\/avatar\/bab33852abfd8b282518d6ed81826833d77c3c882d9ab608add591ccace47a44?s=96&d=mm&r=g","caption":"Kuzeyin Sesi"},"sameAs":["https:\/\/kuzeyinsesi.org"],"url":"https:\/\/kuzeyinsesi.org\/index.php\/author\/guven\/"}]}},"_links":{"self":[{"href":"https:\/\/kuzeyinsesi.org\/index.php\/wp-json\/wp\/v2\/posts\/16236","targetHints":{"allow":["GET"]}}],"collection":[{"href":"https:\/\/kuzeyinsesi.org\/index.php\/wp-json\/wp\/v2\/posts"}],"about":[{"href":"https:\/\/kuzeyinsesi.org\/index.php\/wp-json\/wp\/v2\/types\/post"}],"author":[{"embeddable":true,"href":"https:\/\/kuzeyinsesi.org\/index.php\/wp-json\/wp\/v2\/users\/1"}],"replies":[{"embeddable":true,"href":"https:\/\/kuzeyinsesi.org\/index.php\/wp-json\/wp\/v2\/comments?post=16236"}],"version-history":[{"count":0,"href":"https:\/\/kuzeyinsesi.org\/index.php\/wp-json\/wp\/v2\/posts\/16236\/revisions"}],"wp:featuredmedia":[{"embeddable":true,"href":"https:\/\/kuzeyinsesi.org\/index.php\/wp-json\/wp\/v2\/media\/16237"}],"wp:attachment":[{"href":"https:\/\/kuzeyinsesi.org\/index.php\/wp-json\/wp\/v2\/media?parent=16236"}],"wp:term":[{"taxonomy":"category","embeddable":true,"href":"https:\/\/kuzeyinsesi.org\/index.php\/wp-json\/wp\/v2\/categories?post=16236"},{"taxonomy":"post_tag","embeddable":true,"href":"https:\/\/kuzeyinsesi.org\/index.php\/wp-json\/wp\/v2\/tags?post=16236"}],"curies":[{"name":"wp","href":"https:\/\/api.w.org\/{rel}","templated":true}]}}