{"id":16192,"date":"2024-12-24T09:25:33","date_gmt":"2024-12-24T07:25:33","guid":{"rendered":"https:\/\/kuzeyinsesi.org\/index.php\/2024\/12\/24\/balikesirde-patlayici-madde-uretilen-fabrikada-patlama\/"},"modified":"2024-12-24T09:25:33","modified_gmt":"2024-12-24T07:25:33","slug":"balikesirde-patlayici-madde-uretilen-fabrikada-patlama","status":"publish","type":"post","link":"https:\/\/kuzeyinsesi.org\/index.php\/2024\/12\/24\/balikesirde-patlayici-madde-uretilen-fabrikada-patlama\/","title":{"rendered":"Bal\u0131kesir\u2019de patlay\u0131c\u0131 madde \u00fcretilen fabrikada patlama"},"content":{"rendered":"<div>\n<div class=\"mariselle-image-container center\">\n                                            <\/div>\n<p>\nBal\u0131kesir\u2019in Karesi il\u00e7esinde patlay\u0131c\u0131 \u00fcretilen fabrikada patlama meydana geldi. Patlamada 13 ki\u015fi hayat\u0131n\u0131 kaybetti, 3 ki\u015fi yaraland\u0131.<\/p>\n<p>\u0130l\u00e7eye ba\u011fl\u0131 k\u0131rsal Kavakl\u0131 Mahallesi\u2019nde faaliyet g\u00f6steren m\u00fchimmat fabrikas\u0131n\u0131n kaps\u00fcl \u00fcretimi yap\u0131lan b\u00f6l\u00fcm\u00fcnde hen\u00fcz bilinmeyen nedenle patlama meydana geldi.<\/p>\n<p>Olay\u0131n ard\u0131ndan b\u00f6lgeye \u00e7ok say\u0131da 112 Acil Sa\u011fl\u0131k ve itfaiye ekibi sevk edildi.<\/p>\n<p>Bal\u0131kesir Valisi \u0130smail Ustao\u011flu, yapt\u0131\u011f\u0131 a\u00e7\u0131klamada, patlama sonras\u0131 ekiplerin hemen b\u00f6lgeye y\u00f6nlendirildi\u011fini bildirdi.<\/p>\n<p><strong>\u201cSo\u011futma \u00e7al\u0131\u015fmalar\u0131 devam ediyor\u201d<\/strong><br \/>Patlaman\u0131n, ZSR Patlay\u0131c\u0131 \u00dcretim Tesisi\u2019nde saat 08.25\u2019te(TS\u0130) meydana geldi\u011fini belirten Ustao\u011flu,  \u201c\u015eu an t\u00fcm ekiplerimizle olay yerindeyiz. So\u011futma \u00e7al\u0131\u015fmalar\u0131 devam ediyor. Milletimize ge\u00e7mi\u015f olsun. Vefat eden vatanda\u015flar\u0131m\u0131za Allah\u2019tan rahmet diliyorum.\u201d<\/p>\n<p><strong>\u201c\u00c7ok fazla geni\u015f alana sirayet etme durumu yok\u201d<\/strong><br \/>Vali Ustao\u011flu, \u00e7\u00f6kmenin sadece tesisin kaps\u00fcl \u00fcretimi yap\u0131lan binas\u0131nda oldu\u011fu bilgisini verdi.<\/p>\n<p>Di\u011fer binalarda cam k\u0131r\u0131\u011f\u0131 \u015feklinde hasarlar olu\u015ftu\u011funu dile getiren Ustao\u011flu, \u201c\u00c7ok fazla geni\u015f alana sirayet etme durumu yok. Sadece bina \u00e7\u00f6km\u00fc\u015f durumda.\u201d dedi.<\/p>\n<p><strong>Soru\u015fturma ba\u015flat\u0131ld\u0131<\/strong><br \/>TC Adalet Bakan\u0131 Y\u0131lmaz Tun\u00e7, patlamayla ilgili Bal\u0131kesir Cumhuriyet Ba\u015fsavc\u0131l\u0131\u011f\u0131 taraf\u0131ndan soru\u015fturma ba\u015flat\u0131ld\u0131\u011f\u0131n\u0131, 1 ba\u015fsavc\u0131 vekili koordinesinde 4 Cumhuriyet savc\u0131s\u0131 g\u00f6revlendirildi\u011fini, soru\u015fturman\u0131n \u00e7ok y\u00f6nl\u00fc ve titizlikle s\u00fcrd\u00fcr\u00fcld\u00fc\u011f\u00fcn\u00fc belirtti.<\/p>\n<p><strong>DMM: As\u0131ls\u0131z iddialara itibar etmeyiniz<\/strong><br \/>TC Cumhurba\u015fkanl\u0131\u011f\u0131 \u0130leti\u015fim Ba\u015fkanl\u0131\u011f\u0131 Dezenformasyonla M\u00fccadele Merkezi\u2019nden yap\u0131lan a\u00e7\u0131klamada, \u201cResmi kaynaklardan yap\u0131lacak a\u00e7\u0131klamalar\u0131 dikkate al\u0131n\u0131z. As\u0131ls\u0131z iddialara itibar etmeyiniz.\u201d denildi.<\/p>\n<\/p><\/div>\n<p><script async\n                    defer\n                    crossorigin=\"anonymous\"\n                    src=\"https:\/\/connect.facebook.net\/tr_TR\/sdk.js#xfbml=1&#038;version=v3.3\"\n            ><\/script><\/p>\n","protected":false},"excerpt":{"rendered":"<p>Bal\u0131kesir\u2019in Karesi il\u00e7esinde patlay\u0131c\u0131 \u00fcretilen fabrikada patlama meydana geldi. Patlamada 13 ki\u015fi hayat\u0131n\u0131 kaybetti, 3 ki\u015fi yaraland\u0131. \u0130l\u00e7eye ba\u011fl\u0131 k\u0131rsal Kavakl\u0131 Mahallesi\u2019nde faaliyet g\u00f6steren m\u00fchimmat fabrikas\u0131n\u0131n kaps\u00fcl \u00fcretimi yap\u0131lan b\u00f6l\u00fcm\u00fcnde hen\u00fcz bilinmeyen nedenle patlama meydana geldi. Olay\u0131n ard\u0131ndan b\u00f6lgeye \u00e7ok say\u0131da 112 Acil Sa\u011fl\u0131k ve itfaiye ekibi sevk edildi. Bal\u0131kesir Valisi \u0130smail Ustao\u011flu, yapt\u0131\u011f\u0131 a\u00e7\u0131klamada, [&hellip;]<\/p>\n","protected":false},"author":1,"featured_media":16193,"comment_status":"open","ping_status":"open","sticky":false,"template":"","format":"standard","meta":{"jnews-multi-image_gallery":[],"jnews_single_post":[],"jnews_primary_category":[],"jnews_social_meta":[],"jnews_override_counter":[],"footnotes":""},"categories":[5],"tags":[],"class_list":["post-16192","post","type-post","status-publish","format-standard","has-post-thumbnail","hentry","category-turkiye"],"yoast_head":"<!-- This site is optimized with the Yoast SEO plugin v27.4 - https:\/\/yoast.com\/product\/yoast-seo-wordpress\/ -->\n<title>Bal\u0131kesir\u2019de patlay\u0131c\u0131 madde \u00fcretilen fabrikada patlama - Kuzeyin Sesi<\/title>\n<meta name=\"robots\" content=\"index, follow, max-snippet:-1, max-image-preview:large, max-video-preview:-1\" \/>\n<link rel=\"canonical\" href=\"https:\/\/kuzeyinsesi.org\/index.php\/2024\/12\/24\/balikesirde-patlayici-madde-uretilen-fabrikada-patlama\/\" \/>\n<meta property=\"og:locale\" content=\"tr_TR\" \/>\n<meta property=\"og:type\" content=\"article\" \/>\n<meta property=\"og:title\" content=\"Bal\u0131kesir\u2019de patlay\u0131c\u0131 madde \u00fcretilen fabrikada patlama - Kuzeyin Sesi\" \/>\n<meta property=\"og:description\" content=\"Bal\u0131kesir\u2019in Karesi il\u00e7esinde patlay\u0131c\u0131 \u00fcretilen fabrikada patlama meydana geldi. Patlamada 13 ki\u015fi hayat\u0131n\u0131 kaybetti, 3 ki\u015fi yaraland\u0131. \u0130l\u00e7eye ba\u011fl\u0131 k\u0131rsal Kavakl\u0131 Mahallesi\u2019nde faaliyet g\u00f6steren m\u00fchimmat fabrikas\u0131n\u0131n kaps\u00fcl \u00fcretimi yap\u0131lan b\u00f6l\u00fcm\u00fcnde hen\u00fcz bilinmeyen nedenle patlama meydana geldi. Olay\u0131n ard\u0131ndan b\u00f6lgeye \u00e7ok say\u0131da 112 Acil Sa\u011fl\u0131k ve itfaiye ekibi sevk edildi. Bal\u0131kesir Valisi \u0130smail Ustao\u011flu, yapt\u0131\u011f\u0131 a\u00e7\u0131klamada, [&hellip;]\" \/>\n<meta property=\"og:url\" content=\"https:\/\/kuzeyinsesi.org\/index.php\/2024\/12\/24\/balikesirde-patlayici-madde-uretilen-fabrikada-patlama\/\" \/>\n<meta property=\"og:site_name\" content=\"Kuzeyin Sesi\" \/>\n<meta property=\"article:publisher\" content=\"https:\/\/www.facebook.com\/kuzeyinsesii\" \/>\n<meta property=\"article:published_time\" content=\"2024-12-24T07:25:33+00:00\" \/>\n<meta property=\"og:image\" content=\"https:\/\/brtk.net\/wp-content\/uploads\/2024\/12\/24\/asjlakjda.jpg?ver=2dfe931a0a90374e23a4677cc16feaaa\" \/>\n<meta name=\"author\" content=\"Kuzeyin Sesi\" \/>\n<meta name=\"twitter:card\" content=\"summary_large_image\" \/>\n<meta name=\"twitter:creator\" content=\"@kuzeyinsesii\" \/>\n<meta name=\"twitter:site\" content=\"@kuzeyinsesii\" \/>\n<meta name=\"twitter:label1\" content=\"Yazan:\" \/>\n\t<meta name=\"twitter:data1\" content=\"Kuzeyin Sesi\" \/>\n\t<meta name=\"twitter:label2\" content=\"Tahmini okuma s\u00fcresi\" \/>\n\t<meta name=\"twitter:data2\" content=\"1 dakika\" \/>\n<script type=\"application\/ld+json\" class=\"yoast-schema-graph\">{\"@context\":\"https:\\\/\\\/schema.org\",\"@graph\":[{\"@type\":\"Article\",\"@id\":\"https:\\\/\\\/kuzeyinsesi.org\\\/index.php\\\/2024\\\/12\\\/24\\\/balikesirde-patlayici-madde-uretilen-fabrikada-patlama\\\/#article\",\"isPartOf\":{\"@id\":\"https:\\\/\\\/kuzeyinsesi.org\\\/index.php\\\/2024\\\/12\\\/24\\\/balikesirde-patlayici-madde-uretilen-fabrikada-patlama\\\/\"},\"author\":{\"name\":\"Kuzeyin Sesi\",\"@id\":\"https:\\\/\\\/kuzeyinsesi.org\\\/#\\\/schema\\\/person\\\/9f859689cdf01485597712386e37f5aa\"},\"headline\":\"Bal\u0131kesir\u2019de patlay\u0131c\u0131 madde \u00fcretilen fabrikada patlama\",\"datePublished\":\"2024-12-24T07:25:33+00:00\",\"mainEntityOfPage\":{\"@id\":\"https:\\\/\\\/kuzeyinsesi.org\\\/index.php\\\/2024\\\/12\\\/24\\\/balikesirde-patlayici-madde-uretilen-fabrikada-patlama\\\/\"},\"wordCount\":295,\"commentCount\":0,\"image\":{\"@id\":\"https:\\\/\\\/kuzeyinsesi.org\\\/index.php\\\/2024\\\/12\\\/24\\\/balikesirde-patlayici-madde-uretilen-fabrikada-patlama\\\/#primaryimage\"},\"thumbnailUrl\":\"https:\\\/\\\/kuzeyinsesi.org\\\/wp-content\\\/uploads\\\/2024\\\/12\\\/asjlakjda.jpg\",\"articleSection\":[\"T\u00fcrkiye\"],\"inLanguage\":\"tr\",\"potentialAction\":[{\"@type\":\"CommentAction\",\"name\":\"Comment\",\"target\":[\"https:\\\/\\\/kuzeyinsesi.org\\\/index.php\\\/2024\\\/12\\\/24\\\/balikesirde-patlayici-madde-uretilen-fabrikada-patlama\\\/#respond\"]}]},{\"@type\":\"WebPage\",\"@id\":\"https:\\\/\\\/kuzeyinsesi.org\\\/index.php\\\/2024\\\/12\\\/24\\\/balikesirde-patlayici-madde-uretilen-fabrikada-patlama\\\/\",\"url\":\"https:\\\/\\\/kuzeyinsesi.org\\\/index.php\\\/2024\\\/12\\\/24\\\/balikesirde-patlayici-madde-uretilen-fabrikada-patlama\\\/\",\"name\":\"Bal\u0131kesir\u2019de patlay\u0131c\u0131 madde \u00fcretilen fabrikada patlama - Kuzeyin Sesi\",\"isPartOf\":{\"@id\":\"https:\\\/\\\/kuzeyinsesi.org\\\/#website\"},\"primaryImageOfPage\":{\"@id\":\"https:\\\/\\\/kuzeyinsesi.org\\\/index.php\\\/2024\\\/12\\\/24\\\/balikesirde-patlayici-madde-uretilen-fabrikada-patlama\\\/#primaryimage\"},\"image\":{\"@id\":\"https:\\\/\\\/kuzeyinsesi.org\\\/index.php\\\/2024\\\/12\\\/24\\\/balikesirde-patlayici-madde-uretilen-fabrikada-patlama\\\/#primaryimage\"},\"thumbnailUrl\":\"https:\\\/\\\/kuzeyinsesi.org\\\/wp-content\\\/uploads\\\/2024\\\/12\\\/asjlakjda.jpg\",\"datePublished\":\"2024-12-24T07:25:33+00:00\",\"author\":{\"@id\":\"https:\\\/\\\/kuzeyinsesi.org\\\/#\\\/schema\\\/person\\\/9f859689cdf01485597712386e37f5aa\"},\"breadcrumb\":{\"@id\":\"https:\\\/\\\/kuzeyinsesi.org\\\/index.php\\\/2024\\\/12\\\/24\\\/balikesirde-patlayici-madde-uretilen-fabrikada-patlama\\\/#breadcrumb\"},\"inLanguage\":\"tr\",\"potentialAction\":[{\"@type\":\"ReadAction\",\"target\":[\"https:\\\/\\\/kuzeyinsesi.org\\\/index.php\\\/2024\\\/12\\\/24\\\/balikesirde-patlayici-madde-uretilen-fabrikada-patlama\\\/\"]}]},{\"@type\":\"ImageObject\",\"inLanguage\":\"tr\",\"@id\":\"https:\\\/\\\/kuzeyinsesi.org\\\/index.php\\\/2024\\\/12\\\/24\\\/balikesirde-patlayici-madde-uretilen-fabrikada-patlama\\\/#primaryimage\",\"url\":\"https:\\\/\\\/kuzeyinsesi.org\\\/wp-content\\\/uploads\\\/2024\\\/12\\\/asjlakjda.jpg\",\"contentUrl\":\"https:\\\/\\\/kuzeyinsesi.org\\\/wp-content\\\/uploads\\\/2024\\\/12\\\/asjlakjda.jpg\",\"width\":800,\"height\":450},{\"@type\":\"BreadcrumbList\",\"@id\":\"https:\\\/\\\/kuzeyinsesi.org\\\/index.php\\\/2024\\\/12\\\/24\\\/balikesirde-patlayici-madde-uretilen-fabrikada-patlama\\\/#breadcrumb\",\"itemListElement\":[{\"@type\":\"ListItem\",\"position\":1,\"name\":\"Anasayfa\",\"item\":\"https:\\\/\\\/kuzeyinsesi.org\\\/\"},{\"@type\":\"ListItem\",\"position\":2,\"name\":\"Bal\u0131kesir\u2019de patlay\u0131c\u0131 madde \u00fcretilen fabrikada patlama\"}]},{\"@type\":\"WebSite\",\"@id\":\"https:\\\/\\\/kuzeyinsesi.org\\\/#website\",\"url\":\"https:\\\/\\\/kuzeyinsesi.org\\\/\",\"name\":\"Kuzeyin Sesi\",\"description\":\"Do\u011fru Haberin Adresi\",\"potentialAction\":[{\"@type\":\"SearchAction\",\"target\":{\"@type\":\"EntryPoint\",\"urlTemplate\":\"https:\\\/\\\/kuzeyinsesi.org\\\/?s={search_term_string}\"},\"query-input\":{\"@type\":\"PropertyValueSpecification\",\"valueRequired\":true,\"valueName\":\"search_term_string\"}}],\"inLanguage\":\"tr\"},{\"@type\":\"Person\",\"@id\":\"https:\\\/\\\/kuzeyinsesi.org\\\/#\\\/schema\\\/person\\\/9f859689cdf01485597712386e37f5aa\",\"name\":\"Kuzeyin Sesi\",\"image\":{\"@type\":\"ImageObject\",\"inLanguage\":\"tr\",\"@id\":\"https:\\\/\\\/secure.gravatar.com\\\/avatar\\\/bab33852abfd8b282518d6ed81826833d77c3c882d9ab608add591ccace47a44?s=96&d=mm&r=g\",\"url\":\"https:\\\/\\\/secure.gravatar.com\\\/avatar\\\/bab33852abfd8b282518d6ed81826833d77c3c882d9ab608add591ccace47a44?s=96&d=mm&r=g\",\"contentUrl\":\"https:\\\/\\\/secure.gravatar.com\\\/avatar\\\/bab33852abfd8b282518d6ed81826833d77c3c882d9ab608add591ccace47a44?s=96&d=mm&r=g\",\"caption\":\"Kuzeyin Sesi\"},\"sameAs\":[\"https:\\\/\\\/kuzeyinsesi.org\"],\"url\":\"https:\\\/\\\/kuzeyinsesi.org\\\/index.php\\\/author\\\/guven\\\/\"}]}<\/script>\n<!-- \/ Yoast SEO plugin. -->","yoast_head_json":{"title":"Bal\u0131kesir\u2019de patlay\u0131c\u0131 madde \u00fcretilen fabrikada patlama - Kuzeyin Sesi","robots":{"index":"index","follow":"follow","max-snippet":"max-snippet:-1","max-image-preview":"max-image-preview:large","max-video-preview":"max-video-preview:-1"},"canonical":"https:\/\/kuzeyinsesi.org\/index.php\/2024\/12\/24\/balikesirde-patlayici-madde-uretilen-fabrikada-patlama\/","og_locale":"tr_TR","og_type":"article","og_title":"Bal\u0131kesir\u2019de patlay\u0131c\u0131 madde \u00fcretilen fabrikada patlama - Kuzeyin Sesi","og_description":"Bal\u0131kesir\u2019in Karesi il\u00e7esinde patlay\u0131c\u0131 \u00fcretilen fabrikada patlama meydana geldi. Patlamada 13 ki\u015fi hayat\u0131n\u0131 kaybetti, 3 ki\u015fi yaraland\u0131. \u0130l\u00e7eye ba\u011fl\u0131 k\u0131rsal Kavakl\u0131 Mahallesi\u2019nde faaliyet g\u00f6steren m\u00fchimmat fabrikas\u0131n\u0131n kaps\u00fcl \u00fcretimi yap\u0131lan b\u00f6l\u00fcm\u00fcnde hen\u00fcz bilinmeyen nedenle patlama meydana geldi. Olay\u0131n ard\u0131ndan b\u00f6lgeye \u00e7ok say\u0131da 112 Acil Sa\u011fl\u0131k ve itfaiye ekibi sevk edildi. Bal\u0131kesir Valisi \u0130smail Ustao\u011flu, yapt\u0131\u011f\u0131 a\u00e7\u0131klamada, [&hellip;]","og_url":"https:\/\/kuzeyinsesi.org\/index.php\/2024\/12\/24\/balikesirde-patlayici-madde-uretilen-fabrikada-patlama\/","og_site_name":"Kuzeyin Sesi","article_publisher":"https:\/\/www.facebook.com\/kuzeyinsesii","article_published_time":"2024-12-24T07:25:33+00:00","og_image":[{"url":"https:\/\/brtk.net\/wp-content\/uploads\/2024\/12\/24\/asjlakjda.jpg?ver=2dfe931a0a90374e23a4677cc16feaaa","type":"","width":"","height":""}],"author":"Kuzeyin Sesi","twitter_card":"summary_large_image","twitter_creator":"@kuzeyinsesii","twitter_site":"@kuzeyinsesii","twitter_misc":{"Yazan:":"Kuzeyin Sesi","Tahmini okuma s\u00fcresi":"1 dakika"},"schema":{"@context":"https:\/\/schema.org","@graph":[{"@type":"Article","@id":"https:\/\/kuzeyinsesi.org\/index.php\/2024\/12\/24\/balikesirde-patlayici-madde-uretilen-fabrikada-patlama\/#article","isPartOf":{"@id":"https:\/\/kuzeyinsesi.org\/index.php\/2024\/12\/24\/balikesirde-patlayici-madde-uretilen-fabrikada-patlama\/"},"author":{"name":"Kuzeyin Sesi","@id":"https:\/\/kuzeyinsesi.org\/#\/schema\/person\/9f859689cdf01485597712386e37f5aa"},"headline":"Bal\u0131kesir\u2019de patlay\u0131c\u0131 madde \u00fcretilen fabrikada patlama","datePublished":"2024-12-24T07:25:33+00:00","mainEntityOfPage":{"@id":"https:\/\/kuzeyinsesi.org\/index.php\/2024\/12\/24\/balikesirde-patlayici-madde-uretilen-fabrikada-patlama\/"},"wordCount":295,"commentCount":0,"image":{"@id":"https:\/\/kuzeyinsesi.org\/index.php\/2024\/12\/24\/balikesirde-patlayici-madde-uretilen-fabrikada-patlama\/#primaryimage"},"thumbnailUrl":"https:\/\/kuzeyinsesi.org\/wp-content\/uploads\/2024\/12\/asjlakjda.jpg","articleSection":["T\u00fcrkiye"],"inLanguage":"tr","potentialAction":[{"@type":"CommentAction","name":"Comment","target":["https:\/\/kuzeyinsesi.org\/index.php\/2024\/12\/24\/balikesirde-patlayici-madde-uretilen-fabrikada-patlama\/#respond"]}]},{"@type":"WebPage","@id":"https:\/\/kuzeyinsesi.org\/index.php\/2024\/12\/24\/balikesirde-patlayici-madde-uretilen-fabrikada-patlama\/","url":"https:\/\/kuzeyinsesi.org\/index.php\/2024\/12\/24\/balikesirde-patlayici-madde-uretilen-fabrikada-patlama\/","name":"Bal\u0131kesir\u2019de patlay\u0131c\u0131 madde \u00fcretilen fabrikada patlama - Kuzeyin Sesi","isPartOf":{"@id":"https:\/\/kuzeyinsesi.org\/#website"},"primaryImageOfPage":{"@id":"https:\/\/kuzeyinsesi.org\/index.php\/2024\/12\/24\/balikesirde-patlayici-madde-uretilen-fabrikada-patlama\/#primaryimage"},"image":{"@id":"https:\/\/kuzeyinsesi.org\/index.php\/2024\/12\/24\/balikesirde-patlayici-madde-uretilen-fabrikada-patlama\/#primaryimage"},"thumbnailUrl":"https:\/\/kuzeyinsesi.org\/wp-content\/uploads\/2024\/12\/asjlakjda.jpg","datePublished":"2024-12-24T07:25:33+00:00","author":{"@id":"https:\/\/kuzeyinsesi.org\/#\/schema\/person\/9f859689cdf01485597712386e37f5aa"},"breadcrumb":{"@id":"https:\/\/kuzeyinsesi.org\/index.php\/2024\/12\/24\/balikesirde-patlayici-madde-uretilen-fabrikada-patlama\/#breadcrumb"},"inLanguage":"tr","potentialAction":[{"@type":"ReadAction","target":["https:\/\/kuzeyinsesi.org\/index.php\/2024\/12\/24\/balikesirde-patlayici-madde-uretilen-fabrikada-patlama\/"]}]},{"@type":"ImageObject","inLanguage":"tr","@id":"https:\/\/kuzeyinsesi.org\/index.php\/2024\/12\/24\/balikesirde-patlayici-madde-uretilen-fabrikada-patlama\/#primaryimage","url":"https:\/\/kuzeyinsesi.org\/wp-content\/uploads\/2024\/12\/asjlakjda.jpg","contentUrl":"https:\/\/kuzeyinsesi.org\/wp-content\/uploads\/2024\/12\/asjlakjda.jpg","width":800,"height":450},{"@type":"BreadcrumbList","@id":"https:\/\/kuzeyinsesi.org\/index.php\/2024\/12\/24\/balikesirde-patlayici-madde-uretilen-fabrikada-patlama\/#breadcrumb","itemListElement":[{"@type":"ListItem","position":1,"name":"Anasayfa","item":"https:\/\/kuzeyinsesi.org\/"},{"@type":"ListItem","position":2,"name":"Bal\u0131kesir\u2019de patlay\u0131c\u0131 madde \u00fcretilen fabrikada patlama"}]},{"@type":"WebSite","@id":"https:\/\/kuzeyinsesi.org\/#website","url":"https:\/\/kuzeyinsesi.org\/","name":"Kuzeyin Sesi","description":"Do\u011fru Haberin Adresi","potentialAction":[{"@type":"SearchAction","target":{"@type":"EntryPoint","urlTemplate":"https:\/\/kuzeyinsesi.org\/?s={search_term_string}"},"query-input":{"@type":"PropertyValueSpecification","valueRequired":true,"valueName":"search_term_string"}}],"inLanguage":"tr"},{"@type":"Person","@id":"https:\/\/kuzeyinsesi.org\/#\/schema\/person\/9f859689cdf01485597712386e37f5aa","name":"Kuzeyin Sesi","image":{"@type":"ImageObject","inLanguage":"tr","@id":"https:\/\/secure.gravatar.com\/avatar\/bab33852abfd8b282518d6ed81826833d77c3c882d9ab608add591ccace47a44?s=96&d=mm&r=g","url":"https:\/\/secure.gravatar.com\/avatar\/bab33852abfd8b282518d6ed81826833d77c3c882d9ab608add591ccace47a44?s=96&d=mm&r=g","contentUrl":"https:\/\/secure.gravatar.com\/avatar\/bab33852abfd8b282518d6ed81826833d77c3c882d9ab608add591ccace47a44?s=96&d=mm&r=g","caption":"Kuzeyin Sesi"},"sameAs":["https:\/\/kuzeyinsesi.org"],"url":"https:\/\/kuzeyinsesi.org\/index.php\/author\/guven\/"}]}},"_links":{"self":[{"href":"https:\/\/kuzeyinsesi.org\/index.php\/wp-json\/wp\/v2\/posts\/16192","targetHints":{"allow":["GET"]}}],"collection":[{"href":"https:\/\/kuzeyinsesi.org\/index.php\/wp-json\/wp\/v2\/posts"}],"about":[{"href":"https:\/\/kuzeyinsesi.org\/index.php\/wp-json\/wp\/v2\/types\/post"}],"author":[{"embeddable":true,"href":"https:\/\/kuzeyinsesi.org\/index.php\/wp-json\/wp\/v2\/users\/1"}],"replies":[{"embeddable":true,"href":"https:\/\/kuzeyinsesi.org\/index.php\/wp-json\/wp\/v2\/comments?post=16192"}],"version-history":[{"count":0,"href":"https:\/\/kuzeyinsesi.org\/index.php\/wp-json\/wp\/v2\/posts\/16192\/revisions"}],"wp:featuredmedia":[{"embeddable":true,"href":"https:\/\/kuzeyinsesi.org\/index.php\/wp-json\/wp\/v2\/media\/16193"}],"wp:attachment":[{"href":"https:\/\/kuzeyinsesi.org\/index.php\/wp-json\/wp\/v2\/media?parent=16192"}],"wp:term":[{"taxonomy":"category","embeddable":true,"href":"https:\/\/kuzeyinsesi.org\/index.php\/wp-json\/wp\/v2\/categories?post=16192"},{"taxonomy":"post_tag","embeddable":true,"href":"https:\/\/kuzeyinsesi.org\/index.php\/wp-json\/wp\/v2\/tags?post=16192"}],"curies":[{"name":"wp","href":"https:\/\/api.w.org\/{rel}","templated":true}]}}