{"id":16131,"date":"2024-12-22T16:15:08","date_gmt":"2024-12-22T14:15:08","guid":{"rendered":"https:\/\/kuzeyinsesi.org\/index.php\/2024\/12\/22\/girnede-yeni-yil-etkinlikleri\/"},"modified":"2024-12-22T16:15:08","modified_gmt":"2024-12-22T14:15:08","slug":"girnede-yeni-yil-etkinlikleri","status":"publish","type":"post","link":"https:\/\/kuzeyinsesi.org\/index.php\/2024\/12\/22\/girnede-yeni-yil-etkinlikleri\/","title":{"rendered":"Girne\u2019de yeni y\u0131l etkinlikleri"},"content":{"rendered":"<div>\n<div class=\"mariselle-image-container center\">\n                                            <\/div>\n<p>Girne Belediyesi\u2019nin d\u00fcn ba\u015flayan \u2018Yeni Y\u0131l Pazar\u0131\u2019 ve \u20189\u2019uncu Girne \u00c7ar\u015f\u0131 \u015e\u00f6leni\u201d bug\u00fcn de bir\u00e7ok etkinli\u011fe ev sahipli\u011fi yapacak.<\/p>\n<div class=\"mariselle-image-container center\">\n                <img decoding=\"async\" width=\"2048\" height=\"1369\" class=\"lazy-image\" alt=\"\" sizes=\"(max-width: 2048px) 100vw, 2048px\" src=\"https:\/\/brtk.net\/wp-content\/uploads\/2024\/12\/22\/1734864230037GIRNEDE-YENI-YIL.jpg?ver=c94192ecc56ae63a6e24df265ca084dd\" srcset=\"https:\/\/brtk.net\/wp-content\/uploads\/2024\/12\/22\/1734864230037GIRNEDE-YENI-YIL.jpg?ver=c94192ecc56ae63a6e24df265ca084dd 2048w, https:\/\/brtk.net\/wp-content\/uploads\/2024\/12\/22\/1734864230037GIRNEDE-YENI-YIL-300x201.jpg?ver=f14e0855a4d90cb5bb1779cca6e98ac6 300w, https:\/\/brtk.net\/wp-content\/uploads\/2024\/12\/22\/1734864230037GIRNEDE-YENI-YIL-1024x685.jpg?ver=f14e0855a4d90cb5bb1779cca6e98ac6 1024w, https:\/\/brtk.net\/wp-content\/uploads\/2024\/12\/22\/1734864230037GIRNEDE-YENI-YIL-768x513.jpg?ver=d40ff5ef0ddc7f924421afec66427989 768w, https:\/\/brtk.net\/wp-content\/uploads\/2024\/12\/22\/1734864230037GIRNEDE-YENI-YIL-1536x1027.jpg?ver=d40ff5ef0ddc7f924421afec66427989 1536w\"\/>                            <\/div>\n<p>Girne Belediyesi\u2019nden verilen bilgiye g\u00f6re, bug\u00fcn saat 10.00\u2019da stantlar\u0131n a\u00e7\u0131lmas\u0131yla ba\u015flayan ve g\u00fcn boyu s\u00fcrecek etkinlikler bu ak\u015fam saat 18.30\u2019daki Melisa Karanl\u0131k Band konseriyle tamamlanacak.<\/p>\n<p>\u00d6te yandan \u201c9\u2019uncu Girne \u00c7ar\u015f\u0131 \u015e\u00f6leni\u201d program\u0131 kapsam\u0131nda bug\u00fcn 14.30 -16.00 saatleri aras\u0131nda Niyal \u00d6zt\u00fcrk Trio sahne alacak. Canl\u0131 performanslar \u00e7ar\u015f\u0131 merkezindeki d\u00f6rt yolda yap\u0131lacak.<\/p>\n<\/p><\/div>\n<p><script async\n                    defer\n                    crossorigin=\"anonymous\"\n                    src=\"https:\/\/connect.facebook.net\/tr_TR\/sdk.js#xfbml=1&#038;version=v3.3\"\n            ><\/script><\/p>\n","protected":false},"excerpt":{"rendered":"<p>Girne Belediyesi\u2019nin d\u00fcn ba\u015flayan \u2018Yeni Y\u0131l Pazar\u0131\u2019 ve \u20189\u2019uncu Girne \u00c7ar\u015f\u0131 \u015e\u00f6leni\u201d bug\u00fcn de bir\u00e7ok etkinli\u011fe ev sahipli\u011fi yapacak. Girne Belediyesi\u2019nden verilen bilgiye g\u00f6re, bug\u00fcn saat 10.00\u2019da stantlar\u0131n a\u00e7\u0131lmas\u0131yla ba\u015flayan ve g\u00fcn boyu s\u00fcrecek etkinlikler bu ak\u015fam saat 18.30\u2019daki Melisa Karanl\u0131k Band konseriyle tamamlanacak. \u00d6te yandan \u201c9\u2019uncu Girne \u00c7ar\u015f\u0131 \u015e\u00f6leni\u201d program\u0131 kapsam\u0131nda bug\u00fcn 14.30 -16.00 [&hellip;]<\/p>\n","protected":false},"author":1,"featured_media":16132,"comment_status":"open","ping_status":"open","sticky":false,"template":"","format":"standard","meta":{"jnews-multi-image_gallery":[],"jnews_single_post":[],"jnews_primary_category":[],"jnews_social_meta":[],"jnews_override_counter":[],"footnotes":""},"categories":[6],"tags":[],"class_list":["post-16131","post","type-post","status-publish","format-standard","has-post-thumbnail","hentry","category-yasam"],"yoast_head":"<!-- This site is optimized with the Yoast SEO plugin v27.4 - https:\/\/yoast.com\/product\/yoast-seo-wordpress\/ -->\n<title>Girne\u2019de yeni y\u0131l etkinlikleri - Kuzeyin Sesi<\/title>\n<meta name=\"robots\" content=\"index, follow, max-snippet:-1, max-image-preview:large, max-video-preview:-1\" \/>\n<link rel=\"canonical\" href=\"https:\/\/kuzeyinsesi.org\/index.php\/2024\/12\/22\/girnede-yeni-yil-etkinlikleri\/\" \/>\n<meta property=\"og:locale\" content=\"tr_TR\" \/>\n<meta property=\"og:type\" content=\"article\" \/>\n<meta property=\"og:title\" content=\"Girne\u2019de yeni y\u0131l etkinlikleri - Kuzeyin Sesi\" \/>\n<meta property=\"og:description\" content=\"Girne Belediyesi\u2019nin d\u00fcn ba\u015flayan \u2018Yeni Y\u0131l Pazar\u0131\u2019 ve \u20189\u2019uncu Girne \u00c7ar\u015f\u0131 \u015e\u00f6leni\u201d bug\u00fcn de bir\u00e7ok etkinli\u011fe ev sahipli\u011fi yapacak. Girne Belediyesi\u2019nden verilen bilgiye g\u00f6re, bug\u00fcn saat 10.00\u2019da stantlar\u0131n a\u00e7\u0131lmas\u0131yla ba\u015flayan ve g\u00fcn boyu s\u00fcrecek etkinlikler bu ak\u015fam saat 18.30\u2019daki Melisa Karanl\u0131k Band konseriyle tamamlanacak. \u00d6te yandan \u201c9\u2019uncu Girne \u00c7ar\u015f\u0131 \u015e\u00f6leni\u201d program\u0131 kapsam\u0131nda bug\u00fcn 14.30 -16.00 [&hellip;]\" \/>\n<meta property=\"og:url\" content=\"https:\/\/kuzeyinsesi.org\/index.php\/2024\/12\/22\/girnede-yeni-yil-etkinlikleri\/\" \/>\n<meta property=\"og:site_name\" content=\"Kuzeyin Sesi\" \/>\n<meta property=\"article:publisher\" content=\"https:\/\/www.facebook.com\/kuzeyinsesii\" \/>\n<meta property=\"article:published_time\" content=\"2024-12-22T14:15:08+00:00\" \/>\n<meta property=\"og:image\" content=\"https:\/\/brtk.net\/wp-content\/uploads\/2024\/12\/22\/1734864230038GIRNE-YENI-YIL.jpg?ver=ab7e142f6638d76aaf6267d562ff3a22\" \/>\n<meta name=\"author\" content=\"Kuzeyin Sesi\" \/>\n<meta name=\"twitter:card\" content=\"summary_large_image\" \/>\n<meta name=\"twitter:creator\" content=\"@kuzeyinsesii\" \/>\n<meta name=\"twitter:site\" content=\"@kuzeyinsesii\" \/>\n<meta name=\"twitter:label1\" content=\"Yazan:\" \/>\n\t<meta name=\"twitter:data1\" content=\"Kuzeyin Sesi\" \/>\n<script type=\"application\/ld+json\" class=\"yoast-schema-graph\">{\"@context\":\"https:\\\/\\\/schema.org\",\"@graph\":[{\"@type\":\"Article\",\"@id\":\"https:\\\/\\\/kuzeyinsesi.org\\\/index.php\\\/2024\\\/12\\\/22\\\/girnede-yeni-yil-etkinlikleri\\\/#article\",\"isPartOf\":{\"@id\":\"https:\\\/\\\/kuzeyinsesi.org\\\/index.php\\\/2024\\\/12\\\/22\\\/girnede-yeni-yil-etkinlikleri\\\/\"},\"author\":{\"name\":\"Kuzeyin Sesi\",\"@id\":\"https:\\\/\\\/kuzeyinsesi.org\\\/#\\\/schema\\\/person\\\/9f859689cdf01485597712386e37f5aa\"},\"headline\":\"Girne\u2019de yeni y\u0131l etkinlikleri\",\"datePublished\":\"2024-12-22T14:15:08+00:00\",\"mainEntityOfPage\":{\"@id\":\"https:\\\/\\\/kuzeyinsesi.org\\\/index.php\\\/2024\\\/12\\\/22\\\/girnede-yeni-yil-etkinlikleri\\\/\"},\"wordCount\":99,\"commentCount\":0,\"image\":{\"@id\":\"https:\\\/\\\/kuzeyinsesi.org\\\/index.php\\\/2024\\\/12\\\/22\\\/girnede-yeni-yil-etkinlikleri\\\/#primaryimage\"},\"thumbnailUrl\":\"https:\\\/\\\/kuzeyinsesi.org\\\/wp-content\\\/uploads\\\/2024\\\/12\\\/1734864230038GIRNE-YENI-YIL.jpg\",\"articleSection\":[\"Ya\u015fam\"],\"inLanguage\":\"tr\",\"potentialAction\":[{\"@type\":\"CommentAction\",\"name\":\"Comment\",\"target\":[\"https:\\\/\\\/kuzeyinsesi.org\\\/index.php\\\/2024\\\/12\\\/22\\\/girnede-yeni-yil-etkinlikleri\\\/#respond\"]}]},{\"@type\":\"WebPage\",\"@id\":\"https:\\\/\\\/kuzeyinsesi.org\\\/index.php\\\/2024\\\/12\\\/22\\\/girnede-yeni-yil-etkinlikleri\\\/\",\"url\":\"https:\\\/\\\/kuzeyinsesi.org\\\/index.php\\\/2024\\\/12\\\/22\\\/girnede-yeni-yil-etkinlikleri\\\/\",\"name\":\"Girne\u2019de yeni y\u0131l etkinlikleri - Kuzeyin Sesi\",\"isPartOf\":{\"@id\":\"https:\\\/\\\/kuzeyinsesi.org\\\/#website\"},\"primaryImageOfPage\":{\"@id\":\"https:\\\/\\\/kuzeyinsesi.org\\\/index.php\\\/2024\\\/12\\\/22\\\/girnede-yeni-yil-etkinlikleri\\\/#primaryimage\"},\"image\":{\"@id\":\"https:\\\/\\\/kuzeyinsesi.org\\\/index.php\\\/2024\\\/12\\\/22\\\/girnede-yeni-yil-etkinlikleri\\\/#primaryimage\"},\"thumbnailUrl\":\"https:\\\/\\\/kuzeyinsesi.org\\\/wp-content\\\/uploads\\\/2024\\\/12\\\/1734864230038GIRNE-YENI-YIL.jpg\",\"datePublished\":\"2024-12-22T14:15:08+00:00\",\"author\":{\"@id\":\"https:\\\/\\\/kuzeyinsesi.org\\\/#\\\/schema\\\/person\\\/9f859689cdf01485597712386e37f5aa\"},\"breadcrumb\":{\"@id\":\"https:\\\/\\\/kuzeyinsesi.org\\\/index.php\\\/2024\\\/12\\\/22\\\/girnede-yeni-yil-etkinlikleri\\\/#breadcrumb\"},\"inLanguage\":\"tr\",\"potentialAction\":[{\"@type\":\"ReadAction\",\"target\":[\"https:\\\/\\\/kuzeyinsesi.org\\\/index.php\\\/2024\\\/12\\\/22\\\/girnede-yeni-yil-etkinlikleri\\\/\"]}]},{\"@type\":\"ImageObject\",\"inLanguage\":\"tr\",\"@id\":\"https:\\\/\\\/kuzeyinsesi.org\\\/index.php\\\/2024\\\/12\\\/22\\\/girnede-yeni-yil-etkinlikleri\\\/#primaryimage\",\"url\":\"https:\\\/\\\/kuzeyinsesi.org\\\/wp-content\\\/uploads\\\/2024\\\/12\\\/1734864230038GIRNE-YENI-YIL.jpg\",\"contentUrl\":\"https:\\\/\\\/kuzeyinsesi.org\\\/wp-content\\\/uploads\\\/2024\\\/12\\\/1734864230038GIRNE-YENI-YIL.jpg\",\"width\":2048,\"height\":1369},{\"@type\":\"BreadcrumbList\",\"@id\":\"https:\\\/\\\/kuzeyinsesi.org\\\/index.php\\\/2024\\\/12\\\/22\\\/girnede-yeni-yil-etkinlikleri\\\/#breadcrumb\",\"itemListElement\":[{\"@type\":\"ListItem\",\"position\":1,\"name\":\"Anasayfa\",\"item\":\"https:\\\/\\\/kuzeyinsesi.org\\\/\"},{\"@type\":\"ListItem\",\"position\":2,\"name\":\"Girne\u2019de yeni y\u0131l etkinlikleri\"}]},{\"@type\":\"WebSite\",\"@id\":\"https:\\\/\\\/kuzeyinsesi.org\\\/#website\",\"url\":\"https:\\\/\\\/kuzeyinsesi.org\\\/\",\"name\":\"Kuzeyin Sesi\",\"description\":\"Do\u011fru Haberin Adresi\",\"potentialAction\":[{\"@type\":\"SearchAction\",\"target\":{\"@type\":\"EntryPoint\",\"urlTemplate\":\"https:\\\/\\\/kuzeyinsesi.org\\\/?s={search_term_string}\"},\"query-input\":{\"@type\":\"PropertyValueSpecification\",\"valueRequired\":true,\"valueName\":\"search_term_string\"}}],\"inLanguage\":\"tr\"},{\"@type\":\"Person\",\"@id\":\"https:\\\/\\\/kuzeyinsesi.org\\\/#\\\/schema\\\/person\\\/9f859689cdf01485597712386e37f5aa\",\"name\":\"Kuzeyin Sesi\",\"image\":{\"@type\":\"ImageObject\",\"inLanguage\":\"tr\",\"@id\":\"https:\\\/\\\/secure.gravatar.com\\\/avatar\\\/bab33852abfd8b282518d6ed81826833d77c3c882d9ab608add591ccace47a44?s=96&d=mm&r=g\",\"url\":\"https:\\\/\\\/secure.gravatar.com\\\/avatar\\\/bab33852abfd8b282518d6ed81826833d77c3c882d9ab608add591ccace47a44?s=96&d=mm&r=g\",\"contentUrl\":\"https:\\\/\\\/secure.gravatar.com\\\/avatar\\\/bab33852abfd8b282518d6ed81826833d77c3c882d9ab608add591ccace47a44?s=96&d=mm&r=g\",\"caption\":\"Kuzeyin Sesi\"},\"sameAs\":[\"https:\\\/\\\/kuzeyinsesi.org\"],\"url\":\"https:\\\/\\\/kuzeyinsesi.org\\\/index.php\\\/author\\\/guven\\\/\"}]}<\/script>\n<!-- \/ Yoast SEO plugin. -->","yoast_head_json":{"title":"Girne\u2019de yeni y\u0131l etkinlikleri - Kuzeyin Sesi","robots":{"index":"index","follow":"follow","max-snippet":"max-snippet:-1","max-image-preview":"max-image-preview:large","max-video-preview":"max-video-preview:-1"},"canonical":"https:\/\/kuzeyinsesi.org\/index.php\/2024\/12\/22\/girnede-yeni-yil-etkinlikleri\/","og_locale":"tr_TR","og_type":"article","og_title":"Girne\u2019de yeni y\u0131l etkinlikleri - Kuzeyin Sesi","og_description":"Girne Belediyesi\u2019nin d\u00fcn ba\u015flayan \u2018Yeni Y\u0131l Pazar\u0131\u2019 ve \u20189\u2019uncu Girne \u00c7ar\u015f\u0131 \u015e\u00f6leni\u201d bug\u00fcn de bir\u00e7ok etkinli\u011fe ev sahipli\u011fi yapacak. Girne Belediyesi\u2019nden verilen bilgiye g\u00f6re, bug\u00fcn saat 10.00\u2019da stantlar\u0131n a\u00e7\u0131lmas\u0131yla ba\u015flayan ve g\u00fcn boyu s\u00fcrecek etkinlikler bu ak\u015fam saat 18.30\u2019daki Melisa Karanl\u0131k Band konseriyle tamamlanacak. \u00d6te yandan \u201c9\u2019uncu Girne \u00c7ar\u015f\u0131 \u015e\u00f6leni\u201d program\u0131 kapsam\u0131nda bug\u00fcn 14.30 -16.00 [&hellip;]","og_url":"https:\/\/kuzeyinsesi.org\/index.php\/2024\/12\/22\/girnede-yeni-yil-etkinlikleri\/","og_site_name":"Kuzeyin Sesi","article_publisher":"https:\/\/www.facebook.com\/kuzeyinsesii","article_published_time":"2024-12-22T14:15:08+00:00","og_image":[{"url":"https:\/\/brtk.net\/wp-content\/uploads\/2024\/12\/22\/1734864230038GIRNE-YENI-YIL.jpg?ver=ab7e142f6638d76aaf6267d562ff3a22","type":"","width":"","height":""}],"author":"Kuzeyin Sesi","twitter_card":"summary_large_image","twitter_creator":"@kuzeyinsesii","twitter_site":"@kuzeyinsesii","twitter_misc":{"Yazan:":"Kuzeyin Sesi"},"schema":{"@context":"https:\/\/schema.org","@graph":[{"@type":"Article","@id":"https:\/\/kuzeyinsesi.org\/index.php\/2024\/12\/22\/girnede-yeni-yil-etkinlikleri\/#article","isPartOf":{"@id":"https:\/\/kuzeyinsesi.org\/index.php\/2024\/12\/22\/girnede-yeni-yil-etkinlikleri\/"},"author":{"name":"Kuzeyin Sesi","@id":"https:\/\/kuzeyinsesi.org\/#\/schema\/person\/9f859689cdf01485597712386e37f5aa"},"headline":"Girne\u2019de yeni y\u0131l etkinlikleri","datePublished":"2024-12-22T14:15:08+00:00","mainEntityOfPage":{"@id":"https:\/\/kuzeyinsesi.org\/index.php\/2024\/12\/22\/girnede-yeni-yil-etkinlikleri\/"},"wordCount":99,"commentCount":0,"image":{"@id":"https:\/\/kuzeyinsesi.org\/index.php\/2024\/12\/22\/girnede-yeni-yil-etkinlikleri\/#primaryimage"},"thumbnailUrl":"https:\/\/kuzeyinsesi.org\/wp-content\/uploads\/2024\/12\/1734864230038GIRNE-YENI-YIL.jpg","articleSection":["Ya\u015fam"],"inLanguage":"tr","potentialAction":[{"@type":"CommentAction","name":"Comment","target":["https:\/\/kuzeyinsesi.org\/index.php\/2024\/12\/22\/girnede-yeni-yil-etkinlikleri\/#respond"]}]},{"@type":"WebPage","@id":"https:\/\/kuzeyinsesi.org\/index.php\/2024\/12\/22\/girnede-yeni-yil-etkinlikleri\/","url":"https:\/\/kuzeyinsesi.org\/index.php\/2024\/12\/22\/girnede-yeni-yil-etkinlikleri\/","name":"Girne\u2019de yeni y\u0131l etkinlikleri - Kuzeyin Sesi","isPartOf":{"@id":"https:\/\/kuzeyinsesi.org\/#website"},"primaryImageOfPage":{"@id":"https:\/\/kuzeyinsesi.org\/index.php\/2024\/12\/22\/girnede-yeni-yil-etkinlikleri\/#primaryimage"},"image":{"@id":"https:\/\/kuzeyinsesi.org\/index.php\/2024\/12\/22\/girnede-yeni-yil-etkinlikleri\/#primaryimage"},"thumbnailUrl":"https:\/\/kuzeyinsesi.org\/wp-content\/uploads\/2024\/12\/1734864230038GIRNE-YENI-YIL.jpg","datePublished":"2024-12-22T14:15:08+00:00","author":{"@id":"https:\/\/kuzeyinsesi.org\/#\/schema\/person\/9f859689cdf01485597712386e37f5aa"},"breadcrumb":{"@id":"https:\/\/kuzeyinsesi.org\/index.php\/2024\/12\/22\/girnede-yeni-yil-etkinlikleri\/#breadcrumb"},"inLanguage":"tr","potentialAction":[{"@type":"ReadAction","target":["https:\/\/kuzeyinsesi.org\/index.php\/2024\/12\/22\/girnede-yeni-yil-etkinlikleri\/"]}]},{"@type":"ImageObject","inLanguage":"tr","@id":"https:\/\/kuzeyinsesi.org\/index.php\/2024\/12\/22\/girnede-yeni-yil-etkinlikleri\/#primaryimage","url":"https:\/\/kuzeyinsesi.org\/wp-content\/uploads\/2024\/12\/1734864230038GIRNE-YENI-YIL.jpg","contentUrl":"https:\/\/kuzeyinsesi.org\/wp-content\/uploads\/2024\/12\/1734864230038GIRNE-YENI-YIL.jpg","width":2048,"height":1369},{"@type":"BreadcrumbList","@id":"https:\/\/kuzeyinsesi.org\/index.php\/2024\/12\/22\/girnede-yeni-yil-etkinlikleri\/#breadcrumb","itemListElement":[{"@type":"ListItem","position":1,"name":"Anasayfa","item":"https:\/\/kuzeyinsesi.org\/"},{"@type":"ListItem","position":2,"name":"Girne\u2019de yeni y\u0131l etkinlikleri"}]},{"@type":"WebSite","@id":"https:\/\/kuzeyinsesi.org\/#website","url":"https:\/\/kuzeyinsesi.org\/","name":"Kuzeyin Sesi","description":"Do\u011fru Haberin Adresi","potentialAction":[{"@type":"SearchAction","target":{"@type":"EntryPoint","urlTemplate":"https:\/\/kuzeyinsesi.org\/?s={search_term_string}"},"query-input":{"@type":"PropertyValueSpecification","valueRequired":true,"valueName":"search_term_string"}}],"inLanguage":"tr"},{"@type":"Person","@id":"https:\/\/kuzeyinsesi.org\/#\/schema\/person\/9f859689cdf01485597712386e37f5aa","name":"Kuzeyin Sesi","image":{"@type":"ImageObject","inLanguage":"tr","@id":"https:\/\/secure.gravatar.com\/avatar\/bab33852abfd8b282518d6ed81826833d77c3c882d9ab608add591ccace47a44?s=96&d=mm&r=g","url":"https:\/\/secure.gravatar.com\/avatar\/bab33852abfd8b282518d6ed81826833d77c3c882d9ab608add591ccace47a44?s=96&d=mm&r=g","contentUrl":"https:\/\/secure.gravatar.com\/avatar\/bab33852abfd8b282518d6ed81826833d77c3c882d9ab608add591ccace47a44?s=96&d=mm&r=g","caption":"Kuzeyin Sesi"},"sameAs":["https:\/\/kuzeyinsesi.org"],"url":"https:\/\/kuzeyinsesi.org\/index.php\/author\/guven\/"}]}},"_links":{"self":[{"href":"https:\/\/kuzeyinsesi.org\/index.php\/wp-json\/wp\/v2\/posts\/16131","targetHints":{"allow":["GET"]}}],"collection":[{"href":"https:\/\/kuzeyinsesi.org\/index.php\/wp-json\/wp\/v2\/posts"}],"about":[{"href":"https:\/\/kuzeyinsesi.org\/index.php\/wp-json\/wp\/v2\/types\/post"}],"author":[{"embeddable":true,"href":"https:\/\/kuzeyinsesi.org\/index.php\/wp-json\/wp\/v2\/users\/1"}],"replies":[{"embeddable":true,"href":"https:\/\/kuzeyinsesi.org\/index.php\/wp-json\/wp\/v2\/comments?post=16131"}],"version-history":[{"count":0,"href":"https:\/\/kuzeyinsesi.org\/index.php\/wp-json\/wp\/v2\/posts\/16131\/revisions"}],"wp:featuredmedia":[{"embeddable":true,"href":"https:\/\/kuzeyinsesi.org\/index.php\/wp-json\/wp\/v2\/media\/16132"}],"wp:attachment":[{"href":"https:\/\/kuzeyinsesi.org\/index.php\/wp-json\/wp\/v2\/media?parent=16131"}],"wp:term":[{"taxonomy":"category","embeddable":true,"href":"https:\/\/kuzeyinsesi.org\/index.php\/wp-json\/wp\/v2\/categories?post=16131"},{"taxonomy":"post_tag","embeddable":true,"href":"https:\/\/kuzeyinsesi.org\/index.php\/wp-json\/wp\/v2\/tags?post=16131"}],"curies":[{"name":"wp","href":"https:\/\/api.w.org\/{rel}","templated":true}]}}