{"id":16125,"date":"2024-12-22T15:10:57","date_gmt":"2024-12-22T13:10:57","guid":{"rendered":"https:\/\/kuzeyinsesi.org\/index.php\/2024\/12\/22\/turk-dunyasi-edebiyat-oyku-odulleri-torenle-verildi\/"},"modified":"2024-12-22T15:10:57","modified_gmt":"2024-12-22T13:10:57","slug":"turk-dunyasi-edebiyat-oyku-odulleri-torenle-verildi","status":"publish","type":"post","link":"https:\/\/kuzeyinsesi.org\/index.php\/2024\/12\/22\/turk-dunyasi-edebiyat-oyku-odulleri-torenle-verildi\/","title":{"rendered":"T\u00fcrk D\u00fcnyas\u0131 Edebiyat \u00d6yk\u00fc \u00d6d\u00fclleri t\u00f6renle verildi"},"content":{"rendered":"<div>\n<div class=\"mariselle-image-container center\">\n                                            <\/div>\n<p>Atat\u00fcrk K\u00fclt\u00fcr Dil ve Tarih Y\u00fcksek Kurumu\u2019nun yeni yerle\u015fkesinde ger\u00e7ekle\u015ftilen etkinlikte \u201c Dilde, Fikirde, \u0130\u015fte Birlik T\u00fcrk D\u00fcnyas\u0131 Edebiyat \u00d6yk\u00fc \u00d6d\u00fclleri \u201ct\u00f6renle sahiplerine verildi.<\/p>\n<p>T\u00fcrk Devletleri Te\u015fkilat\u0131 Aksakal Heyeti Ba\u015fkan\u0131 Eski Ba\u015fbakan Binali Y\u0131ld\u0131r\u0131m, yapt\u0131\u011f\u0131 konu\u015fmada , T\u00fcrk Devletleri Te\u015fkilat\u0131n\u0131n 15 y\u0131ll\u0131k kurumsal varl\u0131\u011f\u0131na ra\u011fmen katetti\u011fi mesafenin k\u00fc\u00e7\u00fcmsenecek bir mesafe olmad\u0131\u011f\u0131n\u0131 kaydetti.<\/p>\n<p>Y\u0131ld\u0131r\u0131m, \u00f6d\u00fcl alan yazarlar\u0131 da kutlad\u0131.<\/p>\n<p>Binali Y\u0131ld\u0131r\u0131m\u2019\u0131n konu\u015fmas\u0131n\u0131n ard\u0131ndan \u00f6d\u00fcl alan yazarlar\u0131n \u00f6zge\u00e7mi\u015flerini anlatan video g\u00f6sterimi yap\u0131ld\u0131.<\/p>\n<p>Kuzey K\u0131br\u0131s T\u00fcrk Cumhuriyeti\u2019nden Bas\u0131n \u015eeref Kart\u0131 ve S\u00fcrekli Bas\u0131n Kart\u0131 sahibi gazeteci yazar Osman G\u00fcvenir \u00f6d\u00fcl alanlar aras\u0131ndayd\u0131.<\/p>\n<p>G\u00fcvenir ad\u0131na \u00f6d\u00fcl\u00fc, Kuzey K\u0131br\u0131s T\u00fcrk Cumhuriyeti Ankara B\u00fcy\u00fckel\u00e7ili\u011fi E\u011fitim K\u00fclt\u00fcr Ata\u015fesi B\u00fcnyamin Merhametsiz ald\u0131.<\/p>\n<\/p><\/div>\n<p><script async\n                    defer\n                    crossorigin=\"anonymous\"\n                    src=\"https:\/\/connect.facebook.net\/tr_TR\/sdk.js#xfbml=1&#038;version=v3.3\"\n            ><\/script><\/p>\n","protected":false},"excerpt":{"rendered":"<p>Atat\u00fcrk K\u00fclt\u00fcr Dil ve Tarih Y\u00fcksek Kurumu\u2019nun yeni yerle\u015fkesinde ger\u00e7ekle\u015ftilen etkinlikte \u201c Dilde, Fikirde, \u0130\u015fte Birlik T\u00fcrk D\u00fcnyas\u0131 Edebiyat \u00d6yk\u00fc \u00d6d\u00fclleri \u201ct\u00f6renle sahiplerine verildi. T\u00fcrk Devletleri Te\u015fkilat\u0131 Aksakal Heyeti Ba\u015fkan\u0131 Eski Ba\u015fbakan Binali Y\u0131ld\u0131r\u0131m, yapt\u0131\u011f\u0131 konu\u015fmada , T\u00fcrk Devletleri Te\u015fkilat\u0131n\u0131n 15 y\u0131ll\u0131k kurumsal varl\u0131\u011f\u0131na ra\u011fmen katetti\u011fi mesafenin k\u00fc\u00e7\u00fcmsenecek bir mesafe olmad\u0131\u011f\u0131n\u0131 kaydetti. Y\u0131ld\u0131r\u0131m, \u00f6d\u00fcl alan [&hellip;]<\/p>\n","protected":false},"author":1,"featured_media":16126,"comment_status":"open","ping_status":"open","sticky":false,"template":"","format":"standard","meta":{"jnews-multi-image_gallery":[],"jnews_single_post":[],"jnews_primary_category":[],"jnews_social_meta":[],"jnews_override_counter":[],"footnotes":""},"categories":[6],"tags":[],"class_list":["post-16125","post","type-post","status-publish","format-standard","has-post-thumbnail","hentry","category-yasam"],"yoast_head":"<!-- This site is optimized with the Yoast SEO plugin v27.4 - https:\/\/yoast.com\/product\/yoast-seo-wordpress\/ -->\n<title>T\u00fcrk D\u00fcnyas\u0131 Edebiyat \u00d6yk\u00fc \u00d6d\u00fclleri t\u00f6renle verildi - Kuzeyin Sesi<\/title>\n<meta name=\"robots\" content=\"index, follow, max-snippet:-1, max-image-preview:large, max-video-preview:-1\" \/>\n<link rel=\"canonical\" href=\"https:\/\/kuzeyinsesi.org\/index.php\/2024\/12\/22\/turk-dunyasi-edebiyat-oyku-odulleri-torenle-verildi\/\" \/>\n<meta property=\"og:locale\" content=\"tr_TR\" \/>\n<meta property=\"og:type\" content=\"article\" \/>\n<meta property=\"og:title\" content=\"T\u00fcrk D\u00fcnyas\u0131 Edebiyat \u00d6yk\u00fc \u00d6d\u00fclleri t\u00f6renle verildi - Kuzeyin Sesi\" \/>\n<meta property=\"og:description\" content=\"Atat\u00fcrk K\u00fclt\u00fcr Dil ve Tarih Y\u00fcksek Kurumu\u2019nun yeni yerle\u015fkesinde ger\u00e7ekle\u015ftilen etkinlikte \u201c Dilde, Fikirde, \u0130\u015fte Birlik T\u00fcrk D\u00fcnyas\u0131 Edebiyat \u00d6yk\u00fc \u00d6d\u00fclleri \u201ct\u00f6renle sahiplerine verildi. T\u00fcrk Devletleri Te\u015fkilat\u0131 Aksakal Heyeti Ba\u015fkan\u0131 Eski Ba\u015fbakan Binali Y\u0131ld\u0131r\u0131m, yapt\u0131\u011f\u0131 konu\u015fmada , T\u00fcrk Devletleri Te\u015fkilat\u0131n\u0131n 15 y\u0131ll\u0131k kurumsal varl\u0131\u011f\u0131na ra\u011fmen katetti\u011fi mesafenin k\u00fc\u00e7\u00fcmsenecek bir mesafe olmad\u0131\u011f\u0131n\u0131 kaydetti. Y\u0131ld\u0131r\u0131m, \u00f6d\u00fcl alan [&hellip;]\" \/>\n<meta property=\"og:url\" content=\"https:\/\/kuzeyinsesi.org\/index.php\/2024\/12\/22\/turk-dunyasi-edebiyat-oyku-odulleri-torenle-verildi\/\" \/>\n<meta property=\"og:site_name\" content=\"Kuzeyin Sesi\" \/>\n<meta property=\"article:publisher\" content=\"https:\/\/www.facebook.com\/kuzeyinsesii\" \/>\n<meta property=\"article:published_time\" content=\"2024-12-22T13:10:57+00:00\" \/>\n<meta property=\"og:image\" content=\"https:\/\/brtk.net\/wp-content\/uploads\/2024\/12\/22\/Resim13-1.jpg?ver=c8d94f4e76820ef0be2038cd751f6f77\" \/>\n<meta name=\"author\" content=\"Kuzeyin Sesi\" \/>\n<meta name=\"twitter:card\" content=\"summary_large_image\" \/>\n<meta name=\"twitter:creator\" content=\"@kuzeyinsesii\" \/>\n<meta name=\"twitter:site\" content=\"@kuzeyinsesii\" \/>\n<meta name=\"twitter:label1\" content=\"Yazan:\" \/>\n\t<meta name=\"twitter:data1\" content=\"Kuzeyin Sesi\" \/>\n\t<meta name=\"twitter:label2\" content=\"Tahmini okuma s\u00fcresi\" \/>\n\t<meta name=\"twitter:data2\" content=\"1 dakika\" \/>\n<script type=\"application\/ld+json\" class=\"yoast-schema-graph\">{\"@context\":\"https:\\\/\\\/schema.org\",\"@graph\":[{\"@type\":\"Article\",\"@id\":\"https:\\\/\\\/kuzeyinsesi.org\\\/index.php\\\/2024\\\/12\\\/22\\\/turk-dunyasi-edebiyat-oyku-odulleri-torenle-verildi\\\/#article\",\"isPartOf\":{\"@id\":\"https:\\\/\\\/kuzeyinsesi.org\\\/index.php\\\/2024\\\/12\\\/22\\\/turk-dunyasi-edebiyat-oyku-odulleri-torenle-verildi\\\/\"},\"author\":{\"name\":\"Kuzeyin Sesi\",\"@id\":\"https:\\\/\\\/kuzeyinsesi.org\\\/#\\\/schema\\\/person\\\/9f859689cdf01485597712386e37f5aa\"},\"headline\":\"T\u00fcrk D\u00fcnyas\u0131 Edebiyat \u00d6yk\u00fc \u00d6d\u00fclleri t\u00f6renle verildi\",\"datePublished\":\"2024-12-22T13:10:57+00:00\",\"mainEntityOfPage\":{\"@id\":\"https:\\\/\\\/kuzeyinsesi.org\\\/index.php\\\/2024\\\/12\\\/22\\\/turk-dunyasi-edebiyat-oyku-odulleri-torenle-verildi\\\/\"},\"wordCount\":186,\"commentCount\":0,\"image\":{\"@id\":\"https:\\\/\\\/kuzeyinsesi.org\\\/index.php\\\/2024\\\/12\\\/22\\\/turk-dunyasi-edebiyat-oyku-odulleri-torenle-verildi\\\/#primaryimage\"},\"thumbnailUrl\":\"https:\\\/\\\/kuzeyinsesi.org\\\/wp-content\\\/uploads\\\/2024\\\/12\\\/Resim13-1.jpg\",\"articleSection\":[\"Ya\u015fam\"],\"inLanguage\":\"tr\",\"potentialAction\":[{\"@type\":\"CommentAction\",\"name\":\"Comment\",\"target\":[\"https:\\\/\\\/kuzeyinsesi.org\\\/index.php\\\/2024\\\/12\\\/22\\\/turk-dunyasi-edebiyat-oyku-odulleri-torenle-verildi\\\/#respond\"]}]},{\"@type\":\"WebPage\",\"@id\":\"https:\\\/\\\/kuzeyinsesi.org\\\/index.php\\\/2024\\\/12\\\/22\\\/turk-dunyasi-edebiyat-oyku-odulleri-torenle-verildi\\\/\",\"url\":\"https:\\\/\\\/kuzeyinsesi.org\\\/index.php\\\/2024\\\/12\\\/22\\\/turk-dunyasi-edebiyat-oyku-odulleri-torenle-verildi\\\/\",\"name\":\"T\u00fcrk D\u00fcnyas\u0131 Edebiyat \u00d6yk\u00fc \u00d6d\u00fclleri t\u00f6renle verildi - Kuzeyin Sesi\",\"isPartOf\":{\"@id\":\"https:\\\/\\\/kuzeyinsesi.org\\\/#website\"},\"primaryImageOfPage\":{\"@id\":\"https:\\\/\\\/kuzeyinsesi.org\\\/index.php\\\/2024\\\/12\\\/22\\\/turk-dunyasi-edebiyat-oyku-odulleri-torenle-verildi\\\/#primaryimage\"},\"image\":{\"@id\":\"https:\\\/\\\/kuzeyinsesi.org\\\/index.php\\\/2024\\\/12\\\/22\\\/turk-dunyasi-edebiyat-oyku-odulleri-torenle-verildi\\\/#primaryimage\"},\"thumbnailUrl\":\"https:\\\/\\\/kuzeyinsesi.org\\\/wp-content\\\/uploads\\\/2024\\\/12\\\/Resim13-1.jpg\",\"datePublished\":\"2024-12-22T13:10:57+00:00\",\"author\":{\"@id\":\"https:\\\/\\\/kuzeyinsesi.org\\\/#\\\/schema\\\/person\\\/9f859689cdf01485597712386e37f5aa\"},\"breadcrumb\":{\"@id\":\"https:\\\/\\\/kuzeyinsesi.org\\\/index.php\\\/2024\\\/12\\\/22\\\/turk-dunyasi-edebiyat-oyku-odulleri-torenle-verildi\\\/#breadcrumb\"},\"inLanguage\":\"tr\",\"potentialAction\":[{\"@type\":\"ReadAction\",\"target\":[\"https:\\\/\\\/kuzeyinsesi.org\\\/index.php\\\/2024\\\/12\\\/22\\\/turk-dunyasi-edebiyat-oyku-odulleri-torenle-verildi\\\/\"]}]},{\"@type\":\"ImageObject\",\"inLanguage\":\"tr\",\"@id\":\"https:\\\/\\\/kuzeyinsesi.org\\\/index.php\\\/2024\\\/12\\\/22\\\/turk-dunyasi-edebiyat-oyku-odulleri-torenle-verildi\\\/#primaryimage\",\"url\":\"https:\\\/\\\/kuzeyinsesi.org\\\/wp-content\\\/uploads\\\/2024\\\/12\\\/Resim13-1.jpg\",\"contentUrl\":\"https:\\\/\\\/kuzeyinsesi.org\\\/wp-content\\\/uploads\\\/2024\\\/12\\\/Resim13-1.jpg\",\"width\":602,\"height\":401},{\"@type\":\"BreadcrumbList\",\"@id\":\"https:\\\/\\\/kuzeyinsesi.org\\\/index.php\\\/2024\\\/12\\\/22\\\/turk-dunyasi-edebiyat-oyku-odulleri-torenle-verildi\\\/#breadcrumb\",\"itemListElement\":[{\"@type\":\"ListItem\",\"position\":1,\"name\":\"Anasayfa\",\"item\":\"https:\\\/\\\/kuzeyinsesi.org\\\/\"},{\"@type\":\"ListItem\",\"position\":2,\"name\":\"T\u00fcrk D\u00fcnyas\u0131 Edebiyat \u00d6yk\u00fc \u00d6d\u00fclleri t\u00f6renle verildi\"}]},{\"@type\":\"WebSite\",\"@id\":\"https:\\\/\\\/kuzeyinsesi.org\\\/#website\",\"url\":\"https:\\\/\\\/kuzeyinsesi.org\\\/\",\"name\":\"Kuzeyin Sesi\",\"description\":\"Do\u011fru Haberin Adresi\",\"potentialAction\":[{\"@type\":\"SearchAction\",\"target\":{\"@type\":\"EntryPoint\",\"urlTemplate\":\"https:\\\/\\\/kuzeyinsesi.org\\\/?s={search_term_string}\"},\"query-input\":{\"@type\":\"PropertyValueSpecification\",\"valueRequired\":true,\"valueName\":\"search_term_string\"}}],\"inLanguage\":\"tr\"},{\"@type\":\"Person\",\"@id\":\"https:\\\/\\\/kuzeyinsesi.org\\\/#\\\/schema\\\/person\\\/9f859689cdf01485597712386e37f5aa\",\"name\":\"Kuzeyin Sesi\",\"image\":{\"@type\":\"ImageObject\",\"inLanguage\":\"tr\",\"@id\":\"https:\\\/\\\/secure.gravatar.com\\\/avatar\\\/bab33852abfd8b282518d6ed81826833d77c3c882d9ab608add591ccace47a44?s=96&d=mm&r=g\",\"url\":\"https:\\\/\\\/secure.gravatar.com\\\/avatar\\\/bab33852abfd8b282518d6ed81826833d77c3c882d9ab608add591ccace47a44?s=96&d=mm&r=g\",\"contentUrl\":\"https:\\\/\\\/secure.gravatar.com\\\/avatar\\\/bab33852abfd8b282518d6ed81826833d77c3c882d9ab608add591ccace47a44?s=96&d=mm&r=g\",\"caption\":\"Kuzeyin Sesi\"},\"sameAs\":[\"https:\\\/\\\/kuzeyinsesi.org\"],\"url\":\"https:\\\/\\\/kuzeyinsesi.org\\\/index.php\\\/author\\\/guven\\\/\"}]}<\/script>\n<!-- \/ Yoast SEO plugin. -->","yoast_head_json":{"title":"T\u00fcrk D\u00fcnyas\u0131 Edebiyat \u00d6yk\u00fc \u00d6d\u00fclleri t\u00f6renle verildi - Kuzeyin Sesi","robots":{"index":"index","follow":"follow","max-snippet":"max-snippet:-1","max-image-preview":"max-image-preview:large","max-video-preview":"max-video-preview:-1"},"canonical":"https:\/\/kuzeyinsesi.org\/index.php\/2024\/12\/22\/turk-dunyasi-edebiyat-oyku-odulleri-torenle-verildi\/","og_locale":"tr_TR","og_type":"article","og_title":"T\u00fcrk D\u00fcnyas\u0131 Edebiyat \u00d6yk\u00fc \u00d6d\u00fclleri t\u00f6renle verildi - Kuzeyin Sesi","og_description":"Atat\u00fcrk K\u00fclt\u00fcr Dil ve Tarih Y\u00fcksek Kurumu\u2019nun yeni yerle\u015fkesinde ger\u00e7ekle\u015ftilen etkinlikte \u201c Dilde, Fikirde, \u0130\u015fte Birlik T\u00fcrk D\u00fcnyas\u0131 Edebiyat \u00d6yk\u00fc \u00d6d\u00fclleri \u201ct\u00f6renle sahiplerine verildi. T\u00fcrk Devletleri Te\u015fkilat\u0131 Aksakal Heyeti Ba\u015fkan\u0131 Eski Ba\u015fbakan Binali Y\u0131ld\u0131r\u0131m, yapt\u0131\u011f\u0131 konu\u015fmada , T\u00fcrk Devletleri Te\u015fkilat\u0131n\u0131n 15 y\u0131ll\u0131k kurumsal varl\u0131\u011f\u0131na ra\u011fmen katetti\u011fi mesafenin k\u00fc\u00e7\u00fcmsenecek bir mesafe olmad\u0131\u011f\u0131n\u0131 kaydetti. Y\u0131ld\u0131r\u0131m, \u00f6d\u00fcl alan [&hellip;]","og_url":"https:\/\/kuzeyinsesi.org\/index.php\/2024\/12\/22\/turk-dunyasi-edebiyat-oyku-odulleri-torenle-verildi\/","og_site_name":"Kuzeyin Sesi","article_publisher":"https:\/\/www.facebook.com\/kuzeyinsesii","article_published_time":"2024-12-22T13:10:57+00:00","og_image":[{"url":"https:\/\/brtk.net\/wp-content\/uploads\/2024\/12\/22\/Resim13-1.jpg?ver=c8d94f4e76820ef0be2038cd751f6f77","type":"","width":"","height":""}],"author":"Kuzeyin Sesi","twitter_card":"summary_large_image","twitter_creator":"@kuzeyinsesii","twitter_site":"@kuzeyinsesii","twitter_misc":{"Yazan:":"Kuzeyin Sesi","Tahmini okuma s\u00fcresi":"1 dakika"},"schema":{"@context":"https:\/\/schema.org","@graph":[{"@type":"Article","@id":"https:\/\/kuzeyinsesi.org\/index.php\/2024\/12\/22\/turk-dunyasi-edebiyat-oyku-odulleri-torenle-verildi\/#article","isPartOf":{"@id":"https:\/\/kuzeyinsesi.org\/index.php\/2024\/12\/22\/turk-dunyasi-edebiyat-oyku-odulleri-torenle-verildi\/"},"author":{"name":"Kuzeyin Sesi","@id":"https:\/\/kuzeyinsesi.org\/#\/schema\/person\/9f859689cdf01485597712386e37f5aa"},"headline":"T\u00fcrk D\u00fcnyas\u0131 Edebiyat \u00d6yk\u00fc \u00d6d\u00fclleri t\u00f6renle verildi","datePublished":"2024-12-22T13:10:57+00:00","mainEntityOfPage":{"@id":"https:\/\/kuzeyinsesi.org\/index.php\/2024\/12\/22\/turk-dunyasi-edebiyat-oyku-odulleri-torenle-verildi\/"},"wordCount":186,"commentCount":0,"image":{"@id":"https:\/\/kuzeyinsesi.org\/index.php\/2024\/12\/22\/turk-dunyasi-edebiyat-oyku-odulleri-torenle-verildi\/#primaryimage"},"thumbnailUrl":"https:\/\/kuzeyinsesi.org\/wp-content\/uploads\/2024\/12\/Resim13-1.jpg","articleSection":["Ya\u015fam"],"inLanguage":"tr","potentialAction":[{"@type":"CommentAction","name":"Comment","target":["https:\/\/kuzeyinsesi.org\/index.php\/2024\/12\/22\/turk-dunyasi-edebiyat-oyku-odulleri-torenle-verildi\/#respond"]}]},{"@type":"WebPage","@id":"https:\/\/kuzeyinsesi.org\/index.php\/2024\/12\/22\/turk-dunyasi-edebiyat-oyku-odulleri-torenle-verildi\/","url":"https:\/\/kuzeyinsesi.org\/index.php\/2024\/12\/22\/turk-dunyasi-edebiyat-oyku-odulleri-torenle-verildi\/","name":"T\u00fcrk D\u00fcnyas\u0131 Edebiyat \u00d6yk\u00fc \u00d6d\u00fclleri t\u00f6renle verildi - Kuzeyin Sesi","isPartOf":{"@id":"https:\/\/kuzeyinsesi.org\/#website"},"primaryImageOfPage":{"@id":"https:\/\/kuzeyinsesi.org\/index.php\/2024\/12\/22\/turk-dunyasi-edebiyat-oyku-odulleri-torenle-verildi\/#primaryimage"},"image":{"@id":"https:\/\/kuzeyinsesi.org\/index.php\/2024\/12\/22\/turk-dunyasi-edebiyat-oyku-odulleri-torenle-verildi\/#primaryimage"},"thumbnailUrl":"https:\/\/kuzeyinsesi.org\/wp-content\/uploads\/2024\/12\/Resim13-1.jpg","datePublished":"2024-12-22T13:10:57+00:00","author":{"@id":"https:\/\/kuzeyinsesi.org\/#\/schema\/person\/9f859689cdf01485597712386e37f5aa"},"breadcrumb":{"@id":"https:\/\/kuzeyinsesi.org\/index.php\/2024\/12\/22\/turk-dunyasi-edebiyat-oyku-odulleri-torenle-verildi\/#breadcrumb"},"inLanguage":"tr","potentialAction":[{"@type":"ReadAction","target":["https:\/\/kuzeyinsesi.org\/index.php\/2024\/12\/22\/turk-dunyasi-edebiyat-oyku-odulleri-torenle-verildi\/"]}]},{"@type":"ImageObject","inLanguage":"tr","@id":"https:\/\/kuzeyinsesi.org\/index.php\/2024\/12\/22\/turk-dunyasi-edebiyat-oyku-odulleri-torenle-verildi\/#primaryimage","url":"https:\/\/kuzeyinsesi.org\/wp-content\/uploads\/2024\/12\/Resim13-1.jpg","contentUrl":"https:\/\/kuzeyinsesi.org\/wp-content\/uploads\/2024\/12\/Resim13-1.jpg","width":602,"height":401},{"@type":"BreadcrumbList","@id":"https:\/\/kuzeyinsesi.org\/index.php\/2024\/12\/22\/turk-dunyasi-edebiyat-oyku-odulleri-torenle-verildi\/#breadcrumb","itemListElement":[{"@type":"ListItem","position":1,"name":"Anasayfa","item":"https:\/\/kuzeyinsesi.org\/"},{"@type":"ListItem","position":2,"name":"T\u00fcrk D\u00fcnyas\u0131 Edebiyat \u00d6yk\u00fc \u00d6d\u00fclleri t\u00f6renle verildi"}]},{"@type":"WebSite","@id":"https:\/\/kuzeyinsesi.org\/#website","url":"https:\/\/kuzeyinsesi.org\/","name":"Kuzeyin Sesi","description":"Do\u011fru Haberin Adresi","potentialAction":[{"@type":"SearchAction","target":{"@type":"EntryPoint","urlTemplate":"https:\/\/kuzeyinsesi.org\/?s={search_term_string}"},"query-input":{"@type":"PropertyValueSpecification","valueRequired":true,"valueName":"search_term_string"}}],"inLanguage":"tr"},{"@type":"Person","@id":"https:\/\/kuzeyinsesi.org\/#\/schema\/person\/9f859689cdf01485597712386e37f5aa","name":"Kuzeyin Sesi","image":{"@type":"ImageObject","inLanguage":"tr","@id":"https:\/\/secure.gravatar.com\/avatar\/bab33852abfd8b282518d6ed81826833d77c3c882d9ab608add591ccace47a44?s=96&d=mm&r=g","url":"https:\/\/secure.gravatar.com\/avatar\/bab33852abfd8b282518d6ed81826833d77c3c882d9ab608add591ccace47a44?s=96&d=mm&r=g","contentUrl":"https:\/\/secure.gravatar.com\/avatar\/bab33852abfd8b282518d6ed81826833d77c3c882d9ab608add591ccace47a44?s=96&d=mm&r=g","caption":"Kuzeyin Sesi"},"sameAs":["https:\/\/kuzeyinsesi.org"],"url":"https:\/\/kuzeyinsesi.org\/index.php\/author\/guven\/"}]}},"_links":{"self":[{"href":"https:\/\/kuzeyinsesi.org\/index.php\/wp-json\/wp\/v2\/posts\/16125","targetHints":{"allow":["GET"]}}],"collection":[{"href":"https:\/\/kuzeyinsesi.org\/index.php\/wp-json\/wp\/v2\/posts"}],"about":[{"href":"https:\/\/kuzeyinsesi.org\/index.php\/wp-json\/wp\/v2\/types\/post"}],"author":[{"embeddable":true,"href":"https:\/\/kuzeyinsesi.org\/index.php\/wp-json\/wp\/v2\/users\/1"}],"replies":[{"embeddable":true,"href":"https:\/\/kuzeyinsesi.org\/index.php\/wp-json\/wp\/v2\/comments?post=16125"}],"version-history":[{"count":0,"href":"https:\/\/kuzeyinsesi.org\/index.php\/wp-json\/wp\/v2\/posts\/16125\/revisions"}],"wp:featuredmedia":[{"embeddable":true,"href":"https:\/\/kuzeyinsesi.org\/index.php\/wp-json\/wp\/v2\/media\/16126"}],"wp:attachment":[{"href":"https:\/\/kuzeyinsesi.org\/index.php\/wp-json\/wp\/v2\/media?parent=16125"}],"wp:term":[{"taxonomy":"category","embeddable":true,"href":"https:\/\/kuzeyinsesi.org\/index.php\/wp-json\/wp\/v2\/categories?post=16125"},{"taxonomy":"post_tag","embeddable":true,"href":"https:\/\/kuzeyinsesi.org\/index.php\/wp-json\/wp\/v2\/tags?post=16125"}],"curies":[{"name":"wp","href":"https:\/\/api.w.org\/{rel}","templated":true}]}}