{"id":16081,"date":"2024-12-21T15:15:27","date_gmt":"2024-12-21T13:15:27","guid":{"rendered":"https:\/\/kuzeyinsesi.org\/index.php\/2024\/12\/21\/erzurum-valisi-ciftci-cig-dusmesi-sonucu-milli-sporcunun-hayatini-kaybettigini-acikladi\/"},"modified":"2024-12-21T15:15:27","modified_gmt":"2024-12-21T13:15:27","slug":"erzurum-valisi-ciftci-cig-dusmesi-sonucu-milli-sporcunun-hayatini-kaybettigini-acikladi","status":"publish","type":"post","link":"https:\/\/kuzeyinsesi.org\/index.php\/2024\/12\/21\/erzurum-valisi-ciftci-cig-dusmesi-sonucu-milli-sporcunun-hayatini-kaybettigini-acikladi\/","title":{"rendered":"Erzurum Valisi \u00c7ift\u00e7i, \u00e7\u0131\u011f d\u00fc\u015fmesi sonucu milli sporcunun hayat\u0131n\u0131 kaybetti\u011fini a\u00e7\u0131klad\u0131"},"content":{"rendered":"<div>\n<div class=\"mariselle-image-container center\">\n                                            <\/div>\n<p>T\u00fcrkiye Cumhuriyeti Erzurum Valisi Mustafa \u00c7ift\u00e7i, Paland\u00f6ken Da\u011f\u0131\u2019nda \u00fczerine \u00e7\u0131\u011f d\u00fc\u015fmesi sonucu milli sporcu Emre Yazgan\u2019\u0131n hayat\u0131n\u0131 kaybetti\u011fini a\u00e7\u0131klad\u0131.<\/p>\n<p>Vali \u00c7ift\u00e7i, \u00e7\u0131\u011f b\u00f6lgesinde yapt\u0131\u011f\u0131 a\u00e7\u0131klamada, Atat\u00fcrk \u00dcniversitesi Ara\u015ft\u0131rma Hastanesiyle g\u00f6r\u00fc\u015ft\u00fc\u011f\u00fcn\u00fc, doktorlar\u0131n b\u00fct\u00fcn t\u0131bbi imkanlar\u0131 kulland\u0131\u011f\u0131na dair bilgi ald\u0131\u011f\u0131n\u0131 belirterek, \u201c14.30 itibar\u0131yla Emre Yazgan karde\u015fimizin vefat etti\u011fini maalesef \u00fcz\u00fclerek payla\u015fmak durumunday\u0131m.\u201d dedi.<\/p>\n<\/p><\/div>\n<p><script async\n                    defer\n                    crossorigin=\"anonymous\"\n                    src=\"https:\/\/connect.facebook.net\/tr_TR\/sdk.js#xfbml=1&#038;version=v3.3\"\n            ><\/script><\/p>\n","protected":false},"excerpt":{"rendered":"<p>T\u00fcrkiye Cumhuriyeti Erzurum Valisi Mustafa \u00c7ift\u00e7i, Paland\u00f6ken Da\u011f\u0131\u2019nda \u00fczerine \u00e7\u0131\u011f d\u00fc\u015fmesi sonucu milli sporcu Emre Yazgan\u2019\u0131n hayat\u0131n\u0131 kaybetti\u011fini a\u00e7\u0131klad\u0131. Vali \u00c7ift\u00e7i, \u00e7\u0131\u011f b\u00f6lgesinde yapt\u0131\u011f\u0131 a\u00e7\u0131klamada, Atat\u00fcrk \u00dcniversitesi Ara\u015ft\u0131rma Hastanesiyle g\u00f6r\u00fc\u015ft\u00fc\u011f\u00fcn\u00fc, doktorlar\u0131n b\u00fct\u00fcn t\u0131bbi imkanlar\u0131 kulland\u0131\u011f\u0131na dair bilgi ald\u0131\u011f\u0131n\u0131 belirterek, \u201c14.30 itibar\u0131yla Emre Yazgan karde\u015fimizin vefat etti\u011fini maalesef \u00fcz\u00fclerek payla\u015fmak durumunday\u0131m.\u201d dedi.<\/p>\n","protected":false},"author":1,"featured_media":16082,"comment_status":"open","ping_status":"open","sticky":false,"template":"","format":"standard","meta":{"jnews-multi-image_gallery":[],"jnews_single_post":[],"jnews_primary_category":[],"jnews_social_meta":[],"jnews_override_counter":[],"footnotes":""},"categories":[5],"tags":[],"class_list":["post-16081","post","type-post","status-publish","format-standard","has-post-thumbnail","hentry","category-turkiye"],"yoast_head":"<!-- This site is optimized with the Yoast SEO plugin v27.4 - https:\/\/yoast.com\/product\/yoast-seo-wordpress\/ -->\n<title>Erzurum Valisi \u00c7ift\u00e7i, \u00e7\u0131\u011f d\u00fc\u015fmesi sonucu milli sporcunun hayat\u0131n\u0131 kaybetti\u011fini a\u00e7\u0131klad\u0131 - Kuzeyin Sesi<\/title>\n<meta name=\"robots\" content=\"index, follow, max-snippet:-1, max-image-preview:large, max-video-preview:-1\" \/>\n<link rel=\"canonical\" href=\"https:\/\/kuzeyinsesi.org\/index.php\/2024\/12\/21\/erzurum-valisi-ciftci-cig-dusmesi-sonucu-milli-sporcunun-hayatini-kaybettigini-acikladi\/\" \/>\n<meta property=\"og:locale\" content=\"tr_TR\" \/>\n<meta property=\"og:type\" content=\"article\" \/>\n<meta property=\"og:title\" content=\"Erzurum Valisi \u00c7ift\u00e7i, \u00e7\u0131\u011f d\u00fc\u015fmesi sonucu milli sporcunun hayat\u0131n\u0131 kaybetti\u011fini a\u00e7\u0131klad\u0131 - Kuzeyin Sesi\" \/>\n<meta property=\"og:description\" content=\"T\u00fcrkiye Cumhuriyeti Erzurum Valisi Mustafa \u00c7ift\u00e7i, Paland\u00f6ken Da\u011f\u0131\u2019nda \u00fczerine \u00e7\u0131\u011f d\u00fc\u015fmesi sonucu milli sporcu Emre Yazgan\u2019\u0131n hayat\u0131n\u0131 kaybetti\u011fini a\u00e7\u0131klad\u0131. Vali \u00c7ift\u00e7i, \u00e7\u0131\u011f b\u00f6lgesinde yapt\u0131\u011f\u0131 a\u00e7\u0131klamada, Atat\u00fcrk \u00dcniversitesi Ara\u015ft\u0131rma Hastanesiyle g\u00f6r\u00fc\u015ft\u00fc\u011f\u00fcn\u00fc, doktorlar\u0131n b\u00fct\u00fcn t\u0131bbi imkanlar\u0131 kulland\u0131\u011f\u0131na dair bilgi ald\u0131\u011f\u0131n\u0131 belirterek, \u201c14.30 itibar\u0131yla Emre Yazgan karde\u015fimizin vefat etti\u011fini maalesef \u00fcz\u00fclerek payla\u015fmak durumunday\u0131m.\u201d dedi.\" \/>\n<meta property=\"og:url\" content=\"https:\/\/kuzeyinsesi.org\/index.php\/2024\/12\/21\/erzurum-valisi-ciftci-cig-dusmesi-sonucu-milli-sporcunun-hayatini-kaybettigini-acikladi\/\" \/>\n<meta property=\"og:site_name\" content=\"Kuzeyin Sesi\" \/>\n<meta property=\"article:publisher\" content=\"https:\/\/www.facebook.com\/kuzeyinsesii\" \/>\n<meta property=\"article:published_time\" content=\"2024-12-21T13:15:27+00:00\" \/>\n<meta property=\"og:image\" content=\"https:\/\/brtk.net\/wp-content\/uploads\/2024\/12\/21\/1734782166787AA-20241221-36545310-36545309-ERZURUM_VALISI_MUSTAFA_CIFTCI_CIG_BOLGESINDE_KONUSTU-scaled.jpg?ver=54fa219ed5e3b50dbd7cb12163db2571\" \/>\n<meta name=\"author\" content=\"Kuzeyin Sesi\" \/>\n<meta name=\"twitter:card\" content=\"summary_large_image\" \/>\n<meta name=\"twitter:creator\" content=\"@kuzeyinsesii\" \/>\n<meta name=\"twitter:site\" content=\"@kuzeyinsesii\" \/>\n<meta name=\"twitter:label1\" content=\"Yazan:\" \/>\n\t<meta name=\"twitter:data1\" content=\"Kuzeyin Sesi\" \/>\n<script type=\"application\/ld+json\" class=\"yoast-schema-graph\">{\"@context\":\"https:\\\/\\\/schema.org\",\"@graph\":[{\"@type\":\"Article\",\"@id\":\"https:\\\/\\\/kuzeyinsesi.org\\\/index.php\\\/2024\\\/12\\\/21\\\/erzurum-valisi-ciftci-cig-dusmesi-sonucu-milli-sporcunun-hayatini-kaybettigini-acikladi\\\/#article\",\"isPartOf\":{\"@id\":\"https:\\\/\\\/kuzeyinsesi.org\\\/index.php\\\/2024\\\/12\\\/21\\\/erzurum-valisi-ciftci-cig-dusmesi-sonucu-milli-sporcunun-hayatini-kaybettigini-acikladi\\\/\"},\"author\":{\"name\":\"Kuzeyin Sesi\",\"@id\":\"https:\\\/\\\/kuzeyinsesi.org\\\/#\\\/schema\\\/person\\\/9f859689cdf01485597712386e37f5aa\"},\"headline\":\"Erzurum Valisi \u00c7ift\u00e7i, \u00e7\u0131\u011f d\u00fc\u015fmesi sonucu milli sporcunun hayat\u0131n\u0131 kaybetti\u011fini a\u00e7\u0131klad\u0131\",\"datePublished\":\"2024-12-21T13:15:27+00:00\",\"mainEntityOfPage\":{\"@id\":\"https:\\\/\\\/kuzeyinsesi.org\\\/index.php\\\/2024\\\/12\\\/21\\\/erzurum-valisi-ciftci-cig-dusmesi-sonucu-milli-sporcunun-hayatini-kaybettigini-acikladi\\\/\"},\"wordCount\":93,\"commentCount\":0,\"image\":{\"@id\":\"https:\\\/\\\/kuzeyinsesi.org\\\/index.php\\\/2024\\\/12\\\/21\\\/erzurum-valisi-ciftci-cig-dusmesi-sonucu-milli-sporcunun-hayatini-kaybettigini-acikladi\\\/#primaryimage\"},\"thumbnailUrl\":\"https:\\\/\\\/kuzeyinsesi.org\\\/wp-content\\\/uploads\\\/2024\\\/12\\\/1734782166787AA-20241221-36545310-36545309-ERZURUM_VALISI_MUSTAFA_CIFTCI_CIG_BOLGESINDE_KONUSTU-scal.jpeg\",\"articleSection\":[\"T\u00fcrkiye\"],\"inLanguage\":\"tr\",\"potentialAction\":[{\"@type\":\"CommentAction\",\"name\":\"Comment\",\"target\":[\"https:\\\/\\\/kuzeyinsesi.org\\\/index.php\\\/2024\\\/12\\\/21\\\/erzurum-valisi-ciftci-cig-dusmesi-sonucu-milli-sporcunun-hayatini-kaybettigini-acikladi\\\/#respond\"]}]},{\"@type\":\"WebPage\",\"@id\":\"https:\\\/\\\/kuzeyinsesi.org\\\/index.php\\\/2024\\\/12\\\/21\\\/erzurum-valisi-ciftci-cig-dusmesi-sonucu-milli-sporcunun-hayatini-kaybettigini-acikladi\\\/\",\"url\":\"https:\\\/\\\/kuzeyinsesi.org\\\/index.php\\\/2024\\\/12\\\/21\\\/erzurum-valisi-ciftci-cig-dusmesi-sonucu-milli-sporcunun-hayatini-kaybettigini-acikladi\\\/\",\"name\":\"Erzurum Valisi \u00c7ift\u00e7i, \u00e7\u0131\u011f d\u00fc\u015fmesi sonucu milli sporcunun hayat\u0131n\u0131 kaybetti\u011fini a\u00e7\u0131klad\u0131 - Kuzeyin Sesi\",\"isPartOf\":{\"@id\":\"https:\\\/\\\/kuzeyinsesi.org\\\/#website\"},\"primaryImageOfPage\":{\"@id\":\"https:\\\/\\\/kuzeyinsesi.org\\\/index.php\\\/2024\\\/12\\\/21\\\/erzurum-valisi-ciftci-cig-dusmesi-sonucu-milli-sporcunun-hayatini-kaybettigini-acikladi\\\/#primaryimage\"},\"image\":{\"@id\":\"https:\\\/\\\/kuzeyinsesi.org\\\/index.php\\\/2024\\\/12\\\/21\\\/erzurum-valisi-ciftci-cig-dusmesi-sonucu-milli-sporcunun-hayatini-kaybettigini-acikladi\\\/#primaryimage\"},\"thumbnailUrl\":\"https:\\\/\\\/kuzeyinsesi.org\\\/wp-content\\\/uploads\\\/2024\\\/12\\\/1734782166787AA-20241221-36545310-36545309-ERZURUM_VALISI_MUSTAFA_CIFTCI_CIG_BOLGESINDE_KONUSTU-scal.jpeg\",\"datePublished\":\"2024-12-21T13:15:27+00:00\",\"author\":{\"@id\":\"https:\\\/\\\/kuzeyinsesi.org\\\/#\\\/schema\\\/person\\\/9f859689cdf01485597712386e37f5aa\"},\"breadcrumb\":{\"@id\":\"https:\\\/\\\/kuzeyinsesi.org\\\/index.php\\\/2024\\\/12\\\/21\\\/erzurum-valisi-ciftci-cig-dusmesi-sonucu-milli-sporcunun-hayatini-kaybettigini-acikladi\\\/#breadcrumb\"},\"inLanguage\":\"tr\",\"potentialAction\":[{\"@type\":\"ReadAction\",\"target\":[\"https:\\\/\\\/kuzeyinsesi.org\\\/index.php\\\/2024\\\/12\\\/21\\\/erzurum-valisi-ciftci-cig-dusmesi-sonucu-milli-sporcunun-hayatini-kaybettigini-acikladi\\\/\"]}]},{\"@type\":\"ImageObject\",\"inLanguage\":\"tr\",\"@id\":\"https:\\\/\\\/kuzeyinsesi.org\\\/index.php\\\/2024\\\/12\\\/21\\\/erzurum-valisi-ciftci-cig-dusmesi-sonucu-milli-sporcunun-hayatini-kaybettigini-acikladi\\\/#primaryimage\",\"url\":\"https:\\\/\\\/kuzeyinsesi.org\\\/wp-content\\\/uploads\\\/2024\\\/12\\\/1734782166787AA-20241221-36545310-36545309-ERZURUM_VALISI_MUSTAFA_CIFTCI_CIG_BOLGESINDE_KONUSTU-scal.jpeg\",\"contentUrl\":\"https:\\\/\\\/kuzeyinsesi.org\\\/wp-content\\\/uploads\\\/2024\\\/12\\\/1734782166787AA-20241221-36545310-36545309-ERZURUM_VALISI_MUSTAFA_CIFTCI_CIG_BOLGESINDE_KONUSTU-scal.jpeg\",\"width\":2560,\"height\":1707},{\"@type\":\"BreadcrumbList\",\"@id\":\"https:\\\/\\\/kuzeyinsesi.org\\\/index.php\\\/2024\\\/12\\\/21\\\/erzurum-valisi-ciftci-cig-dusmesi-sonucu-milli-sporcunun-hayatini-kaybettigini-acikladi\\\/#breadcrumb\",\"itemListElement\":[{\"@type\":\"ListItem\",\"position\":1,\"name\":\"Anasayfa\",\"item\":\"https:\\\/\\\/kuzeyinsesi.org\\\/\"},{\"@type\":\"ListItem\",\"position\":2,\"name\":\"Erzurum Valisi \u00c7ift\u00e7i, \u00e7\u0131\u011f d\u00fc\u015fmesi sonucu milli sporcunun hayat\u0131n\u0131 kaybetti\u011fini a\u00e7\u0131klad\u0131\"}]},{\"@type\":\"WebSite\",\"@id\":\"https:\\\/\\\/kuzeyinsesi.org\\\/#website\",\"url\":\"https:\\\/\\\/kuzeyinsesi.org\\\/\",\"name\":\"Kuzeyin Sesi\",\"description\":\"Do\u011fru Haberin Adresi\",\"potentialAction\":[{\"@type\":\"SearchAction\",\"target\":{\"@type\":\"EntryPoint\",\"urlTemplate\":\"https:\\\/\\\/kuzeyinsesi.org\\\/?s={search_term_string}\"},\"query-input\":{\"@type\":\"PropertyValueSpecification\",\"valueRequired\":true,\"valueName\":\"search_term_string\"}}],\"inLanguage\":\"tr\"},{\"@type\":\"Person\",\"@id\":\"https:\\\/\\\/kuzeyinsesi.org\\\/#\\\/schema\\\/person\\\/9f859689cdf01485597712386e37f5aa\",\"name\":\"Kuzeyin Sesi\",\"image\":{\"@type\":\"ImageObject\",\"inLanguage\":\"tr\",\"@id\":\"https:\\\/\\\/secure.gravatar.com\\\/avatar\\\/bab33852abfd8b282518d6ed81826833d77c3c882d9ab608add591ccace47a44?s=96&d=mm&r=g\",\"url\":\"https:\\\/\\\/secure.gravatar.com\\\/avatar\\\/bab33852abfd8b282518d6ed81826833d77c3c882d9ab608add591ccace47a44?s=96&d=mm&r=g\",\"contentUrl\":\"https:\\\/\\\/secure.gravatar.com\\\/avatar\\\/bab33852abfd8b282518d6ed81826833d77c3c882d9ab608add591ccace47a44?s=96&d=mm&r=g\",\"caption\":\"Kuzeyin Sesi\"},\"sameAs\":[\"https:\\\/\\\/kuzeyinsesi.org\"],\"url\":\"https:\\\/\\\/kuzeyinsesi.org\\\/index.php\\\/author\\\/guven\\\/\"}]}<\/script>\n<!-- \/ Yoast SEO plugin. -->","yoast_head_json":{"title":"Erzurum Valisi \u00c7ift\u00e7i, \u00e7\u0131\u011f d\u00fc\u015fmesi sonucu milli sporcunun hayat\u0131n\u0131 kaybetti\u011fini a\u00e7\u0131klad\u0131 - Kuzeyin Sesi","robots":{"index":"index","follow":"follow","max-snippet":"max-snippet:-1","max-image-preview":"max-image-preview:large","max-video-preview":"max-video-preview:-1"},"canonical":"https:\/\/kuzeyinsesi.org\/index.php\/2024\/12\/21\/erzurum-valisi-ciftci-cig-dusmesi-sonucu-milli-sporcunun-hayatini-kaybettigini-acikladi\/","og_locale":"tr_TR","og_type":"article","og_title":"Erzurum Valisi \u00c7ift\u00e7i, \u00e7\u0131\u011f d\u00fc\u015fmesi sonucu milli sporcunun hayat\u0131n\u0131 kaybetti\u011fini a\u00e7\u0131klad\u0131 - Kuzeyin Sesi","og_description":"T\u00fcrkiye Cumhuriyeti Erzurum Valisi Mustafa \u00c7ift\u00e7i, Paland\u00f6ken Da\u011f\u0131\u2019nda \u00fczerine \u00e7\u0131\u011f d\u00fc\u015fmesi sonucu milli sporcu Emre Yazgan\u2019\u0131n hayat\u0131n\u0131 kaybetti\u011fini a\u00e7\u0131klad\u0131. Vali \u00c7ift\u00e7i, \u00e7\u0131\u011f b\u00f6lgesinde yapt\u0131\u011f\u0131 a\u00e7\u0131klamada, Atat\u00fcrk \u00dcniversitesi Ara\u015ft\u0131rma Hastanesiyle g\u00f6r\u00fc\u015ft\u00fc\u011f\u00fcn\u00fc, doktorlar\u0131n b\u00fct\u00fcn t\u0131bbi imkanlar\u0131 kulland\u0131\u011f\u0131na dair bilgi ald\u0131\u011f\u0131n\u0131 belirterek, \u201c14.30 itibar\u0131yla Emre Yazgan karde\u015fimizin vefat etti\u011fini maalesef \u00fcz\u00fclerek payla\u015fmak durumunday\u0131m.\u201d dedi.","og_url":"https:\/\/kuzeyinsesi.org\/index.php\/2024\/12\/21\/erzurum-valisi-ciftci-cig-dusmesi-sonucu-milli-sporcunun-hayatini-kaybettigini-acikladi\/","og_site_name":"Kuzeyin Sesi","article_publisher":"https:\/\/www.facebook.com\/kuzeyinsesii","article_published_time":"2024-12-21T13:15:27+00:00","og_image":[{"url":"https:\/\/brtk.net\/wp-content\/uploads\/2024\/12\/21\/1734782166787AA-20241221-36545310-36545309-ERZURUM_VALISI_MUSTAFA_CIFTCI_CIG_BOLGESINDE_KONUSTU-scaled.jpg?ver=54fa219ed5e3b50dbd7cb12163db2571","type":"","width":"","height":""}],"author":"Kuzeyin Sesi","twitter_card":"summary_large_image","twitter_creator":"@kuzeyinsesii","twitter_site":"@kuzeyinsesii","twitter_misc":{"Yazan:":"Kuzeyin Sesi"},"schema":{"@context":"https:\/\/schema.org","@graph":[{"@type":"Article","@id":"https:\/\/kuzeyinsesi.org\/index.php\/2024\/12\/21\/erzurum-valisi-ciftci-cig-dusmesi-sonucu-milli-sporcunun-hayatini-kaybettigini-acikladi\/#article","isPartOf":{"@id":"https:\/\/kuzeyinsesi.org\/index.php\/2024\/12\/21\/erzurum-valisi-ciftci-cig-dusmesi-sonucu-milli-sporcunun-hayatini-kaybettigini-acikladi\/"},"author":{"name":"Kuzeyin Sesi","@id":"https:\/\/kuzeyinsesi.org\/#\/schema\/person\/9f859689cdf01485597712386e37f5aa"},"headline":"Erzurum Valisi \u00c7ift\u00e7i, \u00e7\u0131\u011f d\u00fc\u015fmesi sonucu milli sporcunun hayat\u0131n\u0131 kaybetti\u011fini a\u00e7\u0131klad\u0131","datePublished":"2024-12-21T13:15:27+00:00","mainEntityOfPage":{"@id":"https:\/\/kuzeyinsesi.org\/index.php\/2024\/12\/21\/erzurum-valisi-ciftci-cig-dusmesi-sonucu-milli-sporcunun-hayatini-kaybettigini-acikladi\/"},"wordCount":93,"commentCount":0,"image":{"@id":"https:\/\/kuzeyinsesi.org\/index.php\/2024\/12\/21\/erzurum-valisi-ciftci-cig-dusmesi-sonucu-milli-sporcunun-hayatini-kaybettigini-acikladi\/#primaryimage"},"thumbnailUrl":"https:\/\/kuzeyinsesi.org\/wp-content\/uploads\/2024\/12\/1734782166787AA-20241221-36545310-36545309-ERZURUM_VALISI_MUSTAFA_CIFTCI_CIG_BOLGESINDE_KONUSTU-scal.jpeg","articleSection":["T\u00fcrkiye"],"inLanguage":"tr","potentialAction":[{"@type":"CommentAction","name":"Comment","target":["https:\/\/kuzeyinsesi.org\/index.php\/2024\/12\/21\/erzurum-valisi-ciftci-cig-dusmesi-sonucu-milli-sporcunun-hayatini-kaybettigini-acikladi\/#respond"]}]},{"@type":"WebPage","@id":"https:\/\/kuzeyinsesi.org\/index.php\/2024\/12\/21\/erzurum-valisi-ciftci-cig-dusmesi-sonucu-milli-sporcunun-hayatini-kaybettigini-acikladi\/","url":"https:\/\/kuzeyinsesi.org\/index.php\/2024\/12\/21\/erzurum-valisi-ciftci-cig-dusmesi-sonucu-milli-sporcunun-hayatini-kaybettigini-acikladi\/","name":"Erzurum Valisi \u00c7ift\u00e7i, \u00e7\u0131\u011f d\u00fc\u015fmesi sonucu milli sporcunun hayat\u0131n\u0131 kaybetti\u011fini a\u00e7\u0131klad\u0131 - Kuzeyin Sesi","isPartOf":{"@id":"https:\/\/kuzeyinsesi.org\/#website"},"primaryImageOfPage":{"@id":"https:\/\/kuzeyinsesi.org\/index.php\/2024\/12\/21\/erzurum-valisi-ciftci-cig-dusmesi-sonucu-milli-sporcunun-hayatini-kaybettigini-acikladi\/#primaryimage"},"image":{"@id":"https:\/\/kuzeyinsesi.org\/index.php\/2024\/12\/21\/erzurum-valisi-ciftci-cig-dusmesi-sonucu-milli-sporcunun-hayatini-kaybettigini-acikladi\/#primaryimage"},"thumbnailUrl":"https:\/\/kuzeyinsesi.org\/wp-content\/uploads\/2024\/12\/1734782166787AA-20241221-36545310-36545309-ERZURUM_VALISI_MUSTAFA_CIFTCI_CIG_BOLGESINDE_KONUSTU-scal.jpeg","datePublished":"2024-12-21T13:15:27+00:00","author":{"@id":"https:\/\/kuzeyinsesi.org\/#\/schema\/person\/9f859689cdf01485597712386e37f5aa"},"breadcrumb":{"@id":"https:\/\/kuzeyinsesi.org\/index.php\/2024\/12\/21\/erzurum-valisi-ciftci-cig-dusmesi-sonucu-milli-sporcunun-hayatini-kaybettigini-acikladi\/#breadcrumb"},"inLanguage":"tr","potentialAction":[{"@type":"ReadAction","target":["https:\/\/kuzeyinsesi.org\/index.php\/2024\/12\/21\/erzurum-valisi-ciftci-cig-dusmesi-sonucu-milli-sporcunun-hayatini-kaybettigini-acikladi\/"]}]},{"@type":"ImageObject","inLanguage":"tr","@id":"https:\/\/kuzeyinsesi.org\/index.php\/2024\/12\/21\/erzurum-valisi-ciftci-cig-dusmesi-sonucu-milli-sporcunun-hayatini-kaybettigini-acikladi\/#primaryimage","url":"https:\/\/kuzeyinsesi.org\/wp-content\/uploads\/2024\/12\/1734782166787AA-20241221-36545310-36545309-ERZURUM_VALISI_MUSTAFA_CIFTCI_CIG_BOLGESINDE_KONUSTU-scal.jpeg","contentUrl":"https:\/\/kuzeyinsesi.org\/wp-content\/uploads\/2024\/12\/1734782166787AA-20241221-36545310-36545309-ERZURUM_VALISI_MUSTAFA_CIFTCI_CIG_BOLGESINDE_KONUSTU-scal.jpeg","width":2560,"height":1707},{"@type":"BreadcrumbList","@id":"https:\/\/kuzeyinsesi.org\/index.php\/2024\/12\/21\/erzurum-valisi-ciftci-cig-dusmesi-sonucu-milli-sporcunun-hayatini-kaybettigini-acikladi\/#breadcrumb","itemListElement":[{"@type":"ListItem","position":1,"name":"Anasayfa","item":"https:\/\/kuzeyinsesi.org\/"},{"@type":"ListItem","position":2,"name":"Erzurum Valisi \u00c7ift\u00e7i, \u00e7\u0131\u011f d\u00fc\u015fmesi sonucu milli sporcunun hayat\u0131n\u0131 kaybetti\u011fini a\u00e7\u0131klad\u0131"}]},{"@type":"WebSite","@id":"https:\/\/kuzeyinsesi.org\/#website","url":"https:\/\/kuzeyinsesi.org\/","name":"Kuzeyin Sesi","description":"Do\u011fru Haberin Adresi","potentialAction":[{"@type":"SearchAction","target":{"@type":"EntryPoint","urlTemplate":"https:\/\/kuzeyinsesi.org\/?s={search_term_string}"},"query-input":{"@type":"PropertyValueSpecification","valueRequired":true,"valueName":"search_term_string"}}],"inLanguage":"tr"},{"@type":"Person","@id":"https:\/\/kuzeyinsesi.org\/#\/schema\/person\/9f859689cdf01485597712386e37f5aa","name":"Kuzeyin Sesi","image":{"@type":"ImageObject","inLanguage":"tr","@id":"https:\/\/secure.gravatar.com\/avatar\/bab33852abfd8b282518d6ed81826833d77c3c882d9ab608add591ccace47a44?s=96&d=mm&r=g","url":"https:\/\/secure.gravatar.com\/avatar\/bab33852abfd8b282518d6ed81826833d77c3c882d9ab608add591ccace47a44?s=96&d=mm&r=g","contentUrl":"https:\/\/secure.gravatar.com\/avatar\/bab33852abfd8b282518d6ed81826833d77c3c882d9ab608add591ccace47a44?s=96&d=mm&r=g","caption":"Kuzeyin Sesi"},"sameAs":["https:\/\/kuzeyinsesi.org"],"url":"https:\/\/kuzeyinsesi.org\/index.php\/author\/guven\/"}]}},"_links":{"self":[{"href":"https:\/\/kuzeyinsesi.org\/index.php\/wp-json\/wp\/v2\/posts\/16081","targetHints":{"allow":["GET"]}}],"collection":[{"href":"https:\/\/kuzeyinsesi.org\/index.php\/wp-json\/wp\/v2\/posts"}],"about":[{"href":"https:\/\/kuzeyinsesi.org\/index.php\/wp-json\/wp\/v2\/types\/post"}],"author":[{"embeddable":true,"href":"https:\/\/kuzeyinsesi.org\/index.php\/wp-json\/wp\/v2\/users\/1"}],"replies":[{"embeddable":true,"href":"https:\/\/kuzeyinsesi.org\/index.php\/wp-json\/wp\/v2\/comments?post=16081"}],"version-history":[{"count":0,"href":"https:\/\/kuzeyinsesi.org\/index.php\/wp-json\/wp\/v2\/posts\/16081\/revisions"}],"wp:featuredmedia":[{"embeddable":true,"href":"https:\/\/kuzeyinsesi.org\/index.php\/wp-json\/wp\/v2\/media\/16082"}],"wp:attachment":[{"href":"https:\/\/kuzeyinsesi.org\/index.php\/wp-json\/wp\/v2\/media?parent=16081"}],"wp:term":[{"taxonomy":"category","embeddable":true,"href":"https:\/\/kuzeyinsesi.org\/index.php\/wp-json\/wp\/v2\/categories?post=16081"},{"taxonomy":"post_tag","embeddable":true,"href":"https:\/\/kuzeyinsesi.org\/index.php\/wp-json\/wp\/v2\/tags?post=16081"}],"curies":[{"name":"wp","href":"https:\/\/api.w.org\/{rel}","templated":true}]}}