{"id":16076,"date":"2024-12-21T14:19:19","date_gmt":"2024-12-21T12:19:19","guid":{"rendered":"https:\/\/kuzeyinsesi.org\/index.php\/2024\/12\/21\/burcin-ozkus-fotograf-yarismasina-90-katilim-secici-kurul-degerlendirmesi-basliyor\/"},"modified":"2024-12-21T14:19:19","modified_gmt":"2024-12-21T12:19:19","slug":"burcin-ozkus-fotograf-yarismasina-90-katilim-secici-kurul-degerlendirmesi-basliyor","status":"publish","type":"post","link":"https:\/\/kuzeyinsesi.org\/index.php\/2024\/12\/21\/burcin-ozkus-fotograf-yarismasina-90-katilim-secici-kurul-degerlendirmesi-basliyor\/","title":{"rendered":"Bur\u00e7in \u00d6zku\u015f Foto\u011fraf Yar\u0131\u015fmas\u0131\u2019na 90 kat\u0131l\u0131m\u2026 Se\u00e7ici kurul de\u011ferlendirmesi ba\u015fl\u0131yor"},"content":{"rendered":"<div>\n<div class=\"mariselle-image-container center\">\n                                            <\/div>\n<p> Lefko\u015fa T\u00fcrk Belediyesi ve K\u0131br\u0131s T\u00fcrk Foto\u011fraf Derne\u011fi (FODER) i\u015f birli\u011fiyle d\u00fczenlenen \u201cBur\u00e7in \u00d6zku\u015f Foto\u011fraf Yar\u0131\u015fmas\u0131\u201dna kat\u0131l\u0131m s\u00fcreci sona erdi.<\/p>\n<p>LTB\u2019den yap\u0131lan a\u00e7\u0131klamaya g\u00f6re, yar\u0131\u015fmaya toplam 90 foto\u011fraf\u00e7\u0131 kat\u0131larak, siyah-beyaz portre temal\u0131 foto\u011fraflar\u0131n\u0131 j\u00fcriye sundu.<\/p>\n<p>Yar\u0131\u015fman\u0131n, Lefko\u015fa T\u00fcrk Belediyesi \u00e7al\u0131\u015fan\u0131 ve K\u0131br\u0131s T\u00fcrk Foto\u011fraf Derne\u011fi (FODER) Asba\u015fkan\u0131 olarak da g\u00f6rev yapan merhum Bur\u00e7in \u00d6zku\u015f\u2019un an\u0131s\u0131n\u0131 ya\u015fatmay\u0131 ve foto\u011fraf sanat\u0131na katk\u0131 sa\u011flamay\u0131 ama\u00e7lad\u0131\u011f\u0131 kaydedildi.<\/p>\n<p><strong>-Se\u00e7ici kurul \u00fcyeleri belli oldu<\/strong><\/p>\n<p>Yar\u0131\u015fmada se\u00e7ici kurul, 23 Aral\u0131k 2024 tarihinde ba\u015fvurular\u0131 de\u011ferlendirerek kazananlar\u0131 belirleyecek. Se\u00e7ici kurul \u00fcyeleri \u015fu isimlerden olu\u015fuyor:<\/p>\n<p>\u0130brahim Y\u0131lmaz EFIAP\/g (T\u00fcrkiye), Burak \u015eenbak ESFIAP, EFIAP\/b, GPU HERMES (T\u00fcrkiye), Alexis Saveriades, EFIAP\/d1, GPU CR-2, GPU-VIP-2, GPU-ZEUS, C IAAP (G\u00fcney K\u0131br\u0131s), Yrd. Do\u00e7. Dr. \u0130smail G\u00f6k\u00e7e (KKTC), Kadir Kaba, Foto\u011fraf Sanat\u00e7\u0131s\u0131-Ara\u015ft\u0131rmac\u0131 Yazar (KKTC)<\/p>\n<p><strong>-\u00d6d\u00fcl t\u00f6reni ve sergi 28 Ocak\u2019ta<\/strong><\/p>\n<p>Se\u00e7ici kurul, ba\u015fvuran eserleri sanatsal kalite ve teknik yeterlilik a\u00e7\u0131s\u0131ndan de\u011ferlendirerek kazananlar\u0131 belirleyecek. Kazananlar\u0131n a\u00e7\u0131klanmas\u0131n\u0131n ard\u0131ndan, se\u00e7ilen eserler bir sergiyle ve \u00f6d\u00fcl t\u00f6reni ile sanatseverlerle bulu\u015fturulacak.<\/p>\n<p>23 Aral\u0131k\u2019ta se\u00e7ici kurul de\u011ferlendirmesi yap\u0131lacak yar\u0131\u015fman\u0131n sergi tarihi 28 Ocak olarak a\u00e7\u0131kland\u0131.<\/p>\n<p>Birincilik \u00d6d\u00fcl\u00fc 10 bin TL, ikincilik \u00f6d\u00fcl\u00fc 5 bin TL ve \u00fc\u00e7\u00fcnc\u00fcl\u00fck \u00f6d\u00fcl\u00fc 3 bin TL olarak a\u00e7\u0131klanan yar\u0131\u015fmada ayr\u0131ca Bur\u00e7in \u00d6zku\u015f \u00d6zel \u00d6d\u00fcl\u00fc de verilecek.<\/p>\n<\/p><\/div>\n<p><script async\n                    defer\n                    crossorigin=\"anonymous\"\n                    src=\"https:\/\/connect.facebook.net\/tr_TR\/sdk.js#xfbml=1&#038;version=v3.3\"\n            ><\/script><\/p>\n","protected":false},"excerpt":{"rendered":"<p>Lefko\u015fa T\u00fcrk Belediyesi ve K\u0131br\u0131s T\u00fcrk Foto\u011fraf Derne\u011fi (FODER) i\u015f birli\u011fiyle d\u00fczenlenen \u201cBur\u00e7in \u00d6zku\u015f Foto\u011fraf Yar\u0131\u015fmas\u0131\u201dna kat\u0131l\u0131m s\u00fcreci sona erdi. LTB\u2019den yap\u0131lan a\u00e7\u0131klamaya g\u00f6re, yar\u0131\u015fmaya toplam 90 foto\u011fraf\u00e7\u0131 kat\u0131larak, siyah-beyaz portre temal\u0131 foto\u011fraflar\u0131n\u0131 j\u00fcriye sundu. Yar\u0131\u015fman\u0131n, Lefko\u015fa T\u00fcrk Belediyesi \u00e7al\u0131\u015fan\u0131 ve K\u0131br\u0131s T\u00fcrk Foto\u011fraf Derne\u011fi (FODER) Asba\u015fkan\u0131 olarak da g\u00f6rev yapan merhum Bur\u00e7in \u00d6zku\u015f\u2019un an\u0131s\u0131n\u0131 [&hellip;]<\/p>\n","protected":false},"author":1,"featured_media":16077,"comment_status":"open","ping_status":"open","sticky":false,"template":"","format":"standard","meta":{"jnews-multi-image_gallery":[],"jnews_single_post":[],"jnews_primary_category":[],"jnews_social_meta":[],"jnews_override_counter":[],"footnotes":""},"categories":[6],"tags":[],"class_list":["post-16076","post","type-post","status-publish","format-standard","has-post-thumbnail","hentry","category-yasam"],"yoast_head":"<!-- This site is optimized with the Yoast SEO plugin v27.4 - https:\/\/yoast.com\/product\/yoast-seo-wordpress\/ -->\n<title>Bur\u00e7in \u00d6zku\u015f Foto\u011fraf Yar\u0131\u015fmas\u0131\u2019na 90 kat\u0131l\u0131m\u2026 Se\u00e7ici kurul de\u011ferlendirmesi ba\u015fl\u0131yor - Kuzeyin Sesi<\/title>\n<meta name=\"robots\" content=\"index, follow, max-snippet:-1, max-image-preview:large, max-video-preview:-1\" \/>\n<link rel=\"canonical\" href=\"https:\/\/kuzeyinsesi.org\/index.php\/2024\/12\/21\/burcin-ozkus-fotograf-yarismasina-90-katilim-secici-kurul-degerlendirmesi-basliyor\/\" \/>\n<meta property=\"og:locale\" content=\"tr_TR\" \/>\n<meta property=\"og:type\" content=\"article\" \/>\n<meta property=\"og:title\" content=\"Bur\u00e7in \u00d6zku\u015f Foto\u011fraf Yar\u0131\u015fmas\u0131\u2019na 90 kat\u0131l\u0131m\u2026 Se\u00e7ici kurul de\u011ferlendirmesi ba\u015fl\u0131yor - Kuzeyin Sesi\" \/>\n<meta property=\"og:description\" content=\"Lefko\u015fa T\u00fcrk Belediyesi ve K\u0131br\u0131s T\u00fcrk Foto\u011fraf Derne\u011fi (FODER) i\u015f birli\u011fiyle d\u00fczenlenen \u201cBur\u00e7in \u00d6zku\u015f Foto\u011fraf Yar\u0131\u015fmas\u0131\u201dna kat\u0131l\u0131m s\u00fcreci sona erdi. LTB\u2019den yap\u0131lan a\u00e7\u0131klamaya g\u00f6re, yar\u0131\u015fmaya toplam 90 foto\u011fraf\u00e7\u0131 kat\u0131larak, siyah-beyaz portre temal\u0131 foto\u011fraflar\u0131n\u0131 j\u00fcriye sundu. Yar\u0131\u015fman\u0131n, Lefko\u015fa T\u00fcrk Belediyesi \u00e7al\u0131\u015fan\u0131 ve K\u0131br\u0131s T\u00fcrk Foto\u011fraf Derne\u011fi (FODER) Asba\u015fkan\u0131 olarak da g\u00f6rev yapan merhum Bur\u00e7in \u00d6zku\u015f\u2019un an\u0131s\u0131n\u0131 [&hellip;]\" \/>\n<meta property=\"og:url\" content=\"https:\/\/kuzeyinsesi.org\/index.php\/2024\/12\/21\/burcin-ozkus-fotograf-yarismasina-90-katilim-secici-kurul-degerlendirmesi-basliyor\/\" \/>\n<meta property=\"og:site_name\" content=\"Kuzeyin Sesi\" \/>\n<meta property=\"article:publisher\" content=\"https:\/\/www.facebook.com\/kuzeyinsesii\" \/>\n<meta property=\"article:published_time\" content=\"2024-12-21T12:19:19+00:00\" \/>\n<meta property=\"og:image\" content=\"https:\/\/brtk.net\/wp-content\/uploads\/2024\/12\/21\/burcin-740x420-1.jpg?ver=4a37c5e948399a945d106a2d56d994aa\" \/>\n<meta name=\"author\" content=\"Kuzeyin Sesi\" \/>\n<meta name=\"twitter:card\" content=\"summary_large_image\" \/>\n<meta name=\"twitter:creator\" content=\"@kuzeyinsesii\" \/>\n<meta name=\"twitter:site\" content=\"@kuzeyinsesii\" \/>\n<meta name=\"twitter:label1\" content=\"Yazan:\" \/>\n\t<meta name=\"twitter:data1\" content=\"Kuzeyin Sesi\" \/>\n\t<meta name=\"twitter:label2\" content=\"Tahmini okuma s\u00fcresi\" \/>\n\t<meta name=\"twitter:data2\" content=\"1 dakika\" \/>\n<script type=\"application\/ld+json\" class=\"yoast-schema-graph\">{\"@context\":\"https:\\\/\\\/schema.org\",\"@graph\":[{\"@type\":\"Article\",\"@id\":\"https:\\\/\\\/kuzeyinsesi.org\\\/index.php\\\/2024\\\/12\\\/21\\\/burcin-ozkus-fotograf-yarismasina-90-katilim-secici-kurul-degerlendirmesi-basliyor\\\/#article\",\"isPartOf\":{\"@id\":\"https:\\\/\\\/kuzeyinsesi.org\\\/index.php\\\/2024\\\/12\\\/21\\\/burcin-ozkus-fotograf-yarismasina-90-katilim-secici-kurul-degerlendirmesi-basliyor\\\/\"},\"author\":{\"name\":\"Kuzeyin Sesi\",\"@id\":\"https:\\\/\\\/kuzeyinsesi.org\\\/#\\\/schema\\\/person\\\/9f859689cdf01485597712386e37f5aa\"},\"headline\":\"Bur\u00e7in \u00d6zku\u015f Foto\u011fraf Yar\u0131\u015fmas\u0131\u2019na 90 kat\u0131l\u0131m\u2026 Se\u00e7ici kurul de\u011ferlendirmesi ba\u015fl\u0131yor\",\"datePublished\":\"2024-12-21T12:19:19+00:00\",\"mainEntityOfPage\":{\"@id\":\"https:\\\/\\\/kuzeyinsesi.org\\\/index.php\\\/2024\\\/12\\\/21\\\/burcin-ozkus-fotograf-yarismasina-90-katilim-secici-kurul-degerlendirmesi-basliyor\\\/\"},\"wordCount\":307,\"commentCount\":0,\"image\":{\"@id\":\"https:\\\/\\\/kuzeyinsesi.org\\\/index.php\\\/2024\\\/12\\\/21\\\/burcin-ozkus-fotograf-yarismasina-90-katilim-secici-kurul-degerlendirmesi-basliyor\\\/#primaryimage\"},\"thumbnailUrl\":\"https:\\\/\\\/kuzeyinsesi.org\\\/wp-content\\\/uploads\\\/2024\\\/12\\\/burcin-740x420-1.jpg\",\"articleSection\":[\"Ya\u015fam\"],\"inLanguage\":\"tr\",\"potentialAction\":[{\"@type\":\"CommentAction\",\"name\":\"Comment\",\"target\":[\"https:\\\/\\\/kuzeyinsesi.org\\\/index.php\\\/2024\\\/12\\\/21\\\/burcin-ozkus-fotograf-yarismasina-90-katilim-secici-kurul-degerlendirmesi-basliyor\\\/#respond\"]}]},{\"@type\":\"WebPage\",\"@id\":\"https:\\\/\\\/kuzeyinsesi.org\\\/index.php\\\/2024\\\/12\\\/21\\\/burcin-ozkus-fotograf-yarismasina-90-katilim-secici-kurul-degerlendirmesi-basliyor\\\/\",\"url\":\"https:\\\/\\\/kuzeyinsesi.org\\\/index.php\\\/2024\\\/12\\\/21\\\/burcin-ozkus-fotograf-yarismasina-90-katilim-secici-kurul-degerlendirmesi-basliyor\\\/\",\"name\":\"Bur\u00e7in \u00d6zku\u015f Foto\u011fraf Yar\u0131\u015fmas\u0131\u2019na 90 kat\u0131l\u0131m\u2026 Se\u00e7ici kurul de\u011ferlendirmesi ba\u015fl\u0131yor - Kuzeyin Sesi\",\"isPartOf\":{\"@id\":\"https:\\\/\\\/kuzeyinsesi.org\\\/#website\"},\"primaryImageOfPage\":{\"@id\":\"https:\\\/\\\/kuzeyinsesi.org\\\/index.php\\\/2024\\\/12\\\/21\\\/burcin-ozkus-fotograf-yarismasina-90-katilim-secici-kurul-degerlendirmesi-basliyor\\\/#primaryimage\"},\"image\":{\"@id\":\"https:\\\/\\\/kuzeyinsesi.org\\\/index.php\\\/2024\\\/12\\\/21\\\/burcin-ozkus-fotograf-yarismasina-90-katilim-secici-kurul-degerlendirmesi-basliyor\\\/#primaryimage\"},\"thumbnailUrl\":\"https:\\\/\\\/kuzeyinsesi.org\\\/wp-content\\\/uploads\\\/2024\\\/12\\\/burcin-740x420-1.jpg\",\"datePublished\":\"2024-12-21T12:19:19+00:00\",\"author\":{\"@id\":\"https:\\\/\\\/kuzeyinsesi.org\\\/#\\\/schema\\\/person\\\/9f859689cdf01485597712386e37f5aa\"},\"breadcrumb\":{\"@id\":\"https:\\\/\\\/kuzeyinsesi.org\\\/index.php\\\/2024\\\/12\\\/21\\\/burcin-ozkus-fotograf-yarismasina-90-katilim-secici-kurul-degerlendirmesi-basliyor\\\/#breadcrumb\"},\"inLanguage\":\"tr\",\"potentialAction\":[{\"@type\":\"ReadAction\",\"target\":[\"https:\\\/\\\/kuzeyinsesi.org\\\/index.php\\\/2024\\\/12\\\/21\\\/burcin-ozkus-fotograf-yarismasina-90-katilim-secici-kurul-degerlendirmesi-basliyor\\\/\"]}]},{\"@type\":\"ImageObject\",\"inLanguage\":\"tr\",\"@id\":\"https:\\\/\\\/kuzeyinsesi.org\\\/index.php\\\/2024\\\/12\\\/21\\\/burcin-ozkus-fotograf-yarismasina-90-katilim-secici-kurul-degerlendirmesi-basliyor\\\/#primaryimage\",\"url\":\"https:\\\/\\\/kuzeyinsesi.org\\\/wp-content\\\/uploads\\\/2024\\\/12\\\/burcin-740x420-1.jpg\",\"contentUrl\":\"https:\\\/\\\/kuzeyinsesi.org\\\/wp-content\\\/uploads\\\/2024\\\/12\\\/burcin-740x420-1.jpg\",\"width\":740,\"height\":420},{\"@type\":\"BreadcrumbList\",\"@id\":\"https:\\\/\\\/kuzeyinsesi.org\\\/index.php\\\/2024\\\/12\\\/21\\\/burcin-ozkus-fotograf-yarismasina-90-katilim-secici-kurul-degerlendirmesi-basliyor\\\/#breadcrumb\",\"itemListElement\":[{\"@type\":\"ListItem\",\"position\":1,\"name\":\"Anasayfa\",\"item\":\"https:\\\/\\\/kuzeyinsesi.org\\\/\"},{\"@type\":\"ListItem\",\"position\":2,\"name\":\"Bur\u00e7in \u00d6zku\u015f Foto\u011fraf Yar\u0131\u015fmas\u0131\u2019na 90 kat\u0131l\u0131m\u2026 Se\u00e7ici kurul de\u011ferlendirmesi ba\u015fl\u0131yor\"}]},{\"@type\":\"WebSite\",\"@id\":\"https:\\\/\\\/kuzeyinsesi.org\\\/#website\",\"url\":\"https:\\\/\\\/kuzeyinsesi.org\\\/\",\"name\":\"Kuzeyin Sesi\",\"description\":\"Do\u011fru Haberin Adresi\",\"potentialAction\":[{\"@type\":\"SearchAction\",\"target\":{\"@type\":\"EntryPoint\",\"urlTemplate\":\"https:\\\/\\\/kuzeyinsesi.org\\\/?s={search_term_string}\"},\"query-input\":{\"@type\":\"PropertyValueSpecification\",\"valueRequired\":true,\"valueName\":\"search_term_string\"}}],\"inLanguage\":\"tr\"},{\"@type\":\"Person\",\"@id\":\"https:\\\/\\\/kuzeyinsesi.org\\\/#\\\/schema\\\/person\\\/9f859689cdf01485597712386e37f5aa\",\"name\":\"Kuzeyin Sesi\",\"image\":{\"@type\":\"ImageObject\",\"inLanguage\":\"tr\",\"@id\":\"https:\\\/\\\/secure.gravatar.com\\\/avatar\\\/bab33852abfd8b282518d6ed81826833d77c3c882d9ab608add591ccace47a44?s=96&d=mm&r=g\",\"url\":\"https:\\\/\\\/secure.gravatar.com\\\/avatar\\\/bab33852abfd8b282518d6ed81826833d77c3c882d9ab608add591ccace47a44?s=96&d=mm&r=g\",\"contentUrl\":\"https:\\\/\\\/secure.gravatar.com\\\/avatar\\\/bab33852abfd8b282518d6ed81826833d77c3c882d9ab608add591ccace47a44?s=96&d=mm&r=g\",\"caption\":\"Kuzeyin Sesi\"},\"sameAs\":[\"https:\\\/\\\/kuzeyinsesi.org\"],\"url\":\"https:\\\/\\\/kuzeyinsesi.org\\\/index.php\\\/author\\\/guven\\\/\"}]}<\/script>\n<!-- \/ Yoast SEO plugin. -->","yoast_head_json":{"title":"Bur\u00e7in \u00d6zku\u015f Foto\u011fraf Yar\u0131\u015fmas\u0131\u2019na 90 kat\u0131l\u0131m\u2026 Se\u00e7ici kurul de\u011ferlendirmesi ba\u015fl\u0131yor - Kuzeyin Sesi","robots":{"index":"index","follow":"follow","max-snippet":"max-snippet:-1","max-image-preview":"max-image-preview:large","max-video-preview":"max-video-preview:-1"},"canonical":"https:\/\/kuzeyinsesi.org\/index.php\/2024\/12\/21\/burcin-ozkus-fotograf-yarismasina-90-katilim-secici-kurul-degerlendirmesi-basliyor\/","og_locale":"tr_TR","og_type":"article","og_title":"Bur\u00e7in \u00d6zku\u015f Foto\u011fraf Yar\u0131\u015fmas\u0131\u2019na 90 kat\u0131l\u0131m\u2026 Se\u00e7ici kurul de\u011ferlendirmesi ba\u015fl\u0131yor - Kuzeyin Sesi","og_description":"Lefko\u015fa T\u00fcrk Belediyesi ve K\u0131br\u0131s T\u00fcrk Foto\u011fraf Derne\u011fi (FODER) i\u015f birli\u011fiyle d\u00fczenlenen \u201cBur\u00e7in \u00d6zku\u015f Foto\u011fraf Yar\u0131\u015fmas\u0131\u201dna kat\u0131l\u0131m s\u00fcreci sona erdi. LTB\u2019den yap\u0131lan a\u00e7\u0131klamaya g\u00f6re, yar\u0131\u015fmaya toplam 90 foto\u011fraf\u00e7\u0131 kat\u0131larak, siyah-beyaz portre temal\u0131 foto\u011fraflar\u0131n\u0131 j\u00fcriye sundu. Yar\u0131\u015fman\u0131n, Lefko\u015fa T\u00fcrk Belediyesi \u00e7al\u0131\u015fan\u0131 ve K\u0131br\u0131s T\u00fcrk Foto\u011fraf Derne\u011fi (FODER) Asba\u015fkan\u0131 olarak da g\u00f6rev yapan merhum Bur\u00e7in \u00d6zku\u015f\u2019un an\u0131s\u0131n\u0131 [&hellip;]","og_url":"https:\/\/kuzeyinsesi.org\/index.php\/2024\/12\/21\/burcin-ozkus-fotograf-yarismasina-90-katilim-secici-kurul-degerlendirmesi-basliyor\/","og_site_name":"Kuzeyin Sesi","article_publisher":"https:\/\/www.facebook.com\/kuzeyinsesii","article_published_time":"2024-12-21T12:19:19+00:00","og_image":[{"url":"https:\/\/brtk.net\/wp-content\/uploads\/2024\/12\/21\/burcin-740x420-1.jpg?ver=4a37c5e948399a945d106a2d56d994aa","type":"","width":"","height":""}],"author":"Kuzeyin Sesi","twitter_card":"summary_large_image","twitter_creator":"@kuzeyinsesii","twitter_site":"@kuzeyinsesii","twitter_misc":{"Yazan:":"Kuzeyin Sesi","Tahmini okuma s\u00fcresi":"1 dakika"},"schema":{"@context":"https:\/\/schema.org","@graph":[{"@type":"Article","@id":"https:\/\/kuzeyinsesi.org\/index.php\/2024\/12\/21\/burcin-ozkus-fotograf-yarismasina-90-katilim-secici-kurul-degerlendirmesi-basliyor\/#article","isPartOf":{"@id":"https:\/\/kuzeyinsesi.org\/index.php\/2024\/12\/21\/burcin-ozkus-fotograf-yarismasina-90-katilim-secici-kurul-degerlendirmesi-basliyor\/"},"author":{"name":"Kuzeyin Sesi","@id":"https:\/\/kuzeyinsesi.org\/#\/schema\/person\/9f859689cdf01485597712386e37f5aa"},"headline":"Bur\u00e7in \u00d6zku\u015f Foto\u011fraf Yar\u0131\u015fmas\u0131\u2019na 90 kat\u0131l\u0131m\u2026 Se\u00e7ici kurul de\u011ferlendirmesi ba\u015fl\u0131yor","datePublished":"2024-12-21T12:19:19+00:00","mainEntityOfPage":{"@id":"https:\/\/kuzeyinsesi.org\/index.php\/2024\/12\/21\/burcin-ozkus-fotograf-yarismasina-90-katilim-secici-kurul-degerlendirmesi-basliyor\/"},"wordCount":307,"commentCount":0,"image":{"@id":"https:\/\/kuzeyinsesi.org\/index.php\/2024\/12\/21\/burcin-ozkus-fotograf-yarismasina-90-katilim-secici-kurul-degerlendirmesi-basliyor\/#primaryimage"},"thumbnailUrl":"https:\/\/kuzeyinsesi.org\/wp-content\/uploads\/2024\/12\/burcin-740x420-1.jpg","articleSection":["Ya\u015fam"],"inLanguage":"tr","potentialAction":[{"@type":"CommentAction","name":"Comment","target":["https:\/\/kuzeyinsesi.org\/index.php\/2024\/12\/21\/burcin-ozkus-fotograf-yarismasina-90-katilim-secici-kurul-degerlendirmesi-basliyor\/#respond"]}]},{"@type":"WebPage","@id":"https:\/\/kuzeyinsesi.org\/index.php\/2024\/12\/21\/burcin-ozkus-fotograf-yarismasina-90-katilim-secici-kurul-degerlendirmesi-basliyor\/","url":"https:\/\/kuzeyinsesi.org\/index.php\/2024\/12\/21\/burcin-ozkus-fotograf-yarismasina-90-katilim-secici-kurul-degerlendirmesi-basliyor\/","name":"Bur\u00e7in \u00d6zku\u015f Foto\u011fraf Yar\u0131\u015fmas\u0131\u2019na 90 kat\u0131l\u0131m\u2026 Se\u00e7ici kurul de\u011ferlendirmesi ba\u015fl\u0131yor - Kuzeyin Sesi","isPartOf":{"@id":"https:\/\/kuzeyinsesi.org\/#website"},"primaryImageOfPage":{"@id":"https:\/\/kuzeyinsesi.org\/index.php\/2024\/12\/21\/burcin-ozkus-fotograf-yarismasina-90-katilim-secici-kurul-degerlendirmesi-basliyor\/#primaryimage"},"image":{"@id":"https:\/\/kuzeyinsesi.org\/index.php\/2024\/12\/21\/burcin-ozkus-fotograf-yarismasina-90-katilim-secici-kurul-degerlendirmesi-basliyor\/#primaryimage"},"thumbnailUrl":"https:\/\/kuzeyinsesi.org\/wp-content\/uploads\/2024\/12\/burcin-740x420-1.jpg","datePublished":"2024-12-21T12:19:19+00:00","author":{"@id":"https:\/\/kuzeyinsesi.org\/#\/schema\/person\/9f859689cdf01485597712386e37f5aa"},"breadcrumb":{"@id":"https:\/\/kuzeyinsesi.org\/index.php\/2024\/12\/21\/burcin-ozkus-fotograf-yarismasina-90-katilim-secici-kurul-degerlendirmesi-basliyor\/#breadcrumb"},"inLanguage":"tr","potentialAction":[{"@type":"ReadAction","target":["https:\/\/kuzeyinsesi.org\/index.php\/2024\/12\/21\/burcin-ozkus-fotograf-yarismasina-90-katilim-secici-kurul-degerlendirmesi-basliyor\/"]}]},{"@type":"ImageObject","inLanguage":"tr","@id":"https:\/\/kuzeyinsesi.org\/index.php\/2024\/12\/21\/burcin-ozkus-fotograf-yarismasina-90-katilim-secici-kurul-degerlendirmesi-basliyor\/#primaryimage","url":"https:\/\/kuzeyinsesi.org\/wp-content\/uploads\/2024\/12\/burcin-740x420-1.jpg","contentUrl":"https:\/\/kuzeyinsesi.org\/wp-content\/uploads\/2024\/12\/burcin-740x420-1.jpg","width":740,"height":420},{"@type":"BreadcrumbList","@id":"https:\/\/kuzeyinsesi.org\/index.php\/2024\/12\/21\/burcin-ozkus-fotograf-yarismasina-90-katilim-secici-kurul-degerlendirmesi-basliyor\/#breadcrumb","itemListElement":[{"@type":"ListItem","position":1,"name":"Anasayfa","item":"https:\/\/kuzeyinsesi.org\/"},{"@type":"ListItem","position":2,"name":"Bur\u00e7in \u00d6zku\u015f Foto\u011fraf Yar\u0131\u015fmas\u0131\u2019na 90 kat\u0131l\u0131m\u2026 Se\u00e7ici kurul de\u011ferlendirmesi ba\u015fl\u0131yor"}]},{"@type":"WebSite","@id":"https:\/\/kuzeyinsesi.org\/#website","url":"https:\/\/kuzeyinsesi.org\/","name":"Kuzeyin Sesi","description":"Do\u011fru Haberin Adresi","potentialAction":[{"@type":"SearchAction","target":{"@type":"EntryPoint","urlTemplate":"https:\/\/kuzeyinsesi.org\/?s={search_term_string}"},"query-input":{"@type":"PropertyValueSpecification","valueRequired":true,"valueName":"search_term_string"}}],"inLanguage":"tr"},{"@type":"Person","@id":"https:\/\/kuzeyinsesi.org\/#\/schema\/person\/9f859689cdf01485597712386e37f5aa","name":"Kuzeyin Sesi","image":{"@type":"ImageObject","inLanguage":"tr","@id":"https:\/\/secure.gravatar.com\/avatar\/bab33852abfd8b282518d6ed81826833d77c3c882d9ab608add591ccace47a44?s=96&d=mm&r=g","url":"https:\/\/secure.gravatar.com\/avatar\/bab33852abfd8b282518d6ed81826833d77c3c882d9ab608add591ccace47a44?s=96&d=mm&r=g","contentUrl":"https:\/\/secure.gravatar.com\/avatar\/bab33852abfd8b282518d6ed81826833d77c3c882d9ab608add591ccace47a44?s=96&d=mm&r=g","caption":"Kuzeyin Sesi"},"sameAs":["https:\/\/kuzeyinsesi.org"],"url":"https:\/\/kuzeyinsesi.org\/index.php\/author\/guven\/"}]}},"_links":{"self":[{"href":"https:\/\/kuzeyinsesi.org\/index.php\/wp-json\/wp\/v2\/posts\/16076","targetHints":{"allow":["GET"]}}],"collection":[{"href":"https:\/\/kuzeyinsesi.org\/index.php\/wp-json\/wp\/v2\/posts"}],"about":[{"href":"https:\/\/kuzeyinsesi.org\/index.php\/wp-json\/wp\/v2\/types\/post"}],"author":[{"embeddable":true,"href":"https:\/\/kuzeyinsesi.org\/index.php\/wp-json\/wp\/v2\/users\/1"}],"replies":[{"embeddable":true,"href":"https:\/\/kuzeyinsesi.org\/index.php\/wp-json\/wp\/v2\/comments?post=16076"}],"version-history":[{"count":0,"href":"https:\/\/kuzeyinsesi.org\/index.php\/wp-json\/wp\/v2\/posts\/16076\/revisions"}],"wp:featuredmedia":[{"embeddable":true,"href":"https:\/\/kuzeyinsesi.org\/index.php\/wp-json\/wp\/v2\/media\/16077"}],"wp:attachment":[{"href":"https:\/\/kuzeyinsesi.org\/index.php\/wp-json\/wp\/v2\/media?parent=16076"}],"wp:term":[{"taxonomy":"category","embeddable":true,"href":"https:\/\/kuzeyinsesi.org\/index.php\/wp-json\/wp\/v2\/categories?post=16076"},{"taxonomy":"post_tag","embeddable":true,"href":"https:\/\/kuzeyinsesi.org\/index.php\/wp-json\/wp\/v2\/tags?post=16076"}],"curies":[{"name":"wp","href":"https:\/\/api.w.org\/{rel}","templated":true}]}}