{"id":16071,"date":"2024-12-21T13:50:25","date_gmt":"2024-12-21T11:50:25","guid":{"rendered":"https:\/\/kuzeyinsesi.org\/index.php\/2024\/12\/21\/ardahan-sifirin-altinda-233-dereceyle-turkiyenin-en-soguk-ili-oldu\/"},"modified":"2024-12-21T13:50:25","modified_gmt":"2024-12-21T11:50:25","slug":"ardahan-sifirin-altinda-233-dereceyle-turkiyenin-en-soguk-ili-oldu","status":"publish","type":"post","link":"https:\/\/kuzeyinsesi.org\/index.php\/2024\/12\/21\/ardahan-sifirin-altinda-233-dereceyle-turkiyenin-en-soguk-ili-oldu\/","title":{"rendered":"Ardahan s\u0131f\u0131r\u0131n alt\u0131nda 23,3 dereceyle T\u00fcrkiye\u2019nin en so\u011fuk ili oldu"},"content":{"rendered":"<div>\n<div class=\"mariselle-image-container center\">\n                <img decoding=\"async\" width=\"2560\" height=\"1707\" class=\"lazy-image\" alt=\"\" sizes=\"(max-width: 2560px) 100vw, 2560px\" src=\"https:\/\/brtk.net\/wp-content\/uploads\/2024\/12\/21\/arrr-scaled.jpg?ver=d11721858c0cc53d9f7f1e9f1fef0ab0\" srcset=\"https:\/\/brtk.net\/wp-content\/uploads\/2024\/12\/21\/arrr-scaled.jpg?ver=d11721858c0cc53d9f7f1e9f1fef0ab0 2560w, https:\/\/brtk.net\/wp-content\/uploads\/2024\/12\/21\/arrr-300x200.jpg?ver=4d7be1d66cf0cc79ddf0a109f014837d 300w, https:\/\/brtk.net\/wp-content\/uploads\/2024\/12\/21\/arrr-1024x683.jpg?ver=cbb023a8259181ac2c57f3d15db8125c 1024w, https:\/\/brtk.net\/wp-content\/uploads\/2024\/12\/21\/arrr-768x512.jpg?ver=cbb023a8259181ac2c57f3d15db8125c 768w, https:\/\/brtk.net\/wp-content\/uploads\/2024\/12\/21\/arrr-1536x1024.jpg?ver=4e5e9ac8e19182197ced0bea310194da 1536w, https:\/\/brtk.net\/wp-content\/uploads\/2024\/12\/21\/arrr-2048x1365.jpg?ver=fcebd35fbc934dff9000884a438970e1 2048w\"\/>                            <\/div>\n<p>Ardahan\u2019\u0131n G\u00f6le il\u00e7esi, gece s\u0131f\u0131r\u0131n alt\u0131nda 23,3 dereceyle T\u00fcrkiye\u2019nin en so\u011fuk yeri olarak kay\u0131tlara ge\u00e7ti.<\/p>\n<p>Meteoroloji Genel M\u00fcd\u00fcrl\u00fc\u011f\u00fcn\u00fcn internet sitesinde yer alan verilere g\u00f6re, g\u00fcn\u00fcn en d\u00fc\u015f\u00fck s\u0131cakl\u0131\u011f\u0131n\u0131n \u00f6l\u00e7\u00fcld\u00fc\u011f\u00fc G\u00f6le\u2019yi, s\u0131f\u0131r\u0131n alt\u0131nda 20,6 dereceyle ayn\u0131 il\u00e7enin Yavuzlar k\u00f6y\u00fc, 19,5 dereceyle de Kayseri\u2019nin P\u0131narba\u015f\u0131 il\u00e7esi Pazarsu k\u00f6y\u00fc takip etti.<\/p>\n<p>Dondurucu so\u011fuklar\u0131n etkili oldu\u011fu G\u00f6le il\u00e7esinde, a\u011fa\u00e7lar k\u0131ra\u011f\u0131yla kapland\u0131, \u00e7at\u0131larda buz sark\u0131tlar\u0131 olu\u015ftu. Yol ve kald\u0131r\u0131mlar\u0131n buzla kapland\u0131\u011f\u0131 il\u00e7ede ara\u00e7lar ilerlemekte g\u00fc\u00e7l\u00fck \u00e7ekti.<\/p>\n<p>Gece hava s\u0131cakl\u0131\u011f\u0131n\u0131n s\u0131f\u0131r\u0131n alt\u0131nda 17 derece \u00f6l\u00e7\u00fcld\u00fc\u011f\u00fc Ardahan\u2019da da a\u011fa\u00e7lar k\u0131ra\u011f\u0131 tuttu, yol ve kald\u0131r\u0131mlarda buzlanma olu\u015ftu.<\/p>\n<\/p><\/div>\n<p><script async\n                    defer\n                    crossorigin=\"anonymous\"\n                    src=\"https:\/\/connect.facebook.net\/tr_TR\/sdk.js#xfbml=1&#038;version=v3.3\"\n            ><\/script><\/p>\n","protected":false},"excerpt":{"rendered":"<p>Ardahan\u2019\u0131n G\u00f6le il\u00e7esi, gece s\u0131f\u0131r\u0131n alt\u0131nda 23,3 dereceyle T\u00fcrkiye\u2019nin en so\u011fuk yeri olarak kay\u0131tlara ge\u00e7ti. Meteoroloji Genel M\u00fcd\u00fcrl\u00fc\u011f\u00fcn\u00fcn internet sitesinde yer alan verilere g\u00f6re, g\u00fcn\u00fcn en d\u00fc\u015f\u00fck s\u0131cakl\u0131\u011f\u0131n\u0131n \u00f6l\u00e7\u00fcld\u00fc\u011f\u00fc G\u00f6le\u2019yi, s\u0131f\u0131r\u0131n alt\u0131nda 20,6 dereceyle ayn\u0131 il\u00e7enin Yavuzlar k\u00f6y\u00fc, 19,5 dereceyle de Kayseri\u2019nin P\u0131narba\u015f\u0131 il\u00e7esi Pazarsu k\u00f6y\u00fc takip etti. Dondurucu so\u011fuklar\u0131n etkili oldu\u011fu G\u00f6le il\u00e7esinde, a\u011fa\u00e7lar [&hellip;]<\/p>\n","protected":false},"author":1,"featured_media":0,"comment_status":"open","ping_status":"open","sticky":false,"template":"","format":"standard","meta":{"jnews-multi-image_gallery":[],"jnews_single_post":[],"jnews_primary_category":[],"jnews_social_meta":[],"jnews_override_counter":[],"footnotes":""},"categories":[5],"tags":[],"class_list":["post-16071","post","type-post","status-publish","format-standard","hentry","category-turkiye"],"yoast_head":"<!-- This site is optimized with the Yoast SEO plugin v27.4 - https:\/\/yoast.com\/product\/yoast-seo-wordpress\/ -->\n<title>Ardahan s\u0131f\u0131r\u0131n alt\u0131nda 23,3 dereceyle T\u00fcrkiye\u2019nin en so\u011fuk ili oldu - Kuzeyin Sesi<\/title>\n<meta name=\"robots\" content=\"index, follow, max-snippet:-1, max-image-preview:large, max-video-preview:-1\" \/>\n<link rel=\"canonical\" href=\"https:\/\/kuzeyinsesi.org\/index.php\/2024\/12\/21\/ardahan-sifirin-altinda-233-dereceyle-turkiyenin-en-soguk-ili-oldu\/\" \/>\n<meta property=\"og:locale\" content=\"tr_TR\" \/>\n<meta property=\"og:type\" content=\"article\" \/>\n<meta property=\"og:title\" content=\"Ardahan s\u0131f\u0131r\u0131n alt\u0131nda 23,3 dereceyle T\u00fcrkiye\u2019nin en so\u011fuk ili oldu - Kuzeyin Sesi\" \/>\n<meta property=\"og:description\" content=\"Ardahan\u2019\u0131n G\u00f6le il\u00e7esi, gece s\u0131f\u0131r\u0131n alt\u0131nda 23,3 dereceyle T\u00fcrkiye\u2019nin en so\u011fuk yeri olarak kay\u0131tlara ge\u00e7ti. Meteoroloji Genel M\u00fcd\u00fcrl\u00fc\u011f\u00fcn\u00fcn internet sitesinde yer alan verilere g\u00f6re, g\u00fcn\u00fcn en d\u00fc\u015f\u00fck s\u0131cakl\u0131\u011f\u0131n\u0131n \u00f6l\u00e7\u00fcld\u00fc\u011f\u00fc G\u00f6le\u2019yi, s\u0131f\u0131r\u0131n alt\u0131nda 20,6 dereceyle ayn\u0131 il\u00e7enin Yavuzlar k\u00f6y\u00fc, 19,5 dereceyle de Kayseri\u2019nin P\u0131narba\u015f\u0131 il\u00e7esi Pazarsu k\u00f6y\u00fc takip etti. Dondurucu so\u011fuklar\u0131n etkili oldu\u011fu G\u00f6le il\u00e7esinde, a\u011fa\u00e7lar [&hellip;]\" \/>\n<meta property=\"og:url\" content=\"https:\/\/kuzeyinsesi.org\/index.php\/2024\/12\/21\/ardahan-sifirin-altinda-233-dereceyle-turkiyenin-en-soguk-ili-oldu\/\" \/>\n<meta property=\"og:site_name\" content=\"Kuzeyin Sesi\" \/>\n<meta property=\"article:publisher\" content=\"https:\/\/www.facebook.com\/kuzeyinsesii\" \/>\n<meta property=\"article:published_time\" content=\"2024-12-21T11:50:25+00:00\" \/>\n<meta property=\"og:image\" content=\"https:\/\/brtk.net\/wp-content\/uploads\/2024\/12\/21\/arrr-scaled.jpg?ver=d11721858c0cc53d9f7f1e9f1fef0ab0\" \/>\n<meta name=\"author\" content=\"Kuzeyin Sesi\" \/>\n<meta name=\"twitter:card\" content=\"summary_large_image\" \/>\n<meta name=\"twitter:creator\" content=\"@kuzeyinsesii\" \/>\n<meta name=\"twitter:site\" content=\"@kuzeyinsesii\" \/>\n<meta name=\"twitter:label1\" content=\"Yazan:\" \/>\n\t<meta name=\"twitter:data1\" content=\"Kuzeyin Sesi\" \/>\n\t<meta name=\"twitter:label2\" content=\"Tahmini okuma s\u00fcresi\" \/>\n\t<meta name=\"twitter:data2\" content=\"1 dakika\" \/>\n<script type=\"application\/ld+json\" class=\"yoast-schema-graph\">{\"@context\":\"https:\\\/\\\/schema.org\",\"@graph\":[{\"@type\":\"Article\",\"@id\":\"https:\\\/\\\/kuzeyinsesi.org\\\/index.php\\\/2024\\\/12\\\/21\\\/ardahan-sifirin-altinda-233-dereceyle-turkiyenin-en-soguk-ili-oldu\\\/#article\",\"isPartOf\":{\"@id\":\"https:\\\/\\\/kuzeyinsesi.org\\\/index.php\\\/2024\\\/12\\\/21\\\/ardahan-sifirin-altinda-233-dereceyle-turkiyenin-en-soguk-ili-oldu\\\/\"},\"author\":{\"name\":\"Kuzeyin Sesi\",\"@id\":\"https:\\\/\\\/kuzeyinsesi.org\\\/#\\\/schema\\\/person\\\/9f859689cdf01485597712386e37f5aa\"},\"headline\":\"Ardahan s\u0131f\u0131r\u0131n alt\u0131nda 23,3 dereceyle T\u00fcrkiye\u2019nin en so\u011fuk ili oldu\",\"datePublished\":\"2024-12-21T11:50:25+00:00\",\"mainEntityOfPage\":{\"@id\":\"https:\\\/\\\/kuzeyinsesi.org\\\/index.php\\\/2024\\\/12\\\/21\\\/ardahan-sifirin-altinda-233-dereceyle-turkiyenin-en-soguk-ili-oldu\\\/\"},\"wordCount\":171,\"commentCount\":0,\"image\":{\"@id\":\"https:\\\/\\\/kuzeyinsesi.org\\\/index.php\\\/2024\\\/12\\\/21\\\/ardahan-sifirin-altinda-233-dereceyle-turkiyenin-en-soguk-ili-oldu\\\/#primaryimage\"},\"thumbnailUrl\":\"https:\\\/\\\/brtk.net\\\/wp-content\\\/uploads\\\/2024\\\/12\\\/21\\\/arrr-scaled.jpg?ver=d11721858c0cc53d9f7f1e9f1fef0ab0\",\"articleSection\":[\"T\u00fcrkiye\"],\"inLanguage\":\"tr\",\"potentialAction\":[{\"@type\":\"CommentAction\",\"name\":\"Comment\",\"target\":[\"https:\\\/\\\/kuzeyinsesi.org\\\/index.php\\\/2024\\\/12\\\/21\\\/ardahan-sifirin-altinda-233-dereceyle-turkiyenin-en-soguk-ili-oldu\\\/#respond\"]}]},{\"@type\":\"WebPage\",\"@id\":\"https:\\\/\\\/kuzeyinsesi.org\\\/index.php\\\/2024\\\/12\\\/21\\\/ardahan-sifirin-altinda-233-dereceyle-turkiyenin-en-soguk-ili-oldu\\\/\",\"url\":\"https:\\\/\\\/kuzeyinsesi.org\\\/index.php\\\/2024\\\/12\\\/21\\\/ardahan-sifirin-altinda-233-dereceyle-turkiyenin-en-soguk-ili-oldu\\\/\",\"name\":\"Ardahan s\u0131f\u0131r\u0131n alt\u0131nda 23,3 dereceyle T\u00fcrkiye\u2019nin en so\u011fuk ili oldu - Kuzeyin Sesi\",\"isPartOf\":{\"@id\":\"https:\\\/\\\/kuzeyinsesi.org\\\/#website\"},\"primaryImageOfPage\":{\"@id\":\"https:\\\/\\\/kuzeyinsesi.org\\\/index.php\\\/2024\\\/12\\\/21\\\/ardahan-sifirin-altinda-233-dereceyle-turkiyenin-en-soguk-ili-oldu\\\/#primaryimage\"},\"image\":{\"@id\":\"https:\\\/\\\/kuzeyinsesi.org\\\/index.php\\\/2024\\\/12\\\/21\\\/ardahan-sifirin-altinda-233-dereceyle-turkiyenin-en-soguk-ili-oldu\\\/#primaryimage\"},\"thumbnailUrl\":\"https:\\\/\\\/brtk.net\\\/wp-content\\\/uploads\\\/2024\\\/12\\\/21\\\/arrr-scaled.jpg?ver=d11721858c0cc53d9f7f1e9f1fef0ab0\",\"datePublished\":\"2024-12-21T11:50:25+00:00\",\"author\":{\"@id\":\"https:\\\/\\\/kuzeyinsesi.org\\\/#\\\/schema\\\/person\\\/9f859689cdf01485597712386e37f5aa\"},\"breadcrumb\":{\"@id\":\"https:\\\/\\\/kuzeyinsesi.org\\\/index.php\\\/2024\\\/12\\\/21\\\/ardahan-sifirin-altinda-233-dereceyle-turkiyenin-en-soguk-ili-oldu\\\/#breadcrumb\"},\"inLanguage\":\"tr\",\"potentialAction\":[{\"@type\":\"ReadAction\",\"target\":[\"https:\\\/\\\/kuzeyinsesi.org\\\/index.php\\\/2024\\\/12\\\/21\\\/ardahan-sifirin-altinda-233-dereceyle-turkiyenin-en-soguk-ili-oldu\\\/\"]}]},{\"@type\":\"ImageObject\",\"inLanguage\":\"tr\",\"@id\":\"https:\\\/\\\/kuzeyinsesi.org\\\/index.php\\\/2024\\\/12\\\/21\\\/ardahan-sifirin-altinda-233-dereceyle-turkiyenin-en-soguk-ili-oldu\\\/#primaryimage\",\"url\":\"https:\\\/\\\/brtk.net\\\/wp-content\\\/uploads\\\/2024\\\/12\\\/21\\\/arrr-scaled.jpg?ver=d11721858c0cc53d9f7f1e9f1fef0ab0\",\"contentUrl\":\"https:\\\/\\\/brtk.net\\\/wp-content\\\/uploads\\\/2024\\\/12\\\/21\\\/arrr-scaled.jpg?ver=d11721858c0cc53d9f7f1e9f1fef0ab0\"},{\"@type\":\"BreadcrumbList\",\"@id\":\"https:\\\/\\\/kuzeyinsesi.org\\\/index.php\\\/2024\\\/12\\\/21\\\/ardahan-sifirin-altinda-233-dereceyle-turkiyenin-en-soguk-ili-oldu\\\/#breadcrumb\",\"itemListElement\":[{\"@type\":\"ListItem\",\"position\":1,\"name\":\"Anasayfa\",\"item\":\"https:\\\/\\\/kuzeyinsesi.org\\\/\"},{\"@type\":\"ListItem\",\"position\":2,\"name\":\"Ardahan s\u0131f\u0131r\u0131n alt\u0131nda 23,3 dereceyle T\u00fcrkiye\u2019nin en so\u011fuk ili oldu\"}]},{\"@type\":\"WebSite\",\"@id\":\"https:\\\/\\\/kuzeyinsesi.org\\\/#website\",\"url\":\"https:\\\/\\\/kuzeyinsesi.org\\\/\",\"name\":\"Kuzeyin Sesi\",\"description\":\"Do\u011fru Haberin Adresi\",\"potentialAction\":[{\"@type\":\"SearchAction\",\"target\":{\"@type\":\"EntryPoint\",\"urlTemplate\":\"https:\\\/\\\/kuzeyinsesi.org\\\/?s={search_term_string}\"},\"query-input\":{\"@type\":\"PropertyValueSpecification\",\"valueRequired\":true,\"valueName\":\"search_term_string\"}}],\"inLanguage\":\"tr\"},{\"@type\":\"Person\",\"@id\":\"https:\\\/\\\/kuzeyinsesi.org\\\/#\\\/schema\\\/person\\\/9f859689cdf01485597712386e37f5aa\",\"name\":\"Kuzeyin Sesi\",\"image\":{\"@type\":\"ImageObject\",\"inLanguage\":\"tr\",\"@id\":\"https:\\\/\\\/secure.gravatar.com\\\/avatar\\\/bab33852abfd8b282518d6ed81826833d77c3c882d9ab608add591ccace47a44?s=96&d=mm&r=g\",\"url\":\"https:\\\/\\\/secure.gravatar.com\\\/avatar\\\/bab33852abfd8b282518d6ed81826833d77c3c882d9ab608add591ccace47a44?s=96&d=mm&r=g\",\"contentUrl\":\"https:\\\/\\\/secure.gravatar.com\\\/avatar\\\/bab33852abfd8b282518d6ed81826833d77c3c882d9ab608add591ccace47a44?s=96&d=mm&r=g\",\"caption\":\"Kuzeyin Sesi\"},\"sameAs\":[\"https:\\\/\\\/kuzeyinsesi.org\"],\"url\":\"https:\\\/\\\/kuzeyinsesi.org\\\/index.php\\\/author\\\/guven\\\/\"}]}<\/script>\n<!-- \/ Yoast SEO plugin. -->","yoast_head_json":{"title":"Ardahan s\u0131f\u0131r\u0131n alt\u0131nda 23,3 dereceyle T\u00fcrkiye\u2019nin en so\u011fuk ili oldu - Kuzeyin Sesi","robots":{"index":"index","follow":"follow","max-snippet":"max-snippet:-1","max-image-preview":"max-image-preview:large","max-video-preview":"max-video-preview:-1"},"canonical":"https:\/\/kuzeyinsesi.org\/index.php\/2024\/12\/21\/ardahan-sifirin-altinda-233-dereceyle-turkiyenin-en-soguk-ili-oldu\/","og_locale":"tr_TR","og_type":"article","og_title":"Ardahan s\u0131f\u0131r\u0131n alt\u0131nda 23,3 dereceyle T\u00fcrkiye\u2019nin en so\u011fuk ili oldu - Kuzeyin Sesi","og_description":"Ardahan\u2019\u0131n G\u00f6le il\u00e7esi, gece s\u0131f\u0131r\u0131n alt\u0131nda 23,3 dereceyle T\u00fcrkiye\u2019nin en so\u011fuk yeri olarak kay\u0131tlara ge\u00e7ti. Meteoroloji Genel M\u00fcd\u00fcrl\u00fc\u011f\u00fcn\u00fcn internet sitesinde yer alan verilere g\u00f6re, g\u00fcn\u00fcn en d\u00fc\u015f\u00fck s\u0131cakl\u0131\u011f\u0131n\u0131n \u00f6l\u00e7\u00fcld\u00fc\u011f\u00fc G\u00f6le\u2019yi, s\u0131f\u0131r\u0131n alt\u0131nda 20,6 dereceyle ayn\u0131 il\u00e7enin Yavuzlar k\u00f6y\u00fc, 19,5 dereceyle de Kayseri\u2019nin P\u0131narba\u015f\u0131 il\u00e7esi Pazarsu k\u00f6y\u00fc takip etti. Dondurucu so\u011fuklar\u0131n etkili oldu\u011fu G\u00f6le il\u00e7esinde, a\u011fa\u00e7lar [&hellip;]","og_url":"https:\/\/kuzeyinsesi.org\/index.php\/2024\/12\/21\/ardahan-sifirin-altinda-233-dereceyle-turkiyenin-en-soguk-ili-oldu\/","og_site_name":"Kuzeyin Sesi","article_publisher":"https:\/\/www.facebook.com\/kuzeyinsesii","article_published_time":"2024-12-21T11:50:25+00:00","og_image":[{"url":"https:\/\/brtk.net\/wp-content\/uploads\/2024\/12\/21\/arrr-scaled.jpg?ver=d11721858c0cc53d9f7f1e9f1fef0ab0","type":"","width":"","height":""}],"author":"Kuzeyin Sesi","twitter_card":"summary_large_image","twitter_creator":"@kuzeyinsesii","twitter_site":"@kuzeyinsesii","twitter_misc":{"Yazan:":"Kuzeyin Sesi","Tahmini okuma s\u00fcresi":"1 dakika"},"schema":{"@context":"https:\/\/schema.org","@graph":[{"@type":"Article","@id":"https:\/\/kuzeyinsesi.org\/index.php\/2024\/12\/21\/ardahan-sifirin-altinda-233-dereceyle-turkiyenin-en-soguk-ili-oldu\/#article","isPartOf":{"@id":"https:\/\/kuzeyinsesi.org\/index.php\/2024\/12\/21\/ardahan-sifirin-altinda-233-dereceyle-turkiyenin-en-soguk-ili-oldu\/"},"author":{"name":"Kuzeyin Sesi","@id":"https:\/\/kuzeyinsesi.org\/#\/schema\/person\/9f859689cdf01485597712386e37f5aa"},"headline":"Ardahan s\u0131f\u0131r\u0131n alt\u0131nda 23,3 dereceyle T\u00fcrkiye\u2019nin en so\u011fuk ili oldu","datePublished":"2024-12-21T11:50:25+00:00","mainEntityOfPage":{"@id":"https:\/\/kuzeyinsesi.org\/index.php\/2024\/12\/21\/ardahan-sifirin-altinda-233-dereceyle-turkiyenin-en-soguk-ili-oldu\/"},"wordCount":171,"commentCount":0,"image":{"@id":"https:\/\/kuzeyinsesi.org\/index.php\/2024\/12\/21\/ardahan-sifirin-altinda-233-dereceyle-turkiyenin-en-soguk-ili-oldu\/#primaryimage"},"thumbnailUrl":"https:\/\/brtk.net\/wp-content\/uploads\/2024\/12\/21\/arrr-scaled.jpg?ver=d11721858c0cc53d9f7f1e9f1fef0ab0","articleSection":["T\u00fcrkiye"],"inLanguage":"tr","potentialAction":[{"@type":"CommentAction","name":"Comment","target":["https:\/\/kuzeyinsesi.org\/index.php\/2024\/12\/21\/ardahan-sifirin-altinda-233-dereceyle-turkiyenin-en-soguk-ili-oldu\/#respond"]}]},{"@type":"WebPage","@id":"https:\/\/kuzeyinsesi.org\/index.php\/2024\/12\/21\/ardahan-sifirin-altinda-233-dereceyle-turkiyenin-en-soguk-ili-oldu\/","url":"https:\/\/kuzeyinsesi.org\/index.php\/2024\/12\/21\/ardahan-sifirin-altinda-233-dereceyle-turkiyenin-en-soguk-ili-oldu\/","name":"Ardahan s\u0131f\u0131r\u0131n alt\u0131nda 23,3 dereceyle T\u00fcrkiye\u2019nin en so\u011fuk ili oldu - Kuzeyin Sesi","isPartOf":{"@id":"https:\/\/kuzeyinsesi.org\/#website"},"primaryImageOfPage":{"@id":"https:\/\/kuzeyinsesi.org\/index.php\/2024\/12\/21\/ardahan-sifirin-altinda-233-dereceyle-turkiyenin-en-soguk-ili-oldu\/#primaryimage"},"image":{"@id":"https:\/\/kuzeyinsesi.org\/index.php\/2024\/12\/21\/ardahan-sifirin-altinda-233-dereceyle-turkiyenin-en-soguk-ili-oldu\/#primaryimage"},"thumbnailUrl":"https:\/\/brtk.net\/wp-content\/uploads\/2024\/12\/21\/arrr-scaled.jpg?ver=d11721858c0cc53d9f7f1e9f1fef0ab0","datePublished":"2024-12-21T11:50:25+00:00","author":{"@id":"https:\/\/kuzeyinsesi.org\/#\/schema\/person\/9f859689cdf01485597712386e37f5aa"},"breadcrumb":{"@id":"https:\/\/kuzeyinsesi.org\/index.php\/2024\/12\/21\/ardahan-sifirin-altinda-233-dereceyle-turkiyenin-en-soguk-ili-oldu\/#breadcrumb"},"inLanguage":"tr","potentialAction":[{"@type":"ReadAction","target":["https:\/\/kuzeyinsesi.org\/index.php\/2024\/12\/21\/ardahan-sifirin-altinda-233-dereceyle-turkiyenin-en-soguk-ili-oldu\/"]}]},{"@type":"ImageObject","inLanguage":"tr","@id":"https:\/\/kuzeyinsesi.org\/index.php\/2024\/12\/21\/ardahan-sifirin-altinda-233-dereceyle-turkiyenin-en-soguk-ili-oldu\/#primaryimage","url":"https:\/\/brtk.net\/wp-content\/uploads\/2024\/12\/21\/arrr-scaled.jpg?ver=d11721858c0cc53d9f7f1e9f1fef0ab0","contentUrl":"https:\/\/brtk.net\/wp-content\/uploads\/2024\/12\/21\/arrr-scaled.jpg?ver=d11721858c0cc53d9f7f1e9f1fef0ab0"},{"@type":"BreadcrumbList","@id":"https:\/\/kuzeyinsesi.org\/index.php\/2024\/12\/21\/ardahan-sifirin-altinda-233-dereceyle-turkiyenin-en-soguk-ili-oldu\/#breadcrumb","itemListElement":[{"@type":"ListItem","position":1,"name":"Anasayfa","item":"https:\/\/kuzeyinsesi.org\/"},{"@type":"ListItem","position":2,"name":"Ardahan s\u0131f\u0131r\u0131n alt\u0131nda 23,3 dereceyle T\u00fcrkiye\u2019nin en so\u011fuk ili oldu"}]},{"@type":"WebSite","@id":"https:\/\/kuzeyinsesi.org\/#website","url":"https:\/\/kuzeyinsesi.org\/","name":"Kuzeyin Sesi","description":"Do\u011fru Haberin Adresi","potentialAction":[{"@type":"SearchAction","target":{"@type":"EntryPoint","urlTemplate":"https:\/\/kuzeyinsesi.org\/?s={search_term_string}"},"query-input":{"@type":"PropertyValueSpecification","valueRequired":true,"valueName":"search_term_string"}}],"inLanguage":"tr"},{"@type":"Person","@id":"https:\/\/kuzeyinsesi.org\/#\/schema\/person\/9f859689cdf01485597712386e37f5aa","name":"Kuzeyin Sesi","image":{"@type":"ImageObject","inLanguage":"tr","@id":"https:\/\/secure.gravatar.com\/avatar\/bab33852abfd8b282518d6ed81826833d77c3c882d9ab608add591ccace47a44?s=96&d=mm&r=g","url":"https:\/\/secure.gravatar.com\/avatar\/bab33852abfd8b282518d6ed81826833d77c3c882d9ab608add591ccace47a44?s=96&d=mm&r=g","contentUrl":"https:\/\/secure.gravatar.com\/avatar\/bab33852abfd8b282518d6ed81826833d77c3c882d9ab608add591ccace47a44?s=96&d=mm&r=g","caption":"Kuzeyin Sesi"},"sameAs":["https:\/\/kuzeyinsesi.org"],"url":"https:\/\/kuzeyinsesi.org\/index.php\/author\/guven\/"}]}},"_links":{"self":[{"href":"https:\/\/kuzeyinsesi.org\/index.php\/wp-json\/wp\/v2\/posts\/16071","targetHints":{"allow":["GET"]}}],"collection":[{"href":"https:\/\/kuzeyinsesi.org\/index.php\/wp-json\/wp\/v2\/posts"}],"about":[{"href":"https:\/\/kuzeyinsesi.org\/index.php\/wp-json\/wp\/v2\/types\/post"}],"author":[{"embeddable":true,"href":"https:\/\/kuzeyinsesi.org\/index.php\/wp-json\/wp\/v2\/users\/1"}],"replies":[{"embeddable":true,"href":"https:\/\/kuzeyinsesi.org\/index.php\/wp-json\/wp\/v2\/comments?post=16071"}],"version-history":[{"count":0,"href":"https:\/\/kuzeyinsesi.org\/index.php\/wp-json\/wp\/v2\/posts\/16071\/revisions"}],"wp:attachment":[{"href":"https:\/\/kuzeyinsesi.org\/index.php\/wp-json\/wp\/v2\/media?parent=16071"}],"wp:term":[{"taxonomy":"category","embeddable":true,"href":"https:\/\/kuzeyinsesi.org\/index.php\/wp-json\/wp\/v2\/categories?post=16071"},{"taxonomy":"post_tag","embeddable":true,"href":"https:\/\/kuzeyinsesi.org\/index.php\/wp-json\/wp\/v2\/tags?post=16071"}],"curies":[{"name":"wp","href":"https:\/\/api.w.org\/{rel}","templated":true}]}}