{"id":16069,"date":"2024-12-21T13:23:36","date_gmt":"2024-12-21T11:23:36","guid":{"rendered":"https:\/\/kuzeyinsesi.org\/index.php\/2024\/12\/21\/erzurumda-palandoken-daginda-sporcularin-uzerine-cig-dustu-bir-sporcu-hayatini-kaybetti\/"},"modified":"2024-12-21T13:23:36","modified_gmt":"2024-12-21T11:23:36","slug":"erzurumda-palandoken-daginda-sporcularin-uzerine-cig-dustu-bir-sporcu-hayatini-kaybetti","status":"publish","type":"post","link":"https:\/\/kuzeyinsesi.org\/index.php\/2024\/12\/21\/erzurumda-palandoken-daginda-sporcularin-uzerine-cig-dustu-bir-sporcu-hayatini-kaybetti\/","title":{"rendered":"Erzurum\u2019da Paland\u00f6ken Da\u011f\u0131\u2019nda sporcular\u0131n \u00fczerine \u00e7\u0131\u011f d\u00fc\u015ft\u00fc\u2026 Bir sporcu hayat\u0131n\u0131 kaybetti"},"content":{"rendered":"<div>\n<div class=\"mariselle-image-container center\">\n                                            <\/div>\n<p>\nT\u00fcrkiye\u2019nin Erzurum ilinde bulunan Paland\u00f6ken Da\u011f\u0131\u2019nda antrenman yapan sporcular\u0131n \u00fczerine \u00e7\u0131\u011f d\u00fc\u015ft\u00fc. Olayda \u00fc\u00e7 ki\u015fi yaraland\u0131, bir sporcu hayat\u0131n\u0131 kaybetti.<\/p>\n<p>\u0130l Afet ve Acil Durum M\u00fcd\u00fcr\u00fc Selahattin Karsl\u0131, AA muhabirine, Paland\u00f6ken\u2019de kayak pistlerinin olmad\u0131\u011f\u0131 bir alana \u00e7\u0131\u011f d\u00fc\u015ft\u00fc\u011f\u00fcn\u00fc s\u00f6yledi.<\/p>\n<p>Karsl\u0131, \u201c\u00c7\u0131\u011f alt\u0131nda insanlar\u0131n oldu\u011fu s\u00f6ylendi. B\u00f6lgede JAK ekiplerimiz var. Biz de yeti\u015ftik. Sporcular izinsiz olarak antrenmana \u00e7\u0131km\u0131\u015f. \u00c7ok dik olan mevkide \u00e7\u0131\u011fa kap\u0131lm\u0131\u015flar. 4 ki\u015fi kendi imkanlar\u0131 ve jandarma taraf\u0131ndan indirildi, sa\u011f \u00e7\u0131kar\u0131ld\u0131. Bir karde\u015fimiz \u015fu anda 2 metre \u00e7\u0131\u011f alt\u0131ndan \u00e7\u0131kar\u0131ld\u0131. Muhtemelen boynunda ve belli b\u00f6lgelerinde k\u0131r\u0131klar var.\u201d dedi.<\/p>\n<p>Erzurum Valisi Mustafa \u00c7ift\u00e7i, yapt\u0131\u011f\u0131 a\u00e7\u0131klamada, saat 10.00 s\u0131ralar\u0131nda Paland\u00f6ken\u2019de Judo Gen\u00e7 Milli Tak\u0131m\u0131n\u0131n 15 ki\u015filik sporcu ekibinin, ba\u015flar\u0131nda da antren\u00f6rleriyle, kondisyon depolamak i\u00e7in do\u011fa y\u00fcr\u00fcy\u00fc\u015f\u00fcne \u00e7\u0131kt\u0131\u011f\u0131n\u0131 ancak o s\u0131rada \u00e7\u0131\u011f hadisesi meydana geldi\u011fini s\u00f6yledi.<\/p>\n<p>Olayda 4 sporcunun \u00e7\u0131\u011f alt\u0131nda kald\u0131\u011f\u0131n\u0131 anlatan \u00c7ift\u00e7i, \u015funlar\u0131 kaydetti:<\/p>\n<p>\u201c3 sporcu kendi \u00e7abalar\u0131yla \u00e7\u0131k\u0131yorlar fakat 16 ya\u015f\u0131ndaki bir sporcumuz, ilk \u00e7\u0131kt\u0131\u011f\u0131nda nefes ald\u0131\u011f\u0131n\u0131 ifade etti arkada\u015flar\u0131m\u0131z, sonras\u0131nda kurtar\u0131lam\u0131yor ve hayat\u0131n\u0131 kaybediyor. Ba\u015f\u0131m\u0131z sa\u011f olsun. 1 sporcumuz hayat\u0131n\u0131 kaybetti, 3 yaral\u0131m\u0131z var.<\/p>\n<p>Olay\u0131 ilk haber ald\u0131\u011f\u0131m\u0131z andan itibaren AFAD ekiplerimizi, JAK ekiplerimizi, sa\u011fl\u0131k ekiplerimizi b\u00f6lgeye sevk ettik, maalesef t\u00fcm m\u00fcdahalelere ra\u011fmen bir sporcumuzu kurtarmak m\u00fcmk\u00fcn olmuyor. 15 sporcu ve bir antren\u00f6rle beraber 16 ki\u015fi vard\u0131. 3 yaral\u0131m\u0131z\u0131n durumu iyi, bir s\u0131k\u0131nt\u0131 yok. Kurtarma \u00e7al\u0131\u015fmalar\u0131m\u0131z sona erdi.\u201d<\/p>\n<p>Vali \u00c7ift\u00e7i, hayat\u0131n\u0131 kaybeden sporcunun 16 ya\u015f\u0131ndaki Emre Yazgan oldu\u011funu bildirdi.<\/p>\n<\/p><\/div>\n<p><script async\n                    defer\n                    crossorigin=\"anonymous\"\n                    src=\"https:\/\/connect.facebook.net\/tr_TR\/sdk.js#xfbml=1&#038;version=v3.3\"\n            ><\/script><\/p>\n","protected":false},"excerpt":{"rendered":"<p>T\u00fcrkiye\u2019nin Erzurum ilinde bulunan Paland\u00f6ken Da\u011f\u0131\u2019nda antrenman yapan sporcular\u0131n \u00fczerine \u00e7\u0131\u011f d\u00fc\u015ft\u00fc. Olayda \u00fc\u00e7 ki\u015fi yaraland\u0131, bir sporcu hayat\u0131n\u0131 kaybetti. \u0130l Afet ve Acil Durum M\u00fcd\u00fcr\u00fc Selahattin Karsl\u0131, AA muhabirine, Paland\u00f6ken\u2019de kayak pistlerinin olmad\u0131\u011f\u0131 bir alana \u00e7\u0131\u011f d\u00fc\u015ft\u00fc\u011f\u00fcn\u00fc s\u00f6yledi. Karsl\u0131, \u201c\u00c7\u0131\u011f alt\u0131nda insanlar\u0131n oldu\u011fu s\u00f6ylendi. B\u00f6lgede JAK ekiplerimiz var. Biz de yeti\u015ftik. Sporcular izinsiz olarak [&hellip;]<\/p>\n","protected":false},"author":1,"featured_media":16070,"comment_status":"open","ping_status":"open","sticky":false,"template":"","format":"standard","meta":{"jnews-multi-image_gallery":[],"jnews_single_post":[],"jnews_primary_category":[],"jnews_social_meta":[],"jnews_override_counter":[],"footnotes":""},"categories":[5],"tags":[],"class_list":["post-16069","post","type-post","status-publish","format-standard","has-post-thumbnail","hentry","category-turkiye"],"yoast_head":"<!-- This site is optimized with the Yoast SEO plugin v27.4 - https:\/\/yoast.com\/product\/yoast-seo-wordpress\/ -->\n<title>Erzurum\u2019da Paland\u00f6ken Da\u011f\u0131\u2019nda sporcular\u0131n \u00fczerine \u00e7\u0131\u011f d\u00fc\u015ft\u00fc\u2026 Bir sporcu hayat\u0131n\u0131 kaybetti - Kuzeyin Sesi<\/title>\n<meta name=\"robots\" content=\"index, follow, max-snippet:-1, max-image-preview:large, max-video-preview:-1\" \/>\n<link rel=\"canonical\" href=\"https:\/\/kuzeyinsesi.org\/index.php\/2024\/12\/21\/erzurumda-palandoken-daginda-sporcularin-uzerine-cig-dustu-bir-sporcu-hayatini-kaybetti\/\" \/>\n<meta property=\"og:locale\" content=\"tr_TR\" \/>\n<meta property=\"og:type\" content=\"article\" \/>\n<meta property=\"og:title\" content=\"Erzurum\u2019da Paland\u00f6ken Da\u011f\u0131\u2019nda sporcular\u0131n \u00fczerine \u00e7\u0131\u011f d\u00fc\u015ft\u00fc\u2026 Bir sporcu hayat\u0131n\u0131 kaybetti - Kuzeyin Sesi\" \/>\n<meta property=\"og:description\" content=\"T\u00fcrkiye\u2019nin Erzurum ilinde bulunan Paland\u00f6ken Da\u011f\u0131\u2019nda antrenman yapan sporcular\u0131n \u00fczerine \u00e7\u0131\u011f d\u00fc\u015ft\u00fc. Olayda \u00fc\u00e7 ki\u015fi yaraland\u0131, bir sporcu hayat\u0131n\u0131 kaybetti. \u0130l Afet ve Acil Durum M\u00fcd\u00fcr\u00fc Selahattin Karsl\u0131, AA muhabirine, Paland\u00f6ken\u2019de kayak pistlerinin olmad\u0131\u011f\u0131 bir alana \u00e7\u0131\u011f d\u00fc\u015ft\u00fc\u011f\u00fcn\u00fc s\u00f6yledi. Karsl\u0131, \u201c\u00c7\u0131\u011f alt\u0131nda insanlar\u0131n oldu\u011fu s\u00f6ylendi. B\u00f6lgede JAK ekiplerimiz var. Biz de yeti\u015ftik. Sporcular izinsiz olarak [&hellip;]\" \/>\n<meta property=\"og:url\" content=\"https:\/\/kuzeyinsesi.org\/index.php\/2024\/12\/21\/erzurumda-palandoken-daginda-sporcularin-uzerine-cig-dustu-bir-sporcu-hayatini-kaybetti\/\" \/>\n<meta property=\"og:site_name\" content=\"Kuzeyin Sesi\" \/>\n<meta property=\"article:publisher\" content=\"https:\/\/www.facebook.com\/kuzeyinsesii\" \/>\n<meta property=\"article:published_time\" content=\"2024-12-21T11:23:36+00:00\" \/>\n<meta property=\"og:image\" content=\"https:\/\/brtk.net\/wp-content\/uploads\/2024\/12\/21\/er-scaled.jpg?ver=ba5d033c5c3031738d56113d96c20299\" \/>\n<meta name=\"author\" content=\"Kuzeyin Sesi\" \/>\n<meta name=\"twitter:card\" content=\"summary_large_image\" \/>\n<meta name=\"twitter:creator\" content=\"@kuzeyinsesii\" \/>\n<meta name=\"twitter:site\" content=\"@kuzeyinsesii\" \/>\n<meta name=\"twitter:label1\" content=\"Yazan:\" \/>\n\t<meta name=\"twitter:data1\" content=\"Kuzeyin Sesi\" \/>\n\t<meta name=\"twitter:label2\" content=\"Tahmini okuma s\u00fcresi\" \/>\n\t<meta name=\"twitter:data2\" content=\"2 dakika\" \/>\n<script type=\"application\/ld+json\" class=\"yoast-schema-graph\">{\"@context\":\"https:\\\/\\\/schema.org\",\"@graph\":[{\"@type\":\"Article\",\"@id\":\"https:\\\/\\\/kuzeyinsesi.org\\\/index.php\\\/2024\\\/12\\\/21\\\/erzurumda-palandoken-daginda-sporcularin-uzerine-cig-dustu-bir-sporcu-hayatini-kaybetti\\\/#article\",\"isPartOf\":{\"@id\":\"https:\\\/\\\/kuzeyinsesi.org\\\/index.php\\\/2024\\\/12\\\/21\\\/erzurumda-palandoken-daginda-sporcularin-uzerine-cig-dustu-bir-sporcu-hayatini-kaybetti\\\/\"},\"author\":{\"name\":\"Kuzeyin Sesi\",\"@id\":\"https:\\\/\\\/kuzeyinsesi.org\\\/#\\\/schema\\\/person\\\/9f859689cdf01485597712386e37f5aa\"},\"headline\":\"Erzurum\u2019da Paland\u00f6ken Da\u011f\u0131\u2019nda sporcular\u0131n \u00fczerine \u00e7\u0131\u011f d\u00fc\u015ft\u00fc\u2026 Bir sporcu hayat\u0131n\u0131 kaybetti\",\"datePublished\":\"2024-12-21T11:23:36+00:00\",\"mainEntityOfPage\":{\"@id\":\"https:\\\/\\\/kuzeyinsesi.org\\\/index.php\\\/2024\\\/12\\\/21\\\/erzurumda-palandoken-daginda-sporcularin-uzerine-cig-dustu-bir-sporcu-hayatini-kaybetti\\\/\"},\"wordCount\":316,\"commentCount\":0,\"image\":{\"@id\":\"https:\\\/\\\/kuzeyinsesi.org\\\/index.php\\\/2024\\\/12\\\/21\\\/erzurumda-palandoken-daginda-sporcularin-uzerine-cig-dustu-bir-sporcu-hayatini-kaybetti\\\/#primaryimage\"},\"thumbnailUrl\":\"https:\\\/\\\/kuzeyinsesi.org\\\/wp-content\\\/uploads\\\/2024\\\/12\\\/er-scaled.jpg\",\"articleSection\":[\"T\u00fcrkiye\"],\"inLanguage\":\"tr\",\"potentialAction\":[{\"@type\":\"CommentAction\",\"name\":\"Comment\",\"target\":[\"https:\\\/\\\/kuzeyinsesi.org\\\/index.php\\\/2024\\\/12\\\/21\\\/erzurumda-palandoken-daginda-sporcularin-uzerine-cig-dustu-bir-sporcu-hayatini-kaybetti\\\/#respond\"]}]},{\"@type\":\"WebPage\",\"@id\":\"https:\\\/\\\/kuzeyinsesi.org\\\/index.php\\\/2024\\\/12\\\/21\\\/erzurumda-palandoken-daginda-sporcularin-uzerine-cig-dustu-bir-sporcu-hayatini-kaybetti\\\/\",\"url\":\"https:\\\/\\\/kuzeyinsesi.org\\\/index.php\\\/2024\\\/12\\\/21\\\/erzurumda-palandoken-daginda-sporcularin-uzerine-cig-dustu-bir-sporcu-hayatini-kaybetti\\\/\",\"name\":\"Erzurum\u2019da Paland\u00f6ken Da\u011f\u0131\u2019nda sporcular\u0131n \u00fczerine \u00e7\u0131\u011f d\u00fc\u015ft\u00fc\u2026 Bir sporcu hayat\u0131n\u0131 kaybetti - Kuzeyin Sesi\",\"isPartOf\":{\"@id\":\"https:\\\/\\\/kuzeyinsesi.org\\\/#website\"},\"primaryImageOfPage\":{\"@id\":\"https:\\\/\\\/kuzeyinsesi.org\\\/index.php\\\/2024\\\/12\\\/21\\\/erzurumda-palandoken-daginda-sporcularin-uzerine-cig-dustu-bir-sporcu-hayatini-kaybetti\\\/#primaryimage\"},\"image\":{\"@id\":\"https:\\\/\\\/kuzeyinsesi.org\\\/index.php\\\/2024\\\/12\\\/21\\\/erzurumda-palandoken-daginda-sporcularin-uzerine-cig-dustu-bir-sporcu-hayatini-kaybetti\\\/#primaryimage\"},\"thumbnailUrl\":\"https:\\\/\\\/kuzeyinsesi.org\\\/wp-content\\\/uploads\\\/2024\\\/12\\\/er-scaled.jpg\",\"datePublished\":\"2024-12-21T11:23:36+00:00\",\"author\":{\"@id\":\"https:\\\/\\\/kuzeyinsesi.org\\\/#\\\/schema\\\/person\\\/9f859689cdf01485597712386e37f5aa\"},\"breadcrumb\":{\"@id\":\"https:\\\/\\\/kuzeyinsesi.org\\\/index.php\\\/2024\\\/12\\\/21\\\/erzurumda-palandoken-daginda-sporcularin-uzerine-cig-dustu-bir-sporcu-hayatini-kaybetti\\\/#breadcrumb\"},\"inLanguage\":\"tr\",\"potentialAction\":[{\"@type\":\"ReadAction\",\"target\":[\"https:\\\/\\\/kuzeyinsesi.org\\\/index.php\\\/2024\\\/12\\\/21\\\/erzurumda-palandoken-daginda-sporcularin-uzerine-cig-dustu-bir-sporcu-hayatini-kaybetti\\\/\"]}]},{\"@type\":\"ImageObject\",\"inLanguage\":\"tr\",\"@id\":\"https:\\\/\\\/kuzeyinsesi.org\\\/index.php\\\/2024\\\/12\\\/21\\\/erzurumda-palandoken-daginda-sporcularin-uzerine-cig-dustu-bir-sporcu-hayatini-kaybetti\\\/#primaryimage\",\"url\":\"https:\\\/\\\/kuzeyinsesi.org\\\/wp-content\\\/uploads\\\/2024\\\/12\\\/er-scaled.jpg\",\"contentUrl\":\"https:\\\/\\\/kuzeyinsesi.org\\\/wp-content\\\/uploads\\\/2024\\\/12\\\/er-scaled.jpg\",\"width\":2560,\"height\":1920},{\"@type\":\"BreadcrumbList\",\"@id\":\"https:\\\/\\\/kuzeyinsesi.org\\\/index.php\\\/2024\\\/12\\\/21\\\/erzurumda-palandoken-daginda-sporcularin-uzerine-cig-dustu-bir-sporcu-hayatini-kaybetti\\\/#breadcrumb\",\"itemListElement\":[{\"@type\":\"ListItem\",\"position\":1,\"name\":\"Anasayfa\",\"item\":\"https:\\\/\\\/kuzeyinsesi.org\\\/\"},{\"@type\":\"ListItem\",\"position\":2,\"name\":\"Erzurum\u2019da Paland\u00f6ken Da\u011f\u0131\u2019nda sporcular\u0131n \u00fczerine \u00e7\u0131\u011f d\u00fc\u015ft\u00fc\u2026 Bir sporcu hayat\u0131n\u0131 kaybetti\"}]},{\"@type\":\"WebSite\",\"@id\":\"https:\\\/\\\/kuzeyinsesi.org\\\/#website\",\"url\":\"https:\\\/\\\/kuzeyinsesi.org\\\/\",\"name\":\"Kuzeyin Sesi\",\"description\":\"Do\u011fru Haberin Adresi\",\"potentialAction\":[{\"@type\":\"SearchAction\",\"target\":{\"@type\":\"EntryPoint\",\"urlTemplate\":\"https:\\\/\\\/kuzeyinsesi.org\\\/?s={search_term_string}\"},\"query-input\":{\"@type\":\"PropertyValueSpecification\",\"valueRequired\":true,\"valueName\":\"search_term_string\"}}],\"inLanguage\":\"tr\"},{\"@type\":\"Person\",\"@id\":\"https:\\\/\\\/kuzeyinsesi.org\\\/#\\\/schema\\\/person\\\/9f859689cdf01485597712386e37f5aa\",\"name\":\"Kuzeyin Sesi\",\"image\":{\"@type\":\"ImageObject\",\"inLanguage\":\"tr\",\"@id\":\"https:\\\/\\\/secure.gravatar.com\\\/avatar\\\/bab33852abfd8b282518d6ed81826833d77c3c882d9ab608add591ccace47a44?s=96&d=mm&r=g\",\"url\":\"https:\\\/\\\/secure.gravatar.com\\\/avatar\\\/bab33852abfd8b282518d6ed81826833d77c3c882d9ab608add591ccace47a44?s=96&d=mm&r=g\",\"contentUrl\":\"https:\\\/\\\/secure.gravatar.com\\\/avatar\\\/bab33852abfd8b282518d6ed81826833d77c3c882d9ab608add591ccace47a44?s=96&d=mm&r=g\",\"caption\":\"Kuzeyin Sesi\"},\"sameAs\":[\"https:\\\/\\\/kuzeyinsesi.org\"],\"url\":\"https:\\\/\\\/kuzeyinsesi.org\\\/index.php\\\/author\\\/guven\\\/\"}]}<\/script>\n<!-- \/ Yoast SEO plugin. -->","yoast_head_json":{"title":"Erzurum\u2019da Paland\u00f6ken Da\u011f\u0131\u2019nda sporcular\u0131n \u00fczerine \u00e7\u0131\u011f d\u00fc\u015ft\u00fc\u2026 Bir sporcu hayat\u0131n\u0131 kaybetti - Kuzeyin Sesi","robots":{"index":"index","follow":"follow","max-snippet":"max-snippet:-1","max-image-preview":"max-image-preview:large","max-video-preview":"max-video-preview:-1"},"canonical":"https:\/\/kuzeyinsesi.org\/index.php\/2024\/12\/21\/erzurumda-palandoken-daginda-sporcularin-uzerine-cig-dustu-bir-sporcu-hayatini-kaybetti\/","og_locale":"tr_TR","og_type":"article","og_title":"Erzurum\u2019da Paland\u00f6ken Da\u011f\u0131\u2019nda sporcular\u0131n \u00fczerine \u00e7\u0131\u011f d\u00fc\u015ft\u00fc\u2026 Bir sporcu hayat\u0131n\u0131 kaybetti - Kuzeyin Sesi","og_description":"T\u00fcrkiye\u2019nin Erzurum ilinde bulunan Paland\u00f6ken Da\u011f\u0131\u2019nda antrenman yapan sporcular\u0131n \u00fczerine \u00e7\u0131\u011f d\u00fc\u015ft\u00fc. Olayda \u00fc\u00e7 ki\u015fi yaraland\u0131, bir sporcu hayat\u0131n\u0131 kaybetti. \u0130l Afet ve Acil Durum M\u00fcd\u00fcr\u00fc Selahattin Karsl\u0131, AA muhabirine, Paland\u00f6ken\u2019de kayak pistlerinin olmad\u0131\u011f\u0131 bir alana \u00e7\u0131\u011f d\u00fc\u015ft\u00fc\u011f\u00fcn\u00fc s\u00f6yledi. Karsl\u0131, \u201c\u00c7\u0131\u011f alt\u0131nda insanlar\u0131n oldu\u011fu s\u00f6ylendi. B\u00f6lgede JAK ekiplerimiz var. Biz de yeti\u015ftik. Sporcular izinsiz olarak [&hellip;]","og_url":"https:\/\/kuzeyinsesi.org\/index.php\/2024\/12\/21\/erzurumda-palandoken-daginda-sporcularin-uzerine-cig-dustu-bir-sporcu-hayatini-kaybetti\/","og_site_name":"Kuzeyin Sesi","article_publisher":"https:\/\/www.facebook.com\/kuzeyinsesii","article_published_time":"2024-12-21T11:23:36+00:00","og_image":[{"url":"https:\/\/brtk.net\/wp-content\/uploads\/2024\/12\/21\/er-scaled.jpg?ver=ba5d033c5c3031738d56113d96c20299","type":"","width":"","height":""}],"author":"Kuzeyin Sesi","twitter_card":"summary_large_image","twitter_creator":"@kuzeyinsesii","twitter_site":"@kuzeyinsesii","twitter_misc":{"Yazan:":"Kuzeyin Sesi","Tahmini okuma s\u00fcresi":"2 dakika"},"schema":{"@context":"https:\/\/schema.org","@graph":[{"@type":"Article","@id":"https:\/\/kuzeyinsesi.org\/index.php\/2024\/12\/21\/erzurumda-palandoken-daginda-sporcularin-uzerine-cig-dustu-bir-sporcu-hayatini-kaybetti\/#article","isPartOf":{"@id":"https:\/\/kuzeyinsesi.org\/index.php\/2024\/12\/21\/erzurumda-palandoken-daginda-sporcularin-uzerine-cig-dustu-bir-sporcu-hayatini-kaybetti\/"},"author":{"name":"Kuzeyin Sesi","@id":"https:\/\/kuzeyinsesi.org\/#\/schema\/person\/9f859689cdf01485597712386e37f5aa"},"headline":"Erzurum\u2019da Paland\u00f6ken Da\u011f\u0131\u2019nda sporcular\u0131n \u00fczerine \u00e7\u0131\u011f d\u00fc\u015ft\u00fc\u2026 Bir sporcu hayat\u0131n\u0131 kaybetti","datePublished":"2024-12-21T11:23:36+00:00","mainEntityOfPage":{"@id":"https:\/\/kuzeyinsesi.org\/index.php\/2024\/12\/21\/erzurumda-palandoken-daginda-sporcularin-uzerine-cig-dustu-bir-sporcu-hayatini-kaybetti\/"},"wordCount":316,"commentCount":0,"image":{"@id":"https:\/\/kuzeyinsesi.org\/index.php\/2024\/12\/21\/erzurumda-palandoken-daginda-sporcularin-uzerine-cig-dustu-bir-sporcu-hayatini-kaybetti\/#primaryimage"},"thumbnailUrl":"https:\/\/kuzeyinsesi.org\/wp-content\/uploads\/2024\/12\/er-scaled.jpg","articleSection":["T\u00fcrkiye"],"inLanguage":"tr","potentialAction":[{"@type":"CommentAction","name":"Comment","target":["https:\/\/kuzeyinsesi.org\/index.php\/2024\/12\/21\/erzurumda-palandoken-daginda-sporcularin-uzerine-cig-dustu-bir-sporcu-hayatini-kaybetti\/#respond"]}]},{"@type":"WebPage","@id":"https:\/\/kuzeyinsesi.org\/index.php\/2024\/12\/21\/erzurumda-palandoken-daginda-sporcularin-uzerine-cig-dustu-bir-sporcu-hayatini-kaybetti\/","url":"https:\/\/kuzeyinsesi.org\/index.php\/2024\/12\/21\/erzurumda-palandoken-daginda-sporcularin-uzerine-cig-dustu-bir-sporcu-hayatini-kaybetti\/","name":"Erzurum\u2019da Paland\u00f6ken Da\u011f\u0131\u2019nda sporcular\u0131n \u00fczerine \u00e7\u0131\u011f d\u00fc\u015ft\u00fc\u2026 Bir sporcu hayat\u0131n\u0131 kaybetti - Kuzeyin Sesi","isPartOf":{"@id":"https:\/\/kuzeyinsesi.org\/#website"},"primaryImageOfPage":{"@id":"https:\/\/kuzeyinsesi.org\/index.php\/2024\/12\/21\/erzurumda-palandoken-daginda-sporcularin-uzerine-cig-dustu-bir-sporcu-hayatini-kaybetti\/#primaryimage"},"image":{"@id":"https:\/\/kuzeyinsesi.org\/index.php\/2024\/12\/21\/erzurumda-palandoken-daginda-sporcularin-uzerine-cig-dustu-bir-sporcu-hayatini-kaybetti\/#primaryimage"},"thumbnailUrl":"https:\/\/kuzeyinsesi.org\/wp-content\/uploads\/2024\/12\/er-scaled.jpg","datePublished":"2024-12-21T11:23:36+00:00","author":{"@id":"https:\/\/kuzeyinsesi.org\/#\/schema\/person\/9f859689cdf01485597712386e37f5aa"},"breadcrumb":{"@id":"https:\/\/kuzeyinsesi.org\/index.php\/2024\/12\/21\/erzurumda-palandoken-daginda-sporcularin-uzerine-cig-dustu-bir-sporcu-hayatini-kaybetti\/#breadcrumb"},"inLanguage":"tr","potentialAction":[{"@type":"ReadAction","target":["https:\/\/kuzeyinsesi.org\/index.php\/2024\/12\/21\/erzurumda-palandoken-daginda-sporcularin-uzerine-cig-dustu-bir-sporcu-hayatini-kaybetti\/"]}]},{"@type":"ImageObject","inLanguage":"tr","@id":"https:\/\/kuzeyinsesi.org\/index.php\/2024\/12\/21\/erzurumda-palandoken-daginda-sporcularin-uzerine-cig-dustu-bir-sporcu-hayatini-kaybetti\/#primaryimage","url":"https:\/\/kuzeyinsesi.org\/wp-content\/uploads\/2024\/12\/er-scaled.jpg","contentUrl":"https:\/\/kuzeyinsesi.org\/wp-content\/uploads\/2024\/12\/er-scaled.jpg","width":2560,"height":1920},{"@type":"BreadcrumbList","@id":"https:\/\/kuzeyinsesi.org\/index.php\/2024\/12\/21\/erzurumda-palandoken-daginda-sporcularin-uzerine-cig-dustu-bir-sporcu-hayatini-kaybetti\/#breadcrumb","itemListElement":[{"@type":"ListItem","position":1,"name":"Anasayfa","item":"https:\/\/kuzeyinsesi.org\/"},{"@type":"ListItem","position":2,"name":"Erzurum\u2019da Paland\u00f6ken Da\u011f\u0131\u2019nda sporcular\u0131n \u00fczerine \u00e7\u0131\u011f d\u00fc\u015ft\u00fc\u2026 Bir sporcu hayat\u0131n\u0131 kaybetti"}]},{"@type":"WebSite","@id":"https:\/\/kuzeyinsesi.org\/#website","url":"https:\/\/kuzeyinsesi.org\/","name":"Kuzeyin Sesi","description":"Do\u011fru Haberin Adresi","potentialAction":[{"@type":"SearchAction","target":{"@type":"EntryPoint","urlTemplate":"https:\/\/kuzeyinsesi.org\/?s={search_term_string}"},"query-input":{"@type":"PropertyValueSpecification","valueRequired":true,"valueName":"search_term_string"}}],"inLanguage":"tr"},{"@type":"Person","@id":"https:\/\/kuzeyinsesi.org\/#\/schema\/person\/9f859689cdf01485597712386e37f5aa","name":"Kuzeyin Sesi","image":{"@type":"ImageObject","inLanguage":"tr","@id":"https:\/\/secure.gravatar.com\/avatar\/bab33852abfd8b282518d6ed81826833d77c3c882d9ab608add591ccace47a44?s=96&d=mm&r=g","url":"https:\/\/secure.gravatar.com\/avatar\/bab33852abfd8b282518d6ed81826833d77c3c882d9ab608add591ccace47a44?s=96&d=mm&r=g","contentUrl":"https:\/\/secure.gravatar.com\/avatar\/bab33852abfd8b282518d6ed81826833d77c3c882d9ab608add591ccace47a44?s=96&d=mm&r=g","caption":"Kuzeyin Sesi"},"sameAs":["https:\/\/kuzeyinsesi.org"],"url":"https:\/\/kuzeyinsesi.org\/index.php\/author\/guven\/"}]}},"_links":{"self":[{"href":"https:\/\/kuzeyinsesi.org\/index.php\/wp-json\/wp\/v2\/posts\/16069","targetHints":{"allow":["GET"]}}],"collection":[{"href":"https:\/\/kuzeyinsesi.org\/index.php\/wp-json\/wp\/v2\/posts"}],"about":[{"href":"https:\/\/kuzeyinsesi.org\/index.php\/wp-json\/wp\/v2\/types\/post"}],"author":[{"embeddable":true,"href":"https:\/\/kuzeyinsesi.org\/index.php\/wp-json\/wp\/v2\/users\/1"}],"replies":[{"embeddable":true,"href":"https:\/\/kuzeyinsesi.org\/index.php\/wp-json\/wp\/v2\/comments?post=16069"}],"version-history":[{"count":0,"href":"https:\/\/kuzeyinsesi.org\/index.php\/wp-json\/wp\/v2\/posts\/16069\/revisions"}],"wp:featuredmedia":[{"embeddable":true,"href":"https:\/\/kuzeyinsesi.org\/index.php\/wp-json\/wp\/v2\/media\/16070"}],"wp:attachment":[{"href":"https:\/\/kuzeyinsesi.org\/index.php\/wp-json\/wp\/v2\/media?parent=16069"}],"wp:term":[{"taxonomy":"category","embeddable":true,"href":"https:\/\/kuzeyinsesi.org\/index.php\/wp-json\/wp\/v2\/categories?post=16069"},{"taxonomy":"post_tag","embeddable":true,"href":"https:\/\/kuzeyinsesi.org\/index.php\/wp-json\/wp\/v2\/tags?post=16069"}],"curies":[{"name":"wp","href":"https:\/\/api.w.org\/{rel}","templated":true}]}}